{"id":49278,"date":"2025-07-27T06:05:00","date_gmt":"2025-07-27T12:05:00","guid":{"rendered":"https:\/\/www.igssgt.org\/noticias\/?p=49278"},"modified":"2025-10-03T13:35:12","modified_gmt":"2025-10-03T19:35:12","slug":"formando-lideres-para-una-salud-integral","status":"publish","type":"post","link":"https:\/\/www.igssgt.org\/noticias\/2025\/07\/27\/formando-lideres-para-una-salud-integral\/","title":{"rendered":"Formando l\u00edderes para una salud integral"},"content":{"rendered":"\n<p class=\"has-drop-cap\">La transformaci\u00f3n del sistema de salud que impulsa el Instituto Guatemalteco de Seguridad Social (IGSS), incluye un componente acad\u00e9mico esencial: la formaci\u00f3n de m\u00e9dicos de familia.<\/p>\n\n\n\n<p>En alianza con la Escuela de Estudios de Postgrado de la Facultad de Medicina de la Universidad de San Carlos de Guatemala (USAC), el Instituto lanza una maestr\u00eda de dos a\u00f1os en Medicina Familiar y Comunitaria.<\/p>\n<figure id=\"attachment_49280\" aria-describedby=\"caption-attachment-49280\" style=\"width: 689px\" class=\"wp-caption alignnone\"><img loading=\"lazy\" decoding=\"async\" class=\"wp-image-49280\" src=\"\/wp-content\/uploads\/sites\/5\/2025\/07\/IGSS-Medicina-Famiiar-y-Comunitaria-Consejo-Tecnico-2025-4-300x200.jpg\" alt=\"\" width=\"689\" height=\"459\" srcset=\"\/wp-content\/uploads\/sites\/5\/2025\/07\/IGSS-Medicina-Famiiar-y-Comunitaria-Consejo-Tecnico-2025-4-300x200.jpg 300w, \/wp-content\/uploads\/sites\/5\/2025\/07\/IGSS-Medicina-Famiiar-y-Comunitaria-Consejo-Tecnico-2025-4-534x356.jpg 534w, \/wp-content\/uploads\/sites\/5\/2025\/07\/IGSS-Medicina-Famiiar-y-Comunitaria-Consejo-Tecnico-2025-4.jpg 630w\" sizes=\"auto, (max-width: 689px) 100vw, 689px\" \/><figcaption id=\"caption-attachment-49280\" class=\"wp-caption-text\">Los m\u00e9dicos se formar\u00e1n y preparar\u00e1n para liserar el cambio en la atenci\u00f3n en la salud.<\/figcaption><\/figure>\n<p>\u201cEste programa busca dotar a los m\u00e9dicos de las competencias necesarias para comprender la din\u00e1mica de un territorio, identificar los factores que determinan la salud y actuar preventivamente\u201d, destac\u00f3 Julio Vald\u00e9s, presidente del Consejo T\u00e9cnico del IGSS.<\/p>\n<p>La formaci\u00f3n est\u00e1 dise\u00f1ada para que estos profesionales puedan resolver el 80 % de las consultas de manera ambulatoria, reduciendo la presi\u00f3n sobre los hospitales.<\/p>\n<figure id=\"attachment_49281\" aria-describedby=\"caption-attachment-49281\" style=\"width: 717px\" class=\"wp-caption alignnone\"><img loading=\"lazy\" decoding=\"async\" class=\"wp-image-49281\" src=\"\/wp-content\/uploads\/sites\/5\/2025\/07\/IGSS-Medicina-Famiiar-y-Comunitaria-Consejo-Tecnico-2025-6-300x225.jpg\" alt=\"\" width=\"717\" height=\"538\" srcset=\"\/wp-content\/uploads\/sites\/5\/2025\/07\/IGSS-Medicina-Famiiar-y-Comunitaria-Consejo-Tecnico-2025-6-300x225.jpg 300w, \/wp-content\/uploads\/sites\/5\/2025\/07\/IGSS-Medicina-Famiiar-y-Comunitaria-Consejo-Tecnico-2025-6-560x420.jpg 560w, \/wp-content\/uploads\/sites\/5\/2025\/07\/IGSS-Medicina-Famiiar-y-Comunitaria-Consejo-Tecnico-2025-6-80x60.jpg 80w, \/wp-content\/uploads\/sites\/5\/2025\/07\/IGSS-Medicina-Famiiar-y-Comunitaria-Consejo-Tecnico-2025-6-696x522.jpg 696w, \/wp-content\/uploads\/sites\/5\/2025\/07\/IGSS-Medicina-Famiiar-y-Comunitaria-Consejo-Tecnico-2025-6-265x198.jpg 265w, \/wp-content\/uploads\/sites\/5\/2025\/07\/IGSS-Medicina-Famiiar-y-Comunitaria-Consejo-Tecnico-2025-6-534x401.jpg 534w, \/wp-content\/uploads\/sites\/5\/2025\/07\/IGSS-Medicina-Famiiar-y-Comunitaria-Consejo-Tecnico-2025-6.jpg 768w\" sizes=\"auto, (max-width: 717px) 100vw, 717px\" \/><figcaption id=\"caption-attachment-49281\" class=\"wp-caption-text\">La maestr\u00eda de dos a\u00f1os es clave para consolidar el modelo de medicina familiar.<\/figcaption><\/figure>\n<p>La primera cohorte de estudiantes iniciar\u00e1 en enero de 2026. \u201cEste proceso no es improvisado; ha sido el resultado de dos a\u00f1os de trabajo, seminarios, revisiones bibliogr\u00e1ficas y cooperaci\u00f3n con organismos internacionales como la OPS y la Conferencia Iberoamericana de Medicina Familiar\u201d, remarc\u00f3 el doctor Julio Vald\u00e9s.<\/p>\n<p>La profesionalizaci\u00f3n de los m\u00e9dicos es un paso vital para implementar con \u00e9xito el modelo de Medicina Familiar y Comunitaria.<\/p>\n<figure id=\"attachment_49282\" aria-describedby=\"caption-attachment-49282\" style=\"width: 728px\" class=\"wp-caption alignnone\"><img loading=\"lazy\" decoding=\"async\" class=\"wp-image-49282\" src=\"\/wp-content\/uploads\/sites\/5\/2025\/07\/IGSS-Medicina-Famiiar-y-Comunitaria-Consejo-Tecnico-2025-7-300x225.jpg\" alt=\"\" width=\"728\" height=\"546\" srcset=\"\/wp-content\/uploads\/sites\/5\/2025\/07\/IGSS-Medicina-Famiiar-y-Comunitaria-Consejo-Tecnico-2025-7-300x225.jpg 300w, \/wp-content\/uploads\/sites\/5\/2025\/07\/IGSS-Medicina-Famiiar-y-Comunitaria-Consejo-Tecnico-2025-7-80x60.jpg 80w, \/wp-content\/uploads\/sites\/5\/2025\/07\/IGSS-Medicina-Famiiar-y-Comunitaria-Consejo-Tecnico-2025-7-265x198.jpg 265w, \/wp-content\/uploads\/sites\/5\/2025\/07\/IGSS-Medicina-Famiiar-y-Comunitaria-Consejo-Tecnico-2025-7-534x401.jpg 534w, \/wp-content\/uploads\/sites\/5\/2025\/07\/IGSS-Medicina-Famiiar-y-Comunitaria-Consejo-Tecnico-2025-7.jpg 560w\" sizes=\"auto, (max-width: 728px) 100vw, 728px\" \/><figcaption id=\"caption-attachment-49282\" class=\"wp-caption-text\">El IGSS y la USAC apuestan por fortalecer el primer nivel de atenci\u00f3n en todo el pa\u00eds.<\/figcaption><\/figure>\n<p>Estos l\u00edderes en salud trabajar\u00e1n con equipos multidisciplinarios para brindar atenci\u00f3n curativa, preventiva y de promoci\u00f3n, llevando los servicios de salud a cada rinc\u00f3n del pa\u00eds con un enfoque humano y sostenible.<\/p>\n\r\n                <style type=\"text\/css\">\r\n                    \r\n                    #tdi_1  .td-doubleSlider-2 .td-item1 {\r\n                        background: url(\/wp-content\/uploads\/sites\/5\/2025\/07\/IGSS-Medicina-Famiiar-y-Comunitaria-Consejo-Tecnico-2025-1-80x60.jpg) 0 0 no-repeat;\r\n                    }\r\n                    #tdi_1  .td-doubleSlider-2 .td-item2 {\r\n                        background: url(\/wp-content\/uploads\/sites\/5\/2025\/07\/IGSS-Medicina-Famiiar-y-Comunitaria-Consejo-Tecnico-2025-2-80x60.jpg) 0 0 no-repeat;\r\n                    }\r\n                    #tdi_1  .td-doubleSlider-2 .td-item3 {\r\n                        background: url(\/wp-content\/uploads\/sites\/5\/2025\/07\/IGSS-Medicina-Famiiar-y-Comunitaria-Consejo-Tecnico-2025-8-80x60.jpeg) 0 0 no-repeat;\r\n                    }\r\n                    #tdi_1  .td-doubleSlider-2 .td-item4 {\r\n                        background: url(\/wp-content\/uploads\/sites\/5\/2025\/07\/IGSS-Medicina-Famiiar-y-Comunitaria-Consejo-Tecnico-2025-3-80x60.jpg) 0 0 no-repeat;\r\n                    }\r\n                    #tdi_1  .td-doubleSlider-2 .td-item5 {\r\n                        background: url(\/wp-content\/uploads\/sites\/5\/2025\/07\/IGSS-Medicina-Famiiar-y-Comunitaria-Consejo-Tecnico-2025-5-80x60.jpg) 0 0 no-repeat;\r\n                    }\r\n                    #tdi_1  .td-doubleSlider-2 .td-item6 {\r\n                        background: url(\/wp-content\/uploads\/sites\/5\/2025\/07\/IGSS-Medicina-Famiiar-y-Comunitaria-Consejo-Tecnico-2025-9-80x60.jpg) 0 0 no-repeat;\r\n                    }\r\n                    #tdi_1  .td-doubleSlider-2 .td-item7 {\r\n                        background: url(\/wp-content\/uploads\/sites\/5\/2025\/07\/IGSS-Medicina-Famiiar-y-Comunitaria-Consejo-Tecnico-2025-10-80x60.jpg) 0 0 no-repeat;\r\n                    }\r\n                    #tdi_1  .td-doubleSlider-2 .td-item8 {\r\n                        background: url(\/wp-content\/uploads\/sites\/5\/2025\/07\/IGSS-Medicina-Famiiar-y-Comunitaria-Consejo-Tecnico-2025-11-80x60.jpg) 0 0 no-repeat;\r\n                    }\r\n                    #tdi_1  .td-doubleSlider-2 .td-item9 {\r\n                        background: url(\/wp-content\/uploads\/sites\/5\/2025\/07\/IGSS-Medicina-Famiiar-y-Comunitaria-Consejo-Tecnico-2025-12-80x60.jpg) 0 0 no-repeat;\r\n                    }\r\n                <\/style>\r\n\r\n                <div id=\"tdi_1\" class=\"td-gallery td-slide-on-2-columns\">\r\n                    <div class=\"post_td_gallery\">\r\n                        <div class=\"td-gallery-slide-top\">\r\n                           <div class=\"td-gallery-title\">Galer\u00eda:<\/div>\r\n\r\n                            <div class=\"td-gallery-controls-wrapper\">\r\n                                <div class=\"td-gallery-slide-count\"><span class=\"td-gallery-slide-item-focus\">1<\/span> de 9<\/div>\r\n                                <div class=\"td-gallery-slide-prev-next-but\">\r\n                                    <i class = \"td-icon-left doubleSliderPrevButton\"><\/i>\r\n                                    <i class = \"td-icon-right doubleSliderNextButton\"><\/i>\r\n                                <\/div>\r\n                            <\/div>\r\n                        <\/div>\r\n\r\n                        <div class = \"td-doubleSlider-1 \">\r\n                            <div class = \"td-slider\">\r\n                                \r\n                    <div class = \"td-slide-item td-item1\">\r\n                        <figure class=\"td-slide-galery-figure td-slide-popup-gallery\">\r\n                            <a class=\"slide-gallery-image-link\" href=\"\/wp-content\/uploads\/sites\/5\/2025\/07\/IGSS-Medicina-Famiiar-y-Comunitaria-Consejo-Tecnico-2025-1.jpg\" title=\"IGSS Medicina Famiiar y Comunitaria Consejo Te\u0301cnico 2025 1\"  data-caption=\"\"  data-description=\"\">\r\n                                <img decoding=\"async\" src=\"\/wp-content\/uploads\/sites\/5\/2025\/07\/IGSS-Medicina-Famiiar-y-Comunitaria-Consejo-Tecnico-2025-1-730x420.jpg\" srcset=\"\/wp-content\/uploads\/sites\/5\/2025\/07\/IGSS-Medicina-Famiiar-y-Comunitaria-Consejo-Tecnico-2025-1-730x420.jpg 730w, \/wp-content\/uploads\/sites\/5\/2025\/07\/IGSS-Medicina-Famiiar-y-Comunitaria-Consejo-Tecnico-2025-1-300x173.jpg 300w, \/wp-content\/uploads\/sites\/5\/2025\/07\/IGSS-Medicina-Famiiar-y-Comunitaria-Consejo-Tecnico-2025-1-1024x589.jpg 1024w, \/wp-content\/uploads\/sites\/5\/2025\/07\/IGSS-Medicina-Famiiar-y-Comunitaria-Consejo-Tecnico-2025-1-768x442.jpg 768w, \/wp-content\/uploads\/sites\/5\/2025\/07\/IGSS-Medicina-Famiiar-y-Comunitaria-Consejo-Tecnico-2025-1-1536x883.jpg 1536w, \/wp-content\/uploads\/sites\/5\/2025\/07\/IGSS-Medicina-Famiiar-y-Comunitaria-Consejo-Tecnico-2025-1-696x400.jpg 696w, \/wp-content\/uploads\/sites\/5\/2025\/07\/IGSS-Medicina-Famiiar-y-Comunitaria-Consejo-Tecnico-2025-1-1068x614.jpg 1068w, \/wp-content\/uploads\/sites\/5\/2025\/07\/IGSS-Medicina-Famiiar-y-Comunitaria-Consejo-Tecnico-2025-1-534x307.jpg 534w, \/wp-content\/uploads\/sites\/5\/2025\/07\/IGSS-Medicina-Famiiar-y-Comunitaria-Consejo-Tecnico-2025-1.jpg 1920w\" sizes=\"(max-width: 730px) 100vw, 730px\" alt=\"\">\r\n                            <\/a>\r\n                            \r\n                        <\/figure>\r\n                    <\/div>\r\n                    <div class = \"td-slide-item td-item2\">\r\n                        <figure class=\"td-slide-galery-figure td-slide-popup-gallery\">\r\n                            <a class=\"slide-gallery-image-link\" href=\"\/wp-content\/uploads\/sites\/5\/2025\/07\/IGSS-Medicina-Famiiar-y-Comunitaria-Consejo-Tecnico-2025-2.jpg\" title=\"IGSS Medicina Famiiar y Comunitaria Consejo Te\u0301cnico 2025 2\"  data-caption=\"\"  data-description=\"\">\r\n                                <img decoding=\"async\" src=\"\/wp-content\/uploads\/sites\/5\/2025\/07\/IGSS-Medicina-Famiiar-y-Comunitaria-Consejo-Tecnico-2025-2-630x420.jpg\" srcset=\"\/wp-content\/uploads\/sites\/5\/2025\/07\/IGSS-Medicina-Famiiar-y-Comunitaria-Consejo-Tecnico-2025-2-630x420.jpg 630w, \/wp-content\/uploads\/sites\/5\/2025\/07\/IGSS-Medicina-Famiiar-y-Comunitaria-Consejo-Tecnico-2025-2-300x200.jpg 300w, \/wp-content\/uploads\/sites\/5\/2025\/07\/IGSS-Medicina-Famiiar-y-Comunitaria-Consejo-Tecnico-2025-2-1024x683.jpg 1024w, \/wp-content\/uploads\/sites\/5\/2025\/07\/IGSS-Medicina-Famiiar-y-Comunitaria-Consejo-Tecnico-2025-2-768x512.jpg 768w, \/wp-content\/uploads\/sites\/5\/2025\/07\/IGSS-Medicina-Famiiar-y-Comunitaria-Consejo-Tecnico-2025-2-1536x1024.jpg 1536w, \/wp-content\/uploads\/sites\/5\/2025\/07\/IGSS-Medicina-Famiiar-y-Comunitaria-Consejo-Tecnico-2025-2-696x464.jpg 696w, \/wp-content\/uploads\/sites\/5\/2025\/07\/IGSS-Medicina-Famiiar-y-Comunitaria-Consejo-Tecnico-2025-2-1068x712.jpg 1068w, \/wp-content\/uploads\/sites\/5\/2025\/07\/IGSS-Medicina-Famiiar-y-Comunitaria-Consejo-Tecnico-2025-2-534x356.jpg 534w, \/wp-content\/uploads\/sites\/5\/2025\/07\/IGSS-Medicina-Famiiar-y-Comunitaria-Consejo-Tecnico-2025-2.jpg 1920w\" sizes=\"(max-width: 630px) 100vw, 630px\" alt=\"\">\r\n                            <\/a>\r\n                            \r\n                        <\/figure>\r\n                    <\/div>\r\n                    <div class = \"td-slide-item td-item3\">\r\n                        <figure class=\"td-slide-galery-figure td-slide-popup-gallery\">\r\n                            <a class=\"slide-gallery-image-link\" href=\"\/wp-content\/uploads\/sites\/5\/2025\/07\/IGSS-Medicina-Famiiar-y-Comunitaria-Consejo-Tecnico-2025-8.jpeg\" title=\"IGSS Medicina Famiiar y Comunitaria Consejo Te\u0301cnico 2025 8\"  data-caption=\"\"  data-description=\"\">\r\n                                <img decoding=\"async\" src=\"\/wp-content\/uploads\/sites\/5\/2025\/07\/IGSS-Medicina-Famiiar-y-Comunitaria-Consejo-Tecnico-2025-8-630x420.jpeg\" srcset=\"\/wp-content\/uploads\/sites\/5\/2025\/07\/IGSS-Medicina-Famiiar-y-Comunitaria-Consejo-Tecnico-2025-8-630x420.jpeg 630w, \/wp-content\/uploads\/sites\/5\/2025\/07\/IGSS-Medicina-Famiiar-y-Comunitaria-Consejo-Tecnico-2025-8-300x200.jpeg 300w, \/wp-content\/uploads\/sites\/5\/2025\/07\/IGSS-Medicina-Famiiar-y-Comunitaria-Consejo-Tecnico-2025-8-1024x682.jpeg 1024w, \/wp-content\/uploads\/sites\/5\/2025\/07\/IGSS-Medicina-Famiiar-y-Comunitaria-Consejo-Tecnico-2025-8-768x512.jpeg 768w, \/wp-content\/uploads\/sites\/5\/2025\/07\/IGSS-Medicina-Famiiar-y-Comunitaria-Consejo-Tecnico-2025-8-1536x1023.jpeg 1536w, \/wp-content\/uploads\/sites\/5\/2025\/07\/IGSS-Medicina-Famiiar-y-Comunitaria-Consejo-Tecnico-2025-8-696x464.jpeg 696w, \/wp-content\/uploads\/sites\/5\/2025\/07\/IGSS-Medicina-Famiiar-y-Comunitaria-Consejo-Tecnico-2025-8-1068x712.jpeg 1068w, \/wp-content\/uploads\/sites\/5\/2025\/07\/IGSS-Medicina-Famiiar-y-Comunitaria-Consejo-Tecnico-2025-8-534x356.jpeg 534w, \/wp-content\/uploads\/sites\/5\/2025\/07\/IGSS-Medicina-Famiiar-y-Comunitaria-Consejo-Tecnico-2025-8.jpeg 1600w\" sizes=\"(max-width: 630px) 100vw, 630px\" alt=\"\">\r\n                            <\/a>\r\n                            \r\n                        <\/figure>\r\n                    <\/div>\r\n                    <div class = \"td-slide-item td-item4\">\r\n                        <figure class=\"td-slide-galery-figure td-slide-popup-gallery\">\r\n                            <a class=\"slide-gallery-image-link\" href=\"\/wp-content\/uploads\/sites\/5\/2025\/07\/IGSS-Medicina-Famiiar-y-Comunitaria-Consejo-Tecnico-2025-3.jpg\" title=\"IGSS Medicina Famiiar y Comunitaria Consejo Te\u0301cnico 2025 3\"  data-caption=\"\"  data-description=\"\">\r\n                                <img decoding=\"async\" src=\"\/wp-content\/uploads\/sites\/5\/2025\/07\/IGSS-Medicina-Famiiar-y-Comunitaria-Consejo-Tecnico-2025-3-630x420.jpg\" srcset=\"\/wp-content\/uploads\/sites\/5\/2025\/07\/IGSS-Medicina-Famiiar-y-Comunitaria-Consejo-Tecnico-2025-3-630x420.jpg 630w, \/wp-content\/uploads\/sites\/5\/2025\/07\/IGSS-Medicina-Famiiar-y-Comunitaria-Consejo-Tecnico-2025-3-300x200.jpg 300w, \/wp-content\/uploads\/sites\/5\/2025\/07\/IGSS-Medicina-Famiiar-y-Comunitaria-Consejo-Tecnico-2025-3-696x464.jpg 696w, \/wp-content\/uploads\/sites\/5\/2025\/07\/IGSS-Medicina-Famiiar-y-Comunitaria-Consejo-Tecnico-2025-3-534x356.jpg 534w, \/wp-content\/uploads\/sites\/5\/2025\/07\/IGSS-Medicina-Famiiar-y-Comunitaria-Consejo-Tecnico-2025-3.jpg 768w\" sizes=\"(max-width: 630px) 100vw, 630px\" alt=\"\">\r\n                            <\/a>\r\n                            \r\n                        <\/figure>\r\n                    <\/div>\r\n                    <div class = \"td-slide-item td-item5\">\r\n                        <figure class=\"td-slide-galery-figure td-slide-popup-gallery\">\r\n                            <a class=\"slide-gallery-image-link\" href=\"\/wp-content\/uploads\/sites\/5\/2025\/07\/IGSS-Medicina-Famiiar-y-Comunitaria-Consejo-Tecnico-2025-5.jpg\" title=\"IGSS Medicina Famiiar y Comunitaria Consejo Te\u0301cnico 2025 5\"  data-caption=\"\"  data-description=\"\">\r\n                                <img decoding=\"async\" src=\"\/wp-content\/uploads\/sites\/5\/2025\/07\/IGSS-Medicina-Famiiar-y-Comunitaria-Consejo-Tecnico-2025-5-590x420.jpg\" srcset=\"\/wp-content\/uploads\/sites\/5\/2025\/07\/IGSS-Medicina-Famiiar-y-Comunitaria-Consejo-Tecnico-2025-5-590x420.jpg 590w, \/wp-content\/uploads\/sites\/5\/2025\/07\/IGSS-Medicina-Famiiar-y-Comunitaria-Consejo-Tecnico-2025-5-300x213.jpg 300w, \/wp-content\/uploads\/sites\/5\/2025\/07\/IGSS-Medicina-Famiiar-y-Comunitaria-Consejo-Tecnico-2025-5-1024x729.jpg 1024w, \/wp-content\/uploads\/sites\/5\/2025\/07\/IGSS-Medicina-Famiiar-y-Comunitaria-Consejo-Tecnico-2025-5-768x547.jpg 768w, \/wp-content\/uploads\/sites\/5\/2025\/07\/IGSS-Medicina-Famiiar-y-Comunitaria-Consejo-Tecnico-2025-5-696x495.jpg 696w, \/wp-content\/uploads\/sites\/5\/2025\/07\/IGSS-Medicina-Famiiar-y-Comunitaria-Consejo-Tecnico-2025-5-100x70.jpg 100w, \/wp-content\/uploads\/sites\/5\/2025\/07\/IGSS-Medicina-Famiiar-y-Comunitaria-Consejo-Tecnico-2025-5-534x380.jpg 534w, \/wp-content\/uploads\/sites\/5\/2025\/07\/IGSS-Medicina-Famiiar-y-Comunitaria-Consejo-Tecnico-2025-5.jpg 1068w\" sizes=\"(max-width: 590px) 100vw, 590px\" alt=\"\">\r\n                            <\/a>\r\n                            \r\n                        <\/figure>\r\n                    <\/div>\r\n                    <div class = \"td-slide-item td-item6\">\r\n                        <figure class=\"td-slide-galery-figure td-slide-popup-gallery\">\r\n                            <a class=\"slide-gallery-image-link\" href=\"\/wp-content\/uploads\/sites\/5\/2025\/07\/IGSS-Medicina-Famiiar-y-Comunitaria-Consejo-Tecnico-2025-9.jpg\" title=\"IGSS Medicina Famiiar y Comunitaria Consejo Te\u0301cnico 2025 9\"  data-caption=\"\"  data-description=\"\">\r\n                                <img decoding=\"async\" src=\"\/wp-content\/uploads\/sites\/5\/2025\/07\/IGSS-Medicina-Famiiar-y-Comunitaria-Consejo-Tecnico-2025-9.jpg\" srcset=\"\/wp-content\/uploads\/sites\/5\/2025\/07\/IGSS-Medicina-Famiiar-y-Comunitaria-Consejo-Tecnico-2025-9.jpg 630w, \/wp-content\/uploads\/sites\/5\/2025\/07\/IGSS-Medicina-Famiiar-y-Comunitaria-Consejo-Tecnico-2025-9-300x200.jpg 300w, \/wp-content\/uploads\/sites\/5\/2025\/07\/IGSS-Medicina-Famiiar-y-Comunitaria-Consejo-Tecnico-2025-9-534x356.jpg 534w\" sizes=\"(max-width: 630px) 100vw, 630px\" alt=\"\">\r\n                            <\/a>\r\n                            \r\n                        <\/figure>\r\n                    <\/div>\r\n                    <div class = \"td-slide-item td-item7\">\r\n                        <figure class=\"td-slide-galery-figure td-slide-popup-gallery\">\r\n                            <a class=\"slide-gallery-image-link\" href=\"\/wp-content\/uploads\/sites\/5\/2025\/07\/IGSS-Medicina-Famiiar-y-Comunitaria-Consejo-Tecnico-2025-10.jpg\" title=\"IGSS Medicina Famiiar y Comunitaria Consejo Te\u0301cnico 2025 10\"  data-caption=\"\"  data-description=\"\">\r\n                                <img decoding=\"async\" src=\"\/wp-content\/uploads\/sites\/5\/2025\/07\/IGSS-Medicina-Famiiar-y-Comunitaria-Consejo-Tecnico-2025-10.jpg\" srcset=\"\/wp-content\/uploads\/sites\/5\/2025\/07\/IGSS-Medicina-Famiiar-y-Comunitaria-Consejo-Tecnico-2025-10.jpg 630w, \/wp-content\/uploads\/sites\/5\/2025\/07\/IGSS-Medicina-Famiiar-y-Comunitaria-Consejo-Tecnico-2025-10-300x200.jpg 300w, \/wp-content\/uploads\/sites\/5\/2025\/07\/IGSS-Medicina-Famiiar-y-Comunitaria-Consejo-Tecnico-2025-10-534x356.jpg 534w\" sizes=\"(max-width: 630px) 100vw, 630px\" alt=\"\">\r\n                            <\/a>\r\n                            \r\n                        <\/figure>\r\n                    <\/div>\r\n                    <div class = \"td-slide-item td-item8\">\r\n                        <figure class=\"td-slide-galery-figure td-slide-popup-gallery\">\r\n                            <a class=\"slide-gallery-image-link\" href=\"\/wp-content\/uploads\/sites\/5\/2025\/07\/IGSS-Medicina-Famiiar-y-Comunitaria-Consejo-Tecnico-2025-11.jpg\" title=\"IGSS Medicina Famiiar y Comunitaria Consejo Te\u0301cnico 2025 11\"  data-caption=\"\"  data-description=\"\">\r\n                                <img decoding=\"async\" src=\"\/wp-content\/uploads\/sites\/5\/2025\/07\/IGSS-Medicina-Famiiar-y-Comunitaria-Consejo-Tecnico-2025-11.jpg\" srcset=\"\/wp-content\/uploads\/sites\/5\/2025\/07\/IGSS-Medicina-Famiiar-y-Comunitaria-Consejo-Tecnico-2025-11.jpg 560w, \/wp-content\/uploads\/sites\/5\/2025\/07\/IGSS-Medicina-Famiiar-y-Comunitaria-Consejo-Tecnico-2025-11-300x225.jpg 300w, \/wp-content\/uploads\/sites\/5\/2025\/07\/IGSS-Medicina-Famiiar-y-Comunitaria-Consejo-Tecnico-2025-11-80x60.jpg 80w, \/wp-content\/uploads\/sites\/5\/2025\/07\/IGSS-Medicina-Famiiar-y-Comunitaria-Consejo-Tecnico-2025-11-265x198.jpg 265w, \/wp-content\/uploads\/sites\/5\/2025\/07\/IGSS-Medicina-Famiiar-y-Comunitaria-Consejo-Tecnico-2025-11-534x401.jpg 534w\" sizes=\"(max-width: 560px) 100vw, 560px\" alt=\"\">\r\n                            <\/a>\r\n                            \r\n                        <\/figure>\r\n                    <\/div>\r\n                    <div class = \"td-slide-item td-item9\">\r\n                        <figure class=\"td-slide-galery-figure td-slide-popup-gallery\">\r\n                            <a class=\"slide-gallery-image-link\" href=\"\/wp-content\/uploads\/sites\/5\/2025\/07\/IGSS-Medicina-Famiiar-y-Comunitaria-Consejo-Tecnico-2025-12.jpg\" title=\"IGSS Medicina Famiiar y Comunitaria Consejo Te\u0301cnico 2025 12\"  data-caption=\"\"  data-description=\"\">\r\n                                <img decoding=\"async\" src=\"\/wp-content\/uploads\/sites\/5\/2025\/07\/IGSS-Medicina-Famiiar-y-Comunitaria-Consejo-Tecnico-2025-12-747x420.jpg\" srcset=\"\/wp-content\/uploads\/sites\/5\/2025\/07\/IGSS-Medicina-Famiiar-y-Comunitaria-Consejo-Tecnico-2025-12-747x420.jpg 747w, \/wp-content\/uploads\/sites\/5\/2025\/07\/IGSS-Medicina-Famiiar-y-Comunitaria-Consejo-Tecnico-2025-12-300x169.jpg 300w, \/wp-content\/uploads\/sites\/5\/2025\/07\/IGSS-Medicina-Famiiar-y-Comunitaria-Consejo-Tecnico-2025-12-696x392.jpg 696w, \/wp-content\/uploads\/sites\/5\/2025\/07\/IGSS-Medicina-Famiiar-y-Comunitaria-Consejo-Tecnico-2025-12-534x300.jpg 534w, \/wp-content\/uploads\/sites\/5\/2025\/07\/IGSS-Medicina-Famiiar-y-Comunitaria-Consejo-Tecnico-2025-12.jpg 768w\" sizes=\"(max-width: 747px) 100vw, 747px\" alt=\"\">\r\n                            <\/a>\r\n                            \r\n                        <\/figure>\r\n                    <\/div>\r\n                            <\/div>\r\n                        <\/div>\r\n\r\n                        <div class = \"td-doubleSlider-2\">\r\n                            <div class = \"td-slider\">\r\n                                \r\n                    <div class = \"td-button td-item1\">\r\n                        <div class = \"td-border\"><\/div>\r\n                    <\/div>\r\n                    <div class = \"td-button td-item2\">\r\n                        <div class = \"td-border\"><\/div>\r\n                    <\/div>\r\n                    <div class = \"td-button td-item3\">\r\n                        <div class = \"td-border\"><\/div>\r\n                    <\/div>\r\n                    <div class = \"td-button td-item4\">\r\n                        <div class = \"td-border\"><\/div>\r\n                    <\/div>\r\n                    <div class = \"td-button td-item5\">\r\n                        <div class = \"td-border\"><\/div>\r\n                    <\/div>\r\n                    <div class = \"td-button td-item6\">\r\n                        <div class = \"td-border\"><\/div>\r\n                    <\/div>\r\n                    <div class = \"td-button td-item7\">\r\n                        <div class = \"td-border\"><\/div>\r\n                    <\/div>\r\n                    <div class = \"td-button td-item8\">\r\n                        <div class = \"td-border\"><\/div>\r\n                    <\/div>\r\n                    <div class = \"td-button td-item9\">\r\n                        <div class = \"td-border\"><\/div>\r\n                    <\/div>\r\n                            <\/div>\r\n                        <\/div>\r\n\r\n                    <\/div>\r\n\r\n                <\/div>\r\n                \n<p>\u00a0<\/p>\n","protected":false},"excerpt":{"rendered":"<p>La transformaci\u00f3n del sistema de salud que impulsa el Instituto Guatemalteco de Seguridad Social (IGSS), incluye un componente acad\u00e9mico esencial: la formaci\u00f3n de m\u00e9dicos de familia. En alianza con la Escuela de Estudios de Postgrado de la Facultad de Medicina de la Universidad de San Carlos de Guatemala (USAC), el Instituto lanza una maestr\u00eda de [&hellip;]<\/p>\n","protected":false},"author":3269,"featured_media":49279,"comment_status":"closed","ping_status":"closed","sticky":false,"template":"","format":"standard","meta":{"footnotes":""},"categories":[3,15,17,2291,2427,1291,27,31,33],"tags":[2299,2285,2298,490,2300,1533,1236,2297],"coauthors":[1970],"class_list":{"0":"post-49278","1":"post","2":"type-post","3":"status-publish","4":"format-standard","5":"has-post-thumbnail","7":"category-actualidad","8":"category-destacado","9":"category-formacion-y-desarrollo","10":"category-maestrias","11":"category-medicina-familiar-y-comunitaria","12":"category-prestaciones-en-salud","13":"category-prevencion-en-salud","14":"category-salud","15":"category-servicios-de-salud","16":"tag-conferencia-iberoamericana-de-medicina-familiar","17":"tag-consejo-tecnico-del-igss","18":"tag-facultad-de-medicina-de-la-universidad-de-san-carlos-de-guatemala-usac","19":"tag-igss","20":"tag-maestria-en-medicina-familiar-y-comunitaria","21":"tag-medicina-familiar-y-comunitaria","22":"tag-ops","23":"tag-organizacion-panamericana-de-la-salud"},"_links":{"self":[{"href":"https:\/\/www.igssgt.org\/noticias\/wp-json\/wp\/v2\/posts\/49278","targetHints":{"allow":["GET"]}}],"collection":[{"href":"https:\/\/www.igssgt.org\/noticias\/wp-json\/wp\/v2\/posts"}],"about":[{"href":"https:\/\/www.igssgt.org\/noticias\/wp-json\/wp\/v2\/types\/post"}],"author":[{"embeddable":true,"href":"https:\/\/www.igssgt.org\/noticias\/wp-json\/wp\/v2\/users\/3269"}],"replies":[{"embeddable":true,"href":"https:\/\/www.igssgt.org\/noticias\/wp-json\/wp\/v2\/comments?post=49278"}],"version-history":[{"count":1,"href":"https:\/\/www.igssgt.org\/noticias\/wp-json\/wp\/v2\/posts\/49278\/revisions"}],"predecessor-version":[{"id":49292,"href":"https:\/\/www.igssgt.org\/noticias\/wp-json\/wp\/v2\/posts\/49278\/revisions\/49292"}],"wp:featuredmedia":[{"embeddable":true,"href":"https:\/\/www.igssgt.org\/noticias\/wp-json\/wp\/v2\/media\/49279"}],"wp:attachment":[{"href":"https:\/\/www.igssgt.org\/noticias\/wp-json\/wp\/v2\/media?parent=49278"}],"wp:term":[{"taxonomy":"category","embeddable":true,"href":"https:\/\/www.igssgt.org\/noticias\/wp-json\/wp\/v2\/categories?post=49278"},{"taxonomy":"post_tag","embeddable":true,"href":"https:\/\/www.igssgt.org\/noticias\/wp-json\/wp\/v2\/tags?post=49278"},{"taxonomy":"author","embeddable":true,"href":"https:\/\/www.igssgt.org\/noticias\/wp-json\/wp\/v2\/coauthors?post=49278"}],"curies":[{"name":"wp","href":"https:\/\/api.w.org\/{rel}","templated":true}]}}