{"id":49308,"date":"2025-07-22T16:30:00","date_gmt":"2025-07-22T22:30:00","guid":{"rendered":"https:\/\/www.igssgt.org\/noticias\/?p=49308"},"modified":"2025-07-23T09:34:09","modified_gmt":"2025-07-23T15:34:09","slug":"convocatoria-de-la-plaza-promotor-en-salud-para-unidad-de-santa-barbara-suchitepequez","status":"publish","type":"post","link":"https:\/\/www.igssgt.org\/noticias\/2025\/07\/22\/convocatoria-de-la-plaza-promotor-en-salud-para-unidad-de-santa-barbara-suchitepequez\/","title":{"rendered":"Convocatoria de la plaza: Promotor en Salud para Unidad de Santa B\u00e1rbara, Suchitep\u00e9quez"},"content":{"rendered":"\n<h3>El Instituto Guatemalteco de Seguridad Social a trav\u00e9s de la Subgerencia de Recursos Humanos invita a participar en la convocatoria externa para la plaza vacante 011:<\/h3>\n<h4>Puesto: Promotor en Salud<\/h4>\n<h4>Ubicaci\u00f3n: Oficina de Adscripci\u00f3n, Acreditaci\u00f3n de Derechos y Despacho de Medicamentos de Santa B\u00e1rbara, Suchitep\u00e9quez<\/h4>\n<h4>Fecha l\u00edmite de recepci\u00f3n de solicitudes: 29 de julio de 2025<\/h4>\n<p><a href=\"\/wp-content\/uploads\/sites\/5\/2025\/07\/Convocatoria-plaza-igss-promotor-en-salud-suchitepequez-2025.jpg\"><img loading=\"lazy\" decoding=\"async\" class=\"aligncenter size-full wp-image-49309\" src=\"\/wp-content\/uploads\/sites\/5\/2025\/07\/Convocatoria-plaza-igss-promotor-en-salud-suchitepequez-2025.jpg\" alt=\"\" width=\"680\" height=\"1280\" srcset=\"\/wp-content\/uploads\/sites\/5\/2025\/07\/Convocatoria-plaza-igss-promotor-en-salud-suchitepequez-2025.jpg 680w, \/wp-content\/uploads\/sites\/5\/2025\/07\/Convocatoria-plaza-igss-promotor-en-salud-suchitepequez-2025-159x300.jpg 159w, \/wp-content\/uploads\/sites\/5\/2025\/07\/Convocatoria-plaza-igss-promotor-en-salud-suchitepequez-2025-544x1024.jpg 544w, \/wp-content\/uploads\/sites\/5\/2025\/07\/Convocatoria-plaza-igss-promotor-en-salud-suchitepequez-2025-223x420.jpg 223w, \/wp-content\/uploads\/sites\/5\/2025\/07\/Convocatoria-plaza-igss-promotor-en-salud-suchitepequez-2025-245x462.jpg 245w\" sizes=\"auto, (max-width: 680px) 100vw, 680px\" \/><\/a><\/p>\n","protected":false},"excerpt":{"rendered":"<p>Puesto: Promotor en Salud.<\/p>\n<p>Ubicaci\u00f3n: Oficina de Adscripci\u00f3n, Acreditaci\u00f3n de Derechos y Despacho de Medicamentos de Santa B\u00e1rbara, Suchitep\u00e9quez.<\/p>\n<p>Fecha l\u00edmite de recepci\u00f3n de solicitudes: 29 de julio de 2025.<\/p>\n<p>\u2b05\ufe0f Para descargar la convocatoria haga clic en la imagen.<\/p>\n","protected":false},"author":4,"featured_media":49309,"comment_status":"closed","ping_status":"closed","sticky":false,"template":"","format":"standard","meta":{"footnotes":""},"categories":[1299],"tags":[213,1300],"coauthors":[],"class_list":{"0":"post-49308","1":"post","2":"type-post","3":"status-publish","4":"format-standard","5":"has-post-thumbnail","7":"category-plazas-vacantes","8":"tag-convocatoria-plazas-igss","9":"tag-empleos-igss"},"_links":{"self":[{"href":"https:\/\/www.igssgt.org\/noticias\/wp-json\/wp\/v2\/posts\/49308","targetHints":{"allow":["GET"]}}],"collection":[{"href":"https:\/\/www.igssgt.org\/noticias\/wp-json\/wp\/v2\/posts"}],"about":[{"href":"https:\/\/www.igssgt.org\/noticias\/wp-json\/wp\/v2\/types\/post"}],"author":[{"embeddable":true,"href":"https:\/\/www.igssgt.org\/noticias\/wp-json\/wp\/v2\/users\/4"}],"replies":[{"embeddable":true,"href":"https:\/\/www.igssgt.org\/noticias\/wp-json\/wp\/v2\/comments?post=49308"}],"version-history":[{"count":1,"href":"https:\/\/www.igssgt.org\/noticias\/wp-json\/wp\/v2\/posts\/49308\/revisions"}],"predecessor-version":[{"id":49310,"href":"https:\/\/www.igssgt.org\/noticias\/wp-json\/wp\/v2\/posts\/49308\/revisions\/49310"}],"wp:featuredmedia":[{"embeddable":true,"href":"https:\/\/www.igssgt.org\/noticias\/wp-json\/wp\/v2\/media\/49309"}],"wp:attachment":[{"href":"https:\/\/www.igssgt.org\/noticias\/wp-json\/wp\/v2\/media?parent=49308"}],"wp:term":[{"taxonomy":"category","embeddable":true,"href":"https:\/\/www.igssgt.org\/noticias\/wp-json\/wp\/v2\/categories?post=49308"},{"taxonomy":"post_tag","embeddable":true,"href":"https:\/\/www.igssgt.org\/noticias\/wp-json\/wp\/v2\/tags?post=49308"},{"taxonomy":"author","embeddable":true,"href":"https:\/\/www.igssgt.org\/noticias\/wp-json\/wp\/v2\/coauthors?post=49308"}],"curies":[{"name":"wp","href":"https:\/\/api.w.org\/{rel}","templated":true}]}}