{"id":49311,"date":"2025-08-03T06:19:00","date_gmt":"2025-08-03T12:19:00","guid":{"rendered":"https:\/\/www.igssgt.org\/noticias\/?p=49311"},"modified":"2025-08-05T13:07:41","modified_gmt":"2025-08-05T19:07:41","slug":"el-igss-impulsa-la-lactancia-materna-con-espacios-amigos-en-sus-unidades","status":"publish","type":"post","link":"https:\/\/www.igssgt.org\/noticias\/2025\/08\/03\/el-igss-impulsa-la-lactancia-materna-con-espacios-amigos-en-sus-unidades\/","title":{"rendered":"El IGSS impulsa la lactancia materna con Espacios Amigos en sus unidades"},"content":{"rendered":"\n<p class=\"has-drop-cap\">Para que las trabajadoras &nbsp;del Hospital General de Accidentes Ceibal, puedan extraer su leche materna de forma segura, c\u00f3moda y digna se ha acondicionado un Espacio Amigo de la Lactancia Materna.<\/p>\n\n\n\n<p>La Dra. Mariana N\u00fa\u00f1ez, especialista en traumatolog\u00eda del hospital y madre primeriza, relat\u00f3 su experiencia utilizando el espacio desde hace m\u00e1s de dos meses: \u201cTenemos bastantes comodidades para realizar las extracciones de leche de forma manual o con bomba, como es mi caso. Es un lugar c\u00f3modo y seguro para seguir dando lactancia aunque no est\u00e9 en casa\u201d, asegur\u00f3.<\/p>\n<figure id=\"attachment_49313\" aria-describedby=\"caption-attachment-49313\" style=\"width: 716px\" class=\"wp-caption alignnone\"><img loading=\"lazy\" decoding=\"async\" class=\"wp-image-49313\" src=\"\/wp-content\/uploads\/sites\/5\/2025\/07\/IMG_1616-300x165.jpg\" alt=\"\" width=\"716\" height=\"394\" srcset=\"\/wp-content\/uploads\/sites\/5\/2025\/07\/IMG_1616-300x165.jpg 300w, \/wp-content\/uploads\/sites\/5\/2025\/07\/IMG_1616-1024x562.jpg 1024w, \/wp-content\/uploads\/sites\/5\/2025\/07\/IMG_1616-768x422.jpg 768w, \/wp-content\/uploads\/sites\/5\/2025\/07\/IMG_1616-765x420.jpg 765w, \/wp-content\/uploads\/sites\/5\/2025\/07\/IMG_1616-696x382.jpg 696w, \/wp-content\/uploads\/sites\/5\/2025\/07\/IMG_1616-1068x586.jpg 1068w, \/wp-content\/uploads\/sites\/5\/2025\/07\/IMG_1616-534x293.jpg 534w, \/wp-content\/uploads\/sites\/5\/2025\/07\/IMG_1616.jpg 1319w\" sizes=\"auto, (max-width: 716px) 100vw, 716px\" \/><figcaption id=\"caption-attachment-49313\" class=\"wp-caption-text\">Sandra Ver\u00f3nica Mach, afiliada y auxiliar de enfermer\u00eda muestra el Espacio Amigo de la Lactancia Materna a la afiliada y auxiliar de enfermer\u00eda Cindy C\u00f3rdova, quien tiene 8 meses de gestaci\u00f3n.<\/figcaption><\/figure>\n<p>La doctora M\u00f3nica Rodr\u00edguez, jefa de la Secci\u00f3n de Higiene Materno Infantil del Departamento de Medicina Preventiva, Subgerencia de Prestaciones de Salud del IGSS, indic\u00f3 que actualmente existen 20 hospitales del Seguro Social con estos espacios habilitados.<\/p>\n<p>Adem\u00e1s, resalt\u00f3 los amplios beneficios que aporta la lactancia tanto para la madre como para el beb\u00e9:<\/p>\n<blockquote>\n<p>\u201cLa lactancia reduce enfermedades infantiles y cr\u00f3nicas, mejora el desarrollo cognitivo, previene el s\u00edndrome de muerte s\u00fabita y fortalece el v\u00ednculo madre-hijo\u201d, doctora M\u00f3nica Rodr\u00edguez, jefa de la Secci\u00f3n de Higiene Materno Infantil.<\/p>\n<\/blockquote>\n<p>Entre los beneficios destacados para los beb\u00e9s y ni\u00f1os peque\u00f1os se encuentra su mayor probabilidad de sobrevivencia y desarrollo integral. La leche materna promueve el desarrollo saludable del cerebro, previene la desnutrici\u00f3n, infecciones y mortalidad, y reduce riesgos de obesidad y enfermedades cr\u00f3nicas a futuro. Tambi\u00e9n influye en el desarrollo de la estructura craneofacial y ayuda a prevenir maloclusiones dentales.<\/p>\n<figure id=\"attachment_49314\" aria-describedby=\"caption-attachment-49314\" style=\"width: 688px\" class=\"wp-caption alignnone\"><img loading=\"lazy\" decoding=\"async\" class=\"wp-image-49314\" src=\"\/wp-content\/uploads\/sites\/5\/2025\/07\/Captura-de-Pantalla-2025-07-23-a-las-12.13.00-300x278.png\" alt=\"\" width=\"688\" height=\"638\" srcset=\"\/wp-content\/uploads\/sites\/5\/2025\/07\/Captura-de-Pantalla-2025-07-23-a-las-12.13.00-300x278.png 300w, \/wp-content\/uploads\/sites\/5\/2025\/07\/Captura-de-Pantalla-2025-07-23-a-las-12.13.00-2048x1895.png 2048w, \/wp-content\/uploads\/sites\/5\/2025\/07\/Captura-de-Pantalla-2025-07-23-a-las-12.13.00-454x420.png 454w, \/wp-content\/uploads\/sites\/5\/2025\/07\/Captura-de-Pantalla-2025-07-23-a-las-12.13.00-696x644.png 696w, \/wp-content\/uploads\/sites\/5\/2025\/07\/Captura-de-Pantalla-2025-07-23-a-las-12.13.00-499x462.png 499w\" sizes=\"auto, (max-width: 688px) 100vw, 688px\" \/><figcaption id=\"caption-attachment-49314\" class=\"wp-caption-text\">El Espacio Amigo de la Lactancia Materna cuenta con lavamanos, refrigeradora, accesorios para rotular la leche y trifoliares con informaci\u00f3n.<\/figcaption><\/figure>\n<p>Para las madres, la lactancia ayuda a prevenir enfermedades como el c\u00e1ncer de mama y ovario, la diabetes tipo 2 y afecciones cardiovasculares, adem\u00e1s de disminuir el estr\u00e9s fisiol\u00f3gico.<\/p>\n<p>Sandra Ver\u00f3nica Mach, auxiliar de enfermer\u00eda y afiliada del IGSS, agradeci\u00f3 la implementaci\u00f3n de este espacio en el Hospital Ceibal: \u201cFue muy especial para m\u00ed en el proceso de la recaudaci\u00f3n de leche para mi beb\u00e9. Invito a las futuras madres a hacer uso del espacio, el cual cuenta con refrigeradora, lavamanos, papel, jab\u00f3n y todo lo necesario para rotular la leche de manera segura\u201d.<\/p>\n<p>Por su parte, la Dra. Priscila Coy, pediatra y coordinadora del Comit\u00e9 de Lactancia Materna del hospital, record\u00f3 que cada a\u00f1o, del 1 al 7 de agosto, se celebra la Semana Mundial de la Lactancia Materna. Este a\u00f1o, el lema es \u00abPrioricemos la lactancia materna,\u00a0 construyendo sistemas de apoyo sostenible\u00bb.<\/p>\n<figure id=\"attachment_49315\" aria-describedby=\"caption-attachment-49315\" style=\"width: 644px\" class=\"wp-caption alignnone\"><img loading=\"lazy\" decoding=\"async\" class=\"wp-image-49315\" src=\"\/wp-content\/uploads\/sites\/5\/2025\/07\/IGSS-Hospital-General-de-Accidentes-Ceibal-Espacios-Amigos-de-la-Lactancia-Materna-2025-1-200x300.jpg\" alt=\"\" width=\"644\" height=\"966\" srcset=\"\/wp-content\/uploads\/sites\/5\/2025\/07\/IGSS-Hospital-General-de-Accidentes-Ceibal-Espacios-Amigos-de-la-Lactancia-Materna-2025-1-200x300.jpg 200w, \/wp-content\/uploads\/sites\/5\/2025\/07\/IGSS-Hospital-General-de-Accidentes-Ceibal-Espacios-Amigos-de-la-Lactancia-Materna-2025-1-682x1024.jpg 682w, \/wp-content\/uploads\/sites\/5\/2025\/07\/IGSS-Hospital-General-de-Accidentes-Ceibal-Espacios-Amigos-de-la-Lactancia-Materna-2025-1-768x1153.jpg 768w, \/wp-content\/uploads\/sites\/5\/2025\/07\/IGSS-Hospital-General-de-Accidentes-Ceibal-Espacios-Amigos-de-la-Lactancia-Materna-2025-1-1023x1536.jpg 1023w, \/wp-content\/uploads\/sites\/5\/2025\/07\/IGSS-Hospital-General-de-Accidentes-Ceibal-Espacios-Amigos-de-la-Lactancia-Materna-2025-1-280x420.jpg 280w, \/wp-content\/uploads\/sites\/5\/2025\/07\/IGSS-Hospital-General-de-Accidentes-Ceibal-Espacios-Amigos-de-la-Lactancia-Materna-2025-1-696x1045.jpg 696w, \/wp-content\/uploads\/sites\/5\/2025\/07\/IGSS-Hospital-General-de-Accidentes-Ceibal-Espacios-Amigos-de-la-Lactancia-Materna-2025-1-308x462.jpg 308w, \/wp-content\/uploads\/sites\/5\/2025\/07\/IGSS-Hospital-General-de-Accidentes-Ceibal-Espacios-Amigos-de-la-Lactancia-Materna-2025-1.jpg 1066w\" sizes=\"auto, (max-width: 644px) 100vw, 644px\" \/><figcaption id=\"caption-attachment-49315\" class=\"wp-caption-text\">El Comit\u00e9 de Lactancia Materna tiene programado varias actividades dirigidas a afiliadas, derechohabientes y personal del Ceibal, del 1 al 7 de agosto.<\/figcaption><\/figure>\n<p><img loading=\"lazy\" decoding=\"async\" class=\"alignnone  wp-image-49322\" src=\"\/wp-content\/uploads\/sites\/5\/2025\/07\/IGSS-Hospital-General-de-Accidentes-Ceibal-Espacios-Amigos-de-la-Lactancia-Materna-2025-6-207x300.jpg\" alt=\"\" width=\"639\" height=\"926\" srcset=\"\/wp-content\/uploads\/sites\/5\/2025\/07\/IGSS-Hospital-General-de-Accidentes-Ceibal-Espacios-Amigos-de-la-Lactancia-Materna-2025-6-207x300.jpg 207w, \/wp-content\/uploads\/sites\/5\/2025\/07\/IGSS-Hospital-General-de-Accidentes-Ceibal-Espacios-Amigos-de-la-Lactancia-Materna-2025-6-289x420.jpg 289w, \/wp-content\/uploads\/sites\/5\/2025\/07\/IGSS-Hospital-General-de-Accidentes-Ceibal-Espacios-Amigos-de-la-Lactancia-Materna-2025-6-318x462.jpg 318w\" sizes=\"auto, (max-width: 639px) 100vw, 639px\" \/><\/p>\n<p>En la Unidad se tendr\u00e1 una programaci\u00f3n especial durante esta semana con actividades dirigidas a afiliadas, derechohabientes y personal del hospital.<\/p>\n<p>El IGSS est\u00e1 comprometido con la creaci\u00f3n de entornos laborales que apoyan y valoran esta pr\u00e1ctica vital para la salud p\u00fablica.<\/p>\n\r\n                <style type=\"text\/css\">\r\n                    \r\n                    #tdi_1  .td-doubleSlider-2 .td-item1 {\r\n                        background: url(\/wp-content\/uploads\/sites\/5\/2025\/07\/IGSS-Hospital-General-de-Accidentes-Ceibal-Espacios-Amigos-de-la-Lactancia-Materna-2025-0-80x60.jpg) 0 0 no-repeat;\r\n                    }\r\n                    #tdi_1  .td-doubleSlider-2 .td-item2 {\r\n                        background: url(\/wp-content\/uploads\/sites\/5\/2025\/07\/IGSS-Hospital-General-de-Accidentes-Ceibal-Espacios-Amigos-de-la-Lactancia-Materna-2025-9-80x60.jpg) 0 0 no-repeat;\r\n                    }\r\n                    #tdi_1  .td-doubleSlider-2 .td-item3 {\r\n                        background: url(\/wp-content\/uploads\/sites\/5\/2025\/07\/IGSS-Hospital-General-de-Accidentes-Ceibal-Espacios-Amigos-de-la-Lactancia-Materna-2025-3-80x60.jpg) 0 0 no-repeat;\r\n                    }\r\n                    #tdi_1  .td-doubleSlider-2 .td-item4 {\r\n                        background: url(\/wp-content\/uploads\/sites\/5\/2025\/07\/IGSS-Hospital-General-de-Accidentes-Ceibal-Espacios-Amigos-de-la-Lactancia-Materna-2025-10-80x60.jpg) 0 0 no-repeat;\r\n                    }\r\n                    #tdi_1  .td-doubleSlider-2 .td-item5 {\r\n                        background: url(\/wp-content\/uploads\/sites\/5\/2025\/07\/IGSS-Hospital-General-de-Accidentes-Ceibal-Espacios-Amigos-de-la-Lactancia-Materna-2025-4-80x60.jpg) 0 0 no-repeat;\r\n                    }\r\n                    #tdi_1  .td-doubleSlider-2 .td-item6 {\r\n                        background: url(\/wp-content\/uploads\/sites\/5\/2025\/07\/IGSS-Hospital-General-de-Accidentes-Ceibal-Espacios-Amigos-de-la-Lactancia-Materna-2025-2-80x60.jpg) 0 0 no-repeat;\r\n                    }\r\n                <\/style>\r\n\r\n                <div id=\"tdi_1\" class=\"td-gallery td-slide-on-2-columns\">\r\n                    <div class=\"post_td_gallery\">\r\n                        <div class=\"td-gallery-slide-top\">\r\n                           <div class=\"td-gallery-title\">Galer\u00eda de fotos:<\/div>\r\n\r\n                            <div class=\"td-gallery-controls-wrapper\">\r\n                                <div class=\"td-gallery-slide-count\"><span class=\"td-gallery-slide-item-focus\">1<\/span> de 6<\/div>\r\n                                <div class=\"td-gallery-slide-prev-next-but\">\r\n                                    <i class = \"td-icon-left doubleSliderPrevButton\"><\/i>\r\n                                    <i class = \"td-icon-right doubleSliderNextButton\"><\/i>\r\n                                <\/div>\r\n                            <\/div>\r\n                        <\/div>\r\n\r\n                        <div class = \"td-doubleSlider-1 \">\r\n                            <div class = \"td-slider\">\r\n                                \r\n                    <div class = \"td-slide-item td-item1\">\r\n                        <figure class=\"td-slide-galery-figure td-slide-popup-gallery\">\r\n                            <a class=\"slide-gallery-image-link\" href=\"\/wp-content\/uploads\/sites\/5\/2025\/07\/IGSS-Hospital-General-de-Accidentes-Ceibal-Espacios-Amigos-de-la-Lactancia-Materna-2025-0.jpg\" title=\"IGSS Hospital General de Accidentes Ceibal, Espacios Amigos de la Lactancia Materna 2025 0\"  data-caption=\"\"  data-description=\"\">\r\n                                <img decoding=\"async\" src=\"\/wp-content\/uploads\/sites\/5\/2025\/07\/IGSS-Hospital-General-de-Accidentes-Ceibal-Espacios-Amigos-de-la-Lactancia-Materna-2025-0-560x420.jpg\" srcset=\"\/wp-content\/uploads\/sites\/5\/2025\/07\/IGSS-Hospital-General-de-Accidentes-Ceibal-Espacios-Amigos-de-la-Lactancia-Materna-2025-0-560x420.jpg 560w, \/wp-content\/uploads\/sites\/5\/2025\/07\/IGSS-Hospital-General-de-Accidentes-Ceibal-Espacios-Amigos-de-la-Lactancia-Materna-2025-0-300x225.jpg 300w, \/wp-content\/uploads\/sites\/5\/2025\/07\/IGSS-Hospital-General-de-Accidentes-Ceibal-Espacios-Amigos-de-la-Lactancia-Materna-2025-0-1024x768.jpg 1024w, \/wp-content\/uploads\/sites\/5\/2025\/07\/IGSS-Hospital-General-de-Accidentes-Ceibal-Espacios-Amigos-de-la-Lactancia-Materna-2025-0-768x576.jpg 768w, \/wp-content\/uploads\/sites\/5\/2025\/07\/IGSS-Hospital-General-de-Accidentes-Ceibal-Espacios-Amigos-de-la-Lactancia-Materna-2025-0-80x60.jpg 80w, \/wp-content\/uploads\/sites\/5\/2025\/07\/IGSS-Hospital-General-de-Accidentes-Ceibal-Espacios-Amigos-de-la-Lactancia-Materna-2025-0-696x522.jpg 696w, \/wp-content\/uploads\/sites\/5\/2025\/07\/IGSS-Hospital-General-de-Accidentes-Ceibal-Espacios-Amigos-de-la-Lactancia-Materna-2025-0-1068x801.jpg 1068w, \/wp-content\/uploads\/sites\/5\/2025\/07\/IGSS-Hospital-General-de-Accidentes-Ceibal-Espacios-Amigos-de-la-Lactancia-Materna-2025-0-265x198.jpg 265w, \/wp-content\/uploads\/sites\/5\/2025\/07\/IGSS-Hospital-General-de-Accidentes-Ceibal-Espacios-Amigos-de-la-Lactancia-Materna-2025-0-534x401.jpg 534w, \/wp-content\/uploads\/sites\/5\/2025\/07\/IGSS-Hospital-General-de-Accidentes-Ceibal-Espacios-Amigos-de-la-Lactancia-Materna-2025-0.jpg 1280w\" sizes=\"(max-width: 560px) 100vw, 560px\" alt=\"\">\r\n                            <\/a>\r\n                            \r\n                        <\/figure>\r\n                    <\/div>\r\n                    <div class = \"td-slide-item td-item2\">\r\n                        <figure class=\"td-slide-galery-figure td-slide-popup-gallery\">\r\n                            <a class=\"slide-gallery-image-link\" href=\"\/wp-content\/uploads\/sites\/5\/2025\/07\/IGSS-Hospital-General-de-Accidentes-Ceibal-Espacios-Amigos-de-la-Lactancia-Materna-2025-9.jpg\" title=\"IGSS Hospital General de Accidentes Ceibal, Espacios Amigos de la Lactancia Materna 2025 9\"  data-caption=\"\"  data-description=\"\">\r\n                                <img decoding=\"async\" src=\"\/wp-content\/uploads\/sites\/5\/2025\/07\/IGSS-Hospital-General-de-Accidentes-Ceibal-Espacios-Amigos-de-la-Lactancia-Materna-2025-9-560x420.jpg\" srcset=\"\/wp-content\/uploads\/sites\/5\/2025\/07\/IGSS-Hospital-General-de-Accidentes-Ceibal-Espacios-Amigos-de-la-Lactancia-Materna-2025-9-560x420.jpg 560w, \/wp-content\/uploads\/sites\/5\/2025\/07\/IGSS-Hospital-General-de-Accidentes-Ceibal-Espacios-Amigos-de-la-Lactancia-Materna-2025-9-300x225.jpg 300w, \/wp-content\/uploads\/sites\/5\/2025\/07\/IGSS-Hospital-General-de-Accidentes-Ceibal-Espacios-Amigos-de-la-Lactancia-Materna-2025-9-1024x768.jpg 1024w, \/wp-content\/uploads\/sites\/5\/2025\/07\/IGSS-Hospital-General-de-Accidentes-Ceibal-Espacios-Amigos-de-la-Lactancia-Materna-2025-9-768x576.jpg 768w, \/wp-content\/uploads\/sites\/5\/2025\/07\/IGSS-Hospital-General-de-Accidentes-Ceibal-Espacios-Amigos-de-la-Lactancia-Materna-2025-9-1536x1152.jpg 1536w, \/wp-content\/uploads\/sites\/5\/2025\/07\/IGSS-Hospital-General-de-Accidentes-Ceibal-Espacios-Amigos-de-la-Lactancia-Materna-2025-9-2048x1536.jpg 2048w, \/wp-content\/uploads\/sites\/5\/2025\/07\/IGSS-Hospital-General-de-Accidentes-Ceibal-Espacios-Amigos-de-la-Lactancia-Materna-2025-9-80x60.jpg 80w, \/wp-content\/uploads\/sites\/5\/2025\/07\/IGSS-Hospital-General-de-Accidentes-Ceibal-Espacios-Amigos-de-la-Lactancia-Materna-2025-9-696x522.jpg 696w, \/wp-content\/uploads\/sites\/5\/2025\/07\/IGSS-Hospital-General-de-Accidentes-Ceibal-Espacios-Amigos-de-la-Lactancia-Materna-2025-9-1068x801.jpg 1068w, \/wp-content\/uploads\/sites\/5\/2025\/07\/IGSS-Hospital-General-de-Accidentes-Ceibal-Espacios-Amigos-de-la-Lactancia-Materna-2025-9-1920x1440.jpg 1920w, \/wp-content\/uploads\/sites\/5\/2025\/07\/IGSS-Hospital-General-de-Accidentes-Ceibal-Espacios-Amigos-de-la-Lactancia-Materna-2025-9-265x198.jpg 265w, \/wp-content\/uploads\/sites\/5\/2025\/07\/IGSS-Hospital-General-de-Accidentes-Ceibal-Espacios-Amigos-de-la-Lactancia-Materna-2025-9-534x401.jpg 534w\" sizes=\"(max-width: 560px) 100vw, 560px\" alt=\"\">\r\n                            <\/a>\r\n                            \r\n                        <\/figure>\r\n                    <\/div>\r\n                    <div class = \"td-slide-item td-item3\">\r\n                        <figure class=\"td-slide-galery-figure td-slide-popup-gallery\">\r\n                            <a class=\"slide-gallery-image-link\" href=\"\/wp-content\/uploads\/sites\/5\/2025\/07\/IGSS-Hospital-General-de-Accidentes-Ceibal-Espacios-Amigos-de-la-Lactancia-Materna-2025-3.jpg\" title=\"IGSS Hospital General de Accidentes Ceibal, Espacios Amigos de la Lactancia Materna 2025 3\"  data-caption=\"\"  data-description=\"\">\r\n                                <img decoding=\"async\" src=\"\/wp-content\/uploads\/sites\/5\/2025\/07\/IGSS-Hospital-General-de-Accidentes-Ceibal-Espacios-Amigos-de-la-Lactancia-Materna-2025-3-560x420.jpg\" srcset=\"\/wp-content\/uploads\/sites\/5\/2025\/07\/IGSS-Hospital-General-de-Accidentes-Ceibal-Espacios-Amigos-de-la-Lactancia-Materna-2025-3-560x420.jpg 560w, \/wp-content\/uploads\/sites\/5\/2025\/07\/IGSS-Hospital-General-de-Accidentes-Ceibal-Espacios-Amigos-de-la-Lactancia-Materna-2025-3-300x225.jpg 300w, \/wp-content\/uploads\/sites\/5\/2025\/07\/IGSS-Hospital-General-de-Accidentes-Ceibal-Espacios-Amigos-de-la-Lactancia-Materna-2025-3-1024x768.jpg 1024w, \/wp-content\/uploads\/sites\/5\/2025\/07\/IGSS-Hospital-General-de-Accidentes-Ceibal-Espacios-Amigos-de-la-Lactancia-Materna-2025-3-768x576.jpg 768w, \/wp-content\/uploads\/sites\/5\/2025\/07\/IGSS-Hospital-General-de-Accidentes-Ceibal-Espacios-Amigos-de-la-Lactancia-Materna-2025-3-80x60.jpg 80w, \/wp-content\/uploads\/sites\/5\/2025\/07\/IGSS-Hospital-General-de-Accidentes-Ceibal-Espacios-Amigos-de-la-Lactancia-Materna-2025-3-696x522.jpg 696w, \/wp-content\/uploads\/sites\/5\/2025\/07\/IGSS-Hospital-General-de-Accidentes-Ceibal-Espacios-Amigos-de-la-Lactancia-Materna-2025-3-1068x801.jpg 1068w, \/wp-content\/uploads\/sites\/5\/2025\/07\/IGSS-Hospital-General-de-Accidentes-Ceibal-Espacios-Amigos-de-la-Lactancia-Materna-2025-3-265x198.jpg 265w, \/wp-content\/uploads\/sites\/5\/2025\/07\/IGSS-Hospital-General-de-Accidentes-Ceibal-Espacios-Amigos-de-la-Lactancia-Materna-2025-3-534x401.jpg 534w, \/wp-content\/uploads\/sites\/5\/2025\/07\/IGSS-Hospital-General-de-Accidentes-Ceibal-Espacios-Amigos-de-la-Lactancia-Materna-2025-3.jpg 1280w\" sizes=\"(max-width: 560px) 100vw, 560px\" alt=\"\">\r\n                            <\/a>\r\n                            \r\n                        <\/figure>\r\n                    <\/div>\r\n                    <div class = \"td-slide-item td-item4\">\r\n                        <figure class=\"td-slide-galery-figure td-slide-popup-gallery\">\r\n                            <a class=\"slide-gallery-image-link\" href=\"\/wp-content\/uploads\/sites\/5\/2025\/07\/IGSS-Hospital-General-de-Accidentes-Ceibal-Espacios-Amigos-de-la-Lactancia-Materna-2025-10.jpg\" title=\"IGSS Hospital General de Accidentes Ceibal, Espacios Amigos de la Lactancia Materna 2025 10\"  data-caption=\"\"  data-description=\"\">\r\n                                <img decoding=\"async\" src=\"\/wp-content\/uploads\/sites\/5\/2025\/07\/IGSS-Hospital-General-de-Accidentes-Ceibal-Espacios-Amigos-de-la-Lactancia-Materna-2025-10-484x420.jpg\" srcset=\"\/wp-content\/uploads\/sites\/5\/2025\/07\/IGSS-Hospital-General-de-Accidentes-Ceibal-Espacios-Amigos-de-la-Lactancia-Materna-2025-10-484x420.jpg 484w, \/wp-content\/uploads\/sites\/5\/2025\/07\/IGSS-Hospital-General-de-Accidentes-Ceibal-Espacios-Amigos-de-la-Lactancia-Materna-2025-10-300x260.jpg 300w, \/wp-content\/uploads\/sites\/5\/2025\/07\/IGSS-Hospital-General-de-Accidentes-Ceibal-Espacios-Amigos-de-la-Lactancia-Materna-2025-10-1024x888.jpg 1024w, \/wp-content\/uploads\/sites\/5\/2025\/07\/IGSS-Hospital-General-de-Accidentes-Ceibal-Espacios-Amigos-de-la-Lactancia-Materna-2025-10-768x666.jpg 768w, \/wp-content\/uploads\/sites\/5\/2025\/07\/IGSS-Hospital-General-de-Accidentes-Ceibal-Espacios-Amigos-de-la-Lactancia-Materna-2025-10-1536x1332.jpg 1536w, \/wp-content\/uploads\/sites\/5\/2025\/07\/IGSS-Hospital-General-de-Accidentes-Ceibal-Espacios-Amigos-de-la-Lactancia-Materna-2025-10-696x603.jpg 696w, \/wp-content\/uploads\/sites\/5\/2025\/07\/IGSS-Hospital-General-de-Accidentes-Ceibal-Espacios-Amigos-de-la-Lactancia-Materna-2025-10-1068x926.jpg 1068w, \/wp-content\/uploads\/sites\/5\/2025\/07\/IGSS-Hospital-General-de-Accidentes-Ceibal-Espacios-Amigos-de-la-Lactancia-Materna-2025-10-534x462.jpg 534w, \/wp-content\/uploads\/sites\/5\/2025\/07\/IGSS-Hospital-General-de-Accidentes-Ceibal-Espacios-Amigos-de-la-Lactancia-Materna-2025-10.jpg 1600w\" sizes=\"(max-width: 484px) 100vw, 484px\" alt=\"\">\r\n                            <\/a>\r\n                            \r\n                        <\/figure>\r\n                    <\/div>\r\n                    <div class = \"td-slide-item td-item5\">\r\n                        <figure class=\"td-slide-galery-figure td-slide-popup-gallery\">\r\n                            <a class=\"slide-gallery-image-link\" href=\"\/wp-content\/uploads\/sites\/5\/2025\/07\/IGSS-Hospital-General-de-Accidentes-Ceibal-Espacios-Amigos-de-la-Lactancia-Materna-2025-4.jpg\" title=\"IGSS Hospital General de Accidentes Ceibal, Espacios Amigos de la Lactancia Materna 2025 4\"  data-caption=\"\"  data-description=\"\">\r\n                                <img decoding=\"async\" src=\"\/wp-content\/uploads\/sites\/5\/2025\/07\/IGSS-Hospital-General-de-Accidentes-Ceibal-Espacios-Amigos-de-la-Lactancia-Materna-2025-4-560x420.jpg\" srcset=\"\/wp-content\/uploads\/sites\/5\/2025\/07\/IGSS-Hospital-General-de-Accidentes-Ceibal-Espacios-Amigos-de-la-Lactancia-Materna-2025-4-560x420.jpg 560w, \/wp-content\/uploads\/sites\/5\/2025\/07\/IGSS-Hospital-General-de-Accidentes-Ceibal-Espacios-Amigos-de-la-Lactancia-Materna-2025-4-300x225.jpg 300w, \/wp-content\/uploads\/sites\/5\/2025\/07\/IGSS-Hospital-General-de-Accidentes-Ceibal-Espacios-Amigos-de-la-Lactancia-Materna-2025-4-1024x768.jpg 1024w, \/wp-content\/uploads\/sites\/5\/2025\/07\/IGSS-Hospital-General-de-Accidentes-Ceibal-Espacios-Amigos-de-la-Lactancia-Materna-2025-4-768x576.jpg 768w, \/wp-content\/uploads\/sites\/5\/2025\/07\/IGSS-Hospital-General-de-Accidentes-Ceibal-Espacios-Amigos-de-la-Lactancia-Materna-2025-4-80x60.jpg 80w, \/wp-content\/uploads\/sites\/5\/2025\/07\/IGSS-Hospital-General-de-Accidentes-Ceibal-Espacios-Amigos-de-la-Lactancia-Materna-2025-4-696x522.jpg 696w, \/wp-content\/uploads\/sites\/5\/2025\/07\/IGSS-Hospital-General-de-Accidentes-Ceibal-Espacios-Amigos-de-la-Lactancia-Materna-2025-4-1068x801.jpg 1068w, \/wp-content\/uploads\/sites\/5\/2025\/07\/IGSS-Hospital-General-de-Accidentes-Ceibal-Espacios-Amigos-de-la-Lactancia-Materna-2025-4-265x198.jpg 265w, \/wp-content\/uploads\/sites\/5\/2025\/07\/IGSS-Hospital-General-de-Accidentes-Ceibal-Espacios-Amigos-de-la-Lactancia-Materna-2025-4-534x401.jpg 534w, \/wp-content\/uploads\/sites\/5\/2025\/07\/IGSS-Hospital-General-de-Accidentes-Ceibal-Espacios-Amigos-de-la-Lactancia-Materna-2025-4.jpg 1280w\" sizes=\"(max-width: 560px) 100vw, 560px\" alt=\"\">\r\n                            <\/a>\r\n                            \r\n                        <\/figure>\r\n                    <\/div>\r\n                    <div class = \"td-slide-item td-item6\">\r\n                        <figure class=\"td-slide-galery-figure td-slide-popup-gallery\">\r\n                            <a class=\"slide-gallery-image-link\" href=\"\/wp-content\/uploads\/sites\/5\/2025\/07\/IGSS-Hospital-General-de-Accidentes-Ceibal-Espacios-Amigos-de-la-Lactancia-Materna-2025-2.jpg\" title=\"IGSS Hospital General de Accidentes Ceibal, Espacios Amigos de la Lactancia Materna 2025 2\"  data-caption=\"\"  data-description=\"\">\r\n                                <img decoding=\"async\" src=\"\/wp-content\/uploads\/sites\/5\/2025\/07\/IGSS-Hospital-General-de-Accidentes-Ceibal-Espacios-Amigos-de-la-Lactancia-Materna-2025-2-560x420.jpg\" srcset=\"\/wp-content\/uploads\/sites\/5\/2025\/07\/IGSS-Hospital-General-de-Accidentes-Ceibal-Espacios-Amigos-de-la-Lactancia-Materna-2025-2-560x420.jpg 560w, \/wp-content\/uploads\/sites\/5\/2025\/07\/IGSS-Hospital-General-de-Accidentes-Ceibal-Espacios-Amigos-de-la-Lactancia-Materna-2025-2-300x225.jpg 300w, \/wp-content\/uploads\/sites\/5\/2025\/07\/IGSS-Hospital-General-de-Accidentes-Ceibal-Espacios-Amigos-de-la-Lactancia-Materna-2025-2-1024x768.jpg 1024w, \/wp-content\/uploads\/sites\/5\/2025\/07\/IGSS-Hospital-General-de-Accidentes-Ceibal-Espacios-Amigos-de-la-Lactancia-Materna-2025-2-768x576.jpg 768w, \/wp-content\/uploads\/sites\/5\/2025\/07\/IGSS-Hospital-General-de-Accidentes-Ceibal-Espacios-Amigos-de-la-Lactancia-Materna-2025-2-80x60.jpg 80w, \/wp-content\/uploads\/sites\/5\/2025\/07\/IGSS-Hospital-General-de-Accidentes-Ceibal-Espacios-Amigos-de-la-Lactancia-Materna-2025-2-696x522.jpg 696w, \/wp-content\/uploads\/sites\/5\/2025\/07\/IGSS-Hospital-General-de-Accidentes-Ceibal-Espacios-Amigos-de-la-Lactancia-Materna-2025-2-1068x801.jpg 1068w, \/wp-content\/uploads\/sites\/5\/2025\/07\/IGSS-Hospital-General-de-Accidentes-Ceibal-Espacios-Amigos-de-la-Lactancia-Materna-2025-2-265x198.jpg 265w, \/wp-content\/uploads\/sites\/5\/2025\/07\/IGSS-Hospital-General-de-Accidentes-Ceibal-Espacios-Amigos-de-la-Lactancia-Materna-2025-2-534x401.jpg 534w, \/wp-content\/uploads\/sites\/5\/2025\/07\/IGSS-Hospital-General-de-Accidentes-Ceibal-Espacios-Amigos-de-la-Lactancia-Materna-2025-2.jpg 1280w\" sizes=\"(max-width: 560px) 100vw, 560px\" alt=\"\">\r\n                            <\/a>\r\n                            \r\n                        <\/figure>\r\n                    <\/div>\r\n                            <\/div>\r\n                        <\/div>\r\n\r\n                        <div class = \"td-doubleSlider-2\">\r\n                            <div class = \"td-slider\">\r\n                                \r\n                    <div class = \"td-button td-item1\">\r\n                        <div class = \"td-border\"><\/div>\r\n                    <\/div>\r\n                    <div class = \"td-button td-item2\">\r\n                        <div class = \"td-border\"><\/div>\r\n                    <\/div>\r\n                    <div class = \"td-button td-item3\">\r\n                        <div class = \"td-border\"><\/div>\r\n                    <\/div>\r\n                    <div class = \"td-button td-item4\">\r\n                        <div class = \"td-border\"><\/div>\r\n                    <\/div>\r\n                    <div class = \"td-button td-item5\">\r\n                        <div class = \"td-border\"><\/div>\r\n                    <\/div>\r\n                    <div class = \"td-button td-item6\">\r\n                        <div class = \"td-border\"><\/div>\r\n                    <\/div>\r\n                            <\/div>\r\n                        <\/div>\r\n\r\n                    <\/div>\r\n\r\n                <\/div>\r\n                \n<p>\u00a0<\/p>\n","protected":false},"excerpt":{"rendered":"<p>Para que las trabajadoras &nbsp;del Hospital General de Accidentes Ceibal, puedan extraer su leche materna de forma segura, c\u00f3moda y digna se ha acondicionado un Espacio Amigo de la Lactancia Materna. La Dra. Mariana N\u00fa\u00f1ez, especialista en traumatolog\u00eda del hospital y madre primeriza, relat\u00f3 su experiencia utilizando el espacio desde hace m\u00e1s de dos meses: [&hellip;]<\/p>\n","protected":false},"author":3269,"featured_media":49312,"comment_status":"closed","ping_status":"closed","sticky":false,"template":"","format":"standard","meta":{"footnotes":""},"categories":[3,4,1130,15,1240,24,27,31,33,36],"tags":[1589,1758,480,490,555,556,783],"coauthors":[1970],"class_list":{"0":"post-49311","1":"post","2":"type-post","3":"status-publish","4":"format-standard","5":"has-post-thumbnail","7":"category-actualidad","8":"category-afiliados","9":"category-consejos-medicos","10":"category-destacado","11":"category-lactancia-materna","12":"category-pediatria","13":"category-prevencion-en-salud","14":"category-salud","15":"category-servicios-de-salud","16":"category-unidades-medicas","17":"tag-espacio-amigo-de-la-lactancia-materna","18":"tag-espacios-amigos","19":"tag-hospital-general-de-accidentes-ceibal","20":"tag-igss","21":"tag-lactancia-materna","22":"tag-lactancia-materna-igss","23":"tag-semana-mundial-de-la-lactancia-materna"},"_links":{"self":[{"href":"https:\/\/www.igssgt.org\/noticias\/wp-json\/wp\/v2\/posts\/49311","targetHints":{"allow":["GET"]}}],"collection":[{"href":"https:\/\/www.igssgt.org\/noticias\/wp-json\/wp\/v2\/posts"}],"about":[{"href":"https:\/\/www.igssgt.org\/noticias\/wp-json\/wp\/v2\/types\/post"}],"author":[{"embeddable":true,"href":"https:\/\/www.igssgt.org\/noticias\/wp-json\/wp\/v2\/users\/3269"}],"replies":[{"embeddable":true,"href":"https:\/\/www.igssgt.org\/noticias\/wp-json\/wp\/v2\/comments?post=49311"}],"version-history":[{"count":2,"href":"https:\/\/www.igssgt.org\/noticias\/wp-json\/wp\/v2\/posts\/49311\/revisions"}],"predecessor-version":[{"id":49464,"href":"https:\/\/www.igssgt.org\/noticias\/wp-json\/wp\/v2\/posts\/49311\/revisions\/49464"}],"wp:featuredmedia":[{"embeddable":true,"href":"https:\/\/www.igssgt.org\/noticias\/wp-json\/wp\/v2\/media\/49312"}],"wp:attachment":[{"href":"https:\/\/www.igssgt.org\/noticias\/wp-json\/wp\/v2\/media?parent=49311"}],"wp:term":[{"taxonomy":"category","embeddable":true,"href":"https:\/\/www.igssgt.org\/noticias\/wp-json\/wp\/v2\/categories?post=49311"},{"taxonomy":"post_tag","embeddable":true,"href":"https:\/\/www.igssgt.org\/noticias\/wp-json\/wp\/v2\/tags?post=49311"},{"taxonomy":"author","embeddable":true,"href":"https:\/\/www.igssgt.org\/noticias\/wp-json\/wp\/v2\/coauthors?post=49311"}],"curies":[{"name":"wp","href":"https:\/\/api.w.org\/{rel}","templated":true}]}}