{"id":49324,"date":"2025-07-24T06:09:00","date_gmt":"2025-07-24T12:09:00","guid":{"rendered":"https:\/\/www.igssgt.org\/noticias\/?p=49324"},"modified":"2025-07-23T12:58:20","modified_gmt":"2025-07-23T18:58:20","slug":"conversatorio-entre-profesionales-de-la-psicologia-en-el-hge","status":"publish","type":"post","link":"https:\/\/www.igssgt.org\/noticias\/2025\/07\/24\/conversatorio-entre-profesionales-de-la-psicologia-en-el-hge\/","title":{"rendered":"<strong>Conversatorio entre profesionales de la psicolog\u00eda en el HGE<\/strong>"},"content":{"rendered":"\n<p class=\"has-drop-cap\">En conmemoraci\u00f3n del D\u00eda del Psic\u00f3logo en Guatemala, el Hospital General de Enfermedades del IGSS, organiz\u00f3 un conversatorio especial titulado \u201cCafecito entre colegas\u201d, con el objetivo de reflexionar sobre su valioso aporte al Hospital y a la sociedad en el tema de la salud mental.<\/p>\n\n\n\n<p><\/p>\n\n\n\n<figure id=\"attachment_49326\" aria-describedby=\"caption-attachment-49326\" style=\"width: 715px\" class=\"wp-caption alignnone\"><img loading=\"lazy\" decoding=\"async\" class=\"wp-image-49326\" src=\"\/wp-content\/uploads\/sites\/5\/2025\/07\/IGSS-Hospital-General-de-Enfermedades-Dia-del-Psocologo-en-Guatemala1-300x225.jpg\" alt=\"\" width=\"715\" height=\"536\" srcset=\"\/wp-content\/uploads\/sites\/5\/2025\/07\/IGSS-Hospital-General-de-Enfermedades-Dia-del-Psocologo-en-Guatemala1-300x225.jpg 300w, \/wp-content\/uploads\/sites\/5\/2025\/07\/IGSS-Hospital-General-de-Enfermedades-Dia-del-Psocologo-en-Guatemala1-1024x768.jpg 1024w, \/wp-content\/uploads\/sites\/5\/2025\/07\/IGSS-Hospital-General-de-Enfermedades-Dia-del-Psocologo-en-Guatemala1-768x576.jpg 768w, \/wp-content\/uploads\/sites\/5\/2025\/07\/IGSS-Hospital-General-de-Enfermedades-Dia-del-Psocologo-en-Guatemala1-1536x1152.jpg 1536w, \/wp-content\/uploads\/sites\/5\/2025\/07\/IGSS-Hospital-General-de-Enfermedades-Dia-del-Psocologo-en-Guatemala1-560x420.jpg 560w, \/wp-content\/uploads\/sites\/5\/2025\/07\/IGSS-Hospital-General-de-Enfermedades-Dia-del-Psocologo-en-Guatemala1-80x60.jpg 80w, \/wp-content\/uploads\/sites\/5\/2025\/07\/IGSS-Hospital-General-de-Enfermedades-Dia-del-Psocologo-en-Guatemala1-696x522.jpg 696w, \/wp-content\/uploads\/sites\/5\/2025\/07\/IGSS-Hospital-General-de-Enfermedades-Dia-del-Psocologo-en-Guatemala1-1068x801.jpg 1068w, \/wp-content\/uploads\/sites\/5\/2025\/07\/IGSS-Hospital-General-de-Enfermedades-Dia-del-Psocologo-en-Guatemala1-265x198.jpg 265w, \/wp-content\/uploads\/sites\/5\/2025\/07\/IGSS-Hospital-General-de-Enfermedades-Dia-del-Psocologo-en-Guatemala1-534x401.jpg 534w, \/wp-content\/uploads\/sites\/5\/2025\/07\/IGSS-Hospital-General-de-Enfermedades-Dia-del-Psocologo-en-Guatemala1.jpg 1600w\" sizes=\"auto, (max-width: 715px) 100vw, 715px\" \/><figcaption id=\"caption-attachment-49326\" class=\"wp-caption-text\">El acompa\u00f1amiento psicol\u00f3gico hacia los pacientes en el HGE se vuelve fundamental cuando atraviesan un proceso m\u00e9dico y durante el tiempo de hospitalizaci\u00f3n.<\/figcaption><\/figure>\n<p>La actividad reuni\u00f3 a psic\u00f3logas de las \u00e1reas de Medicina Interna, Cirug\u00eda y Pediatr\u00eda, quienes participaron compartiendo an\u00e9cdotas e historias, que han marcado la carrera de cada una de ellas, principalmente en la atenci\u00f3n de pacientes dentro de la Unidad Hospitalaria y fuera de ella.<\/p>\n<p>Durante la actividad se abordaron temas como: el desaf\u00edo emocional en la labor como psic\u00f3logos, c\u00f3mo cuidar la salud mental de un psic\u00f3logo mientras se cuida la de alguien m\u00e1s, evoluci\u00f3n de la psicolog\u00eda y el tab\u00fa de ella en nuestra sociedad, entre otros.<\/p>\n<figure id=\"attachment_49327\" aria-describedby=\"caption-attachment-49327\" style=\"width: 709px\" class=\"wp-caption alignnone\"><img loading=\"lazy\" decoding=\"async\" class=\"wp-image-49327\" src=\"\/wp-content\/uploads\/sites\/5\/2025\/07\/IGSS-Hospital-General-de-Enfermedades-Dia-del-Psocologo-en-Guatemala2-300x225.jpg\" alt=\"\" width=\"709\" height=\"532\" srcset=\"\/wp-content\/uploads\/sites\/5\/2025\/07\/IGSS-Hospital-General-de-Enfermedades-Dia-del-Psocologo-en-Guatemala2-300x225.jpg 300w, \/wp-content\/uploads\/sites\/5\/2025\/07\/IGSS-Hospital-General-de-Enfermedades-Dia-del-Psocologo-en-Guatemala2-1024x768.jpg 1024w, \/wp-content\/uploads\/sites\/5\/2025\/07\/IGSS-Hospital-General-de-Enfermedades-Dia-del-Psocologo-en-Guatemala2-768x576.jpg 768w, \/wp-content\/uploads\/sites\/5\/2025\/07\/IGSS-Hospital-General-de-Enfermedades-Dia-del-Psocologo-en-Guatemala2-1536x1152.jpg 1536w, \/wp-content\/uploads\/sites\/5\/2025\/07\/IGSS-Hospital-General-de-Enfermedades-Dia-del-Psocologo-en-Guatemala2-560x420.jpg 560w, \/wp-content\/uploads\/sites\/5\/2025\/07\/IGSS-Hospital-General-de-Enfermedades-Dia-del-Psocologo-en-Guatemala2-80x60.jpg 80w, \/wp-content\/uploads\/sites\/5\/2025\/07\/IGSS-Hospital-General-de-Enfermedades-Dia-del-Psocologo-en-Guatemala2-696x522.jpg 696w, \/wp-content\/uploads\/sites\/5\/2025\/07\/IGSS-Hospital-General-de-Enfermedades-Dia-del-Psocologo-en-Guatemala2-1068x801.jpg 1068w, \/wp-content\/uploads\/sites\/5\/2025\/07\/IGSS-Hospital-General-de-Enfermedades-Dia-del-Psocologo-en-Guatemala2-265x198.jpg 265w, \/wp-content\/uploads\/sites\/5\/2025\/07\/IGSS-Hospital-General-de-Enfermedades-Dia-del-Psocologo-en-Guatemala2-534x401.jpg 534w, \/wp-content\/uploads\/sites\/5\/2025\/07\/IGSS-Hospital-General-de-Enfermedades-Dia-del-Psocologo-en-Guatemala2.jpg 1600w\" sizes=\"auto, (max-width: 709px) 100vw, 709px\" \/><figcaption id=\"caption-attachment-49327\" class=\"wp-caption-text\">En ocasiones, los familiares tambi\u00e9n necesitan de un acompa\u00f1amiento psicol\u00f3gico para aceptar la enfermedad de un familiar.<\/figcaption><\/figure>\n<p>\u201cEl psic\u00f3logo no solo escucha, tambi\u00e9n acompa\u00f1a, orienta y fortalece. En contextos dif\u00edciles, nuestra labor se vuelve a\u00fan m\u00e1s necesaria\u201d, expres\u00f3 durante su intervenci\u00f3n la Dra. Ligia Paiz, psic\u00f3loga del \u00c1rea de Adultos.<\/p>\n<p>La actividad tambi\u00e9n incluy\u00f3 un espacio interactivo para compartir experiencias que han cambiado la vida de cada una de ellas y eventos profesionales donde se \u00a0destac\u00f3 el compromiso, vocaci\u00f3n y sensibilidad humana.<\/p>\n<figure id=\"attachment_49328\" aria-describedby=\"caption-attachment-49328\" style=\"width: 708px\" class=\"wp-caption alignnone\"><img loading=\"lazy\" decoding=\"async\" class=\"wp-image-49328\" src=\"\/wp-content\/uploads\/sites\/5\/2025\/07\/IGSS-Hospital-General-de-Enfermedades-Dia-del-Psocologo-en-Guatemala3-300x227.jpg\" alt=\"\" width=\"708\" height=\"536\" srcset=\"\/wp-content\/uploads\/sites\/5\/2025\/07\/IGSS-Hospital-General-de-Enfermedades-Dia-del-Psocologo-en-Guatemala3-300x227.jpg 300w, \/wp-content\/uploads\/sites\/5\/2025\/07\/IGSS-Hospital-General-de-Enfermedades-Dia-del-Psocologo-en-Guatemala3-1024x776.jpg 1024w, \/wp-content\/uploads\/sites\/5\/2025\/07\/IGSS-Hospital-General-de-Enfermedades-Dia-del-Psocologo-en-Guatemala3-768x582.jpg 768w, \/wp-content\/uploads\/sites\/5\/2025\/07\/IGSS-Hospital-General-de-Enfermedades-Dia-del-Psocologo-en-Guatemala3-554x420.jpg 554w, \/wp-content\/uploads\/sites\/5\/2025\/07\/IGSS-Hospital-General-de-Enfermedades-Dia-del-Psocologo-en-Guatemala3-80x60.jpg 80w, \/wp-content\/uploads\/sites\/5\/2025\/07\/IGSS-Hospital-General-de-Enfermedades-Dia-del-Psocologo-en-Guatemala3-696x528.jpg 696w, \/wp-content\/uploads\/sites\/5\/2025\/07\/IGSS-Hospital-General-de-Enfermedades-Dia-del-Psocologo-en-Guatemala3-1068x810.jpg 1068w, \/wp-content\/uploads\/sites\/5\/2025\/07\/IGSS-Hospital-General-de-Enfermedades-Dia-del-Psocologo-en-Guatemala3-534x405.jpg 534w, \/wp-content\/uploads\/sites\/5\/2025\/07\/IGSS-Hospital-General-de-Enfermedades-Dia-del-Psocologo-en-Guatemala3.jpg 1331w\" sizes=\"auto, (max-width: 708px) 100vw, 708px\" \/><figcaption id=\"caption-attachment-49328\" class=\"wp-caption-text\">El IGSS prioriza la importancia de la salud mental del afiliado, beneficiarios y derechohabientes por ello cuenta con profesionales de psicolog\u00eda en sus diferentes unidades m\u00e9dicas.<\/figcaption><\/figure>\n<p>El conversatorio concluy\u00f3 con un llamado a promover la salud mental en todas las \u00e1reas del Hospital y a seguir fortaleciendo el papel del psic\u00f3logo dentro de nuestra Instituci\u00f3n.<\/p>\n\n\n\n<p><\/p>\n","protected":false},"excerpt":{"rendered":"<p>En conmemoraci\u00f3n del D\u00eda del Psic\u00f3logo en Guatemala, el Hospital General de Enfermedades del IGSS, organiz\u00f3 un conversatorio especial titulado \u201cCafecito entre colegas\u201d, con el objetivo de reflexionar sobre su valioso aporte al Hospital y a la sociedad en el tema de la salud mental. La actividad reuni\u00f3 a psic\u00f3logas de las \u00e1reas de Medicina [&hellip;]<\/p>\n","protected":false},"author":3269,"featured_media":49325,"comment_status":"closed","ping_status":"closed","sticky":false,"template":"","format":"standard","meta":{"footnotes":""},"categories":[3,17,27,31,33],"tags":[2301,481,490],"coauthors":[1970],"class_list":{"0":"post-49324","1":"post","2":"type-post","3":"status-publish","4":"format-standard","5":"has-post-thumbnail","7":"category-actualidad","8":"category-formacion-y-desarrollo","9":"category-prevencion-en-salud","10":"category-salud","11":"category-servicios-de-salud","12":"tag-dia-del-psicologo-en-guatemala","13":"tag-hospital-general-de-enfermedades","14":"tag-igss"},"_links":{"self":[{"href":"https:\/\/www.igssgt.org\/noticias\/wp-json\/wp\/v2\/posts\/49324","targetHints":{"allow":["GET"]}}],"collection":[{"href":"https:\/\/www.igssgt.org\/noticias\/wp-json\/wp\/v2\/posts"}],"about":[{"href":"https:\/\/www.igssgt.org\/noticias\/wp-json\/wp\/v2\/types\/post"}],"author":[{"embeddable":true,"href":"https:\/\/www.igssgt.org\/noticias\/wp-json\/wp\/v2\/users\/3269"}],"replies":[{"embeddable":true,"href":"https:\/\/www.igssgt.org\/noticias\/wp-json\/wp\/v2\/comments?post=49324"}],"version-history":[{"count":1,"href":"https:\/\/www.igssgt.org\/noticias\/wp-json\/wp\/v2\/posts\/49324\/revisions"}],"predecessor-version":[{"id":49329,"href":"https:\/\/www.igssgt.org\/noticias\/wp-json\/wp\/v2\/posts\/49324\/revisions\/49329"}],"wp:featuredmedia":[{"embeddable":true,"href":"https:\/\/www.igssgt.org\/noticias\/wp-json\/wp\/v2\/media\/49325"}],"wp:attachment":[{"href":"https:\/\/www.igssgt.org\/noticias\/wp-json\/wp\/v2\/media?parent=49324"}],"wp:term":[{"taxonomy":"category","embeddable":true,"href":"https:\/\/www.igssgt.org\/noticias\/wp-json\/wp\/v2\/categories?post=49324"},{"taxonomy":"post_tag","embeddable":true,"href":"https:\/\/www.igssgt.org\/noticias\/wp-json\/wp\/v2\/tags?post=49324"},{"taxonomy":"author","embeddable":true,"href":"https:\/\/www.igssgt.org\/noticias\/wp-json\/wp\/v2\/coauthors?post=49324"}],"curies":[{"name":"wp","href":"https:\/\/api.w.org\/{rel}","templated":true}]}}