{"id":49330,"date":"2025-07-28T06:00:00","date_gmt":"2025-07-28T12:00:00","guid":{"rendered":"https:\/\/www.igssgt.org\/noticias\/?p=49330"},"modified":"2025-07-23T15:29:01","modified_gmt":"2025-07-23T21:29:01","slug":"prevenir-detectar-y-tratar-la-hepatitis-a-tiempo-puede-salvar-vidas","status":"publish","type":"post","link":"https:\/\/www.igssgt.org\/noticias\/2025\/07\/28\/prevenir-detectar-y-tratar-la-hepatitis-a-tiempo-puede-salvar-vidas\/","title":{"rendered":"Prevenir, detectar y tratar la hepatitis a tiempo puede salvar vidas"},"content":{"rendered":"\n<p class=\"has-drop-cap\">La hepatitis es una inflamaci\u00f3n del h\u00edgado que puede tener m\u00faltiples causas, desde infecciones virales hasta enfermedades cong\u00e9nitas o metab\u00f3licas. Su forma m\u00e1s com\u00fan la hepatitis viral sigue siendo un desaf\u00edo global de salud p\u00fablica.<\/p>\n\n\n\n<p>La doctora Grecia Celis, gastroenter\u00f3loga de la Unidad de Consulta Externa de Especialidades M\u00e9dico \u2013 Quir\u00fargicas Gerona, explic\u00f3 que este grupo de enfermedades afecta a m\u00e1s de 300 millones de personas en el mundo. \u00abAunque muchas veces es silenciosa, la hepatitis puede detectarse si prestamos atenci\u00f3n a los signos de alarma y buscamos ayuda m\u00e9dica oportuna\u00bb.<\/p>\n<figure id=\"attachment_49339\" aria-describedby=\"caption-attachment-49339\" style=\"width: 722px\" class=\"wp-caption alignnone\"><img loading=\"lazy\" decoding=\"async\" class=\"wp-image-49339\" src=\"\/wp-content\/uploads\/sites\/5\/2025\/07\/IGSS-Unidad-de-Consulta-Externa-Gerona-Dia-Mundial-contra-la-Hepatitis-20256-300x200.jpg\" alt=\"\" width=\"722\" height=\"481\" srcset=\"\/wp-content\/uploads\/sites\/5\/2025\/07\/IGSS-Unidad-de-Consulta-Externa-Gerona-Dia-Mundial-contra-la-Hepatitis-20256-300x200.jpg 300w, \/wp-content\/uploads\/sites\/5\/2025\/07\/IGSS-Unidad-de-Consulta-Externa-Gerona-Dia-Mundial-contra-la-Hepatitis-20256-1024x683.jpg 1024w, \/wp-content\/uploads\/sites\/5\/2025\/07\/IGSS-Unidad-de-Consulta-Externa-Gerona-Dia-Mundial-contra-la-Hepatitis-20256-768x512.jpg 768w, \/wp-content\/uploads\/sites\/5\/2025\/07\/IGSS-Unidad-de-Consulta-Externa-Gerona-Dia-Mundial-contra-la-Hepatitis-20256-630x420.jpg 630w, \/wp-content\/uploads\/sites\/5\/2025\/07\/IGSS-Unidad-de-Consulta-Externa-Gerona-Dia-Mundial-contra-la-Hepatitis-20256-696x464.jpg 696w, \/wp-content\/uploads\/sites\/5\/2025\/07\/IGSS-Unidad-de-Consulta-Externa-Gerona-Dia-Mundial-contra-la-Hepatitis-20256-534x356.jpg 534w, \/wp-content\/uploads\/sites\/5\/2025\/07\/IGSS-Unidad-de-Consulta-Externa-Gerona-Dia-Mundial-contra-la-Hepatitis-20256.jpg 1068w\" sizes=\"auto, (max-width: 722px) 100vw, 722px\" \/><figcaption id=\"caption-attachment-49339\" class=\"wp-caption-text\">El lavado de manos, la higiene y la prevenci\u00f3n son claves para evitar formas graves de hepatitis, especialmente en comunidades vulnerables.<\/figcaption><\/figure>\n<p>Las hepatitis virales m\u00e1s conocidas son la A, B y C. La hepatitis A se transmite por v\u00eda fecal-oral, principalmente por alimentos contaminados o falta de higiene, mientras que las hepatitis B y C pueden transmitirse por contacto con sangre infectada, art\u00edculos punzocortantes o durante las relaciones sexuales sin protecci\u00f3n.<\/p>\n<p>Entre los s\u00edntomas m\u00e1s frecuentes, la doctora destac\u00f3 el malestar general, fiebre, dolor abdominal, articulaciones inflamadas y manifestaciones m\u00e1s espec\u00edficas como la ictericia (coloraci\u00f3n amarilla de piel y ojos), coluria (orina oscura) y acolia (heces blanquecinas). \u201cEstos signos indican un da\u00f1o hep\u00e1tico que no debe pasarse por alto\u201d, subray\u00f3.<\/p>\n<figure id=\"attachment_49334\" aria-describedby=\"caption-attachment-49334\" style=\"width: 714px\" class=\"wp-caption alignnone\"><img loading=\"lazy\" decoding=\"async\" class=\"wp-image-49334\" src=\"\/wp-content\/uploads\/sites\/5\/2025\/07\/IGSS-Unidad-de-Consulta-Externa-Gerona-Dia-Mundial-contra-la-Hepatitis-20254-300x200.jpeg\" alt=\"\" width=\"714\" height=\"476\" srcset=\"\/wp-content\/uploads\/sites\/5\/2025\/07\/IGSS-Unidad-de-Consulta-Externa-Gerona-Dia-Mundial-contra-la-Hepatitis-20254-300x200.jpeg 300w, \/wp-content\/uploads\/sites\/5\/2025\/07\/IGSS-Unidad-de-Consulta-Externa-Gerona-Dia-Mundial-contra-la-Hepatitis-20254-1024x682.jpeg 1024w, \/wp-content\/uploads\/sites\/5\/2025\/07\/IGSS-Unidad-de-Consulta-Externa-Gerona-Dia-Mundial-contra-la-Hepatitis-20254-768x512.jpeg 768w, \/wp-content\/uploads\/sites\/5\/2025\/07\/IGSS-Unidad-de-Consulta-Externa-Gerona-Dia-Mundial-contra-la-Hepatitis-20254-1536x1023.jpeg 1536w, \/wp-content\/uploads\/sites\/5\/2025\/07\/IGSS-Unidad-de-Consulta-Externa-Gerona-Dia-Mundial-contra-la-Hepatitis-20254-630x420.jpeg 630w, \/wp-content\/uploads\/sites\/5\/2025\/07\/IGSS-Unidad-de-Consulta-Externa-Gerona-Dia-Mundial-contra-la-Hepatitis-20254-696x464.jpeg 696w, \/wp-content\/uploads\/sites\/5\/2025\/07\/IGSS-Unidad-de-Consulta-Externa-Gerona-Dia-Mundial-contra-la-Hepatitis-20254-1068x712.jpeg 1068w, \/wp-content\/uploads\/sites\/5\/2025\/07\/IGSS-Unidad-de-Consulta-Externa-Gerona-Dia-Mundial-contra-la-Hepatitis-20254-534x356.jpeg 534w, \/wp-content\/uploads\/sites\/5\/2025\/07\/IGSS-Unidad-de-Consulta-Externa-Gerona-Dia-Mundial-contra-la-Hepatitis-20254.jpeg 1600w\" sizes=\"auto, (max-width: 714px) 100vw, 714px\" \/><figcaption id=\"caption-attachment-49334\" class=\"wp-caption-text\">Ictericia, coluria y acolia son signos que pueden advertir un da\u00f1o hep\u00e1tico, si los nota consulte a un m\u00e9dico de inmediato.<\/figcaption><\/figure>\n<p>Es posible curarla<\/p>\n<p>En cuanto al tratamiento, la hepatitis A no requiere un manejo farmacol\u00f3gico espec\u00edfico, pero s\u00ed seguimiento m\u00e9dico constante. En cuanto a las hepatitis B y C s\u00ed pueden tratarse, incluso curarse. \u201cCon control adecuado, las personas pueden llevar una vida completamente normal\u201d, aclar\u00f3 la especialista.<\/p>\n<p>Para reducir los riesgos, la doctora Celis recomienda medidas de prevenci\u00f3n como el lavado de manos, consumir alimentos en lugares higi\u00e9nicos, evitar compartir objetos personales como rasuradoras o cepillos de dientes, y utilizar protecci\u00f3n durante las relaciones sexuales.<\/p>\n<figure id=\"attachment_49335\" aria-describedby=\"caption-attachment-49335\" style=\"width: 701px\" class=\"wp-caption alignnone\"><img loading=\"lazy\" decoding=\"async\" class=\"wp-image-49335\" src=\"\/wp-content\/uploads\/sites\/5\/2025\/07\/IGSS-Unidad-de-Consulta-Externa-Gerona-Dia-Mundial-contra-la-Hepatitis-20251-300x200.jpeg\" alt=\"\" width=\"701\" height=\"467\" srcset=\"\/wp-content\/uploads\/sites\/5\/2025\/07\/IGSS-Unidad-de-Consulta-Externa-Gerona-Dia-Mundial-contra-la-Hepatitis-20251-300x200.jpeg 300w, \/wp-content\/uploads\/sites\/5\/2025\/07\/IGSS-Unidad-de-Consulta-Externa-Gerona-Dia-Mundial-contra-la-Hepatitis-20251-1024x682.jpeg 1024w, \/wp-content\/uploads\/sites\/5\/2025\/07\/IGSS-Unidad-de-Consulta-Externa-Gerona-Dia-Mundial-contra-la-Hepatitis-20251-768x512.jpeg 768w, \/wp-content\/uploads\/sites\/5\/2025\/07\/IGSS-Unidad-de-Consulta-Externa-Gerona-Dia-Mundial-contra-la-Hepatitis-20251-1536x1023.jpeg 1536w, \/wp-content\/uploads\/sites\/5\/2025\/07\/IGSS-Unidad-de-Consulta-Externa-Gerona-Dia-Mundial-contra-la-Hepatitis-20251-630x420.jpeg 630w, \/wp-content\/uploads\/sites\/5\/2025\/07\/IGSS-Unidad-de-Consulta-Externa-Gerona-Dia-Mundial-contra-la-Hepatitis-20251-696x464.jpeg 696w, \/wp-content\/uploads\/sites\/5\/2025\/07\/IGSS-Unidad-de-Consulta-Externa-Gerona-Dia-Mundial-contra-la-Hepatitis-20251-1068x712.jpeg 1068w, \/wp-content\/uploads\/sites\/5\/2025\/07\/IGSS-Unidad-de-Consulta-Externa-Gerona-Dia-Mundial-contra-la-Hepatitis-20251-534x356.jpeg 534w, \/wp-content\/uploads\/sites\/5\/2025\/07\/IGSS-Unidad-de-Consulta-Externa-Gerona-Dia-Mundial-contra-la-Hepatitis-20251.jpeg 1600w\" sizes=\"auto, (max-width: 701px) 100vw, 701px\" \/><figcaption id=\"caption-attachment-49335\" class=\"wp-caption-text\">La doctora Grecia Celis, gastroenter\u00f3loga del IGSS de Especialidades Gerona, llama a reconocer los signos de alarma de la hepatitis y no dejar pasar los s\u00edntomas.<\/figcaption><\/figure>\n<p>En este D\u00eda Mundial contra la Hepatitis, la especialista del IGSS hizo un llamado a la acci\u00f3n:<br \/>\u201cEs importante saber que la hepatitis es una enfermedad que muchas veces tiene cura. Es por eso que tenemos que llegar al punto de reconocer los signos de alarma y si los presentamos, consultar con un profesional de la salud, no dejarlo pasar y tener todas las medidas de prevenci\u00f3n\u201d, finaliz\u00f3.<\/p>\n\r\n                <style type=\"text\/css\">\r\n                    \r\n                    #tdi_1  .td-doubleSlider-2 .td-item1 {\r\n                        background: url(\/wp-content\/uploads\/sites\/5\/2025\/07\/IGSS-Unidad-de-Consulta-Externa-Gerona-Dia-Mundial-contra-la-Hepatitis-202511-80x60.jpg) 0 0 no-repeat;\r\n                    }\r\n                    #tdi_1  .td-doubleSlider-2 .td-item2 {\r\n                        background: url(\/wp-content\/uploads\/sites\/5\/2025\/07\/IGSS-Unidad-de-Consulta-Externa-Gerona-Dia-Mundial-contra-la-Hepatitis-20253-80x60.jpeg) 0 0 no-repeat;\r\n                    }\r\n                    #tdi_1  .td-doubleSlider-2 .td-item3 {\r\n                        background: url(\/wp-content\/uploads\/sites\/5\/2025\/07\/IGSS-Unidad-de-Consulta-Externa-Gerona-Dia-Mundial-contra-la-Hepatitis-20257-80x60.jpeg) 0 0 no-repeat;\r\n                    }\r\n                    #tdi_1  .td-doubleSlider-2 .td-item4 {\r\n                        background: url(\/wp-content\/uploads\/sites\/5\/2025\/07\/IGSS-Unidad-de-Consulta-Externa-Gerona-Dia-Mundial-contra-la-Hepatitis-20256-80x60.jpg) 0 0 no-repeat;\r\n                    }\r\n                    #tdi_1  .td-doubleSlider-2 .td-item5 {\r\n                        background: url(\/wp-content\/uploads\/sites\/5\/2025\/07\/IGSS-Unidad-de-Consulta-Externa-Gerona-Dia-Mundial-contra-la-Hepatitis-20258-80x60.jpg) 0 0 no-repeat;\r\n                    }\r\n                    #tdi_1  .td-doubleSlider-2 .td-item6 {\r\n                        background: url(\/wp-content\/uploads\/sites\/5\/2025\/07\/IGSS-Unidad-de-Consulta-Externa-Gerona-Dia-Mundial-contra-la-Hepatitis-20250-80x60.jpeg) 0 0 no-repeat;\r\n                    }\r\n                    #tdi_1  .td-doubleSlider-2 .td-item7 {\r\n                        background: url(\/wp-content\/uploads\/sites\/5\/2025\/07\/IGSS-Unidad-de-Consulta-Externa-Gerona-Dia-Mundial-contra-la-Hepatitis-20259-80x60.jpg) 0 0 no-repeat;\r\n                    }\r\n                    #tdi_1  .td-doubleSlider-2 .td-item8 {\r\n                        background: url(\/wp-content\/uploads\/sites\/5\/2025\/07\/IGSS-Unidad-de-Consulta-Externa-Gerona-Dia-Mundial-contra-la-Hepatitis-202510-80x60.jpg) 0 0 no-repeat;\r\n                    }\r\n                <\/style>\r\n\r\n                <div id=\"tdi_1\" class=\"td-gallery td-slide-on-2-columns\">\r\n                    <div class=\"post_td_gallery\">\r\n                        <div class=\"td-gallery-slide-top\">\r\n                           <div class=\"td-gallery-title\">Galer\u00eda de im\u00e1genes:<\/div>\r\n\r\n                            <div class=\"td-gallery-controls-wrapper\">\r\n                                <div class=\"td-gallery-slide-count\"><span class=\"td-gallery-slide-item-focus\">1<\/span> de 8<\/div>\r\n                                <div class=\"td-gallery-slide-prev-next-but\">\r\n                                    <i class = \"td-icon-left doubleSliderPrevButton\"><\/i>\r\n                                    <i class = \"td-icon-right doubleSliderNextButton\"><\/i>\r\n                                <\/div>\r\n                            <\/div>\r\n                        <\/div>\r\n\r\n                        <div class = \"td-doubleSlider-1 \">\r\n                            <div class = \"td-slider\">\r\n                                \r\n                    <div class = \"td-slide-item td-item1\">\r\n                        <figure class=\"td-slide-galery-figure td-slide-popup-gallery\">\r\n                            <a class=\"slide-gallery-image-link\" href=\"\/wp-content\/uploads\/sites\/5\/2025\/07\/IGSS-Unidad-de-Consulta-Externa-Gerona-Dia-Mundial-contra-la-Hepatitis-202511.jpg\" title=\"IGSS Unidad de Consulta Externa Gerona Di\u0301a Mundial contra la Hepatitis 202511\"  data-caption=\"\"  data-description=\"\">\r\n                                <img decoding=\"async\" src=\"\/wp-content\/uploads\/sites\/5\/2025\/07\/IGSS-Unidad-de-Consulta-Externa-Gerona-Dia-Mundial-contra-la-Hepatitis-202511-594x420.jpg\" srcset=\"\/wp-content\/uploads\/sites\/5\/2025\/07\/IGSS-Unidad-de-Consulta-Externa-Gerona-Dia-Mundial-contra-la-Hepatitis-202511-594x420.jpg 594w, \/wp-content\/uploads\/sites\/5\/2025\/07\/IGSS-Unidad-de-Consulta-Externa-Gerona-Dia-Mundial-contra-la-Hepatitis-202511-300x212.jpg 300w, \/wp-content\/uploads\/sites\/5\/2025\/07\/IGSS-Unidad-de-Consulta-Externa-Gerona-Dia-Mundial-contra-la-Hepatitis-202511-1024x724.jpg 1024w, \/wp-content\/uploads\/sites\/5\/2025\/07\/IGSS-Unidad-de-Consulta-Externa-Gerona-Dia-Mundial-contra-la-Hepatitis-202511-768x543.jpg 768w, \/wp-content\/uploads\/sites\/5\/2025\/07\/IGSS-Unidad-de-Consulta-Externa-Gerona-Dia-Mundial-contra-la-Hepatitis-202511-696x492.jpg 696w, \/wp-content\/uploads\/sites\/5\/2025\/07\/IGSS-Unidad-de-Consulta-Externa-Gerona-Dia-Mundial-contra-la-Hepatitis-202511-100x70.jpg 100w, \/wp-content\/uploads\/sites\/5\/2025\/07\/IGSS-Unidad-de-Consulta-Externa-Gerona-Dia-Mundial-contra-la-Hepatitis-202511-534x378.jpg 534w, \/wp-content\/uploads\/sites\/5\/2025\/07\/IGSS-Unidad-de-Consulta-Externa-Gerona-Dia-Mundial-contra-la-Hepatitis-202511.jpg 1068w\" sizes=\"(max-width: 594px) 100vw, 594px\" alt=\"\">\r\n                            <\/a>\r\n                            \r\n                        <\/figure>\r\n                    <\/div>\r\n                    <div class = \"td-slide-item td-item2\">\r\n                        <figure class=\"td-slide-galery-figure td-slide-popup-gallery\">\r\n                            <a class=\"slide-gallery-image-link\" href=\"\/wp-content\/uploads\/sites\/5\/2025\/07\/IGSS-Unidad-de-Consulta-Externa-Gerona-Dia-Mundial-contra-la-Hepatitis-20253.jpeg\" title=\"IGSS Unidad de Consulta Externa Gerona Di\u0301a Mundial contra la Hepatitis 20253\"  data-caption=\"\"  data-description=\"\">\r\n                                <img decoding=\"async\" src=\"\/wp-content\/uploads\/sites\/5\/2025\/07\/IGSS-Unidad-de-Consulta-Externa-Gerona-Dia-Mundial-contra-la-Hepatitis-20253-630x420.jpeg\" srcset=\"\/wp-content\/uploads\/sites\/5\/2025\/07\/IGSS-Unidad-de-Consulta-Externa-Gerona-Dia-Mundial-contra-la-Hepatitis-20253-630x420.jpeg 630w, \/wp-content\/uploads\/sites\/5\/2025\/07\/IGSS-Unidad-de-Consulta-Externa-Gerona-Dia-Mundial-contra-la-Hepatitis-20253-300x200.jpeg 300w, \/wp-content\/uploads\/sites\/5\/2025\/07\/IGSS-Unidad-de-Consulta-Externa-Gerona-Dia-Mundial-contra-la-Hepatitis-20253-1024x682.jpeg 1024w, \/wp-content\/uploads\/sites\/5\/2025\/07\/IGSS-Unidad-de-Consulta-Externa-Gerona-Dia-Mundial-contra-la-Hepatitis-20253-768x512.jpeg 768w, \/wp-content\/uploads\/sites\/5\/2025\/07\/IGSS-Unidad-de-Consulta-Externa-Gerona-Dia-Mundial-contra-la-Hepatitis-20253-1536x1023.jpeg 1536w, \/wp-content\/uploads\/sites\/5\/2025\/07\/IGSS-Unidad-de-Consulta-Externa-Gerona-Dia-Mundial-contra-la-Hepatitis-20253-696x464.jpeg 696w, \/wp-content\/uploads\/sites\/5\/2025\/07\/IGSS-Unidad-de-Consulta-Externa-Gerona-Dia-Mundial-contra-la-Hepatitis-20253-1068x712.jpeg 1068w, \/wp-content\/uploads\/sites\/5\/2025\/07\/IGSS-Unidad-de-Consulta-Externa-Gerona-Dia-Mundial-contra-la-Hepatitis-20253-534x356.jpeg 534w, \/wp-content\/uploads\/sites\/5\/2025\/07\/IGSS-Unidad-de-Consulta-Externa-Gerona-Dia-Mundial-contra-la-Hepatitis-20253.jpeg 1600w\" sizes=\"(max-width: 630px) 100vw, 630px\" alt=\"\">\r\n                            <\/a>\r\n                            \r\n                        <\/figure>\r\n                    <\/div>\r\n                    <div class = \"td-slide-item td-item3\">\r\n                        <figure class=\"td-slide-galery-figure td-slide-popup-gallery\">\r\n                            <a class=\"slide-gallery-image-link\" href=\"\/wp-content\/uploads\/sites\/5\/2025\/07\/IGSS-Unidad-de-Consulta-Externa-Gerona-Dia-Mundial-contra-la-Hepatitis-20257.jpeg\" title=\"IGSS Unidad de Consulta Externa Gerona Di\u0301a Mundial contra la Hepatitis 20257\"  data-caption=\"\"  data-description=\"\">\r\n                                <img decoding=\"async\" src=\"\/wp-content\/uploads\/sites\/5\/2025\/07\/IGSS-Unidad-de-Consulta-Externa-Gerona-Dia-Mundial-contra-la-Hepatitis-20257-630x420.jpeg\" srcset=\"\/wp-content\/uploads\/sites\/5\/2025\/07\/IGSS-Unidad-de-Consulta-Externa-Gerona-Dia-Mundial-contra-la-Hepatitis-20257-630x420.jpeg 630w, \/wp-content\/uploads\/sites\/5\/2025\/07\/IGSS-Unidad-de-Consulta-Externa-Gerona-Dia-Mundial-contra-la-Hepatitis-20257-300x200.jpeg 300w, \/wp-content\/uploads\/sites\/5\/2025\/07\/IGSS-Unidad-de-Consulta-Externa-Gerona-Dia-Mundial-contra-la-Hepatitis-20257-1024x682.jpeg 1024w, \/wp-content\/uploads\/sites\/5\/2025\/07\/IGSS-Unidad-de-Consulta-Externa-Gerona-Dia-Mundial-contra-la-Hepatitis-20257-768x512.jpeg 768w, \/wp-content\/uploads\/sites\/5\/2025\/07\/IGSS-Unidad-de-Consulta-Externa-Gerona-Dia-Mundial-contra-la-Hepatitis-20257-1536x1023.jpeg 1536w, \/wp-content\/uploads\/sites\/5\/2025\/07\/IGSS-Unidad-de-Consulta-Externa-Gerona-Dia-Mundial-contra-la-Hepatitis-20257-696x464.jpeg 696w, \/wp-content\/uploads\/sites\/5\/2025\/07\/IGSS-Unidad-de-Consulta-Externa-Gerona-Dia-Mundial-contra-la-Hepatitis-20257-1068x712.jpeg 1068w, \/wp-content\/uploads\/sites\/5\/2025\/07\/IGSS-Unidad-de-Consulta-Externa-Gerona-Dia-Mundial-contra-la-Hepatitis-20257-534x356.jpeg 534w, \/wp-content\/uploads\/sites\/5\/2025\/07\/IGSS-Unidad-de-Consulta-Externa-Gerona-Dia-Mundial-contra-la-Hepatitis-20257.jpeg 1600w\" sizes=\"(max-width: 630px) 100vw, 630px\" alt=\"\">\r\n                            <\/a>\r\n                            \r\n                        <\/figure>\r\n                    <\/div>\r\n                    <div class = \"td-slide-item td-item4\">\r\n                        <figure class=\"td-slide-galery-figure td-slide-popup-gallery\">\r\n                            <a class=\"slide-gallery-image-link\" href=\"\/wp-content\/uploads\/sites\/5\/2025\/07\/IGSS-Unidad-de-Consulta-Externa-Gerona-Dia-Mundial-contra-la-Hepatitis-20256.jpg\" title=\"IGSS Unidad de Consulta Externa Gerona Di\u0301a Mundial contra la Hepatitis 20256\"  data-caption=\"\"  data-description=\"\">\r\n                                <img decoding=\"async\" src=\"\/wp-content\/uploads\/sites\/5\/2025\/07\/IGSS-Unidad-de-Consulta-Externa-Gerona-Dia-Mundial-contra-la-Hepatitis-20256-630x420.jpg\" srcset=\"\/wp-content\/uploads\/sites\/5\/2025\/07\/IGSS-Unidad-de-Consulta-Externa-Gerona-Dia-Mundial-contra-la-Hepatitis-20256-630x420.jpg 630w, \/wp-content\/uploads\/sites\/5\/2025\/07\/IGSS-Unidad-de-Consulta-Externa-Gerona-Dia-Mundial-contra-la-Hepatitis-20256-300x200.jpg 300w, \/wp-content\/uploads\/sites\/5\/2025\/07\/IGSS-Unidad-de-Consulta-Externa-Gerona-Dia-Mundial-contra-la-Hepatitis-20256-1024x683.jpg 1024w, \/wp-content\/uploads\/sites\/5\/2025\/07\/IGSS-Unidad-de-Consulta-Externa-Gerona-Dia-Mundial-contra-la-Hepatitis-20256-768x512.jpg 768w, \/wp-content\/uploads\/sites\/5\/2025\/07\/IGSS-Unidad-de-Consulta-Externa-Gerona-Dia-Mundial-contra-la-Hepatitis-20256-696x464.jpg 696w, \/wp-content\/uploads\/sites\/5\/2025\/07\/IGSS-Unidad-de-Consulta-Externa-Gerona-Dia-Mundial-contra-la-Hepatitis-20256-534x356.jpg 534w, \/wp-content\/uploads\/sites\/5\/2025\/07\/IGSS-Unidad-de-Consulta-Externa-Gerona-Dia-Mundial-contra-la-Hepatitis-20256.jpg 1068w\" sizes=\"(max-width: 630px) 100vw, 630px\" alt=\"\">\r\n                            <\/a>\r\n                            \r\n                        <\/figure>\r\n                    <\/div>\r\n                    <div class = \"td-slide-item td-item5\">\r\n                        <figure class=\"td-slide-galery-figure td-slide-popup-gallery\">\r\n                            <a class=\"slide-gallery-image-link\" href=\"\/wp-content\/uploads\/sites\/5\/2025\/07\/IGSS-Unidad-de-Consulta-Externa-Gerona-Dia-Mundial-contra-la-Hepatitis-20258.jpg\" title=\"IGSS Unidad de Consulta Externa Gerona Di\u0301a Mundial contra la Hepatitis 20258\"  data-caption=\"\"  data-description=\"\">\r\n                                <img decoding=\"async\" src=\"\/wp-content\/uploads\/sites\/5\/2025\/07\/IGSS-Unidad-de-Consulta-Externa-Gerona-Dia-Mundial-contra-la-Hepatitis-20258.jpg\" srcset=\"\/wp-content\/uploads\/sites\/5\/2025\/07\/IGSS-Unidad-de-Consulta-Externa-Gerona-Dia-Mundial-contra-la-Hepatitis-20258.jpg 730w, \/wp-content\/uploads\/sites\/5\/2025\/07\/IGSS-Unidad-de-Consulta-Externa-Gerona-Dia-Mundial-contra-la-Hepatitis-20258-300x173.jpg 300w, \/wp-content\/uploads\/sites\/5\/2025\/07\/IGSS-Unidad-de-Consulta-Externa-Gerona-Dia-Mundial-contra-la-Hepatitis-20258-696x400.jpg 696w, \/wp-content\/uploads\/sites\/5\/2025\/07\/IGSS-Unidad-de-Consulta-Externa-Gerona-Dia-Mundial-contra-la-Hepatitis-20258-534x307.jpg 534w\" sizes=\"(max-width: 730px) 100vw, 730px\" alt=\"\">\r\n                            <\/a>\r\n                            \r\n                        <\/figure>\r\n                    <\/div>\r\n                    <div class = \"td-slide-item td-item6\">\r\n                        <figure class=\"td-slide-galery-figure td-slide-popup-gallery\">\r\n                            <a class=\"slide-gallery-image-link\" href=\"\/wp-content\/uploads\/sites\/5\/2025\/07\/IGSS-Unidad-de-Consulta-Externa-Gerona-Dia-Mundial-contra-la-Hepatitis-20250.jpeg\" title=\"IGSS Unidad de Consulta Externa Gerona Di\u0301a Mundial contra la Hepatitis 20250\"  data-caption=\"\"  data-description=\"\">\r\n                                <img decoding=\"async\" src=\"\/wp-content\/uploads\/sites\/5\/2025\/07\/IGSS-Unidad-de-Consulta-Externa-Gerona-Dia-Mundial-contra-la-Hepatitis-20250-560x420.jpeg\" srcset=\"\/wp-content\/uploads\/sites\/5\/2025\/07\/IGSS-Unidad-de-Consulta-Externa-Gerona-Dia-Mundial-contra-la-Hepatitis-20250-560x420.jpeg 560w, \/wp-content\/uploads\/sites\/5\/2025\/07\/IGSS-Unidad-de-Consulta-Externa-Gerona-Dia-Mundial-contra-la-Hepatitis-20250-300x225.jpeg 300w, \/wp-content\/uploads\/sites\/5\/2025\/07\/IGSS-Unidad-de-Consulta-Externa-Gerona-Dia-Mundial-contra-la-Hepatitis-20250-1024x768.jpeg 1024w, \/wp-content\/uploads\/sites\/5\/2025\/07\/IGSS-Unidad-de-Consulta-Externa-Gerona-Dia-Mundial-contra-la-Hepatitis-20250-768x576.jpeg 768w, \/wp-content\/uploads\/sites\/5\/2025\/07\/IGSS-Unidad-de-Consulta-Externa-Gerona-Dia-Mundial-contra-la-Hepatitis-20250-1536x1152.jpeg 1536w, \/wp-content\/uploads\/sites\/5\/2025\/07\/IGSS-Unidad-de-Consulta-Externa-Gerona-Dia-Mundial-contra-la-Hepatitis-20250-80x60.jpeg 80w, \/wp-content\/uploads\/sites\/5\/2025\/07\/IGSS-Unidad-de-Consulta-Externa-Gerona-Dia-Mundial-contra-la-Hepatitis-20250-696x522.jpeg 696w, \/wp-content\/uploads\/sites\/5\/2025\/07\/IGSS-Unidad-de-Consulta-Externa-Gerona-Dia-Mundial-contra-la-Hepatitis-20250-1068x801.jpeg 1068w, \/wp-content\/uploads\/sites\/5\/2025\/07\/IGSS-Unidad-de-Consulta-Externa-Gerona-Dia-Mundial-contra-la-Hepatitis-20250-265x198.jpeg 265w, \/wp-content\/uploads\/sites\/5\/2025\/07\/IGSS-Unidad-de-Consulta-Externa-Gerona-Dia-Mundial-contra-la-Hepatitis-20250-534x401.jpeg 534w, \/wp-content\/uploads\/sites\/5\/2025\/07\/IGSS-Unidad-de-Consulta-Externa-Gerona-Dia-Mundial-contra-la-Hepatitis-20250.jpeg 1600w\" sizes=\"(max-width: 560px) 100vw, 560px\" alt=\"\">\r\n                            <\/a>\r\n                            \r\n                        <\/figure>\r\n                    <\/div>\r\n                    <div class = \"td-slide-item td-item7\">\r\n                        <figure class=\"td-slide-galery-figure td-slide-popup-gallery\">\r\n                            <a class=\"slide-gallery-image-link\" href=\"\/wp-content\/uploads\/sites\/5\/2025\/07\/IGSS-Unidad-de-Consulta-Externa-Gerona-Dia-Mundial-contra-la-Hepatitis-20259.jpg\" title=\"IGSS Unidad de Consulta Externa Gerona Di\u0301a Mundial contra la Hepatitis 20259\"  data-caption=\"\"  data-description=\"\">\r\n                                <img decoding=\"async\" src=\"\/wp-content\/uploads\/sites\/5\/2025\/07\/IGSS-Unidad-de-Consulta-Externa-Gerona-Dia-Mundial-contra-la-Hepatitis-20259-615x420.jpg\" srcset=\"\/wp-content\/uploads\/sites\/5\/2025\/07\/IGSS-Unidad-de-Consulta-Externa-Gerona-Dia-Mundial-contra-la-Hepatitis-20259-615x420.jpg 615w, \/wp-content\/uploads\/sites\/5\/2025\/07\/IGSS-Unidad-de-Consulta-Externa-Gerona-Dia-Mundial-contra-la-Hepatitis-20259-300x205.jpg 300w, \/wp-content\/uploads\/sites\/5\/2025\/07\/IGSS-Unidad-de-Consulta-Externa-Gerona-Dia-Mundial-contra-la-Hepatitis-20259-1024x699.jpg 1024w, \/wp-content\/uploads\/sites\/5\/2025\/07\/IGSS-Unidad-de-Consulta-Externa-Gerona-Dia-Mundial-contra-la-Hepatitis-20259-768x524.jpg 768w, \/wp-content\/uploads\/sites\/5\/2025\/07\/IGSS-Unidad-de-Consulta-Externa-Gerona-Dia-Mundial-contra-la-Hepatitis-20259-218x150.jpg 218w, \/wp-content\/uploads\/sites\/5\/2025\/07\/IGSS-Unidad-de-Consulta-Externa-Gerona-Dia-Mundial-contra-la-Hepatitis-20259-696x475.jpg 696w, \/wp-content\/uploads\/sites\/5\/2025\/07\/IGSS-Unidad-de-Consulta-Externa-Gerona-Dia-Mundial-contra-la-Hepatitis-20259-534x365.jpg 534w, \/wp-content\/uploads\/sites\/5\/2025\/07\/IGSS-Unidad-de-Consulta-Externa-Gerona-Dia-Mundial-contra-la-Hepatitis-20259.jpg 1068w\" sizes=\"(max-width: 615px) 100vw, 615px\" alt=\"\">\r\n                            <\/a>\r\n                            \r\n                        <\/figure>\r\n                    <\/div>\r\n                    <div class = \"td-slide-item td-item8\">\r\n                        <figure class=\"td-slide-galery-figure td-slide-popup-gallery\">\r\n                            <a class=\"slide-gallery-image-link\" href=\"\/wp-content\/uploads\/sites\/5\/2025\/07\/IGSS-Unidad-de-Consulta-Externa-Gerona-Dia-Mundial-contra-la-Hepatitis-202510.jpg\" title=\"IGSS Unidad de Consulta Externa Gerona Di\u0301a Mundial contra la Hepatitis 202510\"  data-caption=\"\"  data-description=\"\">\r\n                                <img decoding=\"async\" src=\"\/wp-content\/uploads\/sites\/5\/2025\/07\/IGSS-Unidad-de-Consulta-Externa-Gerona-Dia-Mundial-contra-la-Hepatitis-202510.jpg\" srcset=\"\/wp-content\/uploads\/sites\/5\/2025\/07\/IGSS-Unidad-de-Consulta-Externa-Gerona-Dia-Mundial-contra-la-Hepatitis-202510.jpg 630w, \/wp-content\/uploads\/sites\/5\/2025\/07\/IGSS-Unidad-de-Consulta-Externa-Gerona-Dia-Mundial-contra-la-Hepatitis-202510-300x200.jpg 300w, \/wp-content\/uploads\/sites\/5\/2025\/07\/IGSS-Unidad-de-Consulta-Externa-Gerona-Dia-Mundial-contra-la-Hepatitis-202510-534x356.jpg 534w\" sizes=\"(max-width: 630px) 100vw, 630px\" alt=\"\">\r\n                            <\/a>\r\n                            \r\n                        <\/figure>\r\n                    <\/div>\r\n                            <\/div>\r\n                        <\/div>\r\n\r\n                        <div class = \"td-doubleSlider-2\">\r\n                            <div class = \"td-slider\">\r\n                                \r\n                    <div class = \"td-button td-item1\">\r\n                        <div class = \"td-border\"><\/div>\r\n                    <\/div>\r\n                    <div class = \"td-button td-item2\">\r\n                        <div class = \"td-border\"><\/div>\r\n                    <\/div>\r\n                    <div class = \"td-button td-item3\">\r\n                        <div class = \"td-border\"><\/div>\r\n                    <\/div>\r\n                    <div class = \"td-button td-item4\">\r\n                        <div class = \"td-border\"><\/div>\r\n                    <\/div>\r\n                    <div class = \"td-button td-item5\">\r\n                        <div class = \"td-border\"><\/div>\r\n                    <\/div>\r\n                    <div class = \"td-button td-item6\">\r\n                        <div class = \"td-border\"><\/div>\r\n                    <\/div>\r\n                    <div class = \"td-button td-item7\">\r\n                        <div class = \"td-border\"><\/div>\r\n                    <\/div>\r\n                    <div class = \"td-button td-item8\">\r\n                        <div class = \"td-border\"><\/div>\r\n                    <\/div>\r\n                            <\/div>\r\n                        <\/div>\r\n\r\n                    <\/div>\r\n\r\n                <\/div>\r\n                \n<p><em>\u00a0<\/em><\/p>\n","protected":false},"excerpt":{"rendered":"<p>La hepatitis es una inflamaci\u00f3n del h\u00edgado que puede tener m\u00faltiples causas, desde infecciones virales hasta enfermedades cong\u00e9nitas o metab\u00f3licas. Su forma m\u00e1s com\u00fan la hepatitis viral sigue siendo un desaf\u00edo global de salud p\u00fablica. La doctora Grecia Celis, gastroenter\u00f3loga de la Unidad de Consulta Externa de Especialidades M\u00e9dico \u2013 Quir\u00fargicas Gerona, explic\u00f3 que este [&hellip;]<\/p>\n","protected":false},"author":3269,"featured_media":49332,"comment_status":"closed","ping_status":"closed","sticky":false,"template":"","format":"standard","meta":{"footnotes":""},"categories":[3,4,1130,1291,27,31,36],"tags":[2304,2305,2306,2307,490,2303,2302],"coauthors":[1970],"class_list":{"0":"post-49330","1":"post","2":"type-post","3":"status-publish","4":"format-standard","5":"has-post-thumbnail","7":"category-actualidad","8":"category-afiliados","9":"category-consejos-medicos","10":"category-prestaciones-en-salud","11":"category-prevencion-en-salud","12":"category-salud","13":"category-unidades-medicas","14":"tag-dia-mundial-contra-la-hepatitis","15":"tag-hepatitis-a","16":"tag-hepatitis-b","17":"tag-hepatitis-c","18":"tag-igss","19":"tag-igss-gerona","20":"tag-unidad-de-consulta-externa-de-especialidades-medico-quirurgicas-gerona"},"_links":{"self":[{"href":"https:\/\/www.igssgt.org\/noticias\/wp-json\/wp\/v2\/posts\/49330","targetHints":{"allow":["GET"]}}],"collection":[{"href":"https:\/\/www.igssgt.org\/noticias\/wp-json\/wp\/v2\/posts"}],"about":[{"href":"https:\/\/www.igssgt.org\/noticias\/wp-json\/wp\/v2\/types\/post"}],"author":[{"embeddable":true,"href":"https:\/\/www.igssgt.org\/noticias\/wp-json\/wp\/v2\/users\/3269"}],"replies":[{"embeddable":true,"href":"https:\/\/www.igssgt.org\/noticias\/wp-json\/wp\/v2\/comments?post=49330"}],"version-history":[{"count":3,"href":"https:\/\/www.igssgt.org\/noticias\/wp-json\/wp\/v2\/posts\/49330\/revisions"}],"predecessor-version":[{"id":49345,"href":"https:\/\/www.igssgt.org\/noticias\/wp-json\/wp\/v2\/posts\/49330\/revisions\/49345"}],"wp:featuredmedia":[{"embeddable":true,"href":"https:\/\/www.igssgt.org\/noticias\/wp-json\/wp\/v2\/media\/49332"}],"wp:attachment":[{"href":"https:\/\/www.igssgt.org\/noticias\/wp-json\/wp\/v2\/media?parent=49330"}],"wp:term":[{"taxonomy":"category","embeddable":true,"href":"https:\/\/www.igssgt.org\/noticias\/wp-json\/wp\/v2\/categories?post=49330"},{"taxonomy":"post_tag","embeddable":true,"href":"https:\/\/www.igssgt.org\/noticias\/wp-json\/wp\/v2\/tags?post=49330"},{"taxonomy":"author","embeddable":true,"href":"https:\/\/www.igssgt.org\/noticias\/wp-json\/wp\/v2\/coauthors?post=49330"}],"curies":[{"name":"wp","href":"https:\/\/api.w.org\/{rel}","templated":true}]}}