{"id":49444,"date":"2025-08-01T06:02:00","date_gmt":"2025-08-01T12:02:00","guid":{"rendered":"https:\/\/www.igssgt.org\/noticias\/?p=49444"},"modified":"2025-08-01T18:17:36","modified_gmt":"2025-08-02T00:17:36","slug":"lactancia-materna-el-alimento-perfecto-que-protege-la-salud-del-bebe","status":"publish","type":"post","link":"https:\/\/www.igssgt.org\/noticias\/2025\/08\/01\/lactancia-materna-el-alimento-perfecto-que-protege-la-salud-del-bebe\/","title":{"rendered":"Lactancia materna: el alimento perfecto que protege la salud del beb\u00e9"},"content":{"rendered":"\n<p class=\"has-drop-cap\">La leche materna es mucho m\u00e1s que un alimento. As\u00ed lo explic\u00f3 la licenciada Andrea Ren\u00e9e Contreras D\u00e1vila, nutricionista cl\u00ednica del Hospital General de Enfermedades del IGSS, al destacar que su composici\u00f3n \u00fanica est\u00e1 dise\u00f1ada para cubrir todas las necesidades del reci\u00e9n nacido.<\/p>\n\n\n\n<p>\u201cContiene prote\u00ednas de alta calidad como la lactoferrina y la lactoalb\u00famina, que favorecen el desarrollo y son de f\u00e1cil digesti\u00f3n. Adem\u00e1s, es rica en l\u00edpidos, incluyendo \u00e1cidos grasos como el DHA, esenciales para el desarrollo cerebral y visual\u201d, indic\u00f3 Contreras.<\/p>\n<p>Tambi\u00e9n aporta vitaminas, minerales y una alta cantidad de agua que garantiza una adecuada hidrataci\u00f3n.<\/p>\n<figure id=\"attachment_49446\" aria-describedby=\"caption-attachment-49446\" style=\"width: 721px\" class=\"wp-caption alignnone\"><img loading=\"lazy\" decoding=\"async\" class=\"wp-image-49446\" src=\"\/wp-content\/uploads\/sites\/5\/2025\/07\/IGSS-Semana-Mundial-de-la-Lactancia-Materna-Hospital-general-de-Enfermedades-20252-200x300.jpg\" alt=\"\" width=\"721\" height=\"1082\" srcset=\"\/wp-content\/uploads\/sites\/5\/2025\/07\/IGSS-Semana-Mundial-de-la-Lactancia-Materna-Hospital-general-de-Enfermedades-20252-200x300.jpg 200w, \/wp-content\/uploads\/sites\/5\/2025\/07\/IGSS-Semana-Mundial-de-la-Lactancia-Materna-Hospital-general-de-Enfermedades-20252-280x420.jpg 280w, \/wp-content\/uploads\/sites\/5\/2025\/07\/IGSS-Semana-Mundial-de-la-Lactancia-Materna-Hospital-general-de-Enfermedades-20252-308x462.jpg 308w, \/wp-content\/uploads\/sites\/5\/2025\/07\/IGSS-Semana-Mundial-de-la-Lactancia-Materna-Hospital-general-de-Enfermedades-20252.jpg 683w\" sizes=\"auto, (max-width: 721px) 100vw, 721px\" \/><figcaption id=\"caption-attachment-49446\" class=\"wp-caption-text\">La leche materna contiene todo lo que un beb\u00e9 necesita: nutrici\u00f3n, protecci\u00f3n y amor en una sola dosis.<\/figcaption><\/figure>\n<p>Uno de los aspectos m\u00e1s valiosos de la leche materna es su capacidad para fortalecer el sistema inmunol\u00f3gico del beb\u00e9.<\/p>\n<p>\u201cProporciona inmunoglobulinas, especialmente la IgA, que protegen las mucosas contra infecciones como diarreas y resfriados, as\u00ed como prebi\u00f3ticos y c\u00e9lulas inmunitarias vivas\u201d, explic\u00f3 la nutricionista, al se\u00f1alar que por esa raz\u00f3n se considera que la leche materna es \u201cla primera vacuna\u201d.<\/p>\n<p>Ante la preocupaci\u00f3n sobre c\u00f3mo influye la dieta materna en la calidad de la leche, la profesional aclar\u00f3 que el cuerpo humano prioriza la producci\u00f3n de leche.<\/p>\n<figure id=\"attachment_49447\" aria-describedby=\"caption-attachment-49447\" style=\"width: 721px\" class=\"wp-caption alignnone\"><img loading=\"lazy\" decoding=\"async\" class=\"wp-image-49447\" src=\"\/wp-content\/uploads\/sites\/5\/2025\/07\/IGSS-Semana-Mundial-de-la-Lactancia-Materna-Hospital-general-de-Enfermedades-20251-300x225.jpg\" alt=\"\" width=\"721\" height=\"541\" srcset=\"\/wp-content\/uploads\/sites\/5\/2025\/07\/IGSS-Semana-Mundial-de-la-Lactancia-Materna-Hospital-general-de-Enfermedades-20251-300x225.jpg 300w, \/wp-content\/uploads\/sites\/5\/2025\/07\/IGSS-Semana-Mundial-de-la-Lactancia-Materna-Hospital-general-de-Enfermedades-20251-1024x768.jpg 1024w, \/wp-content\/uploads\/sites\/5\/2025\/07\/IGSS-Semana-Mundial-de-la-Lactancia-Materna-Hospital-general-de-Enfermedades-20251-768x576.jpg 768w, \/wp-content\/uploads\/sites\/5\/2025\/07\/IGSS-Semana-Mundial-de-la-Lactancia-Materna-Hospital-general-de-Enfermedades-20251-560x420.jpg 560w, \/wp-content\/uploads\/sites\/5\/2025\/07\/IGSS-Semana-Mundial-de-la-Lactancia-Materna-Hospital-general-de-Enfermedades-20251-80x60.jpg 80w, \/wp-content\/uploads\/sites\/5\/2025\/07\/IGSS-Semana-Mundial-de-la-Lactancia-Materna-Hospital-general-de-Enfermedades-20251-696x522.jpg 696w, \/wp-content\/uploads\/sites\/5\/2025\/07\/IGSS-Semana-Mundial-de-la-Lactancia-Materna-Hospital-general-de-Enfermedades-20251-1068x801.jpg 1068w, \/wp-content\/uploads\/sites\/5\/2025\/07\/IGSS-Semana-Mundial-de-la-Lactancia-Materna-Hospital-general-de-Enfermedades-20251-265x198.jpg 265w, \/wp-content\/uploads\/sites\/5\/2025\/07\/IGSS-Semana-Mundial-de-la-Lactancia-Materna-Hospital-general-de-Enfermedades-20251-534x401.jpg 534w, \/wp-content\/uploads\/sites\/5\/2025\/07\/IGSS-Semana-Mundial-de-la-Lactancia-Materna-Hospital-general-de-Enfermedades-20251.jpg 1536w\" sizes=\"auto, (max-width: 721px) 100vw, 721px\" \/><figcaption id=\"caption-attachment-49447\" class=\"wp-caption-text\">\u201cLa lactancia es la primera vacuna\u201d, afirma la nutricionista Andrea Contreras, del Hospital General de Enfermedades del IGSS.<\/figcaption><\/figure>\n<p>\u201cIncluso si la madre tiene una alimentaci\u00f3n deficiente, la leche conserva su valor nutricional b\u00e1sico, aunque s\u00ed es recomendable que la madre lleve una dieta equilibrada para su propio bienestar y para ofrecer leche m\u00e1s completa\u201d, concluy\u00f3.<\/p>\n<p>Con estos aportes, el IGSS contin\u00faa promoviendo la lactancia materna como un pilar fundamental para la salud infantil y como parte de su estrategia de prevenci\u00f3n desde el nacimiento.<\/p>\n","protected":false},"excerpt":{"rendered":"<p>La leche materna es mucho m\u00e1s que un alimento. As\u00ed lo explic\u00f3 la licenciada Andrea Ren\u00e9e Contreras D\u00e1vila, nutricionista cl\u00ednica del Hospital General de Enfermedades del IGSS, al destacar que su composici\u00f3n \u00fanica est\u00e1 dise\u00f1ada para cubrir todas las necesidades del reci\u00e9n nacido. \u201cContiene prote\u00ednas de alta calidad como la lactoferrina y la lactoalb\u00famina, que [&hellip;]<\/p>\n","protected":false},"author":3269,"featured_media":49445,"comment_status":"closed","ping_status":"closed","sticky":false,"template":"","format":"standard","meta":{"footnotes":""},"categories":[3,4,1130,15,1240,22,24,27,31,33,36],"tags":[2311,481,490,783],"coauthors":[1970],"class_list":{"0":"post-49444","1":"post","2":"type-post","3":"status-publish","4":"format-standard","5":"has-post-thumbnail","7":"category-actualidad","8":"category-afiliados","9":"category-consejos-medicos","10":"category-destacado","11":"category-lactancia-materna","12":"category-opsoms","13":"category-pediatria","14":"category-prevencion-en-salud","15":"category-salud","16":"category-servicios-de-salud","17":"category-unidades-medicas","18":"tag-bebes-saludables","19":"tag-hospital-general-de-enfermedades","20":"tag-igss","21":"tag-semana-mundial-de-la-lactancia-materna"},"_links":{"self":[{"href":"https:\/\/www.igssgt.org\/noticias\/wp-json\/wp\/v2\/posts\/49444","targetHints":{"allow":["GET"]}}],"collection":[{"href":"https:\/\/www.igssgt.org\/noticias\/wp-json\/wp\/v2\/posts"}],"about":[{"href":"https:\/\/www.igssgt.org\/noticias\/wp-json\/wp\/v2\/types\/post"}],"author":[{"embeddable":true,"href":"https:\/\/www.igssgt.org\/noticias\/wp-json\/wp\/v2\/users\/3269"}],"replies":[{"embeddable":true,"href":"https:\/\/www.igssgt.org\/noticias\/wp-json\/wp\/v2\/comments?post=49444"}],"version-history":[{"count":2,"href":"https:\/\/www.igssgt.org\/noticias\/wp-json\/wp\/v2\/posts\/49444\/revisions"}],"predecessor-version":[{"id":49514,"href":"https:\/\/www.igssgt.org\/noticias\/wp-json\/wp\/v2\/posts\/49444\/revisions\/49514"}],"wp:featuredmedia":[{"embeddable":true,"href":"https:\/\/www.igssgt.org\/noticias\/wp-json\/wp\/v2\/media\/49445"}],"wp:attachment":[{"href":"https:\/\/www.igssgt.org\/noticias\/wp-json\/wp\/v2\/media?parent=49444"}],"wp:term":[{"taxonomy":"category","embeddable":true,"href":"https:\/\/www.igssgt.org\/noticias\/wp-json\/wp\/v2\/categories?post=49444"},{"taxonomy":"post_tag","embeddable":true,"href":"https:\/\/www.igssgt.org\/noticias\/wp-json\/wp\/v2\/tags?post=49444"},{"taxonomy":"author","embeddable":true,"href":"https:\/\/www.igssgt.org\/noticias\/wp-json\/wp\/v2\/coauthors?post=49444"}],"curies":[{"name":"wp","href":"https:\/\/api.w.org\/{rel}","templated":true}]}}