{"id":49449,"date":"2025-08-02T06:04:00","date_gmt":"2025-08-02T12:04:00","guid":{"rendered":"https:\/\/www.igssgt.org\/noticias\/?p=49449"},"modified":"2025-07-29T11:06:51","modified_gmt":"2025-07-29T17:06:51","slug":"la-lactancia-materna-es-una-poderosa-barrera-natural-contra-enfermedades","status":"publish","type":"post","link":"https:\/\/www.igssgt.org\/noticias\/2025\/08\/02\/la-lactancia-materna-es-una-poderosa-barrera-natural-contra-enfermedades\/","title":{"rendered":"La lactancia materna es una poderosa barrera natural contra enfermedades"},"content":{"rendered":"\n<p>El Instituto Guatemalteco de Seguridad Social (IGSS) recuerda a la poblaci\u00f3n la importancia de amamantar desde las primeras horas de vida, ya que la leche materna no solo alimenta, sino que tambi\u00e9n protege la salud de madres e hijos de una forma extraordinaria.<\/p>\n\n\n\n<figure id=\"attachment_49451\" aria-describedby=\"caption-attachment-49451\" style=\"width: 716px\" class=\"wp-caption alignnone\"><img loading=\"lazy\" decoding=\"async\" class=\"wp-image-49451\" src=\"\/wp-content\/uploads\/sites\/5\/2025\/07\/IGSS-Semana-Mundial-de-la-Lactancia-Materna-Hospital-General-Dr.-Juan-Jose-Arevalo-Protege-enfermedades-20251-226x300.jpg\" alt=\"\" width=\"716\" height=\"950\" srcset=\"\/wp-content\/uploads\/sites\/5\/2025\/07\/IGSS-Semana-Mundial-de-la-Lactancia-Materna-Hospital-General-Dr.-Juan-Jose-Arevalo-Protege-enfermedades-20251-226x300.jpg 226w, \/wp-content\/uploads\/sites\/5\/2025\/07\/IGSS-Semana-Mundial-de-la-Lactancia-Materna-Hospital-General-Dr.-Juan-Jose-Arevalo-Protege-enfermedades-20251-771x1024.jpg 771w, \/wp-content\/uploads\/sites\/5\/2025\/07\/IGSS-Semana-Mundial-de-la-Lactancia-Materna-Hospital-General-Dr.-Juan-Jose-Arevalo-Protege-enfermedades-20251-1156x1536.jpg 1156w, \/wp-content\/uploads\/sites\/5\/2025\/07\/IGSS-Semana-Mundial-de-la-Lactancia-Materna-Hospital-General-Dr.-Juan-Jose-Arevalo-Protege-enfermedades-20251-316x420.jpg 316w, \/wp-content\/uploads\/sites\/5\/2025\/07\/IGSS-Semana-Mundial-de-la-Lactancia-Materna-Hospital-General-Dr.-Juan-Jose-Arevalo-Protege-enfermedades-20251-1068x1419.jpg 1068w, \/wp-content\/uploads\/sites\/5\/2025\/07\/IGSS-Semana-Mundial-de-la-Lactancia-Materna-Hospital-General-Dr.-Juan-Jose-Arevalo-Protege-enfermedades-20251-348x462.jpg 348w, \/wp-content\/uploads\/sites\/5\/2025\/07\/IGSS-Semana-Mundial-de-la-Lactancia-Materna-Hospital-General-Dr.-Juan-Jose-Arevalo-Protege-enfermedades-20251.jpg 1204w\" sizes=\"auto, (max-width: 716px) 100vw, 716px\" \/><figcaption id=\"caption-attachment-49451\" class=\"wp-caption-text\">La leche materna ofrece protecci\u00f3n inmediata, as\u00ed como estimulaci\u00f3n del sistema inmunol\u00f3gico del beb\u00e9.<\/figcaption><\/figure>\n<p>La doctora Cinthia Johanna Flores de Maldonado, M. Sc. en Pediatr\u00eda \/ Neonatolog\u00eda del Hospital General Dr. Juan Jos\u00e9 Ar\u00e9valo Bermejo, asegura que brindar lactancia materna al reci\u00e9n nacido es sumamente importante para la salud y desarrollo f\u00edsico, cognitivo y emocional del beb\u00e9. \u201cLe proporciona una nutrici\u00f3n completa y adaptada a sus necesidades. Asimismo, a la madre le ayuda en su recuperaci\u00f3n post parto y en el futuro a prevenir el riesgo de desarrollar depresi\u00f3n post parto, c\u00e1ncer, entre otros\u201d, asegur\u00f3 la tambi\u00e9n mag\u00edster en administraci\u00f3n de la Seguridad Social. Adem\u00e1s, contiene anticuerpos que fortalecen el sistema inmunol\u00f3gico del beb\u00e9, protegi\u00e9ndolo de enfermedades respiratorias, gastrointestinales, infecciones y alergias.<\/p>\n<p><strong>El calostro de la salud infantil<\/strong><\/p>\n<p>Durante los primeros d\u00edas despu\u00e9s del parto, el cuerpo de la madre produce calostro, que por sus propiedades es conocido como el \u201coro l\u00edquido\u201d. Esta es una sustancia espesa, amarilla y muy rica en prote\u00ednas, vitaminas y anticuerpos.<\/p>\n<p>Este \u201cprimer alimento\u201d act\u00faa como una vacuna natural que protege al beb\u00e9 mientras su sistema inmunol\u00f3gico a\u00fan es inmaduro.<\/p>\n<figure id=\"attachment_49452\" aria-describedby=\"caption-attachment-49452\" style=\"width: 744px\" class=\"wp-caption alignnone\"><img loading=\"lazy\" decoding=\"async\" class=\"wp-image-49452\" src=\"\/wp-content\/uploads\/sites\/5\/2025\/07\/IGSS-Semana-Mundial-de-la-Lactancia-Materna-Hospital-General-Dr.-Juan-Jose-Arevalo-Protege-enfermedades-20252-225x300.jpg\" alt=\"\" width=\"744\" height=\"992\" srcset=\"\/wp-content\/uploads\/sites\/5\/2025\/07\/IGSS-Semana-Mundial-de-la-Lactancia-Materna-Hospital-General-Dr.-Juan-Jose-Arevalo-Protege-enfermedades-20252-225x300.jpg 225w, \/wp-content\/uploads\/sites\/5\/2025\/07\/IGSS-Semana-Mundial-de-la-Lactancia-Materna-Hospital-General-Dr.-Juan-Jose-Arevalo-Protege-enfermedades-20252-768x1024.jpg 768w, \/wp-content\/uploads\/sites\/5\/2025\/07\/IGSS-Semana-Mundial-de-la-Lactancia-Materna-Hospital-General-Dr.-Juan-Jose-Arevalo-Protege-enfermedades-20252-315x420.jpg 315w, \/wp-content\/uploads\/sites\/5\/2025\/07\/IGSS-Semana-Mundial-de-la-Lactancia-Materna-Hospital-General-Dr.-Juan-Jose-Arevalo-Protege-enfermedades-20252-696x928.jpg 696w, \/wp-content\/uploads\/sites\/5\/2025\/07\/IGSS-Semana-Mundial-de-la-Lactancia-Materna-Hospital-General-Dr.-Juan-Jose-Arevalo-Protege-enfermedades-20252-347x462.jpg 347w, \/wp-content\/uploads\/sites\/5\/2025\/07\/IGSS-Semana-Mundial-de-la-Lactancia-Materna-Hospital-General-Dr.-Juan-Jose-Arevalo-Protege-enfermedades-20252.jpg 960w\" sizes=\"auto, (max-width: 744px) 100vw, 744px\" \/><figcaption id=\"caption-attachment-49452\" class=\"wp-caption-text\">La lactancia materna prolongada puede reducir el riesgo de sobrepeso y obesidad infantil en un 12 %, lo que ayuda a combatir enfermedades cr\u00f3nicas graves asociados con estas condiciones.<\/figcaption><\/figure>\n<p><strong>Beneficios para la madre:<\/strong><\/p>\n<ul>\n<li>La lactancia materna promueve el apego madre e hijo<\/li>\n<li>Disminuye el riesgo de desarrollar Diabetes Tipo 2<\/li>\n<li>Disminuye el riesgo de c\u00e1ncer de mama<\/li>\n<li>Disminuye el riesgo de c\u00e1ncer de ovario<\/li>\n<li>No altera el gasto familiar<\/li>\n<li>Ayuda a la madre a recuperar su peso m\u00e1s r\u00e1pidamente<\/li>\n<li>Ayuda a reducir el riesgo de hemorragias postparto y anemia<\/li>\n<li>Reduce el riesgo de osteoporosis, artritis reumatoide<\/li>\n<li>Previene la depresi\u00f3n postparto<\/li>\n<\/ul>\n<p><strong>Beneficios para el hijo:<\/strong><\/p>\n<ul>\n<li>La lactancia materna mejora el desarrollo cognitivo de los beb\u00e9s<\/li>\n<li>Disminuye riesgo de infecciones y con ello la morbi-mortalidad<\/li>\n<li>Ayuda a prevenir el sobrepeso y la diabetes tipo 2 en la ni\u00f1ez<\/li>\n<li>Previene el asma infantil<\/li>\n<li>La lactancia materna protege contra la leucemia en la ni\u00f1ez<\/li>\n<li>Protege contra el s\u00edndrome de muerte s\u00fabita infantil<\/li>\n<li>La lactancia materna se asocia a indicadores de desarrollo cognoscitivo m\u00e1s altos y mayores logros educativos<\/li>\n<li>Favorece el crecimiento y desarrollo correcto maxilofacial<\/li>\n<li>Ayuda a prevenir maloclusiones<\/li>\n<\/ul>\n<p>\u00a0<\/p>\n","protected":false},"excerpt":{"rendered":"<p>El Instituto Guatemalteco de Seguridad Social (IGSS) recuerda a la poblaci\u00f3n la importancia de amamantar desde las primeras horas de vida, ya que la leche materna no solo alimenta, sino que tambi\u00e9n protege la salud de madres e hijos de una forma extraordinaria. La doctora Cinthia Johanna Flores de Maldonado, M. Sc. en Pediatr\u00eda \/ [&hellip;]<\/p>\n","protected":false},"author":3269,"featured_media":49450,"comment_status":"closed","ping_status":"closed","sticky":false,"template":"","format":"standard","meta":{"footnotes":""},"categories":[3,4,1130,1240,22,24,1291,27,31,33,36],"tags":[479,490,1331,556,2308,783],"coauthors":[1970],"class_list":{"0":"post-49449","1":"post","2":"type-post","3":"status-publish","4":"format-standard","5":"has-post-thumbnail","7":"category-actualidad","8":"category-afiliados","9":"category-consejos-medicos","10":"category-lactancia-materna","11":"category-opsoms","12":"category-pediatria","13":"category-prestaciones-en-salud","14":"category-prevencion-en-salud","15":"category-salud","16":"category-servicios-de-salud","17":"category-unidades-medicas","18":"tag-hospital-dr-juan-jose-arevalo-bermejo","19":"tag-igss","20":"tag-lactancia","21":"tag-lactancia-materna-igss","22":"tag-neonatologia","23":"tag-semana-mundial-de-la-lactancia-materna"},"_links":{"self":[{"href":"https:\/\/www.igssgt.org\/noticias\/wp-json\/wp\/v2\/posts\/49449","targetHints":{"allow":["GET"]}}],"collection":[{"href":"https:\/\/www.igssgt.org\/noticias\/wp-json\/wp\/v2\/posts"}],"about":[{"href":"https:\/\/www.igssgt.org\/noticias\/wp-json\/wp\/v2\/types\/post"}],"author":[{"embeddable":true,"href":"https:\/\/www.igssgt.org\/noticias\/wp-json\/wp\/v2\/users\/3269"}],"replies":[{"embeddable":true,"href":"https:\/\/www.igssgt.org\/noticias\/wp-json\/wp\/v2\/comments?post=49449"}],"version-history":[{"count":1,"href":"https:\/\/www.igssgt.org\/noticias\/wp-json\/wp\/v2\/posts\/49449\/revisions"}],"predecessor-version":[{"id":49453,"href":"https:\/\/www.igssgt.org\/noticias\/wp-json\/wp\/v2\/posts\/49449\/revisions\/49453"}],"wp:featuredmedia":[{"embeddable":true,"href":"https:\/\/www.igssgt.org\/noticias\/wp-json\/wp\/v2\/media\/49450"}],"wp:attachment":[{"href":"https:\/\/www.igssgt.org\/noticias\/wp-json\/wp\/v2\/media?parent=49449"}],"wp:term":[{"taxonomy":"category","embeddable":true,"href":"https:\/\/www.igssgt.org\/noticias\/wp-json\/wp\/v2\/categories?post=49449"},{"taxonomy":"post_tag","embeddable":true,"href":"https:\/\/www.igssgt.org\/noticias\/wp-json\/wp\/v2\/tags?post=49449"},{"taxonomy":"author","embeddable":true,"href":"https:\/\/www.igssgt.org\/noticias\/wp-json\/wp\/v2\/coauthors?post=49449"}],"curies":[{"name":"wp","href":"https:\/\/api.w.org\/{rel}","templated":true}]}}