{"id":49454,"date":"2025-07-31T06:17:00","date_gmt":"2025-07-31T12:17:00","guid":{"rendered":"https:\/\/www.igssgt.org\/noticias\/?p=49454"},"modified":"2025-07-30T15:35:30","modified_gmt":"2025-07-30T21:35:30","slug":"el-igss-lanza-plan-para-promover-una-cultura-de-seguridad-social","status":"publish","type":"post","link":"https:\/\/www.igssgt.org\/noticias\/2025\/07\/31\/el-igss-lanza-plan-para-promover-una-cultura-de-seguridad-social\/","title":{"rendered":"El IGSS lanza plan para promover una cultura de Seguridad Social"},"content":{"rendered":"\n<p class=\"has-drop-cap\">Una ciudadan\u00eda m\u00e1s consciente e informada sobre su derecho fundamental a la Seguridad Social, es lo que busca el Plan Integral para la Promoci\u00f3n de la Cultura de la Seguridad Social, lanzado recientemente por el Instituto Guatemalteco de Seguridad Social (IGSS).<\/p>\n\n\n\n<figure id=\"attachment_49456\" aria-describedby=\"caption-attachment-49456\" style=\"width: 716px\" class=\"wp-caption alignnone\"><img loading=\"lazy\" decoding=\"async\" class=\"wp-image-49456\" src=\"\/wp-content\/uploads\/sites\/5\/2025\/07\/IGSS-Cultura-Seguridad-Social-Subgerencia-de-Planificacion-y-Desarrollo-20251-300x200.jpg\" alt=\"\" width=\"716\" height=\"477\" srcset=\"\/wp-content\/uploads\/sites\/5\/2025\/07\/IGSS-Cultura-Seguridad-Social-Subgerencia-de-Planificacion-y-Desarrollo-20251-300x200.jpg 300w, \/wp-content\/uploads\/sites\/5\/2025\/07\/IGSS-Cultura-Seguridad-Social-Subgerencia-de-Planificacion-y-Desarrollo-20251-1024x682.jpg 1024w, \/wp-content\/uploads\/sites\/5\/2025\/07\/IGSS-Cultura-Seguridad-Social-Subgerencia-de-Planificacion-y-Desarrollo-20251-768x512.jpg 768w, \/wp-content\/uploads\/sites\/5\/2025\/07\/IGSS-Cultura-Seguridad-Social-Subgerencia-de-Planificacion-y-Desarrollo-20251-1536x1023.jpg 1536w, \/wp-content\/uploads\/sites\/5\/2025\/07\/IGSS-Cultura-Seguridad-Social-Subgerencia-de-Planificacion-y-Desarrollo-20251-630x420.jpg 630w, \/wp-content\/uploads\/sites\/5\/2025\/07\/IGSS-Cultura-Seguridad-Social-Subgerencia-de-Planificacion-y-Desarrollo-20251-696x464.jpg 696w, \/wp-content\/uploads\/sites\/5\/2025\/07\/IGSS-Cultura-Seguridad-Social-Subgerencia-de-Planificacion-y-Desarrollo-20251-1068x712.jpg 1068w, \/wp-content\/uploads\/sites\/5\/2025\/07\/IGSS-Cultura-Seguridad-Social-Subgerencia-de-Planificacion-y-Desarrollo-20251-534x356.jpg 534w, \/wp-content\/uploads\/sites\/5\/2025\/07\/IGSS-Cultura-Seguridad-Social-Subgerencia-de-Planificacion-y-Desarrollo-20251.jpg 1600w\" sizes=\"auto, (max-width: 716px) 100vw, 716px\" \/><figcaption id=\"caption-attachment-49456\" class=\"wp-caption-text\">El plan busca motivar una mayor participaci\u00f3n ciudadana en el conocimiento de los beneficios de los programas de la seguridad social.<\/figcaption><\/figure>\n<p>El prop\u00f3sito es fomentar en la poblaci\u00f3n guatemalteca la identificaci\u00f3n con los valores y principios de la Seguridad Social, as\u00ed como su importancia en la calidad de vida. Esta iniciativa se deriva del Objetivo 1 del Plan Estrat\u00e9gico Institucional (PEI) 2023-2027.<\/p>\n<figure id=\"attachment_49457\" aria-describedby=\"caption-attachment-49457\" style=\"width: 701px\" class=\"wp-caption alignnone\"><img loading=\"lazy\" decoding=\"async\" class=\"wp-image-49457\" src=\"\/wp-content\/uploads\/sites\/5\/2025\/07\/IGSS-Cultura-Seguridad-Social-Subgerencia-de-Planificacion-y-Desarrollo-20252-300x200.jpg\" alt=\"\" width=\"701\" height=\"467\" srcset=\"\/wp-content\/uploads\/sites\/5\/2025\/07\/IGSS-Cultura-Seguridad-Social-Subgerencia-de-Planificacion-y-Desarrollo-20252-300x200.jpg 300w, \/wp-content\/uploads\/sites\/5\/2025\/07\/IGSS-Cultura-Seguridad-Social-Subgerencia-de-Planificacion-y-Desarrollo-20252-1024x682.jpg 1024w, \/wp-content\/uploads\/sites\/5\/2025\/07\/IGSS-Cultura-Seguridad-Social-Subgerencia-de-Planificacion-y-Desarrollo-20252-768x512.jpg 768w, \/wp-content\/uploads\/sites\/5\/2025\/07\/IGSS-Cultura-Seguridad-Social-Subgerencia-de-Planificacion-y-Desarrollo-20252-1536x1023.jpg 1536w, \/wp-content\/uploads\/sites\/5\/2025\/07\/IGSS-Cultura-Seguridad-Social-Subgerencia-de-Planificacion-y-Desarrollo-20252-630x420.jpg 630w, \/wp-content\/uploads\/sites\/5\/2025\/07\/IGSS-Cultura-Seguridad-Social-Subgerencia-de-Planificacion-y-Desarrollo-20252-696x464.jpg 696w, \/wp-content\/uploads\/sites\/5\/2025\/07\/IGSS-Cultura-Seguridad-Social-Subgerencia-de-Planificacion-y-Desarrollo-20252-1068x712.jpg 1068w, \/wp-content\/uploads\/sites\/5\/2025\/07\/IGSS-Cultura-Seguridad-Social-Subgerencia-de-Planificacion-y-Desarrollo-20252-534x356.jpg 534w, \/wp-content\/uploads\/sites\/5\/2025\/07\/IGSS-Cultura-Seguridad-Social-Subgerencia-de-Planificacion-y-Desarrollo-20252.jpg 1600w\" sizes=\"auto, (max-width: 701px) 100vw, 701px\" \/><figcaption id=\"caption-attachment-49457\" class=\"wp-caption-text\">A mediano plazo se espera una cobertura ampliada e inclusiva, una transformaci\u00f3n cultura, alianzas interinstitucionales s\u00f3lida y la institucionalizaci\u00f3n de fechas clave.<\/figcaption><\/figure>\n<p>El subgerente de Planificaci\u00f3n y Desarrollo, Lic. Carlos Franco, inform\u00f3 que los objetivos del plan se alcanzar\u00e1n a trav\u00e9s de la educaci\u00f3n continua, formal e informal de manera permanente y en alianza con otras instituciones, para que la ciudadan\u00eda comprenda sus beneficios y participe activamente de este derecho.<\/p>\n<figure id=\"attachment_49458\" aria-describedby=\"caption-attachment-49458\" style=\"width: 698px\" class=\"wp-caption alignnone\"><img loading=\"lazy\" decoding=\"async\" class=\"wp-image-49458\" src=\"\/wp-content\/uploads\/sites\/5\/2025\/07\/IGSS-Cultura-Seguridad-Social-Subgerencia-de-Planificacion-y-Desarrollo-20253-300x200.jpg\" alt=\"\" width=\"698\" height=\"465\" srcset=\"\/wp-content\/uploads\/sites\/5\/2025\/07\/IGSS-Cultura-Seguridad-Social-Subgerencia-de-Planificacion-y-Desarrollo-20253-300x200.jpg 300w, \/wp-content\/uploads\/sites\/5\/2025\/07\/IGSS-Cultura-Seguridad-Social-Subgerencia-de-Planificacion-y-Desarrollo-20253-1024x682.jpg 1024w, \/wp-content\/uploads\/sites\/5\/2025\/07\/IGSS-Cultura-Seguridad-Social-Subgerencia-de-Planificacion-y-Desarrollo-20253-768x512.jpg 768w, \/wp-content\/uploads\/sites\/5\/2025\/07\/IGSS-Cultura-Seguridad-Social-Subgerencia-de-Planificacion-y-Desarrollo-20253-1536x1023.jpg 1536w, \/wp-content\/uploads\/sites\/5\/2025\/07\/IGSS-Cultura-Seguridad-Social-Subgerencia-de-Planificacion-y-Desarrollo-20253-630x420.jpg 630w, \/wp-content\/uploads\/sites\/5\/2025\/07\/IGSS-Cultura-Seguridad-Social-Subgerencia-de-Planificacion-y-Desarrollo-20253-696x464.jpg 696w, \/wp-content\/uploads\/sites\/5\/2025\/07\/IGSS-Cultura-Seguridad-Social-Subgerencia-de-Planificacion-y-Desarrollo-20253-1068x712.jpg 1068w, \/wp-content\/uploads\/sites\/5\/2025\/07\/IGSS-Cultura-Seguridad-Social-Subgerencia-de-Planificacion-y-Desarrollo-20253-534x356.jpg 534w, \/wp-content\/uploads\/sites\/5\/2025\/07\/IGSS-Cultura-Seguridad-Social-Subgerencia-de-Planificacion-y-Desarrollo-20253.jpg 1600w\" sizes=\"auto, (max-width: 698px) 100vw, 698px\" \/><figcaption id=\"caption-attachment-49458\" class=\"wp-caption-text\">La iniciativa se deriva del Objetivo 1 del Plan Estrat\u00e9gico Institucional (PEI) 2023-2027.<\/figcaption><\/figure>\n<p>El plan constituye una hoja de ruta dise\u00f1ada para implementar acciones estrat\u00e9gicas que fomenten una cultura de seguridad social en todo el pa\u00eds. Entre estas acciones se contemplan:<\/p>\n<ul>\n<li>Capacitaci\u00f3n y educaci\u00f3n<\/li>\n<li>Producci\u00f3n y distribuci\u00f3n de materiales educativos<\/li>\n<li>Actividades de campo y comunicaci\u00f3n abierta<\/li>\n<li>Coordinaci\u00f3n interinstitucional con entidades y actores claves<\/li>\n<\/ul>\n<p>Se espera que diferentes sectores participen en la implementaci\u00f3n de este plan, a trav\u00e9s de instrumentos interinstitucionales como Cartas de Entendimiento, que establezcan la base para la cooperaci\u00f3n y coordinaci\u00f3n de estrategias educativas que conlleven al cumplimiento de los objetivos del plan.<\/p>\n<blockquote>\n<p>\u201cParticipar del r\u00e9gimen de seguridad social garantiza el acceso a beneficios esenciales de protecci\u00f3n personal y familiar, que se refleja en el cuidado de la salud, las prestaciones por maternidad, accidentes, invalidez o sobrevivencia y el aseguramiento de una vejez digna a trav\u00e9s del sistema de pensiones\u201d, Lic. Carlos Franco, subgerente de Planificaci\u00f3n y Desarrollo.<\/p>\n<\/blockquote>\n<p>Con este lanzamiento, el IGSS revalida su compromiso de avanzar hacia una cultura m\u00e1s inclusiva y consciente del valor de la seguridad social como pilar para el bienestar colectivo.<\/p>\n\r\n                <style type=\"text\/css\">\r\n                    \r\n                    #tdi_1  .td-doubleSlider-2 .td-item1 {\r\n                        background: url(\/wp-content\/uploads\/sites\/5\/2025\/07\/IGSS-Cultura-Seguridad-Social-Subgerencia-de-Planificacion-y-Desarrollo-20255-80x60.jpg) 0 0 no-repeat;\r\n                    }\r\n                    #tdi_1  .td-doubleSlider-2 .td-item2 {\r\n                        background: url(\/wp-content\/uploads\/sites\/5\/2025\/07\/IGSS-Cultura-Seguridad-Social-Subgerencia-de-Planificacion-y-Desarrollo-20254-80x60.jpg) 0 0 no-repeat;\r\n                    }\r\n                <\/style>\r\n\r\n                <div id=\"tdi_1\" class=\"td-gallery td-slide-on-2-columns\">\r\n                    <div class=\"post_td_gallery\">\r\n                        <div class=\"td-gallery-slide-top\">\r\n                           <div class=\"td-gallery-title\">Otras fotos:<\/div>\r\n\r\n                            <div class=\"td-gallery-controls-wrapper\">\r\n                                <div class=\"td-gallery-slide-count\"><span class=\"td-gallery-slide-item-focus\">1<\/span> de 2<\/div>\r\n                                <div class=\"td-gallery-slide-prev-next-but\">\r\n                                    <i class = \"td-icon-left doubleSliderPrevButton\"><\/i>\r\n                                    <i class = \"td-icon-right doubleSliderNextButton\"><\/i>\r\n                                <\/div>\r\n                            <\/div>\r\n                        <\/div>\r\n\r\n                        <div class = \"td-doubleSlider-1 \">\r\n                            <div class = \"td-slider\">\r\n                                \r\n                    <div class = \"td-slide-item td-item1\">\r\n                        <figure class=\"td-slide-galery-figure td-slide-popup-gallery\">\r\n                            <a class=\"slide-gallery-image-link\" href=\"\/wp-content\/uploads\/sites\/5\/2025\/07\/IGSS-Cultura-Seguridad-Social-Subgerencia-de-Planificacion-y-Desarrollo-20255.jpg\" title=\"IGSS Cultura Seguridad Social Subgerencia de Planificacio\u0301n y Desarrollo 20255\"  data-caption=\"\"  data-description=\"\">\r\n                                <img decoding=\"async\" src=\"\/wp-content\/uploads\/sites\/5\/2025\/07\/IGSS-Cultura-Seguridad-Social-Subgerencia-de-Planificacion-y-Desarrollo-20255-630x420.jpg\" srcset=\"\/wp-content\/uploads\/sites\/5\/2025\/07\/IGSS-Cultura-Seguridad-Social-Subgerencia-de-Planificacion-y-Desarrollo-20255-630x420.jpg 630w, \/wp-content\/uploads\/sites\/5\/2025\/07\/IGSS-Cultura-Seguridad-Social-Subgerencia-de-Planificacion-y-Desarrollo-20255-300x200.jpg 300w, \/wp-content\/uploads\/sites\/5\/2025\/07\/IGSS-Cultura-Seguridad-Social-Subgerencia-de-Planificacion-y-Desarrollo-20255-1024x682.jpg 1024w, \/wp-content\/uploads\/sites\/5\/2025\/07\/IGSS-Cultura-Seguridad-Social-Subgerencia-de-Planificacion-y-Desarrollo-20255-768x512.jpg 768w, \/wp-content\/uploads\/sites\/5\/2025\/07\/IGSS-Cultura-Seguridad-Social-Subgerencia-de-Planificacion-y-Desarrollo-20255-1536x1023.jpg 1536w, \/wp-content\/uploads\/sites\/5\/2025\/07\/IGSS-Cultura-Seguridad-Social-Subgerencia-de-Planificacion-y-Desarrollo-20255-696x464.jpg 696w, \/wp-content\/uploads\/sites\/5\/2025\/07\/IGSS-Cultura-Seguridad-Social-Subgerencia-de-Planificacion-y-Desarrollo-20255-1068x712.jpg 1068w, \/wp-content\/uploads\/sites\/5\/2025\/07\/IGSS-Cultura-Seguridad-Social-Subgerencia-de-Planificacion-y-Desarrollo-20255-534x356.jpg 534w, \/wp-content\/uploads\/sites\/5\/2025\/07\/IGSS-Cultura-Seguridad-Social-Subgerencia-de-Planificacion-y-Desarrollo-20255.jpg 1600w\" sizes=\"(max-width: 630px) 100vw, 630px\" alt=\"\">\r\n                            <\/a>\r\n                            \r\n                        <\/figure>\r\n                    <\/div>\r\n                    <div class = \"td-slide-item td-item2\">\r\n                        <figure class=\"td-slide-galery-figure td-slide-popup-gallery\">\r\n                            <a class=\"slide-gallery-image-link\" href=\"\/wp-content\/uploads\/sites\/5\/2025\/07\/IGSS-Cultura-Seguridad-Social-Subgerencia-de-Planificacion-y-Desarrollo-20254.jpg\" title=\"IGSS Cultura Seguridad Social Subgerencia de Planificacio\u0301n y Desarrollo 20254\"  data-caption=\"\"  data-description=\"\">\r\n                                <img decoding=\"async\" src=\"\/wp-content\/uploads\/sites\/5\/2025\/07\/IGSS-Cultura-Seguridad-Social-Subgerencia-de-Planificacion-y-Desarrollo-20254-630x420.jpg\" srcset=\"\/wp-content\/uploads\/sites\/5\/2025\/07\/IGSS-Cultura-Seguridad-Social-Subgerencia-de-Planificacion-y-Desarrollo-20254-630x420.jpg 630w, \/wp-content\/uploads\/sites\/5\/2025\/07\/IGSS-Cultura-Seguridad-Social-Subgerencia-de-Planificacion-y-Desarrollo-20254-300x200.jpg 300w, \/wp-content\/uploads\/sites\/5\/2025\/07\/IGSS-Cultura-Seguridad-Social-Subgerencia-de-Planificacion-y-Desarrollo-20254-1024x682.jpg 1024w, \/wp-content\/uploads\/sites\/5\/2025\/07\/IGSS-Cultura-Seguridad-Social-Subgerencia-de-Planificacion-y-Desarrollo-20254-768x512.jpg 768w, \/wp-content\/uploads\/sites\/5\/2025\/07\/IGSS-Cultura-Seguridad-Social-Subgerencia-de-Planificacion-y-Desarrollo-20254-1536x1023.jpg 1536w, \/wp-content\/uploads\/sites\/5\/2025\/07\/IGSS-Cultura-Seguridad-Social-Subgerencia-de-Planificacion-y-Desarrollo-20254-696x464.jpg 696w, \/wp-content\/uploads\/sites\/5\/2025\/07\/IGSS-Cultura-Seguridad-Social-Subgerencia-de-Planificacion-y-Desarrollo-20254-1068x712.jpg 1068w, \/wp-content\/uploads\/sites\/5\/2025\/07\/IGSS-Cultura-Seguridad-Social-Subgerencia-de-Planificacion-y-Desarrollo-20254-534x356.jpg 534w, \/wp-content\/uploads\/sites\/5\/2025\/07\/IGSS-Cultura-Seguridad-Social-Subgerencia-de-Planificacion-y-Desarrollo-20254.jpg 1600w\" sizes=\"(max-width: 630px) 100vw, 630px\" alt=\"\">\r\n                            <\/a>\r\n                            \r\n                        <\/figure>\r\n                    <\/div>\r\n                            <\/div>\r\n                        <\/div>\r\n\r\n                        <div class = \"td-doubleSlider-2\">\r\n                            <div class = \"td-slider\">\r\n                                \r\n                    <div class = \"td-button td-item1\">\r\n                        <div class = \"td-border\"><\/div>\r\n                    <\/div>\r\n                    <div class = \"td-button td-item2\">\r\n                        <div class = \"td-border\"><\/div>\r\n                    <\/div>\r\n                            <\/div>\r\n                        <\/div>\r\n\r\n                    <\/div>\r\n\r\n                <\/div>\r\n                \n<p>\u00a0<\/p>\n","protected":false},"excerpt":{"rendered":"<p>Una ciudadan\u00eda m\u00e1s consciente e informada sobre su derecho fundamental a la Seguridad Social, es lo que busca el Plan Integral para la Promoci\u00f3n de la Cultura de la Seguridad Social, lanzado recientemente por el Instituto Guatemalteco de Seguridad Social (IGSS). El prop\u00f3sito es fomentar en la poblaci\u00f3n guatemalteca la identificaci\u00f3n con los valores y [&hellip;]<\/p>\n","protected":false},"author":3269,"featured_media":49455,"comment_status":"closed","ping_status":"closed","sticky":false,"template":"","format":"standard","meta":{"footnotes":""},"categories":[3,17,19,20,23,25],"tags":[2313,2312,1540],"coauthors":[1970],"class_list":{"0":"post-49454","1":"post","2":"type-post","3":"status-publish","4":"format-standard","5":"has-post-thumbnail","7":"category-actualidad","8":"category-formacion-y-desarrollo","9":"category-integridad-y-trasparencia","10":"category-jubilados","11":"category-patronos","12":"category-pensionados","13":"tag-plan-estrategico-institucional-pei-2023-2027","14":"tag-plan-integral-para-la-promocion-de-la-cultura-de-la-seguridad-social","15":"tag-subgerencia-de-planificacion-y-desarrollo"},"_links":{"self":[{"href":"https:\/\/www.igssgt.org\/noticias\/wp-json\/wp\/v2\/posts\/49454","targetHints":{"allow":["GET"]}}],"collection":[{"href":"https:\/\/www.igssgt.org\/noticias\/wp-json\/wp\/v2\/posts"}],"about":[{"href":"https:\/\/www.igssgt.org\/noticias\/wp-json\/wp\/v2\/types\/post"}],"author":[{"embeddable":true,"href":"https:\/\/www.igssgt.org\/noticias\/wp-json\/wp\/v2\/users\/3269"}],"replies":[{"embeddable":true,"href":"https:\/\/www.igssgt.org\/noticias\/wp-json\/wp\/v2\/comments?post=49454"}],"version-history":[{"count":2,"href":"https:\/\/www.igssgt.org\/noticias\/wp-json\/wp\/v2\/posts\/49454\/revisions"}],"predecessor-version":[{"id":49462,"href":"https:\/\/www.igssgt.org\/noticias\/wp-json\/wp\/v2\/posts\/49454\/revisions\/49462"}],"wp:featuredmedia":[{"embeddable":true,"href":"https:\/\/www.igssgt.org\/noticias\/wp-json\/wp\/v2\/media\/49455"}],"wp:attachment":[{"href":"https:\/\/www.igssgt.org\/noticias\/wp-json\/wp\/v2\/media?parent=49454"}],"wp:term":[{"taxonomy":"category","embeddable":true,"href":"https:\/\/www.igssgt.org\/noticias\/wp-json\/wp\/v2\/categories?post=49454"},{"taxonomy":"post_tag","embeddable":true,"href":"https:\/\/www.igssgt.org\/noticias\/wp-json\/wp\/v2\/tags?post=49454"},{"taxonomy":"author","embeddable":true,"href":"https:\/\/www.igssgt.org\/noticias\/wp-json\/wp\/v2\/coauthors?post=49454"}],"curies":[{"name":"wp","href":"https:\/\/api.w.org\/{rel}","templated":true}]}}