{"id":49923,"date":"2025-09-06T05:19:00","date_gmt":"2025-09-06T11:19:00","guid":{"rendered":"https:\/\/www.igssgt.org\/noticias\/?p=49923"},"modified":"2025-09-04T08:40:05","modified_gmt":"2025-09-04T14:40:05","slug":"myriam-meza-representar-a-camip-es-un-orgullo","status":"publish","type":"post","link":"https:\/\/www.igssgt.org\/noticias\/2025\/09\/06\/myriam-meza-representar-a-camip-es-un-orgullo\/","title":{"rendered":"Myriam Meza: \u201cRepresentar a CAMIP es un orgullo\u201d"},"content":{"rendered":"\n<p class=\"has-drop-cap\">\u201cSer Se\u00f1ora Hilos de Plata es una experiencia muy bonita, los aplausos el d\u00eda de la elecci\u00f3n me emocionaron mucho, a esta edad se vive de forma diferente\u201d, as\u00ed se refiere Myriam Meza a las vivencias tras su elecci\u00f3n y a los meses que se ha desempe\u00f1ado como soberana de los pensionados y jubilados de CAMIP.<\/p>\n\n\n\n<p>\u201cRepresentar a CAMIP es un orgullo\u201d, menciona, \u201clo hago con el mayor de los gustos, ser parte de la Unidad M\u00e9dica me ha llenado de buenos momentos compartidos en Terapia Ocupacional y en el grupo de danza folcl\u00f3rica\u201d.\u00a0\u00a0<\/p>\n<figure id=\"attachment_49925\" aria-describedby=\"caption-attachment-49925\" style=\"width: 711px\" class=\"wp-caption alignnone\"><img loading=\"lazy\" decoding=\"async\" class=\"wp-image-49925\" src=\"\/wp-content\/uploads\/sites\/5\/2025\/08\/IGSS-CAMIP-Senora-Hilos-de-Plata-20251-300x225.jpg\" alt=\"\" width=\"711\" height=\"533\" srcset=\"\/wp-content\/uploads\/sites\/5\/2025\/08\/IGSS-CAMIP-Senora-Hilos-de-Plata-20251-300x225.jpg 300w, \/wp-content\/uploads\/sites\/5\/2025\/08\/IGSS-CAMIP-Senora-Hilos-de-Plata-20251-1024x768.jpg 1024w, \/wp-content\/uploads\/sites\/5\/2025\/08\/IGSS-CAMIP-Senora-Hilos-de-Plata-20251-768x576.jpg 768w, \/wp-content\/uploads\/sites\/5\/2025\/08\/IGSS-CAMIP-Senora-Hilos-de-Plata-20251-1536x1152.jpg 1536w, \/wp-content\/uploads\/sites\/5\/2025\/08\/IGSS-CAMIP-Senora-Hilos-de-Plata-20251-560x420.jpg 560w, \/wp-content\/uploads\/sites\/5\/2025\/08\/IGSS-CAMIP-Senora-Hilos-de-Plata-20251-80x60.jpg 80w, \/wp-content\/uploads\/sites\/5\/2025\/08\/IGSS-CAMIP-Senora-Hilos-de-Plata-20251-696x522.jpg 696w, \/wp-content\/uploads\/sites\/5\/2025\/08\/IGSS-CAMIP-Senora-Hilos-de-Plata-20251-1068x801.jpg 1068w, \/wp-content\/uploads\/sites\/5\/2025\/08\/IGSS-CAMIP-Senora-Hilos-de-Plata-20251-265x198.jpg 265w, \/wp-content\/uploads\/sites\/5\/2025\/08\/IGSS-CAMIP-Senora-Hilos-de-Plata-20251-534x401.jpg 534w, \/wp-content\/uploads\/sites\/5\/2025\/08\/IGSS-CAMIP-Senora-Hilos-de-Plata-20251.jpg 1600w\" sizes=\"auto, (max-width: 711px) 100vw, 711px\" \/><figcaption id=\"caption-attachment-49925\" class=\"wp-caption-text\">La Se\u00f1ora Hilos de Plata tiene una participaci\u00f3n activa en las actividades que se desarrollan en el CAMIP.<\/figcaption><\/figure>\n<p>Desde temprana edad su madre la anim\u00f3 a participar en cert\u00e1menes de belleza en su natal Cob\u00e1n, \u201cde jovencita particip\u00e9 en varios concursos, mi mam\u00e1 me apoyaba y me motivaba para estar en las elecciones de reina. Ella me mandaba hacer mis vestidos para las presentaciones\u201d, recuerda.\u00a0<\/p>\n<p>La Se\u00f1ora Hilos de Plata fue candidata a Se\u00f1orita Carch\u00e1, Reina de Caminos en Alta Verapaz, Madrina del Ganadero en Cob\u00e1n, Se\u00f1orita Ministerio de Transportes y Obras P\u00fablicas, Madrina de Transportes Unidos del Norte y Madrina del (Peri\u00f3dico) La Naci\u00f3n Norte.<\/p>\n<figure id=\"attachment_49926\" aria-describedby=\"caption-attachment-49926\" style=\"width: 714px\" class=\"wp-caption alignnone\"><img loading=\"lazy\" decoding=\"async\" class=\"wp-image-49926\" src=\"\/wp-content\/uploads\/sites\/5\/2025\/08\/IGSS-CAMIP-Senora-Hilos-de-Plata-20252-300x274.jpg\" alt=\"\" width=\"714\" height=\"652\" srcset=\"\/wp-content\/uploads\/sites\/5\/2025\/08\/IGSS-CAMIP-Senora-Hilos-de-Plata-20252-300x274.jpg 300w, \/wp-content\/uploads\/sites\/5\/2025\/08\/IGSS-CAMIP-Senora-Hilos-de-Plata-20252-1024x935.jpg 1024w, \/wp-content\/uploads\/sites\/5\/2025\/08\/IGSS-CAMIP-Senora-Hilos-de-Plata-20252-768x701.jpg 768w, \/wp-content\/uploads\/sites\/5\/2025\/08\/IGSS-CAMIP-Senora-Hilos-de-Plata-20252-460x420.jpg 460w, \/wp-content\/uploads\/sites\/5\/2025\/08\/IGSS-CAMIP-Senora-Hilos-de-Plata-20252-696x636.jpg 696w, \/wp-content\/uploads\/sites\/5\/2025\/08\/IGSS-CAMIP-Senora-Hilos-de-Plata-20252-1068x975.jpg 1068w, \/wp-content\/uploads\/sites\/5\/2025\/08\/IGSS-CAMIP-Senora-Hilos-de-Plata-20252-506x462.jpg 506w, \/wp-content\/uploads\/sites\/5\/2025\/08\/IGSS-CAMIP-Senora-Hilos-de-Plata-20252.jpg 1200w\" sizes=\"auto, (max-width: 714px) 100vw, 714px\" \/><figcaption id=\"caption-attachment-49926\" class=\"wp-caption-text\">Dazma Leonor, hija de Meza, se encuentra en la actualidad realizando un postgrado en prestigiosa universidad de Am\u00e9rica del Sur.<\/figcaption><\/figure>\n<p>Enma Montufar, Terapista Ocupacional de CAMIP, identifica a Meza como una persona extrovertida y colaboradora, estas cualidades la llevaron a invitarla para participar en el concurso. \u201cMyriam se lleva bien con todos y se comunica con gran facilidad, su preparaci\u00f3n como maestra le brinda habilidades que fortalecen su personalidad siempre amable e involucrada en las actividades de CAMIP\u201d, se\u00f1ala.\u00a0\u00a0\u00a0\u00a0 \u00a0<\/p>\n<p>La paciente se gradu\u00f3 de Maestra de Educaci\u00f3n Primaria Urbana en el Colegio para Se\u00f1oritas La Inmaculada. Inici\u00f3 su experiencia laboral como maestra de sexto primaria en la Escuela Oficial Urbana para Varones Salvador de Oliva en 1982.<\/p>\n<p>\u201cMi primera experiencia fue con sexto primaria, me tuve que poner a estudiar, un amigo me apoy\u00f3 y me ense\u00f1\u00f3 de nuevo todo lo que ten\u00eda que impartir sobre la ra\u00edz cuadrada\u201d comenta mientras sonr\u00ede. El a\u00f1o que se jubil\u00f3 daba primero primaria con 48 alumnos en la Escuela Urbana Mixta Tec\u00fan Um\u00e1n en Jocotales, zona 6.\u00a0<\/p>\n<figure id=\"attachment_49927\" aria-describedby=\"caption-attachment-49927\" style=\"width: 716px\" class=\"wp-caption alignnone\"><img loading=\"lazy\" decoding=\"async\" class=\"wp-image-49927\" src=\"\/wp-content\/uploads\/sites\/5\/2025\/08\/IGSS-CAMIP-Senora-Hilos-de-Plata-20253-300x225.jpg\" alt=\"\" width=\"716\" height=\"537\" srcset=\"\/wp-content\/uploads\/sites\/5\/2025\/08\/IGSS-CAMIP-Senora-Hilos-de-Plata-20253-300x225.jpg 300w, \/wp-content\/uploads\/sites\/5\/2025\/08\/IGSS-CAMIP-Senora-Hilos-de-Plata-20253-1024x768.jpg 1024w, \/wp-content\/uploads\/sites\/5\/2025\/08\/IGSS-CAMIP-Senora-Hilos-de-Plata-20253-768x576.jpg 768w, \/wp-content\/uploads\/sites\/5\/2025\/08\/IGSS-CAMIP-Senora-Hilos-de-Plata-20253-1536x1152.jpg 1536w, \/wp-content\/uploads\/sites\/5\/2025\/08\/IGSS-CAMIP-Senora-Hilos-de-Plata-20253-560x420.jpg 560w, \/wp-content\/uploads\/sites\/5\/2025\/08\/IGSS-CAMIP-Senora-Hilos-de-Plata-20253-80x60.jpg 80w, \/wp-content\/uploads\/sites\/5\/2025\/08\/IGSS-CAMIP-Senora-Hilos-de-Plata-20253-696x522.jpg 696w, \/wp-content\/uploads\/sites\/5\/2025\/08\/IGSS-CAMIP-Senora-Hilos-de-Plata-20253-1068x801.jpg 1068w, \/wp-content\/uploads\/sites\/5\/2025\/08\/IGSS-CAMIP-Senora-Hilos-de-Plata-20253-265x198.jpg 265w, \/wp-content\/uploads\/sites\/5\/2025\/08\/IGSS-CAMIP-Senora-Hilos-de-Plata-20253-534x401.jpg 534w, \/wp-content\/uploads\/sites\/5\/2025\/08\/IGSS-CAMIP-Senora-Hilos-de-Plata-20253.jpg 1600w\" sizes=\"auto, (max-width: 716px) 100vw, 716px\" \/><figcaption id=\"caption-attachment-49927\" class=\"wp-caption-text\">En su juventud la Se\u00f1ora Hilos de Plata particip\u00f3 en cert\u00e1menes de belleza disputados en su natal Cob\u00e1n.<\/figcaption><\/figure>\n<p>La elecci\u00f3n de Se\u00f1ora Hilos de Plata se lleva a cabo cada a\u00f1o en el mes de octubre para conmemorar el aniversario de CAMIP y como parte de los festejos de la autonom\u00eda por la fundaci\u00f3n del Instituto Guatemalteco de Seguridad Social.<\/p>\n\r\n                <style type=\"text\/css\">\r\n                    \r\n                    #tdi_1  .td-doubleSlider-2 .td-item1 {\r\n                        background: url(\/wp-content\/uploads\/sites\/5\/2025\/08\/IGSS-CAMIP-Senora-Hilos-de-Plata-20254-80x60.jpg) 0 0 no-repeat;\r\n                    }\r\n                    #tdi_1  .td-doubleSlider-2 .td-item2 {\r\n                        background: url(\/wp-content\/uploads\/sites\/5\/2025\/08\/IGSS-CAMIP-Senora-Hilos-de-Plata-20255-80x60.jpg) 0 0 no-repeat;\r\n                    }\r\n                    #tdi_1  .td-doubleSlider-2 .td-item3 {\r\n                        background: url(\/wp-content\/uploads\/sites\/5\/2025\/08\/IGSS-CAMIP-Senora-Hilos-de-Plata-20256-80x60.jpg) 0 0 no-repeat;\r\n                    }\r\n                    #tdi_1  .td-doubleSlider-2 .td-item4 {\r\n                        background: url(\/wp-content\/uploads\/sites\/5\/2025\/08\/IGSS-CAMIP-Senora-Hilos-de-Plata-20257-80x60.jpg) 0 0 no-repeat;\r\n                    }\r\n                    #tdi_1  .td-doubleSlider-2 .td-item5 {\r\n                        background: url(\/wp-content\/uploads\/sites\/5\/2025\/08\/IGSS-CAMIP-Senora-Hilos-de-Plata-20258-80x60.jpg) 0 0 no-repeat;\r\n                    }\r\n                <\/style>\r\n\r\n                <div id=\"tdi_1\" class=\"td-gallery td-slide-on-2-columns\">\r\n                    <div class=\"post_td_gallery\">\r\n                        <div class=\"td-gallery-slide-top\">\r\n                           <div class=\"td-gallery-title\">Galer\u00eda de im\u00e1genes:<\/div>\r\n\r\n                            <div class=\"td-gallery-controls-wrapper\">\r\n                                <div class=\"td-gallery-slide-count\"><span class=\"td-gallery-slide-item-focus\">1<\/span> de 5<\/div>\r\n                                <div class=\"td-gallery-slide-prev-next-but\">\r\n                                    <i class = \"td-icon-left doubleSliderPrevButton\"><\/i>\r\n                                    <i class = \"td-icon-right doubleSliderNextButton\"><\/i>\r\n                                <\/div>\r\n                            <\/div>\r\n                        <\/div>\r\n\r\n                        <div class = \"td-doubleSlider-1 \">\r\n                            <div class = \"td-slider\">\r\n                                \r\n                    <div class = \"td-slide-item td-item1\">\r\n                        <figure class=\"td-slide-galery-figure td-slide-popup-gallery\">\r\n                            <a class=\"slide-gallery-image-link\" href=\"\/wp-content\/uploads\/sites\/5\/2025\/08\/IGSS-CAMIP-Senora-Hilos-de-Plata-20254.jpg\" title=\"IGSS CAMIP Sen\u0303ora Hilos de Plata 20254\"  data-caption=\"\"  data-description=\"\">\r\n                                <img decoding=\"async\" src=\"\/wp-content\/uploads\/sites\/5\/2025\/08\/IGSS-CAMIP-Senora-Hilos-de-Plata-20254-560x420.jpg\" srcset=\"\/wp-content\/uploads\/sites\/5\/2025\/08\/IGSS-CAMIP-Senora-Hilos-de-Plata-20254-560x420.jpg 560w, \/wp-content\/uploads\/sites\/5\/2025\/08\/IGSS-CAMIP-Senora-Hilos-de-Plata-20254-300x225.jpg 300w, \/wp-content\/uploads\/sites\/5\/2025\/08\/IGSS-CAMIP-Senora-Hilos-de-Plata-20254-1024x768.jpg 1024w, \/wp-content\/uploads\/sites\/5\/2025\/08\/IGSS-CAMIP-Senora-Hilos-de-Plata-20254-768x576.jpg 768w, \/wp-content\/uploads\/sites\/5\/2025\/08\/IGSS-CAMIP-Senora-Hilos-de-Plata-20254-1536x1152.jpg 1536w, \/wp-content\/uploads\/sites\/5\/2025\/08\/IGSS-CAMIP-Senora-Hilos-de-Plata-20254-80x60.jpg 80w, \/wp-content\/uploads\/sites\/5\/2025\/08\/IGSS-CAMIP-Senora-Hilos-de-Plata-20254-696x522.jpg 696w, \/wp-content\/uploads\/sites\/5\/2025\/08\/IGSS-CAMIP-Senora-Hilos-de-Plata-20254-1068x801.jpg 1068w, \/wp-content\/uploads\/sites\/5\/2025\/08\/IGSS-CAMIP-Senora-Hilos-de-Plata-20254-265x198.jpg 265w, \/wp-content\/uploads\/sites\/5\/2025\/08\/IGSS-CAMIP-Senora-Hilos-de-Plata-20254-534x401.jpg 534w, \/wp-content\/uploads\/sites\/5\/2025\/08\/IGSS-CAMIP-Senora-Hilos-de-Plata-20254.jpg 1600w\" sizes=\"(max-width: 560px) 100vw, 560px\" alt=\"\">\r\n                            <\/a>\r\n                            \r\n                        <\/figure>\r\n                    <\/div>\r\n                    <div class = \"td-slide-item td-item2\">\r\n                        <figure class=\"td-slide-galery-figure td-slide-popup-gallery\">\r\n                            <a class=\"slide-gallery-image-link\" href=\"\/wp-content\/uploads\/sites\/5\/2025\/08\/IGSS-CAMIP-Senora-Hilos-de-Plata-20255.jpg\" title=\"IGSS CAMIP Sen\u0303ora Hilos de Plata 20255\"  data-caption=\"\"  data-description=\"\">\r\n                                <img decoding=\"async\" src=\"\/wp-content\/uploads\/sites\/5\/2025\/08\/IGSS-CAMIP-Senora-Hilos-de-Plata-20255-312x420.jpg\" srcset=\"\/wp-content\/uploads\/sites\/5\/2025\/08\/IGSS-CAMIP-Senora-Hilos-de-Plata-20255-312x420.jpg 312w, \/wp-content\/uploads\/sites\/5\/2025\/08\/IGSS-CAMIP-Senora-Hilos-de-Plata-20255-223x300.jpg 223w, \/wp-content\/uploads\/sites\/5\/2025\/08\/IGSS-CAMIP-Senora-Hilos-de-Plata-20255-761x1024.jpg 761w, \/wp-content\/uploads\/sites\/5\/2025\/08\/IGSS-CAMIP-Senora-Hilos-de-Plata-20255-768x1033.jpg 768w, \/wp-content\/uploads\/sites\/5\/2025\/08\/IGSS-CAMIP-Senora-Hilos-de-Plata-20255-1141x1536.jpg 1141w, \/wp-content\/uploads\/sites\/5\/2025\/08\/IGSS-CAMIP-Senora-Hilos-de-Plata-20255-696x937.jpg 696w, \/wp-content\/uploads\/sites\/5\/2025\/08\/IGSS-CAMIP-Senora-Hilos-de-Plata-20255-1068x1437.jpg 1068w, \/wp-content\/uploads\/sites\/5\/2025\/08\/IGSS-CAMIP-Senora-Hilos-de-Plata-20255-343x462.jpg 343w, \/wp-content\/uploads\/sites\/5\/2025\/08\/IGSS-CAMIP-Senora-Hilos-de-Plata-20255.jpg 1189w\" sizes=\"(max-width: 312px) 100vw, 312px\" alt=\"\">\r\n                            <\/a>\r\n                            \r\n                        <\/figure>\r\n                    <\/div>\r\n                    <div class = \"td-slide-item td-item3\">\r\n                        <figure class=\"td-slide-galery-figure td-slide-popup-gallery\">\r\n                            <a class=\"slide-gallery-image-link\" href=\"\/wp-content\/uploads\/sites\/5\/2025\/08\/IGSS-CAMIP-Senora-Hilos-de-Plata-20256.jpg\" title=\"IGSS CAMIP Sen\u0303ora Hilos de Plata 20256\"  data-caption=\"\"  data-description=\"\">\r\n                                <img decoding=\"async\" src=\"\/wp-content\/uploads\/sites\/5\/2025\/08\/IGSS-CAMIP-Senora-Hilos-de-Plata-20256-465x420.jpg\" srcset=\"\/wp-content\/uploads\/sites\/5\/2025\/08\/IGSS-CAMIP-Senora-Hilos-de-Plata-20256-465x420.jpg 465w, \/wp-content\/uploads\/sites\/5\/2025\/08\/IGSS-CAMIP-Senora-Hilos-de-Plata-20256-300x271.jpg 300w, \/wp-content\/uploads\/sites\/5\/2025\/08\/IGSS-CAMIP-Senora-Hilos-de-Plata-20256-768x694.jpg 768w, \/wp-content\/uploads\/sites\/5\/2025\/08\/IGSS-CAMIP-Senora-Hilos-de-Plata-20256-696x629.jpg 696w, \/wp-content\/uploads\/sites\/5\/2025\/08\/IGSS-CAMIP-Senora-Hilos-de-Plata-20256-511x462.jpg 511w, \/wp-content\/uploads\/sites\/5\/2025\/08\/IGSS-CAMIP-Senora-Hilos-de-Plata-20256.jpg 900w\" sizes=\"(max-width: 465px) 100vw, 465px\" alt=\"\">\r\n                            <\/a>\r\n                            \r\n                        <\/figure>\r\n                    <\/div>\r\n                    <div class = \"td-slide-item td-item4\">\r\n                        <figure class=\"td-slide-galery-figure td-slide-popup-gallery\">\r\n                            <a class=\"slide-gallery-image-link\" href=\"\/wp-content\/uploads\/sites\/5\/2025\/08\/IGSS-CAMIP-Senora-Hilos-de-Plata-20257.jpg\" title=\"IGSS CAMIP Sen\u0303ora Hilos de Plata 20257\"  data-caption=\"\"  data-description=\"\">\r\n                                <img decoding=\"async\" src=\"\/wp-content\/uploads\/sites\/5\/2025\/08\/IGSS-CAMIP-Senora-Hilos-de-Plata-20257-560x420.jpg\" srcset=\"\/wp-content\/uploads\/sites\/5\/2025\/08\/IGSS-CAMIP-Senora-Hilos-de-Plata-20257-560x420.jpg 560w, \/wp-content\/uploads\/sites\/5\/2025\/08\/IGSS-CAMIP-Senora-Hilos-de-Plata-20257-300x225.jpg 300w, \/wp-content\/uploads\/sites\/5\/2025\/08\/IGSS-CAMIP-Senora-Hilos-de-Plata-20257-1024x768.jpg 1024w, \/wp-content\/uploads\/sites\/5\/2025\/08\/IGSS-CAMIP-Senora-Hilos-de-Plata-20257-768x576.jpg 768w, \/wp-content\/uploads\/sites\/5\/2025\/08\/IGSS-CAMIP-Senora-Hilos-de-Plata-20257-1536x1152.jpg 1536w, \/wp-content\/uploads\/sites\/5\/2025\/08\/IGSS-CAMIP-Senora-Hilos-de-Plata-20257-80x60.jpg 80w, \/wp-content\/uploads\/sites\/5\/2025\/08\/IGSS-CAMIP-Senora-Hilos-de-Plata-20257-696x522.jpg 696w, \/wp-content\/uploads\/sites\/5\/2025\/08\/IGSS-CAMIP-Senora-Hilos-de-Plata-20257-1068x801.jpg 1068w, \/wp-content\/uploads\/sites\/5\/2025\/08\/IGSS-CAMIP-Senora-Hilos-de-Plata-20257-265x198.jpg 265w, \/wp-content\/uploads\/sites\/5\/2025\/08\/IGSS-CAMIP-Senora-Hilos-de-Plata-20257-534x401.jpg 534w, \/wp-content\/uploads\/sites\/5\/2025\/08\/IGSS-CAMIP-Senora-Hilos-de-Plata-20257.jpg 1600w\" sizes=\"(max-width: 560px) 100vw, 560px\" alt=\"\">\r\n                            <\/a>\r\n                            \r\n                        <\/figure>\r\n                    <\/div>\r\n                    <div class = \"td-slide-item td-item5\">\r\n                        <figure class=\"td-slide-galery-figure td-slide-popup-gallery\">\r\n                            <a class=\"slide-gallery-image-link\" href=\"\/wp-content\/uploads\/sites\/5\/2025\/08\/IGSS-CAMIP-Senora-Hilos-de-Plata-20258.jpg\" title=\"IGSS CAMIP Sen\u0303ora Hilos de Plata 20258\"  data-caption=\"\"  data-description=\"\">\r\n                                <img decoding=\"async\" src=\"\/wp-content\/uploads\/sites\/5\/2025\/08\/IGSS-CAMIP-Senora-Hilos-de-Plata-20258-560x420.jpg\" srcset=\"\/wp-content\/uploads\/sites\/5\/2025\/08\/IGSS-CAMIP-Senora-Hilos-de-Plata-20258-560x420.jpg 560w, \/wp-content\/uploads\/sites\/5\/2025\/08\/IGSS-CAMIP-Senora-Hilos-de-Plata-20258-300x225.jpg 300w, \/wp-content\/uploads\/sites\/5\/2025\/08\/IGSS-CAMIP-Senora-Hilos-de-Plata-20258-1024x768.jpg 1024w, \/wp-content\/uploads\/sites\/5\/2025\/08\/IGSS-CAMIP-Senora-Hilos-de-Plata-20258-768x576.jpg 768w, \/wp-content\/uploads\/sites\/5\/2025\/08\/IGSS-CAMIP-Senora-Hilos-de-Plata-20258-1536x1152.jpg 1536w, \/wp-content\/uploads\/sites\/5\/2025\/08\/IGSS-CAMIP-Senora-Hilos-de-Plata-20258-80x60.jpg 80w, \/wp-content\/uploads\/sites\/5\/2025\/08\/IGSS-CAMIP-Senora-Hilos-de-Plata-20258-696x522.jpg 696w, \/wp-content\/uploads\/sites\/5\/2025\/08\/IGSS-CAMIP-Senora-Hilos-de-Plata-20258-1068x801.jpg 1068w, \/wp-content\/uploads\/sites\/5\/2025\/08\/IGSS-CAMIP-Senora-Hilos-de-Plata-20258-265x198.jpg 265w, \/wp-content\/uploads\/sites\/5\/2025\/08\/IGSS-CAMIP-Senora-Hilos-de-Plata-20258-534x401.jpg 534w, \/wp-content\/uploads\/sites\/5\/2025\/08\/IGSS-CAMIP-Senora-Hilos-de-Plata-20258.jpg 1600w\" sizes=\"(max-width: 560px) 100vw, 560px\" alt=\"\">\r\n                            <\/a>\r\n                            \r\n                        <\/figure>\r\n                    <\/div>\r\n                            <\/div>\r\n                        <\/div>\r\n\r\n                        <div class = \"td-doubleSlider-2\">\r\n                            <div class = \"td-slider\">\r\n                                \r\n                    <div class = \"td-button td-item1\">\r\n                        <div class = \"td-border\"><\/div>\r\n                    <\/div>\r\n                    <div class = \"td-button td-item2\">\r\n                        <div class = \"td-border\"><\/div>\r\n                    <\/div>\r\n                    <div class = \"td-button td-item3\">\r\n                        <div class = \"td-border\"><\/div>\r\n                    <\/div>\r\n                    <div class = \"td-button td-item4\">\r\n                        <div class = \"td-border\"><\/div>\r\n                    <\/div>\r\n                    <div class = \"td-button td-item5\">\r\n                        <div class = \"td-border\"><\/div>\r\n                    <\/div>\r\n                            <\/div>\r\n                        <\/div>\r\n\r\n                    <\/div>\r\n\r\n                <\/div>\r\n                \n","protected":false},"excerpt":{"rendered":"<p>\u201cSer Se\u00f1ora Hilos de Plata es una experiencia muy bonita, los aplausos el d\u00eda de la elecci\u00f3n me emocionaron mucho, a esta edad se vive de forma diferente\u201d, as\u00ed se refiere Myriam Meza a las vivencias tras su elecci\u00f3n y a los meses que se ha desempe\u00f1ado como soberana de los pensionados y jubilados de [&hellip;]<\/p>\n","protected":false},"author":3269,"featured_media":49924,"comment_status":"closed","ping_status":"closed","sticky":false,"template":"","format":"standard","meta":{"footnotes":""},"categories":[3,8,1868,20,1872,25,1887],"tags":[146,2007,490,543,1369,699,1368,2355],"coauthors":[1970],"class_list":{"0":"post-49923","1":"post","2":"type-post","3":"status-publish","4":"format-standard","5":"has-post-thumbnail","7":"category-actualidad","8":"category-camip","9":"category-fashion","10":"category-jubilados","11":"category-lifestyle","12":"category-pensionados","13":"category-vogue","14":"tag-camip","15":"tag-centro-de-atencion-medica-integral-para-pensionados","16":"tag-igss","17":"tag-jubilados","18":"tag-jubilados-del-igss","19":"tag-pensionados","20":"tag-pensionados-del-igss","21":"tag-senora-hilos-de-plata"},"_links":{"self":[{"href":"https:\/\/www.igssgt.org\/noticias\/wp-json\/wp\/v2\/posts\/49923","targetHints":{"allow":["GET"]}}],"collection":[{"href":"https:\/\/www.igssgt.org\/noticias\/wp-json\/wp\/v2\/posts"}],"about":[{"href":"https:\/\/www.igssgt.org\/noticias\/wp-json\/wp\/v2\/types\/post"}],"author":[{"embeddable":true,"href":"https:\/\/www.igssgt.org\/noticias\/wp-json\/wp\/v2\/users\/3269"}],"replies":[{"embeddable":true,"href":"https:\/\/www.igssgt.org\/noticias\/wp-json\/wp\/v2\/comments?post=49923"}],"version-history":[{"count":1,"href":"https:\/\/www.igssgt.org\/noticias\/wp-json\/wp\/v2\/posts\/49923\/revisions"}],"predecessor-version":[{"id":49933,"href":"https:\/\/www.igssgt.org\/noticias\/wp-json\/wp\/v2\/posts\/49923\/revisions\/49933"}],"wp:featuredmedia":[{"embeddable":true,"href":"https:\/\/www.igssgt.org\/noticias\/wp-json\/wp\/v2\/media\/49924"}],"wp:attachment":[{"href":"https:\/\/www.igssgt.org\/noticias\/wp-json\/wp\/v2\/media?parent=49923"}],"wp:term":[{"taxonomy":"category","embeddable":true,"href":"https:\/\/www.igssgt.org\/noticias\/wp-json\/wp\/v2\/categories?post=49923"},{"taxonomy":"post_tag","embeddable":true,"href":"https:\/\/www.igssgt.org\/noticias\/wp-json\/wp\/v2\/tags?post=49923"},{"taxonomy":"author","embeddable":true,"href":"https:\/\/www.igssgt.org\/noticias\/wp-json\/wp\/v2\/coauthors?post=49923"}],"curies":[{"name":"wp","href":"https:\/\/api.w.org\/{rel}","templated":true}]}}