{"id":50165,"date":"2025-09-03T16:00:00","date_gmt":"2025-09-03T22:00:00","guid":{"rendered":"https:\/\/www.igssgt.org\/noticias\/?p=50165"},"modified":"2025-10-21T13:35:47","modified_gmt":"2025-10-21T19:35:47","slug":"viii-encuentro-de-sso-seguimos-fomentando-la-cultura-de-prevencion","status":"publish","type":"post","link":"https:\/\/www.igssgt.org\/noticias\/2025\/09\/03\/viii-encuentro-de-sso-seguimos-fomentando-la-cultura-de-prevencion\/","title":{"rendered":"VIII Encuentro de SSO: seguimos fomentando la cultura de prevenci\u00f3n"},"content":{"rendered":"\n<p class=\"has-drop-cap\">La salud y seguridad en el trabajo es un derecho humano fundamental y para cumplirlo, existen diversas estrategias, herramientas tecnol\u00f3gicas y experiencias de \u00e9xito, que fueron discutidas en el VIII Encuentro de Salud y Seguridad Ocupacional (SSO).<\/p>\n\n\n\n<p>El evento celebrado durante dos d\u00edas por el Instituto Guatemalteco de Seguridad Social (IGSS) reuni\u00f3 a expertos nacionales e internacionales para abordar las herramientas que contribuyen a generar condiciones seguras y saludables para los trabajadores y el impacto que esto tiene en la productividad.<\/p>\n<p><a href=\"\/wp-content\/uploads\/sites\/5\/2025\/09\/VIII-Encuentro-de-la-Seguridad-y-Salud-Ocupacional-IGSS-2025-66.jpg\"><img loading=\"lazy\" decoding=\"async\" class=\"aligncenter size-full wp-image-50167\" src=\"\/wp-content\/uploads\/sites\/5\/2025\/09\/VIII-Encuentro-de-la-Seguridad-y-Salud-Ocupacional-IGSS-2025-66.jpg\" alt=\"\" width=\"1599\" height=\"1066\" srcset=\"\/wp-content\/uploads\/sites\/5\/2025\/09\/VIII-Encuentro-de-la-Seguridad-y-Salud-Ocupacional-IGSS-2025-66.jpg 1599w, \/wp-content\/uploads\/sites\/5\/2025\/09\/VIII-Encuentro-de-la-Seguridad-y-Salud-Ocupacional-IGSS-2025-66-300x200.jpg 300w, \/wp-content\/uploads\/sites\/5\/2025\/09\/VIII-Encuentro-de-la-Seguridad-y-Salud-Ocupacional-IGSS-2025-66-1024x683.jpg 1024w, \/wp-content\/uploads\/sites\/5\/2025\/09\/VIII-Encuentro-de-la-Seguridad-y-Salud-Ocupacional-IGSS-2025-66-768x512.jpg 768w, \/wp-content\/uploads\/sites\/5\/2025\/09\/VIII-Encuentro-de-la-Seguridad-y-Salud-Ocupacional-IGSS-2025-66-1536x1024.jpg 1536w, \/wp-content\/uploads\/sites\/5\/2025\/09\/VIII-Encuentro-de-la-Seguridad-y-Salud-Ocupacional-IGSS-2025-66-630x420.jpg 630w, \/wp-content\/uploads\/sites\/5\/2025\/09\/VIII-Encuentro-de-la-Seguridad-y-Salud-Ocupacional-IGSS-2025-66-696x464.jpg 696w, \/wp-content\/uploads\/sites\/5\/2025\/09\/VIII-Encuentro-de-la-Seguridad-y-Salud-Ocupacional-IGSS-2025-66-1068x712.jpg 1068w, \/wp-content\/uploads\/sites\/5\/2025\/09\/VIII-Encuentro-de-la-Seguridad-y-Salud-Ocupacional-IGSS-2025-66-534x356.jpg 534w\" sizes=\"auto, (max-width: 1599px) 100vw, 1599px\" \/><\/a><\/p>\n<p>El Dr. Mynor Mej\u00eda, jefe de la Secci\u00f3n de Seguridad e Higiene del IGSS, indic\u00f3 que se tuvo una exitosa participaci\u00f3n, con m\u00e1s 440 asistentes de forma presencial y m\u00e1s de 1 mil 200 por la v\u00eda virtual. \u201cEstamos concluyendo este evento que es un esfuerzo m\u00e1s del Instituto por fomentar una cultura de salud y seguridad ocupacional\u201d, agreg\u00f3.<\/p>\n<p>Por su parte, la ministra de Trabajo y Previsi\u00f3n Social, Licda. Miriam Roquel, dijo que hablar de salud y seguridad ocupacional no solo hablar del cumplimiento de normas y regulaciones, sino que se trata de un compromiso de car\u00e1cter \u00e9tico y social con el ser humano. \u201cReconozco la labor del IGSS que, con este Encuentro, fomenta el intercambio de experiencias que son de gran utilidad para orientar la pol\u00edtica empresarial\u201d, destac\u00f3.<\/p>\n<figure id=\"attachment_50173\" aria-describedby=\"caption-attachment-50173\" style=\"width: 1599px\" class=\"wp-caption aligncenter\"><a href=\"\/wp-content\/uploads\/sites\/5\/2025\/09\/VIII-Encuentro-de-la-Seguridad-y-Salud-Ocupacional-IGSS-2025-65.jpg\"><img loading=\"lazy\" decoding=\"async\" class=\"wp-image-50173 size-full\" src=\"\/wp-content\/uploads\/sites\/5\/2025\/09\/VIII-Encuentro-de-la-Seguridad-y-Salud-Ocupacional-IGSS-2025-65.jpg\" alt=\"\" width=\"1599\" height=\"1066\" srcset=\"\/wp-content\/uploads\/sites\/5\/2025\/09\/VIII-Encuentro-de-la-Seguridad-y-Salud-Ocupacional-IGSS-2025-65.jpg 1599w, \/wp-content\/uploads\/sites\/5\/2025\/09\/VIII-Encuentro-de-la-Seguridad-y-Salud-Ocupacional-IGSS-2025-65-300x200.jpg 300w, \/wp-content\/uploads\/sites\/5\/2025\/09\/VIII-Encuentro-de-la-Seguridad-y-Salud-Ocupacional-IGSS-2025-65-1024x683.jpg 1024w, \/wp-content\/uploads\/sites\/5\/2025\/09\/VIII-Encuentro-de-la-Seguridad-y-Salud-Ocupacional-IGSS-2025-65-768x512.jpg 768w, \/wp-content\/uploads\/sites\/5\/2025\/09\/VIII-Encuentro-de-la-Seguridad-y-Salud-Ocupacional-IGSS-2025-65-1536x1024.jpg 1536w, \/wp-content\/uploads\/sites\/5\/2025\/09\/VIII-Encuentro-de-la-Seguridad-y-Salud-Ocupacional-IGSS-2025-65-630x420.jpg 630w, \/wp-content\/uploads\/sites\/5\/2025\/09\/VIII-Encuentro-de-la-Seguridad-y-Salud-Ocupacional-IGSS-2025-65-696x464.jpg 696w, \/wp-content\/uploads\/sites\/5\/2025\/09\/VIII-Encuentro-de-la-Seguridad-y-Salud-Ocupacional-IGSS-2025-65-1068x712.jpg 1068w, \/wp-content\/uploads\/sites\/5\/2025\/09\/VIII-Encuentro-de-la-Seguridad-y-Salud-Ocupacional-IGSS-2025-65-534x356.jpg 534w\" sizes=\"auto, (max-width: 1599px) 100vw, 1599px\" \/><\/a><figcaption id=\"caption-attachment-50173\" class=\"wp-caption-text\">Licda. Miriam Roquel, Ministra de Trabajo y Previsi\u00f3n Social.<\/figcaption><\/figure>\n<p>Los temas abordardos durante la segunda jornada del Encuentro fueron:<\/p>\n<ul>\n<li>Impacto de la reducci\u00f3n de da\u00f1o en el entorno laboral, impartido por los doctores Javier Vindas Acosta y Randall Rodr\u00edguez Obando, consultores expertos de Costa Rica<\/li>\n<li>Prevenci\u00f3n y control de riesgos por exposici\u00f3n a agentes f\u00edsicos y qu\u00edmicos en la industria guatemalteca, a cargo de la MBA, ingeniera Roc\u00edo Bautista, de la Universidad del Valle de Guatemala<\/li>\n<li>Situaci\u00f3n de accidentes de tr\u00e1nsito en Guatemala y presentaci\u00f3n de datos del primer estudio epidemiol\u00f3gico de enfermedades no transmisibles 2009 \u2013 2019, por la Ing. Carmen Salguero, de la Fundaci\u00f3n para el Desarrollo FUNDESA<\/li>\n<li>Herramientas tecnol\u00f3gicas para la vigilancia de la salud en el trabajo, por el Dr. Francis Z\u00fa\u00f1iga, de la Organizaci\u00f3n Iberoamericana de la Seguridad Social OISS<\/li>\n<li>Seguridad y salud en la agroindustria: experiencias desde la cooperaci\u00f3n internacional, a cargo de la Licda. Y\u00e9ssica Calvario, consultora experta de M\u00e9xico<\/li>\n<\/ul>\n<figure id=\"attachment_50169\" aria-describedby=\"caption-attachment-50169\" style=\"width: 1599px\" class=\"wp-caption aligncenter\"><a href=\"\/wp-content\/uploads\/sites\/5\/2025\/09\/VIII-Encuentro-de-la-Seguridad-y-Salud-Ocupacional-IGSS-2025-64.jpg\"><img loading=\"lazy\" decoding=\"async\" class=\"wp-image-50169 size-full\" src=\"\/wp-content\/uploads\/sites\/5\/2025\/09\/VIII-Encuentro-de-la-Seguridad-y-Salud-Ocupacional-IGSS-2025-64.jpg\" alt=\"\" width=\"1599\" height=\"1066\" srcset=\"\/wp-content\/uploads\/sites\/5\/2025\/09\/VIII-Encuentro-de-la-Seguridad-y-Salud-Ocupacional-IGSS-2025-64.jpg 1599w, \/wp-content\/uploads\/sites\/5\/2025\/09\/VIII-Encuentro-de-la-Seguridad-y-Salud-Ocupacional-IGSS-2025-64-300x200.jpg 300w, \/wp-content\/uploads\/sites\/5\/2025\/09\/VIII-Encuentro-de-la-Seguridad-y-Salud-Ocupacional-IGSS-2025-64-1024x683.jpg 1024w, \/wp-content\/uploads\/sites\/5\/2025\/09\/VIII-Encuentro-de-la-Seguridad-y-Salud-Ocupacional-IGSS-2025-64-768x512.jpg 768w, \/wp-content\/uploads\/sites\/5\/2025\/09\/VIII-Encuentro-de-la-Seguridad-y-Salud-Ocupacional-IGSS-2025-64-1536x1024.jpg 1536w, \/wp-content\/uploads\/sites\/5\/2025\/09\/VIII-Encuentro-de-la-Seguridad-y-Salud-Ocupacional-IGSS-2025-64-630x420.jpg 630w, \/wp-content\/uploads\/sites\/5\/2025\/09\/VIII-Encuentro-de-la-Seguridad-y-Salud-Ocupacional-IGSS-2025-64-696x464.jpg 696w, \/wp-content\/uploads\/sites\/5\/2025\/09\/VIII-Encuentro-de-la-Seguridad-y-Salud-Ocupacional-IGSS-2025-64-1068x712.jpg 1068w, \/wp-content\/uploads\/sites\/5\/2025\/09\/VIII-Encuentro-de-la-Seguridad-y-Salud-Ocupacional-IGSS-2025-64-534x356.jpg 534w\" sizes=\"auto, (max-width: 1599px) 100vw, 1599px\" \/><\/a><figcaption id=\"caption-attachment-50169\" class=\"wp-caption-text\">Ing. Carmen Salguero, FUNDESA.<\/figcaption><\/figure>\n<p>El evento finaliz\u00f3 con un foro en el que se discuti\u00f3 la estrategia para el desarrollo de salud y seguridad ocupacional en Guatemala. En este participaron el subgerente de Prestaciones Pecuniarias del IGSS, Lic. Jos\u00e9 Domingo Argueta; el Dr. Francis Z\u00fa\u00f1iga, y la M.A. Anabella Orellana, experta en derechos humanos.<\/p>\n<p>\u201cApoyamos absolutamente estos esfuerzos del IGSS porque sabemos que est\u00e1n potenciando las condiciones que permiten que las mismas empresas generen las medidas para la prevenci\u00f3n de riesgos\u201d, dijo el Dr. Z\u00fa\u00f1iga, consultor experto de la OISS.<\/p>\n<p>El miembro de la Junta Directiva del IGSS, Sr. Adolfo Lacs, indic\u00f3 que la voluntad de reducir los accidentes y enfermedades laborales est\u00e1 en el IGSS, en el Ministerio de Trabajo y en las empresas, pero es necesario extenderla a m\u00e1s sectores. \u201cLa prevenci\u00f3n es tarea de todos\u201d, resalt\u00f3.<\/p>\n<p><strong>Reconocimientos<\/strong><\/p>\n<p>En esta jornada fueron galardonadas las empresas Industria Comercializadora de Electrodom\u00e9sticos S.A. y Corporaci\u00f3n Jezreel S.A. por destacar en el cumplimiento de las buenas pr\u00e1cticas en materia de SSO. Tambi\u00e9n fue reconocido Mynor Batres Barillas por su trayectoria de 35 a\u00f1os como inspector de Seguridad e Higiene.<\/p>\n\r\n                <style type=\"text\/css\">\r\n                    \r\n                    #tdi_1  .td-doubleSlider-2 .td-item1 {\r\n                        background: url(\/wp-content\/uploads\/sites\/5\/2025\/09\/VIII-Encuentro-de-la-Seguridad-y-Salud-Ocupacional-IGSS-2025-60-80x60.jpg) 0 0 no-repeat;\r\n                    }\r\n                    #tdi_1  .td-doubleSlider-2 .td-item2 {\r\n                        background: url(\/wp-content\/uploads\/sites\/5\/2025\/09\/VIII-Encuentro-de-la-Seguridad-y-Salud-Ocupacional-IGSS-2025-61-80x60.jpg) 0 0 no-repeat;\r\n                    }\r\n                    #tdi_1  .td-doubleSlider-2 .td-item3 {\r\n                        background: url(\/wp-content\/uploads\/sites\/5\/2025\/09\/VIII-Encuentro-de-la-Seguridad-y-Salud-Ocupacional-IGSS-2025-75-80x60.jpg) 0 0 no-repeat;\r\n                    }\r\n                    #tdi_1  .td-doubleSlider-2 .td-item4 {\r\n                        background: url(\/wp-content\/uploads\/sites\/5\/2025\/09\/VIII-Encuentro-de-la-Seguridad-y-Salud-Ocupacional-IGSS-2025-68-80x60.jpg) 0 0 no-repeat;\r\n                    }\r\n                    #tdi_1  .td-doubleSlider-2 .td-item5 {\r\n                        background: url(\/wp-content\/uploads\/sites\/5\/2025\/09\/VIII-Encuentro-de-la-Seguridad-y-Salud-Ocupacional-IGSS-2025-69-80x60.jpg) 0 0 no-repeat;\r\n                    }\r\n                    #tdi_1  .td-doubleSlider-2 .td-item6 {\r\n                        background: url(\/wp-content\/uploads\/sites\/5\/2025\/09\/VIII-Encuentro-de-la-Seguridad-y-Salud-Ocupacional-IGSS-2025-71-80x60.jpg) 0 0 no-repeat;\r\n                    }\r\n                    #tdi_1  .td-doubleSlider-2 .td-item7 {\r\n                        background: url(\/wp-content\/uploads\/sites\/5\/2025\/09\/VIII-Encuentro-de-la-Seguridad-y-Salud-Ocupacional-IGSS-2025-67-80x60.jpg) 0 0 no-repeat;\r\n                    }\r\n                    #tdi_1  .td-doubleSlider-2 .td-item8 {\r\n                        background: url(\/wp-content\/uploads\/sites\/5\/2025\/09\/VIII-Encuentro-de-la-Seguridad-y-Salud-Ocupacional-IGSS-2025-70-80x60.jpg) 0 0 no-repeat;\r\n                    }\r\n                    #tdi_1  .td-doubleSlider-2 .td-item9 {\r\n                        background: url(\/wp-content\/uploads\/sites\/5\/2025\/09\/VIII-Encuentro-de-la-Seguridad-y-Salud-Ocupacional-IGSS-2025-72-80x60.jpg) 0 0 no-repeat;\r\n                    }\r\n                    #tdi_1  .td-doubleSlider-2 .td-item10 {\r\n                        background: url(\/wp-content\/uploads\/sites\/5\/2025\/09\/VIII-Encuentro-de-la-Seguridad-y-Salud-Ocupacional-IGSS-2025-74-80x60.jpg) 0 0 no-repeat;\r\n                    }\r\n                    #tdi_1  .td-doubleSlider-2 .td-item11 {\r\n                        background: url(\/wp-content\/uploads\/sites\/5\/2025\/09\/VIII-Encuentro-de-la-Seguridad-y-Salud-Ocupacional-IGSS-2025-63-80x60.jpg) 0 0 no-repeat;\r\n                    }\r\n                <\/style>\r\n\r\n                <div id=\"tdi_1\" class=\"td-gallery td-slide-on-2-columns\">\r\n                    <div class=\"post_td_gallery\">\r\n                        <div class=\"td-gallery-slide-top\">\r\n                           <div class=\"td-gallery-title\">Galer\u00eda de Im\u00e1genes<\/div>\r\n\r\n                            <div class=\"td-gallery-controls-wrapper\">\r\n                                <div class=\"td-gallery-slide-count\"><span class=\"td-gallery-slide-item-focus\">1<\/span> de 11<\/div>\r\n                                <div class=\"td-gallery-slide-prev-next-but\">\r\n                                    <i class = \"td-icon-left doubleSliderPrevButton\"><\/i>\r\n                                    <i class = \"td-icon-right doubleSliderNextButton\"><\/i>\r\n                                <\/div>\r\n                            <\/div>\r\n                        <\/div>\r\n\r\n                        <div class = \"td-doubleSlider-1 \">\r\n                            <div class = \"td-slider\">\r\n                                \r\n                    <div class = \"td-slide-item td-item1\">\r\n                        <figure class=\"td-slide-galery-figure td-slide-popup-gallery\">\r\n                            <a class=\"slide-gallery-image-link\" href=\"\/wp-content\/uploads\/sites\/5\/2025\/09\/VIII-Encuentro-de-la-Seguridad-y-Salud-Ocupacional-IGSS-2025-60.jpg\" title=\"VIII Encuentro de la Seguridad y Salud Ocupacional IGSS 2025-60\"  data-caption=\"\"  data-description=\"\">\r\n                                <img decoding=\"async\" src=\"\/wp-content\/uploads\/sites\/5\/2025\/09\/VIII-Encuentro-de-la-Seguridad-y-Salud-Ocupacional-IGSS-2025-60-635x420.jpg\" srcset=\"\/wp-content\/uploads\/sites\/5\/2025\/09\/VIII-Encuentro-de-la-Seguridad-y-Salud-Ocupacional-IGSS-2025-60-635x420.jpg 635w, \/wp-content\/uploads\/sites\/5\/2025\/09\/VIII-Encuentro-de-la-Seguridad-y-Salud-Ocupacional-IGSS-2025-60-300x198.jpg 300w, \/wp-content\/uploads\/sites\/5\/2025\/09\/VIII-Encuentro-de-la-Seguridad-y-Salud-Ocupacional-IGSS-2025-60-1024x677.jpg 1024w, \/wp-content\/uploads\/sites\/5\/2025\/09\/VIII-Encuentro-de-la-Seguridad-y-Salud-Ocupacional-IGSS-2025-60-768x508.jpg 768w, \/wp-content\/uploads\/sites\/5\/2025\/09\/VIII-Encuentro-de-la-Seguridad-y-Salud-Ocupacional-IGSS-2025-60-696x460.jpg 696w, \/wp-content\/uploads\/sites\/5\/2025\/09\/VIII-Encuentro-de-la-Seguridad-y-Salud-Ocupacional-IGSS-2025-60-1068x707.jpg 1068w, \/wp-content\/uploads\/sites\/5\/2025\/09\/VIII-Encuentro-de-la-Seguridad-y-Salud-Ocupacional-IGSS-2025-60-534x353.jpg 534w, \/wp-content\/uploads\/sites\/5\/2025\/09\/VIII-Encuentro-de-la-Seguridad-y-Salud-Ocupacional-IGSS-2025-60.jpg 1436w\" sizes=\"(max-width: 635px) 100vw, 635px\" alt=\"\">\r\n                            <\/a>\r\n                            \r\n                        <\/figure>\r\n                    <\/div>\r\n                    <div class = \"td-slide-item td-item2\">\r\n                        <figure class=\"td-slide-galery-figure td-slide-popup-gallery\">\r\n                            <a class=\"slide-gallery-image-link\" href=\"\/wp-content\/uploads\/sites\/5\/2025\/09\/VIII-Encuentro-de-la-Seguridad-y-Salud-Ocupacional-IGSS-2025-61.jpg\" title=\"VIII Encuentro de la Seguridad y Salud Ocupacional IGSS 2025-61\"  data-caption=\"\"  data-description=\"\">\r\n                                <img decoding=\"async\" src=\"\/wp-content\/uploads\/sites\/5\/2025\/09\/VIII-Encuentro-de-la-Seguridad-y-Salud-Ocupacional-IGSS-2025-61-604x420.jpg\" srcset=\"\/wp-content\/uploads\/sites\/5\/2025\/09\/VIII-Encuentro-de-la-Seguridad-y-Salud-Ocupacional-IGSS-2025-61-604x420.jpg 604w, \/wp-content\/uploads\/sites\/5\/2025\/09\/VIII-Encuentro-de-la-Seguridad-y-Salud-Ocupacional-IGSS-2025-61-300x209.jpg 300w, \/wp-content\/uploads\/sites\/5\/2025\/09\/VIII-Encuentro-de-la-Seguridad-y-Salud-Ocupacional-IGSS-2025-61-1024x712.jpg 1024w, \/wp-content\/uploads\/sites\/5\/2025\/09\/VIII-Encuentro-de-la-Seguridad-y-Salud-Ocupacional-IGSS-2025-61-768x534.jpg 768w, \/wp-content\/uploads\/sites\/5\/2025\/09\/VIII-Encuentro-de-la-Seguridad-y-Salud-Ocupacional-IGSS-2025-61-696x484.jpg 696w, \/wp-content\/uploads\/sites\/5\/2025\/09\/VIII-Encuentro-de-la-Seguridad-y-Salud-Ocupacional-IGSS-2025-61-1068x743.jpg 1068w, \/wp-content\/uploads\/sites\/5\/2025\/09\/VIII-Encuentro-de-la-Seguridad-y-Salud-Ocupacional-IGSS-2025-61-100x70.jpg 100w, \/wp-content\/uploads\/sites\/5\/2025\/09\/VIII-Encuentro-de-la-Seguridad-y-Salud-Ocupacional-IGSS-2025-61-534x371.jpg 534w, \/wp-content\/uploads\/sites\/5\/2025\/09\/VIII-Encuentro-de-la-Seguridad-y-Salud-Ocupacional-IGSS-2025-61.jpg 1297w\" sizes=\"(max-width: 604px) 100vw, 604px\" alt=\"\">\r\n                            <\/a>\r\n                            \r\n                        <\/figure>\r\n                    <\/div>\r\n                    <div class = \"td-slide-item td-item3\">\r\n                        <figure class=\"td-slide-galery-figure td-slide-popup-gallery\">\r\n                            <a class=\"slide-gallery-image-link\" href=\"\/wp-content\/uploads\/sites\/5\/2025\/09\/VIII-Encuentro-de-la-Seguridad-y-Salud-Ocupacional-IGSS-2025-75.jpg\" title=\"VIII Encuentro de la Seguridad y Salud Ocupacional IGSS 2025-75\"  data-caption=\"\"  data-description=\"\">\r\n                                <img decoding=\"async\" src=\"\/wp-content\/uploads\/sites\/5\/2025\/09\/VIII-Encuentro-de-la-Seguridad-y-Salud-Ocupacional-IGSS-2025-75-630x420.jpg\" srcset=\"\/wp-content\/uploads\/sites\/5\/2025\/09\/VIII-Encuentro-de-la-Seguridad-y-Salud-Ocupacional-IGSS-2025-75-630x420.jpg 630w, \/wp-content\/uploads\/sites\/5\/2025\/09\/VIII-Encuentro-de-la-Seguridad-y-Salud-Ocupacional-IGSS-2025-75-300x200.jpg 300w, \/wp-content\/uploads\/sites\/5\/2025\/09\/VIII-Encuentro-de-la-Seguridad-y-Salud-Ocupacional-IGSS-2025-75-1024x683.jpg 1024w, \/wp-content\/uploads\/sites\/5\/2025\/09\/VIII-Encuentro-de-la-Seguridad-y-Salud-Ocupacional-IGSS-2025-75-768x512.jpg 768w, \/wp-content\/uploads\/sites\/5\/2025\/09\/VIII-Encuentro-de-la-Seguridad-y-Salud-Ocupacional-IGSS-2025-75-1536x1024.jpg 1536w, \/wp-content\/uploads\/sites\/5\/2025\/09\/VIII-Encuentro-de-la-Seguridad-y-Salud-Ocupacional-IGSS-2025-75-696x464.jpg 696w, \/wp-content\/uploads\/sites\/5\/2025\/09\/VIII-Encuentro-de-la-Seguridad-y-Salud-Ocupacional-IGSS-2025-75-1068x712.jpg 1068w, \/wp-content\/uploads\/sites\/5\/2025\/09\/VIII-Encuentro-de-la-Seguridad-y-Salud-Ocupacional-IGSS-2025-75-534x356.jpg 534w, \/wp-content\/uploads\/sites\/5\/2025\/09\/VIII-Encuentro-de-la-Seguridad-y-Salud-Ocupacional-IGSS-2025-75.jpg 1599w\" sizes=\"(max-width: 630px) 100vw, 630px\" alt=\"\">\r\n                            <\/a>\r\n                            \r\n                        <\/figure>\r\n                    <\/div>\r\n                    <div class = \"td-slide-item td-item4\">\r\n                        <figure class=\"td-slide-galery-figure td-slide-popup-gallery\">\r\n                            <a class=\"slide-gallery-image-link\" href=\"\/wp-content\/uploads\/sites\/5\/2025\/09\/VIII-Encuentro-de-la-Seguridad-y-Salud-Ocupacional-IGSS-2025-68.jpg\" title=\"VIII Encuentro de la Seguridad y Salud Ocupacional IGSS 2025-68\"  data-caption=\"\"  data-description=\"\">\r\n                                <img decoding=\"async\" src=\"\/wp-content\/uploads\/sites\/5\/2025\/09\/VIII-Encuentro-de-la-Seguridad-y-Salud-Ocupacional-IGSS-2025-68-630x420.jpg\" srcset=\"\/wp-content\/uploads\/sites\/5\/2025\/09\/VIII-Encuentro-de-la-Seguridad-y-Salud-Ocupacional-IGSS-2025-68-630x420.jpg 630w, \/wp-content\/uploads\/sites\/5\/2025\/09\/VIII-Encuentro-de-la-Seguridad-y-Salud-Ocupacional-IGSS-2025-68-300x200.jpg 300w, \/wp-content\/uploads\/sites\/5\/2025\/09\/VIII-Encuentro-de-la-Seguridad-y-Salud-Ocupacional-IGSS-2025-68-1024x683.jpg 1024w, \/wp-content\/uploads\/sites\/5\/2025\/09\/VIII-Encuentro-de-la-Seguridad-y-Salud-Ocupacional-IGSS-2025-68-768x512.jpg 768w, \/wp-content\/uploads\/sites\/5\/2025\/09\/VIII-Encuentro-de-la-Seguridad-y-Salud-Ocupacional-IGSS-2025-68-1536x1024.jpg 1536w, \/wp-content\/uploads\/sites\/5\/2025\/09\/VIII-Encuentro-de-la-Seguridad-y-Salud-Ocupacional-IGSS-2025-68-696x464.jpg 696w, \/wp-content\/uploads\/sites\/5\/2025\/09\/VIII-Encuentro-de-la-Seguridad-y-Salud-Ocupacional-IGSS-2025-68-1068x712.jpg 1068w, \/wp-content\/uploads\/sites\/5\/2025\/09\/VIII-Encuentro-de-la-Seguridad-y-Salud-Ocupacional-IGSS-2025-68-534x356.jpg 534w, \/wp-content\/uploads\/sites\/5\/2025\/09\/VIII-Encuentro-de-la-Seguridad-y-Salud-Ocupacional-IGSS-2025-68.jpg 1599w\" sizes=\"(max-width: 630px) 100vw, 630px\" alt=\"\">\r\n                            <\/a>\r\n                            \r\n                        <\/figure>\r\n                    <\/div>\r\n                    <div class = \"td-slide-item td-item5\">\r\n                        <figure class=\"td-slide-galery-figure td-slide-popup-gallery\">\r\n                            <a class=\"slide-gallery-image-link\" href=\"\/wp-content\/uploads\/sites\/5\/2025\/09\/VIII-Encuentro-de-la-Seguridad-y-Salud-Ocupacional-IGSS-2025-69.jpg\" title=\"VIII Encuentro de la Seguridad y Salud Ocupacional IGSS 2025-69\"  data-caption=\"\"  data-description=\"\">\r\n                                <img decoding=\"async\" src=\"\/wp-content\/uploads\/sites\/5\/2025\/09\/VIII-Encuentro-de-la-Seguridad-y-Salud-Ocupacional-IGSS-2025-69-630x420.jpg\" srcset=\"\/wp-content\/uploads\/sites\/5\/2025\/09\/VIII-Encuentro-de-la-Seguridad-y-Salud-Ocupacional-IGSS-2025-69-630x420.jpg 630w, \/wp-content\/uploads\/sites\/5\/2025\/09\/VIII-Encuentro-de-la-Seguridad-y-Salud-Ocupacional-IGSS-2025-69-300x200.jpg 300w, \/wp-content\/uploads\/sites\/5\/2025\/09\/VIII-Encuentro-de-la-Seguridad-y-Salud-Ocupacional-IGSS-2025-69-1024x683.jpg 1024w, \/wp-content\/uploads\/sites\/5\/2025\/09\/VIII-Encuentro-de-la-Seguridad-y-Salud-Ocupacional-IGSS-2025-69-768x512.jpg 768w, \/wp-content\/uploads\/sites\/5\/2025\/09\/VIII-Encuentro-de-la-Seguridad-y-Salud-Ocupacional-IGSS-2025-69-1536x1024.jpg 1536w, \/wp-content\/uploads\/sites\/5\/2025\/09\/VIII-Encuentro-de-la-Seguridad-y-Salud-Ocupacional-IGSS-2025-69-696x464.jpg 696w, \/wp-content\/uploads\/sites\/5\/2025\/09\/VIII-Encuentro-de-la-Seguridad-y-Salud-Ocupacional-IGSS-2025-69-1068x712.jpg 1068w, \/wp-content\/uploads\/sites\/5\/2025\/09\/VIII-Encuentro-de-la-Seguridad-y-Salud-Ocupacional-IGSS-2025-69-534x356.jpg 534w, \/wp-content\/uploads\/sites\/5\/2025\/09\/VIII-Encuentro-de-la-Seguridad-y-Salud-Ocupacional-IGSS-2025-69.jpg 1599w\" sizes=\"(max-width: 630px) 100vw, 630px\" alt=\"\">\r\n                            <\/a>\r\n                            \r\n                        <\/figure>\r\n                    <\/div>\r\n                    <div class = \"td-slide-item td-item6\">\r\n                        <figure class=\"td-slide-galery-figure td-slide-popup-gallery\">\r\n                            <a class=\"slide-gallery-image-link\" href=\"\/wp-content\/uploads\/sites\/5\/2025\/09\/VIII-Encuentro-de-la-Seguridad-y-Salud-Ocupacional-IGSS-2025-71.jpg\" title=\"VIII Encuentro de la Seguridad y Salud Ocupacional IGSS 2025-71\"  data-caption=\"\"  data-description=\"\">\r\n                                <img decoding=\"async\" src=\"\/wp-content\/uploads\/sites\/5\/2025\/09\/VIII-Encuentro-de-la-Seguridad-y-Salud-Ocupacional-IGSS-2025-71-630x420.jpg\" srcset=\"\/wp-content\/uploads\/sites\/5\/2025\/09\/VIII-Encuentro-de-la-Seguridad-y-Salud-Ocupacional-IGSS-2025-71-630x420.jpg 630w, \/wp-content\/uploads\/sites\/5\/2025\/09\/VIII-Encuentro-de-la-Seguridad-y-Salud-Ocupacional-IGSS-2025-71-300x200.jpg 300w, \/wp-content\/uploads\/sites\/5\/2025\/09\/VIII-Encuentro-de-la-Seguridad-y-Salud-Ocupacional-IGSS-2025-71-1024x683.jpg 1024w, \/wp-content\/uploads\/sites\/5\/2025\/09\/VIII-Encuentro-de-la-Seguridad-y-Salud-Ocupacional-IGSS-2025-71-768x512.jpg 768w, \/wp-content\/uploads\/sites\/5\/2025\/09\/VIII-Encuentro-de-la-Seguridad-y-Salud-Ocupacional-IGSS-2025-71-1536x1024.jpg 1536w, \/wp-content\/uploads\/sites\/5\/2025\/09\/VIII-Encuentro-de-la-Seguridad-y-Salud-Ocupacional-IGSS-2025-71-696x464.jpg 696w, \/wp-content\/uploads\/sites\/5\/2025\/09\/VIII-Encuentro-de-la-Seguridad-y-Salud-Ocupacional-IGSS-2025-71-1068x712.jpg 1068w, \/wp-content\/uploads\/sites\/5\/2025\/09\/VIII-Encuentro-de-la-Seguridad-y-Salud-Ocupacional-IGSS-2025-71-534x356.jpg 534w, \/wp-content\/uploads\/sites\/5\/2025\/09\/VIII-Encuentro-de-la-Seguridad-y-Salud-Ocupacional-IGSS-2025-71.jpg 1599w\" sizes=\"(max-width: 630px) 100vw, 630px\" alt=\"\">\r\n                            <\/a>\r\n                            \r\n                        <\/figure>\r\n                    <\/div>\r\n                    <div class = \"td-slide-item td-item7\">\r\n                        <figure class=\"td-slide-galery-figure td-slide-popup-gallery\">\r\n                            <a class=\"slide-gallery-image-link\" href=\"\/wp-content\/uploads\/sites\/5\/2025\/09\/VIII-Encuentro-de-la-Seguridad-y-Salud-Ocupacional-IGSS-2025-67.jpg\" title=\"VIII Encuentro de la Seguridad y Salud Ocupacional IGSS 2025-67\"  data-caption=\"\"  data-description=\"\">\r\n                                <img decoding=\"async\" src=\"\/wp-content\/uploads\/sites\/5\/2025\/09\/VIII-Encuentro-de-la-Seguridad-y-Salud-Ocupacional-IGSS-2025-67-630x420.jpg\" srcset=\"\/wp-content\/uploads\/sites\/5\/2025\/09\/VIII-Encuentro-de-la-Seguridad-y-Salud-Ocupacional-IGSS-2025-67-630x420.jpg 630w, \/wp-content\/uploads\/sites\/5\/2025\/09\/VIII-Encuentro-de-la-Seguridad-y-Salud-Ocupacional-IGSS-2025-67-300x200.jpg 300w, \/wp-content\/uploads\/sites\/5\/2025\/09\/VIII-Encuentro-de-la-Seguridad-y-Salud-Ocupacional-IGSS-2025-67-1024x683.jpg 1024w, \/wp-content\/uploads\/sites\/5\/2025\/09\/VIII-Encuentro-de-la-Seguridad-y-Salud-Ocupacional-IGSS-2025-67-768x512.jpg 768w, \/wp-content\/uploads\/sites\/5\/2025\/09\/VIII-Encuentro-de-la-Seguridad-y-Salud-Ocupacional-IGSS-2025-67-1536x1024.jpg 1536w, \/wp-content\/uploads\/sites\/5\/2025\/09\/VIII-Encuentro-de-la-Seguridad-y-Salud-Ocupacional-IGSS-2025-67-696x464.jpg 696w, \/wp-content\/uploads\/sites\/5\/2025\/09\/VIII-Encuentro-de-la-Seguridad-y-Salud-Ocupacional-IGSS-2025-67-1068x712.jpg 1068w, \/wp-content\/uploads\/sites\/5\/2025\/09\/VIII-Encuentro-de-la-Seguridad-y-Salud-Ocupacional-IGSS-2025-67-534x356.jpg 534w, \/wp-content\/uploads\/sites\/5\/2025\/09\/VIII-Encuentro-de-la-Seguridad-y-Salud-Ocupacional-IGSS-2025-67.jpg 1599w\" sizes=\"(max-width: 630px) 100vw, 630px\" alt=\"\">\r\n                            <\/a>\r\n                            \r\n                        <\/figure>\r\n                    <\/div>\r\n                    <div class = \"td-slide-item td-item8\">\r\n                        <figure class=\"td-slide-galery-figure td-slide-popup-gallery\">\r\n                            <a class=\"slide-gallery-image-link\" href=\"\/wp-content\/uploads\/sites\/5\/2025\/09\/VIII-Encuentro-de-la-Seguridad-y-Salud-Ocupacional-IGSS-2025-70.jpg\" title=\"VIII Encuentro de la Seguridad y Salud Ocupacional IGSS 2025-70\"  data-caption=\"\"  data-description=\"\">\r\n                                <img decoding=\"async\" src=\"\/wp-content\/uploads\/sites\/5\/2025\/09\/VIII-Encuentro-de-la-Seguridad-y-Salud-Ocupacional-IGSS-2025-70-630x420.jpg\" srcset=\"\/wp-content\/uploads\/sites\/5\/2025\/09\/VIII-Encuentro-de-la-Seguridad-y-Salud-Ocupacional-IGSS-2025-70-630x420.jpg 630w, \/wp-content\/uploads\/sites\/5\/2025\/09\/VIII-Encuentro-de-la-Seguridad-y-Salud-Ocupacional-IGSS-2025-70-300x200.jpg 300w, \/wp-content\/uploads\/sites\/5\/2025\/09\/VIII-Encuentro-de-la-Seguridad-y-Salud-Ocupacional-IGSS-2025-70-1024x683.jpg 1024w, \/wp-content\/uploads\/sites\/5\/2025\/09\/VIII-Encuentro-de-la-Seguridad-y-Salud-Ocupacional-IGSS-2025-70-768x512.jpg 768w, \/wp-content\/uploads\/sites\/5\/2025\/09\/VIII-Encuentro-de-la-Seguridad-y-Salud-Ocupacional-IGSS-2025-70-1536x1024.jpg 1536w, \/wp-content\/uploads\/sites\/5\/2025\/09\/VIII-Encuentro-de-la-Seguridad-y-Salud-Ocupacional-IGSS-2025-70-696x464.jpg 696w, \/wp-content\/uploads\/sites\/5\/2025\/09\/VIII-Encuentro-de-la-Seguridad-y-Salud-Ocupacional-IGSS-2025-70-1068x712.jpg 1068w, \/wp-content\/uploads\/sites\/5\/2025\/09\/VIII-Encuentro-de-la-Seguridad-y-Salud-Ocupacional-IGSS-2025-70-534x356.jpg 534w, \/wp-content\/uploads\/sites\/5\/2025\/09\/VIII-Encuentro-de-la-Seguridad-y-Salud-Ocupacional-IGSS-2025-70.jpg 1599w\" sizes=\"(max-width: 630px) 100vw, 630px\" alt=\"\">\r\n                            <\/a>\r\n                            \r\n                        <\/figure>\r\n                    <\/div>\r\n                    <div class = \"td-slide-item td-item9\">\r\n                        <figure class=\"td-slide-galery-figure td-slide-popup-gallery\">\r\n                            <a class=\"slide-gallery-image-link\" href=\"\/wp-content\/uploads\/sites\/5\/2025\/09\/VIII-Encuentro-de-la-Seguridad-y-Salud-Ocupacional-IGSS-2025-72.jpg\" title=\"VIII Encuentro de la Seguridad y Salud Ocupacional IGSS 2025-72\"  data-caption=\"\"  data-description=\"\">\r\n                                <img decoding=\"async\" src=\"\/wp-content\/uploads\/sites\/5\/2025\/09\/VIII-Encuentro-de-la-Seguridad-y-Salud-Ocupacional-IGSS-2025-72-644x420.jpg\" srcset=\"\/wp-content\/uploads\/sites\/5\/2025\/09\/VIII-Encuentro-de-la-Seguridad-y-Salud-Ocupacional-IGSS-2025-72-644x420.jpg 644w, \/wp-content\/uploads\/sites\/5\/2025\/09\/VIII-Encuentro-de-la-Seguridad-y-Salud-Ocupacional-IGSS-2025-72-300x196.jpg 300w, \/wp-content\/uploads\/sites\/5\/2025\/09\/VIII-Encuentro-de-la-Seguridad-y-Salud-Ocupacional-IGSS-2025-72-1024x668.jpg 1024w, \/wp-content\/uploads\/sites\/5\/2025\/09\/VIII-Encuentro-de-la-Seguridad-y-Salud-Ocupacional-IGSS-2025-72-768x501.jpg 768w, \/wp-content\/uploads\/sites\/5\/2025\/09\/VIII-Encuentro-de-la-Seguridad-y-Salud-Ocupacional-IGSS-2025-72-1536x1002.jpg 1536w, \/wp-content\/uploads\/sites\/5\/2025\/09\/VIII-Encuentro-de-la-Seguridad-y-Salud-Ocupacional-IGSS-2025-72-696x454.jpg 696w, \/wp-content\/uploads\/sites\/5\/2025\/09\/VIII-Encuentro-de-la-Seguridad-y-Salud-Ocupacional-IGSS-2025-72-1068x697.jpg 1068w, \/wp-content\/uploads\/sites\/5\/2025\/09\/VIII-Encuentro-de-la-Seguridad-y-Salud-Ocupacional-IGSS-2025-72-534x348.jpg 534w, \/wp-content\/uploads\/sites\/5\/2025\/09\/VIII-Encuentro-de-la-Seguridad-y-Salud-Ocupacional-IGSS-2025-72.jpg 1599w\" sizes=\"(max-width: 644px) 100vw, 644px\" alt=\"\">\r\n                            <\/a>\r\n                            \r\n                        <\/figure>\r\n                    <\/div>\r\n                    <div class = \"td-slide-item td-item10\">\r\n                        <figure class=\"td-slide-galery-figure td-slide-popup-gallery\">\r\n                            <a class=\"slide-gallery-image-link\" href=\"\/wp-content\/uploads\/sites\/5\/2025\/09\/VIII-Encuentro-de-la-Seguridad-y-Salud-Ocupacional-IGSS-2025-74.jpg\" title=\"VIII Encuentro de la Seguridad y Salud Ocupacional IGSS 2025-74\"  data-caption=\"\"  data-description=\"\">\r\n                                <img decoding=\"async\" src=\"\/wp-content\/uploads\/sites\/5\/2025\/09\/VIII-Encuentro-de-la-Seguridad-y-Salud-Ocupacional-IGSS-2025-74-630x420.jpg\" srcset=\"\/wp-content\/uploads\/sites\/5\/2025\/09\/VIII-Encuentro-de-la-Seguridad-y-Salud-Ocupacional-IGSS-2025-74-630x420.jpg 630w, \/wp-content\/uploads\/sites\/5\/2025\/09\/VIII-Encuentro-de-la-Seguridad-y-Salud-Ocupacional-IGSS-2025-74-300x200.jpg 300w, \/wp-content\/uploads\/sites\/5\/2025\/09\/VIII-Encuentro-de-la-Seguridad-y-Salud-Ocupacional-IGSS-2025-74-768x512.jpg 768w, \/wp-content\/uploads\/sites\/5\/2025\/09\/VIII-Encuentro-de-la-Seguridad-y-Salud-Ocupacional-IGSS-2025-74-696x464.jpg 696w, \/wp-content\/uploads\/sites\/5\/2025\/09\/VIII-Encuentro-de-la-Seguridad-y-Salud-Ocupacional-IGSS-2025-74-534x356.jpg 534w, \/wp-content\/uploads\/sites\/5\/2025\/09\/VIII-Encuentro-de-la-Seguridad-y-Salud-Ocupacional-IGSS-2025-74.jpg 900w\" sizes=\"(max-width: 630px) 100vw, 630px\" alt=\"\">\r\n                            <\/a>\r\n                            \r\n                        <\/figure>\r\n                    <\/div>\r\n                    <div class = \"td-slide-item td-item11\">\r\n                        <figure class=\"td-slide-galery-figure td-slide-popup-gallery\">\r\n                            <a class=\"slide-gallery-image-link\" href=\"\/wp-content\/uploads\/sites\/5\/2025\/09\/VIII-Encuentro-de-la-Seguridad-y-Salud-Ocupacional-IGSS-2025-63.jpg\" title=\"VIII Encuentro de la Seguridad y Salud Ocupacional IGSS 2025-63\"  data-caption=\"\"  data-description=\"\">\r\n                                <img decoding=\"async\" src=\"\/wp-content\/uploads\/sites\/5\/2025\/09\/VIII-Encuentro-de-la-Seguridad-y-Salud-Ocupacional-IGSS-2025-63-718x420.jpg\" srcset=\"\/wp-content\/uploads\/sites\/5\/2025\/09\/VIII-Encuentro-de-la-Seguridad-y-Salud-Ocupacional-IGSS-2025-63-718x420.jpg 718w, \/wp-content\/uploads\/sites\/5\/2025\/09\/VIII-Encuentro-de-la-Seguridad-y-Salud-Ocupacional-IGSS-2025-63-300x176.jpg 300w, \/wp-content\/uploads\/sites\/5\/2025\/09\/VIII-Encuentro-de-la-Seguridad-y-Salud-Ocupacional-IGSS-2025-63-1024x599.jpg 1024w, \/wp-content\/uploads\/sites\/5\/2025\/09\/VIII-Encuentro-de-la-Seguridad-y-Salud-Ocupacional-IGSS-2025-63-768x449.jpg 768w, \/wp-content\/uploads\/sites\/5\/2025\/09\/VIII-Encuentro-de-la-Seguridad-y-Salud-Ocupacional-IGSS-2025-63-696x407.jpg 696w, \/wp-content\/uploads\/sites\/5\/2025\/09\/VIII-Encuentro-de-la-Seguridad-y-Salud-Ocupacional-IGSS-2025-63-1068x625.jpg 1068w, \/wp-content\/uploads\/sites\/5\/2025\/09\/VIII-Encuentro-de-la-Seguridad-y-Salud-Ocupacional-IGSS-2025-63-534x312.jpg 534w, \/wp-content\/uploads\/sites\/5\/2025\/09\/VIII-Encuentro-de-la-Seguridad-y-Salud-Ocupacional-IGSS-2025-63.jpg 1280w\" sizes=\"(max-width: 718px) 100vw, 718px\" alt=\"\">\r\n                            <\/a>\r\n                            \r\n                        <\/figure>\r\n                    <\/div>\r\n                            <\/div>\r\n                        <\/div>\r\n\r\n                        <div class = \"td-doubleSlider-2\">\r\n                            <div class = \"td-slider\">\r\n                                \r\n                    <div class = \"td-button td-item1\">\r\n                        <div class = \"td-border\"><\/div>\r\n                    <\/div>\r\n                    <div class = \"td-button td-item2\">\r\n                        <div class = \"td-border\"><\/div>\r\n                    <\/div>\r\n                    <div class = \"td-button td-item3\">\r\n                        <div class = \"td-border\"><\/div>\r\n                    <\/div>\r\n                    <div class = \"td-button td-item4\">\r\n                        <div class = \"td-border\"><\/div>\r\n                    <\/div>\r\n                    <div class = \"td-button td-item5\">\r\n                        <div class = \"td-border\"><\/div>\r\n                    <\/div>\r\n                    <div class = \"td-button td-item6\">\r\n                        <div class = \"td-border\"><\/div>\r\n                    <\/div>\r\n                    <div class = \"td-button td-item7\">\r\n                        <div class = \"td-border\"><\/div>\r\n                    <\/div>\r\n                    <div class = \"td-button td-item8\">\r\n                        <div class = \"td-border\"><\/div>\r\n                    <\/div>\r\n                    <div class = \"td-button td-item9\">\r\n                        <div class = \"td-border\"><\/div>\r\n                    <\/div>\r\n                    <div class = \"td-button td-item10\">\r\n                        <div class = \"td-border\"><\/div>\r\n                    <\/div>\r\n                    <div class = \"td-button td-item11\">\r\n                        <div class = \"td-border\"><\/div>\r\n                    <\/div>\r\n                            <\/div>\r\n                        <\/div>\r\n\r\n                    <\/div>\r\n\r\n                <\/div>\r\n                \n<p>\u00a0<\/p>\n","protected":false},"excerpt":{"rendered":"<p>La salud y seguridad en el trabajo es un derecho humano fundamental y para cumplirlo, existen diversas estrategias, herramientas tecnol\u00f3gicas y experiencias de \u00e9xito, que fueron discutidas en el VIII Encuentro de Salud y Seguridad Ocupacional (SSO).<\/p>\n","protected":false},"author":4,"featured_media":50166,"comment_status":"closed","ping_status":"closed","sticky":false,"template":"","format":"standard","meta":{"footnotes":""},"categories":[3,15,17,23],"tags":[964,2370,2354],"coauthors":[],"class_list":{"0":"post-50165","1":"post","2":"type-post","3":"status-publish","4":"format-standard","5":"has-post-thumbnail","7":"category-actualidad","8":"category-destacado","9":"category-formacion-y-desarrollo","10":"category-patronos","11":"tag-formacion-y-desarrollo","12":"tag-sso","13":"tag-viii-encuentro-de-salud-y-seguridad-ocupacional"},"_links":{"self":[{"href":"https:\/\/www.igssgt.org\/noticias\/wp-json\/wp\/v2\/posts\/50165","targetHints":{"allow":["GET"]}}],"collection":[{"href":"https:\/\/www.igssgt.org\/noticias\/wp-json\/wp\/v2\/posts"}],"about":[{"href":"https:\/\/www.igssgt.org\/noticias\/wp-json\/wp\/v2\/types\/post"}],"author":[{"embeddable":true,"href":"https:\/\/www.igssgt.org\/noticias\/wp-json\/wp\/v2\/users\/4"}],"replies":[{"embeddable":true,"href":"https:\/\/www.igssgt.org\/noticias\/wp-json\/wp\/v2\/comments?post=50165"}],"version-history":[{"count":3,"href":"https:\/\/www.igssgt.org\/noticias\/wp-json\/wp\/v2\/posts\/50165\/revisions"}],"predecessor-version":[{"id":50184,"href":"https:\/\/www.igssgt.org\/noticias\/wp-json\/wp\/v2\/posts\/50165\/revisions\/50184"}],"wp:featuredmedia":[{"embeddable":true,"href":"https:\/\/www.igssgt.org\/noticias\/wp-json\/wp\/v2\/media\/50166"}],"wp:attachment":[{"href":"https:\/\/www.igssgt.org\/noticias\/wp-json\/wp\/v2\/media?parent=50165"}],"wp:term":[{"taxonomy":"category","embeddable":true,"href":"https:\/\/www.igssgt.org\/noticias\/wp-json\/wp\/v2\/categories?post=50165"},{"taxonomy":"post_tag","embeddable":true,"href":"https:\/\/www.igssgt.org\/noticias\/wp-json\/wp\/v2\/tags?post=50165"},{"taxonomy":"author","embeddable":true,"href":"https:\/\/www.igssgt.org\/noticias\/wp-json\/wp\/v2\/coauthors?post=50165"}],"curies":[{"name":"wp","href":"https:\/\/api.w.org\/{rel}","templated":true}]}}