{"id":50207,"date":"2025-09-15T05:05:00","date_gmt":"2025-09-15T11:05:00","guid":{"rendered":"https:\/\/www.igssgt.org\/noticias\/?p=50207"},"modified":"2025-10-21T12:40:07","modified_gmt":"2025-10-21T18:40:07","slug":"camip-3-zunil-promueve-la-prevencion-de-accidentes-y-caidas-en-adultos-mayores","status":"publish","type":"post","link":"https:\/\/www.igssgt.org\/noticias\/2025\/09\/15\/camip-3-zunil-promueve-la-prevencion-de-accidentes-y-caidas-en-adultos-mayores\/","title":{"rendered":"CAMIP 3 Zunil promueve la prevenci\u00f3n de accidentes y ca\u00eddas en adultos mayores"},"content":{"rendered":"\n<p class=\"has-drop-cap\">En el CAMIP 3 Zunil se realiz\u00f3 la charla \u201cPrevenci\u00f3n de accidentes y ca\u00eddas en el adulto mayor\u201d, impartida por Delmar Robinson Mac\u00fa, enfermero auxiliar, con el acompa\u00f1amiento de la licenciada Ericka Gonz\u00e1lez, superintendente de enfermer\u00eda.<\/p>\n\n\n\n<figure id=\"attachment_50209\" aria-describedby=\"caption-attachment-50209\" style=\"width: 720px\" class=\"wp-caption alignnone\"><img loading=\"lazy\" decoding=\"async\" class=\"wp-image-50209\" src=\"\/wp-content\/uploads\/sites\/5\/2025\/09\/IGSS-CAMIP-3-Zunil-Charla-de-prevencion-accidentes-20251-300x225.jpg\" alt=\"\" width=\"720\" height=\"540\" srcset=\"\/wp-content\/uploads\/sites\/5\/2025\/09\/IGSS-CAMIP-3-Zunil-Charla-de-prevencion-accidentes-20251-300x225.jpg 300w, \/wp-content\/uploads\/sites\/5\/2025\/09\/IGSS-CAMIP-3-Zunil-Charla-de-prevencion-accidentes-20251-1024x768.jpg 1024w, \/wp-content\/uploads\/sites\/5\/2025\/09\/IGSS-CAMIP-3-Zunil-Charla-de-prevencion-accidentes-20251-768x576.jpg 768w, \/wp-content\/uploads\/sites\/5\/2025\/09\/IGSS-CAMIP-3-Zunil-Charla-de-prevencion-accidentes-20251-1536x1152.jpg 1536w, \/wp-content\/uploads\/sites\/5\/2025\/09\/IGSS-CAMIP-3-Zunil-Charla-de-prevencion-accidentes-20251-560x420.jpg 560w, \/wp-content\/uploads\/sites\/5\/2025\/09\/IGSS-CAMIP-3-Zunil-Charla-de-prevencion-accidentes-20251-80x60.jpg 80w, \/wp-content\/uploads\/sites\/5\/2025\/09\/IGSS-CAMIP-3-Zunil-Charla-de-prevencion-accidentes-20251-696x522.jpg 696w, \/wp-content\/uploads\/sites\/5\/2025\/09\/IGSS-CAMIP-3-Zunil-Charla-de-prevencion-accidentes-20251-1068x801.jpg 1068w, \/wp-content\/uploads\/sites\/5\/2025\/09\/IGSS-CAMIP-3-Zunil-Charla-de-prevencion-accidentes-20251-265x198.jpg 265w, \/wp-content\/uploads\/sites\/5\/2025\/09\/IGSS-CAMIP-3-Zunil-Charla-de-prevencion-accidentes-20251-534x401.jpg 534w, \/wp-content\/uploads\/sites\/5\/2025\/09\/IGSS-CAMIP-3-Zunil-Charla-de-prevencion-accidentes-20251.jpg 1600w\" sizes=\"auto, (max-width: 720px) 100vw, 720px\" \/><figcaption id=\"caption-attachment-50209\" class=\"wp-caption-text\">Delmar Robinson Mac\u00fa, enfermero auxiliar de CAMIP 3 Zunil, explic\u00f3 que el uso correcto de bastones y andadores es vital para la prevenci\u00f3n de ca\u00eddas.<\/figcaption><\/figure>\n<p>Durante la actividad, Mac\u00fa explic\u00f3 los principales factores de riesgo como la edad, la debilidad muscular, las enfermedades cr\u00f3nicas, el consumo de ciertos medicamentos y los entornos inseguros. Adem\u00e1s, destac\u00f3 que las ca\u00eddas pueden ocasionar fracturas, p\u00e9rdida de movilidad, temor y hasta la p\u00e9rdida de independencia.<\/p>\n<p><strong>\u00a0<\/strong>Los asistentes expresaron su agradecimiento por la informaci\u00f3n recibida. Miriam Eldr\u00edz Hoffens, jubilada del Estado de 77 a\u00f1os, destac\u00f3 el apoyo del IGSS en la atenci\u00f3n m\u00e9dica, as\u00ed como el valor de las charlas de autocuidado.<\/p>\n<p>Armando Estupini\u00e1n Salazar, pensionado de 78 a\u00f1os, comparti\u00f3 que ha iniciado clases de gimnasia e hizo \u00e9nfasis en aprender a reaccionar en casa ante accidentes.<\/p>\n<figure id=\"attachment_50210\" aria-describedby=\"caption-attachment-50210\" style=\"width: 713px\" class=\"wp-caption alignnone\"><img loading=\"lazy\" decoding=\"async\" class=\"wp-image-50210\" src=\"\/wp-content\/uploads\/sites\/5\/2025\/09\/IGSS-CAMIP-3-Zunil-Charla-de-prevencion-accidentes-20252-300x225.jpg\" alt=\"\" width=\"713\" height=\"535\" srcset=\"\/wp-content\/uploads\/sites\/5\/2025\/09\/IGSS-CAMIP-3-Zunil-Charla-de-prevencion-accidentes-20252-300x225.jpg 300w, \/wp-content\/uploads\/sites\/5\/2025\/09\/IGSS-CAMIP-3-Zunil-Charla-de-prevencion-accidentes-20252-1024x768.jpg 1024w, \/wp-content\/uploads\/sites\/5\/2025\/09\/IGSS-CAMIP-3-Zunil-Charla-de-prevencion-accidentes-20252-768x576.jpg 768w, \/wp-content\/uploads\/sites\/5\/2025\/09\/IGSS-CAMIP-3-Zunil-Charla-de-prevencion-accidentes-20252-1536x1152.jpg 1536w, \/wp-content\/uploads\/sites\/5\/2025\/09\/IGSS-CAMIP-3-Zunil-Charla-de-prevencion-accidentes-20252-560x420.jpg 560w, \/wp-content\/uploads\/sites\/5\/2025\/09\/IGSS-CAMIP-3-Zunil-Charla-de-prevencion-accidentes-20252-80x60.jpg 80w, \/wp-content\/uploads\/sites\/5\/2025\/09\/IGSS-CAMIP-3-Zunil-Charla-de-prevencion-accidentes-20252-696x522.jpg 696w, \/wp-content\/uploads\/sites\/5\/2025\/09\/IGSS-CAMIP-3-Zunil-Charla-de-prevencion-accidentes-20252-1068x801.jpg 1068w, \/wp-content\/uploads\/sites\/5\/2025\/09\/IGSS-CAMIP-3-Zunil-Charla-de-prevencion-accidentes-20252-265x198.jpg 265w, \/wp-content\/uploads\/sites\/5\/2025\/09\/IGSS-CAMIP-3-Zunil-Charla-de-prevencion-accidentes-20252-534x401.jpg 534w, \/wp-content\/uploads\/sites\/5\/2025\/09\/IGSS-CAMIP-3-Zunil-Charla-de-prevencion-accidentes-20252.jpg 1600w\" sizes=\"auto, (max-width: 713px) 100vw, 713px\" \/><figcaption id=\"caption-attachment-50210\" class=\"wp-caption-text\">La educaci\u00f3n y la participaci\u00f3n activa de los adultos mayores y sus familias son pilares fundamentales para garantizar una vida plena y segura<\/figcaption><\/figure>\n<p>Por su parte, Carlos Augusto Noj Choc, jubilado del Estado de 73 a\u00f1os, invit\u00f3 a los dem\u00e1s a ejercitarse para mantener la salud y fortalecer el cuerpo.<\/p>\n<p><strong>Llamado al autocuidado y la educaci\u00f3n<\/strong><\/p>\n<p>Los expositores subrayaron que la prevenci\u00f3n requiere de un plan integral que incluya mantenerse activos mediante ejercicios de equilibrio y fuerza, eliminar peligros en el hogar, controlar enfermedades cr\u00f3nicas y utilizar adecuadamente bastones o andadores.<\/p>\n<figure id=\"attachment_50211\" aria-describedby=\"caption-attachment-50211\" style=\"width: 705px\" class=\"wp-caption alignnone\"><img loading=\"lazy\" decoding=\"async\" class=\"wp-image-50211\" src=\"\/wp-content\/uploads\/sites\/5\/2025\/09\/IGSS-CAMIP-3-Zunil-Charla-de-prevencion-accidentes-20253-300x225.jpg\" alt=\"\" width=\"705\" height=\"529\" srcset=\"\/wp-content\/uploads\/sites\/5\/2025\/09\/IGSS-CAMIP-3-Zunil-Charla-de-prevencion-accidentes-20253-300x225.jpg 300w, \/wp-content\/uploads\/sites\/5\/2025\/09\/IGSS-CAMIP-3-Zunil-Charla-de-prevencion-accidentes-20253-1024x768.jpg 1024w, \/wp-content\/uploads\/sites\/5\/2025\/09\/IGSS-CAMIP-3-Zunil-Charla-de-prevencion-accidentes-20253-768x576.jpg 768w, \/wp-content\/uploads\/sites\/5\/2025\/09\/IGSS-CAMIP-3-Zunil-Charla-de-prevencion-accidentes-20253-1536x1152.jpg 1536w, \/wp-content\/uploads\/sites\/5\/2025\/09\/IGSS-CAMIP-3-Zunil-Charla-de-prevencion-accidentes-20253-560x420.jpg 560w, \/wp-content\/uploads\/sites\/5\/2025\/09\/IGSS-CAMIP-3-Zunil-Charla-de-prevencion-accidentes-20253-80x60.jpg 80w, \/wp-content\/uploads\/sites\/5\/2025\/09\/IGSS-CAMIP-3-Zunil-Charla-de-prevencion-accidentes-20253-696x522.jpg 696w, \/wp-content\/uploads\/sites\/5\/2025\/09\/IGSS-CAMIP-3-Zunil-Charla-de-prevencion-accidentes-20253-1068x801.jpg 1068w, \/wp-content\/uploads\/sites\/5\/2025\/09\/IGSS-CAMIP-3-Zunil-Charla-de-prevencion-accidentes-20253-265x198.jpg 265w, \/wp-content\/uploads\/sites\/5\/2025\/09\/IGSS-CAMIP-3-Zunil-Charla-de-prevencion-accidentes-20253-534x401.jpg 534w, \/wp-content\/uploads\/sites\/5\/2025\/09\/IGSS-CAMIP-3-Zunil-Charla-de-prevencion-accidentes-20253.jpg 1600w\" sizes=\"auto, (max-width: 705px) 100vw, 705px\" \/><figcaption id=\"caption-attachment-50211\" class=\"wp-caption-text\">La revisi\u00f3n y correcci\u00f3n de problemas visuales es otra acci\u00f3n importante para evitar accidentes y ca\u00eddas en adultos mayores.<\/figcaption><\/figure>\n<p>Gonz\u00e1lez afirm\u00f3 que, \u201cla educaci\u00f3n y la participaci\u00f3n activa de los adultos mayores y sus familias son pilares fundamentales para garantizar una vida plena y segura\u201d, y, adem\u00e1s, motivaron a los presentes a adoptar un estilo de vida saludable y prevenir riesgos.<\/p>\n\r\n                <style type=\"text\/css\">\r\n                    \r\n                    #tdi_1  .td-doubleSlider-2 .td-item1 {\r\n                        background: url(\/wp-content\/uploads\/sites\/5\/2025\/09\/IGSS-CAMIP-3-Zunil-Charla-de-prevencion-accidentes-20254-80x60.jpg) 0 0 no-repeat;\r\n                    }\r\n                    #tdi_1  .td-doubleSlider-2 .td-item2 {\r\n                        background: url(\/wp-content\/uploads\/sites\/5\/2025\/09\/IGSS-CAMIP-3-Zunil-Charla-de-prevencion-accidentes-20255-80x60.jpg) 0 0 no-repeat;\r\n                    }\r\n                    #tdi_1  .td-doubleSlider-2 .td-item3 {\r\n                        background: url(\/wp-content\/uploads\/sites\/5\/2025\/09\/IGSS-CAMIP-3-Zunil-Charla-de-prevencion-accidentes-20256-80x60.jpg) 0 0 no-repeat;\r\n                    }\r\n                    #tdi_1  .td-doubleSlider-2 .td-item4 {\r\n                        background: url(\/wp-content\/uploads\/sites\/5\/2025\/09\/IGSS-CAMIP-3-Zunil-Charla-de-prevencion-accidentes-20257-80x60.jpg) 0 0 no-repeat;\r\n                    }\r\n                <\/style>\r\n\r\n                <div id=\"tdi_1\" class=\"td-gallery td-slide-on-2-columns\">\r\n                    <div class=\"post_td_gallery\">\r\n                        <div class=\"td-gallery-slide-top\">\r\n                           <div class=\"td-gallery-title\">M\u00e1s fotos:<\/div>\r\n\r\n                            <div class=\"td-gallery-controls-wrapper\">\r\n                                <div class=\"td-gallery-slide-count\"><span class=\"td-gallery-slide-item-focus\">1<\/span> de 4<\/div>\r\n                                <div class=\"td-gallery-slide-prev-next-but\">\r\n                                    <i class = \"td-icon-left doubleSliderPrevButton\"><\/i>\r\n                                    <i class = \"td-icon-right doubleSliderNextButton\"><\/i>\r\n                                <\/div>\r\n                            <\/div>\r\n                        <\/div>\r\n\r\n                        <div class = \"td-doubleSlider-1 \">\r\n                            <div class = \"td-slider\">\r\n                                \r\n                    <div class = \"td-slide-item td-item1\">\r\n                        <figure class=\"td-slide-galery-figure td-slide-popup-gallery\">\r\n                            <a class=\"slide-gallery-image-link\" href=\"\/wp-content\/uploads\/sites\/5\/2025\/09\/IGSS-CAMIP-3-Zunil-Charla-de-prevencion-accidentes-20254.jpg\" title=\"IGSS CAMIP 3 Zunil Charla de prevencio\u0301n accidentes 20254\"  data-caption=\"\"  data-description=\"\">\r\n                                <img decoding=\"async\" src=\"\/wp-content\/uploads\/sites\/5\/2025\/09\/IGSS-CAMIP-3-Zunil-Charla-de-prevencion-accidentes-20254-560x420.jpg\" srcset=\"\/wp-content\/uploads\/sites\/5\/2025\/09\/IGSS-CAMIP-3-Zunil-Charla-de-prevencion-accidentes-20254-560x420.jpg 560w, \/wp-content\/uploads\/sites\/5\/2025\/09\/IGSS-CAMIP-3-Zunil-Charla-de-prevencion-accidentes-20254-300x225.jpg 300w, \/wp-content\/uploads\/sites\/5\/2025\/09\/IGSS-CAMIP-3-Zunil-Charla-de-prevencion-accidentes-20254-1024x768.jpg 1024w, \/wp-content\/uploads\/sites\/5\/2025\/09\/IGSS-CAMIP-3-Zunil-Charla-de-prevencion-accidentes-20254-768x576.jpg 768w, \/wp-content\/uploads\/sites\/5\/2025\/09\/IGSS-CAMIP-3-Zunil-Charla-de-prevencion-accidentes-20254-1536x1152.jpg 1536w, \/wp-content\/uploads\/sites\/5\/2025\/09\/IGSS-CAMIP-3-Zunil-Charla-de-prevencion-accidentes-20254-80x60.jpg 80w, \/wp-content\/uploads\/sites\/5\/2025\/09\/IGSS-CAMIP-3-Zunil-Charla-de-prevencion-accidentes-20254-696x522.jpg 696w, \/wp-content\/uploads\/sites\/5\/2025\/09\/IGSS-CAMIP-3-Zunil-Charla-de-prevencion-accidentes-20254-1068x801.jpg 1068w, \/wp-content\/uploads\/sites\/5\/2025\/09\/IGSS-CAMIP-3-Zunil-Charla-de-prevencion-accidentes-20254-265x198.jpg 265w, \/wp-content\/uploads\/sites\/5\/2025\/09\/IGSS-CAMIP-3-Zunil-Charla-de-prevencion-accidentes-20254-534x401.jpg 534w, \/wp-content\/uploads\/sites\/5\/2025\/09\/IGSS-CAMIP-3-Zunil-Charla-de-prevencion-accidentes-20254.jpg 1600w\" sizes=\"(max-width: 560px) 100vw, 560px\" alt=\"\">\r\n                            <\/a>\r\n                            \r\n                        <\/figure>\r\n                    <\/div>\r\n                    <div class = \"td-slide-item td-item2\">\r\n                        <figure class=\"td-slide-galery-figure td-slide-popup-gallery\">\r\n                            <a class=\"slide-gallery-image-link\" href=\"\/wp-content\/uploads\/sites\/5\/2025\/09\/IGSS-CAMIP-3-Zunil-Charla-de-prevencion-accidentes-20255.jpg\" title=\"IGSS CAMIP 3 Zunil Charla de prevencio\u0301n accidentes 20255\"  data-caption=\"\"  data-description=\"\">\r\n                                <img decoding=\"async\" src=\"\/wp-content\/uploads\/sites\/5\/2025\/09\/IGSS-CAMIP-3-Zunil-Charla-de-prevencion-accidentes-20255-560x420.jpg\" srcset=\"\/wp-content\/uploads\/sites\/5\/2025\/09\/IGSS-CAMIP-3-Zunil-Charla-de-prevencion-accidentes-20255-560x420.jpg 560w, \/wp-content\/uploads\/sites\/5\/2025\/09\/IGSS-CAMIP-3-Zunil-Charla-de-prevencion-accidentes-20255-300x225.jpg 300w, \/wp-content\/uploads\/sites\/5\/2025\/09\/IGSS-CAMIP-3-Zunil-Charla-de-prevencion-accidentes-20255-1024x768.jpg 1024w, \/wp-content\/uploads\/sites\/5\/2025\/09\/IGSS-CAMIP-3-Zunil-Charla-de-prevencion-accidentes-20255-768x576.jpg 768w, \/wp-content\/uploads\/sites\/5\/2025\/09\/IGSS-CAMIP-3-Zunil-Charla-de-prevencion-accidentes-20255-1536x1152.jpg 1536w, \/wp-content\/uploads\/sites\/5\/2025\/09\/IGSS-CAMIP-3-Zunil-Charla-de-prevencion-accidentes-20255-80x60.jpg 80w, \/wp-content\/uploads\/sites\/5\/2025\/09\/IGSS-CAMIP-3-Zunil-Charla-de-prevencion-accidentes-20255-696x522.jpg 696w, \/wp-content\/uploads\/sites\/5\/2025\/09\/IGSS-CAMIP-3-Zunil-Charla-de-prevencion-accidentes-20255-1068x801.jpg 1068w, \/wp-content\/uploads\/sites\/5\/2025\/09\/IGSS-CAMIP-3-Zunil-Charla-de-prevencion-accidentes-20255-265x198.jpg 265w, \/wp-content\/uploads\/sites\/5\/2025\/09\/IGSS-CAMIP-3-Zunil-Charla-de-prevencion-accidentes-20255-534x401.jpg 534w, \/wp-content\/uploads\/sites\/5\/2025\/09\/IGSS-CAMIP-3-Zunil-Charla-de-prevencion-accidentes-20255.jpg 1600w\" sizes=\"(max-width: 560px) 100vw, 560px\" alt=\"\">\r\n                            <\/a>\r\n                            \r\n                        <\/figure>\r\n                    <\/div>\r\n                    <div class = \"td-slide-item td-item3\">\r\n                        <figure class=\"td-slide-galery-figure td-slide-popup-gallery\">\r\n                            <a class=\"slide-gallery-image-link\" href=\"\/wp-content\/uploads\/sites\/5\/2025\/09\/IGSS-CAMIP-3-Zunil-Charla-de-prevencion-accidentes-20256.jpg\" title=\"IGSS CAMIP 3 Zunil Charla de prevencio\u0301n accidentes 20256\"  data-caption=\"\"  data-description=\"\">\r\n                                <img decoding=\"async\" src=\"\/wp-content\/uploads\/sites\/5\/2025\/09\/IGSS-CAMIP-3-Zunil-Charla-de-prevencion-accidentes-20256-560x420.jpg\" srcset=\"\/wp-content\/uploads\/sites\/5\/2025\/09\/IGSS-CAMIP-3-Zunil-Charla-de-prevencion-accidentes-20256-560x420.jpg 560w, \/wp-content\/uploads\/sites\/5\/2025\/09\/IGSS-CAMIP-3-Zunil-Charla-de-prevencion-accidentes-20256-300x225.jpg 300w, \/wp-content\/uploads\/sites\/5\/2025\/09\/IGSS-CAMIP-3-Zunil-Charla-de-prevencion-accidentes-20256-1024x768.jpg 1024w, \/wp-content\/uploads\/sites\/5\/2025\/09\/IGSS-CAMIP-3-Zunil-Charla-de-prevencion-accidentes-20256-768x576.jpg 768w, \/wp-content\/uploads\/sites\/5\/2025\/09\/IGSS-CAMIP-3-Zunil-Charla-de-prevencion-accidentes-20256-1536x1152.jpg 1536w, \/wp-content\/uploads\/sites\/5\/2025\/09\/IGSS-CAMIP-3-Zunil-Charla-de-prevencion-accidentes-20256-80x60.jpg 80w, \/wp-content\/uploads\/sites\/5\/2025\/09\/IGSS-CAMIP-3-Zunil-Charla-de-prevencion-accidentes-20256-696x522.jpg 696w, \/wp-content\/uploads\/sites\/5\/2025\/09\/IGSS-CAMIP-3-Zunil-Charla-de-prevencion-accidentes-20256-1068x801.jpg 1068w, \/wp-content\/uploads\/sites\/5\/2025\/09\/IGSS-CAMIP-3-Zunil-Charla-de-prevencion-accidentes-20256-265x198.jpg 265w, \/wp-content\/uploads\/sites\/5\/2025\/09\/IGSS-CAMIP-3-Zunil-Charla-de-prevencion-accidentes-20256-534x401.jpg 534w, \/wp-content\/uploads\/sites\/5\/2025\/09\/IGSS-CAMIP-3-Zunil-Charla-de-prevencion-accidentes-20256.jpg 1600w\" sizes=\"(max-width: 560px) 100vw, 560px\" alt=\"\">\r\n                            <\/a>\r\n                            \r\n                        <\/figure>\r\n                    <\/div>\r\n                    <div class = \"td-slide-item td-item4\">\r\n                        <figure class=\"td-slide-galery-figure td-slide-popup-gallery\">\r\n                            <a class=\"slide-gallery-image-link\" href=\"\/wp-content\/uploads\/sites\/5\/2025\/09\/IGSS-CAMIP-3-Zunil-Charla-de-prevencion-accidentes-20257.jpg\" title=\"IGSS CAMIP 3 Zunil Charla de prevencio\u0301n accidentes 20257\"  data-caption=\"\"  data-description=\"\">\r\n                                <img decoding=\"async\" src=\"\/wp-content\/uploads\/sites\/5\/2025\/09\/IGSS-CAMIP-3-Zunil-Charla-de-prevencion-accidentes-20257-560x420.jpg\" srcset=\"\/wp-content\/uploads\/sites\/5\/2025\/09\/IGSS-CAMIP-3-Zunil-Charla-de-prevencion-accidentes-20257-560x420.jpg 560w, \/wp-content\/uploads\/sites\/5\/2025\/09\/IGSS-CAMIP-3-Zunil-Charla-de-prevencion-accidentes-20257-300x225.jpg 300w, \/wp-content\/uploads\/sites\/5\/2025\/09\/IGSS-CAMIP-3-Zunil-Charla-de-prevencion-accidentes-20257-1024x768.jpg 1024w, \/wp-content\/uploads\/sites\/5\/2025\/09\/IGSS-CAMIP-3-Zunil-Charla-de-prevencion-accidentes-20257-768x576.jpg 768w, \/wp-content\/uploads\/sites\/5\/2025\/09\/IGSS-CAMIP-3-Zunil-Charla-de-prevencion-accidentes-20257-1536x1152.jpg 1536w, \/wp-content\/uploads\/sites\/5\/2025\/09\/IGSS-CAMIP-3-Zunil-Charla-de-prevencion-accidentes-20257-80x60.jpg 80w, \/wp-content\/uploads\/sites\/5\/2025\/09\/IGSS-CAMIP-3-Zunil-Charla-de-prevencion-accidentes-20257-696x522.jpg 696w, \/wp-content\/uploads\/sites\/5\/2025\/09\/IGSS-CAMIP-3-Zunil-Charla-de-prevencion-accidentes-20257-1068x801.jpg 1068w, \/wp-content\/uploads\/sites\/5\/2025\/09\/IGSS-CAMIP-3-Zunil-Charla-de-prevencion-accidentes-20257-265x198.jpg 265w, \/wp-content\/uploads\/sites\/5\/2025\/09\/IGSS-CAMIP-3-Zunil-Charla-de-prevencion-accidentes-20257-534x401.jpg 534w, \/wp-content\/uploads\/sites\/5\/2025\/09\/IGSS-CAMIP-3-Zunil-Charla-de-prevencion-accidentes-20257.jpg 1600w\" sizes=\"(max-width: 560px) 100vw, 560px\" alt=\"\">\r\n                            <\/a>\r\n                            \r\n                        <\/figure>\r\n                    <\/div>\r\n                            <\/div>\r\n                        <\/div>\r\n\r\n                        <div class = \"td-doubleSlider-2\">\r\n                            <div class = \"td-slider\">\r\n                                \r\n                    <div class = \"td-button td-item1\">\r\n                        <div class = \"td-border\"><\/div>\r\n                    <\/div>\r\n                    <div class = \"td-button td-item2\">\r\n                        <div class = \"td-border\"><\/div>\r\n                    <\/div>\r\n                    <div class = \"td-button td-item3\">\r\n                        <div class = \"td-border\"><\/div>\r\n                    <\/div>\r\n                    <div class = \"td-button td-item4\">\r\n                        <div class = \"td-border\"><\/div>\r\n                    <\/div>\r\n                            <\/div>\r\n                        <\/div>\r\n\r\n                    <\/div>\r\n\r\n                <\/div>\r\n                \n","protected":false},"excerpt":{"rendered":"<p>En el CAMIP 3 Zunil se realiz\u00f3 la charla \u201cPrevenci\u00f3n de accidentes y ca\u00eddas en el adulto mayor\u201d, impartida por Delmar Robinson Mac\u00fa, enfermero auxiliar, con el acompa\u00f1amiento de la licenciada Ericka Gonz\u00e1lez, superintendente de enfermer\u00eda. Durante la actividad, Mac\u00fa explic\u00f3 los principales factores de riesgo como la edad, la debilidad muscular, las enfermedades cr\u00f3nicas, [&hellip;]<\/p>\n","protected":false},"author":4,"featured_media":50208,"comment_status":"closed","ping_status":"closed","sticky":false,"template":"","format":"standard","meta":{"footnotes":""},"categories":[3,4,8,1130,20,25,27,31,33],"tags":[147,196,490,724],"coauthors":[1970],"class_list":{"0":"post-50207","1":"post","2":"type-post","3":"status-publish","4":"format-standard","5":"has-post-thumbnail","7":"category-actualidad","8":"category-afiliados","9":"category-camip","10":"category-consejos-medicos","11":"category-jubilados","12":"category-pensionados","13":"category-prevencion-en-salud","14":"category-salud","15":"category-servicios-de-salud","16":"tag-camip-3-zunil","17":"tag-conaprov","18":"tag-igss","19":"tag-prevencion-de-accidentes"},"_links":{"self":[{"href":"https:\/\/www.igssgt.org\/noticias\/wp-json\/wp\/v2\/posts\/50207","targetHints":{"allow":["GET"]}}],"collection":[{"href":"https:\/\/www.igssgt.org\/noticias\/wp-json\/wp\/v2\/posts"}],"about":[{"href":"https:\/\/www.igssgt.org\/noticias\/wp-json\/wp\/v2\/types\/post"}],"author":[{"embeddable":true,"href":"https:\/\/www.igssgt.org\/noticias\/wp-json\/wp\/v2\/users\/4"}],"replies":[{"embeddable":true,"href":"https:\/\/www.igssgt.org\/noticias\/wp-json\/wp\/v2\/comments?post=50207"}],"version-history":[{"count":1,"href":"https:\/\/www.igssgt.org\/noticias\/wp-json\/wp\/v2\/posts\/50207\/revisions"}],"predecessor-version":[{"id":50216,"href":"https:\/\/www.igssgt.org\/noticias\/wp-json\/wp\/v2\/posts\/50207\/revisions\/50216"}],"wp:featuredmedia":[{"embeddable":true,"href":"https:\/\/www.igssgt.org\/noticias\/wp-json\/wp\/v2\/media\/50208"}],"wp:attachment":[{"href":"https:\/\/www.igssgt.org\/noticias\/wp-json\/wp\/v2\/media?parent=50207"}],"wp:term":[{"taxonomy":"category","embeddable":true,"href":"https:\/\/www.igssgt.org\/noticias\/wp-json\/wp\/v2\/categories?post=50207"},{"taxonomy":"post_tag","embeddable":true,"href":"https:\/\/www.igssgt.org\/noticias\/wp-json\/wp\/v2\/tags?post=50207"},{"taxonomy":"author","embeddable":true,"href":"https:\/\/www.igssgt.org\/noticias\/wp-json\/wp\/v2\/coauthors?post=50207"}],"curies":[{"name":"wp","href":"https:\/\/api.w.org\/{rel}","templated":true}]}}