{"id":50222,"date":"2025-09-10T05:14:00","date_gmt":"2025-09-10T11:14:00","guid":{"rendered":"https:\/\/www.igssgt.org\/noticias\/?p=50222"},"modified":"2025-09-04T15:18:00","modified_gmt":"2025-09-04T21:18:00","slug":"igss-impulsa-la-prevencion-del-suicidio-con-atencion-integral-en-salud-mental","status":"publish","type":"post","link":"https:\/\/www.igssgt.org\/noticias\/2025\/09\/10\/igss-impulsa-la-prevencion-del-suicidio-con-atencion-integral-en-salud-mental\/","title":{"rendered":"IGSS impulsa la prevenci\u00f3n del suicidio con atenci\u00f3n integral en salud mental"},"content":{"rendered":"\n<p class=\"has-drop-cap\">Seg\u00fan cifras internacionales, 703 mil personas se suicidan anualmente, lo que equivale a un caso cada 40 segundos.<\/p>\n\n\n\n<p>En el pa\u00eds, los principales factores de riesgo son los problemas sociales y la poca visibilidad de la salud mental.<\/p>\n<figure id=\"attachment_50224\" aria-describedby=\"caption-attachment-50224\" style=\"width: 713px\" class=\"wp-caption alignnone\"><img loading=\"lazy\" decoding=\"async\" class=\"wp-image-50224\" src=\"\/wp-content\/uploads\/sites\/5\/2025\/09\/IGSS-Centro-de-Atencion-Integral-de-Salud-Mental-CAISM-Dia-Mundial-para-la-Prevencion-del-Suicidio-202511-300x201.jpg\" alt=\"\" width=\"713\" height=\"478\" srcset=\"\/wp-content\/uploads\/sites\/5\/2025\/09\/IGSS-Centro-de-Atencion-Integral-de-Salud-Mental-CAISM-Dia-Mundial-para-la-Prevencion-del-Suicidio-202511-300x201.jpg 300w, \/wp-content\/uploads\/sites\/5\/2025\/09\/IGSS-Centro-de-Atencion-Integral-de-Salud-Mental-CAISM-Dia-Mundial-para-la-Prevencion-del-Suicidio-202511-534x357.jpg 534w, \/wp-content\/uploads\/sites\/5\/2025\/09\/IGSS-Centro-de-Atencion-Integral-de-Salud-Mental-CAISM-Dia-Mundial-para-la-Prevencion-del-Suicidio-202511.jpg 628w\" sizes=\"auto, (max-width: 713px) 100vw, 713px\" \/><figcaption id=\"caption-attachment-50224\" class=\"wp-caption-text\">Alrededor del mundo una persona se quita la vida cada 40 segundos.<\/figcaption><\/figure>\n<p>\u201cEl mayor desaf\u00edo es reconocer que cualquiera puede estar en riesgo, no solo quienes tienen un diagn\u00f3stico psiqui\u00e1trico\u201d, afirm\u00f3 Miguel Fuentes, m\u00e9dico psiquiatra del Centro de Atenci\u00f3n Integral de Salud Mental (CAISM).<\/p>\n<p>El especialista detall\u00f3 que las se\u00f1ales de alerta incluyen la proyecci\u00f3n constante sobre la muerte, expresiones de desesperanza, aislamiento progresivo y p\u00e9rdida de control vinculada al consumo de sustancias.<\/p>\n<figure id=\"attachment_50225\" aria-describedby=\"caption-attachment-50225\" style=\"width: 713px\" class=\"wp-caption alignnone\"><img loading=\"lazy\" decoding=\"async\" class=\"wp-image-50225\" src=\"\/wp-content\/uploads\/sites\/5\/2025\/09\/IGSS-Centro-de-Atencion-Integral-de-Salud-Mental-CAISM-Dia-Mundial-para-la-Prevencion-del-Suicidio-20259-300x200.jpeg\" alt=\"\" width=\"713\" height=\"475\" srcset=\"\/wp-content\/uploads\/sites\/5\/2025\/09\/IGSS-Centro-de-Atencion-Integral-de-Salud-Mental-CAISM-Dia-Mundial-para-la-Prevencion-del-Suicidio-20259-300x200.jpeg 300w, \/wp-content\/uploads\/sites\/5\/2025\/09\/IGSS-Centro-de-Atencion-Integral-de-Salud-Mental-CAISM-Dia-Mundial-para-la-Prevencion-del-Suicidio-20259-1024x682.jpeg 1024w, \/wp-content\/uploads\/sites\/5\/2025\/09\/IGSS-Centro-de-Atencion-Integral-de-Salud-Mental-CAISM-Dia-Mundial-para-la-Prevencion-del-Suicidio-20259-768x512.jpeg 768w, \/wp-content\/uploads\/sites\/5\/2025\/09\/IGSS-Centro-de-Atencion-Integral-de-Salud-Mental-CAISM-Dia-Mundial-para-la-Prevencion-del-Suicidio-20259-1536x1023.jpeg 1536w, \/wp-content\/uploads\/sites\/5\/2025\/09\/IGSS-Centro-de-Atencion-Integral-de-Salud-Mental-CAISM-Dia-Mundial-para-la-Prevencion-del-Suicidio-20259-630x420.jpeg 630w, \/wp-content\/uploads\/sites\/5\/2025\/09\/IGSS-Centro-de-Atencion-Integral-de-Salud-Mental-CAISM-Dia-Mundial-para-la-Prevencion-del-Suicidio-20259-696x464.jpeg 696w, \/wp-content\/uploads\/sites\/5\/2025\/09\/IGSS-Centro-de-Atencion-Integral-de-Salud-Mental-CAISM-Dia-Mundial-para-la-Prevencion-del-Suicidio-20259-1068x712.jpeg 1068w, \/wp-content\/uploads\/sites\/5\/2025\/09\/IGSS-Centro-de-Atencion-Integral-de-Salud-Mental-CAISM-Dia-Mundial-para-la-Prevencion-del-Suicidio-20259-534x356.jpeg 534w, \/wp-content\/uploads\/sites\/5\/2025\/09\/IGSS-Centro-de-Atencion-Integral-de-Salud-Mental-CAISM-Dia-Mundial-para-la-Prevencion-del-Suicidio-20259.jpeg 1600w\" sizes=\"auto, (max-width: 713px) 100vw, 713px\" \/><figcaption id=\"caption-attachment-50225\" class=\"wp-caption-text\">El IGSS impulsa programas de atenci\u00f3n en salud mental para prevenir el suicidio y acompa\u00f1ar a las familias.<\/figcaption><\/figure>\n<p>Ante estas manifestaciones, la primera respuesta debe ser la escucha. \u201cLo m\u00e1s importante es que la familia preste atenci\u00f3n, identifique el origen del problema y busque ayuda inmediata\u201d, explic\u00f3.<\/p>\n<p>El IGSS cuenta con tres programas dirigidos a pacientes y familiares: charlas de sensibilizaci\u00f3n impartidas por trabajo social, consulta externa con orientaci\u00f3n preventiva y atenci\u00f3n disponible las 24 horas para casos de urgencia.<\/p>\n<figure id=\"attachment_50226\" aria-describedby=\"caption-attachment-50226\" style=\"width: 707px\" class=\"wp-caption alignnone\"><img loading=\"lazy\" decoding=\"async\" class=\"wp-image-50226\" src=\"\/wp-content\/uploads\/sites\/5\/2025\/09\/IGSS-Centro-de-Atencion-Integral-de-Salud-Mental-CAISM-Dia-Mundial-para-la-Prevencion-del-Suicidio-202510-300x225.jpg\" alt=\"\" width=\"707\" height=\"530\" srcset=\"\/wp-content\/uploads\/sites\/5\/2025\/09\/IGSS-Centro-de-Atencion-Integral-de-Salud-Mental-CAISM-Dia-Mundial-para-la-Prevencion-del-Suicidio-202510-300x225.jpg 300w, \/wp-content\/uploads\/sites\/5\/2025\/09\/IGSS-Centro-de-Atencion-Integral-de-Salud-Mental-CAISM-Dia-Mundial-para-la-Prevencion-del-Suicidio-202510-80x60.jpg 80w, \/wp-content\/uploads\/sites\/5\/2025\/09\/IGSS-Centro-de-Atencion-Integral-de-Salud-Mental-CAISM-Dia-Mundial-para-la-Prevencion-del-Suicidio-202510-265x198.jpg 265w, \/wp-content\/uploads\/sites\/5\/2025\/09\/IGSS-Centro-de-Atencion-Integral-de-Salud-Mental-CAISM-Dia-Mundial-para-la-Prevencion-del-Suicidio-202510-534x401.jpg 534w, \/wp-content\/uploads\/sites\/5\/2025\/09\/IGSS-Centro-de-Atencion-Integral-de-Salud-Mental-CAISM-Dia-Mundial-para-la-Prevencion-del-Suicidio-202510.jpg 560w\" sizes=\"auto, (max-width: 707px) 100vw, 707px\" \/><figcaption id=\"caption-attachment-50226\" class=\"wp-caption-text\">La salud mental importa: prevenir el suicidio es posible con apoyo oportuno y sin estigmas.<\/figcaption><\/figure>\n<p>\u201cRomper el estigma es esencial. Si entendemos que la salud mental es parte de la salud integral, podremos detectar a tiempo y evitar que el dolor emocional desemboque en suicidio\u201d, agreg\u00f3 Fuentes.<\/p>\n<p>El profesional recalc\u00f3 que la prevenci\u00f3n requiere un enfoque multidisciplinario y el compromiso de la sociedad. \u201cLa mejor herramienta es la atenci\u00f3n temprana. Escuchar, acompa\u00f1ar y buscar apoyo profesional puede marcar la diferencia entre la vida y la muerte\u201d, concluy\u00f3.<\/p>\n\r\n                <style type=\"text\/css\">\r\n                    \r\n                    #tdi_1  .td-doubleSlider-2 .td-item1 {\r\n                        background: url(\/wp-content\/uploads\/sites\/5\/2025\/09\/IGSS-Centro-de-Atencion-Integral-de-Salud-Mental-CAISM-Dia-Mundial-para-la-Prevencion-del-Suicidio-20255-80x60.jpg) 0 0 no-repeat;\r\n                    }\r\n                    #tdi_1  .td-doubleSlider-2 .td-item2 {\r\n                        background: url(\/wp-content\/uploads\/sites\/5\/2025\/09\/IGSS-Centro-de-Atencion-Integral-de-Salud-Mental-CAISM-Dia-Mundial-para-la-Prevencion-del-Suicidio-20257-80x60.jpg) 0 0 no-repeat;\r\n                    }\r\n                    #tdi_1  .td-doubleSlider-2 .td-item3 {\r\n                        background: url(\/wp-content\/uploads\/sites\/5\/2025\/09\/IGSS-Centro-de-Atencion-Integral-de-Salud-Mental-CAISM-Dia-Mundial-para-la-Prevencion-del-Suicidio-20258-80x60.jpg) 0 0 no-repeat;\r\n                    }\r\n                    #tdi_1  .td-doubleSlider-2 .td-item4 {\r\n                        background: url(\/wp-content\/uploads\/sites\/5\/2025\/09\/IGSS-Centro-de-Atencion-Integral-de-Salud-Mental-CAISM-Dia-Mundial-para-la-Prevencion-del-Suicidio-20250-80x60.jpg) 0 0 no-repeat;\r\n                    }\r\n                    #tdi_1  .td-doubleSlider-2 .td-item5 {\r\n                        background: url(\/wp-content\/uploads\/sites\/5\/2025\/09\/IGSS-Centro-de-Atencion-Integral-de-Salud-Mental-CAISM-Dia-Mundial-para-la-Prevencion-del-Suicidio-20252-80x60.jpg) 0 0 no-repeat;\r\n                    }\r\n                    #tdi_1  .td-doubleSlider-2 .td-item6 {\r\n                        background: url(\/wp-content\/uploads\/sites\/5\/2025\/09\/IGSS-Centro-de-Atencion-Integral-de-Salud-Mental-CAISM-Dia-Mundial-para-la-Prevencion-del-Suicidio-20254-80x60.jpeg) 0 0 no-repeat;\r\n                    }\r\n                    #tdi_1  .td-doubleSlider-2 .td-item7 {\r\n                        background: url(\/wp-content\/uploads\/sites\/5\/2025\/09\/IGSS-Centro-de-Atencion-Integral-de-Salud-Mental-CAISM-Dia-Mundial-para-la-Prevencion-del-Suicidio-20253-80x60.jpeg) 0 0 no-repeat;\r\n                    }\r\n                    #tdi_1  .td-doubleSlider-2 .td-item8 {\r\n                        background: url(\/wp-content\/uploads\/sites\/5\/2025\/09\/IGSS-Centro-de-Atencion-Integral-de-Salud-Mental-CAISM-Dia-Mundial-para-la-Prevencion-del-Suicidio-202512-80x60.jpg) 0 0 no-repeat;\r\n                    }\r\n                <\/style>\r\n\r\n                <div id=\"tdi_1\" class=\"td-gallery td-slide-on-2-columns\">\r\n                    <div class=\"post_td_gallery\">\r\n                        <div class=\"td-gallery-slide-top\">\r\n                           <div class=\"td-gallery-title\">Galer\u00eda de im\u00e1genes:<\/div>\r\n\r\n                            <div class=\"td-gallery-controls-wrapper\">\r\n                                <div class=\"td-gallery-slide-count\"><span class=\"td-gallery-slide-item-focus\">1<\/span> de 8<\/div>\r\n                                <div class=\"td-gallery-slide-prev-next-but\">\r\n                                    <i class = \"td-icon-left doubleSliderPrevButton\"><\/i>\r\n                                    <i class = \"td-icon-right doubleSliderNextButton\"><\/i>\r\n                                <\/div>\r\n                            <\/div>\r\n                        <\/div>\r\n\r\n                        <div class = \"td-doubleSlider-1 \">\r\n                            <div class = \"td-slider\">\r\n                                \r\n                    <div class = \"td-slide-item td-item1\">\r\n                        <figure class=\"td-slide-galery-figure td-slide-popup-gallery\">\r\n                            <a class=\"slide-gallery-image-link\" href=\"\/wp-content\/uploads\/sites\/5\/2025\/09\/IGSS-Centro-de-Atencion-Integral-de-Salud-Mental-CAISM-Dia-Mundial-para-la-Prevencion-del-Suicidio-20255.jpg\" title=\"IGSS Centro de Atencio\u0301n Integral de Salud Mental CAISM Di\u0301a Mundial para la Prevencio\u0301n del Suicidio 20255\"  data-caption=\"\"  data-description=\"\">\r\n                                <img decoding=\"async\" src=\"\/wp-content\/uploads\/sites\/5\/2025\/09\/IGSS-Centro-de-Atencion-Integral-de-Salud-Mental-CAISM-Dia-Mundial-para-la-Prevencion-del-Suicidio-20255-571x420.jpg\" srcset=\"\/wp-content\/uploads\/sites\/5\/2025\/09\/IGSS-Centro-de-Atencion-Integral-de-Salud-Mental-CAISM-Dia-Mundial-para-la-Prevencion-del-Suicidio-20255-571x420.jpg 571w, \/wp-content\/uploads\/sites\/5\/2025\/09\/IGSS-Centro-de-Atencion-Integral-de-Salud-Mental-CAISM-Dia-Mundial-para-la-Prevencion-del-Suicidio-20255-300x221.jpg 300w, \/wp-content\/uploads\/sites\/5\/2025\/09\/IGSS-Centro-de-Atencion-Integral-de-Salud-Mental-CAISM-Dia-Mundial-para-la-Prevencion-del-Suicidio-20255-1024x754.jpg 1024w, \/wp-content\/uploads\/sites\/5\/2025\/09\/IGSS-Centro-de-Atencion-Integral-de-Salud-Mental-CAISM-Dia-Mundial-para-la-Prevencion-del-Suicidio-20255-768x565.jpg 768w, \/wp-content\/uploads\/sites\/5\/2025\/09\/IGSS-Centro-de-Atencion-Integral-de-Salud-Mental-CAISM-Dia-Mundial-para-la-Prevencion-del-Suicidio-20255-80x60.jpg 80w, \/wp-content\/uploads\/sites\/5\/2025\/09\/IGSS-Centro-de-Atencion-Integral-de-Salud-Mental-CAISM-Dia-Mundial-para-la-Prevencion-del-Suicidio-20255-696x512.jpg 696w, \/wp-content\/uploads\/sites\/5\/2025\/09\/IGSS-Centro-de-Atencion-Integral-de-Salud-Mental-CAISM-Dia-Mundial-para-la-Prevencion-del-Suicidio-20255-534x393.jpg 534w, \/wp-content\/uploads\/sites\/5\/2025\/09\/IGSS-Centro-de-Atencion-Integral-de-Salud-Mental-CAISM-Dia-Mundial-para-la-Prevencion-del-Suicidio-20255.jpg 1068w\" sizes=\"(max-width: 571px) 100vw, 571px\" alt=\"\">\r\n                            <\/a>\r\n                            \r\n                        <\/figure>\r\n                    <\/div>\r\n                    <div class = \"td-slide-item td-item2\">\r\n                        <figure class=\"td-slide-galery-figure td-slide-popup-gallery\">\r\n                            <a class=\"slide-gallery-image-link\" href=\"\/wp-content\/uploads\/sites\/5\/2025\/09\/IGSS-Centro-de-Atencion-Integral-de-Salud-Mental-CAISM-Dia-Mundial-para-la-Prevencion-del-Suicidio-20257.jpg\" title=\"IGSS Centro de Atencio\u0301n Integral de Salud Mental CAISM Di\u0301a Mundial para la Prevencio\u0301n del Suicidio 20257\"  data-caption=\"\"  data-description=\"\">\r\n                                <img decoding=\"async\" src=\"\/wp-content\/uploads\/sites\/5\/2025\/09\/IGSS-Centro-de-Atencion-Integral-de-Salud-Mental-CAISM-Dia-Mundial-para-la-Prevencion-del-Suicidio-20257-630x420.jpg\" srcset=\"\/wp-content\/uploads\/sites\/5\/2025\/09\/IGSS-Centro-de-Atencion-Integral-de-Salud-Mental-CAISM-Dia-Mundial-para-la-Prevencion-del-Suicidio-20257-630x420.jpg 630w, \/wp-content\/uploads\/sites\/5\/2025\/09\/IGSS-Centro-de-Atencion-Integral-de-Salud-Mental-CAISM-Dia-Mundial-para-la-Prevencion-del-Suicidio-20257-300x200.jpg 300w, \/wp-content\/uploads\/sites\/5\/2025\/09\/IGSS-Centro-de-Atencion-Integral-de-Salud-Mental-CAISM-Dia-Mundial-para-la-Prevencion-del-Suicidio-20257-1024x682.jpg 1024w, \/wp-content\/uploads\/sites\/5\/2025\/09\/IGSS-Centro-de-Atencion-Integral-de-Salud-Mental-CAISM-Dia-Mundial-para-la-Prevencion-del-Suicidio-20257-768x512.jpg 768w, \/wp-content\/uploads\/sites\/5\/2025\/09\/IGSS-Centro-de-Atencion-Integral-de-Salud-Mental-CAISM-Dia-Mundial-para-la-Prevencion-del-Suicidio-20257-696x464.jpg 696w, \/wp-content\/uploads\/sites\/5\/2025\/09\/IGSS-Centro-de-Atencion-Integral-de-Salud-Mental-CAISM-Dia-Mundial-para-la-Prevencion-del-Suicidio-20257-1068x712.jpg 1068w, \/wp-content\/uploads\/sites\/5\/2025\/09\/IGSS-Centro-de-Atencion-Integral-de-Salud-Mental-CAISM-Dia-Mundial-para-la-Prevencion-del-Suicidio-20257-534x356.jpg 534w, \/wp-content\/uploads\/sites\/5\/2025\/09\/IGSS-Centro-de-Atencion-Integral-de-Salud-Mental-CAISM-Dia-Mundial-para-la-Prevencion-del-Suicidio-20257.jpg 1280w\" sizes=\"(max-width: 630px) 100vw, 630px\" alt=\"\">\r\n                            <\/a>\r\n                            \r\n                        <\/figure>\r\n                    <\/div>\r\n                    <div class = \"td-slide-item td-item3\">\r\n                        <figure class=\"td-slide-galery-figure td-slide-popup-gallery\">\r\n                            <a class=\"slide-gallery-image-link\" href=\"\/wp-content\/uploads\/sites\/5\/2025\/09\/IGSS-Centro-de-Atencion-Integral-de-Salud-Mental-CAISM-Dia-Mundial-para-la-Prevencion-del-Suicidio-20258.jpg\" title=\"IGSS Centro de Atencio\u0301n Integral de Salud Mental CAISM Di\u0301a Mundial para la Prevencio\u0301n del Suicidio 20258\"  data-caption=\"\"  data-description=\"\">\r\n                                <img decoding=\"async\" src=\"\/wp-content\/uploads\/sites\/5\/2025\/09\/IGSS-Centro-de-Atencion-Integral-de-Salud-Mental-CAISM-Dia-Mundial-para-la-Prevencion-del-Suicidio-20258-599x420.jpg\" srcset=\"\/wp-content\/uploads\/sites\/5\/2025\/09\/IGSS-Centro-de-Atencion-Integral-de-Salud-Mental-CAISM-Dia-Mundial-para-la-Prevencion-del-Suicidio-20258-599x420.jpg 599w, \/wp-content\/uploads\/sites\/5\/2025\/09\/IGSS-Centro-de-Atencion-Integral-de-Salud-Mental-CAISM-Dia-Mundial-para-la-Prevencion-del-Suicidio-20258-300x210.jpg 300w, \/wp-content\/uploads\/sites\/5\/2025\/09\/IGSS-Centro-de-Atencion-Integral-de-Salud-Mental-CAISM-Dia-Mundial-para-la-Prevencion-del-Suicidio-20258-1024x718.jpg 1024w, \/wp-content\/uploads\/sites\/5\/2025\/09\/IGSS-Centro-de-Atencion-Integral-de-Salud-Mental-CAISM-Dia-Mundial-para-la-Prevencion-del-Suicidio-20258-768x538.jpg 768w, \/wp-content\/uploads\/sites\/5\/2025\/09\/IGSS-Centro-de-Atencion-Integral-de-Salud-Mental-CAISM-Dia-Mundial-para-la-Prevencion-del-Suicidio-20258-696x488.jpg 696w, \/wp-content\/uploads\/sites\/5\/2025\/09\/IGSS-Centro-de-Atencion-Integral-de-Salud-Mental-CAISM-Dia-Mundial-para-la-Prevencion-del-Suicidio-20258-1068x749.jpg 1068w, \/wp-content\/uploads\/sites\/5\/2025\/09\/IGSS-Centro-de-Atencion-Integral-de-Salud-Mental-CAISM-Dia-Mundial-para-la-Prevencion-del-Suicidio-20258-100x70.jpg 100w, \/wp-content\/uploads\/sites\/5\/2025\/09\/IGSS-Centro-de-Atencion-Integral-de-Salud-Mental-CAISM-Dia-Mundial-para-la-Prevencion-del-Suicidio-20258-534x374.jpg 534w, \/wp-content\/uploads\/sites\/5\/2025\/09\/IGSS-Centro-de-Atencion-Integral-de-Salud-Mental-CAISM-Dia-Mundial-para-la-Prevencion-del-Suicidio-20258.jpg 1217w\" sizes=\"(max-width: 599px) 100vw, 599px\" alt=\"\">\r\n                            <\/a>\r\n                            \r\n                        <\/figure>\r\n                    <\/div>\r\n                    <div class = \"td-slide-item td-item4\">\r\n                        <figure class=\"td-slide-galery-figure td-slide-popup-gallery\">\r\n                            <a class=\"slide-gallery-image-link\" href=\"\/wp-content\/uploads\/sites\/5\/2025\/09\/IGSS-Centro-de-Atencion-Integral-de-Salud-Mental-CAISM-Dia-Mundial-para-la-Prevencion-del-Suicidio-20250.jpg\" title=\"IGSS Centro de Atencio\u0301n Integral de Salud Mental CAISM Di\u0301a Mundial para la Prevencio\u0301n del Suicidio 20250\"  data-caption=\"\"  data-description=\"\">\r\n                                <img decoding=\"async\" src=\"\/wp-content\/uploads\/sites\/5\/2025\/09\/IGSS-Centro-de-Atencion-Integral-de-Salud-Mental-CAISM-Dia-Mundial-para-la-Prevencion-del-Suicidio-20250-280x420.jpg\" srcset=\"\/wp-content\/uploads\/sites\/5\/2025\/09\/IGSS-Centro-de-Atencion-Integral-de-Salud-Mental-CAISM-Dia-Mundial-para-la-Prevencion-del-Suicidio-20250-280x420.jpg 280w, \/wp-content\/uploads\/sites\/5\/2025\/09\/IGSS-Centro-de-Atencion-Integral-de-Salud-Mental-CAISM-Dia-Mundial-para-la-Prevencion-del-Suicidio-20250-200x300.jpg 200w, \/wp-content\/uploads\/sites\/5\/2025\/09\/IGSS-Centro-de-Atencion-Integral-de-Salud-Mental-CAISM-Dia-Mundial-para-la-Prevencion-del-Suicidio-20250-308x462.jpg 308w, \/wp-content\/uploads\/sites\/5\/2025\/09\/IGSS-Centro-de-Atencion-Integral-de-Salud-Mental-CAISM-Dia-Mundial-para-la-Prevencion-del-Suicidio-20250.jpg 682w\" sizes=\"(max-width: 280px) 100vw, 280px\" alt=\"\">\r\n                            <\/a>\r\n                            \r\n                        <\/figure>\r\n                    <\/div>\r\n                    <div class = \"td-slide-item td-item5\">\r\n                        <figure class=\"td-slide-galery-figure td-slide-popup-gallery\">\r\n                            <a class=\"slide-gallery-image-link\" href=\"\/wp-content\/uploads\/sites\/5\/2025\/09\/IGSS-Centro-de-Atencion-Integral-de-Salud-Mental-CAISM-Dia-Mundial-para-la-Prevencion-del-Suicidio-20252.jpg\" title=\"IGSS Centro de Atencio\u0301n Integral de Salud Mental CAISM Di\u0301a Mundial para la Prevencio\u0301n del Suicidio 20252\"  data-caption=\"\"  data-description=\"\">\r\n                                <img decoding=\"async\" src=\"\/wp-content\/uploads\/sites\/5\/2025\/09\/IGSS-Centro-de-Atencion-Integral-de-Salud-Mental-CAISM-Dia-Mundial-para-la-Prevencion-del-Suicidio-20252-592x420.jpg\" srcset=\"\/wp-content\/uploads\/sites\/5\/2025\/09\/IGSS-Centro-de-Atencion-Integral-de-Salud-Mental-CAISM-Dia-Mundial-para-la-Prevencion-del-Suicidio-20252-592x420.jpg 592w, \/wp-content\/uploads\/sites\/5\/2025\/09\/IGSS-Centro-de-Atencion-Integral-de-Salud-Mental-CAISM-Dia-Mundial-para-la-Prevencion-del-Suicidio-20252-300x213.jpg 300w, \/wp-content\/uploads\/sites\/5\/2025\/09\/IGSS-Centro-de-Atencion-Integral-de-Salud-Mental-CAISM-Dia-Mundial-para-la-Prevencion-del-Suicidio-20252-696x494.jpg 696w, \/wp-content\/uploads\/sites\/5\/2025\/09\/IGSS-Centro-de-Atencion-Integral-de-Salud-Mental-CAISM-Dia-Mundial-para-la-Prevencion-del-Suicidio-20252-100x70.jpg 100w, \/wp-content\/uploads\/sites\/5\/2025\/09\/IGSS-Centro-de-Atencion-Integral-de-Salud-Mental-CAISM-Dia-Mundial-para-la-Prevencion-del-Suicidio-20252-534x379.jpg 534w, \/wp-content\/uploads\/sites\/5\/2025\/09\/IGSS-Centro-de-Atencion-Integral-de-Salud-Mental-CAISM-Dia-Mundial-para-la-Prevencion-del-Suicidio-20252.jpg 768w\" sizes=\"(max-width: 592px) 100vw, 592px\" alt=\"\">\r\n                            <\/a>\r\n                            \r\n                        <\/figure>\r\n                    <\/div>\r\n                    <div class = \"td-slide-item td-item6\">\r\n                        <figure class=\"td-slide-galery-figure td-slide-popup-gallery\">\r\n                            <a class=\"slide-gallery-image-link\" href=\"\/wp-content\/uploads\/sites\/5\/2025\/09\/IGSS-Centro-de-Atencion-Integral-de-Salud-Mental-CAISM-Dia-Mundial-para-la-Prevencion-del-Suicidio-20254.jpeg\" title=\"IGSS Centro de Atencio\u0301n Integral de Salud Mental CAISM Di\u0301a Mundial para la Prevencio\u0301n del Suicidio 20254\"  data-caption=\"\"  data-description=\"\">\r\n                                <img decoding=\"async\" src=\"\/wp-content\/uploads\/sites\/5\/2025\/09\/IGSS-Centro-de-Atencion-Integral-de-Salud-Mental-CAISM-Dia-Mundial-para-la-Prevencion-del-Suicidio-20254-280x420.jpeg\" srcset=\"\/wp-content\/uploads\/sites\/5\/2025\/09\/IGSS-Centro-de-Atencion-Integral-de-Salud-Mental-CAISM-Dia-Mundial-para-la-Prevencion-del-Suicidio-20254-280x420.jpeg 280w, \/wp-content\/uploads\/sites\/5\/2025\/09\/IGSS-Centro-de-Atencion-Integral-de-Salud-Mental-CAISM-Dia-Mundial-para-la-Prevencion-del-Suicidio-20254-200x300.jpeg 200w, \/wp-content\/uploads\/sites\/5\/2025\/09\/IGSS-Centro-de-Atencion-Integral-de-Salud-Mental-CAISM-Dia-Mundial-para-la-Prevencion-del-Suicidio-20254-682x1024.jpeg 682w, \/wp-content\/uploads\/sites\/5\/2025\/09\/IGSS-Centro-de-Atencion-Integral-de-Salud-Mental-CAISM-Dia-Mundial-para-la-Prevencion-del-Suicidio-20254-768x1153.jpeg 768w, \/wp-content\/uploads\/sites\/5\/2025\/09\/IGSS-Centro-de-Atencion-Integral-de-Salud-Mental-CAISM-Dia-Mundial-para-la-Prevencion-del-Suicidio-20254-1023x1536.jpeg 1023w, \/wp-content\/uploads\/sites\/5\/2025\/09\/IGSS-Centro-de-Atencion-Integral-de-Salud-Mental-CAISM-Dia-Mundial-para-la-Prevencion-del-Suicidio-20254-696x1045.jpeg 696w, \/wp-content\/uploads\/sites\/5\/2025\/09\/IGSS-Centro-de-Atencion-Integral-de-Salud-Mental-CAISM-Dia-Mundial-para-la-Prevencion-del-Suicidio-20254-308x462.jpeg 308w, \/wp-content\/uploads\/sites\/5\/2025\/09\/IGSS-Centro-de-Atencion-Integral-de-Salud-Mental-CAISM-Dia-Mundial-para-la-Prevencion-del-Suicidio-20254.jpeg 1066w\" sizes=\"(max-width: 280px) 100vw, 280px\" alt=\"\">\r\n                            <\/a>\r\n                            \r\n                        <\/figure>\r\n                    <\/div>\r\n                    <div class = \"td-slide-item td-item7\">\r\n                        <figure class=\"td-slide-galery-figure td-slide-popup-gallery\">\r\n                            <a class=\"slide-gallery-image-link\" href=\"\/wp-content\/uploads\/sites\/5\/2025\/09\/IGSS-Centro-de-Atencion-Integral-de-Salud-Mental-CAISM-Dia-Mundial-para-la-Prevencion-del-Suicidio-20253.jpeg\" title=\"IGSS Centro de Atencio\u0301n Integral de Salud Mental CAISM Di\u0301a Mundial para la Prevencio\u0301n del Suicidio 20253\"  data-caption=\"\"  data-description=\"\">\r\n                                <img decoding=\"async\" src=\"\/wp-content\/uploads\/sites\/5\/2025\/09\/IGSS-Centro-de-Atencion-Integral-de-Salud-Mental-CAISM-Dia-Mundial-para-la-Prevencion-del-Suicidio-20253-606x420.jpeg\" srcset=\"\/wp-content\/uploads\/sites\/5\/2025\/09\/IGSS-Centro-de-Atencion-Integral-de-Salud-Mental-CAISM-Dia-Mundial-para-la-Prevencion-del-Suicidio-20253-606x420.jpeg 606w, \/wp-content\/uploads\/sites\/5\/2025\/09\/IGSS-Centro-de-Atencion-Integral-de-Salud-Mental-CAISM-Dia-Mundial-para-la-Prevencion-del-Suicidio-20253-300x208.jpeg 300w, \/wp-content\/uploads\/sites\/5\/2025\/09\/IGSS-Centro-de-Atencion-Integral-de-Salud-Mental-CAISM-Dia-Mundial-para-la-Prevencion-del-Suicidio-20253-1024x710.jpeg 1024w, \/wp-content\/uploads\/sites\/5\/2025\/09\/IGSS-Centro-de-Atencion-Integral-de-Salud-Mental-CAISM-Dia-Mundial-para-la-Prevencion-del-Suicidio-20253-768x532.jpeg 768w, \/wp-content\/uploads\/sites\/5\/2025\/09\/IGSS-Centro-de-Atencion-Integral-de-Salud-Mental-CAISM-Dia-Mundial-para-la-Prevencion-del-Suicidio-20253-1536x1065.jpeg 1536w, \/wp-content\/uploads\/sites\/5\/2025\/09\/IGSS-Centro-de-Atencion-Integral-de-Salud-Mental-CAISM-Dia-Mundial-para-la-Prevencion-del-Suicidio-20253-218x150.jpeg 218w, \/wp-content\/uploads\/sites\/5\/2025\/09\/IGSS-Centro-de-Atencion-Integral-de-Salud-Mental-CAISM-Dia-Mundial-para-la-Prevencion-del-Suicidio-20253-696x482.jpeg 696w, \/wp-content\/uploads\/sites\/5\/2025\/09\/IGSS-Centro-de-Atencion-Integral-de-Salud-Mental-CAISM-Dia-Mundial-para-la-Prevencion-del-Suicidio-20253-1068x740.jpeg 1068w, \/wp-content\/uploads\/sites\/5\/2025\/09\/IGSS-Centro-de-Atencion-Integral-de-Salud-Mental-CAISM-Dia-Mundial-para-la-Prevencion-del-Suicidio-20253-100x70.jpeg 100w, \/wp-content\/uploads\/sites\/5\/2025\/09\/IGSS-Centro-de-Atencion-Integral-de-Salud-Mental-CAISM-Dia-Mundial-para-la-Prevencion-del-Suicidio-20253-534x370.jpeg 534w, \/wp-content\/uploads\/sites\/5\/2025\/09\/IGSS-Centro-de-Atencion-Integral-de-Salud-Mental-CAISM-Dia-Mundial-para-la-Prevencion-del-Suicidio-20253.jpeg 1600w\" sizes=\"(max-width: 606px) 100vw, 606px\" alt=\"\">\r\n                            <\/a>\r\n                            \r\n                        <\/figure>\r\n                    <\/div>\r\n                    <div class = \"td-slide-item td-item8\">\r\n                        <figure class=\"td-slide-galery-figure td-slide-popup-gallery\">\r\n                            <a class=\"slide-gallery-image-link\" href=\"\/wp-content\/uploads\/sites\/5\/2025\/09\/IGSS-Centro-de-Atencion-Integral-de-Salud-Mental-CAISM-Dia-Mundial-para-la-Prevencion-del-Suicidio-202512.jpg\" title=\"IGSS Centro de Atencio\u0301n Integral de Salud Mental CAISM Di\u0301a Mundial para la Prevencio\u0301n del Suicidio 202512\"  data-caption=\"\"  data-description=\"\">\r\n                                <img decoding=\"async\" src=\"\/wp-content\/uploads\/sites\/5\/2025\/09\/IGSS-Centro-de-Atencion-Integral-de-Salud-Mental-CAISM-Dia-Mundial-para-la-Prevencion-del-Suicidio-202512-630x420.jpg\" srcset=\"\/wp-content\/uploads\/sites\/5\/2025\/09\/IGSS-Centro-de-Atencion-Integral-de-Salud-Mental-CAISM-Dia-Mundial-para-la-Prevencion-del-Suicidio-202512-630x420.jpg 630w, \/wp-content\/uploads\/sites\/5\/2025\/09\/IGSS-Centro-de-Atencion-Integral-de-Salud-Mental-CAISM-Dia-Mundial-para-la-Prevencion-del-Suicidio-202512-300x200.jpg 300w, \/wp-content\/uploads\/sites\/5\/2025\/09\/IGSS-Centro-de-Atencion-Integral-de-Salud-Mental-CAISM-Dia-Mundial-para-la-Prevencion-del-Suicidio-202512-1024x683.jpg 1024w, \/wp-content\/uploads\/sites\/5\/2025\/09\/IGSS-Centro-de-Atencion-Integral-de-Salud-Mental-CAISM-Dia-Mundial-para-la-Prevencion-del-Suicidio-202512-768x512.jpg 768w, \/wp-content\/uploads\/sites\/5\/2025\/09\/IGSS-Centro-de-Atencion-Integral-de-Salud-Mental-CAISM-Dia-Mundial-para-la-Prevencion-del-Suicidio-202512-696x464.jpg 696w, \/wp-content\/uploads\/sites\/5\/2025\/09\/IGSS-Centro-de-Atencion-Integral-de-Salud-Mental-CAISM-Dia-Mundial-para-la-Prevencion-del-Suicidio-202512-534x356.jpg 534w, \/wp-content\/uploads\/sites\/5\/2025\/09\/IGSS-Centro-de-Atencion-Integral-de-Salud-Mental-CAISM-Dia-Mundial-para-la-Prevencion-del-Suicidio-202512.jpg 1068w\" sizes=\"(max-width: 630px) 100vw, 630px\" alt=\"\">\r\n                            <\/a>\r\n                            \r\n                        <\/figure>\r\n                    <\/div>\r\n                            <\/div>\r\n                        <\/div>\r\n\r\n                        <div class = \"td-doubleSlider-2\">\r\n                            <div class = \"td-slider\">\r\n                                \r\n                    <div class = \"td-button td-item1\">\r\n                        <div class = \"td-border\"><\/div>\r\n                    <\/div>\r\n                    <div class = \"td-button td-item2\">\r\n                        <div class = \"td-border\"><\/div>\r\n                    <\/div>\r\n                    <div class = \"td-button td-item3\">\r\n                        <div class = \"td-border\"><\/div>\r\n                    <\/div>\r\n                    <div class = \"td-button td-item4\">\r\n                        <div class = \"td-border\"><\/div>\r\n                    <\/div>\r\n                    <div class = \"td-button td-item5\">\r\n                        <div class = \"td-border\"><\/div>\r\n                    <\/div>\r\n                    <div class = \"td-button td-item6\">\r\n                        <div class = \"td-border\"><\/div>\r\n                    <\/div>\r\n                    <div class = \"td-button td-item7\">\r\n                        <div class = \"td-border\"><\/div>\r\n                    <\/div>\r\n                    <div class = \"td-button td-item8\">\r\n                        <div class = \"td-border\"><\/div>\r\n                    <\/div>\r\n                            <\/div>\r\n                        <\/div>\r\n\r\n                    <\/div>\r\n\r\n                <\/div>\r\n                \n","protected":false},"excerpt":{"rendered":"<p>Seg\u00fan cifras internacionales, 703 mil personas se suicidan anualmente, lo que equivale a un caso cada 40 segundos. En el pa\u00eds, los principales factores de riesgo son los problemas sociales y la poca visibilidad de la salud mental. \u201cEl mayor desaf\u00edo es reconocer que cualquiera puede estar en riesgo, no solo quienes tienen un diagn\u00f3stico [&hellip;]<\/p>\n","protected":false},"author":3269,"featured_media":50223,"comment_status":"closed","ping_status":"closed","sticky":false,"template":"","format":"standard","meta":{"footnotes":""},"categories":[3,4,1130,1291,27,31,33,36],"tags":[1613,172,2374,490],"coauthors":[1970],"class_list":{"0":"post-50222","1":"post","2":"type-post","3":"status-publish","4":"format-standard","5":"has-post-thumbnail","7":"category-actualidad","8":"category-afiliados","9":"category-consejos-medicos","10":"category-prestaciones-en-salud","11":"category-prevencion-en-salud","12":"category-salud","13":"category-servicios-de-salud","14":"category-unidades-medicas","15":"tag-caism","16":"tag-centro-de-atencion-integral-de-salud-mental","17":"tag-dia-mundial-para-la-prevencion-del-suicidio","18":"tag-igss"},"_links":{"self":[{"href":"https:\/\/www.igssgt.org\/noticias\/wp-json\/wp\/v2\/posts\/50222","targetHints":{"allow":["GET"]}}],"collection":[{"href":"https:\/\/www.igssgt.org\/noticias\/wp-json\/wp\/v2\/posts"}],"about":[{"href":"https:\/\/www.igssgt.org\/noticias\/wp-json\/wp\/v2\/types\/post"}],"author":[{"embeddable":true,"href":"https:\/\/www.igssgt.org\/noticias\/wp-json\/wp\/v2\/users\/3269"}],"replies":[{"embeddable":true,"href":"https:\/\/www.igssgt.org\/noticias\/wp-json\/wp\/v2\/comments?post=50222"}],"version-history":[{"count":1,"href":"https:\/\/www.igssgt.org\/noticias\/wp-json\/wp\/v2\/posts\/50222\/revisions"}],"predecessor-version":[{"id":50236,"href":"https:\/\/www.igssgt.org\/noticias\/wp-json\/wp\/v2\/posts\/50222\/revisions\/50236"}],"wp:featuredmedia":[{"embeddable":true,"href":"https:\/\/www.igssgt.org\/noticias\/wp-json\/wp\/v2\/media\/50223"}],"wp:attachment":[{"href":"https:\/\/www.igssgt.org\/noticias\/wp-json\/wp\/v2\/media?parent=50222"}],"wp:term":[{"taxonomy":"category","embeddable":true,"href":"https:\/\/www.igssgt.org\/noticias\/wp-json\/wp\/v2\/categories?post=50222"},{"taxonomy":"post_tag","embeddable":true,"href":"https:\/\/www.igssgt.org\/noticias\/wp-json\/wp\/v2\/tags?post=50222"},{"taxonomy":"author","embeddable":true,"href":"https:\/\/www.igssgt.org\/noticias\/wp-json\/wp\/v2\/coauthors?post=50222"}],"curies":[{"name":"wp","href":"https:\/\/api.w.org\/{rel}","templated":true}]}}