{"id":50314,"date":"2025-09-16T05:05:00","date_gmt":"2025-09-16T11:05:00","guid":{"rendered":"https:\/\/www.igssgt.org\/noticias\/?p=50314"},"modified":"2025-09-16T08:54:56","modified_gmt":"2025-09-16T14:54:56","slug":"el-hospital-de-rehabilitacion-brinda-electroterapia-facial-como-apoyo-en-los-tratamiento","status":"publish","type":"post","link":"https:\/\/www.igssgt.org\/noticias\/2025\/09\/16\/el-hospital-de-rehabilitacion-brinda-electroterapia-facial-como-apoyo-en-los-tratamiento\/","title":{"rendered":"El Hospital de Rehabilitaci\u00f3n brinda electroterapia facial como apoyo en los tratamientos"},"content":{"rendered":"\n<p class=\"has-drop-cap\">&nbsp;\u201cEste tratamiento se emplea como complemento en procesos de rehabilitaci\u00f3n, contribuyendo a la tonificaci\u00f3n muscular, la mejora de la simetr\u00eda y la disminuci\u00f3n del dolor en pacientes con diferentes afecciones\u201d, indic\u00f3 el doctor Kevin Armando Portillo Koberne, director m\u00e9dico.<\/p>\n\n\n\n<figure id=\"attachment_50316\" aria-describedby=\"caption-attachment-50316\" style=\"width: 713px\" class=\"wp-caption alignnone\"><img loading=\"lazy\" decoding=\"async\" class=\"wp-image-50316\" src=\"\/wp-content\/uploads\/sites\/5\/2025\/09\/IGSS-Hospital-de-Rehabilitacion-Electroterapias20251-300x225.jpg\" alt=\"\" width=\"713\" height=\"535\" srcset=\"\/wp-content\/uploads\/sites\/5\/2025\/09\/IGSS-Hospital-de-Rehabilitacion-Electroterapias20251-300x225.jpg 300w, \/wp-content\/uploads\/sites\/5\/2025\/09\/IGSS-Hospital-de-Rehabilitacion-Electroterapias20251-1024x768.jpg 1024w, \/wp-content\/uploads\/sites\/5\/2025\/09\/IGSS-Hospital-de-Rehabilitacion-Electroterapias20251-768x576.jpg 768w, \/wp-content\/uploads\/sites\/5\/2025\/09\/IGSS-Hospital-de-Rehabilitacion-Electroterapias20251-1536x1152.jpg 1536w, \/wp-content\/uploads\/sites\/5\/2025\/09\/IGSS-Hospital-de-Rehabilitacion-Electroterapias20251-560x420.jpg 560w, \/wp-content\/uploads\/sites\/5\/2025\/09\/IGSS-Hospital-de-Rehabilitacion-Electroterapias20251-80x60.jpg 80w, \/wp-content\/uploads\/sites\/5\/2025\/09\/IGSS-Hospital-de-Rehabilitacion-Electroterapias20251-696x522.jpg 696w, \/wp-content\/uploads\/sites\/5\/2025\/09\/IGSS-Hospital-de-Rehabilitacion-Electroterapias20251-1068x801.jpg 1068w, \/wp-content\/uploads\/sites\/5\/2025\/09\/IGSS-Hospital-de-Rehabilitacion-Electroterapias20251-265x198.jpg 265w, \/wp-content\/uploads\/sites\/5\/2025\/09\/IGSS-Hospital-de-Rehabilitacion-Electroterapias20251-534x401.jpg 534w, \/wp-content\/uploads\/sites\/5\/2025\/09\/IGSS-Hospital-de-Rehabilitacion-Electroterapias20251.jpg 1600w\" sizes=\"auto, (max-width: 713px) 100vw, 713px\" \/><figcaption id=\"caption-attachment-50316\" class=\"wp-caption-text\">El paciente recibe calentamiento previo a los electrodos.<\/figcaption><\/figure>\n<p>Actualmente el hospital brinda 300 electroterapias semanales, entre las principales condiciones en las que se recomienda este tratamiento, se encuentran la par\u00e1lisis facial y los trastornos de la articulaci\u00f3n temporomandibular (ATM), permitiendo mejorar la funci\u00f3n motora, recuperar movimientos y aliviar molestias asociadas.<\/p>\n<figure id=\"attachment_50317\" aria-describedby=\"caption-attachment-50317\" style=\"width: 712px\" class=\"wp-caption alignnone\"><img loading=\"lazy\" decoding=\"async\" class=\"wp-image-50317\" src=\"\/wp-content\/uploads\/sites\/5\/2025\/09\/IGSS-Hospital-de-Rehabilitacion-Electroterapias20252-300x225.jpg\" alt=\"\" width=\"712\" height=\"534\" srcset=\"\/wp-content\/uploads\/sites\/5\/2025\/09\/IGSS-Hospital-de-Rehabilitacion-Electroterapias20252-300x225.jpg 300w, \/wp-content\/uploads\/sites\/5\/2025\/09\/IGSS-Hospital-de-Rehabilitacion-Electroterapias20252-1024x768.jpg 1024w, \/wp-content\/uploads\/sites\/5\/2025\/09\/IGSS-Hospital-de-Rehabilitacion-Electroterapias20252-768x576.jpg 768w, \/wp-content\/uploads\/sites\/5\/2025\/09\/IGSS-Hospital-de-Rehabilitacion-Electroterapias20252-1536x1152.jpg 1536w, \/wp-content\/uploads\/sites\/5\/2025\/09\/IGSS-Hospital-de-Rehabilitacion-Electroterapias20252-560x420.jpg 560w, \/wp-content\/uploads\/sites\/5\/2025\/09\/IGSS-Hospital-de-Rehabilitacion-Electroterapias20252-80x60.jpg 80w, \/wp-content\/uploads\/sites\/5\/2025\/09\/IGSS-Hospital-de-Rehabilitacion-Electroterapias20252-696x522.jpg 696w, \/wp-content\/uploads\/sites\/5\/2025\/09\/IGSS-Hospital-de-Rehabilitacion-Electroterapias20252-1068x801.jpg 1068w, \/wp-content\/uploads\/sites\/5\/2025\/09\/IGSS-Hospital-de-Rehabilitacion-Electroterapias20252-265x198.jpg 265w, \/wp-content\/uploads\/sites\/5\/2025\/09\/IGSS-Hospital-de-Rehabilitacion-Electroterapias20252-534x401.jpg 534w, \/wp-content\/uploads\/sites\/5\/2025\/09\/IGSS-Hospital-de-Rehabilitacion-Electroterapias20252.jpg 1600w\" sizes=\"auto, (max-width: 712px) 100vw, 712px\" \/><figcaption id=\"caption-attachment-50317\" class=\"wp-caption-text\">Los electrodos estimulan los nervios para que \u00e9stos se relajen y vuelvan a su lugar.<\/figcaption><\/figure>\n<p>El proceso aplicable en el tratamiento de electroterapia facial incluye:<\/p>\n<ol>\n<li>Valoraci\u00f3n inicial: el fisioterapeuta realiza una evaluaci\u00f3n cl\u00ednica para determinar el estado del paciente, el diagn\u00f3stico y la conveniencia del uso de electroterapia.<\/li>\n<li>Colocaci\u00f3n de calefacci\u00f3n: previo a los electrodos, al paciente se le coloca una presa caliente para relajar el m\u00fasculo y calmar el dolor.<\/li>\n<li>Colocaci\u00f3n de electrodos: se ubican en puntos espec\u00edficos del rostro, dependiendo del m\u00fasculo o nervio que se desea estimular.<\/li>\n<li>Aplicaci\u00f3n de impulsos el\u00e9ctricos: se regulan la intensidad, frecuencia y duraci\u00f3n de la corriente de acuerdo con las necesidades del paciente.<\/li>\n<li>Monitoreo constante: durante la sesi\u00f3n, un especialista supervisa la respuesta del paciente y realiza masajes faciales, para los ajustes en la programaci\u00f3n.<\/li>\n<li>Plan integral de rehabilitaci\u00f3n: la electroterapia se combina con otros ejercicios de fisioterapia para optimizar los resultados.<\/li>\n<li>\u00a0<\/li>\n<\/ol>\n<figure id=\"attachment_50318\" aria-describedby=\"caption-attachment-50318\" style=\"width: 668px\" class=\"wp-caption alignnone\"><img loading=\"lazy\" decoding=\"async\" class=\"wp-image-50318\" src=\"\/wp-content\/uploads\/sites\/5\/2025\/09\/IGSS-Hospital-de-Rehabilitacion-Electroterapias20253-300x225.jpg\" alt=\"\" width=\"668\" height=\"501\" srcset=\"\/wp-content\/uploads\/sites\/5\/2025\/09\/IGSS-Hospital-de-Rehabilitacion-Electroterapias20253-300x225.jpg 300w, \/wp-content\/uploads\/sites\/5\/2025\/09\/IGSS-Hospital-de-Rehabilitacion-Electroterapias20253-1024x768.jpg 1024w, \/wp-content\/uploads\/sites\/5\/2025\/09\/IGSS-Hospital-de-Rehabilitacion-Electroterapias20253-768x576.jpg 768w, \/wp-content\/uploads\/sites\/5\/2025\/09\/IGSS-Hospital-de-Rehabilitacion-Electroterapias20253-1536x1152.jpg 1536w, \/wp-content\/uploads\/sites\/5\/2025\/09\/IGSS-Hospital-de-Rehabilitacion-Electroterapias20253-560x420.jpg 560w, \/wp-content\/uploads\/sites\/5\/2025\/09\/IGSS-Hospital-de-Rehabilitacion-Electroterapias20253-80x60.jpg 80w, \/wp-content\/uploads\/sites\/5\/2025\/09\/IGSS-Hospital-de-Rehabilitacion-Electroterapias20253-696x522.jpg 696w, \/wp-content\/uploads\/sites\/5\/2025\/09\/IGSS-Hospital-de-Rehabilitacion-Electroterapias20253-1068x801.jpg 1068w, \/wp-content\/uploads\/sites\/5\/2025\/09\/IGSS-Hospital-de-Rehabilitacion-Electroterapias20253-265x198.jpg 265w, \/wp-content\/uploads\/sites\/5\/2025\/09\/IGSS-Hospital-de-Rehabilitacion-Electroterapias20253-534x401.jpg 534w, \/wp-content\/uploads\/sites\/5\/2025\/09\/IGSS-Hospital-de-Rehabilitacion-Electroterapias20253.jpg 1600w\" sizes=\"auto, (max-width: 668px) 100vw, 668px\" \/><figcaption id=\"caption-attachment-50318\" class=\"wp-caption-text\">Un especialista brinda masaje facial para monitorear la respuesta del paciente al tratamiento.<\/figcaption><\/figure>\n<p>Con la aplicaci\u00f3n de este tratamiento, el Hospital de Rehabilitaci\u00f3n brinda atenci\u00f3n integral y de calidad a sus derechohabientes, implementando terapias modernas que favorecen la recuperaci\u00f3n funcional y el bienestar.<\/p>\n\r\n                <style type=\"text\/css\">\r\n                    \r\n                    #tdi_1  .td-doubleSlider-2 .td-item1 {\r\n                        background: url(\/wp-content\/uploads\/sites\/5\/2025\/09\/IGSS-Hospital-de-Rehabilitacion-Electroterapias20255-80x60.jpg) 0 0 no-repeat;\r\n                    }\r\n                    #tdi_1  .td-doubleSlider-2 .td-item2 {\r\n                        background: url(\/wp-content\/uploads\/sites\/5\/2025\/09\/IGSS-Hospital-de-Rehabilitacion-Electroterapias20254-80x60.jpg) 0 0 no-repeat;\r\n                    }\r\n                <\/style>\r\n\r\n                <div id=\"tdi_1\" class=\"td-gallery td-slide-on-2-columns\">\r\n                    <div class=\"post_td_gallery\">\r\n                        <div class=\"td-gallery-slide-top\">\r\n                           <div class=\"td-gallery-title\">M\u00e1s fotos:<\/div>\r\n\r\n                            <div class=\"td-gallery-controls-wrapper\">\r\n                                <div class=\"td-gallery-slide-count\"><span class=\"td-gallery-slide-item-focus\">1<\/span> de 2<\/div>\r\n                                <div class=\"td-gallery-slide-prev-next-but\">\r\n                                    <i class = \"td-icon-left doubleSliderPrevButton\"><\/i>\r\n                                    <i class = \"td-icon-right doubleSliderNextButton\"><\/i>\r\n                                <\/div>\r\n                            <\/div>\r\n                        <\/div>\r\n\r\n                        <div class = \"td-doubleSlider-1 \">\r\n                            <div class = \"td-slider\">\r\n                                \r\n                    <div class = \"td-slide-item td-item1\">\r\n                        <figure class=\"td-slide-galery-figure td-slide-popup-gallery\">\r\n                            <a class=\"slide-gallery-image-link\" href=\"\/wp-content\/uploads\/sites\/5\/2025\/09\/IGSS-Hospital-de-Rehabilitacion-Electroterapias20255.jpg\" title=\"IGSS Hospital de Rehabilitacion Electroterapias20255\"  data-caption=\"\"  data-description=\"\">\r\n                                <img decoding=\"async\" src=\"\/wp-content\/uploads\/sites\/5\/2025\/09\/IGSS-Hospital-de-Rehabilitacion-Electroterapias20255-560x420.jpg\" srcset=\"\/wp-content\/uploads\/sites\/5\/2025\/09\/IGSS-Hospital-de-Rehabilitacion-Electroterapias20255-560x420.jpg 560w, \/wp-content\/uploads\/sites\/5\/2025\/09\/IGSS-Hospital-de-Rehabilitacion-Electroterapias20255-300x225.jpg 300w, \/wp-content\/uploads\/sites\/5\/2025\/09\/IGSS-Hospital-de-Rehabilitacion-Electroterapias20255-1024x768.jpg 1024w, \/wp-content\/uploads\/sites\/5\/2025\/09\/IGSS-Hospital-de-Rehabilitacion-Electroterapias20255-768x576.jpg 768w, \/wp-content\/uploads\/sites\/5\/2025\/09\/IGSS-Hospital-de-Rehabilitacion-Electroterapias20255-1536x1152.jpg 1536w, \/wp-content\/uploads\/sites\/5\/2025\/09\/IGSS-Hospital-de-Rehabilitacion-Electroterapias20255-80x60.jpg 80w, \/wp-content\/uploads\/sites\/5\/2025\/09\/IGSS-Hospital-de-Rehabilitacion-Electroterapias20255-696x522.jpg 696w, \/wp-content\/uploads\/sites\/5\/2025\/09\/IGSS-Hospital-de-Rehabilitacion-Electroterapias20255-1068x801.jpg 1068w, \/wp-content\/uploads\/sites\/5\/2025\/09\/IGSS-Hospital-de-Rehabilitacion-Electroterapias20255-265x198.jpg 265w, \/wp-content\/uploads\/sites\/5\/2025\/09\/IGSS-Hospital-de-Rehabilitacion-Electroterapias20255-534x401.jpg 534w, \/wp-content\/uploads\/sites\/5\/2025\/09\/IGSS-Hospital-de-Rehabilitacion-Electroterapias20255.jpg 1600w\" sizes=\"(max-width: 560px) 100vw, 560px\" alt=\"\">\r\n                            <\/a>\r\n                            \r\n                        <\/figure>\r\n                    <\/div>\r\n                    <div class = \"td-slide-item td-item2\">\r\n                        <figure class=\"td-slide-galery-figure td-slide-popup-gallery\">\r\n                            <a class=\"slide-gallery-image-link\" href=\"\/wp-content\/uploads\/sites\/5\/2025\/09\/IGSS-Hospital-de-Rehabilitacion-Electroterapias20254.jpg\" title=\"IGSS Hospital de Rehabilitacion Electroterapias20254\"  data-caption=\"\"  data-description=\"\">\r\n                                <img decoding=\"async\" src=\"\/wp-content\/uploads\/sites\/5\/2025\/09\/IGSS-Hospital-de-Rehabilitacion-Electroterapias20254-560x420.jpg\" srcset=\"\/wp-content\/uploads\/sites\/5\/2025\/09\/IGSS-Hospital-de-Rehabilitacion-Electroterapias20254-560x420.jpg 560w, \/wp-content\/uploads\/sites\/5\/2025\/09\/IGSS-Hospital-de-Rehabilitacion-Electroterapias20254-300x225.jpg 300w, \/wp-content\/uploads\/sites\/5\/2025\/09\/IGSS-Hospital-de-Rehabilitacion-Electroterapias20254-1024x768.jpg 1024w, \/wp-content\/uploads\/sites\/5\/2025\/09\/IGSS-Hospital-de-Rehabilitacion-Electroterapias20254-768x576.jpg 768w, \/wp-content\/uploads\/sites\/5\/2025\/09\/IGSS-Hospital-de-Rehabilitacion-Electroterapias20254-1536x1152.jpg 1536w, \/wp-content\/uploads\/sites\/5\/2025\/09\/IGSS-Hospital-de-Rehabilitacion-Electroterapias20254-80x60.jpg 80w, \/wp-content\/uploads\/sites\/5\/2025\/09\/IGSS-Hospital-de-Rehabilitacion-Electroterapias20254-696x522.jpg 696w, \/wp-content\/uploads\/sites\/5\/2025\/09\/IGSS-Hospital-de-Rehabilitacion-Electroterapias20254-1068x801.jpg 1068w, \/wp-content\/uploads\/sites\/5\/2025\/09\/IGSS-Hospital-de-Rehabilitacion-Electroterapias20254-265x198.jpg 265w, \/wp-content\/uploads\/sites\/5\/2025\/09\/IGSS-Hospital-de-Rehabilitacion-Electroterapias20254-534x401.jpg 534w, \/wp-content\/uploads\/sites\/5\/2025\/09\/IGSS-Hospital-de-Rehabilitacion-Electroterapias20254.jpg 1600w\" sizes=\"(max-width: 560px) 100vw, 560px\" alt=\"\">\r\n                            <\/a>\r\n                            \r\n                        <\/figure>\r\n                    <\/div>\r\n                            <\/div>\r\n                        <\/div>\r\n\r\n                        <div class = \"td-doubleSlider-2\">\r\n                            <div class = \"td-slider\">\r\n                                \r\n                    <div class = \"td-button td-item1\">\r\n                        <div class = \"td-border\"><\/div>\r\n                    <\/div>\r\n                    <div class = \"td-button td-item2\">\r\n                        <div class = \"td-border\"><\/div>\r\n                    <\/div>\r\n                            <\/div>\r\n                        <\/div>\r\n\r\n                    <\/div>\r\n\r\n                <\/div>\r\n                \n","protected":false},"excerpt":{"rendered":"<p>&nbsp;\u201cEste tratamiento se emplea como complemento en procesos de rehabilitaci\u00f3n, contribuyendo a la tonificaci\u00f3n muscular, la mejora de la simetr\u00eda y la disminuci\u00f3n del dolor en pacientes con diferentes afecciones\u201d, indic\u00f3 el doctor Kevin Armando Portillo Koberne, director m\u00e9dico. Actualmente el hospital brinda 300 electroterapias semanales, entre las principales condiciones en las que se recomienda [&hellip;]<\/p>\n","protected":false},"author":3269,"featured_media":50315,"comment_status":"closed","ping_status":"closed","sticky":false,"template":"","format":"standard","meta":{"footnotes":""},"categories":[3,4,1130,1291,30,31,33],"tags":[2377,2375,478,490,2376],"coauthors":[1970],"class_list":{"0":"post-50314","1":"post","2":"type-post","3":"status-publish","4":"format-standard","5":"has-post-thumbnail","7":"category-actualidad","8":"category-afiliados","9":"category-consejos-medicos","10":"category-prestaciones-en-salud","11":"category-rehabilitacion","12":"category-salud","13":"category-servicios-de-salud","14":"tag-articulacion-temporomandibular-atm","15":"tag-electroterapias","16":"tag-hospital-de-rehabilitacion","17":"tag-igss","18":"tag-trastornos-de-articulacion"},"_links":{"self":[{"href":"https:\/\/www.igssgt.org\/noticias\/wp-json\/wp\/v2\/posts\/50314","targetHints":{"allow":["GET"]}}],"collection":[{"href":"https:\/\/www.igssgt.org\/noticias\/wp-json\/wp\/v2\/posts"}],"about":[{"href":"https:\/\/www.igssgt.org\/noticias\/wp-json\/wp\/v2\/types\/post"}],"author":[{"embeddable":true,"href":"https:\/\/www.igssgt.org\/noticias\/wp-json\/wp\/v2\/users\/3269"}],"replies":[{"embeddable":true,"href":"https:\/\/www.igssgt.org\/noticias\/wp-json\/wp\/v2\/comments?post=50314"}],"version-history":[{"count":3,"href":"https:\/\/www.igssgt.org\/noticias\/wp-json\/wp\/v2\/posts\/50314\/revisions"}],"predecessor-version":[{"id":50423,"href":"https:\/\/www.igssgt.org\/noticias\/wp-json\/wp\/v2\/posts\/50314\/revisions\/50423"}],"wp:featuredmedia":[{"embeddable":true,"href":"https:\/\/www.igssgt.org\/noticias\/wp-json\/wp\/v2\/media\/50315"}],"wp:attachment":[{"href":"https:\/\/www.igssgt.org\/noticias\/wp-json\/wp\/v2\/media?parent=50314"}],"wp:term":[{"taxonomy":"category","embeddable":true,"href":"https:\/\/www.igssgt.org\/noticias\/wp-json\/wp\/v2\/categories?post=50314"},{"taxonomy":"post_tag","embeddable":true,"href":"https:\/\/www.igssgt.org\/noticias\/wp-json\/wp\/v2\/tags?post=50314"},{"taxonomy":"author","embeddable":true,"href":"https:\/\/www.igssgt.org\/noticias\/wp-json\/wp\/v2\/coauthors?post=50314"}],"curies":[{"name":"wp","href":"https:\/\/api.w.org\/{rel}","templated":true}]}}