{"id":50354,"date":"2025-09-13T05:15:00","date_gmt":"2025-09-13T11:15:00","guid":{"rendered":"https:\/\/www.igssgt.org\/noticias\/?p=50354"},"modified":"2025-09-11T15:24:49","modified_gmt":"2025-09-11T21:24:49","slug":"el-igss-advierte-sobre-los-peligros-de-la-sepsis","status":"publish","type":"post","link":"https:\/\/www.igssgt.org\/noticias\/2025\/09\/13\/el-igss-advierte-sobre-los-peligros-de-la-sepsis\/","title":{"rendered":"El IGSS advierte sobre los peligros de la sepsis"},"content":{"rendered":"\n<p class=\"has-drop-cap\">En el marco del D\u00eda Mundial de la Sepsis, la doctora Madelaine Castellanos, residente IV en Medicina Interna y jefa de residentes del Hospital General de Enfermedades del IGSS, explic\u00f3 que esta condici\u00f3n surge cuando una infecci\u00f3n com\u00fan como neumon\u00eda, infecciones urinarias o gastrointestinales avanza y ocasiona da\u00f1os severos en \u00f3rganos vitales como coraz\u00f3n, pulmones, ri\u00f1ones o cerebro.<\/p>\n\n\n\n<p><\/p>\n\n\n\n<figure id=\"attachment_50356\" aria-describedby=\"caption-attachment-50356\" style=\"width: 717px\" class=\"wp-caption alignnone\"><img loading=\"lazy\" decoding=\"async\" class=\"wp-image-50356\" src=\"\/wp-content\/uploads\/sites\/5\/2025\/09\/IGSS-Hospital-General-ce-Enfermedades-Dia-de-la-Sepsis-20252-300x200.jpg\" alt=\"\" width=\"717\" height=\"478\" srcset=\"\/wp-content\/uploads\/sites\/5\/2025\/09\/IGSS-Hospital-General-ce-Enfermedades-Dia-de-la-Sepsis-20252-300x200.jpg 300w, \/wp-content\/uploads\/sites\/5\/2025\/09\/IGSS-Hospital-General-ce-Enfermedades-Dia-de-la-Sepsis-20252-534x356.jpg 534w, \/wp-content\/uploads\/sites\/5\/2025\/09\/IGSS-Hospital-General-ce-Enfermedades-Dia-de-la-Sepsis-20252.jpg 630w\" sizes=\"auto, (max-width: 717px) 100vw, 717px\" \/><figcaption id=\"caption-attachment-50356\" class=\"wp-caption-text\">La sepsis puede cobrar la vida en horas si no se trata a tiempo.<\/figcaption><\/figure>\n<p>Los s\u00edntomas de alerta incluyen fiebre alta o muy baja, respiraci\u00f3n agitada, latidos acelerados, confusi\u00f3n, disminuci\u00f3n en la cantidad de orina y piel fr\u00eda o manchada.<\/p>\n<p>\u00a0\u201cCada hora sin tratamiento aumenta el riesgo de morir, por eso la atenci\u00f3n inmediata es vital\u201d, enfatiz\u00f3 Castellanos.<\/p>\n<figure id=\"attachment_50357\" aria-describedby=\"caption-attachment-50357\" style=\"width: 710px\" class=\"wp-caption alignnone\"><img loading=\"lazy\" decoding=\"async\" class=\"wp-image-50357\" src=\"\/wp-content\/uploads\/sites\/5\/2025\/09\/IGSS-Hospital-General-ce-Enfermedades-Dia-de-la-Sepsis-20253-300x200.jpg\" alt=\"\" width=\"710\" height=\"473\" srcset=\"\/wp-content\/uploads\/sites\/5\/2025\/09\/IGSS-Hospital-General-ce-Enfermedades-Dia-de-la-Sepsis-20253-300x200.jpg 300w, \/wp-content\/uploads\/sites\/5\/2025\/09\/IGSS-Hospital-General-ce-Enfermedades-Dia-de-la-Sepsis-20253-1024x683.jpg 1024w, \/wp-content\/uploads\/sites\/5\/2025\/09\/IGSS-Hospital-General-ce-Enfermedades-Dia-de-la-Sepsis-20253-768x512.jpg 768w, \/wp-content\/uploads\/sites\/5\/2025\/09\/IGSS-Hospital-General-ce-Enfermedades-Dia-de-la-Sepsis-20253-630x420.jpg 630w, \/wp-content\/uploads\/sites\/5\/2025\/09\/IGSS-Hospital-General-ce-Enfermedades-Dia-de-la-Sepsis-20253-696x464.jpg 696w, \/wp-content\/uploads\/sites\/5\/2025\/09\/IGSS-Hospital-General-ce-Enfermedades-Dia-de-la-Sepsis-20253-534x356.jpg 534w, \/wp-content\/uploads\/sites\/5\/2025\/09\/IGSS-Hospital-General-ce-Enfermedades-Dia-de-la-Sepsis-20253.jpg 1068w\" sizes=\"auto, (max-width: 710px) 100vw, 710px\" \/><figcaption id=\"caption-attachment-50357\" class=\"wp-caption-text\">El IGSS recomienda lavado de manos, vacunaci\u00f3n y atenci\u00f3n m\u00e9dica oportuna.<\/figcaption><\/figure>\n<p>Entre los grupos m\u00e1s vulnerables se encuentran los beb\u00e9s, adultos mayores, personas con enfermedades cr\u00f3nicas, pacientes hospitalizados y mujeres embarazadas o reci\u00e9n operadas.<\/p>\n<p>A nivel mundial, se reportan 49 millones de casos de sepsis al a\u00f1o y m\u00e1s de 11 millones de muertes, seg\u00fan datos m\u00e9dicos internacionales.<\/p>\n<p>El IGSS impulsa protocolos de detecci\u00f3n temprana y capacitaci\u00f3n continua del personal m\u00e9dico y de enfermer\u00eda para salvar vidas.<\/p>\n<figure id=\"attachment_50358\" aria-describedby=\"caption-attachment-50358\" style=\"width: 701px\" class=\"wp-caption alignnone\"><img loading=\"lazy\" decoding=\"async\" class=\"wp-image-50358\" src=\"\/wp-content\/uploads\/sites\/5\/2025\/09\/IGSS-Hospital-General-ce-Enfermedades-Dia-de-la-Sepsis-20254-278x300.jpg\" alt=\"\" width=\"701\" height=\"756\" srcset=\"\/wp-content\/uploads\/sites\/5\/2025\/09\/IGSS-Hospital-General-ce-Enfermedades-Dia-de-la-Sepsis-20254-278x300.jpg 278w, \/wp-content\/uploads\/sites\/5\/2025\/09\/IGSS-Hospital-General-ce-Enfermedades-Dia-de-la-Sepsis-20254-949x1024.jpg 949w, \/wp-content\/uploads\/sites\/5\/2025\/09\/IGSS-Hospital-General-ce-Enfermedades-Dia-de-la-Sepsis-20254-768x828.jpg 768w, \/wp-content\/uploads\/sites\/5\/2025\/09\/IGSS-Hospital-General-ce-Enfermedades-Dia-de-la-Sepsis-20254-389x420.jpg 389w, \/wp-content\/uploads\/sites\/5\/2025\/09\/IGSS-Hospital-General-ce-Enfermedades-Dia-de-la-Sepsis-20254-696x751.jpg 696w, \/wp-content\/uploads\/sites\/5\/2025\/09\/IGSS-Hospital-General-ce-Enfermedades-Dia-de-la-Sepsis-20254-428x462.jpg 428w, \/wp-content\/uploads\/sites\/5\/2025\/09\/IGSS-Hospital-General-ce-Enfermedades-Dia-de-la-Sepsis-20254.jpg 1068w\" sizes=\"auto, (max-width: 701px) 100vw, 701px\" \/><figcaption id=\"caption-attachment-50358\" class=\"wp-caption-text\">Cada a\u00f1o, m\u00e1s de 11 millones de personas mueren en el mundo por sepsis.<\/figcaption><\/figure>\n<p>Adem\u00e1s, recomienda a la poblaci\u00f3n medidas preventivas como lavado frecuente de manos, vacunaci\u00f3n, cuidado de heridas, evitar la automedicaci\u00f3n con antibi\u00f3ticos y acudir al m\u00e9dico ante cualquier complicaci\u00f3n.<\/p>\n<p>\u201cLa sepsis puede empezar con una infecci\u00f3n com\u00fan, pero avanza muy r\u00e1pido. Consultar a tiempo puede marcar la diferencia y salvar una vida\u201d, subray\u00f3 Castellanos.<\/p>\n\r\n                <style type=\"text\/css\">\r\n                    \r\n                    #tdi_1  .td-doubleSlider-2 .td-item1 {\r\n                        background: url(\/wp-content\/uploads\/sites\/5\/2025\/09\/IGSS-Hospital-General-ce-Enfermedades-Dia-de-la-Sepsis-20251-80x60.png) 0 0 no-repeat;\r\n                    }\r\n                    #tdi_1  .td-doubleSlider-2 .td-item2 {\r\n                        background: url(\/wp-content\/uploads\/sites\/5\/2025\/09\/IGSS-Hospital-General-ce-Enfermedades-Dia-de-la-Sepsis-20255-80x60.jpg) 0 0 no-repeat;\r\n                    }\r\n                    #tdi_1  .td-doubleSlider-2 .td-item3 {\r\n                        background: url(\/wp-content\/uploads\/sites\/5\/2025\/09\/IGSS-Hospital-General-ce-Enfermedades-Dia-de-la-Sepsis-20256-80x60.jpeg) 0 0 no-repeat;\r\n                    }\r\n                <\/style>\r\n\r\n                <div id=\"tdi_1\" class=\"td-gallery td-slide-on-2-columns\">\r\n                    <div class=\"post_td_gallery\">\r\n                        <div class=\"td-gallery-slide-top\">\r\n                           <div class=\"td-gallery-title\">M\u00e1s fotos:<\/div>\r\n\r\n                            <div class=\"td-gallery-controls-wrapper\">\r\n                                <div class=\"td-gallery-slide-count\"><span class=\"td-gallery-slide-item-focus\">1<\/span> de 3<\/div>\r\n                                <div class=\"td-gallery-slide-prev-next-but\">\r\n                                    <i class = \"td-icon-left doubleSliderPrevButton\"><\/i>\r\n                                    <i class = \"td-icon-right doubleSliderNextButton\"><\/i>\r\n                                <\/div>\r\n                            <\/div>\r\n                        <\/div>\r\n\r\n                        <div class = \"td-doubleSlider-1 \">\r\n                            <div class = \"td-slider\">\r\n                                \r\n                    <div class = \"td-slide-item td-item1\">\r\n                        <figure class=\"td-slide-galery-figure td-slide-popup-gallery\">\r\n                            <a class=\"slide-gallery-image-link\" href=\"\/wp-content\/uploads\/sites\/5\/2025\/09\/IGSS-Hospital-General-ce-Enfermedades-Dia-de-la-Sepsis-20251.png\" title=\"IGSS Hospital General ce Enfermedades Dia de la Sepsis 20251\"  data-caption=\"\"  data-description=\"\">\r\n                                <img decoding=\"async\" src=\"\/wp-content\/uploads\/sites\/5\/2025\/09\/IGSS-Hospital-General-ce-Enfermedades-Dia-de-la-Sepsis-20251-710x420.png\" srcset=\"\/wp-content\/uploads\/sites\/5\/2025\/09\/IGSS-Hospital-General-ce-Enfermedades-Dia-de-la-Sepsis-20251-710x420.png 710w, \/wp-content\/uploads\/sites\/5\/2025\/09\/IGSS-Hospital-General-ce-Enfermedades-Dia-de-la-Sepsis-20251-300x178.png 300w, \/wp-content\/uploads\/sites\/5\/2025\/09\/IGSS-Hospital-General-ce-Enfermedades-Dia-de-la-Sepsis-20251-768x455.png 768w, \/wp-content\/uploads\/sites\/5\/2025\/09\/IGSS-Hospital-General-ce-Enfermedades-Dia-de-la-Sepsis-20251-696x412.png 696w, \/wp-content\/uploads\/sites\/5\/2025\/09\/IGSS-Hospital-General-ce-Enfermedades-Dia-de-la-Sepsis-20251-534x316.png 534w, \/wp-content\/uploads\/sites\/5\/2025\/09\/IGSS-Hospital-General-ce-Enfermedades-Dia-de-la-Sepsis-20251.png 833w\" sizes=\"(max-width: 710px) 100vw, 710px\" alt=\"\">\r\n                            <\/a>\r\n                            \r\n                        <\/figure>\r\n                    <\/div>\r\n                    <div class = \"td-slide-item td-item2\">\r\n                        <figure class=\"td-slide-galery-figure td-slide-popup-gallery\">\r\n                            <a class=\"slide-gallery-image-link\" href=\"\/wp-content\/uploads\/sites\/5\/2025\/09\/IGSS-Hospital-General-ce-Enfermedades-Dia-de-la-Sepsis-20255.jpg\" title=\"IGSS Hospital General ce Enfermedades Dia de la Sepsis 20255\"  data-caption=\"\"  data-description=\"\">\r\n                                <img decoding=\"async\" src=\"\/wp-content\/uploads\/sites\/5\/2025\/09\/IGSS-Hospital-General-ce-Enfermedades-Dia-de-la-Sepsis-20255-630x420.jpg\" srcset=\"\/wp-content\/uploads\/sites\/5\/2025\/09\/IGSS-Hospital-General-ce-Enfermedades-Dia-de-la-Sepsis-20255-630x420.jpg 630w, \/wp-content\/uploads\/sites\/5\/2025\/09\/IGSS-Hospital-General-ce-Enfermedades-Dia-de-la-Sepsis-20255-300x200.jpg 300w, \/wp-content\/uploads\/sites\/5\/2025\/09\/IGSS-Hospital-General-ce-Enfermedades-Dia-de-la-Sepsis-20255-1024x683.jpg 1024w, \/wp-content\/uploads\/sites\/5\/2025\/09\/IGSS-Hospital-General-ce-Enfermedades-Dia-de-la-Sepsis-20255-768x512.jpg 768w, \/wp-content\/uploads\/sites\/5\/2025\/09\/IGSS-Hospital-General-ce-Enfermedades-Dia-de-la-Sepsis-20255-696x464.jpg 696w, \/wp-content\/uploads\/sites\/5\/2025\/09\/IGSS-Hospital-General-ce-Enfermedades-Dia-de-la-Sepsis-20255-534x356.jpg 534w, \/wp-content\/uploads\/sites\/5\/2025\/09\/IGSS-Hospital-General-ce-Enfermedades-Dia-de-la-Sepsis-20255.jpg 1068w\" sizes=\"(max-width: 630px) 100vw, 630px\" alt=\"\">\r\n                            <\/a>\r\n                            \r\n                        <\/figure>\r\n                    <\/div>\r\n                    <div class = \"td-slide-item td-item3\">\r\n                        <figure class=\"td-slide-galery-figure td-slide-popup-gallery\">\r\n                            <a class=\"slide-gallery-image-link\" href=\"\/wp-content\/uploads\/sites\/5\/2025\/09\/IGSS-Hospital-General-ce-Enfermedades-Dia-de-la-Sepsis-20256.jpeg\" title=\"IGSS Hospital General ce Enfermedades Dia de la Sepsis 20256\"  data-caption=\"\"  data-description=\"\">\r\n                                <img decoding=\"async\" src=\"\/wp-content\/uploads\/sites\/5\/2025\/09\/IGSS-Hospital-General-ce-Enfermedades-Dia-de-la-Sepsis-20256-564x420.jpeg\" srcset=\"\/wp-content\/uploads\/sites\/5\/2025\/09\/IGSS-Hospital-General-ce-Enfermedades-Dia-de-la-Sepsis-20256-564x420.jpeg 564w, \/wp-content\/uploads\/sites\/5\/2025\/09\/IGSS-Hospital-General-ce-Enfermedades-Dia-de-la-Sepsis-20256-300x223.jpeg 300w, \/wp-content\/uploads\/sites\/5\/2025\/09\/IGSS-Hospital-General-ce-Enfermedades-Dia-de-la-Sepsis-20256-80x60.jpeg 80w, \/wp-content\/uploads\/sites\/5\/2025\/09\/IGSS-Hospital-General-ce-Enfermedades-Dia-de-la-Sepsis-20256-485x360.jpeg 485w, \/wp-content\/uploads\/sites\/5\/2025\/09\/IGSS-Hospital-General-ce-Enfermedades-Dia-de-la-Sepsis-20256-696x518.jpeg 696w, \/wp-content\/uploads\/sites\/5\/2025\/09\/IGSS-Hospital-General-ce-Enfermedades-Dia-de-la-Sepsis-20256-265x198.jpeg 265w, \/wp-content\/uploads\/sites\/5\/2025\/09\/IGSS-Hospital-General-ce-Enfermedades-Dia-de-la-Sepsis-20256-534x398.jpeg 534w, \/wp-content\/uploads\/sites\/5\/2025\/09\/IGSS-Hospital-General-ce-Enfermedades-Dia-de-la-Sepsis-20256.jpeg 720w\" sizes=\"(max-width: 564px) 100vw, 564px\" alt=\"\">\r\n                            <\/a>\r\n                            \r\n                        <\/figure>\r\n                    <\/div>\r\n                            <\/div>\r\n                        <\/div>\r\n\r\n                        <div class = \"td-doubleSlider-2\">\r\n                            <div class = \"td-slider\">\r\n                                \r\n                    <div class = \"td-button td-item1\">\r\n                        <div class = \"td-border\"><\/div>\r\n                    <\/div>\r\n                    <div class = \"td-button td-item2\">\r\n                        <div class = \"td-border\"><\/div>\r\n                    <\/div>\r\n                    <div class = \"td-button td-item3\">\r\n                        <div class = \"td-border\"><\/div>\r\n                    <\/div>\r\n                            <\/div>\r\n                        <\/div>\r\n\r\n                    <\/div>\r\n\r\n                <\/div>\r\n                \n","protected":false},"excerpt":{"rendered":"<p>En el marco del D\u00eda Mundial de la Sepsis, la doctora Madelaine Castellanos, residente IV en Medicina Interna y jefa de residentes del Hospital General de Enfermedades del IGSS, explic\u00f3 que esta condici\u00f3n surge cuando una infecci\u00f3n com\u00fan como neumon\u00eda, infecciones urinarias o gastrointestinales avanza y ocasiona da\u00f1os severos en \u00f3rganos vitales como coraz\u00f3n, pulmones, [&hellip;]<\/p>\n","protected":false},"author":3269,"featured_media":50355,"comment_status":"closed","ping_status":"closed","sticky":false,"template":"","format":"standard","meta":{"footnotes":""},"categories":[3,4,1130,1020,22,24,25,1291,27,31,33,36],"tags":[2381,481,490],"coauthors":[1970],"class_list":{"0":"post-50354","1":"post","2":"type-post","3":"status-publish","4":"format-standard","5":"has-post-thumbnail","7":"category-actualidad","8":"category-afiliados","9":"category-consejos-medicos","10":"category-medicamentos","11":"category-opsoms","12":"category-pediatria","13":"category-pensionados","14":"category-prestaciones-en-salud","15":"category-prevencion-en-salud","16":"category-salud","17":"category-servicios-de-salud","18":"category-unidades-medicas","19":"tag-dia-mundial-de-la-sepsis","20":"tag-hospital-general-de-enfermedades","21":"tag-igss"},"_links":{"self":[{"href":"https:\/\/www.igssgt.org\/noticias\/wp-json\/wp\/v2\/posts\/50354","targetHints":{"allow":["GET"]}}],"collection":[{"href":"https:\/\/www.igssgt.org\/noticias\/wp-json\/wp\/v2\/posts"}],"about":[{"href":"https:\/\/www.igssgt.org\/noticias\/wp-json\/wp\/v2\/types\/post"}],"author":[{"embeddable":true,"href":"https:\/\/www.igssgt.org\/noticias\/wp-json\/wp\/v2\/users\/3269"}],"replies":[{"embeddable":true,"href":"https:\/\/www.igssgt.org\/noticias\/wp-json\/wp\/v2\/comments?post=50354"}],"version-history":[{"count":1,"href":"https:\/\/www.igssgt.org\/noticias\/wp-json\/wp\/v2\/posts\/50354\/revisions"}],"predecessor-version":[{"id":50362,"href":"https:\/\/www.igssgt.org\/noticias\/wp-json\/wp\/v2\/posts\/50354\/revisions\/50362"}],"wp:featuredmedia":[{"embeddable":true,"href":"https:\/\/www.igssgt.org\/noticias\/wp-json\/wp\/v2\/media\/50355"}],"wp:attachment":[{"href":"https:\/\/www.igssgt.org\/noticias\/wp-json\/wp\/v2\/media?parent=50354"}],"wp:term":[{"taxonomy":"category","embeddable":true,"href":"https:\/\/www.igssgt.org\/noticias\/wp-json\/wp\/v2\/categories?post=50354"},{"taxonomy":"post_tag","embeddable":true,"href":"https:\/\/www.igssgt.org\/noticias\/wp-json\/wp\/v2\/tags?post=50354"},{"taxonomy":"author","embeddable":true,"href":"https:\/\/www.igssgt.org\/noticias\/wp-json\/wp\/v2\/coauthors?post=50354"}],"curies":[{"name":"wp","href":"https:\/\/api.w.org\/{rel}","templated":true}]}}