{"id":50365,"date":"2025-09-11T17:00:00","date_gmt":"2025-09-11T23:00:00","guid":{"rendered":"https:\/\/www.igssgt.org\/noticias\/?p=50365"},"modified":"2025-09-11T20:27:26","modified_gmt":"2025-09-12T02:27:26","slug":"el-igss-participa-en-el-5-congreso-internacional-de-seguridad-vial","status":"publish","type":"post","link":"https:\/\/www.igssgt.org\/noticias\/2025\/09\/11\/el-igss-participa-en-el-5-congreso-internacional-de-seguridad-vial\/","title":{"rendered":"El IGSS participa en el 5\u00b0 Congreso Internacional de Seguridad Vial"},"content":{"rendered":"\n<p class=\"has-drop-cap\">El Instituto Guatemalteco de Seguridad Social (IGSS) particip\u00f3 en el 5\u00b0 Congreso Internacional de Seguridad Vial, realizado el 11 de septiembre en la ciudad de Guatemala. Evento reuni\u00f3 a aproximadamente 300 representantes de instituciones p\u00fablicas y empresas privadas. As\u00ed como expertos internacionales para abordar temas relacionados as\u00ed como estrategias que fortalezcan la seguridad vial en el pa\u00eds.<\/p>\n\n\n\n<figure id=\"attachment_50368\" aria-describedby=\"caption-attachment-50368\" style=\"width: 1600px\" class=\"wp-caption aligncenter\"><a href=\"\/wp-content\/uploads\/sites\/5\/2025\/09\/5o-Congreso-Internacinal-de-Seguridad-Vial-IGSS-2.jpg\"><img loading=\"lazy\" decoding=\"async\" class=\"wp-image-50368 size-full\" src=\"\/wp-content\/uploads\/sites\/5\/2025\/09\/5o-Congreso-Internacinal-de-Seguridad-Vial-IGSS-2.jpg\" alt=\"\" width=\"1600\" height=\"1066\" srcset=\"\/wp-content\/uploads\/sites\/5\/2025\/09\/5o-Congreso-Internacinal-de-Seguridad-Vial-IGSS-2.jpg 1600w, \/wp-content\/uploads\/sites\/5\/2025\/09\/5o-Congreso-Internacinal-de-Seguridad-Vial-IGSS-2-300x200.jpg 300w, \/wp-content\/uploads\/sites\/5\/2025\/09\/5o-Congreso-Internacinal-de-Seguridad-Vial-IGSS-2-1024x682.jpg 1024w, \/wp-content\/uploads\/sites\/5\/2025\/09\/5o-Congreso-Internacinal-de-Seguridad-Vial-IGSS-2-768x512.jpg 768w, \/wp-content\/uploads\/sites\/5\/2025\/09\/5o-Congreso-Internacinal-de-Seguridad-Vial-IGSS-2-1536x1023.jpg 1536w, \/wp-content\/uploads\/sites\/5\/2025\/09\/5o-Congreso-Internacinal-de-Seguridad-Vial-IGSS-2-630x420.jpg 630w, \/wp-content\/uploads\/sites\/5\/2025\/09\/5o-Congreso-Internacinal-de-Seguridad-Vial-IGSS-2-696x464.jpg 696w, \/wp-content\/uploads\/sites\/5\/2025\/09\/5o-Congreso-Internacinal-de-Seguridad-Vial-IGSS-2-1068x712.jpg 1068w, \/wp-content\/uploads\/sites\/5\/2025\/09\/5o-Congreso-Internacinal-de-Seguridad-Vial-IGSS-2-534x356.jpg 534w\" sizes=\"auto, (max-width: 1600px) 100vw, 1600px\" \/><\/a><figcaption id=\"caption-attachment-50368\" class=\"wp-caption-text\">Jos\u00e9 Miguel Tolosa expuso el fortalecimiento del Consejo Superior de Seguridad Vial como clave en la estrategia espa\u00f1ola.<\/figcaption><\/figure>\n<p>Durante el congreso, el doctor Edwin Cambranes, del Departamento de Medicina Preventiva del IGSS, present\u00f3 el tema <em>\u201cDe la atenci\u00f3n a la prevenci\u00f3n: seguridad vial desde la perspectiva de la seguridad social\u201d<\/em>. En la misma, destac\u00f3 el papel del Instituto en la atenci\u00f3n a v\u00edctimas de accidentes y en las acciones preventivas orientadas a reducir riesgos en la v\u00eda p\u00fablica.<\/p>\n<p>Tambi\u00e9n se cont\u00f3 con un stand institucional donde se brind\u00f3 informaci\u00f3n sobre los servicios de salud disponibles ante incidentes viales, as\u00ed como materiales informativos sobre prevenci\u00f3n y educaci\u00f3n para los asistentes al evento.<\/p>\n<figure id=\"attachment_50369\" aria-describedby=\"caption-attachment-50369\" style=\"width: 1600px\" class=\"wp-caption aligncenter\"><a href=\"\/wp-content\/uploads\/sites\/5\/2025\/09\/5o-Congreso-Internacinal-de-Seguridad-Vial-IGSS-1.jpg\"><img loading=\"lazy\" decoding=\"async\" class=\"wp-image-50369 size-full\" src=\"\/wp-content\/uploads\/sites\/5\/2025\/09\/5o-Congreso-Internacinal-de-Seguridad-Vial-IGSS-1.jpg\" alt=\"\" width=\"1600\" height=\"1066\" srcset=\"\/wp-content\/uploads\/sites\/5\/2025\/09\/5o-Congreso-Internacinal-de-Seguridad-Vial-IGSS-1.jpg 1600w, \/wp-content\/uploads\/sites\/5\/2025\/09\/5o-Congreso-Internacinal-de-Seguridad-Vial-IGSS-1-300x200.jpg 300w, \/wp-content\/uploads\/sites\/5\/2025\/09\/5o-Congreso-Internacinal-de-Seguridad-Vial-IGSS-1-1024x682.jpg 1024w, \/wp-content\/uploads\/sites\/5\/2025\/09\/5o-Congreso-Internacinal-de-Seguridad-Vial-IGSS-1-768x512.jpg 768w, \/wp-content\/uploads\/sites\/5\/2025\/09\/5o-Congreso-Internacinal-de-Seguridad-Vial-IGSS-1-1536x1023.jpg 1536w, \/wp-content\/uploads\/sites\/5\/2025\/09\/5o-Congreso-Internacinal-de-Seguridad-Vial-IGSS-1-630x420.jpg 630w, \/wp-content\/uploads\/sites\/5\/2025\/09\/5o-Congreso-Internacinal-de-Seguridad-Vial-IGSS-1-696x464.jpg 696w, \/wp-content\/uploads\/sites\/5\/2025\/09\/5o-Congreso-Internacinal-de-Seguridad-Vial-IGSS-1-1068x712.jpg 1068w, \/wp-content\/uploads\/sites\/5\/2025\/09\/5o-Congreso-Internacinal-de-Seguridad-Vial-IGSS-1-534x356.jpg 534w\" sizes=\"auto, (max-width: 1600px) 100vw, 1600px\" \/><\/a><figcaption id=\"caption-attachment-50369\" class=\"wp-caption-text\">El foro reuni\u00f3 a instituciones clave para discutir prevenci\u00f3n, control y atenci\u00f3n integral de accidentes viales.<\/figcaption><\/figure>\n<p>El encuentro cont\u00f3 con la participaci\u00f3n de autoridades como el Ministro de Gobernaci\u00f3n, el Viceministro de Transportes, expertos de Espa\u00f1a, representantes del sector empresarial y organismos internacionales. En donde se abordaron temas como la planificaci\u00f3n estrat\u00e9gica, infraestructura, estad\u00edsticas de siniestralidad y buenas pr\u00e1cticas en seguridad vial.<\/p>\n<p>El IGSS mantiene su compromiso de participar en\u00a0 estos espacios colaborativos que impulsan salud, prevenci\u00f3n, seguridad y el bienestar de la poblaci\u00f3n guatemalteca.<\/p>\n\r\n                <style type=\"text\/css\">\r\n                    \r\n                    #tdi_1  .td-doubleSlider-2 .td-item1 {\r\n                        background: url(\/wp-content\/uploads\/sites\/5\/2025\/09\/5o-Congreso-Internacinal-de-Seguridad-Vial-IGSS-14-80x60.jpg) 0 0 no-repeat;\r\n                    }\r\n                    #tdi_1  .td-doubleSlider-2 .td-item2 {\r\n                        background: url(\/wp-content\/uploads\/sites\/5\/2025\/09\/5o-Congreso-Internacinal-de-Seguridad-Vial-IGSS-15-80x60.jpg) 0 0 no-repeat;\r\n                    }\r\n                    #tdi_1  .td-doubleSlider-2 .td-item3 {\r\n                        background: url(\/wp-content\/uploads\/sites\/5\/2025\/09\/5o-Congreso-Internacinal-de-Seguridad-Vial-IGSS-16-80x60.jpg) 0 0 no-repeat;\r\n                    }\r\n                    #tdi_1  .td-doubleSlider-2 .td-item4 {\r\n                        background: url(\/wp-content\/uploads\/sites\/5\/2025\/09\/5o-Congreso-Internacinal-de-Seguridad-Vial-IGSS-10-80x60.jpg) 0 0 no-repeat;\r\n                    }\r\n                    #tdi_1  .td-doubleSlider-2 .td-item5 {\r\n                        background: url(\/wp-content\/uploads\/sites\/5\/2025\/09\/5o-Congreso-Internacinal-de-Seguridad-Vial-IGSS-11-80x60.jpg) 0 0 no-repeat;\r\n                    }\r\n                    #tdi_1  .td-doubleSlider-2 .td-item6 {\r\n                        background: url(\/wp-content\/uploads\/sites\/5\/2025\/09\/5o-Congreso-Internacinal-de-Seguridad-Vial-IGSS-19-80x60.jpg) 0 0 no-repeat;\r\n                    }\r\n                    #tdi_1  .td-doubleSlider-2 .td-item7 {\r\n                        background: url(\/wp-content\/uploads\/sites\/5\/2025\/09\/5o-Congreso-Internacinal-de-Seguridad-Vial-IGSS-13-80x60.jpg) 0 0 no-repeat;\r\n                    }\r\n                    #tdi_1  .td-doubleSlider-2 .td-item8 {\r\n                        background: url(\/wp-content\/uploads\/sites\/5\/2025\/09\/5o-Congreso-Internacinal-de-Seguridad-Vial-IGSS-17-80x60.jpg) 0 0 no-repeat;\r\n                    }\r\n                    #tdi_1  .td-doubleSlider-2 .td-item9 {\r\n                        background: url(\/wp-content\/uploads\/sites\/5\/2025\/09\/5o-Congreso-Internacinal-de-Seguridad-Vial-IGSS-18-80x60.jpg) 0 0 no-repeat;\r\n                    }\r\n                    #tdi_1  .td-doubleSlider-2 .td-item10 {\r\n                        background: url(\/wp-content\/uploads\/sites\/5\/2025\/09\/5o-Congreso-Internacinal-de-Seguridad-Vial-IGSS-20-80x60.jpg) 0 0 no-repeat;\r\n                    }\r\n                    #tdi_1  .td-doubleSlider-2 .td-item11 {\r\n                        background: url(\/wp-content\/uploads\/sites\/5\/2025\/09\/5o-Congreso-Internacinal-de-Seguridad-Vial-IGSS-12-80x60.jpg) 0 0 no-repeat;\r\n                    }\r\n                <\/style>\r\n\r\n                <div id=\"tdi_1\" class=\"td-gallery td-slide-on-2-columns\">\r\n                    <div class=\"post_td_gallery\">\r\n                        <div class=\"td-gallery-slide-top\">\r\n                           <div class=\"td-gallery-title\">Galer\u00eda de Im\u00e1genes<\/div>\r\n\r\n                            <div class=\"td-gallery-controls-wrapper\">\r\n                                <div class=\"td-gallery-slide-count\"><span class=\"td-gallery-slide-item-focus\">1<\/span> de 11<\/div>\r\n                                <div class=\"td-gallery-slide-prev-next-but\">\r\n                                    <i class = \"td-icon-left doubleSliderPrevButton\"><\/i>\r\n                                    <i class = \"td-icon-right doubleSliderNextButton\"><\/i>\r\n                                <\/div>\r\n                            <\/div>\r\n                        <\/div>\r\n\r\n                        <div class = \"td-doubleSlider-1 \">\r\n                            <div class = \"td-slider\">\r\n                                \r\n                    <div class = \"td-slide-item td-item1\">\r\n                        <figure class=\"td-slide-galery-figure td-slide-popup-gallery\">\r\n                            <a class=\"slide-gallery-image-link\" href=\"\/wp-content\/uploads\/sites\/5\/2025\/09\/5o-Congreso-Internacinal-de-Seguridad-Vial-IGSS-14.jpg\" title=\"5o Congreso Internacinal de Seguridad Vial IGSS-14\"  data-caption=\"\"  data-description=\"\">\r\n                                <img decoding=\"async\" src=\"\/wp-content\/uploads\/sites\/5\/2025\/09\/5o-Congreso-Internacinal-de-Seguridad-Vial-IGSS-14-630x420.jpg\" srcset=\"\/wp-content\/uploads\/sites\/5\/2025\/09\/5o-Congreso-Internacinal-de-Seguridad-Vial-IGSS-14-630x420.jpg 630w, \/wp-content\/uploads\/sites\/5\/2025\/09\/5o-Congreso-Internacinal-de-Seguridad-Vial-IGSS-14-300x200.jpg 300w, \/wp-content\/uploads\/sites\/5\/2025\/09\/5o-Congreso-Internacinal-de-Seguridad-Vial-IGSS-14-1024x682.jpg 1024w, \/wp-content\/uploads\/sites\/5\/2025\/09\/5o-Congreso-Internacinal-de-Seguridad-Vial-IGSS-14-768x512.jpg 768w, \/wp-content\/uploads\/sites\/5\/2025\/09\/5o-Congreso-Internacinal-de-Seguridad-Vial-IGSS-14-1536x1023.jpg 1536w, \/wp-content\/uploads\/sites\/5\/2025\/09\/5o-Congreso-Internacinal-de-Seguridad-Vial-IGSS-14-696x464.jpg 696w, \/wp-content\/uploads\/sites\/5\/2025\/09\/5o-Congreso-Internacinal-de-Seguridad-Vial-IGSS-14-1068x712.jpg 1068w, \/wp-content\/uploads\/sites\/5\/2025\/09\/5o-Congreso-Internacinal-de-Seguridad-Vial-IGSS-14-534x356.jpg 534w, \/wp-content\/uploads\/sites\/5\/2025\/09\/5o-Congreso-Internacinal-de-Seguridad-Vial-IGSS-14.jpg 1600w\" sizes=\"(max-width: 630px) 100vw, 630px\" alt=\"\">\r\n                            <\/a>\r\n                            \r\n                        <\/figure>\r\n                    <\/div>\r\n                    <div class = \"td-slide-item td-item2\">\r\n                        <figure class=\"td-slide-galery-figure td-slide-popup-gallery\">\r\n                            <a class=\"slide-gallery-image-link\" href=\"\/wp-content\/uploads\/sites\/5\/2025\/09\/5o-Congreso-Internacinal-de-Seguridad-Vial-IGSS-15.jpg\" title=\"5o Congreso Internacinal de Seguridad Vial IGSS-15\"  data-caption=\"\"  data-description=\"\">\r\n                                <img decoding=\"async\" src=\"\/wp-content\/uploads\/sites\/5\/2025\/09\/5o-Congreso-Internacinal-de-Seguridad-Vial-IGSS-15-630x420.jpg\" srcset=\"\/wp-content\/uploads\/sites\/5\/2025\/09\/5o-Congreso-Internacinal-de-Seguridad-Vial-IGSS-15-630x420.jpg 630w, \/wp-content\/uploads\/sites\/5\/2025\/09\/5o-Congreso-Internacinal-de-Seguridad-Vial-IGSS-15-300x200.jpg 300w, \/wp-content\/uploads\/sites\/5\/2025\/09\/5o-Congreso-Internacinal-de-Seguridad-Vial-IGSS-15-1024x682.jpg 1024w, \/wp-content\/uploads\/sites\/5\/2025\/09\/5o-Congreso-Internacinal-de-Seguridad-Vial-IGSS-15-768x512.jpg 768w, \/wp-content\/uploads\/sites\/5\/2025\/09\/5o-Congreso-Internacinal-de-Seguridad-Vial-IGSS-15-1536x1023.jpg 1536w, \/wp-content\/uploads\/sites\/5\/2025\/09\/5o-Congreso-Internacinal-de-Seguridad-Vial-IGSS-15-696x464.jpg 696w, \/wp-content\/uploads\/sites\/5\/2025\/09\/5o-Congreso-Internacinal-de-Seguridad-Vial-IGSS-15-1068x712.jpg 1068w, \/wp-content\/uploads\/sites\/5\/2025\/09\/5o-Congreso-Internacinal-de-Seguridad-Vial-IGSS-15-534x356.jpg 534w, \/wp-content\/uploads\/sites\/5\/2025\/09\/5o-Congreso-Internacinal-de-Seguridad-Vial-IGSS-15.jpg 1600w\" sizes=\"(max-width: 630px) 100vw, 630px\" alt=\"\">\r\n                            <\/a>\r\n                            \r\n                        <\/figure>\r\n                    <\/div>\r\n                    <div class = \"td-slide-item td-item3\">\r\n                        <figure class=\"td-slide-galery-figure td-slide-popup-gallery\">\r\n                            <a class=\"slide-gallery-image-link\" href=\"\/wp-content\/uploads\/sites\/5\/2025\/09\/5o-Congreso-Internacinal-de-Seguridad-Vial-IGSS-16.jpg\" title=\"5o Congreso Internacinal de Seguridad Vial IGSS-16\"  data-caption=\"\"  data-description=\"\">\r\n                                <img decoding=\"async\" src=\"\/wp-content\/uploads\/sites\/5\/2025\/09\/5o-Congreso-Internacinal-de-Seguridad-Vial-IGSS-16-630x420.jpg\" srcset=\"\/wp-content\/uploads\/sites\/5\/2025\/09\/5o-Congreso-Internacinal-de-Seguridad-Vial-IGSS-16-630x420.jpg 630w, \/wp-content\/uploads\/sites\/5\/2025\/09\/5o-Congreso-Internacinal-de-Seguridad-Vial-IGSS-16-300x200.jpg 300w, \/wp-content\/uploads\/sites\/5\/2025\/09\/5o-Congreso-Internacinal-de-Seguridad-Vial-IGSS-16-1024x682.jpg 1024w, \/wp-content\/uploads\/sites\/5\/2025\/09\/5o-Congreso-Internacinal-de-Seguridad-Vial-IGSS-16-768x512.jpg 768w, \/wp-content\/uploads\/sites\/5\/2025\/09\/5o-Congreso-Internacinal-de-Seguridad-Vial-IGSS-16-1536x1023.jpg 1536w, \/wp-content\/uploads\/sites\/5\/2025\/09\/5o-Congreso-Internacinal-de-Seguridad-Vial-IGSS-16-696x464.jpg 696w, \/wp-content\/uploads\/sites\/5\/2025\/09\/5o-Congreso-Internacinal-de-Seguridad-Vial-IGSS-16-1068x712.jpg 1068w, \/wp-content\/uploads\/sites\/5\/2025\/09\/5o-Congreso-Internacinal-de-Seguridad-Vial-IGSS-16-534x356.jpg 534w, \/wp-content\/uploads\/sites\/5\/2025\/09\/5o-Congreso-Internacinal-de-Seguridad-Vial-IGSS-16.jpg 1600w\" sizes=\"(max-width: 630px) 100vw, 630px\" alt=\"\">\r\n                            <\/a>\r\n                            \r\n                        <\/figure>\r\n                    <\/div>\r\n                    <div class = \"td-slide-item td-item4\">\r\n                        <figure class=\"td-slide-galery-figure td-slide-popup-gallery\">\r\n                            <a class=\"slide-gallery-image-link\" href=\"\/wp-content\/uploads\/sites\/5\/2025\/09\/5o-Congreso-Internacinal-de-Seguridad-Vial-IGSS-10.jpg\" title=\"5o Congreso Internacinal de Seguridad Vial IGSS-10\"  data-caption=\"\"  data-description=\"\">\r\n                                <img decoding=\"async\" src=\"\/wp-content\/uploads\/sites\/5\/2025\/09\/5o-Congreso-Internacinal-de-Seguridad-Vial-IGSS-10-630x420.jpg\" srcset=\"\/wp-content\/uploads\/sites\/5\/2025\/09\/5o-Congreso-Internacinal-de-Seguridad-Vial-IGSS-10-630x420.jpg 630w, \/wp-content\/uploads\/sites\/5\/2025\/09\/5o-Congreso-Internacinal-de-Seguridad-Vial-IGSS-10-300x200.jpg 300w, \/wp-content\/uploads\/sites\/5\/2025\/09\/5o-Congreso-Internacinal-de-Seguridad-Vial-IGSS-10-1024x682.jpg 1024w, \/wp-content\/uploads\/sites\/5\/2025\/09\/5o-Congreso-Internacinal-de-Seguridad-Vial-IGSS-10-768x512.jpg 768w, \/wp-content\/uploads\/sites\/5\/2025\/09\/5o-Congreso-Internacinal-de-Seguridad-Vial-IGSS-10-1536x1023.jpg 1536w, \/wp-content\/uploads\/sites\/5\/2025\/09\/5o-Congreso-Internacinal-de-Seguridad-Vial-IGSS-10-696x464.jpg 696w, \/wp-content\/uploads\/sites\/5\/2025\/09\/5o-Congreso-Internacinal-de-Seguridad-Vial-IGSS-10-1068x712.jpg 1068w, \/wp-content\/uploads\/sites\/5\/2025\/09\/5o-Congreso-Internacinal-de-Seguridad-Vial-IGSS-10-534x356.jpg 534w, \/wp-content\/uploads\/sites\/5\/2025\/09\/5o-Congreso-Internacinal-de-Seguridad-Vial-IGSS-10.jpg 1600w\" sizes=\"(max-width: 630px) 100vw, 630px\" alt=\"\">\r\n                            <\/a>\r\n                            \r\n                        <\/figure>\r\n                    <\/div>\r\n                    <div class = \"td-slide-item td-item5\">\r\n                        <figure class=\"td-slide-galery-figure td-slide-popup-gallery\">\r\n                            <a class=\"slide-gallery-image-link\" href=\"\/wp-content\/uploads\/sites\/5\/2025\/09\/5o-Congreso-Internacinal-de-Seguridad-Vial-IGSS-11.jpg\" title=\"5o Congreso Internacinal de Seguridad Vial IGSS-11\"  data-caption=\"\"  data-description=\"\">\r\n                                <img decoding=\"async\" src=\"\/wp-content\/uploads\/sites\/5\/2025\/09\/5o-Congreso-Internacinal-de-Seguridad-Vial-IGSS-11-630x420.jpg\" srcset=\"\/wp-content\/uploads\/sites\/5\/2025\/09\/5o-Congreso-Internacinal-de-Seguridad-Vial-IGSS-11-630x420.jpg 630w, \/wp-content\/uploads\/sites\/5\/2025\/09\/5o-Congreso-Internacinal-de-Seguridad-Vial-IGSS-11-300x200.jpg 300w, \/wp-content\/uploads\/sites\/5\/2025\/09\/5o-Congreso-Internacinal-de-Seguridad-Vial-IGSS-11-1024x682.jpg 1024w, \/wp-content\/uploads\/sites\/5\/2025\/09\/5o-Congreso-Internacinal-de-Seguridad-Vial-IGSS-11-768x512.jpg 768w, \/wp-content\/uploads\/sites\/5\/2025\/09\/5o-Congreso-Internacinal-de-Seguridad-Vial-IGSS-11-1536x1023.jpg 1536w, \/wp-content\/uploads\/sites\/5\/2025\/09\/5o-Congreso-Internacinal-de-Seguridad-Vial-IGSS-11-696x464.jpg 696w, \/wp-content\/uploads\/sites\/5\/2025\/09\/5o-Congreso-Internacinal-de-Seguridad-Vial-IGSS-11-1068x712.jpg 1068w, \/wp-content\/uploads\/sites\/5\/2025\/09\/5o-Congreso-Internacinal-de-Seguridad-Vial-IGSS-11-534x356.jpg 534w, \/wp-content\/uploads\/sites\/5\/2025\/09\/5o-Congreso-Internacinal-de-Seguridad-Vial-IGSS-11.jpg 1600w\" sizes=\"(max-width: 630px) 100vw, 630px\" alt=\"\">\r\n                            <\/a>\r\n                            \r\n                        <\/figure>\r\n                    <\/div>\r\n                    <div class = \"td-slide-item td-item6\">\r\n                        <figure class=\"td-slide-galery-figure td-slide-popup-gallery\">\r\n                            <a class=\"slide-gallery-image-link\" href=\"\/wp-content\/uploads\/sites\/5\/2025\/09\/5o-Congreso-Internacinal-de-Seguridad-Vial-IGSS-19.jpg\" title=\"5o Congreso Internacinal de Seguridad Vial IGSS-19\"  data-caption=\"\"  data-description=\"\">\r\n                                <img decoding=\"async\" src=\"\/wp-content\/uploads\/sites\/5\/2025\/09\/5o-Congreso-Internacinal-de-Seguridad-Vial-IGSS-19-630x420.jpg\" srcset=\"\/wp-content\/uploads\/sites\/5\/2025\/09\/5o-Congreso-Internacinal-de-Seguridad-Vial-IGSS-19-630x420.jpg 630w, \/wp-content\/uploads\/sites\/5\/2025\/09\/5o-Congreso-Internacinal-de-Seguridad-Vial-IGSS-19-300x200.jpg 300w, \/wp-content\/uploads\/sites\/5\/2025\/09\/5o-Congreso-Internacinal-de-Seguridad-Vial-IGSS-19-1024x682.jpg 1024w, \/wp-content\/uploads\/sites\/5\/2025\/09\/5o-Congreso-Internacinal-de-Seguridad-Vial-IGSS-19-768x512.jpg 768w, \/wp-content\/uploads\/sites\/5\/2025\/09\/5o-Congreso-Internacinal-de-Seguridad-Vial-IGSS-19-1536x1023.jpg 1536w, \/wp-content\/uploads\/sites\/5\/2025\/09\/5o-Congreso-Internacinal-de-Seguridad-Vial-IGSS-19-696x464.jpg 696w, \/wp-content\/uploads\/sites\/5\/2025\/09\/5o-Congreso-Internacinal-de-Seguridad-Vial-IGSS-19-1068x712.jpg 1068w, \/wp-content\/uploads\/sites\/5\/2025\/09\/5o-Congreso-Internacinal-de-Seguridad-Vial-IGSS-19-534x356.jpg 534w, \/wp-content\/uploads\/sites\/5\/2025\/09\/5o-Congreso-Internacinal-de-Seguridad-Vial-IGSS-19.jpg 1600w\" sizes=\"(max-width: 630px) 100vw, 630px\" alt=\"\">\r\n                            <\/a>\r\n                            \r\n                        <\/figure>\r\n                    <\/div>\r\n                    <div class = \"td-slide-item td-item7\">\r\n                        <figure class=\"td-slide-galery-figure td-slide-popup-gallery\">\r\n                            <a class=\"slide-gallery-image-link\" href=\"\/wp-content\/uploads\/sites\/5\/2025\/09\/5o-Congreso-Internacinal-de-Seguridad-Vial-IGSS-13.jpg\" title=\"5o Congreso Internacinal de Seguridad Vial IGSS-13\"  data-caption=\"\"  data-description=\"\">\r\n                                <img decoding=\"async\" src=\"\/wp-content\/uploads\/sites\/5\/2025\/09\/5o-Congreso-Internacinal-de-Seguridad-Vial-IGSS-13-630x420.jpg\" srcset=\"\/wp-content\/uploads\/sites\/5\/2025\/09\/5o-Congreso-Internacinal-de-Seguridad-Vial-IGSS-13-630x420.jpg 630w, \/wp-content\/uploads\/sites\/5\/2025\/09\/5o-Congreso-Internacinal-de-Seguridad-Vial-IGSS-13-300x200.jpg 300w, \/wp-content\/uploads\/sites\/5\/2025\/09\/5o-Congreso-Internacinal-de-Seguridad-Vial-IGSS-13-1024x682.jpg 1024w, \/wp-content\/uploads\/sites\/5\/2025\/09\/5o-Congreso-Internacinal-de-Seguridad-Vial-IGSS-13-768x512.jpg 768w, \/wp-content\/uploads\/sites\/5\/2025\/09\/5o-Congreso-Internacinal-de-Seguridad-Vial-IGSS-13-1536x1023.jpg 1536w, \/wp-content\/uploads\/sites\/5\/2025\/09\/5o-Congreso-Internacinal-de-Seguridad-Vial-IGSS-13-696x464.jpg 696w, \/wp-content\/uploads\/sites\/5\/2025\/09\/5o-Congreso-Internacinal-de-Seguridad-Vial-IGSS-13-1068x712.jpg 1068w, \/wp-content\/uploads\/sites\/5\/2025\/09\/5o-Congreso-Internacinal-de-Seguridad-Vial-IGSS-13-534x356.jpg 534w, \/wp-content\/uploads\/sites\/5\/2025\/09\/5o-Congreso-Internacinal-de-Seguridad-Vial-IGSS-13.jpg 1600w\" sizes=\"(max-width: 630px) 100vw, 630px\" alt=\"\">\r\n                            <\/a>\r\n                            \r\n                        <\/figure>\r\n                    <\/div>\r\n                    <div class = \"td-slide-item td-item8\">\r\n                        <figure class=\"td-slide-galery-figure td-slide-popup-gallery\">\r\n                            <a class=\"slide-gallery-image-link\" href=\"\/wp-content\/uploads\/sites\/5\/2025\/09\/5o-Congreso-Internacinal-de-Seguridad-Vial-IGSS-17.jpg\" title=\"5o Congreso Internacinal de Seguridad Vial IGSS-17\"  data-caption=\"\"  data-description=\"\">\r\n                                <img decoding=\"async\" src=\"\/wp-content\/uploads\/sites\/5\/2025\/09\/5o-Congreso-Internacinal-de-Seguridad-Vial-IGSS-17-630x420.jpg\" srcset=\"\/wp-content\/uploads\/sites\/5\/2025\/09\/5o-Congreso-Internacinal-de-Seguridad-Vial-IGSS-17-630x420.jpg 630w, \/wp-content\/uploads\/sites\/5\/2025\/09\/5o-Congreso-Internacinal-de-Seguridad-Vial-IGSS-17-300x200.jpg 300w, \/wp-content\/uploads\/sites\/5\/2025\/09\/5o-Congreso-Internacinal-de-Seguridad-Vial-IGSS-17-1024x682.jpg 1024w, \/wp-content\/uploads\/sites\/5\/2025\/09\/5o-Congreso-Internacinal-de-Seguridad-Vial-IGSS-17-768x512.jpg 768w, \/wp-content\/uploads\/sites\/5\/2025\/09\/5o-Congreso-Internacinal-de-Seguridad-Vial-IGSS-17-1536x1023.jpg 1536w, \/wp-content\/uploads\/sites\/5\/2025\/09\/5o-Congreso-Internacinal-de-Seguridad-Vial-IGSS-17-696x464.jpg 696w, \/wp-content\/uploads\/sites\/5\/2025\/09\/5o-Congreso-Internacinal-de-Seguridad-Vial-IGSS-17-1068x712.jpg 1068w, \/wp-content\/uploads\/sites\/5\/2025\/09\/5o-Congreso-Internacinal-de-Seguridad-Vial-IGSS-17-534x356.jpg 534w, \/wp-content\/uploads\/sites\/5\/2025\/09\/5o-Congreso-Internacinal-de-Seguridad-Vial-IGSS-17.jpg 1600w\" sizes=\"(max-width: 630px) 100vw, 630px\" alt=\"\">\r\n                            <\/a>\r\n                            \r\n                        <\/figure>\r\n                    <\/div>\r\n                    <div class = \"td-slide-item td-item9\">\r\n                        <figure class=\"td-slide-galery-figure td-slide-popup-gallery\">\r\n                            <a class=\"slide-gallery-image-link\" href=\"\/wp-content\/uploads\/sites\/5\/2025\/09\/5o-Congreso-Internacinal-de-Seguridad-Vial-IGSS-18.jpg\" title=\"5o Congreso Internacinal de Seguridad Vial IGSS-18\"  data-caption=\"\"  data-description=\"\">\r\n                                <img decoding=\"async\" src=\"\/wp-content\/uploads\/sites\/5\/2025\/09\/5o-Congreso-Internacinal-de-Seguridad-Vial-IGSS-18-630x420.jpg\" srcset=\"\/wp-content\/uploads\/sites\/5\/2025\/09\/5o-Congreso-Internacinal-de-Seguridad-Vial-IGSS-18-630x420.jpg 630w, \/wp-content\/uploads\/sites\/5\/2025\/09\/5o-Congreso-Internacinal-de-Seguridad-Vial-IGSS-18-300x200.jpg 300w, \/wp-content\/uploads\/sites\/5\/2025\/09\/5o-Congreso-Internacinal-de-Seguridad-Vial-IGSS-18-1024x682.jpg 1024w, \/wp-content\/uploads\/sites\/5\/2025\/09\/5o-Congreso-Internacinal-de-Seguridad-Vial-IGSS-18-768x512.jpg 768w, \/wp-content\/uploads\/sites\/5\/2025\/09\/5o-Congreso-Internacinal-de-Seguridad-Vial-IGSS-18-1536x1023.jpg 1536w, \/wp-content\/uploads\/sites\/5\/2025\/09\/5o-Congreso-Internacinal-de-Seguridad-Vial-IGSS-18-696x464.jpg 696w, \/wp-content\/uploads\/sites\/5\/2025\/09\/5o-Congreso-Internacinal-de-Seguridad-Vial-IGSS-18-1068x712.jpg 1068w, \/wp-content\/uploads\/sites\/5\/2025\/09\/5o-Congreso-Internacinal-de-Seguridad-Vial-IGSS-18-534x356.jpg 534w, \/wp-content\/uploads\/sites\/5\/2025\/09\/5o-Congreso-Internacinal-de-Seguridad-Vial-IGSS-18.jpg 1600w\" sizes=\"(max-width: 630px) 100vw, 630px\" alt=\"\">\r\n                            <\/a>\r\n                            \r\n                        <\/figure>\r\n                    <\/div>\r\n                    <div class = \"td-slide-item td-item10\">\r\n                        <figure class=\"td-slide-galery-figure td-slide-popup-gallery\">\r\n                            <a class=\"slide-gallery-image-link\" href=\"\/wp-content\/uploads\/sites\/5\/2025\/09\/5o-Congreso-Internacinal-de-Seguridad-Vial-IGSS-20.jpg\" title=\"5o Congreso Internacinal de Seguridad Vial IGSS-20\"  data-caption=\"\"  data-description=\"\">\r\n                                <img decoding=\"async\" src=\"\/wp-content\/uploads\/sites\/5\/2025\/09\/5o-Congreso-Internacinal-de-Seguridad-Vial-IGSS-20-630x420.jpg\" srcset=\"\/wp-content\/uploads\/sites\/5\/2025\/09\/5o-Congreso-Internacinal-de-Seguridad-Vial-IGSS-20-630x420.jpg 630w, \/wp-content\/uploads\/sites\/5\/2025\/09\/5o-Congreso-Internacinal-de-Seguridad-Vial-IGSS-20-300x200.jpg 300w, \/wp-content\/uploads\/sites\/5\/2025\/09\/5o-Congreso-Internacinal-de-Seguridad-Vial-IGSS-20-1024x682.jpg 1024w, \/wp-content\/uploads\/sites\/5\/2025\/09\/5o-Congreso-Internacinal-de-Seguridad-Vial-IGSS-20-768x512.jpg 768w, \/wp-content\/uploads\/sites\/5\/2025\/09\/5o-Congreso-Internacinal-de-Seguridad-Vial-IGSS-20-1536x1023.jpg 1536w, \/wp-content\/uploads\/sites\/5\/2025\/09\/5o-Congreso-Internacinal-de-Seguridad-Vial-IGSS-20-696x464.jpg 696w, \/wp-content\/uploads\/sites\/5\/2025\/09\/5o-Congreso-Internacinal-de-Seguridad-Vial-IGSS-20-1068x712.jpg 1068w, \/wp-content\/uploads\/sites\/5\/2025\/09\/5o-Congreso-Internacinal-de-Seguridad-Vial-IGSS-20-534x356.jpg 534w, \/wp-content\/uploads\/sites\/5\/2025\/09\/5o-Congreso-Internacinal-de-Seguridad-Vial-IGSS-20.jpg 1600w\" sizes=\"(max-width: 630px) 100vw, 630px\" alt=\"\">\r\n                            <\/a>\r\n                            \r\n                        <\/figure>\r\n                    <\/div>\r\n                    <div class = \"td-slide-item td-item11\">\r\n                        <figure class=\"td-slide-galery-figure td-slide-popup-gallery\">\r\n                            <a class=\"slide-gallery-image-link\" href=\"\/wp-content\/uploads\/sites\/5\/2025\/09\/5o-Congreso-Internacinal-de-Seguridad-Vial-IGSS-12.jpg\" title=\"5o Congreso Internacinal de Seguridad Vial IGSS-12\"  data-caption=\"\"  data-description=\"\">\r\n                                <img decoding=\"async\" src=\"\/wp-content\/uploads\/sites\/5\/2025\/09\/5o-Congreso-Internacinal-de-Seguridad-Vial-IGSS-12-630x420.jpg\" srcset=\"\/wp-content\/uploads\/sites\/5\/2025\/09\/5o-Congreso-Internacinal-de-Seguridad-Vial-IGSS-12-630x420.jpg 630w, \/wp-content\/uploads\/sites\/5\/2025\/09\/5o-Congreso-Internacinal-de-Seguridad-Vial-IGSS-12-300x200.jpg 300w, \/wp-content\/uploads\/sites\/5\/2025\/09\/5o-Congreso-Internacinal-de-Seguridad-Vial-IGSS-12-1024x682.jpg 1024w, \/wp-content\/uploads\/sites\/5\/2025\/09\/5o-Congreso-Internacinal-de-Seguridad-Vial-IGSS-12-768x512.jpg 768w, \/wp-content\/uploads\/sites\/5\/2025\/09\/5o-Congreso-Internacinal-de-Seguridad-Vial-IGSS-12-1536x1023.jpg 1536w, \/wp-content\/uploads\/sites\/5\/2025\/09\/5o-Congreso-Internacinal-de-Seguridad-Vial-IGSS-12-696x464.jpg 696w, \/wp-content\/uploads\/sites\/5\/2025\/09\/5o-Congreso-Internacinal-de-Seguridad-Vial-IGSS-12-1068x712.jpg 1068w, \/wp-content\/uploads\/sites\/5\/2025\/09\/5o-Congreso-Internacinal-de-Seguridad-Vial-IGSS-12-534x356.jpg 534w, \/wp-content\/uploads\/sites\/5\/2025\/09\/5o-Congreso-Internacinal-de-Seguridad-Vial-IGSS-12.jpg 1600w\" sizes=\"(max-width: 630px) 100vw, 630px\" alt=\"\">\r\n                            <\/a>\r\n                            \r\n                        <\/figure>\r\n                    <\/div>\r\n                            <\/div>\r\n                        <\/div>\r\n\r\n                        <div class = \"td-doubleSlider-2\">\r\n                            <div class = \"td-slider\">\r\n                                \r\n                    <div class = \"td-button td-item1\">\r\n                        <div class = \"td-border\"><\/div>\r\n                    <\/div>\r\n                    <div class = \"td-button td-item2\">\r\n                        <div class = \"td-border\"><\/div>\r\n                    <\/div>\r\n                    <div class = \"td-button td-item3\">\r\n                        <div class = \"td-border\"><\/div>\r\n                    <\/div>\r\n                    <div class = \"td-button td-item4\">\r\n                        <div class = \"td-border\"><\/div>\r\n                    <\/div>\r\n                    <div class = \"td-button td-item5\">\r\n                        <div class = \"td-border\"><\/div>\r\n                    <\/div>\r\n                    <div class = \"td-button td-item6\">\r\n                        <div class = \"td-border\"><\/div>\r\n                    <\/div>\r\n                    <div class = \"td-button td-item7\">\r\n                        <div class = \"td-border\"><\/div>\r\n                    <\/div>\r\n                    <div class = \"td-button td-item8\">\r\n                        <div class = \"td-border\"><\/div>\r\n                    <\/div>\r\n                    <div class = \"td-button td-item9\">\r\n                        <div class = \"td-border\"><\/div>\r\n                    <\/div>\r\n                    <div class = \"td-button td-item10\">\r\n                        <div class = \"td-border\"><\/div>\r\n                    <\/div>\r\n                    <div class = \"td-button td-item11\">\r\n                        <div class = \"td-border\"><\/div>\r\n                    <\/div>\r\n                            <\/div>\r\n                        <\/div>\r\n\r\n                    <\/div>\r\n\r\n                <\/div>\r\n                \n","protected":false},"excerpt":{"rendered":"<p>El Instituto Guatemalteco de Seguridad Social (IGSS) particip\u00f3 en el 5\u00b0 Congreso Internacional de Seguridad Vial, realizado el 11 de septiembre en la ciudad de Guatemala. Evento reuni\u00f3 a aproximadamente 300 representantes de instituciones p\u00fablicas y empresas privadas. As\u00ed como expertos internacionales para abordar temas relacionados as\u00ed como estrategias que fortalezcan la seguridad vial en [&hellip;]<\/p>\n","protected":false},"author":4,"featured_media":50366,"comment_status":"closed","ping_status":"closed","sticky":false,"template":"","format":"standard","meta":{"footnotes":""},"categories":[3,15],"tags":[],"coauthors":[],"class_list":{"0":"post-50365","1":"post","2":"type-post","3":"status-publish","4":"format-standard","5":"has-post-thumbnail","7":"category-actualidad","8":"category-destacado"},"_links":{"self":[{"href":"https:\/\/www.igssgt.org\/noticias\/wp-json\/wp\/v2\/posts\/50365","targetHints":{"allow":["GET"]}}],"collection":[{"href":"https:\/\/www.igssgt.org\/noticias\/wp-json\/wp\/v2\/posts"}],"about":[{"href":"https:\/\/www.igssgt.org\/noticias\/wp-json\/wp\/v2\/types\/post"}],"author":[{"embeddable":true,"href":"https:\/\/www.igssgt.org\/noticias\/wp-json\/wp\/v2\/users\/4"}],"replies":[{"embeddable":true,"href":"https:\/\/www.igssgt.org\/noticias\/wp-json\/wp\/v2\/comments?post=50365"}],"version-history":[{"count":1,"href":"https:\/\/www.igssgt.org\/noticias\/wp-json\/wp\/v2\/posts\/50365\/revisions"}],"predecessor-version":[{"id":50381,"href":"https:\/\/www.igssgt.org\/noticias\/wp-json\/wp\/v2\/posts\/50365\/revisions\/50381"}],"wp:featuredmedia":[{"embeddable":true,"href":"https:\/\/www.igssgt.org\/noticias\/wp-json\/wp\/v2\/media\/50366"}],"wp:attachment":[{"href":"https:\/\/www.igssgt.org\/noticias\/wp-json\/wp\/v2\/media?parent=50365"}],"wp:term":[{"taxonomy":"category","embeddable":true,"href":"https:\/\/www.igssgt.org\/noticias\/wp-json\/wp\/v2\/categories?post=50365"},{"taxonomy":"post_tag","embeddable":true,"href":"https:\/\/www.igssgt.org\/noticias\/wp-json\/wp\/v2\/tags?post=50365"},{"taxonomy":"author","embeddable":true,"href":"https:\/\/www.igssgt.org\/noticias\/wp-json\/wp\/v2\/coauthors?post=50365"}],"curies":[{"name":"wp","href":"https:\/\/api.w.org\/{rel}","templated":true}]}}