{"id":50397,"date":"2025-09-12T11:57:39","date_gmt":"2025-09-12T17:57:39","guid":{"rendered":"https:\/\/www.igssgt.org\/noticias\/?p=50397"},"modified":"2025-10-21T12:41:19","modified_gmt":"2025-10-21T18:41:19","slug":"el-igss-activa-alerta-amarilla-durante-fin-de-semana-largo","status":"publish","type":"post","link":"https:\/\/www.igssgt.org\/noticias\/2025\/09\/12\/el-igss-activa-alerta-amarilla-durante-fin-de-semana-largo\/","title":{"rendered":"El IGSS activa alerta amarilla durante fin de semana largo"},"content":{"rendered":"\n<p class=\"has-drop-cap\">El Instituto Guatemalteco de Seguridad Social (IGSS) garantiza la prestaci\u00f3n de sus servicios de forma ininterrumpida durante las celebraciones de Independencia y fin de semana largo.<\/p>\n\n\n\n<p>Desde el viernes 12 hasta el lunes 15 de septiembre, el Instituto se mantiene en alerta amarilla institucional para dar respuesta inmediata a cualquier emergencia que surja.<\/p>\n<figure id=\"attachment_50399\" aria-describedby=\"caption-attachment-50399\" style=\"width: 728px\" class=\"wp-caption alignnone\"><img loading=\"lazy\" decoding=\"async\" class=\"wp-image-50399\" src=\"\/wp-content\/uploads\/sites\/5\/2025\/09\/IGSS-Seccion-de-Seguridad-e-Higiene-Fiestas-Patrias-Alerta-20253-300x200.jpg\" alt=\"\" width=\"728\" height=\"485\" srcset=\"\/wp-content\/uploads\/sites\/5\/2025\/09\/IGSS-Seccion-de-Seguridad-e-Higiene-Fiestas-Patrias-Alerta-20253-300x200.jpg 300w, \/wp-content\/uploads\/sites\/5\/2025\/09\/IGSS-Seccion-de-Seguridad-e-Higiene-Fiestas-Patrias-Alerta-20253-1024x682.jpg 1024w, \/wp-content\/uploads\/sites\/5\/2025\/09\/IGSS-Seccion-de-Seguridad-e-Higiene-Fiestas-Patrias-Alerta-20253-768x512.jpg 768w, \/wp-content\/uploads\/sites\/5\/2025\/09\/IGSS-Seccion-de-Seguridad-e-Higiene-Fiestas-Patrias-Alerta-20253-1536x1023.jpg 1536w, \/wp-content\/uploads\/sites\/5\/2025\/09\/IGSS-Seccion-de-Seguridad-e-Higiene-Fiestas-Patrias-Alerta-20253-630x420.jpg 630w, \/wp-content\/uploads\/sites\/5\/2025\/09\/IGSS-Seccion-de-Seguridad-e-Higiene-Fiestas-Patrias-Alerta-20253-696x464.jpg 696w, \/wp-content\/uploads\/sites\/5\/2025\/09\/IGSS-Seccion-de-Seguridad-e-Higiene-Fiestas-Patrias-Alerta-20253-1068x712.jpg 1068w, \/wp-content\/uploads\/sites\/5\/2025\/09\/IGSS-Seccion-de-Seguridad-e-Higiene-Fiestas-Patrias-Alerta-20253-534x356.jpg 534w, \/wp-content\/uploads\/sites\/5\/2025\/09\/IGSS-Seccion-de-Seguridad-e-Higiene-Fiestas-Patrias-Alerta-20253.jpg 1600w\" sizes=\"auto, (max-width: 728px) 100vw, 728px\" \/><figcaption id=\"caption-attachment-50399\" class=\"wp-caption-text\">El IGSS garantiza la atenci\u00f3n oportuna e ininterrumpida durante el fin de semana largo.<\/figcaption><\/figure>\n<p>\u201cEl IGSS pone en apresto toda su capacidad de respuesta, a trav\u00e9s de su personal m\u00e9dico e infraestructura hospitalaria\u201d, inform\u00f3 la inspectora de Seguridad e Higiene, Glendy Aracely Barrondo Morales.<\/p>\n<p>La profesional record\u00f3 en una situaci\u00f3n de emergencia, el Instituto atiende a cualquier persona, sea afiliada o no.<\/p>\n<p>De igual manera, el Cuerpo de Salvamento del IGSS, conformado por 60 salvavidas, ser\u00e1n desplegados en 15 playas, lagos y balnearios para brindar la protecci\u00f3n a las familias que viajen este fin de semana largo.<\/p>\n<p>El servicio del Cuerpo de Salvamento se estar\u00e1 prestando desde el s\u00e1bado 13 hasta el domingo 15 de septiembre, en horario de 08:00 a 18:00 horas. \u201cEstaremos brindando la cobertura necesaria con los salvavidas, en playas, lagos y r\u00edos en todo el pa\u00eds, con el prop\u00f3sito de evitar alg\u00fan accidente\u201d, indic\u00f3 la especialista.<\/p>\n<figure id=\"attachment_50400\" aria-describedby=\"caption-attachment-50400\" style=\"width: 727px\" class=\"wp-caption alignnone\"><img loading=\"lazy\" decoding=\"async\" class=\"wp-image-50400\" src=\"\/wp-content\/uploads\/sites\/5\/2025\/09\/IGSS-Seccion-de-Seguridad-e-Higiene-Fiestas-Patrias-Alerta-20252-300x225.jpg\" alt=\"\" width=\"727\" height=\"545\" srcset=\"\/wp-content\/uploads\/sites\/5\/2025\/09\/IGSS-Seccion-de-Seguridad-e-Higiene-Fiestas-Patrias-Alerta-20252-300x225.jpg 300w, \/wp-content\/uploads\/sites\/5\/2025\/09\/IGSS-Seccion-de-Seguridad-e-Higiene-Fiestas-Patrias-Alerta-20252-1024x768.jpg 1024w, \/wp-content\/uploads\/sites\/5\/2025\/09\/IGSS-Seccion-de-Seguridad-e-Higiene-Fiestas-Patrias-Alerta-20252-768x576.jpg 768w, \/wp-content\/uploads\/sites\/5\/2025\/09\/IGSS-Seccion-de-Seguridad-e-Higiene-Fiestas-Patrias-Alerta-20252-1536x1152.jpg 1536w, \/wp-content\/uploads\/sites\/5\/2025\/09\/IGSS-Seccion-de-Seguridad-e-Higiene-Fiestas-Patrias-Alerta-20252-560x420.jpg 560w, \/wp-content\/uploads\/sites\/5\/2025\/09\/IGSS-Seccion-de-Seguridad-e-Higiene-Fiestas-Patrias-Alerta-20252-80x60.jpg 80w, \/wp-content\/uploads\/sites\/5\/2025\/09\/IGSS-Seccion-de-Seguridad-e-Higiene-Fiestas-Patrias-Alerta-20252-696x522.jpg 696w, \/wp-content\/uploads\/sites\/5\/2025\/09\/IGSS-Seccion-de-Seguridad-e-Higiene-Fiestas-Patrias-Alerta-20252-1068x801.jpg 1068w, \/wp-content\/uploads\/sites\/5\/2025\/09\/IGSS-Seccion-de-Seguridad-e-Higiene-Fiestas-Patrias-Alerta-20252-265x198.jpg 265w, \/wp-content\/uploads\/sites\/5\/2025\/09\/IGSS-Seccion-de-Seguridad-e-Higiene-Fiestas-Patrias-Alerta-20252-534x401.jpg 534w, \/wp-content\/uploads\/sites\/5\/2025\/09\/IGSS-Seccion-de-Seguridad-e-Higiene-Fiestas-Patrias-Alerta-20252.jpg 1600w\" sizes=\"auto, (max-width: 727px) 100vw, 727px\" \/><figcaption id=\"caption-attachment-50400\" class=\"wp-caption-text\">Los 60 salvavidas del IGSS ser\u00e1n desplegados en playas, lagos y balnearios desde el s\u00e1bado 13 hasta el lunes 15 de septiembre.<\/figcaption><\/figure>\n<p>Las playas y centros recreativos que tendr\u00e1n la protecci\u00f3n de los salvavidas del IGSS son<\/p>\n<ul>\n<li>Playa Las Lisas<\/li>\n<li>Playa de Monterrico<\/li>\n<li>Playa de Iztapa<\/li>\n<li>Puerto de San Jos\u00e9<\/li>\n<li>Playa El Pared\u00f3n<\/li>\n<li>Playa La Empalizada<\/li>\n<li>Playa El Semillero<\/li>\n<li>Playa Tecojate<\/li>\n<li>Playa Tulate<\/li>\n<li>Playa Champerico<\/li>\n<li>Playa Tilapa Isla El Tular<\/li>\n<li>Playa de Oc\u00f3s<\/li>\n<li>Lago de Atitl\u00e1n<\/li>\n<li>Centro Recreativo del Nororiente de Chiquimula \u201cGuayac\u00e1n\u201d<\/li>\n<li>Centro Recreativo \u201cLas Ninfas\u201d, Amatitl\u00e1n.<\/li>\n<\/ul>\n\r\n                <style type=\"text\/css\">\r\n                    \r\n                    #tdi_1  .td-doubleSlider-2 .td-item1 {\r\n                        background: url(\/wp-content\/uploads\/sites\/5\/2025\/09\/IGSS-Seccion-de-Seguridad-e-Higiene-Fiestas-Patrias-Alerta-20250-80x60.jpg) 0 0 no-repeat;\r\n                    }\r\n                    #tdi_1  .td-doubleSlider-2 .td-item2 {\r\n                        background: url(\/wp-content\/uploads\/sites\/5\/2025\/09\/IGSS-Seccion-de-Seguridad-e-Higiene-Fiestas-Patrias-Alerta-20251-80x60.jpg) 0 0 no-repeat;\r\n                    }\r\n                <\/style>\r\n\r\n                <div id=\"tdi_1\" class=\"td-gallery td-slide-on-2-columns\">\r\n                    <div class=\"post_td_gallery\">\r\n                        <div class=\"td-gallery-slide-top\">\r\n                           <div class=\"td-gallery-title\">Fotos:<\/div>\r\n\r\n                            <div class=\"td-gallery-controls-wrapper\">\r\n                                <div class=\"td-gallery-slide-count\"><span class=\"td-gallery-slide-item-focus\">1<\/span> de 2<\/div>\r\n                                <div class=\"td-gallery-slide-prev-next-but\">\r\n                                    <i class = \"td-icon-left doubleSliderPrevButton\"><\/i>\r\n                                    <i class = \"td-icon-right doubleSliderNextButton\"><\/i>\r\n                                <\/div>\r\n                            <\/div>\r\n                        <\/div>\r\n\r\n                        <div class = \"td-doubleSlider-1 \">\r\n                            <div class = \"td-slider\">\r\n                                \r\n                    <div class = \"td-slide-item td-item1\">\r\n                        <figure class=\"td-slide-galery-figure td-slide-popup-gallery\">\r\n                            <a class=\"slide-gallery-image-link\" href=\"\/wp-content\/uploads\/sites\/5\/2025\/09\/IGSS-Seccion-de-Seguridad-e-Higiene-Fiestas-Patrias-Alerta-20250.jpg\" title=\"IGSS Seccion de Seguridad e Higiene Fiestas Patrias Alerta 20250\"  data-caption=\"\"  data-description=\"\">\r\n                                <img decoding=\"async\" src=\"\/wp-content\/uploads\/sites\/5\/2025\/09\/IGSS-Seccion-de-Seguridad-e-Higiene-Fiestas-Patrias-Alerta-20250-630x420.jpg\" srcset=\"\/wp-content\/uploads\/sites\/5\/2025\/09\/IGSS-Seccion-de-Seguridad-e-Higiene-Fiestas-Patrias-Alerta-20250-630x420.jpg 630w, \/wp-content\/uploads\/sites\/5\/2025\/09\/IGSS-Seccion-de-Seguridad-e-Higiene-Fiestas-Patrias-Alerta-20250-300x200.jpg 300w, \/wp-content\/uploads\/sites\/5\/2025\/09\/IGSS-Seccion-de-Seguridad-e-Higiene-Fiestas-Patrias-Alerta-20250-1024x682.jpg 1024w, \/wp-content\/uploads\/sites\/5\/2025\/09\/IGSS-Seccion-de-Seguridad-e-Higiene-Fiestas-Patrias-Alerta-20250-768x512.jpg 768w, \/wp-content\/uploads\/sites\/5\/2025\/09\/IGSS-Seccion-de-Seguridad-e-Higiene-Fiestas-Patrias-Alerta-20250-1536x1023.jpg 1536w, \/wp-content\/uploads\/sites\/5\/2025\/09\/IGSS-Seccion-de-Seguridad-e-Higiene-Fiestas-Patrias-Alerta-20250-696x464.jpg 696w, \/wp-content\/uploads\/sites\/5\/2025\/09\/IGSS-Seccion-de-Seguridad-e-Higiene-Fiestas-Patrias-Alerta-20250-1068x712.jpg 1068w, \/wp-content\/uploads\/sites\/5\/2025\/09\/IGSS-Seccion-de-Seguridad-e-Higiene-Fiestas-Patrias-Alerta-20250-534x356.jpg 534w, \/wp-content\/uploads\/sites\/5\/2025\/09\/IGSS-Seccion-de-Seguridad-e-Higiene-Fiestas-Patrias-Alerta-20250.jpg 1600w\" sizes=\"(max-width: 630px) 100vw, 630px\" alt=\"\">\r\n                            <\/a>\r\n                            \r\n                        <\/figure>\r\n                    <\/div>\r\n                    <div class = \"td-slide-item td-item2\">\r\n                        <figure class=\"td-slide-galery-figure td-slide-popup-gallery\">\r\n                            <a class=\"slide-gallery-image-link\" href=\"\/wp-content\/uploads\/sites\/5\/2025\/09\/IGSS-Seccion-de-Seguridad-e-Higiene-Fiestas-Patrias-Alerta-20251.jpg\" title=\"IGSS Seccion de Seguridad e Higiene Fiestas Patrias Alerta 20251\"  data-caption=\"\"  data-description=\"\">\r\n                                <img decoding=\"async\" src=\"\/wp-content\/uploads\/sites\/5\/2025\/09\/IGSS-Seccion-de-Seguridad-e-Higiene-Fiestas-Patrias-Alerta-20251-630x420.jpg\" srcset=\"\/wp-content\/uploads\/sites\/5\/2025\/09\/IGSS-Seccion-de-Seguridad-e-Higiene-Fiestas-Patrias-Alerta-20251-630x420.jpg 630w, \/wp-content\/uploads\/sites\/5\/2025\/09\/IGSS-Seccion-de-Seguridad-e-Higiene-Fiestas-Patrias-Alerta-20251-300x200.jpg 300w, \/wp-content\/uploads\/sites\/5\/2025\/09\/IGSS-Seccion-de-Seguridad-e-Higiene-Fiestas-Patrias-Alerta-20251-1024x682.jpg 1024w, \/wp-content\/uploads\/sites\/5\/2025\/09\/IGSS-Seccion-de-Seguridad-e-Higiene-Fiestas-Patrias-Alerta-20251-768x512.jpg 768w, \/wp-content\/uploads\/sites\/5\/2025\/09\/IGSS-Seccion-de-Seguridad-e-Higiene-Fiestas-Patrias-Alerta-20251-1536x1023.jpg 1536w, \/wp-content\/uploads\/sites\/5\/2025\/09\/IGSS-Seccion-de-Seguridad-e-Higiene-Fiestas-Patrias-Alerta-20251-696x464.jpg 696w, \/wp-content\/uploads\/sites\/5\/2025\/09\/IGSS-Seccion-de-Seguridad-e-Higiene-Fiestas-Patrias-Alerta-20251-1068x712.jpg 1068w, \/wp-content\/uploads\/sites\/5\/2025\/09\/IGSS-Seccion-de-Seguridad-e-Higiene-Fiestas-Patrias-Alerta-20251-534x356.jpg 534w, \/wp-content\/uploads\/sites\/5\/2025\/09\/IGSS-Seccion-de-Seguridad-e-Higiene-Fiestas-Patrias-Alerta-20251.jpg 1600w\" sizes=\"(max-width: 630px) 100vw, 630px\" alt=\"\">\r\n                            <\/a>\r\n                            \r\n                        <\/figure>\r\n                    <\/div>\r\n                            <\/div>\r\n                        <\/div>\r\n\r\n                        <div class = \"td-doubleSlider-2\">\r\n                            <div class = \"td-slider\">\r\n                                \r\n                    <div class = \"td-button td-item1\">\r\n                        <div class = \"td-border\"><\/div>\r\n                    <\/div>\r\n                    <div class = \"td-button td-item2\">\r\n                        <div class = \"td-border\"><\/div>\r\n                    <\/div>\r\n                            <\/div>\r\n                        <\/div>\r\n\r\n                    <\/div>\r\n\r\n                <\/div>\r\n                \n<p>\u00a0<\/p>\n","protected":false},"excerpt":{"rendered":"<p>El Instituto Guatemalteco de Seguridad Social (IGSS) garantiza la prestaci\u00f3n de sus servicios de forma ininterrumpida durante las celebraciones de Independencia y fin de semana largo. Desde el viernes 12 hasta el lunes 15 de septiembre, el Instituto se mantiene en alerta amarilla institucional para dar respuesta inmediata a cualquier emergencia que surja. \u201cEl IGSS [&hellip;]<\/p>\n","protected":false},"author":3269,"featured_media":50398,"comment_status":"closed","ping_status":"closed","sticky":false,"template":"","format":"standard","meta":{"footnotes":""},"categories":[3,4,1480,1130,15,27,31,32,33,36],"tags":[101,439,2341,490],"coauthors":[],"class_list":{"0":"post-50397","1":"post","2":"type-post","3":"status-publish","4":"format-standard","5":"has-post-thumbnail","7":"category-actualidad","8":"category-afiliados","9":"category-clinicas-de-atencion-24-horas","10":"category-consejos-medicos","11":"category-destacado","12":"category-prevencion-en-salud","13":"category-salud","14":"category-salvavidas","15":"category-servicios-de-salud","16":"category-unidades-medicas","17":"tag-alerta-amarilla","18":"tag-fiestas-patrias-guatemala","19":"tag-fin-de-semana-largo","20":"tag-igss"},"_links":{"self":[{"href":"https:\/\/www.igssgt.org\/noticias\/wp-json\/wp\/v2\/posts\/50397","targetHints":{"allow":["GET"]}}],"collection":[{"href":"https:\/\/www.igssgt.org\/noticias\/wp-json\/wp\/v2\/posts"}],"about":[{"href":"https:\/\/www.igssgt.org\/noticias\/wp-json\/wp\/v2\/types\/post"}],"author":[{"embeddable":true,"href":"https:\/\/www.igssgt.org\/noticias\/wp-json\/wp\/v2\/users\/3269"}],"replies":[{"embeddable":true,"href":"https:\/\/www.igssgt.org\/noticias\/wp-json\/wp\/v2\/comments?post=50397"}],"version-history":[{"count":3,"href":"https:\/\/www.igssgt.org\/noticias\/wp-json\/wp\/v2\/posts\/50397\/revisions"}],"predecessor-version":[{"id":51251,"href":"https:\/\/www.igssgt.org\/noticias\/wp-json\/wp\/v2\/posts\/50397\/revisions\/51251"}],"wp:featuredmedia":[{"embeddable":true,"href":"https:\/\/www.igssgt.org\/noticias\/wp-json\/wp\/v2\/media\/50398"}],"wp:attachment":[{"href":"https:\/\/www.igssgt.org\/noticias\/wp-json\/wp\/v2\/media?parent=50397"}],"wp:term":[{"taxonomy":"category","embeddable":true,"href":"https:\/\/www.igssgt.org\/noticias\/wp-json\/wp\/v2\/categories?post=50397"},{"taxonomy":"post_tag","embeddable":true,"href":"https:\/\/www.igssgt.org\/noticias\/wp-json\/wp\/v2\/tags?post=50397"},{"taxonomy":"author","embeddable":true,"href":"https:\/\/www.igssgt.org\/noticias\/wp-json\/wp\/v2\/coauthors?post=50397"}],"curies":[{"name":"wp","href":"https:\/\/api.w.org\/{rel}","templated":true}]}}