{"id":50405,"date":"2025-09-12T14:27:59","date_gmt":"2025-09-12T20:27:59","guid":{"rendered":"https:\/\/www.igssgt.org\/noticias\/?p=50405"},"modified":"2025-09-12T14:28:00","modified_gmt":"2025-09-12T20:28:00","slug":"con-orgullo-y-compromiso-el-igss-honra-a-guatemala-en-su-independencia","status":"publish","type":"post","link":"https:\/\/www.igssgt.org\/noticias\/2025\/09\/12\/con-orgullo-y-compromiso-el-igss-honra-a-guatemala-en-su-independencia\/","title":{"rendered":"Con orgullo y compromiso, el IGSS honra a Guatemala en su independencia"},"content":{"rendered":"\n<p class=\"has-drop-cap\">Las autoridades del Instituto Guatemalteco de Seguridad Social (IGSS) encabezaron el acto c\u00edvico en conmemoraci\u00f3n de los 204 a\u00f1os de Independencia, que se celebr\u00f3 en la Plaza Banderas de las Oficinas Centrales de la instituci\u00f3n.<\/p>\n\n\n\n<p>El subgerente de Prestaciones en Salud, Dr. Francisco G\u00f3dinez, indic\u00f3 que es un alto honor y satisfacci\u00f3n estar reunidos para celebrar la independencia de Guatemala, enfatizando en la renovaci\u00f3n del compromiso con el pa\u00eds.<\/p>\n<figure id=\"attachment_50407\" aria-describedby=\"caption-attachment-50407\" style=\"width: 717px\" class=\"wp-caption alignnone\"><img loading=\"lazy\" decoding=\"async\" class=\"wp-image-50407\" src=\"\/wp-content\/uploads\/sites\/5\/2025\/09\/IGSS-Acto-civico-Fiestas-Patrias-Alerta-20250-300x200.jpg\" alt=\"\" width=\"717\" height=\"478\" srcset=\"\/wp-content\/uploads\/sites\/5\/2025\/09\/IGSS-Acto-civico-Fiestas-Patrias-Alerta-20250-300x200.jpg 300w, \/wp-content\/uploads\/sites\/5\/2025\/09\/IGSS-Acto-civico-Fiestas-Patrias-Alerta-20250-1024x683.jpg 1024w, \/wp-content\/uploads\/sites\/5\/2025\/09\/IGSS-Acto-civico-Fiestas-Patrias-Alerta-20250-768x512.jpg 768w, \/wp-content\/uploads\/sites\/5\/2025\/09\/IGSS-Acto-civico-Fiestas-Patrias-Alerta-20250-1536x1024.jpg 1536w, \/wp-content\/uploads\/sites\/5\/2025\/09\/IGSS-Acto-civico-Fiestas-Patrias-Alerta-20250-630x420.jpg 630w, \/wp-content\/uploads\/sites\/5\/2025\/09\/IGSS-Acto-civico-Fiestas-Patrias-Alerta-20250-696x464.jpg 696w, \/wp-content\/uploads\/sites\/5\/2025\/09\/IGSS-Acto-civico-Fiestas-Patrias-Alerta-20250-1068x712.jpg 1068w, \/wp-content\/uploads\/sites\/5\/2025\/09\/IGSS-Acto-civico-Fiestas-Patrias-Alerta-20250-534x356.jpg 534w, \/wp-content\/uploads\/sites\/5\/2025\/09\/IGSS-Acto-civico-Fiestas-Patrias-Alerta-20250.jpg 1599w\" sizes=\"auto, (max-width: 717px) 100vw, 717px\" \/><figcaption id=\"caption-attachment-50407\" class=\"wp-caption-text\">El acto c\u00edvico fue un espacio para enaltecer los valores patrios y fortalecer el compromiso institucional con el pa\u00eds.<\/figcaption><\/figure>\n<p>Durante la actividad, se realiz\u00f3 la izada de la bandera nacional, un momento solemne que invit\u00f3 a reflexionar a todos los presentes sobre el compromiso con el pa\u00eds y el papel que cada uno desempe\u00f1a en la construcci\u00f3n de una sociedad m\u00e1s justa, equitativa y solidaria.<\/p>\n<figure id=\"attachment_50408\" aria-describedby=\"caption-attachment-50408\" style=\"width: 731px\" class=\"wp-caption alignnone\"><img loading=\"lazy\" decoding=\"async\" class=\"wp-image-50408\" src=\"\/wp-content\/uploads\/sites\/5\/2025\/09\/IGSS-Acto-civico-Fiestas-Patrias-Alerta-20251-300x200.jpg\" alt=\"\" width=\"731\" height=\"487\" srcset=\"\/wp-content\/uploads\/sites\/5\/2025\/09\/IGSS-Acto-civico-Fiestas-Patrias-Alerta-20251-300x200.jpg 300w, \/wp-content\/uploads\/sites\/5\/2025\/09\/IGSS-Acto-civico-Fiestas-Patrias-Alerta-20251-1024x682.jpg 1024w, \/wp-content\/uploads\/sites\/5\/2025\/09\/IGSS-Acto-civico-Fiestas-Patrias-Alerta-20251-768x512.jpg 768w, \/wp-content\/uploads\/sites\/5\/2025\/09\/IGSS-Acto-civico-Fiestas-Patrias-Alerta-20251-630x420.jpg 630w, \/wp-content\/uploads\/sites\/5\/2025\/09\/IGSS-Acto-civico-Fiestas-Patrias-Alerta-20251-696x464.jpg 696w, \/wp-content\/uploads\/sites\/5\/2025\/09\/IGSS-Acto-civico-Fiestas-Patrias-Alerta-20251-1068x712.jpg 1068w, \/wp-content\/uploads\/sites\/5\/2025\/09\/IGSS-Acto-civico-Fiestas-Patrias-Alerta-20251-534x356.jpg 534w, \/wp-content\/uploads\/sites\/5\/2025\/09\/IGSS-Acto-civico-Fiestas-Patrias-Alerta-20251.jpg 1280w\" sizes=\"auto, (max-width: 731px) 100vw, 731px\" \/><figcaption id=\"caption-attachment-50408\" class=\"wp-caption-text\">El IGSS celebr\u00f3 la independencia con m\u00fasica, cultura y mensajes de responsabilidad por Guatemala.<\/figcaption><\/figure>\n<p>Los actos en honor a la Patria estuvieron amenizados por la banda Hispano Marching Band. La jornada incluy\u00f3 la entonaci\u00f3n del Himno Nacional, una presentaci\u00f3n instrumental en viol\u00edn y los mensajes institucionales de unidad, servicio y compromiso con el pa\u00eds.<\/p>\n<p>\u201cRendimos un homenaje a los 204 a\u00f1os de independencia de Guatemala, un momento hist\u00f3rico que marc\u00f3 el despertar de una naci\u00f3n que, con valent\u00eda, decidi\u00f3 trazar su propio destino. El IGSS se identifica con ese mismo esp\u00edritu de compromiso y servicio, edificando d\u00eda con d\u00eda una Guatemala m\u00e1s fuerte\u201d, dijo el subgerente de Planificaci\u00f3n y Desarrollo, Lic. Carlos Franco.\u00a0<\/p>\n<figure id=\"attachment_50409\" aria-describedby=\"caption-attachment-50409\" style=\"width: 722px\" class=\"wp-caption alignnone\"><img loading=\"lazy\" decoding=\"async\" class=\"wp-image-50409\" src=\"\/wp-content\/uploads\/sites\/5\/2025\/09\/IGSS-Acto-civico-Fiestas-Patrias-Alerta-20253-300x200.jpg\" alt=\"\" width=\"722\" height=\"481\" srcset=\"\/wp-content\/uploads\/sites\/5\/2025\/09\/IGSS-Acto-civico-Fiestas-Patrias-Alerta-20253-300x200.jpg 300w, \/wp-content\/uploads\/sites\/5\/2025\/09\/IGSS-Acto-civico-Fiestas-Patrias-Alerta-20253-1024x683.jpg 1024w, \/wp-content\/uploads\/sites\/5\/2025\/09\/IGSS-Acto-civico-Fiestas-Patrias-Alerta-20253-768x512.jpg 768w, \/wp-content\/uploads\/sites\/5\/2025\/09\/IGSS-Acto-civico-Fiestas-Patrias-Alerta-20253-1536x1024.jpg 1536w, \/wp-content\/uploads\/sites\/5\/2025\/09\/IGSS-Acto-civico-Fiestas-Patrias-Alerta-20253-630x420.jpg 630w, \/wp-content\/uploads\/sites\/5\/2025\/09\/IGSS-Acto-civico-Fiestas-Patrias-Alerta-20253-696x464.jpg 696w, \/wp-content\/uploads\/sites\/5\/2025\/09\/IGSS-Acto-civico-Fiestas-Patrias-Alerta-20253-1068x712.jpg 1068w, \/wp-content\/uploads\/sites\/5\/2025\/09\/IGSS-Acto-civico-Fiestas-Patrias-Alerta-20253-534x356.jpg 534w, \/wp-content\/uploads\/sites\/5\/2025\/09\/IGSS-Acto-civico-Fiestas-Patrias-Alerta-20253.jpg 1599w\" sizes=\"auto, (max-width: 722px) 100vw, 722px\" \/><figcaption id=\"caption-attachment-50409\" class=\"wp-caption-text\">Un momento para recordar que Guatemala es grande por su gente y cultura.<\/figcaption><\/figure>\n<p>El acto concluy\u00f3 con una presentaci\u00f3n de marimba, s\u00edmbolo de la riqueza cultural del pa\u00eds. Este evento recuerda el compromiso del IGSS como una instituci\u00f3n al servicio de Guatemala, trabajando con calidez humana y profundo respeto por la patria.<\/p>\n\r\n                <style type=\"text\/css\">\r\n                    \r\n                    #tdi_1  .td-doubleSlider-2 .td-item1 {\r\n                        background: url(\/wp-content\/uploads\/sites\/5\/2025\/09\/IGSS-Acto-civico-Fiestas-Patrias-Alerta-20254-80x60.jpg) 0 0 no-repeat;\r\n                    }\r\n                    #tdi_1  .td-doubleSlider-2 .td-item2 {\r\n                        background: url(\/wp-content\/uploads\/sites\/5\/2025\/09\/IGSS-Acto-civico-Fiestas-Patrias-Alerta-20255-80x60.jpg) 0 0 no-repeat;\r\n                    }\r\n                    #tdi_1  .td-doubleSlider-2 .td-item3 {\r\n                        background: url(\/wp-content\/uploads\/sites\/5\/2025\/09\/IGSS-Acto-civico-Fiestas-Patrias-Alerta-20256-80x60.jpg) 0 0 no-repeat;\r\n                    }\r\n                    #tdi_1  .td-doubleSlider-2 .td-item4 {\r\n                        background: url(\/wp-content\/uploads\/sites\/5\/2025\/09\/IGSS-Acto-civico-Fiestas-Patrias-Alerta-20257-80x60.jpg) 0 0 no-repeat;\r\n                    }\r\n                    #tdi_1  .td-doubleSlider-2 .td-item5 {\r\n                        background: url(\/wp-content\/uploads\/sites\/5\/2025\/09\/IGSS-Acto-civico-Fiestas-Patrias-Alerta-20258-80x60.jpg) 0 0 no-repeat;\r\n                    }\r\n                    #tdi_1  .td-doubleSlider-2 .td-item6 {\r\n                        background: url(\/wp-content\/uploads\/sites\/5\/2025\/09\/IGSS-Acto-civico-Fiestas-Patrias-Alerta-20259-80x60.jpg) 0 0 no-repeat;\r\n                    }\r\n                    #tdi_1  .td-doubleSlider-2 .td-item7 {\r\n                        background: url(\/wp-content\/uploads\/sites\/5\/2025\/09\/IGSS-Acto-civico-Fiestas-Patrias-Alerta-202510-80x60.jpg) 0 0 no-repeat;\r\n                    }\r\n                    #tdi_1  .td-doubleSlider-2 .td-item8 {\r\n                        background: url(\/wp-content\/uploads\/sites\/5\/2025\/09\/IGSS-Acto-civico-Fiestas-Patrias-Alerta-202511-80x60.jpg) 0 0 no-repeat;\r\n                    }\r\n                    #tdi_1  .td-doubleSlider-2 .td-item9 {\r\n                        background: url(\/wp-content\/uploads\/sites\/5\/2025\/09\/IGSS-Acto-civico-Fiestas-Patrias-Alerta-202512-80x60.jpg) 0 0 no-repeat;\r\n                    }\r\n                    #tdi_1  .td-doubleSlider-2 .td-item10 {\r\n                        background: url(\/wp-content\/uploads\/sites\/5\/2025\/09\/IGSS-Acto-civico-Fiestas-Patrias-Alerta-202513-80x60.jpg) 0 0 no-repeat;\r\n                    }\r\n                    #tdi_1  .td-doubleSlider-2 .td-item11 {\r\n                        background: url(\/wp-content\/uploads\/sites\/5\/2025\/09\/IGSS-Acto-civico-Fiestas-Patrias-Alerta-202514-80x60.jpg) 0 0 no-repeat;\r\n                    }\r\n                <\/style>\r\n\r\n                <div id=\"tdi_1\" class=\"td-gallery td-slide-on-2-columns\">\r\n                    <div class=\"post_td_gallery\">\r\n                        <div class=\"td-gallery-slide-top\">\r\n                           <div class=\"td-gallery-title\">Galer\u00eda:<\/div>\r\n\r\n                            <div class=\"td-gallery-controls-wrapper\">\r\n                                <div class=\"td-gallery-slide-count\"><span class=\"td-gallery-slide-item-focus\">1<\/span> de 11<\/div>\r\n                                <div class=\"td-gallery-slide-prev-next-but\">\r\n                                    <i class = \"td-icon-left doubleSliderPrevButton\"><\/i>\r\n                                    <i class = \"td-icon-right doubleSliderNextButton\"><\/i>\r\n                                <\/div>\r\n                            <\/div>\r\n                        <\/div>\r\n\r\n                        <div class = \"td-doubleSlider-1 \">\r\n                            <div class = \"td-slider\">\r\n                                \r\n                    <div class = \"td-slide-item td-item1\">\r\n                        <figure class=\"td-slide-galery-figure td-slide-popup-gallery\">\r\n                            <a class=\"slide-gallery-image-link\" href=\"\/wp-content\/uploads\/sites\/5\/2025\/09\/IGSS-Acto-civico-Fiestas-Patrias-Alerta-20254.jpg\" title=\"IGSS Acto civico Fiestas Patrias Alerta 20254\"  data-caption=\"\"  data-description=\"\">\r\n                                <img decoding=\"async\" src=\"\/wp-content\/uploads\/sites\/5\/2025\/09\/IGSS-Acto-civico-Fiestas-Patrias-Alerta-20254-630x420.jpg\" srcset=\"\/wp-content\/uploads\/sites\/5\/2025\/09\/IGSS-Acto-civico-Fiestas-Patrias-Alerta-20254-630x420.jpg 630w, \/wp-content\/uploads\/sites\/5\/2025\/09\/IGSS-Acto-civico-Fiestas-Patrias-Alerta-20254-300x200.jpg 300w, \/wp-content\/uploads\/sites\/5\/2025\/09\/IGSS-Acto-civico-Fiestas-Patrias-Alerta-20254-1024x682.jpg 1024w, \/wp-content\/uploads\/sites\/5\/2025\/09\/IGSS-Acto-civico-Fiestas-Patrias-Alerta-20254-768x512.jpg 768w, \/wp-content\/uploads\/sites\/5\/2025\/09\/IGSS-Acto-civico-Fiestas-Patrias-Alerta-20254-696x464.jpg 696w, \/wp-content\/uploads\/sites\/5\/2025\/09\/IGSS-Acto-civico-Fiestas-Patrias-Alerta-20254-1068x712.jpg 1068w, \/wp-content\/uploads\/sites\/5\/2025\/09\/IGSS-Acto-civico-Fiestas-Patrias-Alerta-20254-534x356.jpg 534w, \/wp-content\/uploads\/sites\/5\/2025\/09\/IGSS-Acto-civico-Fiestas-Patrias-Alerta-20254.jpg 1280w\" sizes=\"(max-width: 630px) 100vw, 630px\" alt=\"\">\r\n                            <\/a>\r\n                            \r\n                        <\/figure>\r\n                    <\/div>\r\n                    <div class = \"td-slide-item td-item2\">\r\n                        <figure class=\"td-slide-galery-figure td-slide-popup-gallery\">\r\n                            <a class=\"slide-gallery-image-link\" href=\"\/wp-content\/uploads\/sites\/5\/2025\/09\/IGSS-Acto-civico-Fiestas-Patrias-Alerta-20255.jpg\" title=\"IGSS Acto civico Fiestas Patrias Alerta 20255\"  data-caption=\"\"  data-description=\"\">\r\n                                <img decoding=\"async\" src=\"\/wp-content\/uploads\/sites\/5\/2025\/09\/IGSS-Acto-civico-Fiestas-Patrias-Alerta-20255-630x420.jpg\" srcset=\"\/wp-content\/uploads\/sites\/5\/2025\/09\/IGSS-Acto-civico-Fiestas-Patrias-Alerta-20255-630x420.jpg 630w, \/wp-content\/uploads\/sites\/5\/2025\/09\/IGSS-Acto-civico-Fiestas-Patrias-Alerta-20255-300x200.jpg 300w, \/wp-content\/uploads\/sites\/5\/2025\/09\/IGSS-Acto-civico-Fiestas-Patrias-Alerta-20255-1024x682.jpg 1024w, \/wp-content\/uploads\/sites\/5\/2025\/09\/IGSS-Acto-civico-Fiestas-Patrias-Alerta-20255-768x512.jpg 768w, \/wp-content\/uploads\/sites\/5\/2025\/09\/IGSS-Acto-civico-Fiestas-Patrias-Alerta-20255-1536x1023.jpg 1536w, \/wp-content\/uploads\/sites\/5\/2025\/09\/IGSS-Acto-civico-Fiestas-Patrias-Alerta-20255-696x464.jpg 696w, \/wp-content\/uploads\/sites\/5\/2025\/09\/IGSS-Acto-civico-Fiestas-Patrias-Alerta-20255-1068x712.jpg 1068w, \/wp-content\/uploads\/sites\/5\/2025\/09\/IGSS-Acto-civico-Fiestas-Patrias-Alerta-20255-534x356.jpg 534w, \/wp-content\/uploads\/sites\/5\/2025\/09\/IGSS-Acto-civico-Fiestas-Patrias-Alerta-20255.jpg 1600w\" sizes=\"(max-width: 630px) 100vw, 630px\" alt=\"\">\r\n                            <\/a>\r\n                            \r\n                        <\/figure>\r\n                    <\/div>\r\n                    <div class = \"td-slide-item td-item3\">\r\n                        <figure class=\"td-slide-galery-figure td-slide-popup-gallery\">\r\n                            <a class=\"slide-gallery-image-link\" href=\"\/wp-content\/uploads\/sites\/5\/2025\/09\/IGSS-Acto-civico-Fiestas-Patrias-Alerta-20256.jpg\" title=\"IGSS Acto civico Fiestas Patrias Alerta 20256\"  data-caption=\"\"  data-description=\"\">\r\n                                <img decoding=\"async\" src=\"\/wp-content\/uploads\/sites\/5\/2025\/09\/IGSS-Acto-civico-Fiestas-Patrias-Alerta-20256-630x420.jpg\" srcset=\"\/wp-content\/uploads\/sites\/5\/2025\/09\/IGSS-Acto-civico-Fiestas-Patrias-Alerta-20256-630x420.jpg 630w, \/wp-content\/uploads\/sites\/5\/2025\/09\/IGSS-Acto-civico-Fiestas-Patrias-Alerta-20256-300x200.jpg 300w, \/wp-content\/uploads\/sites\/5\/2025\/09\/IGSS-Acto-civico-Fiestas-Patrias-Alerta-20256-1024x682.jpg 1024w, \/wp-content\/uploads\/sites\/5\/2025\/09\/IGSS-Acto-civico-Fiestas-Patrias-Alerta-20256-768x512.jpg 768w, \/wp-content\/uploads\/sites\/5\/2025\/09\/IGSS-Acto-civico-Fiestas-Patrias-Alerta-20256-696x464.jpg 696w, \/wp-content\/uploads\/sites\/5\/2025\/09\/IGSS-Acto-civico-Fiestas-Patrias-Alerta-20256-1068x712.jpg 1068w, \/wp-content\/uploads\/sites\/5\/2025\/09\/IGSS-Acto-civico-Fiestas-Patrias-Alerta-20256-534x356.jpg 534w, \/wp-content\/uploads\/sites\/5\/2025\/09\/IGSS-Acto-civico-Fiestas-Patrias-Alerta-20256.jpg 1280w\" sizes=\"(max-width: 630px) 100vw, 630px\" alt=\"\">\r\n                            <\/a>\r\n                            \r\n                        <\/figure>\r\n                    <\/div>\r\n                    <div class = \"td-slide-item td-item4\">\r\n                        <figure class=\"td-slide-galery-figure td-slide-popup-gallery\">\r\n                            <a class=\"slide-gallery-image-link\" href=\"\/wp-content\/uploads\/sites\/5\/2025\/09\/IGSS-Acto-civico-Fiestas-Patrias-Alerta-20257.jpg\" title=\"IGSS Acto civico Fiestas Patrias Alerta 20257\"  data-caption=\"\"  data-description=\"\">\r\n                                <img decoding=\"async\" src=\"\/wp-content\/uploads\/sites\/5\/2025\/09\/IGSS-Acto-civico-Fiestas-Patrias-Alerta-20257-730x420.jpg\" srcset=\"\/wp-content\/uploads\/sites\/5\/2025\/09\/IGSS-Acto-civico-Fiestas-Patrias-Alerta-20257-730x420.jpg 730w, \/wp-content\/uploads\/sites\/5\/2025\/09\/IGSS-Acto-civico-Fiestas-Patrias-Alerta-20257-300x173.jpg 300w, \/wp-content\/uploads\/sites\/5\/2025\/09\/IGSS-Acto-civico-Fiestas-Patrias-Alerta-20257-1024x589.jpg 1024w, \/wp-content\/uploads\/sites\/5\/2025\/09\/IGSS-Acto-civico-Fiestas-Patrias-Alerta-20257-768x442.jpg 768w, \/wp-content\/uploads\/sites\/5\/2025\/09\/IGSS-Acto-civico-Fiestas-Patrias-Alerta-20257-1536x883.jpg 1536w, \/wp-content\/uploads\/sites\/5\/2025\/09\/IGSS-Acto-civico-Fiestas-Patrias-Alerta-20257-696x400.jpg 696w, \/wp-content\/uploads\/sites\/5\/2025\/09\/IGSS-Acto-civico-Fiestas-Patrias-Alerta-20257-1068x614.jpg 1068w, \/wp-content\/uploads\/sites\/5\/2025\/09\/IGSS-Acto-civico-Fiestas-Patrias-Alerta-20257-534x307.jpg 534w, \/wp-content\/uploads\/sites\/5\/2025\/09\/IGSS-Acto-civico-Fiestas-Patrias-Alerta-20257.jpg 1600w\" sizes=\"(max-width: 730px) 100vw, 730px\" alt=\"\">\r\n                            <\/a>\r\n                            \r\n                        <\/figure>\r\n                    <\/div>\r\n                    <div class = \"td-slide-item td-item5\">\r\n                        <figure class=\"td-slide-galery-figure td-slide-popup-gallery\">\r\n                            <a class=\"slide-gallery-image-link\" href=\"\/wp-content\/uploads\/sites\/5\/2025\/09\/IGSS-Acto-civico-Fiestas-Patrias-Alerta-20258.jpg\" title=\"IGSS Acto civico Fiestas Patrias Alerta 20258\"  data-caption=\"\"  data-description=\"\">\r\n                                <img decoding=\"async\" src=\"\/wp-content\/uploads\/sites\/5\/2025\/09\/IGSS-Acto-civico-Fiestas-Patrias-Alerta-20258-630x420.jpg\" srcset=\"\/wp-content\/uploads\/sites\/5\/2025\/09\/IGSS-Acto-civico-Fiestas-Patrias-Alerta-20258-630x420.jpg 630w, \/wp-content\/uploads\/sites\/5\/2025\/09\/IGSS-Acto-civico-Fiestas-Patrias-Alerta-20258-300x200.jpg 300w, \/wp-content\/uploads\/sites\/5\/2025\/09\/IGSS-Acto-civico-Fiestas-Patrias-Alerta-20258-1024x682.jpg 1024w, \/wp-content\/uploads\/sites\/5\/2025\/09\/IGSS-Acto-civico-Fiestas-Patrias-Alerta-20258-768x512.jpg 768w, \/wp-content\/uploads\/sites\/5\/2025\/09\/IGSS-Acto-civico-Fiestas-Patrias-Alerta-20258-696x464.jpg 696w, \/wp-content\/uploads\/sites\/5\/2025\/09\/IGSS-Acto-civico-Fiestas-Patrias-Alerta-20258-1068x712.jpg 1068w, \/wp-content\/uploads\/sites\/5\/2025\/09\/IGSS-Acto-civico-Fiestas-Patrias-Alerta-20258-534x356.jpg 534w, \/wp-content\/uploads\/sites\/5\/2025\/09\/IGSS-Acto-civico-Fiestas-Patrias-Alerta-20258.jpg 1280w\" sizes=\"(max-width: 630px) 100vw, 630px\" alt=\"\">\r\n                            <\/a>\r\n                            \r\n                        <\/figure>\r\n                    <\/div>\r\n                    <div class = \"td-slide-item td-item6\">\r\n                        <figure class=\"td-slide-galery-figure td-slide-popup-gallery\">\r\n                            <a class=\"slide-gallery-image-link\" href=\"\/wp-content\/uploads\/sites\/5\/2025\/09\/IGSS-Acto-civico-Fiestas-Patrias-Alerta-20259.jpg\" title=\"IGSS Acto civico Fiestas Patrias Alerta 20259\"  data-caption=\"\"  data-description=\"\">\r\n                                <img decoding=\"async\" src=\"\/wp-content\/uploads\/sites\/5\/2025\/09\/IGSS-Acto-civico-Fiestas-Patrias-Alerta-20259-630x420.jpg\" srcset=\"\/wp-content\/uploads\/sites\/5\/2025\/09\/IGSS-Acto-civico-Fiestas-Patrias-Alerta-20259-630x420.jpg 630w, \/wp-content\/uploads\/sites\/5\/2025\/09\/IGSS-Acto-civico-Fiestas-Patrias-Alerta-20259-300x200.jpg 300w, \/wp-content\/uploads\/sites\/5\/2025\/09\/IGSS-Acto-civico-Fiestas-Patrias-Alerta-20259-1024x683.jpg 1024w, \/wp-content\/uploads\/sites\/5\/2025\/09\/IGSS-Acto-civico-Fiestas-Patrias-Alerta-20259-768x512.jpg 768w, \/wp-content\/uploads\/sites\/5\/2025\/09\/IGSS-Acto-civico-Fiestas-Patrias-Alerta-20259-1536x1024.jpg 1536w, \/wp-content\/uploads\/sites\/5\/2025\/09\/IGSS-Acto-civico-Fiestas-Patrias-Alerta-20259-696x464.jpg 696w, \/wp-content\/uploads\/sites\/5\/2025\/09\/IGSS-Acto-civico-Fiestas-Patrias-Alerta-20259-1068x712.jpg 1068w, \/wp-content\/uploads\/sites\/5\/2025\/09\/IGSS-Acto-civico-Fiestas-Patrias-Alerta-20259-534x356.jpg 534w, \/wp-content\/uploads\/sites\/5\/2025\/09\/IGSS-Acto-civico-Fiestas-Patrias-Alerta-20259.jpg 1599w\" sizes=\"(max-width: 630px) 100vw, 630px\" alt=\"\">\r\n                            <\/a>\r\n                            \r\n                        <\/figure>\r\n                    <\/div>\r\n                    <div class = \"td-slide-item td-item7\">\r\n                        <figure class=\"td-slide-galery-figure td-slide-popup-gallery\">\r\n                            <a class=\"slide-gallery-image-link\" href=\"\/wp-content\/uploads\/sites\/5\/2025\/09\/IGSS-Acto-civico-Fiestas-Patrias-Alerta-202510.jpg\" title=\"IGSS Acto civico Fiestas Patrias Alerta 202510\"  data-caption=\"\"  data-description=\"\">\r\n                                <img decoding=\"async\" src=\"\/wp-content\/uploads\/sites\/5\/2025\/09\/IGSS-Acto-civico-Fiestas-Patrias-Alerta-202510-630x420.jpg\" srcset=\"\/wp-content\/uploads\/sites\/5\/2025\/09\/IGSS-Acto-civico-Fiestas-Patrias-Alerta-202510-630x420.jpg 630w, \/wp-content\/uploads\/sites\/5\/2025\/09\/IGSS-Acto-civico-Fiestas-Patrias-Alerta-202510-300x200.jpg 300w, \/wp-content\/uploads\/sites\/5\/2025\/09\/IGSS-Acto-civico-Fiestas-Patrias-Alerta-202510-1024x682.jpg 1024w, \/wp-content\/uploads\/sites\/5\/2025\/09\/IGSS-Acto-civico-Fiestas-Patrias-Alerta-202510-768x512.jpg 768w, \/wp-content\/uploads\/sites\/5\/2025\/09\/IGSS-Acto-civico-Fiestas-Patrias-Alerta-202510-696x464.jpg 696w, \/wp-content\/uploads\/sites\/5\/2025\/09\/IGSS-Acto-civico-Fiestas-Patrias-Alerta-202510-1068x712.jpg 1068w, \/wp-content\/uploads\/sites\/5\/2025\/09\/IGSS-Acto-civico-Fiestas-Patrias-Alerta-202510-534x356.jpg 534w, \/wp-content\/uploads\/sites\/5\/2025\/09\/IGSS-Acto-civico-Fiestas-Patrias-Alerta-202510.jpg 1280w\" sizes=\"(max-width: 630px) 100vw, 630px\" alt=\"\">\r\n                            <\/a>\r\n                            \r\n                        <\/figure>\r\n                    <\/div>\r\n                    <div class = \"td-slide-item td-item8\">\r\n                        <figure class=\"td-slide-galery-figure td-slide-popup-gallery\">\r\n                            <a class=\"slide-gallery-image-link\" href=\"\/wp-content\/uploads\/sites\/5\/2025\/09\/IGSS-Acto-civico-Fiestas-Patrias-Alerta-202511.jpg\" title=\"IGSS Acto civico Fiestas Patrias Alerta 202511\"  data-caption=\"\"  data-description=\"\">\r\n                                <img decoding=\"async\" src=\"\/wp-content\/uploads\/sites\/5\/2025\/09\/IGSS-Acto-civico-Fiestas-Patrias-Alerta-202511-630x420.jpg\" srcset=\"\/wp-content\/uploads\/sites\/5\/2025\/09\/IGSS-Acto-civico-Fiestas-Patrias-Alerta-202511-630x420.jpg 630w, \/wp-content\/uploads\/sites\/5\/2025\/09\/IGSS-Acto-civico-Fiestas-Patrias-Alerta-202511-300x200.jpg 300w, \/wp-content\/uploads\/sites\/5\/2025\/09\/IGSS-Acto-civico-Fiestas-Patrias-Alerta-202511-1024x683.jpg 1024w, \/wp-content\/uploads\/sites\/5\/2025\/09\/IGSS-Acto-civico-Fiestas-Patrias-Alerta-202511-768x512.jpg 768w, \/wp-content\/uploads\/sites\/5\/2025\/09\/IGSS-Acto-civico-Fiestas-Patrias-Alerta-202511-1536x1024.jpg 1536w, \/wp-content\/uploads\/sites\/5\/2025\/09\/IGSS-Acto-civico-Fiestas-Patrias-Alerta-202511-696x464.jpg 696w, \/wp-content\/uploads\/sites\/5\/2025\/09\/IGSS-Acto-civico-Fiestas-Patrias-Alerta-202511-1068x712.jpg 1068w, \/wp-content\/uploads\/sites\/5\/2025\/09\/IGSS-Acto-civico-Fiestas-Patrias-Alerta-202511-534x356.jpg 534w, \/wp-content\/uploads\/sites\/5\/2025\/09\/IGSS-Acto-civico-Fiestas-Patrias-Alerta-202511.jpg 1599w\" sizes=\"(max-width: 630px) 100vw, 630px\" alt=\"\">\r\n                            <\/a>\r\n                            \r\n                        <\/figure>\r\n                    <\/div>\r\n                    <div class = \"td-slide-item td-item9\">\r\n                        <figure class=\"td-slide-galery-figure td-slide-popup-gallery\">\r\n                            <a class=\"slide-gallery-image-link\" href=\"\/wp-content\/uploads\/sites\/5\/2025\/09\/IGSS-Acto-civico-Fiestas-Patrias-Alerta-202512.jpg\" title=\"IGSS Acto civico Fiestas Patrias Alerta 202512\"  data-caption=\"\"  data-description=\"\">\r\n                                <img decoding=\"async\" src=\"\/wp-content\/uploads\/sites\/5\/2025\/09\/IGSS-Acto-civico-Fiestas-Patrias-Alerta-202512-630x420.jpg\" srcset=\"\/wp-content\/uploads\/sites\/5\/2025\/09\/IGSS-Acto-civico-Fiestas-Patrias-Alerta-202512-630x420.jpg 630w, \/wp-content\/uploads\/sites\/5\/2025\/09\/IGSS-Acto-civico-Fiestas-Patrias-Alerta-202512-300x200.jpg 300w, \/wp-content\/uploads\/sites\/5\/2025\/09\/IGSS-Acto-civico-Fiestas-Patrias-Alerta-202512-1024x683.jpg 1024w, \/wp-content\/uploads\/sites\/5\/2025\/09\/IGSS-Acto-civico-Fiestas-Patrias-Alerta-202512-768x512.jpg 768w, \/wp-content\/uploads\/sites\/5\/2025\/09\/IGSS-Acto-civico-Fiestas-Patrias-Alerta-202512-1536x1024.jpg 1536w, \/wp-content\/uploads\/sites\/5\/2025\/09\/IGSS-Acto-civico-Fiestas-Patrias-Alerta-202512-696x464.jpg 696w, \/wp-content\/uploads\/sites\/5\/2025\/09\/IGSS-Acto-civico-Fiestas-Patrias-Alerta-202512-1068x712.jpg 1068w, \/wp-content\/uploads\/sites\/5\/2025\/09\/IGSS-Acto-civico-Fiestas-Patrias-Alerta-202512-534x356.jpg 534w, \/wp-content\/uploads\/sites\/5\/2025\/09\/IGSS-Acto-civico-Fiestas-Patrias-Alerta-202512.jpg 1599w\" sizes=\"(max-width: 630px) 100vw, 630px\" alt=\"\">\r\n                            <\/a>\r\n                            \r\n                        <\/figure>\r\n                    <\/div>\r\n                    <div class = \"td-slide-item td-item10\">\r\n                        <figure class=\"td-slide-galery-figure td-slide-popup-gallery\">\r\n                            <a class=\"slide-gallery-image-link\" href=\"\/wp-content\/uploads\/sites\/5\/2025\/09\/IGSS-Acto-civico-Fiestas-Patrias-Alerta-202513.jpg\" title=\"IGSS Acto civico Fiestas Patrias Alerta 202513\"  data-caption=\"\"  data-description=\"\">\r\n                                <img decoding=\"async\" src=\"\/wp-content\/uploads\/sites\/5\/2025\/09\/IGSS-Acto-civico-Fiestas-Patrias-Alerta-202513-280x420.jpg\" srcset=\"\/wp-content\/uploads\/sites\/5\/2025\/09\/IGSS-Acto-civico-Fiestas-Patrias-Alerta-202513-280x420.jpg 280w, \/wp-content\/uploads\/sites\/5\/2025\/09\/IGSS-Acto-civico-Fiestas-Patrias-Alerta-202513-200x300.jpg 200w, \/wp-content\/uploads\/sites\/5\/2025\/09\/IGSS-Acto-civico-Fiestas-Patrias-Alerta-202513-683x1024.jpg 683w, \/wp-content\/uploads\/sites\/5\/2025\/09\/IGSS-Acto-civico-Fiestas-Patrias-Alerta-202513-768x1152.jpg 768w, \/wp-content\/uploads\/sites\/5\/2025\/09\/IGSS-Acto-civico-Fiestas-Patrias-Alerta-202513-1024x1536.jpg 1024w, \/wp-content\/uploads\/sites\/5\/2025\/09\/IGSS-Acto-civico-Fiestas-Patrias-Alerta-202513-696x1044.jpg 696w, \/wp-content\/uploads\/sites\/5\/2025\/09\/IGSS-Acto-civico-Fiestas-Patrias-Alerta-202513-308x462.jpg 308w, \/wp-content\/uploads\/sites\/5\/2025\/09\/IGSS-Acto-civico-Fiestas-Patrias-Alerta-202513.jpg 1066w\" sizes=\"(max-width: 280px) 100vw, 280px\" alt=\"\">\r\n                            <\/a>\r\n                            \r\n                        <\/figure>\r\n                    <\/div>\r\n                    <div class = \"td-slide-item td-item11\">\r\n                        <figure class=\"td-slide-galery-figure td-slide-popup-gallery\">\r\n                            <a class=\"slide-gallery-image-link\" href=\"\/wp-content\/uploads\/sites\/5\/2025\/09\/IGSS-Acto-civico-Fiestas-Patrias-Alerta-202514.jpg\" title=\"IGSS Acto civico Fiestas Patrias Alerta 202514\"  data-caption=\"\"  data-description=\"\">\r\n                                <img decoding=\"async\" src=\"\/wp-content\/uploads\/sites\/5\/2025\/09\/IGSS-Acto-civico-Fiestas-Patrias-Alerta-202514-656x420.jpg\" srcset=\"\/wp-content\/uploads\/sites\/5\/2025\/09\/IGSS-Acto-civico-Fiestas-Patrias-Alerta-202514-656x420.jpg 656w, \/wp-content\/uploads\/sites\/5\/2025\/09\/IGSS-Acto-civico-Fiestas-Patrias-Alerta-202514-300x192.jpg 300w, \/wp-content\/uploads\/sites\/5\/2025\/09\/IGSS-Acto-civico-Fiestas-Patrias-Alerta-202514-1024x655.jpg 1024w, \/wp-content\/uploads\/sites\/5\/2025\/09\/IGSS-Acto-civico-Fiestas-Patrias-Alerta-202514-768x492.jpg 768w, \/wp-content\/uploads\/sites\/5\/2025\/09\/IGSS-Acto-civico-Fiestas-Patrias-Alerta-202514-1536x983.jpg 1536w, \/wp-content\/uploads\/sites\/5\/2025\/09\/IGSS-Acto-civico-Fiestas-Patrias-Alerta-202514-696x445.jpg 696w, \/wp-content\/uploads\/sites\/5\/2025\/09\/IGSS-Acto-civico-Fiestas-Patrias-Alerta-202514-1068x684.jpg 1068w, \/wp-content\/uploads\/sites\/5\/2025\/09\/IGSS-Acto-civico-Fiestas-Patrias-Alerta-202514-534x342.jpg 534w, \/wp-content\/uploads\/sites\/5\/2025\/09\/IGSS-Acto-civico-Fiestas-Patrias-Alerta-202514.jpg 1600w\" sizes=\"(max-width: 656px) 100vw, 656px\" alt=\"\">\r\n                            <\/a>\r\n                            \r\n                        <\/figure>\r\n                    <\/div>\r\n                            <\/div>\r\n                        <\/div>\r\n\r\n                        <div class = \"td-doubleSlider-2\">\r\n                            <div class = \"td-slider\">\r\n                                \r\n                    <div class = \"td-button td-item1\">\r\n                        <div class = \"td-border\"><\/div>\r\n                    <\/div>\r\n                    <div class = \"td-button td-item2\">\r\n                        <div class = \"td-border\"><\/div>\r\n                    <\/div>\r\n                    <div class = \"td-button td-item3\">\r\n                        <div class = \"td-border\"><\/div>\r\n                    <\/div>\r\n                    <div class = \"td-button td-item4\">\r\n                        <div class = \"td-border\"><\/div>\r\n                    <\/div>\r\n                    <div class = \"td-button td-item5\">\r\n                        <div class = \"td-border\"><\/div>\r\n                    <\/div>\r\n                    <div class = \"td-button td-item6\">\r\n                        <div class = \"td-border\"><\/div>\r\n                    <\/div>\r\n                    <div class = \"td-button td-item7\">\r\n                        <div class = \"td-border\"><\/div>\r\n                    <\/div>\r\n                    <div class = \"td-button td-item8\">\r\n                        <div class = \"td-border\"><\/div>\r\n                    <\/div>\r\n                    <div class = \"td-button td-item9\">\r\n                        <div class = \"td-border\"><\/div>\r\n                    <\/div>\r\n                    <div class = \"td-button td-item10\">\r\n                        <div class = \"td-border\"><\/div>\r\n                    <\/div>\r\n                    <div class = \"td-button td-item11\">\r\n                        <div class = \"td-border\"><\/div>\r\n                    <\/div>\r\n                            <\/div>\r\n                        <\/div>\r\n\r\n                    <\/div>\r\n\r\n                <\/div>\r\n                \n<p>\u00a0<\/p>\n","protected":false},"excerpt":{"rendered":"<p>Las autoridades del Instituto Guatemalteco de Seguridad Social (IGSS) encabezaron el acto c\u00edvico en conmemoraci\u00f3n de los 204 a\u00f1os de Independencia, que se celebr\u00f3 en la Plaza Banderas de las Oficinas Centrales de la instituci\u00f3n. El subgerente de Prestaciones en Salud, Dr. Francisco G\u00f3dinez, indic\u00f3 que es un alto honor y satisfacci\u00f3n estar reunidos para [&hellip;]<\/p>\n","protected":false},"author":3269,"featured_media":50406,"comment_status":"closed","ping_status":"closed","sticky":false,"template":"","format":"standard","meta":{"footnotes":""},"categories":[3],"tags":[2382,1388,490,2385],"coauthors":[],"class_list":{"0":"post-50405","1":"post","2":"type-post","3":"status-publish","4":"format-standard","5":"has-post-thumbnail","7":"category-actualidad","8":"tag-204-aniversario-de-las-fiestas-patrias","9":"tag-acto-civico","10":"tag-igss","11":"tag-izada-de-la-bandera"},"_links":{"self":[{"href":"https:\/\/www.igssgt.org\/noticias\/wp-json\/wp\/v2\/posts\/50405","targetHints":{"allow":["GET"]}}],"collection":[{"href":"https:\/\/www.igssgt.org\/noticias\/wp-json\/wp\/v2\/posts"}],"about":[{"href":"https:\/\/www.igssgt.org\/noticias\/wp-json\/wp\/v2\/types\/post"}],"author":[{"embeddable":true,"href":"https:\/\/www.igssgt.org\/noticias\/wp-json\/wp\/v2\/users\/3269"}],"replies":[{"embeddable":true,"href":"https:\/\/www.igssgt.org\/noticias\/wp-json\/wp\/v2\/comments?post=50405"}],"version-history":[{"count":1,"href":"https:\/\/www.igssgt.org\/noticias\/wp-json\/wp\/v2\/posts\/50405\/revisions"}],"predecessor-version":[{"id":50421,"href":"https:\/\/www.igssgt.org\/noticias\/wp-json\/wp\/v2\/posts\/50405\/revisions\/50421"}],"wp:featuredmedia":[{"embeddable":true,"href":"https:\/\/www.igssgt.org\/noticias\/wp-json\/wp\/v2\/media\/50406"}],"wp:attachment":[{"href":"https:\/\/www.igssgt.org\/noticias\/wp-json\/wp\/v2\/media?parent=50405"}],"wp:term":[{"taxonomy":"category","embeddable":true,"href":"https:\/\/www.igssgt.org\/noticias\/wp-json\/wp\/v2\/categories?post=50405"},{"taxonomy":"post_tag","embeddable":true,"href":"https:\/\/www.igssgt.org\/noticias\/wp-json\/wp\/v2\/tags?post=50405"},{"taxonomy":"author","embeddable":true,"href":"https:\/\/www.igssgt.org\/noticias\/wp-json\/wp\/v2\/coauthors?post=50405"}],"curies":[{"name":"wp","href":"https:\/\/api.w.org\/{rel}","templated":true}]}}