{"id":5076,"date":"2018-05-22T15:30:33","date_gmt":"2018-05-22T21:30:33","guid":{"rendered":"http:\/\/noticias.igssgt.org\/?p=5076"},"modified":"2025-10-21T16:11:22","modified_gmt":"2025-10-21T22:11:22","slug":"el-igss-ha-capacitado-a-colaboradores-de-mas-de-200-empresas","status":"publish","type":"post","link":"https:\/\/www.igssgt.org\/noticias\/2018\/05\/22\/el-igss-ha-capacitado-a-colaboradores-de-mas-de-200-empresas\/","title":{"rendered":"El IGSS ha capacitado a colaboradores de m\u00e1s de 200 empresas"},"content":{"rendered":"<p><a href=\"\/noticias\/wp-content\/uploads\/sites\/5\/2018\/05\/IGSS-capacita-a-monitores-de-salud-y-seguridad-ocupacional-2018-1.jpg\"><img loading=\"lazy\" decoding=\"async\" class=\"alignnone size-full wp-image-5077\" src=\"\/noticias\/wp-content\/uploads\/sites\/5\/2018\/05\/IGSS-capacita-a-monitores-de-salud-y-seguridad-ocupacional-2018-1.jpg\" alt=\"\" width=\"1860\" height=\"1240\" srcset=\"\/wp-content\/uploads\/sites\/5\/2018\/05\/IGSS-capacita-a-monitores-de-salud-y-seguridad-ocupacional-2018-1.jpg 1860w, \/wp-content\/uploads\/sites\/5\/2018\/05\/IGSS-capacita-a-monitores-de-salud-y-seguridad-ocupacional-2018-1-1536x1024.jpg 1536w, \/wp-content\/uploads\/sites\/5\/2018\/05\/IGSS-capacita-a-monitores-de-salud-y-seguridad-ocupacional-2018-1-300x200.jpg 300w, \/wp-content\/uploads\/sites\/5\/2018\/05\/IGSS-capacita-a-monitores-de-salud-y-seguridad-ocupacional-2018-1-768x512.jpg 768w, \/wp-content\/uploads\/sites\/5\/2018\/05\/IGSS-capacita-a-monitores-de-salud-y-seguridad-ocupacional-2018-1-1024x683.jpg 1024w, \/wp-content\/uploads\/sites\/5\/2018\/05\/IGSS-capacita-a-monitores-de-salud-y-seguridad-ocupacional-2018-1-630x420.jpg 630w, \/wp-content\/uploads\/sites\/5\/2018\/05\/IGSS-capacita-a-monitores-de-salud-y-seguridad-ocupacional-2018-1-696x464.jpg 696w, \/wp-content\/uploads\/sites\/5\/2018\/05\/IGSS-capacita-a-monitores-de-salud-y-seguridad-ocupacional-2018-1-1068x712.jpg 1068w, \/wp-content\/uploads\/sites\/5\/2018\/05\/IGSS-capacita-a-monitores-de-salud-y-seguridad-ocupacional-2018-1-534x356.jpg 534w\" sizes=\"auto, (max-width: 1860px) 100vw, 1860px\" \/><\/a><\/p>\n<p>Un total de 5 mil monitores de salud y seguridad ocupacional de m\u00e1s de 200 empresas afiliadas al Instituto Guatemalteco de Seguridad Social (IGSS) han sido capacitadas este a\u00f1o por inspectores de la Secci\u00f3n de Seguridad e Higiene y Prevenci\u00f3n de Accidentes de la Instituci\u00f3n, inform\u00f3 la inspectora Mar\u00eda Mercedes Colindres.<\/p>\n<p>En la primera fase los trabajadores de las empresas son capacitados en gesti\u00f3n de prevenci\u00f3n de riesgos laborales, mientras que en la segunda fase reciben la formaci\u00f3n te\u00f3rica y pr\u00e1ctica de primeros auxilios y reanimaci\u00f3n cardiopulmonar. En esta formaci\u00f3n participa personal altamente adiestrado que utiliza equipo moderno.<strong>\u00a0<\/strong><\/p>\n<p>Estas capacitaciones responden al mandato contenido en el Acuerdo 229-2014,\u00a0que obliga a los patronos en general a cumplir nuevas condiciones de Salud y Seguridad Ocupacional (SSO) y establece que el IGSS es la \u00fanica Instituci\u00f3n encargada de formar, capacitar y registrar a los monitores en dicha \u00e1rea, espec\u00edficamente para las empresas de menos de diez empleados.<\/p>\n<p>La idea fundamental es que los trabajadores que reciban el curso sean\u00a0 monitores, que los conocimientos adquiridos los trasladen a sus compa\u00f1eros de la empresa en la que laboran.<\/p>\n\r\n                <style type=\"text\/css\">\r\n                    \r\n                    #tdi_1  .td-doubleSlider-2 .td-item1 {\r\n                        background: url(\/wp-content\/uploads\/sites\/5\/2018\/05\/IGSS-capacita-a-monitores-de-salud-y-seguridad-ocupacional-2018-9-80x60.jpg) 0 0 no-repeat;\r\n                    }\r\n                    #tdi_1  .td-doubleSlider-2 .td-item2 {\r\n                        background: url(\/wp-content\/uploads\/sites\/5\/2018\/05\/IGSS-capacita-a-monitores-de-salud-y-seguridad-ocupacional-2018-1-80x60.jpg) 0 0 no-repeat;\r\n                    }\r\n                    #tdi_1  .td-doubleSlider-2 .td-item3 {\r\n                        background: url(\/wp-content\/uploads\/sites\/5\/2018\/05\/IGSS-capacita-a-monitores-de-salud-y-seguridad-ocupacional-2018-2-80x60.jpg) 0 0 no-repeat;\r\n                    }\r\n                    #tdi_1  .td-doubleSlider-2 .td-item4 {\r\n                        background: url(\/wp-content\/uploads\/sites\/5\/2018\/05\/IGSS-capacita-a-monitores-de-salud-y-seguridad-ocupacional-2018-3-80x60.jpg) 0 0 no-repeat;\r\n                    }\r\n                    #tdi_1  .td-doubleSlider-2 .td-item5 {\r\n                        background: url(\/wp-content\/uploads\/sites\/5\/2018\/05\/IGSS-capacita-a-monitores-de-salud-y-seguridad-ocupacional-2018-5-80x60.jpg) 0 0 no-repeat;\r\n                    }\r\n                    #tdi_1  .td-doubleSlider-2 .td-item6 {\r\n                        background: url(\/wp-content\/uploads\/sites\/5\/2018\/05\/IGSS-capacita-a-monitores-de-salud-y-seguridad-ocupacional-2018-4-80x60.jpg) 0 0 no-repeat;\r\n                    }\r\n                    #tdi_1  .td-doubleSlider-2 .td-item7 {\r\n                        background: url(\/wp-content\/uploads\/sites\/5\/2018\/05\/IGSS-capacita-a-monitores-de-salud-y-seguridad-ocupacional-2018-6-80x60.jpg) 0 0 no-repeat;\r\n                    }\r\n                    #tdi_1  .td-doubleSlider-2 .td-item8 {\r\n                        background: url(\/wp-content\/uploads\/sites\/5\/2018\/05\/IGSS-capacita-a-monitores-de-salud-y-seguridad-ocupacional-2018-7-80x60.jpg) 0 0 no-repeat;\r\n                    }\r\n                    #tdi_1  .td-doubleSlider-2 .td-item9 {\r\n                        background: url(\/wp-content\/uploads\/sites\/5\/2018\/05\/IGSS-capacita-a-monitores-de-salud-y-seguridad-ocupacional-2018-8-80x60.jpg) 0 0 no-repeat;\r\n                    }\r\n                    #tdi_1  .td-doubleSlider-2 .td-item10 {\r\n                        background: url(\/wp-content\/uploads\/sites\/5\/2018\/05\/IGSS-capacita-a-monitores-de-salud-y-seguridad-ocupacional-2018-10-80x60.jpg) 0 0 no-repeat;\r\n                    }\r\n                <\/style>\r\n\r\n                <div id=\"tdi_1\" class=\"td-gallery td-slide-on-2-columns\">\r\n                    <div class=\"post_td_gallery\">\r\n                        <div class=\"td-gallery-slide-top\">\r\n                           <div class=\"td-gallery-title\">Galer\u00eda de Im\u00e1genes<\/div>\r\n\r\n                            <div class=\"td-gallery-controls-wrapper\">\r\n                                <div class=\"td-gallery-slide-count\"><span class=\"td-gallery-slide-item-focus\">1<\/span> de 10<\/div>\r\n                                <div class=\"td-gallery-slide-prev-next-but\">\r\n                                    <i class = \"td-icon-left doubleSliderPrevButton\"><\/i>\r\n                                    <i class = \"td-icon-right doubleSliderNextButton\"><\/i>\r\n                                <\/div>\r\n                            <\/div>\r\n                        <\/div>\r\n\r\n                        <div class = \"td-doubleSlider-1 \">\r\n                            <div class = \"td-slider\">\r\n                                \r\n                    <div class = \"td-slide-item td-item1\">\r\n                        <figure class=\"td-slide-galery-figure td-slide-popup-gallery\">\r\n                            <a class=\"slide-gallery-image-link\" href=\"\/wp-content\/uploads\/sites\/5\/2018\/05\/IGSS-capacita-a-monitores-de-salud-y-seguridad-ocupacional-2018-9.jpg\" title=\"IGSS capacita a monitores de salud y seguridad ocupacional 2018-9\"  data-caption=\"\"  data-description=\"\">\r\n                                <img decoding=\"async\" src=\"\/wp-content\/uploads\/sites\/5\/2018\/05\/IGSS-capacita-a-monitores-de-salud-y-seguridad-ocupacional-2018-9-630x420.jpg\" srcset=\"\/wp-content\/uploads\/sites\/5\/2018\/05\/IGSS-capacita-a-monitores-de-salud-y-seguridad-ocupacional-2018-9-630x420.jpg 630w, \/wp-content\/uploads\/sites\/5\/2018\/05\/IGSS-capacita-a-monitores-de-salud-y-seguridad-ocupacional-2018-9-1536x1024.jpg 1536w, \/wp-content\/uploads\/sites\/5\/2018\/05\/IGSS-capacita-a-monitores-de-salud-y-seguridad-ocupacional-2018-9-300x200.jpg 300w, \/wp-content\/uploads\/sites\/5\/2018\/05\/IGSS-capacita-a-monitores-de-salud-y-seguridad-ocupacional-2018-9-768x512.jpg 768w, \/wp-content\/uploads\/sites\/5\/2018\/05\/IGSS-capacita-a-monitores-de-salud-y-seguridad-ocupacional-2018-9-1024x683.jpg 1024w, \/wp-content\/uploads\/sites\/5\/2018\/05\/IGSS-capacita-a-monitores-de-salud-y-seguridad-ocupacional-2018-9-696x464.jpg 696w, \/wp-content\/uploads\/sites\/5\/2018\/05\/IGSS-capacita-a-monitores-de-salud-y-seguridad-ocupacional-2018-9-1068x712.jpg 1068w, \/wp-content\/uploads\/sites\/5\/2018\/05\/IGSS-capacita-a-monitores-de-salud-y-seguridad-ocupacional-2018-9-534x356.jpg 534w, \/wp-content\/uploads\/sites\/5\/2018\/05\/IGSS-capacita-a-monitores-de-salud-y-seguridad-ocupacional-2018-9.jpg 1860w\" sizes=\"(max-width: 630px) 100vw, 630px\" alt=\"\">\r\n                            <\/a>\r\n                            \r\n                        <\/figure>\r\n                    <\/div>\r\n                    <div class = \"td-slide-item td-item2\">\r\n                        <figure class=\"td-slide-galery-figure td-slide-popup-gallery\">\r\n                            <a class=\"slide-gallery-image-link\" href=\"\/wp-content\/uploads\/sites\/5\/2018\/05\/IGSS-capacita-a-monitores-de-salud-y-seguridad-ocupacional-2018-1.jpg\" title=\"IGSS capacita a monitores de salud y seguridad ocupacional 2018-1\"  data-caption=\"\"  data-description=\"\">\r\n                                <img decoding=\"async\" src=\"\/wp-content\/uploads\/sites\/5\/2018\/05\/IGSS-capacita-a-monitores-de-salud-y-seguridad-ocupacional-2018-1-630x420.jpg\" srcset=\"\/wp-content\/uploads\/sites\/5\/2018\/05\/IGSS-capacita-a-monitores-de-salud-y-seguridad-ocupacional-2018-1-630x420.jpg 630w, \/wp-content\/uploads\/sites\/5\/2018\/05\/IGSS-capacita-a-monitores-de-salud-y-seguridad-ocupacional-2018-1-1536x1024.jpg 1536w, \/wp-content\/uploads\/sites\/5\/2018\/05\/IGSS-capacita-a-monitores-de-salud-y-seguridad-ocupacional-2018-1-300x200.jpg 300w, \/wp-content\/uploads\/sites\/5\/2018\/05\/IGSS-capacita-a-monitores-de-salud-y-seguridad-ocupacional-2018-1-768x512.jpg 768w, \/wp-content\/uploads\/sites\/5\/2018\/05\/IGSS-capacita-a-monitores-de-salud-y-seguridad-ocupacional-2018-1-1024x683.jpg 1024w, \/wp-content\/uploads\/sites\/5\/2018\/05\/IGSS-capacita-a-monitores-de-salud-y-seguridad-ocupacional-2018-1-696x464.jpg 696w, \/wp-content\/uploads\/sites\/5\/2018\/05\/IGSS-capacita-a-monitores-de-salud-y-seguridad-ocupacional-2018-1-1068x712.jpg 1068w, \/wp-content\/uploads\/sites\/5\/2018\/05\/IGSS-capacita-a-monitores-de-salud-y-seguridad-ocupacional-2018-1-534x356.jpg 534w, \/wp-content\/uploads\/sites\/5\/2018\/05\/IGSS-capacita-a-monitores-de-salud-y-seguridad-ocupacional-2018-1.jpg 1860w\" sizes=\"(max-width: 630px) 100vw, 630px\" alt=\"\">\r\n                            <\/a>\r\n                            \r\n                        <\/figure>\r\n                    <\/div>\r\n                    <div class = \"td-slide-item td-item3\">\r\n                        <figure class=\"td-slide-galery-figure td-slide-popup-gallery\">\r\n                            <a class=\"slide-gallery-image-link\" href=\"\/wp-content\/uploads\/sites\/5\/2018\/05\/IGSS-capacita-a-monitores-de-salud-y-seguridad-ocupacional-2018-2.jpg\" title=\"IGSS capacita a monitores de salud y seguridad ocupacional 2018-2\"  data-caption=\"\"  data-description=\"\">\r\n                                <img decoding=\"async\" src=\"\/wp-content\/uploads\/sites\/5\/2018\/05\/IGSS-capacita-a-monitores-de-salud-y-seguridad-ocupacional-2018-2-630x420.jpg\" srcset=\"\/wp-content\/uploads\/sites\/5\/2018\/05\/IGSS-capacita-a-monitores-de-salud-y-seguridad-ocupacional-2018-2-630x420.jpg 630w, \/wp-content\/uploads\/sites\/5\/2018\/05\/IGSS-capacita-a-monitores-de-salud-y-seguridad-ocupacional-2018-2-1536x1024.jpg 1536w, \/wp-content\/uploads\/sites\/5\/2018\/05\/IGSS-capacita-a-monitores-de-salud-y-seguridad-ocupacional-2018-2-300x200.jpg 300w, \/wp-content\/uploads\/sites\/5\/2018\/05\/IGSS-capacita-a-monitores-de-salud-y-seguridad-ocupacional-2018-2-768x512.jpg 768w, \/wp-content\/uploads\/sites\/5\/2018\/05\/IGSS-capacita-a-monitores-de-salud-y-seguridad-ocupacional-2018-2-1024x683.jpg 1024w, \/wp-content\/uploads\/sites\/5\/2018\/05\/IGSS-capacita-a-monitores-de-salud-y-seguridad-ocupacional-2018-2-696x464.jpg 696w, \/wp-content\/uploads\/sites\/5\/2018\/05\/IGSS-capacita-a-monitores-de-salud-y-seguridad-ocupacional-2018-2-1068x712.jpg 1068w, \/wp-content\/uploads\/sites\/5\/2018\/05\/IGSS-capacita-a-monitores-de-salud-y-seguridad-ocupacional-2018-2-534x356.jpg 534w, \/wp-content\/uploads\/sites\/5\/2018\/05\/IGSS-capacita-a-monitores-de-salud-y-seguridad-ocupacional-2018-2.jpg 1860w\" sizes=\"(max-width: 630px) 100vw, 630px\" alt=\"\">\r\n                            <\/a>\r\n                            \r\n                        <\/figure>\r\n                    <\/div>\r\n                    <div class = \"td-slide-item td-item4\">\r\n                        <figure class=\"td-slide-galery-figure td-slide-popup-gallery\">\r\n                            <a class=\"slide-gallery-image-link\" href=\"\/wp-content\/uploads\/sites\/5\/2018\/05\/IGSS-capacita-a-monitores-de-salud-y-seguridad-ocupacional-2018-3.jpg\" title=\"IGSS capacita a monitores de salud y seguridad ocupacional 2018-3\"  data-caption=\"\"  data-description=\"\">\r\n                                <img decoding=\"async\" src=\"\/wp-content\/uploads\/sites\/5\/2018\/05\/IGSS-capacita-a-monitores-de-salud-y-seguridad-ocupacional-2018-3-630x420.jpg\" srcset=\"\/wp-content\/uploads\/sites\/5\/2018\/05\/IGSS-capacita-a-monitores-de-salud-y-seguridad-ocupacional-2018-3-630x420.jpg 630w, \/wp-content\/uploads\/sites\/5\/2018\/05\/IGSS-capacita-a-monitores-de-salud-y-seguridad-ocupacional-2018-3-1536x1024.jpg 1536w, \/wp-content\/uploads\/sites\/5\/2018\/05\/IGSS-capacita-a-monitores-de-salud-y-seguridad-ocupacional-2018-3-300x200.jpg 300w, \/wp-content\/uploads\/sites\/5\/2018\/05\/IGSS-capacita-a-monitores-de-salud-y-seguridad-ocupacional-2018-3-768x512.jpg 768w, \/wp-content\/uploads\/sites\/5\/2018\/05\/IGSS-capacita-a-monitores-de-salud-y-seguridad-ocupacional-2018-3-1024x683.jpg 1024w, \/wp-content\/uploads\/sites\/5\/2018\/05\/IGSS-capacita-a-monitores-de-salud-y-seguridad-ocupacional-2018-3-696x464.jpg 696w, \/wp-content\/uploads\/sites\/5\/2018\/05\/IGSS-capacita-a-monitores-de-salud-y-seguridad-ocupacional-2018-3-1068x712.jpg 1068w, \/wp-content\/uploads\/sites\/5\/2018\/05\/IGSS-capacita-a-monitores-de-salud-y-seguridad-ocupacional-2018-3-534x356.jpg 534w, \/wp-content\/uploads\/sites\/5\/2018\/05\/IGSS-capacita-a-monitores-de-salud-y-seguridad-ocupacional-2018-3.jpg 1860w\" sizes=\"(max-width: 630px) 100vw, 630px\" alt=\"\">\r\n                            <\/a>\r\n                            \r\n                        <\/figure>\r\n                    <\/div>\r\n                    <div class = \"td-slide-item td-item5\">\r\n                        <figure class=\"td-slide-galery-figure td-slide-popup-gallery\">\r\n                            <a class=\"slide-gallery-image-link\" href=\"\/wp-content\/uploads\/sites\/5\/2018\/05\/IGSS-capacita-a-monitores-de-salud-y-seguridad-ocupacional-2018-5.jpg\" title=\"IGSS capacita a monitores de salud y seguridad ocupacional 2018-5\"  data-caption=\"\"  data-description=\"\">\r\n                                <img decoding=\"async\" src=\"\/wp-content\/uploads\/sites\/5\/2018\/05\/IGSS-capacita-a-monitores-de-salud-y-seguridad-ocupacional-2018-5-630x420.jpg\" srcset=\"\/wp-content\/uploads\/sites\/5\/2018\/05\/IGSS-capacita-a-monitores-de-salud-y-seguridad-ocupacional-2018-5-630x420.jpg 630w, \/wp-content\/uploads\/sites\/5\/2018\/05\/IGSS-capacita-a-monitores-de-salud-y-seguridad-ocupacional-2018-5-1536x1024.jpg 1536w, \/wp-content\/uploads\/sites\/5\/2018\/05\/IGSS-capacita-a-monitores-de-salud-y-seguridad-ocupacional-2018-5-300x200.jpg 300w, \/wp-content\/uploads\/sites\/5\/2018\/05\/IGSS-capacita-a-monitores-de-salud-y-seguridad-ocupacional-2018-5-768x512.jpg 768w, \/wp-content\/uploads\/sites\/5\/2018\/05\/IGSS-capacita-a-monitores-de-salud-y-seguridad-ocupacional-2018-5-1024x683.jpg 1024w, \/wp-content\/uploads\/sites\/5\/2018\/05\/IGSS-capacita-a-monitores-de-salud-y-seguridad-ocupacional-2018-5-696x464.jpg 696w, \/wp-content\/uploads\/sites\/5\/2018\/05\/IGSS-capacita-a-monitores-de-salud-y-seguridad-ocupacional-2018-5-1068x712.jpg 1068w, \/wp-content\/uploads\/sites\/5\/2018\/05\/IGSS-capacita-a-monitores-de-salud-y-seguridad-ocupacional-2018-5-534x356.jpg 534w, \/wp-content\/uploads\/sites\/5\/2018\/05\/IGSS-capacita-a-monitores-de-salud-y-seguridad-ocupacional-2018-5.jpg 1860w\" sizes=\"(max-width: 630px) 100vw, 630px\" alt=\"\">\r\n                            <\/a>\r\n                            \r\n                        <\/figure>\r\n                    <\/div>\r\n                    <div class = \"td-slide-item td-item6\">\r\n                        <figure class=\"td-slide-galery-figure td-slide-popup-gallery\">\r\n                            <a class=\"slide-gallery-image-link\" href=\"\/wp-content\/uploads\/sites\/5\/2018\/05\/IGSS-capacita-a-monitores-de-salud-y-seguridad-ocupacional-2018-4.jpg\" title=\"IGSS capacita a monitores de salud y seguridad ocupacional 2018-4\"  data-caption=\"\"  data-description=\"\">\r\n                                <img decoding=\"async\" src=\"\/wp-content\/uploads\/sites\/5\/2018\/05\/IGSS-capacita-a-monitores-de-salud-y-seguridad-ocupacional-2018-4-630x420.jpg\" srcset=\"\/wp-content\/uploads\/sites\/5\/2018\/05\/IGSS-capacita-a-monitores-de-salud-y-seguridad-ocupacional-2018-4-630x420.jpg 630w, \/wp-content\/uploads\/sites\/5\/2018\/05\/IGSS-capacita-a-monitores-de-salud-y-seguridad-ocupacional-2018-4-1536x1024.jpg 1536w, \/wp-content\/uploads\/sites\/5\/2018\/05\/IGSS-capacita-a-monitores-de-salud-y-seguridad-ocupacional-2018-4-300x200.jpg 300w, \/wp-content\/uploads\/sites\/5\/2018\/05\/IGSS-capacita-a-monitores-de-salud-y-seguridad-ocupacional-2018-4-768x512.jpg 768w, \/wp-content\/uploads\/sites\/5\/2018\/05\/IGSS-capacita-a-monitores-de-salud-y-seguridad-ocupacional-2018-4-1024x683.jpg 1024w, \/wp-content\/uploads\/sites\/5\/2018\/05\/IGSS-capacita-a-monitores-de-salud-y-seguridad-ocupacional-2018-4-696x464.jpg 696w, \/wp-content\/uploads\/sites\/5\/2018\/05\/IGSS-capacita-a-monitores-de-salud-y-seguridad-ocupacional-2018-4-1068x712.jpg 1068w, \/wp-content\/uploads\/sites\/5\/2018\/05\/IGSS-capacita-a-monitores-de-salud-y-seguridad-ocupacional-2018-4-534x356.jpg 534w, \/wp-content\/uploads\/sites\/5\/2018\/05\/IGSS-capacita-a-monitores-de-salud-y-seguridad-ocupacional-2018-4.jpg 1860w\" sizes=\"(max-width: 630px) 100vw, 630px\" alt=\"\">\r\n                            <\/a>\r\n                            \r\n                        <\/figure>\r\n                    <\/div>\r\n                    <div class = \"td-slide-item td-item7\">\r\n                        <figure class=\"td-slide-galery-figure td-slide-popup-gallery\">\r\n                            <a class=\"slide-gallery-image-link\" href=\"\/wp-content\/uploads\/sites\/5\/2018\/05\/IGSS-capacita-a-monitores-de-salud-y-seguridad-ocupacional-2018-6.jpg\" title=\"IGSS capacita a monitores de salud y seguridad ocupacional 2018-6\"  data-caption=\"\"  data-description=\"\">\r\n                                <img decoding=\"async\" src=\"\/wp-content\/uploads\/sites\/5\/2018\/05\/IGSS-capacita-a-monitores-de-salud-y-seguridad-ocupacional-2018-6-630x420.jpg\" srcset=\"\/wp-content\/uploads\/sites\/5\/2018\/05\/IGSS-capacita-a-monitores-de-salud-y-seguridad-ocupacional-2018-6-630x420.jpg 630w, \/wp-content\/uploads\/sites\/5\/2018\/05\/IGSS-capacita-a-monitores-de-salud-y-seguridad-ocupacional-2018-6-1536x1024.jpg 1536w, \/wp-content\/uploads\/sites\/5\/2018\/05\/IGSS-capacita-a-monitores-de-salud-y-seguridad-ocupacional-2018-6-300x200.jpg 300w, \/wp-content\/uploads\/sites\/5\/2018\/05\/IGSS-capacita-a-monitores-de-salud-y-seguridad-ocupacional-2018-6-768x512.jpg 768w, \/wp-content\/uploads\/sites\/5\/2018\/05\/IGSS-capacita-a-monitores-de-salud-y-seguridad-ocupacional-2018-6-1024x683.jpg 1024w, \/wp-content\/uploads\/sites\/5\/2018\/05\/IGSS-capacita-a-monitores-de-salud-y-seguridad-ocupacional-2018-6-696x464.jpg 696w, \/wp-content\/uploads\/sites\/5\/2018\/05\/IGSS-capacita-a-monitores-de-salud-y-seguridad-ocupacional-2018-6-1068x712.jpg 1068w, \/wp-content\/uploads\/sites\/5\/2018\/05\/IGSS-capacita-a-monitores-de-salud-y-seguridad-ocupacional-2018-6-534x356.jpg 534w, \/wp-content\/uploads\/sites\/5\/2018\/05\/IGSS-capacita-a-monitores-de-salud-y-seguridad-ocupacional-2018-6.jpg 1860w\" sizes=\"(max-width: 630px) 100vw, 630px\" alt=\"\">\r\n                            <\/a>\r\n                            \r\n                        <\/figure>\r\n                    <\/div>\r\n                    <div class = \"td-slide-item td-item8\">\r\n                        <figure class=\"td-slide-galery-figure td-slide-popup-gallery\">\r\n                            <a class=\"slide-gallery-image-link\" href=\"\/wp-content\/uploads\/sites\/5\/2018\/05\/IGSS-capacita-a-monitores-de-salud-y-seguridad-ocupacional-2018-7.jpg\" title=\"IGSS capacita a monitores de salud y seguridad ocupacional 2018-7\"  data-caption=\"\"  data-description=\"\">\r\n                                <img decoding=\"async\" src=\"\/wp-content\/uploads\/sites\/5\/2018\/05\/IGSS-capacita-a-monitores-de-salud-y-seguridad-ocupacional-2018-7-630x420.jpg\" srcset=\"\/wp-content\/uploads\/sites\/5\/2018\/05\/IGSS-capacita-a-monitores-de-salud-y-seguridad-ocupacional-2018-7-630x420.jpg 630w, \/wp-content\/uploads\/sites\/5\/2018\/05\/IGSS-capacita-a-monitores-de-salud-y-seguridad-ocupacional-2018-7-1536x1024.jpg 1536w, \/wp-content\/uploads\/sites\/5\/2018\/05\/IGSS-capacita-a-monitores-de-salud-y-seguridad-ocupacional-2018-7-300x200.jpg 300w, \/wp-content\/uploads\/sites\/5\/2018\/05\/IGSS-capacita-a-monitores-de-salud-y-seguridad-ocupacional-2018-7-768x512.jpg 768w, \/wp-content\/uploads\/sites\/5\/2018\/05\/IGSS-capacita-a-monitores-de-salud-y-seguridad-ocupacional-2018-7-1024x683.jpg 1024w, \/wp-content\/uploads\/sites\/5\/2018\/05\/IGSS-capacita-a-monitores-de-salud-y-seguridad-ocupacional-2018-7-696x464.jpg 696w, \/wp-content\/uploads\/sites\/5\/2018\/05\/IGSS-capacita-a-monitores-de-salud-y-seguridad-ocupacional-2018-7-1068x712.jpg 1068w, \/wp-content\/uploads\/sites\/5\/2018\/05\/IGSS-capacita-a-monitores-de-salud-y-seguridad-ocupacional-2018-7-534x356.jpg 534w, \/wp-content\/uploads\/sites\/5\/2018\/05\/IGSS-capacita-a-monitores-de-salud-y-seguridad-ocupacional-2018-7.jpg 1860w\" sizes=\"(max-width: 630px) 100vw, 630px\" alt=\"\">\r\n                            <\/a>\r\n                            \r\n                        <\/figure>\r\n                    <\/div>\r\n                    <div class = \"td-slide-item td-item9\">\r\n                        <figure class=\"td-slide-galery-figure td-slide-popup-gallery\">\r\n                            <a class=\"slide-gallery-image-link\" href=\"\/wp-content\/uploads\/sites\/5\/2018\/05\/IGSS-capacita-a-monitores-de-salud-y-seguridad-ocupacional-2018-8.jpg\" title=\"IGSS capacita a monitores de salud y seguridad ocupacional 2018-8\"  data-caption=\"\"  data-description=\"\">\r\n                                <img decoding=\"async\" src=\"\/wp-content\/uploads\/sites\/5\/2018\/05\/IGSS-capacita-a-monitores-de-salud-y-seguridad-ocupacional-2018-8-630x420.jpg\" srcset=\"\/wp-content\/uploads\/sites\/5\/2018\/05\/IGSS-capacita-a-monitores-de-salud-y-seguridad-ocupacional-2018-8-630x420.jpg 630w, \/wp-content\/uploads\/sites\/5\/2018\/05\/IGSS-capacita-a-monitores-de-salud-y-seguridad-ocupacional-2018-8-1536x1024.jpg 1536w, \/wp-content\/uploads\/sites\/5\/2018\/05\/IGSS-capacita-a-monitores-de-salud-y-seguridad-ocupacional-2018-8-300x200.jpg 300w, \/wp-content\/uploads\/sites\/5\/2018\/05\/IGSS-capacita-a-monitores-de-salud-y-seguridad-ocupacional-2018-8-768x512.jpg 768w, \/wp-content\/uploads\/sites\/5\/2018\/05\/IGSS-capacita-a-monitores-de-salud-y-seguridad-ocupacional-2018-8-1024x683.jpg 1024w, \/wp-content\/uploads\/sites\/5\/2018\/05\/IGSS-capacita-a-monitores-de-salud-y-seguridad-ocupacional-2018-8-696x464.jpg 696w, \/wp-content\/uploads\/sites\/5\/2018\/05\/IGSS-capacita-a-monitores-de-salud-y-seguridad-ocupacional-2018-8-1068x712.jpg 1068w, \/wp-content\/uploads\/sites\/5\/2018\/05\/IGSS-capacita-a-monitores-de-salud-y-seguridad-ocupacional-2018-8-534x356.jpg 534w, \/wp-content\/uploads\/sites\/5\/2018\/05\/IGSS-capacita-a-monitores-de-salud-y-seguridad-ocupacional-2018-8.jpg 1860w\" sizes=\"(max-width: 630px) 100vw, 630px\" alt=\"\">\r\n                            <\/a>\r\n                            \r\n                        <\/figure>\r\n                    <\/div>\r\n                    <div class = \"td-slide-item td-item10\">\r\n                        <figure class=\"td-slide-galery-figure td-slide-popup-gallery\">\r\n                            <a class=\"slide-gallery-image-link\" href=\"\/wp-content\/uploads\/sites\/5\/2018\/05\/IGSS-capacita-a-monitores-de-salud-y-seguridad-ocupacional-2018-10.jpg\" title=\"IGSS capacita a monitores de salud y seguridad ocupacional 2018-10\"  data-caption=\"\"  data-description=\"\">\r\n                                <img decoding=\"async\" src=\"\/wp-content\/uploads\/sites\/5\/2018\/05\/IGSS-capacita-a-monitores-de-salud-y-seguridad-ocupacional-2018-10-630x420.jpg\" srcset=\"\/wp-content\/uploads\/sites\/5\/2018\/05\/IGSS-capacita-a-monitores-de-salud-y-seguridad-ocupacional-2018-10-630x420.jpg 630w, \/wp-content\/uploads\/sites\/5\/2018\/05\/IGSS-capacita-a-monitores-de-salud-y-seguridad-ocupacional-2018-10-1536x1024.jpg 1536w, \/wp-content\/uploads\/sites\/5\/2018\/05\/IGSS-capacita-a-monitores-de-salud-y-seguridad-ocupacional-2018-10-300x200.jpg 300w, \/wp-content\/uploads\/sites\/5\/2018\/05\/IGSS-capacita-a-monitores-de-salud-y-seguridad-ocupacional-2018-10-768x512.jpg 768w, \/wp-content\/uploads\/sites\/5\/2018\/05\/IGSS-capacita-a-monitores-de-salud-y-seguridad-ocupacional-2018-10-1024x683.jpg 1024w, \/wp-content\/uploads\/sites\/5\/2018\/05\/IGSS-capacita-a-monitores-de-salud-y-seguridad-ocupacional-2018-10-696x464.jpg 696w, \/wp-content\/uploads\/sites\/5\/2018\/05\/IGSS-capacita-a-monitores-de-salud-y-seguridad-ocupacional-2018-10-1068x712.jpg 1068w, \/wp-content\/uploads\/sites\/5\/2018\/05\/IGSS-capacita-a-monitores-de-salud-y-seguridad-ocupacional-2018-10-534x356.jpg 534w, \/wp-content\/uploads\/sites\/5\/2018\/05\/IGSS-capacita-a-monitores-de-salud-y-seguridad-ocupacional-2018-10.jpg 1860w\" sizes=\"(max-width: 630px) 100vw, 630px\" alt=\"\">\r\n                            <\/a>\r\n                            \r\n                        <\/figure>\r\n                    <\/div>\r\n                            <\/div>\r\n                        <\/div>\r\n\r\n                        <div class = \"td-doubleSlider-2\">\r\n                            <div class = \"td-slider\">\r\n                                \r\n                    <div class = \"td-button td-item1\">\r\n                        <div class = \"td-border\"><\/div>\r\n                    <\/div>\r\n                    <div class = \"td-button td-item2\">\r\n                        <div class = \"td-border\"><\/div>\r\n                    <\/div>\r\n                    <div class = \"td-button td-item3\">\r\n                        <div class = \"td-border\"><\/div>\r\n                    <\/div>\r\n                    <div class = \"td-button td-item4\">\r\n                        <div class = \"td-border\"><\/div>\r\n                    <\/div>\r\n                    <div class = \"td-button td-item5\">\r\n                        <div class = \"td-border\"><\/div>\r\n                    <\/div>\r\n                    <div class = \"td-button td-item6\">\r\n                        <div class = \"td-border\"><\/div>\r\n                    <\/div>\r\n                    <div class = \"td-button td-item7\">\r\n                        <div class = \"td-border\"><\/div>\r\n                    <\/div>\r\n                    <div class = \"td-button td-item8\">\r\n                        <div class = \"td-border\"><\/div>\r\n                    <\/div>\r\n                    <div class = \"td-button td-item9\">\r\n                        <div class = \"td-border\"><\/div>\r\n                    <\/div>\r\n                    <div class = \"td-button td-item10\">\r\n                        <div class = \"td-border\"><\/div>\r\n                    <\/div>\r\n                            <\/div>\r\n                        <\/div>\r\n\r\n                    <\/div>\r\n\r\n                <\/div>\r\n                \n<hr \/>\n","protected":false},"excerpt":{"rendered":"<p>Un total de 5 mil monitores de salud y seguridad ocupacional de m\u00e1s de 200 empresas afiliadas al Instituto Guatemalteco de Seguridad Social (IGSS) han sido capacitadas este a\u00f1o por inspectores de la Secci\u00f3n de Seguridad e Higiene y Prevenci\u00f3n de Accidentes de la Instituci\u00f3n, inform\u00f3 la inspectora Mar\u00eda Mercedes Colindres. En la primera fase [&hellip;]<\/p>\n","protected":false},"author":4,"featured_media":5081,"comment_status":"open","ping_status":"open","sticky":false,"template":"","format":"standard","meta":{"footnotes":""},"categories":[3,17,23,29,1915],"tags":[160,490,695,769],"coauthors":[],"class_list":{"0":"post-5076","1":"post","2":"type-post","3":"status-publish","4":"format-standard","5":"has-post-thumbnail","7":"category-actualidad","8":"category-formacion-y-desarrollo","9":"category-patronos","10":"category-publicaciones","11":"category-salud-y-seguridad-ocupacional","12":"tag-capacitacion","13":"tag-igss","14":"tag-patronos","15":"tag-salud-y-seguridad-ocupacional"},"_links":{"self":[{"href":"https:\/\/www.igssgt.org\/noticias\/wp-json\/wp\/v2\/posts\/5076","targetHints":{"allow":["GET"]}}],"collection":[{"href":"https:\/\/www.igssgt.org\/noticias\/wp-json\/wp\/v2\/posts"}],"about":[{"href":"https:\/\/www.igssgt.org\/noticias\/wp-json\/wp\/v2\/types\/post"}],"author":[{"embeddable":true,"href":"https:\/\/www.igssgt.org\/noticias\/wp-json\/wp\/v2\/users\/4"}],"replies":[{"embeddable":true,"href":"https:\/\/www.igssgt.org\/noticias\/wp-json\/wp\/v2\/comments?post=5076"}],"version-history":[{"count":1,"href":"https:\/\/www.igssgt.org\/noticias\/wp-json\/wp\/v2\/posts\/5076\/revisions"}],"predecessor-version":[{"id":51269,"href":"https:\/\/www.igssgt.org\/noticias\/wp-json\/wp\/v2\/posts\/5076\/revisions\/51269"}],"wp:featuredmedia":[{"embeddable":true,"href":"https:\/\/www.igssgt.org\/noticias\/wp-json\/wp\/v2\/media\/5081"}],"wp:attachment":[{"href":"https:\/\/www.igssgt.org\/noticias\/wp-json\/wp\/v2\/media?parent=5076"}],"wp:term":[{"taxonomy":"category","embeddable":true,"href":"https:\/\/www.igssgt.org\/noticias\/wp-json\/wp\/v2\/categories?post=5076"},{"taxonomy":"post_tag","embeddable":true,"href":"https:\/\/www.igssgt.org\/noticias\/wp-json\/wp\/v2\/tags?post=5076"},{"taxonomy":"author","embeddable":true,"href":"https:\/\/www.igssgt.org\/noticias\/wp-json\/wp\/v2\/coauthors?post=5076"}],"curies":[{"name":"wp","href":"https:\/\/api.w.org\/{rel}","templated":true}]}}