{"id":5089,"date":"2018-05-23T09:30:54","date_gmt":"2018-05-23T15:30:54","guid":{"rendered":"http:\/\/noticias.igssgt.org\/?p=5089"},"modified":"2018-05-23T09:30:54","modified_gmt":"2018-05-23T15:30:54","slug":"el-igss-reporta-incremento-de-afiliados","status":"publish","type":"post","link":"https:\/\/www.igssgt.org\/noticias\/2018\/05\/23\/el-igss-reporta-incremento-de-afiliados\/","title":{"rendered":"El IGSS reporta incremento de afiliados"},"content":{"rendered":"<p><strong>Durante el primer trimestre del a\u00f1o 2018 se mantuvo el crecimiento del n\u00famero de trabajadores registrados en el Seguro Social, comparado con el mismo per\u00edodo de los \u00faltimos a\u00f1os.<\/strong><\/p>\n<p>De acuerdo con informaci\u00f3n proporcionada por el Departamento Actuarial y Estad\u00edstico del IGSS, durante los primeros tres meses de 2018 se registr\u00f3 un alza en el n\u00famero de personas que cotizan, alcanzando un promedio de 1 mill\u00f3n 309,785 afiliados, el cual se ha incrementado en los \u00faltimos 4 a\u00f1os.<\/p>\n<p>La cotizaci\u00f3n al Seguro Social se ve influenciada por los per\u00edodos de alta y baja demanda de mano de obra que var\u00eda seg\u00fan las necesidades de los sectores privado y p\u00fablico, por ejemplo la temporalidad de la actividad econ\u00f3mica agr\u00edcola, la contrataci\u00f3n de personal en el sector p\u00fablico y la actividad del comercio al iniciar cada a\u00f1o.<\/p>\n<p>El Instituto se encuentra en un proceso de fortalecimiento de la fiscalizaci\u00f3n a las empresas para verificar el adecuado traslado de la cuota patronal y laboral que beneficia a los trabajadores para el acceso a los Programas de Enfermedad Maternidad y Accidentes (EMA) y de Invalidez, Vejez y Sobrevivencia (IVS), cumpliendo con el mandato constitucional de garantizar el bienestar y la seguridad social a los trabajadores.<\/p>\n<p>Como parte de estas pol\u00edticas, la Junta Directiva del IGSS ha solicitado una evaluaci\u00f3n actuarial para poder ampliar la cobertura a otros sectores de la poblaci\u00f3n guatemalteca.<\/p>\n<figure id=\"attachment_5091\" aria-describedby=\"caption-attachment-5091\" style=\"width: 1440px\" class=\"wp-caption alignnone\"><a href=\"\/noticias\/wp-content\/uploads\/sites\/5\/2018\/05\/Incremento-de-afiliados-primer-trimestre-IGSS-2018.jpg\"><img loading=\"lazy\" decoding=\"async\" class=\"wp-image-5091 size-full\" src=\"\/noticias\/wp-content\/uploads\/sites\/5\/2018\/05\/Incremento-de-afiliados-primer-trimestre-IGSS-2018.jpg\" alt=\"\" width=\"1440\" height=\"691\" srcset=\"\/wp-content\/uploads\/sites\/5\/2018\/05\/Incremento-de-afiliados-primer-trimestre-IGSS-2018.jpg 1440w, \/wp-content\/uploads\/sites\/5\/2018\/05\/Incremento-de-afiliados-primer-trimestre-IGSS-2018-300x144.jpg 300w, \/wp-content\/uploads\/sites\/5\/2018\/05\/Incremento-de-afiliados-primer-trimestre-IGSS-2018-768x369.jpg 768w, \/wp-content\/uploads\/sites\/5\/2018\/05\/Incremento-de-afiliados-primer-trimestre-IGSS-2018-1024x491.jpg 1024w, \/wp-content\/uploads\/sites\/5\/2018\/05\/Incremento-de-afiliados-primer-trimestre-IGSS-2018-875x420.jpg 875w, \/wp-content\/uploads\/sites\/5\/2018\/05\/Incremento-de-afiliados-primer-trimestre-IGSS-2018-696x334.jpg 696w, \/wp-content\/uploads\/sites\/5\/2018\/05\/Incremento-de-afiliados-primer-trimestre-IGSS-2018-1068x512.jpg 1068w, \/wp-content\/uploads\/sites\/5\/2018\/05\/Incremento-de-afiliados-primer-trimestre-IGSS-2018-534x256.jpg 534w\" sizes=\"auto, (max-width: 1440px) 100vw, 1440px\" \/><\/a><figcaption id=\"caption-attachment-5091\" class=\"wp-caption-text\">Comportamiento de la afiliaci\u00f3n cotizante \/ Media a marzo de cada a\u00f1o, per\u00edodo 2014-2018.<\/figcaption><\/figure>\n","protected":false},"excerpt":{"rendered":"<p>Durante el primer trimestre del a\u00f1o 2018 se mantuvo el crecimiento del n\u00famero de trabajadores registrados en el Seguro Social, comparado con el mismo per\u00edodo de los \u00faltimos a\u00f1os. De acuerdo con informaci\u00f3n proporcionada por el Departamento Actuarial y Estad\u00edstico del IGSS, durante los primeros tres meses de 2018 se registr\u00f3 un alza en el [&hellip;]<\/p>\n","protected":false},"author":4,"featured_media":5090,"comment_status":"open","ping_status":"open","sticky":false,"template":"","format":"standard","meta":{"footnotes":""},"categories":[3,4,15,16,29],"tags":[],"coauthors":[],"class_list":{"0":"post-5089","1":"post","2":"type-post","3":"status-publish","4":"format-standard","5":"has-post-thumbnail","7":"category-actualidad","8":"category-afiliados","9":"category-destacado","10":"category-featured","11":"category-publicaciones"},"_links":{"self":[{"href":"https:\/\/www.igssgt.org\/noticias\/wp-json\/wp\/v2\/posts\/5089","targetHints":{"allow":["GET"]}}],"collection":[{"href":"https:\/\/www.igssgt.org\/noticias\/wp-json\/wp\/v2\/posts"}],"about":[{"href":"https:\/\/www.igssgt.org\/noticias\/wp-json\/wp\/v2\/types\/post"}],"author":[{"embeddable":true,"href":"https:\/\/www.igssgt.org\/noticias\/wp-json\/wp\/v2\/users\/4"}],"replies":[{"embeddable":true,"href":"https:\/\/www.igssgt.org\/noticias\/wp-json\/wp\/v2\/comments?post=5089"}],"version-history":[{"count":0,"href":"https:\/\/www.igssgt.org\/noticias\/wp-json\/wp\/v2\/posts\/5089\/revisions"}],"wp:featuredmedia":[{"embeddable":true,"href":"https:\/\/www.igssgt.org\/noticias\/wp-json\/wp\/v2\/media\/5090"}],"wp:attachment":[{"href":"https:\/\/www.igssgt.org\/noticias\/wp-json\/wp\/v2\/media?parent=5089"}],"wp:term":[{"taxonomy":"category","embeddable":true,"href":"https:\/\/www.igssgt.org\/noticias\/wp-json\/wp\/v2\/categories?post=5089"},{"taxonomy":"post_tag","embeddable":true,"href":"https:\/\/www.igssgt.org\/noticias\/wp-json\/wp\/v2\/tags?post=5089"},{"taxonomy":"author","embeddable":true,"href":"https:\/\/www.igssgt.org\/noticias\/wp-json\/wp\/v2\/coauthors?post=5089"}],"curies":[{"name":"wp","href":"https:\/\/api.w.org\/{rel}","templated":true}]}}