{"id":5121,"date":"2018-05-24T11:57:00","date_gmt":"2018-05-24T17:57:00","guid":{"rendered":"http:\/\/noticias.igssgt.org\/?p=5121"},"modified":"2018-05-24T11:57:00","modified_gmt":"2018-05-24T17:57:00","slug":"el-igss-conmemora-dia-del-auxiliar-de-enfermeria","status":"publish","type":"post","link":"https:\/\/www.igssgt.org\/noticias\/2018\/05\/24\/el-igss-conmemora-dia-del-auxiliar-de-enfermeria\/","title":{"rendered":"El IGSS conmemora D\u00eda del Auxiliar de Enfermer\u00eda"},"content":{"rendered":"<div class=\"\" data-block=\"true\" data-editor=\"3t2ff\" data-offset-key=\"cjfkl-0-0\">\n<div class=\"_1mf _1mj\" data-offset-key=\"cjfkl-0-0\">El 24 de mayo se conmemora el D\u00eda del Auxiliar de Enfermer\u00eda a esta celebraci\u00f3n se une el IGSS que reconoce la importancia de su labor. La Instituci\u00f3n se dedica desde 1952 a la formaci\u00f3n de personas con vocaci\u00f3n de servicio que deseen brindar su atenci\u00f3n a pacientes.<\/div>\n<\/div>\n<div class=\"\" data-block=\"true\" data-editor=\"3t2ff\" data-offset-key=\"bk9ob-0-0\"><\/div>\n<div class=\"\" data-block=\"true\" data-editor=\"3t2ff\" data-offset-key=\"3cp2s-0-0\">\n<div class=\"_1mf _1mj\" data-offset-key=\"3cp2s-0-0\"><span data-offset-key=\"3cp2s-0-0\">La honorabilidad, responsabilidad, \u00e9tica, moral, humanismo, veracidad, respeto y amor a la vida, son principios y valores muy importantes que se fomentan en el proceso de formaci\u00f3n de un Auxiliar de Enfermer\u00eda, explic\u00f3 la licenciada Alva Jeanette Rodr\u00edguez Gonz\u00e1lez, coordinadora de la Escuela de Auxiliares de Enfermer\u00eda del Instituto.<\/span><\/div>\n<\/div>\n<div class=\"\" data-block=\"true\" data-editor=\"3t2ff\" data-offset-key=\"8g96q-0-0\">\n<div class=\"_1mf _1mj\" data-offset-key=\"8g96q-0-0\"><span data-offset-key=\"8g96q-0-0\">\u00a0<\/span><\/div>\n<\/div>\n<div class=\"\" data-block=\"true\" data-editor=\"3t2ff\" data-offset-key=\"95mu3-0-0\">\n<div class=\"_1mf _1mj\" data-offset-key=\"95mu3-0-0\"><strong><span data-offset-key=\"95mu3-0-0\">Su\u00a0preparaci\u00f3n<\/span><\/strong><\/div>\n<\/div>\n<div class=\"\" data-block=\"true\" data-editor=\"3t2ff\" data-offset-key=\"cjd19-0-0\">\n<div class=\"_1mf _1mj\" data-offset-key=\"cjd19-0-0\"><span data-offset-key=\"cjd19-0-0\">\u00a0<\/span><\/div>\n<\/div>\n<div class=\"\" data-block=\"true\" data-editor=\"3t2ff\" data-offset-key=\"9e64q-0-0\">\n<div class=\"_1mf _1mj\" data-offset-key=\"9e64q-0-0\"><span data-offset-key=\"9e64q-0-0\">El curso de formaci\u00f3n est\u00e1 enfocado a privilegiar la salud y la vida, como un derecho fundamental del ser humano, para garantizar la calidad educativa y la seguridad del paciente. El desarrollo del programa es 100% presencial y tutorial.<\/span><\/div>\n<\/div>\n<div class=\"\" data-block=\"true\" data-editor=\"3t2ff\" data-offset-key=\"51ie-0-0\">\n<div class=\"_1mf _1mj\" data-offset-key=\"51ie-0-0\"><span data-offset-key=\"51ie-0-0\">\u00a0<\/span><\/div>\n<\/div>\n<div class=\"\" data-block=\"true\" data-editor=\"3t2ff\" data-offset-key=\"f5ahl-0-0\">\n<div class=\"_1mf _1mj\" data-offset-key=\"f5ahl-0-0\"><span data-offset-key=\"f5ahl-0-0\">La capacitaci\u00f3n dura 11 meses, o sea un total de 1470 horas distribuidas de la siguiente manera: en la primera fase se enfoca a la atenci\u00f3n integral de enfermer\u00eda a los pacientes en situaci\u00f3n m\u00e9dico quir\u00fargica; 350 horas de teor\u00eda y 315 de pr\u00e1ctica. La segunda fase es a la atenci\u00f3n integral de enfermer\u00eda a los pacientes en las etapas del ciclo vital (materno infantil), con 214 horas de teor\u00eda y 276 de pr\u00e1ctica, mientras que en la tercera fase est\u00e1 dedicada a la atenci\u00f3n en salud comunitaria con 105 horas de teor\u00eda y 210 de pr\u00e1ctica.<\/span><\/div>\n<\/div>\n<div class=\"\" data-block=\"true\" data-editor=\"3t2ff\" data-offset-key=\"f6kua-0-0\"><\/div>\n<div class=\"\" data-block=\"true\" data-editor=\"3t2ff\" data-offset-key=\"46qo0-0-0\">\n<div class=\"_1mf _1mj\" data-offset-key=\"46qo0-0-0\"><span data-offset-key=\"46qo0-0-0\">Todos los procesos son supervisados por la coordinadora del curso y por autoridades del Ministerio de Salud P\u00fablica y Asistencia Social que es el ente que brinda el aval a los profesionales para que puedan desempe\u00f1ar sus funciones en las distintas unidades del Seguro Social.<\/span><\/div>\n<\/div>\n<div class=\"\" data-block=\"true\" data-editor=\"3t2ff\" data-offset-key=\"3gv4j-0-0\"><\/div>\n<div class=\"\" data-block=\"true\" data-editor=\"3t2ff\" data-offset-key=\"elcan-0-0\">\n<div class=\"_1mf _1mj\" data-offset-key=\"elcan-0-0\"><span data-offset-key=\"elcan-0-0\">\u201cEl curso es totalmente gratuito y estamos en la disposici\u00f3n de continuar con la formaci\u00f3n de auxiliares de enfermer\u00eda, por lo que cada a\u00f1o el Instituto grad\u00faa a un promedio de 100 personas en esa noble actividad, de las cuales un alto porcentaje se quedan trabajando para el Instituto, destac\u00f3 Rodr\u00edguez.<\/span><\/div>\n<\/div>\n<div class=\"\" data-block=\"true\" data-editor=\"3t2ff\" data-offset-key=\"e90vu-0-0\">\n<div class=\"_1mf _1mj\" data-offset-key=\"e90vu-0-0\"><span data-offset-key=\"e90vu-0-0\">\u00a0<\/span><\/div>\n<\/div>\n<div class=\"\" data-block=\"true\" data-editor=\"3t2ff\" data-offset-key=\"8r9vf-0-0\">\n<div class=\"_1mf _1mj\" data-offset-key=\"8r9vf-0-0\"><span data-offset-key=\"8r9vf-0-0\">El proceso de reclutamiento y selecci\u00f3n de aspirantes a auxiliares de enfermer\u00eda se dirige a la poblaci\u00f3n en general en edad comprendida entre los 18 y 32 a\u00f1os, con una carrera de nivel diversificado, fundamentalmente que tengan vocaci\u00f3n de servicio.<\/span><\/div>\n<\/div>\n<div class=\"\" data-block=\"true\" data-editor=\"3t2ff\" data-offset-key=\"ctrpg-0-0\">\n<div class=\"_1mf _1mj\" data-offset-key=\"ctrpg-0-0\"><span data-offset-key=\"ctrpg-0-0\">\u00a0<\/span><\/div>\n<\/div>\n<div class=\"\" data-block=\"true\" data-editor=\"3t2ff\" data-offset-key=\"7uamo-0-0\">\n<div class=\"_1mf _1mj\" data-offset-key=\"7uamo-0-0\"><strong><span data-offset-key=\"7uamo-0-0\">M\u00e1s informaci\u00f3n<\/span><\/strong><\/div>\n<\/div>\n<div class=\"\" data-block=\"true\" data-editor=\"3t2ff\" data-offset-key=\"ckndn-0-0\">\n<div class=\"_1mf _1mj\" data-offset-key=\"ckndn-0-0\"><span data-offset-key=\"ckndn-0-0\">\u00a0<\/span><\/div>\n<\/div>\n<div class=\"\" data-block=\"true\" data-editor=\"3t2ff\" data-offset-key=\"5d4h3-0-0\">\n<div class=\"_1mf _1mj\" data-offset-key=\"5d4h3-0-0\"><span data-offset-key=\"5d4h3-0-0\">Quienes deseen participar en el curso de auxiliares de enfermer\u00eda del pr\u00f3ximo a\u00f1o, deben participar en el proceso que inicia el 5 de junio 2018, seguido de varias charlas los d\u00edas 12, 19 y 26 del mismo mes. <\/span><\/div>\n<\/div>\n<div class=\"\" data-block=\"true\" data-editor=\"3t2ff\" data-offset-key=\"dcth8-0-0\">\n<div class=\"_1mf _1mj\" data-offset-key=\"dcth8-0-0\"><span data-offset-key=\"dcth8-0-0\">\u00a0<\/span><\/div>\n<\/div>\n<div class=\"\" data-block=\"true\" data-editor=\"3t2ff\" data-offset-key=\"552pv-0-0\">\n<div class=\"_1mf _1mj\" data-offset-key=\"552pv-0-0\"><span data-offset-key=\"552pv-0-0\">Quienes deseen m\u00e1s informaci\u00f3n puede escribir a los siguientes correos alva.rodriguez@igssgt.org y auxiliaresdeenfermeria@igssgt.org , tambi\u00e9n pueden comunicarse al tel\u00e9fono 24121224 extensi\u00f3n 83479, o bien presentarse a la sede de la Escuela de Enfermer\u00eda ubicada en la 5\u00aa. Avenida 1-00 de la zona 13, concluy\u00f3 la licenciada Rodr\u00edguez. <\/span><\/div>\n<\/div>\n<div class=\"\" data-block=\"true\" data-editor=\"3t2ff\" data-offset-key=\"bqsbe-0-0\">\n<div class=\"_1mf _1mj\" data-offset-key=\"bqsbe-0-0\"><span data-offset-key=\"bqsbe-0-0\">\u00a0<\/span><\/div>\n<\/div>\n<div class=\"\" data-block=\"true\" data-editor=\"3t2ff\" data-offset-key=\"dp733-0-0\">\n<div class=\"_1mf _1mj\" data-offset-key=\"dp733-0-0\">\n\r\n                <style type=\"text\/css\">\r\n                    \r\n                    #tdi_1  .td-doubleSlider-2 .td-item1 {\r\n                        background: url(\/wp-content\/uploads\/sites\/5\/2018\/05\/Dia-del-Auxiliar-de-enfermeria-IGSS-2018-1-80x60.jpg) 0 0 no-repeat;\r\n                    }\r\n                    #tdi_1  .td-doubleSlider-2 .td-item2 {\r\n                        background: url(\/wp-content\/uploads\/sites\/5\/2018\/05\/Dia-del-Auxiliar-de-enfermeria-IGSS-2018-2-80x60.jpg) 0 0 no-repeat;\r\n                    }\r\n                    #tdi_1  .td-doubleSlider-2 .td-item3 {\r\n                        background: url(\/wp-content\/uploads\/sites\/5\/2018\/05\/Dia-del-Auxiliar-de-enfermeria-IGSS-2018-3-80x60.jpg) 0 0 no-repeat;\r\n                    }\r\n                    #tdi_1  .td-doubleSlider-2 .td-item4 {\r\n                        background: url(\/wp-content\/uploads\/sites\/5\/2018\/05\/Dia-del-Auxiliar-de-enfermeria-IGSS-2018-4-80x60.jpg) 0 0 no-repeat;\r\n                    }\r\n                    #tdi_1  .td-doubleSlider-2 .td-item5 {\r\n                        background: url(\/wp-content\/uploads\/sites\/5\/2018\/05\/Dia-del-Auxiliar-de-enfermeria-IGSS-2018-5-80x60.jpg) 0 0 no-repeat;\r\n                    }\r\n                    #tdi_1  .td-doubleSlider-2 .td-item6 {\r\n                        background: url(\/wp-content\/uploads\/sites\/5\/2018\/05\/Dia-del-Auxiliar-de-enfermeria-IGSS-2018-6-80x60.jpg) 0 0 no-repeat;\r\n                    }\r\n                    #tdi_1  .td-doubleSlider-2 .td-item7 {\r\n                        background: url(\/wp-content\/uploads\/sites\/5\/2018\/05\/Dia-del-Auxiliar-de-enfermeria-IGSS-2018-7-80x60.jpg) 0 0 no-repeat;\r\n                    }\r\n                    #tdi_1  .td-doubleSlider-2 .td-item8 {\r\n                        background: url(\/wp-content\/uploads\/sites\/5\/2018\/05\/Dia-del-Auxiliar-de-enfermeria-IGSS-2018-8-80x60.jpg) 0 0 no-repeat;\r\n                    }\r\n                <\/style>\r\n\r\n                <div id=\"tdi_1\" class=\"td-gallery td-slide-on-2-columns\">\r\n                    <div class=\"post_td_gallery\">\r\n                        <div class=\"td-gallery-slide-top\">\r\n                           <div class=\"td-gallery-title\">Galer\u00eda de Im\u00e1genes<\/div>\r\n\r\n                            <div class=\"td-gallery-controls-wrapper\">\r\n                                <div class=\"td-gallery-slide-count\"><span class=\"td-gallery-slide-item-focus\">1<\/span> de 8<\/div>\r\n                                <div class=\"td-gallery-slide-prev-next-but\">\r\n                                    <i class = \"td-icon-left doubleSliderPrevButton\"><\/i>\r\n                                    <i class = \"td-icon-right doubleSliderNextButton\"><\/i>\r\n                                <\/div>\r\n                            <\/div>\r\n                        <\/div>\r\n\r\n                        <div class = \"td-doubleSlider-1 \">\r\n                            <div class = \"td-slider\">\r\n                                \r\n                    <div class = \"td-slide-item td-item1\">\r\n                        <figure class=\"td-slide-galery-figure td-slide-popup-gallery\">\r\n                            <a class=\"slide-gallery-image-link\" href=\"\/wp-content\/uploads\/sites\/5\/2018\/05\/Dia-del-Auxiliar-de-enfermeria-IGSS-2018-1.jpg\" title=\"Dia del Auxiliar de enfermeria IGSS 2018-1\"  data-caption=\"\"  data-description=\"\">\r\n                                <img decoding=\"async\" src=\"\/wp-content\/uploads\/sites\/5\/2018\/05\/Dia-del-Auxiliar-de-enfermeria-IGSS-2018-1-630x420.jpg\" srcset=\"\/wp-content\/uploads\/sites\/5\/2018\/05\/Dia-del-Auxiliar-de-enfermeria-IGSS-2018-1-630x420.jpg 630w, \/wp-content\/uploads\/sites\/5\/2018\/05\/Dia-del-Auxiliar-de-enfermeria-IGSS-2018-1-1536x1024.jpg 1536w, \/wp-content\/uploads\/sites\/5\/2018\/05\/Dia-del-Auxiliar-de-enfermeria-IGSS-2018-1-300x200.jpg 300w, \/wp-content\/uploads\/sites\/5\/2018\/05\/Dia-del-Auxiliar-de-enfermeria-IGSS-2018-1-768x512.jpg 768w, \/wp-content\/uploads\/sites\/5\/2018\/05\/Dia-del-Auxiliar-de-enfermeria-IGSS-2018-1-1024x683.jpg 1024w, \/wp-content\/uploads\/sites\/5\/2018\/05\/Dia-del-Auxiliar-de-enfermeria-IGSS-2018-1-696x464.jpg 696w, \/wp-content\/uploads\/sites\/5\/2018\/05\/Dia-del-Auxiliar-de-enfermeria-IGSS-2018-1-1068x712.jpg 1068w, \/wp-content\/uploads\/sites\/5\/2018\/05\/Dia-del-Auxiliar-de-enfermeria-IGSS-2018-1-534x356.jpg 534w, \/wp-content\/uploads\/sites\/5\/2018\/05\/Dia-del-Auxiliar-de-enfermeria-IGSS-2018-1-1920x1280.jpg 1920w, \/wp-content\/uploads\/sites\/5\/2018\/05\/Dia-del-Auxiliar-de-enfermeria-IGSS-2018-1.jpg 2048w\" sizes=\"(max-width: 630px) 100vw, 630px\" alt=\"\">\r\n                            <\/a>\r\n                            \r\n                        <\/figure>\r\n                    <\/div>\r\n                    <div class = \"td-slide-item td-item2\">\r\n                        <figure class=\"td-slide-galery-figure td-slide-popup-gallery\">\r\n                            <a class=\"slide-gallery-image-link\" href=\"\/wp-content\/uploads\/sites\/5\/2018\/05\/Dia-del-Auxiliar-de-enfermeria-IGSS-2018-2.jpg\" title=\"Dia del Auxiliar de enfermeria IGSS 2018-2\"  data-caption=\"\"  data-description=\"\">\r\n                                <img decoding=\"async\" src=\"\/wp-content\/uploads\/sites\/5\/2018\/05\/Dia-del-Auxiliar-de-enfermeria-IGSS-2018-2-630x420.jpg\" srcset=\"\/wp-content\/uploads\/sites\/5\/2018\/05\/Dia-del-Auxiliar-de-enfermeria-IGSS-2018-2-630x420.jpg 630w, \/wp-content\/uploads\/sites\/5\/2018\/05\/Dia-del-Auxiliar-de-enfermeria-IGSS-2018-2-1536x1024.jpg 1536w, \/wp-content\/uploads\/sites\/5\/2018\/05\/Dia-del-Auxiliar-de-enfermeria-IGSS-2018-2-300x200.jpg 300w, \/wp-content\/uploads\/sites\/5\/2018\/05\/Dia-del-Auxiliar-de-enfermeria-IGSS-2018-2-768x512.jpg 768w, \/wp-content\/uploads\/sites\/5\/2018\/05\/Dia-del-Auxiliar-de-enfermeria-IGSS-2018-2-1024x683.jpg 1024w, \/wp-content\/uploads\/sites\/5\/2018\/05\/Dia-del-Auxiliar-de-enfermeria-IGSS-2018-2-696x464.jpg 696w, \/wp-content\/uploads\/sites\/5\/2018\/05\/Dia-del-Auxiliar-de-enfermeria-IGSS-2018-2-1068x712.jpg 1068w, \/wp-content\/uploads\/sites\/5\/2018\/05\/Dia-del-Auxiliar-de-enfermeria-IGSS-2018-2-534x356.jpg 534w, \/wp-content\/uploads\/sites\/5\/2018\/05\/Dia-del-Auxiliar-de-enfermeria-IGSS-2018-2-1920x1280.jpg 1920w, \/wp-content\/uploads\/sites\/5\/2018\/05\/Dia-del-Auxiliar-de-enfermeria-IGSS-2018-2.jpg 2048w\" sizes=\"(max-width: 630px) 100vw, 630px\" alt=\"\">\r\n                            <\/a>\r\n                            \r\n                        <\/figure>\r\n                    <\/div>\r\n                    <div class = \"td-slide-item td-item3\">\r\n                        <figure class=\"td-slide-galery-figure td-slide-popup-gallery\">\r\n                            <a class=\"slide-gallery-image-link\" href=\"\/wp-content\/uploads\/sites\/5\/2018\/05\/Dia-del-Auxiliar-de-enfermeria-IGSS-2018-3.jpg\" title=\"Dia del Auxiliar de enfermeria IGSS 2018-3\"  data-caption=\"\"  data-description=\"\">\r\n                                <img decoding=\"async\" src=\"\/wp-content\/uploads\/sites\/5\/2018\/05\/Dia-del-Auxiliar-de-enfermeria-IGSS-2018-3-630x420.jpg\" srcset=\"\/wp-content\/uploads\/sites\/5\/2018\/05\/Dia-del-Auxiliar-de-enfermeria-IGSS-2018-3-630x420.jpg 630w, \/wp-content\/uploads\/sites\/5\/2018\/05\/Dia-del-Auxiliar-de-enfermeria-IGSS-2018-3-1536x1024.jpg 1536w, \/wp-content\/uploads\/sites\/5\/2018\/05\/Dia-del-Auxiliar-de-enfermeria-IGSS-2018-3-300x200.jpg 300w, \/wp-content\/uploads\/sites\/5\/2018\/05\/Dia-del-Auxiliar-de-enfermeria-IGSS-2018-3-768x512.jpg 768w, \/wp-content\/uploads\/sites\/5\/2018\/05\/Dia-del-Auxiliar-de-enfermeria-IGSS-2018-3-1024x683.jpg 1024w, \/wp-content\/uploads\/sites\/5\/2018\/05\/Dia-del-Auxiliar-de-enfermeria-IGSS-2018-3-696x464.jpg 696w, \/wp-content\/uploads\/sites\/5\/2018\/05\/Dia-del-Auxiliar-de-enfermeria-IGSS-2018-3-1068x712.jpg 1068w, \/wp-content\/uploads\/sites\/5\/2018\/05\/Dia-del-Auxiliar-de-enfermeria-IGSS-2018-3-534x356.jpg 534w, \/wp-content\/uploads\/sites\/5\/2018\/05\/Dia-del-Auxiliar-de-enfermeria-IGSS-2018-3.jpg 1860w\" sizes=\"(max-width: 630px) 100vw, 630px\" alt=\"\">\r\n                            <\/a>\r\n                            \r\n                        <\/figure>\r\n                    <\/div>\r\n                    <div class = \"td-slide-item td-item4\">\r\n                        <figure class=\"td-slide-galery-figure td-slide-popup-gallery\">\r\n                            <a class=\"slide-gallery-image-link\" href=\"\/wp-content\/uploads\/sites\/5\/2018\/05\/Dia-del-Auxiliar-de-enfermeria-IGSS-2018-4.jpg\" title=\"Dia del Auxiliar de enfermeria IGSS 2018-4\"  data-caption=\"\"  data-description=\"\">\r\n                                <img decoding=\"async\" src=\"\/wp-content\/uploads\/sites\/5\/2018\/05\/Dia-del-Auxiliar-de-enfermeria-IGSS-2018-4-630x420.jpg\" srcset=\"\/wp-content\/uploads\/sites\/5\/2018\/05\/Dia-del-Auxiliar-de-enfermeria-IGSS-2018-4-630x420.jpg 630w, \/wp-content\/uploads\/sites\/5\/2018\/05\/Dia-del-Auxiliar-de-enfermeria-IGSS-2018-4-1536x1024.jpg 1536w, \/wp-content\/uploads\/sites\/5\/2018\/05\/Dia-del-Auxiliar-de-enfermeria-IGSS-2018-4-300x200.jpg 300w, \/wp-content\/uploads\/sites\/5\/2018\/05\/Dia-del-Auxiliar-de-enfermeria-IGSS-2018-4-768x512.jpg 768w, \/wp-content\/uploads\/sites\/5\/2018\/05\/Dia-del-Auxiliar-de-enfermeria-IGSS-2018-4-1024x683.jpg 1024w, \/wp-content\/uploads\/sites\/5\/2018\/05\/Dia-del-Auxiliar-de-enfermeria-IGSS-2018-4-696x464.jpg 696w, \/wp-content\/uploads\/sites\/5\/2018\/05\/Dia-del-Auxiliar-de-enfermeria-IGSS-2018-4-1068x712.jpg 1068w, \/wp-content\/uploads\/sites\/5\/2018\/05\/Dia-del-Auxiliar-de-enfermeria-IGSS-2018-4-534x356.jpg 534w, \/wp-content\/uploads\/sites\/5\/2018\/05\/Dia-del-Auxiliar-de-enfermeria-IGSS-2018-4.jpg 1860w\" sizes=\"(max-width: 630px) 100vw, 630px\" alt=\"\">\r\n                            <\/a>\r\n                            \r\n                        <\/figure>\r\n                    <\/div>\r\n                    <div class = \"td-slide-item td-item5\">\r\n                        <figure class=\"td-slide-galery-figure td-slide-popup-gallery\">\r\n                            <a class=\"slide-gallery-image-link\" href=\"\/wp-content\/uploads\/sites\/5\/2018\/05\/Dia-del-Auxiliar-de-enfermeria-IGSS-2018-5.jpg\" title=\"Dia del Auxiliar de enfermeria IGSS 2018-5\"  data-caption=\"\"  data-description=\"\">\r\n                                <img decoding=\"async\" src=\"\/wp-content\/uploads\/sites\/5\/2018\/05\/Dia-del-Auxiliar-de-enfermeria-IGSS-2018-5-630x420.jpg\" srcset=\"\/wp-content\/uploads\/sites\/5\/2018\/05\/Dia-del-Auxiliar-de-enfermeria-IGSS-2018-5-630x420.jpg 630w, \/wp-content\/uploads\/sites\/5\/2018\/05\/Dia-del-Auxiliar-de-enfermeria-IGSS-2018-5-1536x1024.jpg 1536w, \/wp-content\/uploads\/sites\/5\/2018\/05\/Dia-del-Auxiliar-de-enfermeria-IGSS-2018-5-300x200.jpg 300w, \/wp-content\/uploads\/sites\/5\/2018\/05\/Dia-del-Auxiliar-de-enfermeria-IGSS-2018-5-768x512.jpg 768w, \/wp-content\/uploads\/sites\/5\/2018\/05\/Dia-del-Auxiliar-de-enfermeria-IGSS-2018-5-1024x683.jpg 1024w, \/wp-content\/uploads\/sites\/5\/2018\/05\/Dia-del-Auxiliar-de-enfermeria-IGSS-2018-5-696x464.jpg 696w, \/wp-content\/uploads\/sites\/5\/2018\/05\/Dia-del-Auxiliar-de-enfermeria-IGSS-2018-5-1068x712.jpg 1068w, \/wp-content\/uploads\/sites\/5\/2018\/05\/Dia-del-Auxiliar-de-enfermeria-IGSS-2018-5-534x356.jpg 534w, \/wp-content\/uploads\/sites\/5\/2018\/05\/Dia-del-Auxiliar-de-enfermeria-IGSS-2018-5.jpg 1860w\" sizes=\"(max-width: 630px) 100vw, 630px\" alt=\"\">\r\n                            <\/a>\r\n                            \r\n                        <\/figure>\r\n                    <\/div>\r\n                    <div class = \"td-slide-item td-item6\">\r\n                        <figure class=\"td-slide-galery-figure td-slide-popup-gallery\">\r\n                            <a class=\"slide-gallery-image-link\" href=\"\/wp-content\/uploads\/sites\/5\/2018\/05\/Dia-del-Auxiliar-de-enfermeria-IGSS-2018-6.jpg\" title=\"Dia del Auxiliar de enfermeria IGSS 2018-6\"  data-caption=\"\"  data-description=\"\">\r\n                                <img decoding=\"async\" src=\"\/wp-content\/uploads\/sites\/5\/2018\/05\/Dia-del-Auxiliar-de-enfermeria-IGSS-2018-6-630x420.jpg\" srcset=\"\/wp-content\/uploads\/sites\/5\/2018\/05\/Dia-del-Auxiliar-de-enfermeria-IGSS-2018-6-630x420.jpg 630w, \/wp-content\/uploads\/sites\/5\/2018\/05\/Dia-del-Auxiliar-de-enfermeria-IGSS-2018-6-1536x1024.jpg 1536w, \/wp-content\/uploads\/sites\/5\/2018\/05\/Dia-del-Auxiliar-de-enfermeria-IGSS-2018-6-300x200.jpg 300w, \/wp-content\/uploads\/sites\/5\/2018\/05\/Dia-del-Auxiliar-de-enfermeria-IGSS-2018-6-768x512.jpg 768w, \/wp-content\/uploads\/sites\/5\/2018\/05\/Dia-del-Auxiliar-de-enfermeria-IGSS-2018-6-1024x683.jpg 1024w, \/wp-content\/uploads\/sites\/5\/2018\/05\/Dia-del-Auxiliar-de-enfermeria-IGSS-2018-6-696x464.jpg 696w, \/wp-content\/uploads\/sites\/5\/2018\/05\/Dia-del-Auxiliar-de-enfermeria-IGSS-2018-6-1068x712.jpg 1068w, \/wp-content\/uploads\/sites\/5\/2018\/05\/Dia-del-Auxiliar-de-enfermeria-IGSS-2018-6-534x356.jpg 534w, \/wp-content\/uploads\/sites\/5\/2018\/05\/Dia-del-Auxiliar-de-enfermeria-IGSS-2018-6.jpg 1860w\" sizes=\"(max-width: 630px) 100vw, 630px\" alt=\"\">\r\n                            <\/a>\r\n                            \r\n                        <\/figure>\r\n                    <\/div>\r\n                    <div class = \"td-slide-item td-item7\">\r\n                        <figure class=\"td-slide-galery-figure td-slide-popup-gallery\">\r\n                            <a class=\"slide-gallery-image-link\" href=\"\/wp-content\/uploads\/sites\/5\/2018\/05\/Dia-del-Auxiliar-de-enfermeria-IGSS-2018-7.jpg\" title=\"Dia del Auxiliar de enfermeria IGSS 2018-7\"  data-caption=\"\"  data-description=\"\">\r\n                                <img decoding=\"async\" src=\"\/wp-content\/uploads\/sites\/5\/2018\/05\/Dia-del-Auxiliar-de-enfermeria-IGSS-2018-7-630x420.jpg\" srcset=\"\/wp-content\/uploads\/sites\/5\/2018\/05\/Dia-del-Auxiliar-de-enfermeria-IGSS-2018-7-630x420.jpg 630w, \/wp-content\/uploads\/sites\/5\/2018\/05\/Dia-del-Auxiliar-de-enfermeria-IGSS-2018-7-1536x1024.jpg 1536w, \/wp-content\/uploads\/sites\/5\/2018\/05\/Dia-del-Auxiliar-de-enfermeria-IGSS-2018-7-300x200.jpg 300w, \/wp-content\/uploads\/sites\/5\/2018\/05\/Dia-del-Auxiliar-de-enfermeria-IGSS-2018-7-768x512.jpg 768w, \/wp-content\/uploads\/sites\/5\/2018\/05\/Dia-del-Auxiliar-de-enfermeria-IGSS-2018-7-1024x683.jpg 1024w, \/wp-content\/uploads\/sites\/5\/2018\/05\/Dia-del-Auxiliar-de-enfermeria-IGSS-2018-7-696x464.jpg 696w, \/wp-content\/uploads\/sites\/5\/2018\/05\/Dia-del-Auxiliar-de-enfermeria-IGSS-2018-7-1068x712.jpg 1068w, \/wp-content\/uploads\/sites\/5\/2018\/05\/Dia-del-Auxiliar-de-enfermeria-IGSS-2018-7-534x356.jpg 534w, \/wp-content\/uploads\/sites\/5\/2018\/05\/Dia-del-Auxiliar-de-enfermeria-IGSS-2018-7.jpg 1860w\" sizes=\"(max-width: 630px) 100vw, 630px\" alt=\"\">\r\n                            <\/a>\r\n                            \r\n                        <\/figure>\r\n                    <\/div>\r\n                    <div class = \"td-slide-item td-item8\">\r\n                        <figure class=\"td-slide-galery-figure td-slide-popup-gallery\">\r\n                            <a class=\"slide-gallery-image-link\" href=\"\/wp-content\/uploads\/sites\/5\/2018\/05\/Dia-del-Auxiliar-de-enfermeria-IGSS-2018-8.jpg\" title=\"Dia del Auxiliar de enfermeria IGSS 2018-8\"  data-caption=\"\"  data-description=\"\">\r\n                                <img decoding=\"async\" src=\"\/wp-content\/uploads\/sites\/5\/2018\/05\/Dia-del-Auxiliar-de-enfermeria-IGSS-2018-8-630x420.jpg\" srcset=\"\/wp-content\/uploads\/sites\/5\/2018\/05\/Dia-del-Auxiliar-de-enfermeria-IGSS-2018-8-630x420.jpg 630w, \/wp-content\/uploads\/sites\/5\/2018\/05\/Dia-del-Auxiliar-de-enfermeria-IGSS-2018-8-1536x1024.jpg 1536w, \/wp-content\/uploads\/sites\/5\/2018\/05\/Dia-del-Auxiliar-de-enfermeria-IGSS-2018-8-300x200.jpg 300w, \/wp-content\/uploads\/sites\/5\/2018\/05\/Dia-del-Auxiliar-de-enfermeria-IGSS-2018-8-768x512.jpg 768w, \/wp-content\/uploads\/sites\/5\/2018\/05\/Dia-del-Auxiliar-de-enfermeria-IGSS-2018-8-1024x683.jpg 1024w, \/wp-content\/uploads\/sites\/5\/2018\/05\/Dia-del-Auxiliar-de-enfermeria-IGSS-2018-8-696x464.jpg 696w, \/wp-content\/uploads\/sites\/5\/2018\/05\/Dia-del-Auxiliar-de-enfermeria-IGSS-2018-8-1068x712.jpg 1068w, \/wp-content\/uploads\/sites\/5\/2018\/05\/Dia-del-Auxiliar-de-enfermeria-IGSS-2018-8-534x356.jpg 534w, \/wp-content\/uploads\/sites\/5\/2018\/05\/Dia-del-Auxiliar-de-enfermeria-IGSS-2018-8-1920x1280.jpg 1920w, \/wp-content\/uploads\/sites\/5\/2018\/05\/Dia-del-Auxiliar-de-enfermeria-IGSS-2018-8.jpg 2048w\" sizes=\"(max-width: 630px) 100vw, 630px\" alt=\"\">\r\n                            <\/a>\r\n                            \r\n                        <\/figure>\r\n                    <\/div>\r\n                            <\/div>\r\n                        <\/div>\r\n\r\n                        <div class = \"td-doubleSlider-2\">\r\n                            <div class = \"td-slider\">\r\n                                \r\n                    <div class = \"td-button td-item1\">\r\n                        <div class = \"td-border\"><\/div>\r\n                    <\/div>\r\n                    <div class = \"td-button td-item2\">\r\n                        <div class = \"td-border\"><\/div>\r\n                    <\/div>\r\n                    <div class = \"td-button td-item3\">\r\n                        <div class = \"td-border\"><\/div>\r\n                    <\/div>\r\n                    <div class = \"td-button td-item4\">\r\n                        <div class = \"td-border\"><\/div>\r\n                    <\/div>\r\n                    <div class = \"td-button td-item5\">\r\n                        <div class = \"td-border\"><\/div>\r\n                    <\/div>\r\n                    <div class = \"td-button td-item6\">\r\n                        <div class = \"td-border\"><\/div>\r\n                    <\/div>\r\n                    <div class = \"td-button td-item7\">\r\n                        <div class = \"td-border\"><\/div>\r\n                    <\/div>\r\n                    <div class = \"td-button td-item8\">\r\n                        <div class = \"td-border\"><\/div>\r\n                    <\/div>\r\n                            <\/div>\r\n                        <\/div>\r\n\r\n                    <\/div>\r\n\r\n                <\/div>\r\n                \n<\/div>\n<\/div>\n","protected":false},"excerpt":{"rendered":"<p>El 24 de mayo se conmemora el D\u00eda del Auxiliar de Enfermer\u00eda a esta celebraci\u00f3n se une el IGSS que reconoce la importancia de su labor. La Instituci\u00f3n se dedica desde 1952 a la formaci\u00f3n de personas con vocaci\u00f3n de servicio que deseen brindar su atenci\u00f3n a pacientes. La honorabilidad, responsabilidad, \u00e9tica, moral, humanismo, veracidad, [&hellip;]<\/p>\n","protected":false},"author":4,"featured_media":5125,"comment_status":"open","ping_status":"open","sticky":false,"template":"","format":"standard","meta":{"footnotes":""},"categories":[3,17,29],"tags":[237,490,579],"coauthors":[],"class_list":{"0":"post-5121","1":"post","2":"type-post","3":"status-publish","4":"format-standard","5":"has-post-thumbnail","7":"category-actualidad","8":"category-formacion-y-desarrollo","9":"category-publicaciones","10":"tag-dia-del-auxiliar-de-enfermeria","11":"tag-igss","12":"tag-licda-alva-janette-rodriguez"},"_links":{"self":[{"href":"https:\/\/www.igssgt.org\/noticias\/wp-json\/wp\/v2\/posts\/5121","targetHints":{"allow":["GET"]}}],"collection":[{"href":"https:\/\/www.igssgt.org\/noticias\/wp-json\/wp\/v2\/posts"}],"about":[{"href":"https:\/\/www.igssgt.org\/noticias\/wp-json\/wp\/v2\/types\/post"}],"author":[{"embeddable":true,"href":"https:\/\/www.igssgt.org\/noticias\/wp-json\/wp\/v2\/users\/4"}],"replies":[{"embeddable":true,"href":"https:\/\/www.igssgt.org\/noticias\/wp-json\/wp\/v2\/comments?post=5121"}],"version-history":[{"count":0,"href":"https:\/\/www.igssgt.org\/noticias\/wp-json\/wp\/v2\/posts\/5121\/revisions"}],"wp:featuredmedia":[{"embeddable":true,"href":"https:\/\/www.igssgt.org\/noticias\/wp-json\/wp\/v2\/media\/5125"}],"wp:attachment":[{"href":"https:\/\/www.igssgt.org\/noticias\/wp-json\/wp\/v2\/media?parent=5121"}],"wp:term":[{"taxonomy":"category","embeddable":true,"href":"https:\/\/www.igssgt.org\/noticias\/wp-json\/wp\/v2\/categories?post=5121"},{"taxonomy":"post_tag","embeddable":true,"href":"https:\/\/www.igssgt.org\/noticias\/wp-json\/wp\/v2\/tags?post=5121"},{"taxonomy":"author","embeddable":true,"href":"https:\/\/www.igssgt.org\/noticias\/wp-json\/wp\/v2\/coauthors?post=5121"}],"curies":[{"name":"wp","href":"https:\/\/api.w.org\/{rel}","templated":true}]}}