{"id":51246,"date":"2025-10-17T11:59:00","date_gmt":"2025-10-17T17:59:00","guid":{"rendered":"https:\/\/www.igssgt.org\/noticias\/?p=51246"},"modified":"2025-10-21T15:40:58","modified_gmt":"2025-10-21T21:40:58","slug":"tn23-seguro-social-fortalece-flota-con-35-ambulancias-para-unidades-a-nivel-nacional","status":"publish","type":"post","link":"https:\/\/www.igssgt.org\/noticias\/2025\/10\/17\/tn23-seguro-social-fortalece-flota-con-35-ambulancias-para-unidades-a-nivel-nacional\/","title":{"rendered":"TN23: Seguro Social fortalece flota con 35 ambulancias para unidades a nivel nacional"},"content":{"rendered":"\n<p class=\"has-drop-cap\">El Instituto Guatemalteco de Seguridad Social (IGSS) y la Oficina de Naciones Unidas de Servicios para Proyectos (UNOPS) entregaron 35 nuevas ambulancias que beneficiar\u00e1n a afiliados y derechohabientes en todo el territorio nacional.<\/p>\n\n\n\n<p>Las unidades de emergencia, presentadas por Jos\u00e9 Adolfo Flamenco, presidente de la Junta Directiva del IGSS, y Edson Javier Rivera M\u00e9ndez, gerente de la instituci\u00f3n, ser\u00e1n asignadas a distintas unidades m\u00e9dicas en diversos departamentos, incluyendo localidades remotas.<\/p>\n<p>Dado que esta entrega forma parte del proyecto InfraIGSS para modernizar la infraestructura y recursos m\u00e9dicos del Seguro Social, la distribuci\u00f3n estrat\u00e9gica reforzar\u00e1 la cobertura de servicios de emergencia en zonas que requieren mayor atenci\u00f3n m\u00e9dica inmediata.<\/p>\n<p>Fuente: TN23<\/p>\n<p>Enlace: <a href=\"https:\/\/www.chapintv.com\/noticia\/seguro-social-fortalece-flota-con-35-ambulancias-para-unidades-a-nivel-nacional\/\" target=\"_blank\" rel=\"noopener\">https:\/\/www.chapintv.com\/noticia\/seguro-social-fortalece-flota-con-35-ambulancias-para-unidades-a-nivel-nacional\/<\/a><\/p>\n","protected":false},"excerpt":{"rendered":"<p>El Instituto Guatemalteco de Seguridad Social (IGSS) y la Oficina de Naciones Unidas de Servicios para Proyectos (UNOPS) entregaron 35 nuevas ambulancias que beneficiar\u00e1n a afiliados y derechohabientes en todo el territorio nacional. Las unidades de emergencia, presentadas por Jos\u00e9 Adolfo Flamenco, presidente de la Junta Directiva del IGSS, y Edson Javier Rivera M\u00e9ndez, gerente [&hellip;]<\/p>\n","protected":false},"author":4,"featured_media":51248,"comment_status":"closed","ping_status":"closed","sticky":false,"template":"","format":"video","meta":{"footnotes":""},"categories":[3,41,37],"tags":[1208,1367,817,842],"coauthors":[],"class_list":{"0":"post-51246","1":"post","2":"type-post","3":"status-publish","4":"format-video","5":"has-post-thumbnail","7":"category-actualidad","8":"category-igss-en-los-medios","9":"category-unops","10":"tag-ambulancias-igss","11":"tag-equipamiento","12":"tag-tn23","13":"tag-unops","14":"post_format-post-format-video"},"_links":{"self":[{"href":"https:\/\/www.igssgt.org\/noticias\/wp-json\/wp\/v2\/posts\/51246","targetHints":{"allow":["GET"]}}],"collection":[{"href":"https:\/\/www.igssgt.org\/noticias\/wp-json\/wp\/v2\/posts"}],"about":[{"href":"https:\/\/www.igssgt.org\/noticias\/wp-json\/wp\/v2\/types\/post"}],"author":[{"embeddable":true,"href":"https:\/\/www.igssgt.org\/noticias\/wp-json\/wp\/v2\/users\/4"}],"replies":[{"embeddable":true,"href":"https:\/\/www.igssgt.org\/noticias\/wp-json\/wp\/v2\/comments?post=51246"}],"version-history":[{"count":2,"href":"https:\/\/www.igssgt.org\/noticias\/wp-json\/wp\/v2\/posts\/51246\/revisions"}],"predecessor-version":[{"id":51250,"href":"https:\/\/www.igssgt.org\/noticias\/wp-json\/wp\/v2\/posts\/51246\/revisions\/51250"}],"wp:featuredmedia":[{"embeddable":true,"href":"https:\/\/www.igssgt.org\/noticias\/wp-json\/wp\/v2\/media\/51248"}],"wp:attachment":[{"href":"https:\/\/www.igssgt.org\/noticias\/wp-json\/wp\/v2\/media?parent=51246"}],"wp:term":[{"taxonomy":"category","embeddable":true,"href":"https:\/\/www.igssgt.org\/noticias\/wp-json\/wp\/v2\/categories?post=51246"},{"taxonomy":"post_tag","embeddable":true,"href":"https:\/\/www.igssgt.org\/noticias\/wp-json\/wp\/v2\/tags?post=51246"},{"taxonomy":"author","embeddable":true,"href":"https:\/\/www.igssgt.org\/noticias\/wp-json\/wp\/v2\/coauthors?post=51246"}],"curies":[{"name":"wp","href":"https:\/\/api.w.org\/{rel}","templated":true}]}}