{"id":51402,"date":"2025-10-28T05:05:00","date_gmt":"2025-10-28T11:05:00","guid":{"rendered":"https:\/\/www.igssgt.org\/noticias\/?p=51402"},"modified":"2025-10-27T09:32:09","modified_gmt":"2025-10-27T15:32:09","slug":"los-hombres-tambien-pueden-desarrollar-cancer-de-mama-este-atento","status":"publish","type":"post","link":"https:\/\/www.igssgt.org\/noticias\/2025\/10\/28\/los-hombres-tambien-pueden-desarrollar-cancer-de-mama-este-atento\/","title":{"rendered":"Los hombres tambi\u00e9n pueden desarrollar c\u00e1ncer de mama, est\u00e9 atento"},"content":{"rendered":"\n<p class=\"has-drop-cap\">Aunque poco frecuente, el c\u00e1ncer de mama masculino representa menos del 1 % de los casos atendidos en el IGSS.<\/p>\n\n\n\n<p style=\"text-align: justify\"><span style=\"font-family: 'Arial',sans-serif\">El reto es visibilizarlo, ya que la mayori\u0301a se diagnostica en etapas avanzadas y suele estar asociado a factores hereditarios.<\/span><\/p>\n<p><img loading=\"lazy\" decoding=\"async\" class=\"alignnone  wp-image-51404\" src=\"\/wp-content\/uploads\/sites\/5\/2025\/10\/IGSS-mes-de-prevencion-cancer-Hombres-cancer-20256-240x300.jpg\" alt=\"\" width=\"710\" height=\"888\" srcset=\"\/wp-content\/uploads\/sites\/5\/2025\/10\/IGSS-mes-de-prevencion-cancer-Hombres-cancer-20256-240x300.jpg 240w, \/wp-content\/uploads\/sites\/5\/2025\/10\/IGSS-mes-de-prevencion-cancer-Hombres-cancer-20256-819x1024.jpg 819w, \/wp-content\/uploads\/sites\/5\/2025\/10\/IGSS-mes-de-prevencion-cancer-Hombres-cancer-20256-768x960.jpg 768w, \/wp-content\/uploads\/sites\/5\/2025\/10\/IGSS-mes-de-prevencion-cancer-Hombres-cancer-20256-1229x1536.jpg 1229w, \/wp-content\/uploads\/sites\/5\/2025\/10\/IGSS-mes-de-prevencion-cancer-Hombres-cancer-20256-336x420.jpg 336w, \/wp-content\/uploads\/sites\/5\/2025\/10\/IGSS-mes-de-prevencion-cancer-Hombres-cancer-20256-696x870.jpg 696w, \/wp-content\/uploads\/sites\/5\/2025\/10\/IGSS-mes-de-prevencion-cancer-Hombres-cancer-20256-1068x1335.jpg 1068w, \/wp-content\/uploads\/sites\/5\/2025\/10\/IGSS-mes-de-prevencion-cancer-Hombres-cancer-20256-370x462.jpg 370w, \/wp-content\/uploads\/sites\/5\/2025\/10\/IGSS-mes-de-prevencion-cancer-Hombres-cancer-20256.jpg 1280w\" sizes=\"auto, (max-width: 710px) 100vw, 710px\" \/><\/p>\n<p style=\"text-align: justify\"><span style=\"font-family: 'Arial',sans-serif\">El onco\u0301logo Noe\u0301 Castro, del Instituto Guatemalteco de Seguridad Social (IGSS), advirtio\u0301 que el ca\u0301ncer de mama tambie\u0301n afecta a los hombres, aunque su incidencia es baja. <\/span><\/p>\n<p style=\"text-align: justify\"><span style=\"font-family: 'Arial',sans-serif\">\u201cMenos del 1 % de los casos que atendemos corresponden a pacientes masculinos, pero en la mayori\u0301a se detecta en fases avanzadas\u201d, explico\u0301.<\/span><\/p>\n<figure id=\"attachment_51405\" aria-describedby=\"caption-attachment-51405\" style=\"width: 737px\" class=\"wp-caption alignnone\"><img loading=\"lazy\" decoding=\"async\" class=\"wp-image-51405\" src=\"\/wp-content\/uploads\/sites\/5\/2025\/10\/Captura-de-Pantalla-2025-10-27-a-las-09.29.33-300x167.png\" alt=\"\" width=\"737\" height=\"410\" srcset=\"\/wp-content\/uploads\/sites\/5\/2025\/10\/Captura-de-Pantalla-2025-10-27-a-las-09.29.33-300x167.png 300w, \/wp-content\/uploads\/sites\/5\/2025\/10\/Captura-de-Pantalla-2025-10-27-a-las-09.29.33-1024x569.png 1024w, \/wp-content\/uploads\/sites\/5\/2025\/10\/Captura-de-Pantalla-2025-10-27-a-las-09.29.33-768x427.png 768w, \/wp-content\/uploads\/sites\/5\/2025\/10\/Captura-de-Pantalla-2025-10-27-a-las-09.29.33-1536x854.png 1536w, \/wp-content\/uploads\/sites\/5\/2025\/10\/Captura-de-Pantalla-2025-10-27-a-las-09.29.33-756x420.png 756w, \/wp-content\/uploads\/sites\/5\/2025\/10\/Captura-de-Pantalla-2025-10-27-a-las-09.29.33-696x387.png 696w, \/wp-content\/uploads\/sites\/5\/2025\/10\/Captura-de-Pantalla-2025-10-27-a-las-09.29.33-1068x594.png 1068w, \/wp-content\/uploads\/sites\/5\/2025\/10\/Captura-de-Pantalla-2025-10-27-a-las-09.29.33-1920x1067.png 1920w, \/wp-content\/uploads\/sites\/5\/2025\/10\/Captura-de-Pantalla-2025-10-27-a-las-09.29.33-534x297.png 534w, \/wp-content\/uploads\/sites\/5\/2025\/10\/Captura-de-Pantalla-2025-10-27-a-las-09.29.33.png 1968w\" sizes=\"auto, (max-width: 737px) 100vw, 737px\" \/><figcaption id=\"caption-attachment-51405\" class=\"wp-caption-text\">Los hombres tambi\u00e9n deben realizarse revisiones peri\u00f3dicas.<\/figcaption><\/figure>\n<p style=\"text-align: justify\"><span style=\"font-family: 'Arial',sans-serif\">Segu\u0301n datos del Departamento Actuarial y Estadi\u0301stico, en 2024 el IGSS atendio\u0301 3 mil 250 pacientes con ca\u0301ncer de mama, de los cuales 11 fueron hombres. <\/span><\/p>\n<p style=\"text-align: justify\"><span style=\"font-family: 'Arial',sans-serif\">En lo que va de 2025, se han registrado 3 mil 196 pacientes, incluyendo 9 casos masculinos. Aunque la cifra es pequen\u0303a, la gravedad radica en que suelen diagnosticarse tarde y esta\u0301n ligados a antecedentes hereditarios directos. <\/span><\/p>\n<p style=\"text-align: justify\"><span style=\"font-family: 'Arial',sans-serif\">Uno de los principales obsta\u0301culos es la percepcio\u0301n de que esta enfermedad es exclusiva de la mujer.<\/span><\/p>\n<p><img loading=\"lazy\" decoding=\"async\" class=\"alignnone  wp-image-51406\" src=\"\/wp-content\/uploads\/sites\/5\/2025\/10\/IGSS-mes-de-prevencion-cancer-Hombres-cancer-20252-300x173.jpg\" alt=\"\" width=\"732\" height=\"422\" srcset=\"\/wp-content\/uploads\/sites\/5\/2025\/10\/IGSS-mes-de-prevencion-cancer-Hombres-cancer-20252-300x173.jpg 300w, \/wp-content\/uploads\/sites\/5\/2025\/10\/IGSS-mes-de-prevencion-cancer-Hombres-cancer-20252-768x442.jpg 768w, \/wp-content\/uploads\/sites\/5\/2025\/10\/IGSS-mes-de-prevencion-cancer-Hombres-cancer-20252-730x420.jpg 730w, \/wp-content\/uploads\/sites\/5\/2025\/10\/IGSS-mes-de-prevencion-cancer-Hombres-cancer-20252-696x400.jpg 696w, \/wp-content\/uploads\/sites\/5\/2025\/10\/IGSS-mes-de-prevencion-cancer-Hombres-cancer-20252-534x307.jpg 534w, \/wp-content\/uploads\/sites\/5\/2025\/10\/IGSS-mes-de-prevencion-cancer-Hombres-cancer-20252.jpg 770w\" sizes=\"auto, (max-width: 732px) 100vw, 732px\" \/><\/p>\n<p style=\"text-align: justify\"><span style=\"font-family: 'Arial',sans-serif\">\u201cLa vergu\u0308enza y la falta de informacio\u0301n retrasan la consulta. Incluso algunos me\u0301dicos sin preparacio\u0301n en oncologi\u0301a no lo consideran dentro de sus diagno\u0301sticos diferenciales\u201d, comento\u0301 Castro. <\/span><\/p>\n<p style=\"text-align: justify\"><span style=\"font-family: 'Arial',sans-serif\">Para contrarrestar esta situacio\u0301n, el Seguro Social desarrolla conferencias preventivas en sus distintas unidades me\u0301dicas, donde especialistas en oncologi\u0301a sensibilizan a afiliados, derechohabientes y pensionados sobre la importancia de la prevencio\u0301n y la atencio\u0301n temprana. <\/span><\/p>\n<p style=\"text-align: justify\"><span style=\"font-family: 'Arial',sans-serif\">\u00a0<\/span><\/p>\n\n\n\n\n\n<p><\/p>\n\n\n\n<p><\/p>\n","protected":false},"excerpt":{"rendered":"<p>Aunque poco frecuente, el c\u00e1ncer de mama masculino representa menos del 1 % de los casos atendidos en el IGSS. El reto es visibilizarlo, ya que la mayori\u0301a se diagnostica en etapas avanzadas y suele estar asociado a factores hereditarios. El onco\u0301logo Noe\u0301 Castro, del Instituto Guatemalteco de Seguridad Social (IGSS), advirtio\u0301 que el ca\u0301ncer [&hellip;]<\/p>\n","protected":false},"author":3269,"featured_media":51403,"comment_status":"closed","ping_status":"closed","sticky":false,"template":"","format":"standard","meta":{"footnotes":""},"categories":[3,1130,1291,27,31,36],"tags":[2468,490,2452,727],"coauthors":[1970],"class_list":{"0":"post-51402","1":"post","2":"type-post","3":"status-publish","4":"format-standard","5":"has-post-thumbnail","7":"category-actualidad","8":"category-consejos-medicos","9":"category-prestaciones-en-salud","10":"category-prevencion-en-salud","11":"category-salud","12":"category-unidades-medicas","13":"tag-cancer-de-mama-en-hombres","14":"tag-igss","15":"tag-mes-de-concientizacion-sobre-el-cancer-de-mama","16":"tag-prevencion-igss"},"_links":{"self":[{"href":"https:\/\/www.igssgt.org\/noticias\/wp-json\/wp\/v2\/posts\/51402","targetHints":{"allow":["GET"]}}],"collection":[{"href":"https:\/\/www.igssgt.org\/noticias\/wp-json\/wp\/v2\/posts"}],"about":[{"href":"https:\/\/www.igssgt.org\/noticias\/wp-json\/wp\/v2\/types\/post"}],"author":[{"embeddable":true,"href":"https:\/\/www.igssgt.org\/noticias\/wp-json\/wp\/v2\/users\/3269"}],"replies":[{"embeddable":true,"href":"https:\/\/www.igssgt.org\/noticias\/wp-json\/wp\/v2\/comments?post=51402"}],"version-history":[{"count":1,"href":"https:\/\/www.igssgt.org\/noticias\/wp-json\/wp\/v2\/posts\/51402\/revisions"}],"predecessor-version":[{"id":51407,"href":"https:\/\/www.igssgt.org\/noticias\/wp-json\/wp\/v2\/posts\/51402\/revisions\/51407"}],"wp:featuredmedia":[{"embeddable":true,"href":"https:\/\/www.igssgt.org\/noticias\/wp-json\/wp\/v2\/media\/51403"}],"wp:attachment":[{"href":"https:\/\/www.igssgt.org\/noticias\/wp-json\/wp\/v2\/media?parent=51402"}],"wp:term":[{"taxonomy":"category","embeddable":true,"href":"https:\/\/www.igssgt.org\/noticias\/wp-json\/wp\/v2\/categories?post=51402"},{"taxonomy":"post_tag","embeddable":true,"href":"https:\/\/www.igssgt.org\/noticias\/wp-json\/wp\/v2\/tags?post=51402"},{"taxonomy":"author","embeddable":true,"href":"https:\/\/www.igssgt.org\/noticias\/wp-json\/wp\/v2\/coauthors?post=51402"}],"curies":[{"name":"wp","href":"https:\/\/api.w.org\/{rel}","templated":true}]}}