{"id":51414,"date":"2025-10-31T05:08:00","date_gmt":"2025-10-31T11:08:00","guid":{"rendered":"https:\/\/www.igssgt.org\/noticias\/?p=51414"},"modified":"2025-10-27T12:23:31","modified_gmt":"2025-10-27T18:23:31","slug":"vencio-al-cancer-de-mama-con-ayuda-del-seguro-social","status":"publish","type":"post","link":"https:\/\/www.igssgt.org\/noticias\/2025\/10\/31\/vencio-al-cancer-de-mama-con-ayuda-del-seguro-social\/","title":{"rendered":"Venci\u00f3 al c\u00e1ncer de mama con ayuda del Seguro Social"},"content":{"rendered":"\n<p class=\"has-drop-cap\">Rita Clarissa Santizo, pianista de profesi\u00f3n y cantante soprano del coro Nacional de Guatemala, venci\u00f3 el c\u00e1ncer de mama desde 2021, gracias a los tratamientos oncol\u00f3gicos que recibi\u00f3 durante un a\u00f1o y medio en la Unidad de Consulta Externa de Enfermedades.<\/p>\n\n\n\n<figure id=\"attachment_51416\" aria-describedby=\"caption-attachment-51416\" style=\"width: 714px\" class=\"wp-caption alignnone\"><img loading=\"lazy\" decoding=\"async\" class=\"wp-image-51416\" src=\"\/wp-content\/uploads\/sites\/5\/2025\/10\/IGSS-mes-de-prevencion-cancer-Historia-de-vida-Rita-Santizo-20252-300x200.jpg\" alt=\"\" width=\"714\" height=\"476\" srcset=\"\/wp-content\/uploads\/sites\/5\/2025\/10\/IGSS-mes-de-prevencion-cancer-Historia-de-vida-Rita-Santizo-20252-300x200.jpg 300w, \/wp-content\/uploads\/sites\/5\/2025\/10\/IGSS-mes-de-prevencion-cancer-Historia-de-vida-Rita-Santizo-20252-1024x682.jpg 1024w, \/wp-content\/uploads\/sites\/5\/2025\/10\/IGSS-mes-de-prevencion-cancer-Historia-de-vida-Rita-Santizo-20252-768x512.jpg 768w, \/wp-content\/uploads\/sites\/5\/2025\/10\/IGSS-mes-de-prevencion-cancer-Historia-de-vida-Rita-Santizo-20252-1536x1023.jpg 1536w, \/wp-content\/uploads\/sites\/5\/2025\/10\/IGSS-mes-de-prevencion-cancer-Historia-de-vida-Rita-Santizo-20252-630x420.jpg 630w, \/wp-content\/uploads\/sites\/5\/2025\/10\/IGSS-mes-de-prevencion-cancer-Historia-de-vida-Rita-Santizo-20252-696x464.jpg 696w, \/wp-content\/uploads\/sites\/5\/2025\/10\/IGSS-mes-de-prevencion-cancer-Historia-de-vida-Rita-Santizo-20252-1068x712.jpg 1068w, \/wp-content\/uploads\/sites\/5\/2025\/10\/IGSS-mes-de-prevencion-cancer-Historia-de-vida-Rita-Santizo-20252-534x356.jpg 534w, \/wp-content\/uploads\/sites\/5\/2025\/10\/IGSS-mes-de-prevencion-cancer-Historia-de-vida-Rita-Santizo-20252.jpg 1600w\" sizes=\"auto, (max-width: 714px) 100vw, 714px\" \/><figcaption id=\"caption-attachment-51416\" class=\"wp-caption-text\">Rita Clarissa Santizo super\u00f3 el c\u00e1ncer de mama con el apoyo del Seguro Social.<\/figcaption><\/figure>\n<p>Con la mirada triste, recordo\u0301 que, luego que le ralizaron una mamografi\u0301a de rutina en julio de 2018, el IGSS le detecto\u0301 el ca\u0301ncer en su seno izquierdo.<\/p>\n<p>Tras diversos estudios cli\u0301nicos hechos a tiempo, fueron vitales para obtener un tratamiento quiru\u0301rgico o\u0301ptimo.<\/p>\n<p>\u201cCuando me dijeron que teni\u0301a ca\u0301ncer, hubo miedo, temor, pero lo ideal fue contar con el apoyo de mi familia y estar acompan\u0303ada de un grupo de me\u0301dicos que se interesaron en mi bienestar desde el primer momento que llegue\u0301 al IGSS. Me hicieron 18 terapias dirigidas trastuzumab y 25 radioterapias para la destruccio\u0301n de las ce\u0301lulas cancerosas\u201d destaco\u0301.<\/p>\n<figure id=\"attachment_51417\" aria-describedby=\"caption-attachment-51417\" style=\"width: 726px\" class=\"wp-caption alignnone\"><img loading=\"lazy\" decoding=\"async\" class=\"wp-image-51417\" src=\"\/wp-content\/uploads\/sites\/5\/2025\/10\/IGSS-mes-de-prevencion-cancer-Historia-de-vida-Rita-Santizo-20253-300x200.jpg\" alt=\"\" width=\"726\" height=\"484\" srcset=\"\/wp-content\/uploads\/sites\/5\/2025\/10\/IGSS-mes-de-prevencion-cancer-Historia-de-vida-Rita-Santizo-20253-300x200.jpg 300w, \/wp-content\/uploads\/sites\/5\/2025\/10\/IGSS-mes-de-prevencion-cancer-Historia-de-vida-Rita-Santizo-20253-1024x682.jpg 1024w, \/wp-content\/uploads\/sites\/5\/2025\/10\/IGSS-mes-de-prevencion-cancer-Historia-de-vida-Rita-Santizo-20253-768x512.jpg 768w, \/wp-content\/uploads\/sites\/5\/2025\/10\/IGSS-mes-de-prevencion-cancer-Historia-de-vida-Rita-Santizo-20253-1536x1023.jpg 1536w, \/wp-content\/uploads\/sites\/5\/2025\/10\/IGSS-mes-de-prevencion-cancer-Historia-de-vida-Rita-Santizo-20253-630x420.jpg 630w, \/wp-content\/uploads\/sites\/5\/2025\/10\/IGSS-mes-de-prevencion-cancer-Historia-de-vida-Rita-Santizo-20253-696x464.jpg 696w, \/wp-content\/uploads\/sites\/5\/2025\/10\/IGSS-mes-de-prevencion-cancer-Historia-de-vida-Rita-Santizo-20253-1068x712.jpg 1068w, \/wp-content\/uploads\/sites\/5\/2025\/10\/IGSS-mes-de-prevencion-cancer-Historia-de-vida-Rita-Santizo-20253-534x356.jpg 534w, \/wp-content\/uploads\/sites\/5\/2025\/10\/IGSS-mes-de-prevencion-cancer-Historia-de-vida-Rita-Santizo-20253.jpg 1600w\" sizes=\"auto, (max-width: 726px) 100vw, 726px\" \/><figcaption id=\"caption-attachment-51417\" class=\"wp-caption-text\">La pianista y soprano agradece al IGSS por acompa\u00f1arla durante su tratamiento y hoy, comparte su historia de esperanza y fe tras vencer el c\u00e1ncer.<\/figcaption><\/figure>\n<p>El ca\u0301ncer que afecto\u0301 la vida de Rita Santizo fue el HER2 el ma\u0301s agresivo, este consiste en una protei\u0301na que fomenta el crecimiento ra\u0301pido de las ce\u0301lulas cancerosas del seno, es por eso por lo que me\u0301dicos del IGSS la operaron de la mama izquierda donde le extirparon varios ganglios.<\/p>\n<blockquote>\n<p>\u201cEl ca\u0301ncer me ensen\u0303o\u0301 que la vida es un regalo y el IGSS me ayudo\u0301 a vencerlo, con el apoyo de personas que me atendieron muy bien en todo momento\u201d, Rita Clarissa Santizo, afiliada.<\/p>\n<\/blockquote>\n<p>Hoy Rita Santizo goza de una buena salud, brinda clases de piano y con una sonrisa agradece a Dios y al Seguro Social por cada tratamiento realizado y por esta segunda oportunidad de vida la cual la considera como un regalo.<\/p>\n","protected":false},"excerpt":{"rendered":"<p>Rita Clarissa Santizo, pianista de profesi\u00f3n y cantante soprano del coro Nacional de Guatemala, venci\u00f3 el c\u00e1ncer de mama desde 2021, gracias a los tratamientos oncol\u00f3gicos que recibi\u00f3 durante un a\u00f1o y medio en la Unidad de Consulta Externa de Enfermedades. Con la mirada triste, recordo\u0301 que, luego que le ralizaron una mamografi\u0301a de rutina [&hellip;]<\/p>\n","protected":false},"author":3269,"featured_media":51415,"comment_status":"closed","ping_status":"closed","sticky":false,"template":"","format":"standard","meta":{"footnotes":""},"categories":[3,10,1291,27,31,33],"tags":[2103,490,2452,1918],"coauthors":[1970],"class_list":{"0":"post-51414","1":"post","2":"type-post","3":"status-publish","4":"format-standard","5":"has-post-thumbnail","7":"category-actualidad","8":"category-cirugias","9":"category-prestaciones-en-salud","10":"category-prevencion-en-salud","11":"category-salud","12":"category-servicios-de-salud","13":"tag-historia-de-vida","14":"tag-igss","15":"tag-mes-de-concientizacion-sobre-el-cancer-de-mama","16":"tag-unidad-de-consulta-externa-de-enfermedades"},"_links":{"self":[{"href":"https:\/\/www.igssgt.org\/noticias\/wp-json\/wp\/v2\/posts\/51414","targetHints":{"allow":["GET"]}}],"collection":[{"href":"https:\/\/www.igssgt.org\/noticias\/wp-json\/wp\/v2\/posts"}],"about":[{"href":"https:\/\/www.igssgt.org\/noticias\/wp-json\/wp\/v2\/types\/post"}],"author":[{"embeddable":true,"href":"https:\/\/www.igssgt.org\/noticias\/wp-json\/wp\/v2\/users\/3269"}],"replies":[{"embeddable":true,"href":"https:\/\/www.igssgt.org\/noticias\/wp-json\/wp\/v2\/comments?post=51414"}],"version-history":[{"count":1,"href":"https:\/\/www.igssgt.org\/noticias\/wp-json\/wp\/v2\/posts\/51414\/revisions"}],"predecessor-version":[{"id":51418,"href":"https:\/\/www.igssgt.org\/noticias\/wp-json\/wp\/v2\/posts\/51414\/revisions\/51418"}],"wp:featuredmedia":[{"embeddable":true,"href":"https:\/\/www.igssgt.org\/noticias\/wp-json\/wp\/v2\/media\/51415"}],"wp:attachment":[{"href":"https:\/\/www.igssgt.org\/noticias\/wp-json\/wp\/v2\/media?parent=51414"}],"wp:term":[{"taxonomy":"category","embeddable":true,"href":"https:\/\/www.igssgt.org\/noticias\/wp-json\/wp\/v2\/categories?post=51414"},{"taxonomy":"post_tag","embeddable":true,"href":"https:\/\/www.igssgt.org\/noticias\/wp-json\/wp\/v2\/tags?post=51414"},{"taxonomy":"author","embeddable":true,"href":"https:\/\/www.igssgt.org\/noticias\/wp-json\/wp\/v2\/coauthors?post=51414"}],"curies":[{"name":"wp","href":"https:\/\/api.w.org\/{rel}","templated":true}]}}