{"id":51477,"date":"2025-10-28T10:30:00","date_gmt":"2025-10-28T16:30:00","guid":{"rendered":"https:\/\/www.igssgt.org\/noticias\/?p=51477"},"modified":"2025-10-28T15:42:23","modified_gmt":"2025-10-28T21:42:23","slug":"convocatoria-de-la-plaza-medico-general-para-el-hospital-general-dr-juan-jose-arevalo-bermejo","status":"publish","type":"post","link":"https:\/\/www.igssgt.org\/noticias\/2025\/10\/28\/convocatoria-de-la-plaza-medico-general-para-el-hospital-general-dr-juan-jose-arevalo-bermejo\/","title":{"rendered":"Convocatoria de la plaza: M\u00e9dico General para el Hospital General Dr. Juan Jos\u00e9 Ar\u00e9valo Bermejo"},"content":{"rendered":"\n<h3>El Instituto Guatemalteco de Seguridad Social a trav\u00e9s de la Subgerencia de Recursos Humanos invita a participar en la convocatoria externa para la plaza vacante 011:<\/h3>\n<h4>Puesto: M\u00e9dico General de 4 horas<\/h4>\n<ul>\n<li>De 12:00 a 16:00 horas (1 puesto)<\/li>\n<li>De 16:00 a 20:00 horas (1 puesto)<\/li>\n<\/ul>\n<h4>Ubicaci\u00f3n: Hospital General Dr. Juan Jos\u00e9 Ar\u00e9valo Bermejo, Ciudad de Guatemala<\/h4>\n<h4>Fecha l\u00edmite de recepci\u00f3n de solicitudes: 10 de noviembre de 2025<\/h4>\n<p><a href=\"\/wp-content\/uploads\/sites\/5\/2025\/10\/730378e7-b656-4935-b258-69529fe932a8.jpg\"><img loading=\"lazy\" decoding=\"async\" class=\"aligncenter size-full wp-image-51478\" src=\"\/wp-content\/uploads\/sites\/5\/2025\/10\/730378e7-b656-4935-b258-69529fe932a8.jpg\" alt=\"\" width=\"779\" height=\"1280\" srcset=\"\/wp-content\/uploads\/sites\/5\/2025\/10\/730378e7-b656-4935-b258-69529fe932a8.jpg 779w, \/wp-content\/uploads\/sites\/5\/2025\/10\/730378e7-b656-4935-b258-69529fe932a8-183x300.jpg 183w, \/wp-content\/uploads\/sites\/5\/2025\/10\/730378e7-b656-4935-b258-69529fe932a8-623x1024.jpg 623w, \/wp-content\/uploads\/sites\/5\/2025\/10\/730378e7-b656-4935-b258-69529fe932a8-768x1262.jpg 768w, \/wp-content\/uploads\/sites\/5\/2025\/10\/730378e7-b656-4935-b258-69529fe932a8-256x420.jpg 256w, \/wp-content\/uploads\/sites\/5\/2025\/10\/730378e7-b656-4935-b258-69529fe932a8-696x1144.jpg 696w, \/wp-content\/uploads\/sites\/5\/2025\/10\/730378e7-b656-4935-b258-69529fe932a8-281x462.jpg 281w\" sizes=\"auto, (max-width: 779px) 100vw, 779px\" \/><\/a><\/p>\n","protected":false},"excerpt":{"rendered":"<p>Puesto:<br \/>\nM\u00e9dico General de 4 horas<br \/>\n&#8211;  De 12:00 a 16:00 horas (1 puesto).<br \/>\n&#8211;  De 16:00 a 20:00 horas (1 puesto).<\/p>\n<p>Ubicaci\u00f3n: Hospital General Dr. Juan Jos\u00e9 Ar\u00e9valo Bermejo, Ciudad de Guatemala.<\/p>\n<p>Fecha l\u00edmite de recepci\u00f3n de solicitudes: 10 de noviembre de 2025.<\/p>\n<p>\u2b05\ufe0f Para descargar la convocatoria haga clic en la imagen.<\/p>\n","protected":false},"author":4,"featured_media":51478,"comment_status":"closed","ping_status":"closed","sticky":false,"template":"","format":"standard","meta":{"footnotes":""},"categories":[1299],"tags":[213,1300],"coauthors":[],"class_list":{"0":"post-51477","1":"post","2":"type-post","3":"status-publish","4":"format-standard","5":"has-post-thumbnail","7":"category-plazas-vacantes","8":"tag-convocatoria-plazas-igss","9":"tag-empleos-igss"},"_links":{"self":[{"href":"https:\/\/www.igssgt.org\/noticias\/wp-json\/wp\/v2\/posts\/51477","targetHints":{"allow":["GET"]}}],"collection":[{"href":"https:\/\/www.igssgt.org\/noticias\/wp-json\/wp\/v2\/posts"}],"about":[{"href":"https:\/\/www.igssgt.org\/noticias\/wp-json\/wp\/v2\/types\/post"}],"author":[{"embeddable":true,"href":"https:\/\/www.igssgt.org\/noticias\/wp-json\/wp\/v2\/users\/4"}],"replies":[{"embeddable":true,"href":"https:\/\/www.igssgt.org\/noticias\/wp-json\/wp\/v2\/comments?post=51477"}],"version-history":[{"count":2,"href":"https:\/\/www.igssgt.org\/noticias\/wp-json\/wp\/v2\/posts\/51477\/revisions"}],"predecessor-version":[{"id":51480,"href":"https:\/\/www.igssgt.org\/noticias\/wp-json\/wp\/v2\/posts\/51477\/revisions\/51480"}],"wp:featuredmedia":[{"embeddable":true,"href":"https:\/\/www.igssgt.org\/noticias\/wp-json\/wp\/v2\/media\/51478"}],"wp:attachment":[{"href":"https:\/\/www.igssgt.org\/noticias\/wp-json\/wp\/v2\/media?parent=51477"}],"wp:term":[{"taxonomy":"category","embeddable":true,"href":"https:\/\/www.igssgt.org\/noticias\/wp-json\/wp\/v2\/categories?post=51477"},{"taxonomy":"post_tag","embeddable":true,"href":"https:\/\/www.igssgt.org\/noticias\/wp-json\/wp\/v2\/tags?post=51477"},{"taxonomy":"author","embeddable":true,"href":"https:\/\/www.igssgt.org\/noticias\/wp-json\/wp\/v2\/coauthors?post=51477"}],"curies":[{"name":"wp","href":"https:\/\/api.w.org\/{rel}","templated":true}]}}