{"id":51490,"date":"2025-10-28T16:25:09","date_gmt":"2025-10-28T22:25:09","guid":{"rendered":"https:\/\/www.igssgt.org\/noticias\/?p=51490"},"modified":"2025-10-28T16:25:09","modified_gmt":"2025-10-28T22:25:09","slug":"convocatoria-de-la-plaza-medico-especialista-medicina-interna-para-el-hospital-dr-juan-jose-arevalo-bermejo","status":"publish","type":"post","link":"https:\/\/www.igssgt.org\/noticias\/2025\/10\/28\/convocatoria-de-la-plaza-medico-especialista-medicina-interna-para-el-hospital-dr-juan-jose-arevalo-bermejo\/","title":{"rendered":"Convocatoria de la plaza: M\u00e9dico Especialista (Medicina Interna) para el Hospital Dr. Juan Jos\u00e9 Ar\u00e9valo Bermejo"},"content":{"rendered":"\n<h3>El Instituto Guatemalteco de Seguridad Social a trav\u00e9s de la Subgerencia de Recursos Humanos invita a participar en la convocatoria externa para la plaza vacante 011:<\/h3>\n<h4>Puesto: M\u00e9dico Especialista A con turno de 6 horas (Medicina Interna)<\/h4>\n<h4>Ubicaci\u00f3n: Hospital General Dr. Juan Jos\u00e9 Ar\u00e9valo Bermejo, Ciudad de Guatemala<\/h4>\n<h4>Fecha l\u00edmite de recepci\u00f3n de solicitudes: 10 de noviembre de 2025<\/h4>\n<p><a href=\"\/wp-content\/uploads\/sites\/5\/2025\/10\/Conovocatoria-plaza-IGSS-medico-especialista-medicina-interna.jpg\"><img loading=\"lazy\" decoding=\"async\" class=\"aligncenter size-full wp-image-51491\" src=\"\/wp-content\/uploads\/sites\/5\/2025\/10\/Conovocatoria-plaza-IGSS-medico-especialista-medicina-interna.jpg\" alt=\"\" width=\"780\" height=\"1280\" srcset=\"\/wp-content\/uploads\/sites\/5\/2025\/10\/Conovocatoria-plaza-IGSS-medico-especialista-medicina-interna.jpg 780w, \/wp-content\/uploads\/sites\/5\/2025\/10\/Conovocatoria-plaza-IGSS-medico-especialista-medicina-interna-183x300.jpg 183w, \/wp-content\/uploads\/sites\/5\/2025\/10\/Conovocatoria-plaza-IGSS-medico-especialista-medicina-interna-624x1024.jpg 624w, \/wp-content\/uploads\/sites\/5\/2025\/10\/Conovocatoria-plaza-IGSS-medico-especialista-medicina-interna-768x1260.jpg 768w, \/wp-content\/uploads\/sites\/5\/2025\/10\/Conovocatoria-plaza-IGSS-medico-especialista-medicina-interna-256x420.jpg 256w, \/wp-content\/uploads\/sites\/5\/2025\/10\/Conovocatoria-plaza-IGSS-medico-especialista-medicina-interna-696x1142.jpg 696w, \/wp-content\/uploads\/sites\/5\/2025\/10\/Conovocatoria-plaza-IGSS-medico-especialista-medicina-interna-282x462.jpg 282w\" sizes=\"auto, (max-width: 780px) 100vw, 780px\" \/><\/a><\/p>\n","protected":false},"excerpt":{"rendered":"<p>Puesto: M\u00e9dico Especialista A con turno de 6 horas (Medicina Interna).<\/p>\n<p>Ubicaci\u00f3n: Hospital General Dr. Juan Jos\u00e9 Ar\u00e9valo Bermejo, Ciudad de Guatemala.<\/p>\n<p>Fecha l\u00edmite de recepci\u00f3n de solicitudes: 10 de noviembre de 2025.<\/p>\n<p>\u2b05\ufe0f Para descargar la convocatoria haga clic en la imagen.<\/p>\n","protected":false},"author":4,"featured_media":51491,"comment_status":"closed","ping_status":"closed","sticky":false,"template":"","format":"standard","meta":{"footnotes":""},"categories":[1299],"tags":[213,1300],"coauthors":[],"class_list":{"0":"post-51490","1":"post","2":"type-post","3":"status-publish","4":"format-standard","5":"has-post-thumbnail","7":"category-plazas-vacantes","8":"tag-convocatoria-plazas-igss","9":"tag-empleos-igss"},"_links":{"self":[{"href":"https:\/\/www.igssgt.org\/noticias\/wp-json\/wp\/v2\/posts\/51490","targetHints":{"allow":["GET"]}}],"collection":[{"href":"https:\/\/www.igssgt.org\/noticias\/wp-json\/wp\/v2\/posts"}],"about":[{"href":"https:\/\/www.igssgt.org\/noticias\/wp-json\/wp\/v2\/types\/post"}],"author":[{"embeddable":true,"href":"https:\/\/www.igssgt.org\/noticias\/wp-json\/wp\/v2\/users\/4"}],"replies":[{"embeddable":true,"href":"https:\/\/www.igssgt.org\/noticias\/wp-json\/wp\/v2\/comments?post=51490"}],"version-history":[{"count":1,"href":"https:\/\/www.igssgt.org\/noticias\/wp-json\/wp\/v2\/posts\/51490\/revisions"}],"predecessor-version":[{"id":51492,"href":"https:\/\/www.igssgt.org\/noticias\/wp-json\/wp\/v2\/posts\/51490\/revisions\/51492"}],"wp:featuredmedia":[{"embeddable":true,"href":"https:\/\/www.igssgt.org\/noticias\/wp-json\/wp\/v2\/media\/51491"}],"wp:attachment":[{"href":"https:\/\/www.igssgt.org\/noticias\/wp-json\/wp\/v2\/media?parent=51490"}],"wp:term":[{"taxonomy":"category","embeddable":true,"href":"https:\/\/www.igssgt.org\/noticias\/wp-json\/wp\/v2\/categories?post=51490"},{"taxonomy":"post_tag","embeddable":true,"href":"https:\/\/www.igssgt.org\/noticias\/wp-json\/wp\/v2\/tags?post=51490"},{"taxonomy":"author","embeddable":true,"href":"https:\/\/www.igssgt.org\/noticias\/wp-json\/wp\/v2\/coauthors?post=51490"}],"curies":[{"name":"wp","href":"https:\/\/api.w.org\/{rel}","templated":true}]}}