{"id":51697,"date":"2025-11-22T05:08:00","date_gmt":"2025-11-22T11:08:00","guid":{"rendered":"https:\/\/www.igssgt.org\/noticias\/?p=51697"},"modified":"2025-11-24T13:24:02","modified_gmt":"2025-11-24T19:24:02","slug":"el-igss-realiza-jornada-de-salud-preventiva-para-trabajadores-del-renap","status":"publish","type":"post","link":"https:\/\/www.igssgt.org\/noticias\/2025\/11\/22\/el-igss-realiza-jornada-de-salud-preventiva-para-trabajadores-del-renap\/","title":{"rendered":"El IGSS realiza jornada de salud preventiva para trabajadores del RENAP"},"content":{"rendered":"\n<p class=\"has-drop-cap\">Con el prop\u00f3sito de promover la salud preventiva y acercar los servicios m\u00e9dicos a los afiliados, el Instituto Guatemalteco de Seguridad Social (IGSS) llev\u00f3 a cabo una Jornada de Salud en la sede central del Registro Nacional de las Personas&nbsp;(RENAP).<\/p>\n\n\n\n<p>Durante la actividad, los trabajadores recibieron atenci\u00f3n que incluy\u00f3 toma de muestras de sangre, control de signos vitales y verificaci\u00f3n de datos m\u00e9dicos.<\/p>\n<figure id=\"attachment_51699\" aria-describedby=\"caption-attachment-51699\" style=\"width: 725px\" class=\"wp-caption alignnone\"><img loading=\"lazy\" decoding=\"async\" class=\"wp-image-51699\" src=\"\/wp-content\/uploads\/sites\/5\/2025\/11\/IGSS-Jornada-de-Salud-Renap-20255-300x200.jpeg\" alt=\"\" width=\"725\" height=\"483\" srcset=\"\/wp-content\/uploads\/sites\/5\/2025\/11\/IGSS-Jornada-de-Salud-Renap-20255-300x200.jpeg 300w, \/wp-content\/uploads\/sites\/5\/2025\/11\/IGSS-Jornada-de-Salud-Renap-20255-1024x682.jpeg 1024w, \/wp-content\/uploads\/sites\/5\/2025\/11\/IGSS-Jornada-de-Salud-Renap-20255-768x512.jpeg 768w, \/wp-content\/uploads\/sites\/5\/2025\/11\/IGSS-Jornada-de-Salud-Renap-20255-1536x1023.jpeg 1536w, \/wp-content\/uploads\/sites\/5\/2025\/11\/IGSS-Jornada-de-Salud-Renap-20255-630x420.jpeg 630w, \/wp-content\/uploads\/sites\/5\/2025\/11\/IGSS-Jornada-de-Salud-Renap-20255-696x464.jpeg 696w, \/wp-content\/uploads\/sites\/5\/2025\/11\/IGSS-Jornada-de-Salud-Renap-20255-1068x712.jpeg 1068w, \/wp-content\/uploads\/sites\/5\/2025\/11\/IGSS-Jornada-de-Salud-Renap-20255-534x356.jpeg 534w, \/wp-content\/uploads\/sites\/5\/2025\/11\/IGSS-Jornada-de-Salud-Renap-20255.jpeg 1600w\" sizes=\"auto, (max-width: 725px) 100vw, 725px\" \/><figcaption id=\"caption-attachment-51699\" class=\"wp-caption-text\">Colaboradores del RENAP participaron en la Jornada de Salud del IGSS, que promueve la prevenci\u00f3n y el autocuidado.<\/figcaption><\/figure>\n<p>La iniciativa permiti\u00f3 detectar posibles factores de riesgo y brindar orientaci\u00f3n m\u00e9dica personalizada, fortaleciendo el compromiso del Seguro Social con la promoci\u00f3n del bienestar integral en los centros de trabajo.<\/p>\n<p>\u201cEs un gran apoyo que el IGSS venga hasta nuestras oficinas. A veces por falta de tiempo no podemos ir a consulta, y hoy tuvimos la oportunidad de conocer c\u00f3mo est\u00e1 nuestra salud\u201d, expres\u00f3 Yasmin Alvarado, asistente ejecutiva del RENAP.<\/p>\n<p>Otros trabajadores tambi\u00e9n manifestaron su agradecimiento por la cercan\u00eda de los servicios y la atenci\u00f3n recibida.<\/p>\n<figure id=\"attachment_51700\" aria-describedby=\"caption-attachment-51700\" style=\"width: 714px\" class=\"wp-caption alignnone\"><img loading=\"lazy\" decoding=\"async\" class=\"wp-image-51700\" src=\"\/wp-content\/uploads\/sites\/5\/2025\/11\/IGSS-Jornada-de-Salud-Renap-202514-300x200.jpg\" alt=\"\" width=\"714\" height=\"476\" srcset=\"\/wp-content\/uploads\/sites\/5\/2025\/11\/IGSS-Jornada-de-Salud-Renap-202514-300x200.jpg 300w, \/wp-content\/uploads\/sites\/5\/2025\/11\/IGSS-Jornada-de-Salud-Renap-202514-1024x682.jpg 1024w, \/wp-content\/uploads\/sites\/5\/2025\/11\/IGSS-Jornada-de-Salud-Renap-202514-768x512.jpg 768w, \/wp-content\/uploads\/sites\/5\/2025\/11\/IGSS-Jornada-de-Salud-Renap-202514-1536x1023.jpg 1536w, \/wp-content\/uploads\/sites\/5\/2025\/11\/IGSS-Jornada-de-Salud-Renap-202514-630x420.jpg 630w, \/wp-content\/uploads\/sites\/5\/2025\/11\/IGSS-Jornada-de-Salud-Renap-202514-696x464.jpg 696w, \/wp-content\/uploads\/sites\/5\/2025\/11\/IGSS-Jornada-de-Salud-Renap-202514-1068x712.jpg 1068w, \/wp-content\/uploads\/sites\/5\/2025\/11\/IGSS-Jornada-de-Salud-Renap-202514-534x356.jpg 534w, \/wp-content\/uploads\/sites\/5\/2025\/11\/IGSS-Jornada-de-Salud-Renap-202514.jpg 1600w\" sizes=\"auto, (max-width: 714px) 100vw, 714px\" \/><figcaption id=\"caption-attachment-51700\" class=\"wp-caption-text\">Durante la jornada, m\u00e1s de 200 trabajadores recibieron control de signos vitales y atenci\u00f3n m\u00e9dica gratuita.<\/figcaption><\/figure>\n<p>\u00a0\u201cEl personal fue muy amable y profesional; esta jornada nos motiva a cuidar m\u00e1s de nuestra salud\u201d, coment\u00f3 Luis Rodr\u00edguez, del \u00e1rea \u00a0de Comunicaci\u00f3n Social, destacando la importancia de este tipo de iniciativas para mejorar la calidad de vida en el \u00e1mbito laboral.<\/p>\n<p>El Instituto impulsa estas jornadas en instituciones p\u00fablicas y privadas como parte de su esfuerzo permanente por fomentar una cultura de prevenci\u00f3n, h\u00e1bitos saludables y detecci\u00f3n temprana de enfermedades entre la poblaci\u00f3n afiliada.<\/p>\n\r\n                <style type=\"text\/css\">\r\n                    \r\n                    #tdi_1  .td-doubleSlider-2 .td-item1 {\r\n                        background: url(\/wp-content\/uploads\/sites\/5\/2025\/11\/IGSS-Jornada-de-Salud-Renap-20250-80x60.jpg) 0 0 no-repeat;\r\n                    }\r\n                    #tdi_1  .td-doubleSlider-2 .td-item2 {\r\n                        background: url(\/wp-content\/uploads\/sites\/5\/2025\/11\/IGSS-Jornada-de-Salud-Renap-20251-80x60.jpg) 0 0 no-repeat;\r\n                    }\r\n                    #tdi_1  .td-doubleSlider-2 .td-item3 {\r\n                        background: url(\/wp-content\/uploads\/sites\/5\/2025\/11\/IGSS-Jornada-de-Salud-Renap-20257-80x60.jpg) 0 0 no-repeat;\r\n                    }\r\n                    #tdi_1  .td-doubleSlider-2 .td-item4 {\r\n                        background: url(\/wp-content\/uploads\/sites\/5\/2025\/11\/IGSS-Jornada-de-Salud-Renap-202510-80x60.jpg) 0 0 no-repeat;\r\n                    }\r\n                    #tdi_1  .td-doubleSlider-2 .td-item5 {\r\n                        background: url(\/wp-content\/uploads\/sites\/5\/2025\/11\/IGSS-Jornada-de-Salud-Renap-20252-80x60.jpeg) 0 0 no-repeat;\r\n                    }\r\n                    #tdi_1  .td-doubleSlider-2 .td-item6 {\r\n                        background: url(\/wp-content\/uploads\/sites\/5\/2025\/11\/IGSS-Jornada-de-Salud-Renap-20256-80x60.jpg) 0 0 no-repeat;\r\n                    }\r\n                    #tdi_1  .td-doubleSlider-2 .td-item7 {\r\n                        background: url(\/wp-content\/uploads\/sites\/5\/2025\/11\/IGSS-Jornada-de-Salud-Renap-20258-80x60.jpg) 0 0 no-repeat;\r\n                    }\r\n                    #tdi_1  .td-doubleSlider-2 .td-item8 {\r\n                        background: url(\/wp-content\/uploads\/sites\/5\/2025\/11\/IGSS-Jornada-de-Salud-Renap-20259-80x60.jpg) 0 0 no-repeat;\r\n                    }\r\n                    #tdi_1  .td-doubleSlider-2 .td-item9 {\r\n                        background: url(\/wp-content\/uploads\/sites\/5\/2025\/11\/IGSS-Jornada-de-Salud-Renap-202512-80x60.jpg) 0 0 no-repeat;\r\n                    }\r\n                    #tdi_1  .td-doubleSlider-2 .td-item10 {\r\n                        background: url(\/wp-content\/uploads\/sites\/5\/2025\/11\/IGSS-Jornada-de-Salud-Renap-202511-80x60.jpg) 0 0 no-repeat;\r\n                    }\r\n                    #tdi_1  .td-doubleSlider-2 .td-item11 {\r\n                        background: url(\/wp-content\/uploads\/sites\/5\/2025\/11\/IGSS-Jornada-de-Salud-Renap-20253-80x60.jpeg) 0 0 no-repeat;\r\n                    }\r\n                    #tdi_1  .td-doubleSlider-2 .td-item12 {\r\n                        background: url(\/wp-content\/uploads\/sites\/5\/2025\/11\/IGSS-Jornada-de-Salud-Renap-202513-80x60.jpg) 0 0 no-repeat;\r\n                    }\r\n                    #tdi_1  .td-doubleSlider-2 .td-item13 {\r\n                        background: url(\/wp-content\/uploads\/sites\/5\/2025\/11\/IGSS-Jornada-de-Salud-Renap-202515-80x60.jpg) 0 0 no-repeat;\r\n                    }\r\n                    #tdi_1  .td-doubleSlider-2 .td-item14 {\r\n                        background: url(\/wp-content\/uploads\/sites\/5\/2025\/11\/IGSS-Jornada-de-Salud-Renap-202516-80x60.jpg) 0 0 no-repeat;\r\n                    }\r\n                <\/style>\r\n\r\n                <div id=\"tdi_1\" class=\"td-gallery td-slide-on-2-columns\">\r\n                    <div class=\"post_td_gallery\">\r\n                        <div class=\"td-gallery-slide-top\">\r\n                           <div class=\"td-gallery-title\">Galer\u00eda de fotos:<\/div>\r\n\r\n                            <div class=\"td-gallery-controls-wrapper\">\r\n                                <div class=\"td-gallery-slide-count\"><span class=\"td-gallery-slide-item-focus\">1<\/span> de 14<\/div>\r\n                                <div class=\"td-gallery-slide-prev-next-but\">\r\n                                    <i class = \"td-icon-left doubleSliderPrevButton\"><\/i>\r\n                                    <i class = \"td-icon-right doubleSliderNextButton\"><\/i>\r\n                                <\/div>\r\n                            <\/div>\r\n                        <\/div>\r\n\r\n                        <div class = \"td-doubleSlider-1 \">\r\n                            <div class = \"td-slider\">\r\n                                \r\n                    <div class = \"td-slide-item td-item1\">\r\n                        <figure class=\"td-slide-galery-figure td-slide-popup-gallery\">\r\n                            <a class=\"slide-gallery-image-link\" href=\"\/wp-content\/uploads\/sites\/5\/2025\/11\/IGSS-Jornada-de-Salud-Renap-20250.jpg\" title=\"IGSS Jornada de Salud Renap 20250\"  data-caption=\"\"  data-description=\"\">\r\n                                <img decoding=\"async\" src=\"\/wp-content\/uploads\/sites\/5\/2025\/11\/IGSS-Jornada-de-Salud-Renap-20250-280x420.jpg\" srcset=\"\/wp-content\/uploads\/sites\/5\/2025\/11\/IGSS-Jornada-de-Salud-Renap-20250-280x420.jpg 280w, \/wp-content\/uploads\/sites\/5\/2025\/11\/IGSS-Jornada-de-Salud-Renap-20250-200x300.jpg 200w, \/wp-content\/uploads\/sites\/5\/2025\/11\/IGSS-Jornada-de-Salud-Renap-20250-682x1024.jpg 682w, \/wp-content\/uploads\/sites\/5\/2025\/11\/IGSS-Jornada-de-Salud-Renap-20250-768x1153.jpg 768w, \/wp-content\/uploads\/sites\/5\/2025\/11\/IGSS-Jornada-de-Salud-Renap-20250-1023x1536.jpg 1023w, \/wp-content\/uploads\/sites\/5\/2025\/11\/IGSS-Jornada-de-Salud-Renap-20250-1364x2048.jpg 1364w, \/wp-content\/uploads\/sites\/5\/2025\/11\/IGSS-Jornada-de-Salud-Renap-20250-696x1045.jpg 696w, \/wp-content\/uploads\/sites\/5\/2025\/11\/IGSS-Jornada-de-Salud-Renap-20250-1068x1604.jpg 1068w, \/wp-content\/uploads\/sites\/5\/2025\/11\/IGSS-Jornada-de-Salud-Renap-20250-308x462.jpg 308w, \/wp-content\/uploads\/sites\/5\/2025\/11\/IGSS-Jornada-de-Salud-Renap-20250.jpg 1705w\" sizes=\"(max-width: 280px) 100vw, 280px\" alt=\"\">\r\n                            <\/a>\r\n                            \r\n                        <\/figure>\r\n                    <\/div>\r\n                    <div class = \"td-slide-item td-item2\">\r\n                        <figure class=\"td-slide-galery-figure td-slide-popup-gallery\">\r\n                            <a class=\"slide-gallery-image-link\" href=\"\/wp-content\/uploads\/sites\/5\/2025\/11\/IGSS-Jornada-de-Salud-Renap-20251.jpg\" title=\"IGSS Jornada de Salud Renap 20251\"  data-caption=\"\"  data-description=\"\">\r\n                                <img decoding=\"async\" src=\"\/wp-content\/uploads\/sites\/5\/2025\/11\/IGSS-Jornada-de-Salud-Renap-20251-315x420.jpg\" srcset=\"\/wp-content\/uploads\/sites\/5\/2025\/11\/IGSS-Jornada-de-Salud-Renap-20251-315x420.jpg 315w, \/wp-content\/uploads\/sites\/5\/2025\/11\/IGSS-Jornada-de-Salud-Renap-20251-225x300.jpg 225w, \/wp-content\/uploads\/sites\/5\/2025\/11\/IGSS-Jornada-de-Salud-Renap-20251-768x1024.jpg 768w, \/wp-content\/uploads\/sites\/5\/2025\/11\/IGSS-Jornada-de-Salud-Renap-20251-1152x1536.jpg 1152w, \/wp-content\/uploads\/sites\/5\/2025\/11\/IGSS-Jornada-de-Salud-Renap-20251-696x928.jpg 696w, \/wp-content\/uploads\/sites\/5\/2025\/11\/IGSS-Jornada-de-Salud-Renap-20251-1068x1424.jpg 1068w, \/wp-content\/uploads\/sites\/5\/2025\/11\/IGSS-Jornada-de-Salud-Renap-20251-347x462.jpg 347w, \/wp-content\/uploads\/sites\/5\/2025\/11\/IGSS-Jornada-de-Salud-Renap-20251.jpg 1200w\" sizes=\"(max-width: 315px) 100vw, 315px\" alt=\"\">\r\n                            <\/a>\r\n                            \r\n                        <\/figure>\r\n                    <\/div>\r\n                    <div class = \"td-slide-item td-item3\">\r\n                        <figure class=\"td-slide-galery-figure td-slide-popup-gallery\">\r\n                            <a class=\"slide-gallery-image-link\" href=\"\/wp-content\/uploads\/sites\/5\/2025\/11\/IGSS-Jornada-de-Salud-Renap-20257.jpg\" title=\"IGSS Jornada de Salud Renap 20257\"  data-caption=\"\"  data-description=\"\">\r\n                                <img decoding=\"async\" src=\"\/wp-content\/uploads\/sites\/5\/2025\/11\/IGSS-Jornada-de-Salud-Renap-20257-280x420.jpg\" srcset=\"\/wp-content\/uploads\/sites\/5\/2025\/11\/IGSS-Jornada-de-Salud-Renap-20257-280x420.jpg 280w, \/wp-content\/uploads\/sites\/5\/2025\/11\/IGSS-Jornada-de-Salud-Renap-20257-200x300.jpg 200w, \/wp-content\/uploads\/sites\/5\/2025\/11\/IGSS-Jornada-de-Salud-Renap-20257-682x1024.jpg 682w, \/wp-content\/uploads\/sites\/5\/2025\/11\/IGSS-Jornada-de-Salud-Renap-20257-768x1153.jpg 768w, \/wp-content\/uploads\/sites\/5\/2025\/11\/IGSS-Jornada-de-Salud-Renap-20257-1023x1536.jpg 1023w, \/wp-content\/uploads\/sites\/5\/2025\/11\/IGSS-Jornada-de-Salud-Renap-20257-696x1045.jpg 696w, \/wp-content\/uploads\/sites\/5\/2025\/11\/IGSS-Jornada-de-Salud-Renap-20257-308x462.jpg 308w, \/wp-content\/uploads\/sites\/5\/2025\/11\/IGSS-Jornada-de-Salud-Renap-20257.jpg 1066w\" sizes=\"(max-width: 280px) 100vw, 280px\" alt=\"\">\r\n                            <\/a>\r\n                            \r\n                        <\/figure>\r\n                    <\/div>\r\n                    <div class = \"td-slide-item td-item4\">\r\n                        <figure class=\"td-slide-galery-figure td-slide-popup-gallery\">\r\n                            <a class=\"slide-gallery-image-link\" href=\"\/wp-content\/uploads\/sites\/5\/2025\/11\/IGSS-Jornada-de-Salud-Renap-202510.jpg\" title=\"IGSS Jornada de Salud Renap 202510\"  data-caption=\"\"  data-description=\"\">\r\n                                <img decoding=\"async\" src=\"\/wp-content\/uploads\/sites\/5\/2025\/11\/IGSS-Jornada-de-Salud-Renap-202510-630x420.jpg\" srcset=\"\/wp-content\/uploads\/sites\/5\/2025\/11\/IGSS-Jornada-de-Salud-Renap-202510-630x420.jpg 630w, \/wp-content\/uploads\/sites\/5\/2025\/11\/IGSS-Jornada-de-Salud-Renap-202510-300x200.jpg 300w, \/wp-content\/uploads\/sites\/5\/2025\/11\/IGSS-Jornada-de-Salud-Renap-202510-1024x682.jpg 1024w, \/wp-content\/uploads\/sites\/5\/2025\/11\/IGSS-Jornada-de-Salud-Renap-202510-768x512.jpg 768w, \/wp-content\/uploads\/sites\/5\/2025\/11\/IGSS-Jornada-de-Salud-Renap-202510-1536x1023.jpg 1536w, \/wp-content\/uploads\/sites\/5\/2025\/11\/IGSS-Jornada-de-Salud-Renap-202510-696x464.jpg 696w, \/wp-content\/uploads\/sites\/5\/2025\/11\/IGSS-Jornada-de-Salud-Renap-202510-1068x712.jpg 1068w, \/wp-content\/uploads\/sites\/5\/2025\/11\/IGSS-Jornada-de-Salud-Renap-202510-534x356.jpg 534w, \/wp-content\/uploads\/sites\/5\/2025\/11\/IGSS-Jornada-de-Salud-Renap-202510.jpg 1600w\" sizes=\"(max-width: 630px) 100vw, 630px\" alt=\"\">\r\n                            <\/a>\r\n                            \r\n                        <\/figure>\r\n                    <\/div>\r\n                    <div class = \"td-slide-item td-item5\">\r\n                        <figure class=\"td-slide-galery-figure td-slide-popup-gallery\">\r\n                            <a class=\"slide-gallery-image-link\" href=\"\/wp-content\/uploads\/sites\/5\/2025\/11\/IGSS-Jornada-de-Salud-Renap-20252.jpeg\" title=\"IGSS Jornada de Salud Renap 20252\"  data-caption=\"\"  data-description=\"\">\r\n                                <img decoding=\"async\" src=\"\/wp-content\/uploads\/sites\/5\/2025\/11\/IGSS-Jornada-de-Salud-Renap-20252-630x420.jpeg\" srcset=\"\/wp-content\/uploads\/sites\/5\/2025\/11\/IGSS-Jornada-de-Salud-Renap-20252-630x420.jpeg 630w, \/wp-content\/uploads\/sites\/5\/2025\/11\/IGSS-Jornada-de-Salud-Renap-20252-300x200.jpeg 300w, \/wp-content\/uploads\/sites\/5\/2025\/11\/IGSS-Jornada-de-Salud-Renap-20252-1024x682.jpeg 1024w, \/wp-content\/uploads\/sites\/5\/2025\/11\/IGSS-Jornada-de-Salud-Renap-20252-768x512.jpeg 768w, \/wp-content\/uploads\/sites\/5\/2025\/11\/IGSS-Jornada-de-Salud-Renap-20252-1536x1023.jpeg 1536w, \/wp-content\/uploads\/sites\/5\/2025\/11\/IGSS-Jornada-de-Salud-Renap-20252-696x464.jpeg 696w, \/wp-content\/uploads\/sites\/5\/2025\/11\/IGSS-Jornada-de-Salud-Renap-20252-1068x712.jpeg 1068w, \/wp-content\/uploads\/sites\/5\/2025\/11\/IGSS-Jornada-de-Salud-Renap-20252-534x356.jpeg 534w, \/wp-content\/uploads\/sites\/5\/2025\/11\/IGSS-Jornada-de-Salud-Renap-20252.jpeg 1600w\" sizes=\"(max-width: 630px) 100vw, 630px\" alt=\"\">\r\n                            <\/a>\r\n                            \r\n                        <\/figure>\r\n                    <\/div>\r\n                    <div class = \"td-slide-item td-item6\">\r\n                        <figure class=\"td-slide-galery-figure td-slide-popup-gallery\">\r\n                            <a class=\"slide-gallery-image-link\" href=\"\/wp-content\/uploads\/sites\/5\/2025\/11\/IGSS-Jornada-de-Salud-Renap-20256.jpg\" title=\"IGSS Jornada de Salud Renap 20256\"  data-caption=\"\"  data-description=\"\">\r\n                                <img decoding=\"async\" src=\"\/wp-content\/uploads\/sites\/5\/2025\/11\/IGSS-Jornada-de-Salud-Renap-20256-560x420.jpg\" srcset=\"\/wp-content\/uploads\/sites\/5\/2025\/11\/IGSS-Jornada-de-Salud-Renap-20256-560x420.jpg 560w, \/wp-content\/uploads\/sites\/5\/2025\/11\/IGSS-Jornada-de-Salud-Renap-20256-300x225.jpg 300w, \/wp-content\/uploads\/sites\/5\/2025\/11\/IGSS-Jornada-de-Salud-Renap-20256-1024x768.jpg 1024w, \/wp-content\/uploads\/sites\/5\/2025\/11\/IGSS-Jornada-de-Salud-Renap-20256-768x576.jpg 768w, \/wp-content\/uploads\/sites\/5\/2025\/11\/IGSS-Jornada-de-Salud-Renap-20256-1536x1152.jpg 1536w, \/wp-content\/uploads\/sites\/5\/2025\/11\/IGSS-Jornada-de-Salud-Renap-20256-80x60.jpg 80w, \/wp-content\/uploads\/sites\/5\/2025\/11\/IGSS-Jornada-de-Salud-Renap-20256-696x522.jpg 696w, \/wp-content\/uploads\/sites\/5\/2025\/11\/IGSS-Jornada-de-Salud-Renap-20256-1068x801.jpg 1068w, \/wp-content\/uploads\/sites\/5\/2025\/11\/IGSS-Jornada-de-Salud-Renap-20256-265x198.jpg 265w, \/wp-content\/uploads\/sites\/5\/2025\/11\/IGSS-Jornada-de-Salud-Renap-20256-534x401.jpg 534w, \/wp-content\/uploads\/sites\/5\/2025\/11\/IGSS-Jornada-de-Salud-Renap-20256.jpg 1600w\" sizes=\"(max-width: 560px) 100vw, 560px\" alt=\"\">\r\n                            <\/a>\r\n                            \r\n                        <\/figure>\r\n                    <\/div>\r\n                    <div class = \"td-slide-item td-item7\">\r\n                        <figure class=\"td-slide-galery-figure td-slide-popup-gallery\">\r\n                            <a class=\"slide-gallery-image-link\" href=\"\/wp-content\/uploads\/sites\/5\/2025\/11\/IGSS-Jornada-de-Salud-Renap-20258.jpg\" title=\"IGSS Jornada de Salud Renap 20258\"  data-caption=\"\"  data-description=\"\">\r\n                                <img decoding=\"async\" src=\"\/wp-content\/uploads\/sites\/5\/2025\/11\/IGSS-Jornada-de-Salud-Renap-20258-630x420.jpg\" srcset=\"\/wp-content\/uploads\/sites\/5\/2025\/11\/IGSS-Jornada-de-Salud-Renap-20258-630x420.jpg 630w, \/wp-content\/uploads\/sites\/5\/2025\/11\/IGSS-Jornada-de-Salud-Renap-20258-300x200.jpg 300w, \/wp-content\/uploads\/sites\/5\/2025\/11\/IGSS-Jornada-de-Salud-Renap-20258-1024x682.jpg 1024w, \/wp-content\/uploads\/sites\/5\/2025\/11\/IGSS-Jornada-de-Salud-Renap-20258-768x512.jpg 768w, \/wp-content\/uploads\/sites\/5\/2025\/11\/IGSS-Jornada-de-Salud-Renap-20258-1536x1023.jpg 1536w, \/wp-content\/uploads\/sites\/5\/2025\/11\/IGSS-Jornada-de-Salud-Renap-20258-696x464.jpg 696w, \/wp-content\/uploads\/sites\/5\/2025\/11\/IGSS-Jornada-de-Salud-Renap-20258-1068x712.jpg 1068w, \/wp-content\/uploads\/sites\/5\/2025\/11\/IGSS-Jornada-de-Salud-Renap-20258-534x356.jpg 534w, \/wp-content\/uploads\/sites\/5\/2025\/11\/IGSS-Jornada-de-Salud-Renap-20258.jpg 1600w\" sizes=\"(max-width: 630px) 100vw, 630px\" alt=\"\">\r\n                            <\/a>\r\n                            \r\n                        <\/figure>\r\n                    <\/div>\r\n                    <div class = \"td-slide-item td-item8\">\r\n                        <figure class=\"td-slide-galery-figure td-slide-popup-gallery\">\r\n                            <a class=\"slide-gallery-image-link\" href=\"\/wp-content\/uploads\/sites\/5\/2025\/11\/IGSS-Jornada-de-Salud-Renap-20259.jpg\" title=\"IGSS Jornada de Salud Renap 20259\"  data-caption=\"\"  data-description=\"\">\r\n                                <img decoding=\"async\" src=\"\/wp-content\/uploads\/sites\/5\/2025\/11\/IGSS-Jornada-de-Salud-Renap-20259-560x420.jpg\" srcset=\"\/wp-content\/uploads\/sites\/5\/2025\/11\/IGSS-Jornada-de-Salud-Renap-20259-560x420.jpg 560w, \/wp-content\/uploads\/sites\/5\/2025\/11\/IGSS-Jornada-de-Salud-Renap-20259-300x225.jpg 300w, \/wp-content\/uploads\/sites\/5\/2025\/11\/IGSS-Jornada-de-Salud-Renap-20259-1024x768.jpg 1024w, \/wp-content\/uploads\/sites\/5\/2025\/11\/IGSS-Jornada-de-Salud-Renap-20259-768x576.jpg 768w, \/wp-content\/uploads\/sites\/5\/2025\/11\/IGSS-Jornada-de-Salud-Renap-20259-80x60.jpg 80w, \/wp-content\/uploads\/sites\/5\/2025\/11\/IGSS-Jornada-de-Salud-Renap-20259-696x522.jpg 696w, \/wp-content\/uploads\/sites\/5\/2025\/11\/IGSS-Jornada-de-Salud-Renap-20259-1068x801.jpg 1068w, \/wp-content\/uploads\/sites\/5\/2025\/11\/IGSS-Jornada-de-Salud-Renap-20259-265x198.jpg 265w, \/wp-content\/uploads\/sites\/5\/2025\/11\/IGSS-Jornada-de-Salud-Renap-20259-534x401.jpg 534w, \/wp-content\/uploads\/sites\/5\/2025\/11\/IGSS-Jornada-de-Salud-Renap-20259.jpg 1280w\" sizes=\"(max-width: 560px) 100vw, 560px\" alt=\"\">\r\n                            <\/a>\r\n                            \r\n                        <\/figure>\r\n                    <\/div>\r\n                    <div class = \"td-slide-item td-item9\">\r\n                        <figure class=\"td-slide-galery-figure td-slide-popup-gallery\">\r\n                            <a class=\"slide-gallery-image-link\" href=\"\/wp-content\/uploads\/sites\/5\/2025\/11\/IGSS-Jornada-de-Salud-Renap-202512.jpg\" title=\"IGSS Jornada de Salud Renap 202512\"  data-caption=\"\"  data-description=\"\">\r\n                                <img decoding=\"async\" src=\"\/wp-content\/uploads\/sites\/5\/2025\/11\/IGSS-Jornada-de-Salud-Renap-202512-630x420.jpg\" srcset=\"\/wp-content\/uploads\/sites\/5\/2025\/11\/IGSS-Jornada-de-Salud-Renap-202512-630x420.jpg 630w, \/wp-content\/uploads\/sites\/5\/2025\/11\/IGSS-Jornada-de-Salud-Renap-202512-300x200.jpg 300w, \/wp-content\/uploads\/sites\/5\/2025\/11\/IGSS-Jornada-de-Salud-Renap-202512-1024x682.jpg 1024w, \/wp-content\/uploads\/sites\/5\/2025\/11\/IGSS-Jornada-de-Salud-Renap-202512-768x512.jpg 768w, \/wp-content\/uploads\/sites\/5\/2025\/11\/IGSS-Jornada-de-Salud-Renap-202512-1536x1023.jpg 1536w, \/wp-content\/uploads\/sites\/5\/2025\/11\/IGSS-Jornada-de-Salud-Renap-202512-696x464.jpg 696w, \/wp-content\/uploads\/sites\/5\/2025\/11\/IGSS-Jornada-de-Salud-Renap-202512-1068x712.jpg 1068w, \/wp-content\/uploads\/sites\/5\/2025\/11\/IGSS-Jornada-de-Salud-Renap-202512-534x356.jpg 534w, \/wp-content\/uploads\/sites\/5\/2025\/11\/IGSS-Jornada-de-Salud-Renap-202512.jpg 1600w\" sizes=\"(max-width: 630px) 100vw, 630px\" alt=\"\">\r\n                            <\/a>\r\n                            \r\n                        <\/figure>\r\n                    <\/div>\r\n                    <div class = \"td-slide-item td-item10\">\r\n                        <figure class=\"td-slide-galery-figure td-slide-popup-gallery\">\r\n                            <a class=\"slide-gallery-image-link\" href=\"\/wp-content\/uploads\/sites\/5\/2025\/11\/IGSS-Jornada-de-Salud-Renap-202511.jpg\" title=\"IGSS Jornada de Salud Renap 202511\"  data-caption=\"\"  data-description=\"\">\r\n                                <img decoding=\"async\" src=\"\/wp-content\/uploads\/sites\/5\/2025\/11\/IGSS-Jornada-de-Salud-Renap-202511-630x420.jpg\" srcset=\"\/wp-content\/uploads\/sites\/5\/2025\/11\/IGSS-Jornada-de-Salud-Renap-202511-630x420.jpg 630w, \/wp-content\/uploads\/sites\/5\/2025\/11\/IGSS-Jornada-de-Salud-Renap-202511-300x200.jpg 300w, \/wp-content\/uploads\/sites\/5\/2025\/11\/IGSS-Jornada-de-Salud-Renap-202511-1024x682.jpg 1024w, \/wp-content\/uploads\/sites\/5\/2025\/11\/IGSS-Jornada-de-Salud-Renap-202511-768x512.jpg 768w, \/wp-content\/uploads\/sites\/5\/2025\/11\/IGSS-Jornada-de-Salud-Renap-202511-1536x1023.jpg 1536w, \/wp-content\/uploads\/sites\/5\/2025\/11\/IGSS-Jornada-de-Salud-Renap-202511-696x464.jpg 696w, \/wp-content\/uploads\/sites\/5\/2025\/11\/IGSS-Jornada-de-Salud-Renap-202511-1068x712.jpg 1068w, \/wp-content\/uploads\/sites\/5\/2025\/11\/IGSS-Jornada-de-Salud-Renap-202511-534x356.jpg 534w, \/wp-content\/uploads\/sites\/5\/2025\/11\/IGSS-Jornada-de-Salud-Renap-202511.jpg 1600w\" sizes=\"(max-width: 630px) 100vw, 630px\" alt=\"\">\r\n                            <\/a>\r\n                            \r\n                        <\/figure>\r\n                    <\/div>\r\n                    <div class = \"td-slide-item td-item11\">\r\n                        <figure class=\"td-slide-galery-figure td-slide-popup-gallery\">\r\n                            <a class=\"slide-gallery-image-link\" href=\"\/wp-content\/uploads\/sites\/5\/2025\/11\/IGSS-Jornada-de-Salud-Renap-20253.jpeg\" title=\"IGSS Jornada de Salud Renap 20253\"  data-caption=\"\"  data-description=\"\">\r\n                                <img decoding=\"async\" src=\"\/wp-content\/uploads\/sites\/5\/2025\/11\/IGSS-Jornada-de-Salud-Renap-20253-630x420.jpeg\" srcset=\"\/wp-content\/uploads\/sites\/5\/2025\/11\/IGSS-Jornada-de-Salud-Renap-20253-630x420.jpeg 630w, \/wp-content\/uploads\/sites\/5\/2025\/11\/IGSS-Jornada-de-Salud-Renap-20253-300x200.jpeg 300w, \/wp-content\/uploads\/sites\/5\/2025\/11\/IGSS-Jornada-de-Salud-Renap-20253-1024x682.jpeg 1024w, \/wp-content\/uploads\/sites\/5\/2025\/11\/IGSS-Jornada-de-Salud-Renap-20253-768x512.jpeg 768w, \/wp-content\/uploads\/sites\/5\/2025\/11\/IGSS-Jornada-de-Salud-Renap-20253-1536x1023.jpeg 1536w, \/wp-content\/uploads\/sites\/5\/2025\/11\/IGSS-Jornada-de-Salud-Renap-20253-696x464.jpeg 696w, \/wp-content\/uploads\/sites\/5\/2025\/11\/IGSS-Jornada-de-Salud-Renap-20253-1068x712.jpeg 1068w, \/wp-content\/uploads\/sites\/5\/2025\/11\/IGSS-Jornada-de-Salud-Renap-20253-534x356.jpeg 534w, \/wp-content\/uploads\/sites\/5\/2025\/11\/IGSS-Jornada-de-Salud-Renap-20253.jpeg 1600w\" sizes=\"(max-width: 630px) 100vw, 630px\" alt=\"\">\r\n                            <\/a>\r\n                            \r\n                        <\/figure>\r\n                    <\/div>\r\n                    <div class = \"td-slide-item td-item12\">\r\n                        <figure class=\"td-slide-galery-figure td-slide-popup-gallery\">\r\n                            <a class=\"slide-gallery-image-link\" href=\"\/wp-content\/uploads\/sites\/5\/2025\/11\/IGSS-Jornada-de-Salud-Renap-202513.jpg\" title=\"IGSS Jornada de Salud Renap 202513\"  data-caption=\"\"  data-description=\"\">\r\n                                <img decoding=\"async\" src=\"\/wp-content\/uploads\/sites\/5\/2025\/11\/IGSS-Jornada-de-Salud-Renap-202513-630x420.jpg\" srcset=\"\/wp-content\/uploads\/sites\/5\/2025\/11\/IGSS-Jornada-de-Salud-Renap-202513-630x420.jpg 630w, \/wp-content\/uploads\/sites\/5\/2025\/11\/IGSS-Jornada-de-Salud-Renap-202513-300x200.jpg 300w, \/wp-content\/uploads\/sites\/5\/2025\/11\/IGSS-Jornada-de-Salud-Renap-202513-1024x682.jpg 1024w, \/wp-content\/uploads\/sites\/5\/2025\/11\/IGSS-Jornada-de-Salud-Renap-202513-768x512.jpg 768w, \/wp-content\/uploads\/sites\/5\/2025\/11\/IGSS-Jornada-de-Salud-Renap-202513-1536x1023.jpg 1536w, \/wp-content\/uploads\/sites\/5\/2025\/11\/IGSS-Jornada-de-Salud-Renap-202513-696x464.jpg 696w, \/wp-content\/uploads\/sites\/5\/2025\/11\/IGSS-Jornada-de-Salud-Renap-202513-1068x712.jpg 1068w, \/wp-content\/uploads\/sites\/5\/2025\/11\/IGSS-Jornada-de-Salud-Renap-202513-534x356.jpg 534w, \/wp-content\/uploads\/sites\/5\/2025\/11\/IGSS-Jornada-de-Salud-Renap-202513.jpg 1600w\" sizes=\"(max-width: 630px) 100vw, 630px\" alt=\"\">\r\n                            <\/a>\r\n                            \r\n                        <\/figure>\r\n                    <\/div>\r\n                    <div class = \"td-slide-item td-item13\">\r\n                        <figure class=\"td-slide-galery-figure td-slide-popup-gallery\">\r\n                            <a class=\"slide-gallery-image-link\" href=\"\/wp-content\/uploads\/sites\/5\/2025\/11\/IGSS-Jornada-de-Salud-Renap-202515.jpg\" title=\"IGSS Jornada de Salud Renap 202515\"  data-caption=\"\"  data-description=\"\">\r\n                                <img decoding=\"async\" src=\"\/wp-content\/uploads\/sites\/5\/2025\/11\/IGSS-Jornada-de-Salud-Renap-202515-630x420.jpg\" srcset=\"\/wp-content\/uploads\/sites\/5\/2025\/11\/IGSS-Jornada-de-Salud-Renap-202515-630x420.jpg 630w, \/wp-content\/uploads\/sites\/5\/2025\/11\/IGSS-Jornada-de-Salud-Renap-202515-300x200.jpg 300w, \/wp-content\/uploads\/sites\/5\/2025\/11\/IGSS-Jornada-de-Salud-Renap-202515-1024x682.jpg 1024w, \/wp-content\/uploads\/sites\/5\/2025\/11\/IGSS-Jornada-de-Salud-Renap-202515-768x512.jpg 768w, \/wp-content\/uploads\/sites\/5\/2025\/11\/IGSS-Jornada-de-Salud-Renap-202515-1536x1023.jpg 1536w, \/wp-content\/uploads\/sites\/5\/2025\/11\/IGSS-Jornada-de-Salud-Renap-202515-696x464.jpg 696w, \/wp-content\/uploads\/sites\/5\/2025\/11\/IGSS-Jornada-de-Salud-Renap-202515-1068x712.jpg 1068w, \/wp-content\/uploads\/sites\/5\/2025\/11\/IGSS-Jornada-de-Salud-Renap-202515-534x356.jpg 534w, \/wp-content\/uploads\/sites\/5\/2025\/11\/IGSS-Jornada-de-Salud-Renap-202515.jpg 1600w\" sizes=\"(max-width: 630px) 100vw, 630px\" alt=\"\">\r\n                            <\/a>\r\n                            \r\n                        <\/figure>\r\n                    <\/div>\r\n                    <div class = \"td-slide-item td-item14\">\r\n                        <figure class=\"td-slide-galery-figure td-slide-popup-gallery\">\r\n                            <a class=\"slide-gallery-image-link\" href=\"\/wp-content\/uploads\/sites\/5\/2025\/11\/IGSS-Jornada-de-Salud-Renap-202516.jpg\" title=\"IGSS Jornada de Salud Renap 202516\"  data-caption=\"\"  data-description=\"\">\r\n                                <img decoding=\"async\" src=\"\/wp-content\/uploads\/sites\/5\/2025\/11\/IGSS-Jornada-de-Salud-Renap-202516-630x420.jpg\" srcset=\"\/wp-content\/uploads\/sites\/5\/2025\/11\/IGSS-Jornada-de-Salud-Renap-202516-630x420.jpg 630w, \/wp-content\/uploads\/sites\/5\/2025\/11\/IGSS-Jornada-de-Salud-Renap-202516-300x200.jpg 300w, \/wp-content\/uploads\/sites\/5\/2025\/11\/IGSS-Jornada-de-Salud-Renap-202516-1024x682.jpg 1024w, \/wp-content\/uploads\/sites\/5\/2025\/11\/IGSS-Jornada-de-Salud-Renap-202516-768x512.jpg 768w, \/wp-content\/uploads\/sites\/5\/2025\/11\/IGSS-Jornada-de-Salud-Renap-202516-1536x1023.jpg 1536w, \/wp-content\/uploads\/sites\/5\/2025\/11\/IGSS-Jornada-de-Salud-Renap-202516-696x464.jpg 696w, \/wp-content\/uploads\/sites\/5\/2025\/11\/IGSS-Jornada-de-Salud-Renap-202516-1068x712.jpg 1068w, \/wp-content\/uploads\/sites\/5\/2025\/11\/IGSS-Jornada-de-Salud-Renap-202516-534x356.jpg 534w, \/wp-content\/uploads\/sites\/5\/2025\/11\/IGSS-Jornada-de-Salud-Renap-202516.jpg 1600w\" sizes=\"(max-width: 630px) 100vw, 630px\" alt=\"\">\r\n                            <\/a>\r\n                            \r\n                        <\/figure>\r\n                    <\/div>\r\n                            <\/div>\r\n                        <\/div>\r\n\r\n                        <div class = \"td-doubleSlider-2\">\r\n                            <div class = \"td-slider\">\r\n                                \r\n                    <div class = \"td-button td-item1\">\r\n                        <div class = \"td-border\"><\/div>\r\n                    <\/div>\r\n                    <div class = \"td-button td-item2\">\r\n                        <div class = \"td-border\"><\/div>\r\n                    <\/div>\r\n                    <div class = \"td-button td-item3\">\r\n                        <div class = \"td-border\"><\/div>\r\n                    <\/div>\r\n                    <div class = \"td-button td-item4\">\r\n                        <div class = \"td-border\"><\/div>\r\n                    <\/div>\r\n                    <div class = \"td-button td-item5\">\r\n                        <div class = \"td-border\"><\/div>\r\n                    <\/div>\r\n                    <div class = \"td-button td-item6\">\r\n                        <div class = \"td-border\"><\/div>\r\n                    <\/div>\r\n                    <div class = \"td-button td-item7\">\r\n                        <div class = \"td-border\"><\/div>\r\n                    <\/div>\r\n                    <div class = \"td-button td-item8\">\r\n                        <div class = \"td-border\"><\/div>\r\n                    <\/div>\r\n                    <div class = \"td-button td-item9\">\r\n                        <div class = \"td-border\"><\/div>\r\n                    <\/div>\r\n                    <div class = \"td-button td-item10\">\r\n                        <div class = \"td-border\"><\/div>\r\n                    <\/div>\r\n                    <div class = \"td-button td-item11\">\r\n                        <div class = \"td-border\"><\/div>\r\n                    <\/div>\r\n                    <div class = \"td-button td-item12\">\r\n                        <div class = \"td-border\"><\/div>\r\n                    <\/div>\r\n                    <div class = \"td-button td-item13\">\r\n                        <div class = \"td-border\"><\/div>\r\n                    <\/div>\r\n                    <div class = \"td-button td-item14\">\r\n                        <div class = \"td-border\"><\/div>\r\n                    <\/div>\r\n                            <\/div>\r\n                        <\/div>\r\n\r\n                    <\/div>\r\n\r\n                <\/div>\r\n                \n","protected":false},"excerpt":{"rendered":"<p>El Instituto impulsa estas jornadas en instituciones p\u00fablicas y privadas como parte de su esfuerzo permanente por fomentar una cultura de prevenci\u00f3n, h\u00e1bitos saludables y detecci\u00f3n temprana de enfermedades entre la poblaci\u00f3n afiliada.<\/p>\n","protected":false},"author":3269,"featured_media":51698,"comment_status":"closed","ping_status":"closed","sticky":false,"template":"","format":"standard","meta":{"footnotes":""},"categories":[3,1130,15,1551,45,1020,1291,27,33],"tags":[490,1670,2487,2486],"coauthors":[1970],"class_list":{"0":"post-51697","1":"post","2":"type-post","3":"status-publish","4":"format-standard","5":"has-post-thumbnail","7":"category-actualidad","8":"category-consejos-medicos","9":"category-destacado","10":"category-eventos-igss","11":"category-jornadas-medicas","12":"category-medicamentos","13":"category-prestaciones-en-salud","14":"category-prevencion-en-salud","15":"category-servicios-de-salud","16":"tag-igss","17":"tag-jornada-de-salud","18":"tag-jornada-de-salud-preventiva","19":"tag-tamizajes-igss"},"_links":{"self":[{"href":"https:\/\/www.igssgt.org\/noticias\/wp-json\/wp\/v2\/posts\/51697","targetHints":{"allow":["GET"]}}],"collection":[{"href":"https:\/\/www.igssgt.org\/noticias\/wp-json\/wp\/v2\/posts"}],"about":[{"href":"https:\/\/www.igssgt.org\/noticias\/wp-json\/wp\/v2\/types\/post"}],"author":[{"embeddable":true,"href":"https:\/\/www.igssgt.org\/noticias\/wp-json\/wp\/v2\/users\/3269"}],"replies":[{"embeddable":true,"href":"https:\/\/www.igssgt.org\/noticias\/wp-json\/wp\/v2\/comments?post=51697"}],"version-history":[{"count":3,"href":"https:\/\/www.igssgt.org\/noticias\/wp-json\/wp\/v2\/posts\/51697\/revisions"}],"predecessor-version":[{"id":52054,"href":"https:\/\/www.igssgt.org\/noticias\/wp-json\/wp\/v2\/posts\/51697\/revisions\/52054"}],"wp:featuredmedia":[{"embeddable":true,"href":"https:\/\/www.igssgt.org\/noticias\/wp-json\/wp\/v2\/media\/51698"}],"wp:attachment":[{"href":"https:\/\/www.igssgt.org\/noticias\/wp-json\/wp\/v2\/media?parent=51697"}],"wp:term":[{"taxonomy":"category","embeddable":true,"href":"https:\/\/www.igssgt.org\/noticias\/wp-json\/wp\/v2\/categories?post=51697"},{"taxonomy":"post_tag","embeddable":true,"href":"https:\/\/www.igssgt.org\/noticias\/wp-json\/wp\/v2\/tags?post=51697"},{"taxonomy":"author","embeddable":true,"href":"https:\/\/www.igssgt.org\/noticias\/wp-json\/wp\/v2\/coauthors?post=51697"}],"curies":[{"name":"wp","href":"https:\/\/api.w.org\/{rel}","templated":true}]}}