{"id":5244,"date":"2018-06-04T15:30:51","date_gmt":"2018-06-04T21:30:51","guid":{"rendered":"http:\/\/noticias.igssgt.org\/?p=5244"},"modified":"2018-06-04T15:30:51","modified_gmt":"2018-06-04T21:30:51","slug":"el-igss-atiende-a-victimas-de-la-tragedia-ocasionada-por-el-volcan-de-fuego","status":"publish","type":"post","link":"https:\/\/www.igssgt.org\/noticias\/2018\/06\/04\/el-igss-atiende-a-victimas-de-la-tragedia-ocasionada-por-el-volcan-de-fuego\/","title":{"rendered":"El IGSS atiende a v\u00edctimas de la tragedia ocasionada por el Volc\u00e1n de Fuego"},"content":{"rendered":"<p>Personal de las distintas \u00e1reas del Instituto Guatemalteco de Seguridad Social (IGSS) est\u00e1 participando en la atenci\u00f3n de emergencias registradas como consecuencia de la erupci\u00f3n del Volc\u00e1n de Fuego, principalmente con v\u00edctimas del departamento de Escuintla.<\/p>\n<p>En las primeras horas del desastre natural en el Hospital del IGSS de Escuintla se le brind\u00f3 atenci\u00f3n preliminar a 12 personas, de estas nueve so<span class=\"text_exposed_show\">n menores de edad. El se\u00f1or Concepci\u00f3n Hern\u00e1ndez, de 88 a\u00f1os, por su estado de gravedad fue trasladado al Hospital General de Accidentes El Ceibal, Mixco, mientras que otro adulto, de aproximadamente 40 a\u00f1os, fue referido al Hospital Nacional de Escuintla.<\/span><\/p>\n<div class=\"text_exposed_show\">\n<p>Adem\u00e1s, tres menores de 1, 2, y 10 a\u00f1os, fueron trasladados a la emergencia del Hospital Roosevelt; tres m\u00e1s, de 6, 10 y 12 a\u00f1os, fueron dados de alta.<\/p>\n<p>A\u00fan permanecen hospitalizados tres menores m\u00e1s, uno de 2 meses, y los otros de 4 y 10 a\u00f1os, quienes est\u00e1n a la espera de la llegada de sus familiares. De estos \u00faltimos la Procuradur\u00eda General de la Naci\u00f3n (PGN) activ\u00f3 la Alerta Alba-Keneth, siendo ellos \u00c1ngela Gabriela Llamas, Axel An\u00edbal Llamas y una beb\u00e9 no identificada, de unos dos meses.<\/p>\n<p>Adem\u00e1s el IGSS ha realizado coordinaciones interinstitucionales con autoridades del Hospital Nacional de Escuintla, dot\u00e1ndolo de algunos insumos para responder efectivamente al n\u00famero de pacientes.<\/p>\n<p>Tambi\u00e9n cuatro especialistas en otorrinolaringolog\u00eda, dos auxiliares de enfermer\u00eda y una ambulancia, fueron destacados a la denominada \u201czona cero\u201d ubicada en el caser\u00edo Los Lotes, de la aldea El Rodeo, Escuintla.<\/p>\n\r\n                <style type=\"text\/css\">\r\n                    \r\n                    #tdi_1  .td-doubleSlider-2 .td-item1 {\r\n                        background: url(\/wp-content\/uploads\/sites\/5\/2018\/06\/IGSS-atiende-a-victimas-de-la-tragedia-ocasionada-por-el-Volcan-de-Fuego-201815-80x60.jpg) 0 0 no-repeat;\r\n                    }\r\n                    #tdi_1  .td-doubleSlider-2 .td-item2 {\r\n                        background: url(\/wp-content\/uploads\/sites\/5\/2018\/06\/IGSS-atiende-a-victimas-de-la-tragedia-ocasionada-por-el-Volcan-de-Fuego-201816-80x60.jpg) 0 0 no-repeat;\r\n                    }\r\n                    #tdi_1  .td-doubleSlider-2 .td-item3 {\r\n                        background: url(\/wp-content\/uploads\/sites\/5\/2018\/06\/IGSS-atiende-a-victimas-de-la-tragedia-ocasionada-por-el-Volcan-de-Fuego-20183-80x60.jpg) 0 0 no-repeat;\r\n                    }\r\n                    #tdi_1  .td-doubleSlider-2 .td-item4 {\r\n                        background: url(\/wp-content\/uploads\/sites\/5\/2018\/06\/IGSS-atiende-a-victimas-de-la-tragedia-ocasionada-por-el-Volcan-de-Fuego-20181-80x60.jpg) 0 0 no-repeat;\r\n                    }\r\n                    #tdi_1  .td-doubleSlider-2 .td-item5 {\r\n                        background: url(\/wp-content\/uploads\/sites\/5\/2018\/06\/IGSS-atiende-a-victimas-de-la-tragedia-ocasionada-por-el-Volcan-de-Fuego-20184-80x60.jpg) 0 0 no-repeat;\r\n                    }\r\n                    #tdi_1  .td-doubleSlider-2 .td-item6 {\r\n                        background: url(\/wp-content\/uploads\/sites\/5\/2018\/06\/IGSS-atiende-a-victimas-de-la-tragedia-ocasionada-por-el-Volcan-de-Fuego-20185-80x60.jpg) 0 0 no-repeat;\r\n                    }\r\n                    #tdi_1  .td-doubleSlider-2 .td-item7 {\r\n                        background: url(\/wp-content\/uploads\/sites\/5\/2018\/06\/IGSS-atiende-a-victimas-de-la-tragedia-ocasionada-por-el-Volcan-de-Fuego-20186-80x60.jpg) 0 0 no-repeat;\r\n                    }\r\n                    #tdi_1  .td-doubleSlider-2 .td-item8 {\r\n                        background: url(\/wp-content\/uploads\/sites\/5\/2018\/06\/IGSS-atiende-a-victimas-de-la-tragedia-ocasionada-por-el-Volcan-de-Fuego-20187-80x60.jpg) 0 0 no-repeat;\r\n                    }\r\n                    #tdi_1  .td-doubleSlider-2 .td-item9 {\r\n                        background: url(\/wp-content\/uploads\/sites\/5\/2018\/06\/IGSS-atiende-a-victimas-de-la-tragedia-ocasionada-por-el-Volcan-de-Fuego-20188-80x60.jpg) 0 0 no-repeat;\r\n                    }\r\n                    #tdi_1  .td-doubleSlider-2 .td-item10 {\r\n                        background: url(\/wp-content\/uploads\/sites\/5\/2018\/06\/IGSS-atiende-a-victimas-de-la-tragedia-ocasionada-por-el-Volcan-de-Fuego-20189-80x60.jpg) 0 0 no-repeat;\r\n                    }\r\n                    #tdi_1  .td-doubleSlider-2 .td-item11 {\r\n                        background: url(\/wp-content\/uploads\/sites\/5\/2018\/06\/IGSS-atiende-a-victimas-de-la-tragedia-ocasionada-por-el-Volcan-de-Fuego-20182-80x60.jpg) 0 0 no-repeat;\r\n                    }\r\n                    #tdi_1  .td-doubleSlider-2 .td-item12 {\r\n                        background: url(\/wp-content\/uploads\/sites\/5\/2018\/06\/IGSS-atiende-a-victimas-de-la-tragedia-ocasionada-por-el-Volcan-de-Fuego-201810-80x60.jpg) 0 0 no-repeat;\r\n                    }\r\n                    #tdi_1  .td-doubleSlider-2 .td-item13 {\r\n                        background: url(\/wp-content\/uploads\/sites\/5\/2018\/06\/IGSS-atiende-a-victimas-de-la-tragedia-ocasionada-por-el-Volcan-de-Fuego-201811-80x60.jpg) 0 0 no-repeat;\r\n                    }\r\n                    #tdi_1  .td-doubleSlider-2 .td-item14 {\r\n                        background: url(\/wp-content\/uploads\/sites\/5\/2018\/06\/IGSS-atiende-a-victimas-de-la-tragedia-ocasionada-por-el-Volcan-de-Fuego-201812-80x60.jpg) 0 0 no-repeat;\r\n                    }\r\n                    #tdi_1  .td-doubleSlider-2 .td-item15 {\r\n                        background: url(\/wp-content\/uploads\/sites\/5\/2018\/06\/IGSS-atiende-a-victimas-de-la-tragedia-ocasionada-por-el-Volcan-de-Fuego-201813-80x60.jpg) 0 0 no-repeat;\r\n                    }\r\n                    #tdi_1  .td-doubleSlider-2 .td-item16 {\r\n                        background: url(\/wp-content\/uploads\/sites\/5\/2018\/06\/IGSS-atiende-a-victimas-de-la-tragedia-ocasionada-por-el-Volcan-de-Fuego-201814-80x60.jpg) 0 0 no-repeat;\r\n                    }\r\n                    #tdi_1  .td-doubleSlider-2 .td-item17 {\r\n                        background: url(\/wp-content\/uploads\/sites\/5\/2018\/06\/IGSS-atiende-a-victimas-de-la-tragedia-ocasionada-por-el-Volcan-de-Fuego-201817-80x60.jpg) 0 0 no-repeat;\r\n                    }\r\n                <\/style>\r\n\r\n                <div id=\"tdi_1\" class=\"td-gallery td-slide-on-2-columns\">\r\n                    <div class=\"post_td_gallery\">\r\n                        <div class=\"td-gallery-slide-top\">\r\n                           <div class=\"td-gallery-title\"><\/div>\r\n\r\n                            <div class=\"td-gallery-controls-wrapper\">\r\n                                <div class=\"td-gallery-slide-count\"><span class=\"td-gallery-slide-item-focus\">1<\/span> de 17<\/div>\r\n                                <div class=\"td-gallery-slide-prev-next-but\">\r\n                                    <i class = \"td-icon-left doubleSliderPrevButton\"><\/i>\r\n                                    <i class = \"td-icon-right doubleSliderNextButton\"><\/i>\r\n                                <\/div>\r\n                            <\/div>\r\n                        <\/div>\r\n\r\n                        <div class = \"td-doubleSlider-1 \">\r\n                            <div class = \"td-slider\">\r\n                                \r\n                    <div class = \"td-slide-item td-item1\">\r\n                        <figure class=\"td-slide-galery-figure td-slide-popup-gallery\">\r\n                            <a class=\"slide-gallery-image-link\" href=\"\/wp-content\/uploads\/sites\/5\/2018\/06\/IGSS-atiende-a-victimas-de-la-tragedia-ocasionada-por-el-Volcan-de-Fuego-201815.jpg\" title=\"IGSS atiende a victimas de la tragedia ocasionada por el Volcan de Fuego 201815\"  data-caption=\"\"  data-description=\"\">\r\n                                <img decoding=\"async\" src=\"\/wp-content\/uploads\/sites\/5\/2018\/06\/IGSS-atiende-a-victimas-de-la-tragedia-ocasionada-por-el-Volcan-de-Fuego-201815-630x420.jpg\" srcset=\"\/wp-content\/uploads\/sites\/5\/2018\/06\/IGSS-atiende-a-victimas-de-la-tragedia-ocasionada-por-el-Volcan-de-Fuego-201815-630x420.jpg 630w, \/wp-content\/uploads\/sites\/5\/2018\/06\/IGSS-atiende-a-victimas-de-la-tragedia-ocasionada-por-el-Volcan-de-Fuego-201815-300x200.jpg 300w, \/wp-content\/uploads\/sites\/5\/2018\/06\/IGSS-atiende-a-victimas-de-la-tragedia-ocasionada-por-el-Volcan-de-Fuego-201815-768x512.jpg 768w, \/wp-content\/uploads\/sites\/5\/2018\/06\/IGSS-atiende-a-victimas-de-la-tragedia-ocasionada-por-el-Volcan-de-Fuego-201815.jpg 1024w, \/wp-content\/uploads\/sites\/5\/2018\/06\/IGSS-atiende-a-victimas-de-la-tragedia-ocasionada-por-el-Volcan-de-Fuego-201815-696x464.jpg 696w, \/wp-content\/uploads\/sites\/5\/2018\/06\/IGSS-atiende-a-victimas-de-la-tragedia-ocasionada-por-el-Volcan-de-Fuego-201815-534x356.jpg 534w\" sizes=\"(max-width: 630px) 100vw, 630px\" alt=\"\">\r\n                            <\/a>\r\n                            \r\n                        <\/figure>\r\n                    <\/div>\r\n                    <div class = \"td-slide-item td-item2\">\r\n                        <figure class=\"td-slide-galery-figure td-slide-popup-gallery\">\r\n                            <a class=\"slide-gallery-image-link\" href=\"\/wp-content\/uploads\/sites\/5\/2018\/06\/IGSS-atiende-a-victimas-de-la-tragedia-ocasionada-por-el-Volcan-de-Fuego-201816.jpg\" title=\"IGSS atiende a victimas de la tragedia ocasionada por el Volcan de Fuego 201816\"  data-caption=\"\"  data-description=\"\">\r\n                                <img decoding=\"async\" src=\"\/wp-content\/uploads\/sites\/5\/2018\/06\/IGSS-atiende-a-victimas-de-la-tragedia-ocasionada-por-el-Volcan-de-Fuego-201816-630x420.jpg\" srcset=\"\/wp-content\/uploads\/sites\/5\/2018\/06\/IGSS-atiende-a-victimas-de-la-tragedia-ocasionada-por-el-Volcan-de-Fuego-201816-630x420.jpg 630w, \/wp-content\/uploads\/sites\/5\/2018\/06\/IGSS-atiende-a-victimas-de-la-tragedia-ocasionada-por-el-Volcan-de-Fuego-201816-300x200.jpg 300w, \/wp-content\/uploads\/sites\/5\/2018\/06\/IGSS-atiende-a-victimas-de-la-tragedia-ocasionada-por-el-Volcan-de-Fuego-201816-768x512.jpg 768w, \/wp-content\/uploads\/sites\/5\/2018\/06\/IGSS-atiende-a-victimas-de-la-tragedia-ocasionada-por-el-Volcan-de-Fuego-201816.jpg 1024w, \/wp-content\/uploads\/sites\/5\/2018\/06\/IGSS-atiende-a-victimas-de-la-tragedia-ocasionada-por-el-Volcan-de-Fuego-201816-696x464.jpg 696w, \/wp-content\/uploads\/sites\/5\/2018\/06\/IGSS-atiende-a-victimas-de-la-tragedia-ocasionada-por-el-Volcan-de-Fuego-201816-534x356.jpg 534w\" sizes=\"(max-width: 630px) 100vw, 630px\" alt=\"\">\r\n                            <\/a>\r\n                            \r\n                        <\/figure>\r\n                    <\/div>\r\n                    <div class = \"td-slide-item td-item3\">\r\n                        <figure class=\"td-slide-galery-figure td-slide-popup-gallery\">\r\n                            <a class=\"slide-gallery-image-link\" href=\"\/wp-content\/uploads\/sites\/5\/2018\/06\/IGSS-atiende-a-victimas-de-la-tragedia-ocasionada-por-el-Volcan-de-Fuego-20183.jpg\" title=\"IGSS atiende a victimas de la tragedia ocasionada por el Volcan de Fuego 20183\"  data-caption=\"\"  data-description=\"\">\r\n                                <img decoding=\"async\" src=\"\/wp-content\/uploads\/sites\/5\/2018\/06\/IGSS-atiende-a-victimas-de-la-tragedia-ocasionada-por-el-Volcan-de-Fuego-20183-630x420.jpg\" srcset=\"\/wp-content\/uploads\/sites\/5\/2018\/06\/IGSS-atiende-a-victimas-de-la-tragedia-ocasionada-por-el-Volcan-de-Fuego-20183-630x420.jpg 630w, \/wp-content\/uploads\/sites\/5\/2018\/06\/IGSS-atiende-a-victimas-de-la-tragedia-ocasionada-por-el-Volcan-de-Fuego-20183-300x200.jpg 300w, \/wp-content\/uploads\/sites\/5\/2018\/06\/IGSS-atiende-a-victimas-de-la-tragedia-ocasionada-por-el-Volcan-de-Fuego-20183-768x512.jpg 768w, \/wp-content\/uploads\/sites\/5\/2018\/06\/IGSS-atiende-a-victimas-de-la-tragedia-ocasionada-por-el-Volcan-de-Fuego-20183.jpg 1024w, \/wp-content\/uploads\/sites\/5\/2018\/06\/IGSS-atiende-a-victimas-de-la-tragedia-ocasionada-por-el-Volcan-de-Fuego-20183-696x464.jpg 696w, \/wp-content\/uploads\/sites\/5\/2018\/06\/IGSS-atiende-a-victimas-de-la-tragedia-ocasionada-por-el-Volcan-de-Fuego-20183-534x356.jpg 534w\" sizes=\"(max-width: 630px) 100vw, 630px\" alt=\"\">\r\n                            <\/a>\r\n                            \r\n                        <\/figure>\r\n                    <\/div>\r\n                    <div class = \"td-slide-item td-item4\">\r\n                        <figure class=\"td-slide-galery-figure td-slide-popup-gallery\">\r\n                            <a class=\"slide-gallery-image-link\" href=\"\/wp-content\/uploads\/sites\/5\/2018\/06\/IGSS-atiende-a-victimas-de-la-tragedia-ocasionada-por-el-Volcan-de-Fuego-20181.jpg\" title=\"IGSS atiende a victimas de la tragedia ocasionada por el Volcan de Fuego 20181\"  data-caption=\"\"  data-description=\"\">\r\n                                <img decoding=\"async\" src=\"\/wp-content\/uploads\/sites\/5\/2018\/06\/IGSS-atiende-a-victimas-de-la-tragedia-ocasionada-por-el-Volcan-de-Fuego-20181-630x420.jpg\" srcset=\"\/wp-content\/uploads\/sites\/5\/2018\/06\/IGSS-atiende-a-victimas-de-la-tragedia-ocasionada-por-el-Volcan-de-Fuego-20181-630x420.jpg 630w, \/wp-content\/uploads\/sites\/5\/2018\/06\/IGSS-atiende-a-victimas-de-la-tragedia-ocasionada-por-el-Volcan-de-Fuego-20181-300x200.jpg 300w, \/wp-content\/uploads\/sites\/5\/2018\/06\/IGSS-atiende-a-victimas-de-la-tragedia-ocasionada-por-el-Volcan-de-Fuego-20181-768x512.jpg 768w, \/wp-content\/uploads\/sites\/5\/2018\/06\/IGSS-atiende-a-victimas-de-la-tragedia-ocasionada-por-el-Volcan-de-Fuego-20181.jpg 1024w, \/wp-content\/uploads\/sites\/5\/2018\/06\/IGSS-atiende-a-victimas-de-la-tragedia-ocasionada-por-el-Volcan-de-Fuego-20181-696x464.jpg 696w, \/wp-content\/uploads\/sites\/5\/2018\/06\/IGSS-atiende-a-victimas-de-la-tragedia-ocasionada-por-el-Volcan-de-Fuego-20181-534x356.jpg 534w\" sizes=\"(max-width: 630px) 100vw, 630px\" alt=\"\">\r\n                            <\/a>\r\n                            \r\n                        <\/figure>\r\n                    <\/div>\r\n                    <div class = \"td-slide-item td-item5\">\r\n                        <figure class=\"td-slide-galery-figure td-slide-popup-gallery\">\r\n                            <a class=\"slide-gallery-image-link\" href=\"\/wp-content\/uploads\/sites\/5\/2018\/06\/IGSS-atiende-a-victimas-de-la-tragedia-ocasionada-por-el-Volcan-de-Fuego-20184.jpg\" title=\"IGSS atiende a victimas de la tragedia ocasionada por el Volcan de Fuego 20184\"  data-caption=\"\"  data-description=\"\">\r\n                                <img decoding=\"async\" src=\"\/wp-content\/uploads\/sites\/5\/2018\/06\/IGSS-atiende-a-victimas-de-la-tragedia-ocasionada-por-el-Volcan-de-Fuego-20184-420x420.jpg\" srcset=\"\/wp-content\/uploads\/sites\/5\/2018\/06\/IGSS-atiende-a-victimas-de-la-tragedia-ocasionada-por-el-Volcan-de-Fuego-20184-420x420.jpg 420w, \/wp-content\/uploads\/sites\/5\/2018\/06\/IGSS-atiende-a-victimas-de-la-tragedia-ocasionada-por-el-Volcan-de-Fuego-20184-150x150.jpg 150w, \/wp-content\/uploads\/sites\/5\/2018\/06\/IGSS-atiende-a-victimas-de-la-tragedia-ocasionada-por-el-Volcan-de-Fuego-20184-300x300.jpg 300w, \/wp-content\/uploads\/sites\/5\/2018\/06\/IGSS-atiende-a-victimas-de-la-tragedia-ocasionada-por-el-Volcan-de-Fuego-20184-462x462.jpg 462w, \/wp-content\/uploads\/sites\/5\/2018\/06\/IGSS-atiende-a-victimas-de-la-tragedia-ocasionada-por-el-Volcan-de-Fuego-20184.jpg 680w\" sizes=\"(max-width: 420px) 100vw, 420px\" alt=\"\">\r\n                            <\/a>\r\n                            \r\n                        <\/figure>\r\n                    <\/div>\r\n                    <div class = \"td-slide-item td-item6\">\r\n                        <figure class=\"td-slide-galery-figure td-slide-popup-gallery\">\r\n                            <a class=\"slide-gallery-image-link\" href=\"\/wp-content\/uploads\/sites\/5\/2018\/06\/IGSS-atiende-a-victimas-de-la-tragedia-ocasionada-por-el-Volcan-de-Fuego-20185.jpg\" title=\"IGSS atiende a victimas de la tragedia ocasionada por el Volcan de Fuego 20185\"  data-caption=\"\"  data-description=\"\">\r\n                                <img decoding=\"async\" src=\"\/wp-content\/uploads\/sites\/5\/2018\/06\/IGSS-atiende-a-victimas-de-la-tragedia-ocasionada-por-el-Volcan-de-Fuego-20185-420x420.jpg\" srcset=\"\/wp-content\/uploads\/sites\/5\/2018\/06\/IGSS-atiende-a-victimas-de-la-tragedia-ocasionada-por-el-Volcan-de-Fuego-20185-420x420.jpg 420w, \/wp-content\/uploads\/sites\/5\/2018\/06\/IGSS-atiende-a-victimas-de-la-tragedia-ocasionada-por-el-Volcan-de-Fuego-20185-150x150.jpg 150w, \/wp-content\/uploads\/sites\/5\/2018\/06\/IGSS-atiende-a-victimas-de-la-tragedia-ocasionada-por-el-Volcan-de-Fuego-20185-300x300.jpg 300w, \/wp-content\/uploads\/sites\/5\/2018\/06\/IGSS-atiende-a-victimas-de-la-tragedia-ocasionada-por-el-Volcan-de-Fuego-20185-768x768.jpg 768w, \/wp-content\/uploads\/sites\/5\/2018\/06\/IGSS-atiende-a-victimas-de-la-tragedia-ocasionada-por-el-Volcan-de-Fuego-20185-696x696.jpg 696w, \/wp-content\/uploads\/sites\/5\/2018\/06\/IGSS-atiende-a-victimas-de-la-tragedia-ocasionada-por-el-Volcan-de-Fuego-20185-462x462.jpg 462w, \/wp-content\/uploads\/sites\/5\/2018\/06\/IGSS-atiende-a-victimas-de-la-tragedia-ocasionada-por-el-Volcan-de-Fuego-20185.jpg 960w\" sizes=\"(max-width: 420px) 100vw, 420px\" alt=\"\">\r\n                            <\/a>\r\n                            \r\n                        <\/figure>\r\n                    <\/div>\r\n                    <div class = \"td-slide-item td-item7\">\r\n                        <figure class=\"td-slide-galery-figure td-slide-popup-gallery\">\r\n                            <a class=\"slide-gallery-image-link\" href=\"\/wp-content\/uploads\/sites\/5\/2018\/06\/IGSS-atiende-a-victimas-de-la-tragedia-ocasionada-por-el-Volcan-de-Fuego-20186.jpg\" title=\"IGSS atiende a victimas de la tragedia ocasionada por el Volcan de Fuego 20186\"  data-caption=\"\"  data-description=\"\">\r\n                                <img decoding=\"async\" src=\"\/wp-content\/uploads\/sites\/5\/2018\/06\/IGSS-atiende-a-victimas-de-la-tragedia-ocasionada-por-el-Volcan-de-Fuego-20186-420x420.jpg\" srcset=\"\/wp-content\/uploads\/sites\/5\/2018\/06\/IGSS-atiende-a-victimas-de-la-tragedia-ocasionada-por-el-Volcan-de-Fuego-20186-420x420.jpg 420w, \/wp-content\/uploads\/sites\/5\/2018\/06\/IGSS-atiende-a-victimas-de-la-tragedia-ocasionada-por-el-Volcan-de-Fuego-20186-150x150.jpg 150w, \/wp-content\/uploads\/sites\/5\/2018\/06\/IGSS-atiende-a-victimas-de-la-tragedia-ocasionada-por-el-Volcan-de-Fuego-20186-300x300.jpg 300w, \/wp-content\/uploads\/sites\/5\/2018\/06\/IGSS-atiende-a-victimas-de-la-tragedia-ocasionada-por-el-Volcan-de-Fuego-20186-768x768.jpg 768w, \/wp-content\/uploads\/sites\/5\/2018\/06\/IGSS-atiende-a-victimas-de-la-tragedia-ocasionada-por-el-Volcan-de-Fuego-20186-696x696.jpg 696w, \/wp-content\/uploads\/sites\/5\/2018\/06\/IGSS-atiende-a-victimas-de-la-tragedia-ocasionada-por-el-Volcan-de-Fuego-20186-462x462.jpg 462w, \/wp-content\/uploads\/sites\/5\/2018\/06\/IGSS-atiende-a-victimas-de-la-tragedia-ocasionada-por-el-Volcan-de-Fuego-20186.jpg 960w\" sizes=\"(max-width: 420px) 100vw, 420px\" alt=\"\">\r\n                            <\/a>\r\n                            \r\n                        <\/figure>\r\n                    <\/div>\r\n                    <div class = \"td-slide-item td-item8\">\r\n                        <figure class=\"td-slide-galery-figure td-slide-popup-gallery\">\r\n                            <a class=\"slide-gallery-image-link\" href=\"\/wp-content\/uploads\/sites\/5\/2018\/06\/IGSS-atiende-a-victimas-de-la-tragedia-ocasionada-por-el-Volcan-de-Fuego-20187.jpg\" title=\"IGSS atiende a victimas de la tragedia ocasionada por el Volcan de Fuego 20187\"  data-caption=\"\"  data-description=\"\">\r\n                                <img decoding=\"async\" src=\"\/wp-content\/uploads\/sites\/5\/2018\/06\/IGSS-atiende-a-victimas-de-la-tragedia-ocasionada-por-el-Volcan-de-Fuego-20187-630x420.jpg\" srcset=\"\/wp-content\/uploads\/sites\/5\/2018\/06\/IGSS-atiende-a-victimas-de-la-tragedia-ocasionada-por-el-Volcan-de-Fuego-20187-630x420.jpg 630w, \/wp-content\/uploads\/sites\/5\/2018\/06\/IGSS-atiende-a-victimas-de-la-tragedia-ocasionada-por-el-Volcan-de-Fuego-20187-300x200.jpg 300w, \/wp-content\/uploads\/sites\/5\/2018\/06\/IGSS-atiende-a-victimas-de-la-tragedia-ocasionada-por-el-Volcan-de-Fuego-20187-768x512.jpg 768w, \/wp-content\/uploads\/sites\/5\/2018\/06\/IGSS-atiende-a-victimas-de-la-tragedia-ocasionada-por-el-Volcan-de-Fuego-20187.jpg 1024w, \/wp-content\/uploads\/sites\/5\/2018\/06\/IGSS-atiende-a-victimas-de-la-tragedia-ocasionada-por-el-Volcan-de-Fuego-20187-696x464.jpg 696w, \/wp-content\/uploads\/sites\/5\/2018\/06\/IGSS-atiende-a-victimas-de-la-tragedia-ocasionada-por-el-Volcan-de-Fuego-20187-534x356.jpg 534w\" sizes=\"(max-width: 630px) 100vw, 630px\" alt=\"\">\r\n                            <\/a>\r\n                            \r\n                        <\/figure>\r\n                    <\/div>\r\n                    <div class = \"td-slide-item td-item9\">\r\n                        <figure class=\"td-slide-galery-figure td-slide-popup-gallery\">\r\n                            <a class=\"slide-gallery-image-link\" href=\"\/wp-content\/uploads\/sites\/5\/2018\/06\/IGSS-atiende-a-victimas-de-la-tragedia-ocasionada-por-el-Volcan-de-Fuego-20188.jpg\" title=\"IGSS atiende a victimas de la tragedia ocasionada por el Volcan de Fuego 20188\"  data-caption=\"\"  data-description=\"\">\r\n                                <img decoding=\"async\" src=\"\/wp-content\/uploads\/sites\/5\/2018\/06\/IGSS-atiende-a-victimas-de-la-tragedia-ocasionada-por-el-Volcan-de-Fuego-20188-630x420.jpg\" srcset=\"\/wp-content\/uploads\/sites\/5\/2018\/06\/IGSS-atiende-a-victimas-de-la-tragedia-ocasionada-por-el-Volcan-de-Fuego-20188-630x420.jpg 630w, \/wp-content\/uploads\/sites\/5\/2018\/06\/IGSS-atiende-a-victimas-de-la-tragedia-ocasionada-por-el-Volcan-de-Fuego-20188-300x200.jpg 300w, \/wp-content\/uploads\/sites\/5\/2018\/06\/IGSS-atiende-a-victimas-de-la-tragedia-ocasionada-por-el-Volcan-de-Fuego-20188-768x512.jpg 768w, \/wp-content\/uploads\/sites\/5\/2018\/06\/IGSS-atiende-a-victimas-de-la-tragedia-ocasionada-por-el-Volcan-de-Fuego-20188.jpg 1024w, \/wp-content\/uploads\/sites\/5\/2018\/06\/IGSS-atiende-a-victimas-de-la-tragedia-ocasionada-por-el-Volcan-de-Fuego-20188-696x464.jpg 696w, \/wp-content\/uploads\/sites\/5\/2018\/06\/IGSS-atiende-a-victimas-de-la-tragedia-ocasionada-por-el-Volcan-de-Fuego-20188-534x356.jpg 534w\" sizes=\"(max-width: 630px) 100vw, 630px\" alt=\"\">\r\n                            <\/a>\r\n                            \r\n                        <\/figure>\r\n                    <\/div>\r\n                    <div class = \"td-slide-item td-item10\">\r\n                        <figure class=\"td-slide-galery-figure td-slide-popup-gallery\">\r\n                            <a class=\"slide-gallery-image-link\" href=\"\/wp-content\/uploads\/sites\/5\/2018\/06\/IGSS-atiende-a-victimas-de-la-tragedia-ocasionada-por-el-Volcan-de-Fuego-20189.jpg\" title=\"IGSS atiende a victimas de la tragedia ocasionada por el Volcan de Fuego 20189\"  data-caption=\"\"  data-description=\"\">\r\n                                <img decoding=\"async\" src=\"\/wp-content\/uploads\/sites\/5\/2018\/06\/IGSS-atiende-a-victimas-de-la-tragedia-ocasionada-por-el-Volcan-de-Fuego-20189-630x420.jpg\" srcset=\"\/wp-content\/uploads\/sites\/5\/2018\/06\/IGSS-atiende-a-victimas-de-la-tragedia-ocasionada-por-el-Volcan-de-Fuego-20189-630x420.jpg 630w, \/wp-content\/uploads\/sites\/5\/2018\/06\/IGSS-atiende-a-victimas-de-la-tragedia-ocasionada-por-el-Volcan-de-Fuego-20189-300x200.jpg 300w, \/wp-content\/uploads\/sites\/5\/2018\/06\/IGSS-atiende-a-victimas-de-la-tragedia-ocasionada-por-el-Volcan-de-Fuego-20189-768x512.jpg 768w, \/wp-content\/uploads\/sites\/5\/2018\/06\/IGSS-atiende-a-victimas-de-la-tragedia-ocasionada-por-el-Volcan-de-Fuego-20189.jpg 1024w, \/wp-content\/uploads\/sites\/5\/2018\/06\/IGSS-atiende-a-victimas-de-la-tragedia-ocasionada-por-el-Volcan-de-Fuego-20189-696x464.jpg 696w, \/wp-content\/uploads\/sites\/5\/2018\/06\/IGSS-atiende-a-victimas-de-la-tragedia-ocasionada-por-el-Volcan-de-Fuego-20189-534x356.jpg 534w\" sizes=\"(max-width: 630px) 100vw, 630px\" alt=\"\">\r\n                            <\/a>\r\n                            \r\n                        <\/figure>\r\n                    <\/div>\r\n                    <div class = \"td-slide-item td-item11\">\r\n                        <figure class=\"td-slide-galery-figure td-slide-popup-gallery\">\r\n                            <a class=\"slide-gallery-image-link\" href=\"\/wp-content\/uploads\/sites\/5\/2018\/06\/IGSS-atiende-a-victimas-de-la-tragedia-ocasionada-por-el-Volcan-de-Fuego-20182.jpg\" title=\"IGSS atiende a victimas de la tragedia ocasionada por el Volcan de Fuego 20182\"  data-caption=\"\"  data-description=\"\">\r\n                                <img decoding=\"async\" src=\"\/wp-content\/uploads\/sites\/5\/2018\/06\/IGSS-atiende-a-victimas-de-la-tragedia-ocasionada-por-el-Volcan-de-Fuego-20182-630x420.jpg\" srcset=\"\/wp-content\/uploads\/sites\/5\/2018\/06\/IGSS-atiende-a-victimas-de-la-tragedia-ocasionada-por-el-Volcan-de-Fuego-20182-630x420.jpg 630w, \/wp-content\/uploads\/sites\/5\/2018\/06\/IGSS-atiende-a-victimas-de-la-tragedia-ocasionada-por-el-Volcan-de-Fuego-20182-300x200.jpg 300w, \/wp-content\/uploads\/sites\/5\/2018\/06\/IGSS-atiende-a-victimas-de-la-tragedia-ocasionada-por-el-Volcan-de-Fuego-20182-768x512.jpg 768w, \/wp-content\/uploads\/sites\/5\/2018\/06\/IGSS-atiende-a-victimas-de-la-tragedia-ocasionada-por-el-Volcan-de-Fuego-20182.jpg 1024w, \/wp-content\/uploads\/sites\/5\/2018\/06\/IGSS-atiende-a-victimas-de-la-tragedia-ocasionada-por-el-Volcan-de-Fuego-20182-696x464.jpg 696w, \/wp-content\/uploads\/sites\/5\/2018\/06\/IGSS-atiende-a-victimas-de-la-tragedia-ocasionada-por-el-Volcan-de-Fuego-20182-534x356.jpg 534w\" sizes=\"(max-width: 630px) 100vw, 630px\" alt=\"\">\r\n                            <\/a>\r\n                            \r\n                        <\/figure>\r\n                    <\/div>\r\n                    <div class = \"td-slide-item td-item12\">\r\n                        <figure class=\"td-slide-galery-figure td-slide-popup-gallery\">\r\n                            <a class=\"slide-gallery-image-link\" href=\"\/wp-content\/uploads\/sites\/5\/2018\/06\/IGSS-atiende-a-victimas-de-la-tragedia-ocasionada-por-el-Volcan-de-Fuego-201810.jpg\" title=\"IGSS atiende a victimas de la tragedia ocasionada por el Volcan de Fuego 201810\"  data-caption=\"\"  data-description=\"\">\r\n                                <img decoding=\"async\" src=\"\/wp-content\/uploads\/sites\/5\/2018\/06\/IGSS-atiende-a-victimas-de-la-tragedia-ocasionada-por-el-Volcan-de-Fuego-201810-630x420.jpg\" srcset=\"\/wp-content\/uploads\/sites\/5\/2018\/06\/IGSS-atiende-a-victimas-de-la-tragedia-ocasionada-por-el-Volcan-de-Fuego-201810-630x420.jpg 630w, \/wp-content\/uploads\/sites\/5\/2018\/06\/IGSS-atiende-a-victimas-de-la-tragedia-ocasionada-por-el-Volcan-de-Fuego-201810-300x200.jpg 300w, \/wp-content\/uploads\/sites\/5\/2018\/06\/IGSS-atiende-a-victimas-de-la-tragedia-ocasionada-por-el-Volcan-de-Fuego-201810-768x512.jpg 768w, \/wp-content\/uploads\/sites\/5\/2018\/06\/IGSS-atiende-a-victimas-de-la-tragedia-ocasionada-por-el-Volcan-de-Fuego-201810.jpg 1024w, \/wp-content\/uploads\/sites\/5\/2018\/06\/IGSS-atiende-a-victimas-de-la-tragedia-ocasionada-por-el-Volcan-de-Fuego-201810-696x464.jpg 696w, \/wp-content\/uploads\/sites\/5\/2018\/06\/IGSS-atiende-a-victimas-de-la-tragedia-ocasionada-por-el-Volcan-de-Fuego-201810-534x356.jpg 534w\" sizes=\"(max-width: 630px) 100vw, 630px\" alt=\"\">\r\n                            <\/a>\r\n                            \r\n                        <\/figure>\r\n                    <\/div>\r\n                    <div class = \"td-slide-item td-item13\">\r\n                        <figure class=\"td-slide-galery-figure td-slide-popup-gallery\">\r\n                            <a class=\"slide-gallery-image-link\" href=\"\/wp-content\/uploads\/sites\/5\/2018\/06\/IGSS-atiende-a-victimas-de-la-tragedia-ocasionada-por-el-Volcan-de-Fuego-201811.jpg\" title=\"IGSS atiende a victimas de la tragedia ocasionada por el Volcan de Fuego 201811\"  data-caption=\"\"  data-description=\"\">\r\n                                <img decoding=\"async\" src=\"\/wp-content\/uploads\/sites\/5\/2018\/06\/IGSS-atiende-a-victimas-de-la-tragedia-ocasionada-por-el-Volcan-de-Fuego-201811-630x420.jpg\" srcset=\"\/wp-content\/uploads\/sites\/5\/2018\/06\/IGSS-atiende-a-victimas-de-la-tragedia-ocasionada-por-el-Volcan-de-Fuego-201811-630x420.jpg 630w, \/wp-content\/uploads\/sites\/5\/2018\/06\/IGSS-atiende-a-victimas-de-la-tragedia-ocasionada-por-el-Volcan-de-Fuego-201811-300x200.jpg 300w, \/wp-content\/uploads\/sites\/5\/2018\/06\/IGSS-atiende-a-victimas-de-la-tragedia-ocasionada-por-el-Volcan-de-Fuego-201811-768x512.jpg 768w, \/wp-content\/uploads\/sites\/5\/2018\/06\/IGSS-atiende-a-victimas-de-la-tragedia-ocasionada-por-el-Volcan-de-Fuego-201811.jpg 1024w, \/wp-content\/uploads\/sites\/5\/2018\/06\/IGSS-atiende-a-victimas-de-la-tragedia-ocasionada-por-el-Volcan-de-Fuego-201811-696x464.jpg 696w, \/wp-content\/uploads\/sites\/5\/2018\/06\/IGSS-atiende-a-victimas-de-la-tragedia-ocasionada-por-el-Volcan-de-Fuego-201811-534x356.jpg 534w\" sizes=\"(max-width: 630px) 100vw, 630px\" alt=\"\">\r\n                            <\/a>\r\n                            \r\n                        <\/figure>\r\n                    <\/div>\r\n                    <div class = \"td-slide-item td-item14\">\r\n                        <figure class=\"td-slide-galery-figure td-slide-popup-gallery\">\r\n                            <a class=\"slide-gallery-image-link\" href=\"\/wp-content\/uploads\/sites\/5\/2018\/06\/IGSS-atiende-a-victimas-de-la-tragedia-ocasionada-por-el-Volcan-de-Fuego-201812.jpg\" title=\"IGSS atiende a victimas de la tragedia ocasionada por el Volcan de Fuego 201812\"  data-caption=\"\"  data-description=\"\">\r\n                                <img decoding=\"async\" src=\"\/wp-content\/uploads\/sites\/5\/2018\/06\/IGSS-atiende-a-victimas-de-la-tragedia-ocasionada-por-el-Volcan-de-Fuego-201812-454x420.jpg\" srcset=\"\/wp-content\/uploads\/sites\/5\/2018\/06\/IGSS-atiende-a-victimas-de-la-tragedia-ocasionada-por-el-Volcan-de-Fuego-201812-454x420.jpg 454w, \/wp-content\/uploads\/sites\/5\/2018\/06\/IGSS-atiende-a-victimas-de-la-tragedia-ocasionada-por-el-Volcan-de-Fuego-201812-300x278.jpg 300w, \/wp-content\/uploads\/sites\/5\/2018\/06\/IGSS-atiende-a-victimas-de-la-tragedia-ocasionada-por-el-Volcan-de-Fuego-201812-499x462.jpg 499w, \/wp-content\/uploads\/sites\/5\/2018\/06\/IGSS-atiende-a-victimas-de-la-tragedia-ocasionada-por-el-Volcan-de-Fuego-201812.jpg 581w\" sizes=\"(max-width: 454px) 100vw, 454px\" alt=\"\">\r\n                            <\/a>\r\n                            \r\n                        <\/figure>\r\n                    <\/div>\r\n                    <div class = \"td-slide-item td-item15\">\r\n                        <figure class=\"td-slide-galery-figure td-slide-popup-gallery\">\r\n                            <a class=\"slide-gallery-image-link\" href=\"\/wp-content\/uploads\/sites\/5\/2018\/06\/IGSS-atiende-a-victimas-de-la-tragedia-ocasionada-por-el-Volcan-de-Fuego-201813.jpg\" title=\"IGSS atiende a victimas de la tragedia ocasionada por el Volcan de Fuego 201813\"  data-caption=\"\"  data-description=\"\">\r\n                                <img decoding=\"async\" src=\"\/wp-content\/uploads\/sites\/5\/2018\/06\/IGSS-atiende-a-victimas-de-la-tragedia-ocasionada-por-el-Volcan-de-Fuego-201813-299x420.jpg\" srcset=\"\/wp-content\/uploads\/sites\/5\/2018\/06\/IGSS-atiende-a-victimas-de-la-tragedia-ocasionada-por-el-Volcan-de-Fuego-201813-299x420.jpg 299w, \/wp-content\/uploads\/sites\/5\/2018\/06\/IGSS-atiende-a-victimas-de-la-tragedia-ocasionada-por-el-Volcan-de-Fuego-201813-214x300.jpg 214w, \/wp-content\/uploads\/sites\/5\/2018\/06\/IGSS-atiende-a-victimas-de-la-tragedia-ocasionada-por-el-Volcan-de-Fuego-201813-696x976.jpg 696w, \/wp-content\/uploads\/sites\/5\/2018\/06\/IGSS-atiende-a-victimas-de-la-tragedia-ocasionada-por-el-Volcan-de-Fuego-201813-329x462.jpg 329w, \/wp-content\/uploads\/sites\/5\/2018\/06\/IGSS-atiende-a-victimas-de-la-tragedia-ocasionada-por-el-Volcan-de-Fuego-201813.jpg 720w\" sizes=\"(max-width: 299px) 100vw, 299px\" alt=\"\">\r\n                            <\/a>\r\n                            \r\n                        <\/figure>\r\n                    <\/div>\r\n                    <div class = \"td-slide-item td-item16\">\r\n                        <figure class=\"td-slide-galery-figure td-slide-popup-gallery\">\r\n                            <a class=\"slide-gallery-image-link\" href=\"\/wp-content\/uploads\/sites\/5\/2018\/06\/IGSS-atiende-a-victimas-de-la-tragedia-ocasionada-por-el-Volcan-de-Fuego-201814.jpg\" title=\"IGSS atiende a victimas de la tragedia ocasionada por el Volcan de Fuego 201814\"  data-caption=\"\"  data-description=\"\">\r\n                                <img decoding=\"async\" src=\"\/wp-content\/uploads\/sites\/5\/2018\/06\/IGSS-atiende-a-victimas-de-la-tragedia-ocasionada-por-el-Volcan-de-Fuego-201814-310x420.jpg\" srcset=\"\/wp-content\/uploads\/sites\/5\/2018\/06\/IGSS-atiende-a-victimas-de-la-tragedia-ocasionada-por-el-Volcan-de-Fuego-201814-310x420.jpg 310w, \/wp-content\/uploads\/sites\/5\/2018\/06\/IGSS-atiende-a-victimas-de-la-tragedia-ocasionada-por-el-Volcan-de-Fuego-201814-221x300.jpg 221w, \/wp-content\/uploads\/sites\/5\/2018\/06\/IGSS-atiende-a-victimas-de-la-tragedia-ocasionada-por-el-Volcan-de-Fuego-201814-341x462.jpg 341w, \/wp-content\/uploads\/sites\/5\/2018\/06\/IGSS-atiende-a-victimas-de-la-tragedia-ocasionada-por-el-Volcan-de-Fuego-201814.jpg 581w\" sizes=\"(max-width: 310px) 100vw, 310px\" alt=\"\">\r\n                            <\/a>\r\n                            \r\n                        <\/figure>\r\n                    <\/div>\r\n                    <div class = \"td-slide-item td-item17\">\r\n                        <figure class=\"td-slide-galery-figure td-slide-popup-gallery\">\r\n                            <a class=\"slide-gallery-image-link\" href=\"\/wp-content\/uploads\/sites\/5\/2018\/06\/IGSS-atiende-a-victimas-de-la-tragedia-ocasionada-por-el-Volcan-de-Fuego-201817.jpg\" title=\"IGSS atiende a victimas de la tragedia ocasionada por el Volcan de Fuego 201817\"  data-caption=\"\"  data-description=\"\">\r\n                                <img decoding=\"async\" src=\"\/wp-content\/uploads\/sites\/5\/2018\/06\/IGSS-atiende-a-victimas-de-la-tragedia-ocasionada-por-el-Volcan-de-Fuego-201817-630x420.jpg\" srcset=\"\/wp-content\/uploads\/sites\/5\/2018\/06\/IGSS-atiende-a-victimas-de-la-tragedia-ocasionada-por-el-Volcan-de-Fuego-201817-630x420.jpg 630w, \/wp-content\/uploads\/sites\/5\/2018\/06\/IGSS-atiende-a-victimas-de-la-tragedia-ocasionada-por-el-Volcan-de-Fuego-201817-300x200.jpg 300w, \/wp-content\/uploads\/sites\/5\/2018\/06\/IGSS-atiende-a-victimas-de-la-tragedia-ocasionada-por-el-Volcan-de-Fuego-201817-768x512.jpg 768w, \/wp-content\/uploads\/sites\/5\/2018\/06\/IGSS-atiende-a-victimas-de-la-tragedia-ocasionada-por-el-Volcan-de-Fuego-201817.jpg 1024w, \/wp-content\/uploads\/sites\/5\/2018\/06\/IGSS-atiende-a-victimas-de-la-tragedia-ocasionada-por-el-Volcan-de-Fuego-201817-696x464.jpg 696w, \/wp-content\/uploads\/sites\/5\/2018\/06\/IGSS-atiende-a-victimas-de-la-tragedia-ocasionada-por-el-Volcan-de-Fuego-201817-534x356.jpg 534w\" sizes=\"(max-width: 630px) 100vw, 630px\" alt=\"\">\r\n                            <\/a>\r\n                            \r\n                        <\/figure>\r\n                    <\/div>\r\n                            <\/div>\r\n                        <\/div>\r\n\r\n                        <div class = \"td-doubleSlider-2\">\r\n                            <div class = \"td-slider\">\r\n                                \r\n                    <div class = \"td-button td-item1\">\r\n                        <div class = \"td-border\"><\/div>\r\n                    <\/div>\r\n                    <div class = \"td-button td-item2\">\r\n                        <div class = \"td-border\"><\/div>\r\n                    <\/div>\r\n                    <div class = \"td-button td-item3\">\r\n                        <div class = \"td-border\"><\/div>\r\n                    <\/div>\r\n                    <div class = \"td-button td-item4\">\r\n                        <div class = \"td-border\"><\/div>\r\n                    <\/div>\r\n                    <div class = \"td-button td-item5\">\r\n                        <div class = \"td-border\"><\/div>\r\n                    <\/div>\r\n                    <div class = \"td-button td-item6\">\r\n                        <div class = \"td-border\"><\/div>\r\n                    <\/div>\r\n                    <div class = \"td-button td-item7\">\r\n                        <div class = \"td-border\"><\/div>\r\n                    <\/div>\r\n                    <div class = \"td-button td-item8\">\r\n                        <div class = \"td-border\"><\/div>\r\n                    <\/div>\r\n                    <div class = \"td-button td-item9\">\r\n                        <div class = \"td-border\"><\/div>\r\n                    <\/div>\r\n                    <div class = \"td-button td-item10\">\r\n                        <div class = \"td-border\"><\/div>\r\n                    <\/div>\r\n                    <div class = \"td-button td-item11\">\r\n                        <div class = \"td-border\"><\/div>\r\n                    <\/div>\r\n                    <div class = \"td-button td-item12\">\r\n                        <div class = \"td-border\"><\/div>\r\n                    <\/div>\r\n                    <div class = \"td-button td-item13\">\r\n                        <div class = \"td-border\"><\/div>\r\n                    <\/div>\r\n                    <div class = \"td-button td-item14\">\r\n                        <div class = \"td-border\"><\/div>\r\n                    <\/div>\r\n                    <div class = \"td-button td-item15\">\r\n                        <div class = \"td-border\"><\/div>\r\n                    <\/div>\r\n                    <div class = \"td-button td-item16\">\r\n                        <div class = \"td-border\"><\/div>\r\n                    <\/div>\r\n                    <div class = \"td-button td-item17\">\r\n                        <div class = \"td-border\"><\/div>\r\n                    <\/div>\r\n                            <\/div>\r\n                        <\/div>\r\n\r\n                    <\/div>\r\n\r\n                <\/div>\r\n                \n<hr \/>\n<p>&nbsp;<\/p>\n<\/div>\n","protected":false},"excerpt":{"rendered":"<p>Personal de las distintas \u00e1reas del Instituto Guatemalteco de Seguridad Social (IGSS) est\u00e1 participando en la atenci\u00f3n de emergencias registradas como consecuencia de la erupci\u00f3n del Volc\u00e1n de Fuego, principalmente con v\u00edctimas del departamento de Escuintla. En las primeras horas del desastre natural en el Hospital del IGSS de Escuintla se le brind\u00f3 atenci\u00f3n preliminar [&hellip;]<\/p>\n","protected":false},"author":4,"featured_media":5246,"comment_status":"open","ping_status":"open","sticky":false,"template":"","format":"standard","meta":{"footnotes":""},"categories":[3,15,29],"tags":[97,421,476,490,862],"coauthors":[],"class_list":{"0":"post-5244","1":"post","2":"type-post","3":"status-publish","4":"format-standard","5":"has-post-thumbnail","7":"category-actualidad","8":"category-destacado","9":"category-publicaciones","10":"tag-aldea-el-rodeo","11":"tag-escuintla","12":"tag-hospital-de-escuintla","13":"tag-igss","14":"tag-volcan-de-fuego"},"_links":{"self":[{"href":"https:\/\/www.igssgt.org\/noticias\/wp-json\/wp\/v2\/posts\/5244","targetHints":{"allow":["GET"]}}],"collection":[{"href":"https:\/\/www.igssgt.org\/noticias\/wp-json\/wp\/v2\/posts"}],"about":[{"href":"https:\/\/www.igssgt.org\/noticias\/wp-json\/wp\/v2\/types\/post"}],"author":[{"embeddable":true,"href":"https:\/\/www.igssgt.org\/noticias\/wp-json\/wp\/v2\/users\/4"}],"replies":[{"embeddable":true,"href":"https:\/\/www.igssgt.org\/noticias\/wp-json\/wp\/v2\/comments?post=5244"}],"version-history":[{"count":0,"href":"https:\/\/www.igssgt.org\/noticias\/wp-json\/wp\/v2\/posts\/5244\/revisions"}],"wp:featuredmedia":[{"embeddable":true,"href":"https:\/\/www.igssgt.org\/noticias\/wp-json\/wp\/v2\/media\/5246"}],"wp:attachment":[{"href":"https:\/\/www.igssgt.org\/noticias\/wp-json\/wp\/v2\/media?parent=5244"}],"wp:term":[{"taxonomy":"category","embeddable":true,"href":"https:\/\/www.igssgt.org\/noticias\/wp-json\/wp\/v2\/categories?post=5244"},{"taxonomy":"post_tag","embeddable":true,"href":"https:\/\/www.igssgt.org\/noticias\/wp-json\/wp\/v2\/tags?post=5244"},{"taxonomy":"author","embeddable":true,"href":"https:\/\/www.igssgt.org\/noticias\/wp-json\/wp\/v2\/coauthors?post=5244"}],"curies":[{"name":"wp","href":"https:\/\/api.w.org\/{rel}","templated":true}]}}