{"id":52445,"date":"2025-12-10T15:05:15","date_gmt":"2025-12-10T21:05:15","guid":{"rendered":"https:\/\/www.igssgt.org\/noticias\/?p=52445"},"modified":"2025-12-12T14:34:23","modified_gmt":"2025-12-12T20:34:23","slug":"el-2025-termina-con-prevencion-y-bienestar-para-los-colaboradores-de-caritas-arquidiocesana","status":"publish","type":"post","link":"https:\/\/www.igssgt.org\/noticias\/2025\/12\/10\/el-2025-termina-con-prevencion-y-bienestar-para-los-colaboradores-de-caritas-arquidiocesana\/","title":{"rendered":"El 2025 termina con prevenci\u00f3n y bienestar para los colaboradores de C\u00e1ritas Arquidiocesana"},"content":{"rendered":"\n<p class=\"has-drop-cap\">El evento inici\u00f3 con una Jornada de Seguridad Social en la que m\u00e1s de 300 trabajadores recibieron vacuna contra influenza, tamizaje de VIH y control de signos vitales.<\/p>\n\n\n\n<p>En el acto, el padre Aar\u00f3n Fabrizio Tello, director general de C\u00e1ritas y delegado arzobispal, realiz\u00f3 la bendici\u00f3n de la cl\u00ednica, acompa\u00f1ado por autoridades del Instituto. Este momento destac\u00f3 la importancia de promover la salud desde la cercan\u00eda, el servicio y la protecci\u00f3n social, valores que se comparten entre ambas instituciones.<\/p>\n<figure id=\"attachment_52447\" aria-describedby=\"caption-attachment-52447\" style=\"width: 734px\" class=\"wp-caption alignnone\"><img loading=\"lazy\" decoding=\"async\" class=\"wp-image-52447\" src=\"\/wp-content\/uploads\/sites\/5\/2025\/12\/IGSS-Clinica-de-Empresa-Caritas-Arquidiocesana-20251-300x200.jpg\" alt=\"\" width=\"734\" height=\"489\" srcset=\"\/wp-content\/uploads\/sites\/5\/2025\/12\/IGSS-Clinica-de-Empresa-Caritas-Arquidiocesana-20251-300x200.jpg 300w, \/wp-content\/uploads\/sites\/5\/2025\/12\/IGSS-Clinica-de-Empresa-Caritas-Arquidiocesana-20251-1024x682.jpg 1024w, \/wp-content\/uploads\/sites\/5\/2025\/12\/IGSS-Clinica-de-Empresa-Caritas-Arquidiocesana-20251-768x512.jpg 768w, \/wp-content\/uploads\/sites\/5\/2025\/12\/IGSS-Clinica-de-Empresa-Caritas-Arquidiocesana-20251-630x420.jpg 630w, \/wp-content\/uploads\/sites\/5\/2025\/12\/IGSS-Clinica-de-Empresa-Caritas-Arquidiocesana-20251-696x464.jpg 696w, \/wp-content\/uploads\/sites\/5\/2025\/12\/IGSS-Clinica-de-Empresa-Caritas-Arquidiocesana-20251-1068x712.jpg 1068w, \/wp-content\/uploads\/sites\/5\/2025\/12\/IGSS-Clinica-de-Empresa-Caritas-Arquidiocesana-20251-534x356.jpg 534w, \/wp-content\/uploads\/sites\/5\/2025\/12\/IGSS-Clinica-de-Empresa-Caritas-Arquidiocesana-20251.jpg 1280w\" sizes=\"auto, (max-width: 734px) 100vw, 734px\" \/><figcaption id=\"caption-attachment-52447\" class=\"wp-caption-text\">El M.Sc. Jos\u00e9 Adolfo Flamenco Jau, presidente de Junta Directiva, resalt\u00f3 que la Seguridad Social es un derecho humano y esta cl\u00ednica acercar\u00e1 servicios a los trabajadores de C\u00e1ritas.<\/figcaption><\/figure>\n<p>El Dr. Francisco Javier G\u00f3dinez Jerez, subgerente de Prestaciones en Salud, resalt\u00f3 que C\u00e1ritas ha dedicado d\u00e9cadas al servicio de la poblaci\u00f3n m\u00e1s vulnerable y que esta alianza permitir\u00e1 avanzar en la prevenci\u00f3n y mejorar la calidad de la atenci\u00f3n. Subray\u00f3 adem\u00e1s que la Cl\u00ednica Modelo Empresarial representa un esfuerzo conjunto para fortalecer la salud ocupacional y el bienestar de los trabajadores.<\/p>\n<p>La Dra. Wendy Noemy Guevara, m\u00e9dico de personal, expres\u00f3 que esta unidad es un espacio dise\u00f1ado para \u201ccuidar a quienes cuidan\u201d, destacando que la salud se construye d\u00eda a d\u00eda mediante acciones de prevenci\u00f3n, seguimiento m\u00e9dico y promoci\u00f3n de h\u00e1bitos saludables. A\u00f1adi\u00f3 que la cl\u00ednica ser\u00e1 un apoyo esencial para los colaboradores en su rutina laboral.<\/p>\n<figure id=\"attachment_52448\" aria-describedby=\"caption-attachment-52448\" style=\"width: 722px\" class=\"wp-caption alignnone\"><img loading=\"lazy\" decoding=\"async\" class=\"wp-image-52448\" src=\"\/wp-content\/uploads\/sites\/5\/2025\/12\/IGSS-Clinica-de-Empresa-Caritas-Arquidiocesana-202511-300x200.jpg\" alt=\"\" width=\"722\" height=\"481\" srcset=\"\/wp-content\/uploads\/sites\/5\/2025\/12\/IGSS-Clinica-de-Empresa-Caritas-Arquidiocesana-202511-300x200.jpg 300w, \/wp-content\/uploads\/sites\/5\/2025\/12\/IGSS-Clinica-de-Empresa-Caritas-Arquidiocesana-202511-1024x682.jpg 1024w, \/wp-content\/uploads\/sites\/5\/2025\/12\/IGSS-Clinica-de-Empresa-Caritas-Arquidiocesana-202511-768x512.jpg 768w, \/wp-content\/uploads\/sites\/5\/2025\/12\/IGSS-Clinica-de-Empresa-Caritas-Arquidiocesana-202511-630x420.jpg 630w, \/wp-content\/uploads\/sites\/5\/2025\/12\/IGSS-Clinica-de-Empresa-Caritas-Arquidiocesana-202511-696x464.jpg 696w, \/wp-content\/uploads\/sites\/5\/2025\/12\/IGSS-Clinica-de-Empresa-Caritas-Arquidiocesana-202511-1068x712.jpg 1068w, \/wp-content\/uploads\/sites\/5\/2025\/12\/IGSS-Clinica-de-Empresa-Caritas-Arquidiocesana-202511-534x356.jpg 534w, \/wp-content\/uploads\/sites\/5\/2025\/12\/IGSS-Clinica-de-Empresa-Caritas-Arquidiocesana-202511.jpg 1280w\" sizes=\"auto, (max-width: 722px) 100vw, 722px\" \/><figcaption id=\"caption-attachment-52448\" class=\"wp-caption-text\">La doctora Wendy Noemy Guevara, m\u00e9dico de personal, resalta la importancia de cuidar a quienes cuidan en la nueva Cl\u00ednica Modelo Empresarial.<\/figcaption><\/figure>\n<p>Por su parte, el M.Sc. Jos\u00e9 Adolfo Flamenco Jau, presidente de Junta Directiva del IGSS, se\u00f1al\u00f3 que la Seguridad Social es un derecho humano y que esta inauguraci\u00f3n refleja el compromiso institucional por acercar los servicios m\u00e9dicos a la poblaci\u00f3n afiliada. Record\u00f3 que en los \u00faltimos a\u00f1os se ha fortalecido la profesionalizaci\u00f3n del personal, modernizado los espacios y ampliado la red de cl\u00ednicas de empresa.<\/p>\n<p>El evento concluy\u00f3 con el corte de cinta, simbolizando el inicio oficial de un servicio que mejorar\u00e1 la atenci\u00f3n y la prevenci\u00f3n en el entorno laboral para m\u00e1s de 300 colaboradores de la organizaci\u00f3n.<\/p>\n<figure id=\"attachment_52449\" aria-describedby=\"caption-attachment-52449\" style=\"width: 719px\" class=\"wp-caption alignnone\"><img loading=\"lazy\" decoding=\"async\" class=\"wp-image-52449\" src=\"\/wp-content\/uploads\/sites\/5\/2025\/12\/IGSS-Clinica-de-Empresa-Caritas-Arquidiocesana-20258-300x200.jpg\" alt=\"\" width=\"719\" height=\"479\" srcset=\"\/wp-content\/uploads\/sites\/5\/2025\/12\/IGSS-Clinica-de-Empresa-Caritas-Arquidiocesana-20258-300x200.jpg 300w, \/wp-content\/uploads\/sites\/5\/2025\/12\/IGSS-Clinica-de-Empresa-Caritas-Arquidiocesana-20258-1024x682.jpg 1024w, \/wp-content\/uploads\/sites\/5\/2025\/12\/IGSS-Clinica-de-Empresa-Caritas-Arquidiocesana-20258-768x512.jpg 768w, \/wp-content\/uploads\/sites\/5\/2025\/12\/IGSS-Clinica-de-Empresa-Caritas-Arquidiocesana-20258-630x420.jpg 630w, \/wp-content\/uploads\/sites\/5\/2025\/12\/IGSS-Clinica-de-Empresa-Caritas-Arquidiocesana-20258-696x464.jpg 696w, \/wp-content\/uploads\/sites\/5\/2025\/12\/IGSS-Clinica-de-Empresa-Caritas-Arquidiocesana-20258-1068x712.jpg 1068w, \/wp-content\/uploads\/sites\/5\/2025\/12\/IGSS-Clinica-de-Empresa-Caritas-Arquidiocesana-20258-534x356.jpg 534w, \/wp-content\/uploads\/sites\/5\/2025\/12\/IGSS-Clinica-de-Empresa-Caritas-Arquidiocesana-20258.jpg 1280w\" sizes=\"auto, (max-width: 719px) 100vw, 719px\" \/><figcaption id=\"caption-attachment-52449\" class=\"wp-caption-text\">Autoridades del Instituto y representantes de C\u00e1ritas participaron en la actividad que inaugura la Cl\u00ednica Modelo Empresarial.<\/figcaption><\/figure>\n<p>El Sistema de Atenci\u00f3n M\u00e9dica en Cl\u00ednicas de Empresa sigue creciendo en todo el pa\u00eds, se consolida como un modelo activo de prevenci\u00f3n y cercan\u00eda. Actualmente cuenta con alrededor de 235 convenios firmados y aproximadamente 115 mil afiliados integrados, lo que representa la confianza de empresas e instituciones en esta modalidad de atenci\u00f3n.<\/p>\n\r\n                <style type=\"text\/css\">\r\n                    \r\n                    #tdi_1  .td-doubleSlider-2 .td-item1 {\r\n                        background: url(\/wp-content\/uploads\/sites\/5\/2025\/12\/IGSS-Clinica-de-Empresa-Caritas-Arquidiocesana-20253-80x60.jpg) 0 0 no-repeat;\r\n                    }\r\n                    #tdi_1  .td-doubleSlider-2 .td-item2 {\r\n                        background: url(\/wp-content\/uploads\/sites\/5\/2025\/12\/IGSS-Clinica-de-Empresa-Caritas-Arquidiocesana-20254-80x60.jpg) 0 0 no-repeat;\r\n                    }\r\n                    #tdi_1  .td-doubleSlider-2 .td-item3 {\r\n                        background: url(\/wp-content\/uploads\/sites\/5\/2025\/12\/IGSS-Clinica-de-Empresa-Caritas-Arquidiocesana-20255-80x60.jpg) 0 0 no-repeat;\r\n                    }\r\n                    #tdi_1  .td-doubleSlider-2 .td-item4 {\r\n                        background: url(\/wp-content\/uploads\/sites\/5\/2025\/12\/IGSS-Clinica-de-Empresa-Caritas-Arquidiocesana-20256-80x60.jpg) 0 0 no-repeat;\r\n                    }\r\n                    #tdi_1  .td-doubleSlider-2 .td-item5 {\r\n                        background: url(\/wp-content\/uploads\/sites\/5\/2025\/12\/IGSS-Clinica-de-Empresa-Caritas-Arquidiocesana-20257-80x60.jpg) 0 0 no-repeat;\r\n                    }\r\n                    #tdi_1  .td-doubleSlider-2 .td-item6 {\r\n                        background: url(\/wp-content\/uploads\/sites\/5\/2025\/12\/IGSS-Clinica-de-Empresa-Caritas-Arquidiocesana-202510-80x60.jpg) 0 0 no-repeat;\r\n                    }\r\n                    #tdi_1  .td-doubleSlider-2 .td-item7 {\r\n                        background: url(\/wp-content\/uploads\/sites\/5\/2025\/12\/IGSS-Clinica-de-Empresa-Caritas-Arquidiocesana-20259-80x60.jpg) 0 0 no-repeat;\r\n                    }\r\n                    #tdi_1  .td-doubleSlider-2 .td-item8 {\r\n                        background: url(\/wp-content\/uploads\/sites\/5\/2025\/12\/IGSS-Clinica-de-Empresa-Caritas-Arquidiocesana-202512-80x60.jpg) 0 0 no-repeat;\r\n                    }\r\n                    #tdi_1  .td-doubleSlider-2 .td-item9 {\r\n                        background: url(\/wp-content\/uploads\/sites\/5\/2025\/12\/IGSS-Clinica-de-Empresa-Caritas-Arquidiocesana-202513-80x60.jpg) 0 0 no-repeat;\r\n                    }\r\n                    #tdi_1  .td-doubleSlider-2 .td-item10 {\r\n                        background: url(\/wp-content\/uploads\/sites\/5\/2025\/12\/IGSS-Clinica-de-Empresa-Caritas-Arquidiocesana-202514-80x60.jpg) 0 0 no-repeat;\r\n                    }\r\n                    #tdi_1  .td-doubleSlider-2 .td-item11 {\r\n                        background: url(\/wp-content\/uploads\/sites\/5\/2025\/12\/IGSS-Clinica-de-Empresa-Caritas-Arquidiocesana-20252-80x60.jpg) 0 0 no-repeat;\r\n                    }\r\n                    #tdi_1  .td-doubleSlider-2 .td-item12 {\r\n                        background: url(\/wp-content\/uploads\/sites\/5\/2025\/12\/IGSS-Clinica-de-Empresa-Caritas-Arquidiocesana-202515-80x60.jpg) 0 0 no-repeat;\r\n                    }\r\n                <\/style>\r\n\r\n                <div id=\"tdi_1\" class=\"td-gallery td-slide-on-2-columns\">\r\n                    <div class=\"post_td_gallery\">\r\n                        <div class=\"td-gallery-slide-top\">\r\n                           <div class=\"td-gallery-title\">M\u00e1s fotos:<\/div>\r\n\r\n                            <div class=\"td-gallery-controls-wrapper\">\r\n                                <div class=\"td-gallery-slide-count\"><span class=\"td-gallery-slide-item-focus\">1<\/span> de 12<\/div>\r\n                                <div class=\"td-gallery-slide-prev-next-but\">\r\n                                    <i class = \"td-icon-left doubleSliderPrevButton\"><\/i>\r\n                                    <i class = \"td-icon-right doubleSliderNextButton\"><\/i>\r\n                                <\/div>\r\n                            <\/div>\r\n                        <\/div>\r\n\r\n                        <div class = \"td-doubleSlider-1 \">\r\n                            <div class = \"td-slider\">\r\n                                \r\n                    <div class = \"td-slide-item td-item1\">\r\n                        <figure class=\"td-slide-galery-figure td-slide-popup-gallery\">\r\n                            <a class=\"slide-gallery-image-link\" href=\"\/wp-content\/uploads\/sites\/5\/2025\/12\/IGSS-Clinica-de-Empresa-Caritas-Arquidiocesana-20253.jpg\" title=\"IGSS Cli\u0301nica de Empresa Ca\u0301ritas Arquidiocesana 20253\"  data-caption=\"\"  data-description=\"\">\r\n                                <img decoding=\"async\" src=\"\/wp-content\/uploads\/sites\/5\/2025\/12\/IGSS-Clinica-de-Empresa-Caritas-Arquidiocesana-20253-630x420.jpg\" srcset=\"\/wp-content\/uploads\/sites\/5\/2025\/12\/IGSS-Clinica-de-Empresa-Caritas-Arquidiocesana-20253-630x420.jpg 630w, \/wp-content\/uploads\/sites\/5\/2025\/12\/IGSS-Clinica-de-Empresa-Caritas-Arquidiocesana-20253-300x200.jpg 300w, \/wp-content\/uploads\/sites\/5\/2025\/12\/IGSS-Clinica-de-Empresa-Caritas-Arquidiocesana-20253-1024x682.jpg 1024w, \/wp-content\/uploads\/sites\/5\/2025\/12\/IGSS-Clinica-de-Empresa-Caritas-Arquidiocesana-20253-768x512.jpg 768w, \/wp-content\/uploads\/sites\/5\/2025\/12\/IGSS-Clinica-de-Empresa-Caritas-Arquidiocesana-20253-696x464.jpg 696w, \/wp-content\/uploads\/sites\/5\/2025\/12\/IGSS-Clinica-de-Empresa-Caritas-Arquidiocesana-20253-1068x712.jpg 1068w, \/wp-content\/uploads\/sites\/5\/2025\/12\/IGSS-Clinica-de-Empresa-Caritas-Arquidiocesana-20253-534x356.jpg 534w, \/wp-content\/uploads\/sites\/5\/2025\/12\/IGSS-Clinica-de-Empresa-Caritas-Arquidiocesana-20253.jpg 1280w\" sizes=\"(max-width: 630px) 100vw, 630px\" alt=\"\">\r\n                            <\/a>\r\n                            \r\n                        <\/figure>\r\n                    <\/div>\r\n                    <div class = \"td-slide-item td-item2\">\r\n                        <figure class=\"td-slide-galery-figure td-slide-popup-gallery\">\r\n                            <a class=\"slide-gallery-image-link\" href=\"\/wp-content\/uploads\/sites\/5\/2025\/12\/IGSS-Clinica-de-Empresa-Caritas-Arquidiocesana-20254.jpg\" title=\"IGSS Cli\u0301nica de Empresa Ca\u0301ritas Arquidiocesana 20254\"  data-caption=\"\"  data-description=\"\">\r\n                                <img decoding=\"async\" src=\"\/wp-content\/uploads\/sites\/5\/2025\/12\/IGSS-Clinica-de-Empresa-Caritas-Arquidiocesana-20254-630x420.jpg\" srcset=\"\/wp-content\/uploads\/sites\/5\/2025\/12\/IGSS-Clinica-de-Empresa-Caritas-Arquidiocesana-20254-630x420.jpg 630w, \/wp-content\/uploads\/sites\/5\/2025\/12\/IGSS-Clinica-de-Empresa-Caritas-Arquidiocesana-20254-300x200.jpg 300w, \/wp-content\/uploads\/sites\/5\/2025\/12\/IGSS-Clinica-de-Empresa-Caritas-Arquidiocesana-20254-1024x682.jpg 1024w, \/wp-content\/uploads\/sites\/5\/2025\/12\/IGSS-Clinica-de-Empresa-Caritas-Arquidiocesana-20254-768x512.jpg 768w, \/wp-content\/uploads\/sites\/5\/2025\/12\/IGSS-Clinica-de-Empresa-Caritas-Arquidiocesana-20254-696x464.jpg 696w, \/wp-content\/uploads\/sites\/5\/2025\/12\/IGSS-Clinica-de-Empresa-Caritas-Arquidiocesana-20254-1068x712.jpg 1068w, \/wp-content\/uploads\/sites\/5\/2025\/12\/IGSS-Clinica-de-Empresa-Caritas-Arquidiocesana-20254-534x356.jpg 534w, \/wp-content\/uploads\/sites\/5\/2025\/12\/IGSS-Clinica-de-Empresa-Caritas-Arquidiocesana-20254.jpg 1280w\" sizes=\"(max-width: 630px) 100vw, 630px\" alt=\"\">\r\n                            <\/a>\r\n                            \r\n                        <\/figure>\r\n                    <\/div>\r\n                    <div class = \"td-slide-item td-item3\">\r\n                        <figure class=\"td-slide-galery-figure td-slide-popup-gallery\">\r\n                            <a class=\"slide-gallery-image-link\" href=\"\/wp-content\/uploads\/sites\/5\/2025\/12\/IGSS-Clinica-de-Empresa-Caritas-Arquidiocesana-20255.jpg\" title=\"IGSS Cli\u0301nica de Empresa Ca\u0301ritas Arquidiocesana 20255\"  data-caption=\"\"  data-description=\"\">\r\n                                <img decoding=\"async\" src=\"\/wp-content\/uploads\/sites\/5\/2025\/12\/IGSS-Clinica-de-Empresa-Caritas-Arquidiocesana-20255-630x420.jpg\" srcset=\"\/wp-content\/uploads\/sites\/5\/2025\/12\/IGSS-Clinica-de-Empresa-Caritas-Arquidiocesana-20255-630x420.jpg 630w, \/wp-content\/uploads\/sites\/5\/2025\/12\/IGSS-Clinica-de-Empresa-Caritas-Arquidiocesana-20255-300x200.jpg 300w, \/wp-content\/uploads\/sites\/5\/2025\/12\/IGSS-Clinica-de-Empresa-Caritas-Arquidiocesana-20255-1024x682.jpg 1024w, \/wp-content\/uploads\/sites\/5\/2025\/12\/IGSS-Clinica-de-Empresa-Caritas-Arquidiocesana-20255-768x512.jpg 768w, \/wp-content\/uploads\/sites\/5\/2025\/12\/IGSS-Clinica-de-Empresa-Caritas-Arquidiocesana-20255-696x464.jpg 696w, \/wp-content\/uploads\/sites\/5\/2025\/12\/IGSS-Clinica-de-Empresa-Caritas-Arquidiocesana-20255-1068x712.jpg 1068w, \/wp-content\/uploads\/sites\/5\/2025\/12\/IGSS-Clinica-de-Empresa-Caritas-Arquidiocesana-20255-534x356.jpg 534w, \/wp-content\/uploads\/sites\/5\/2025\/12\/IGSS-Clinica-de-Empresa-Caritas-Arquidiocesana-20255.jpg 1280w\" sizes=\"(max-width: 630px) 100vw, 630px\" alt=\"\">\r\n                            <\/a>\r\n                            \r\n                        <\/figure>\r\n                    <\/div>\r\n                    <div class = \"td-slide-item td-item4\">\r\n                        <figure class=\"td-slide-galery-figure td-slide-popup-gallery\">\r\n                            <a class=\"slide-gallery-image-link\" href=\"\/wp-content\/uploads\/sites\/5\/2025\/12\/IGSS-Clinica-de-Empresa-Caritas-Arquidiocesana-20256.jpg\" title=\"IGSS Cli\u0301nica de Empresa Ca\u0301ritas Arquidiocesana 20256\"  data-caption=\"\"  data-description=\"\">\r\n                                <img decoding=\"async\" src=\"\/wp-content\/uploads\/sites\/5\/2025\/12\/IGSS-Clinica-de-Empresa-Caritas-Arquidiocesana-20256-630x420.jpg\" srcset=\"\/wp-content\/uploads\/sites\/5\/2025\/12\/IGSS-Clinica-de-Empresa-Caritas-Arquidiocesana-20256-630x420.jpg 630w, \/wp-content\/uploads\/sites\/5\/2025\/12\/IGSS-Clinica-de-Empresa-Caritas-Arquidiocesana-20256-300x200.jpg 300w, \/wp-content\/uploads\/sites\/5\/2025\/12\/IGSS-Clinica-de-Empresa-Caritas-Arquidiocesana-20256-1024x682.jpg 1024w, \/wp-content\/uploads\/sites\/5\/2025\/12\/IGSS-Clinica-de-Empresa-Caritas-Arquidiocesana-20256-768x512.jpg 768w, \/wp-content\/uploads\/sites\/5\/2025\/12\/IGSS-Clinica-de-Empresa-Caritas-Arquidiocesana-20256-696x464.jpg 696w, \/wp-content\/uploads\/sites\/5\/2025\/12\/IGSS-Clinica-de-Empresa-Caritas-Arquidiocesana-20256-1068x712.jpg 1068w, \/wp-content\/uploads\/sites\/5\/2025\/12\/IGSS-Clinica-de-Empresa-Caritas-Arquidiocesana-20256-534x356.jpg 534w, \/wp-content\/uploads\/sites\/5\/2025\/12\/IGSS-Clinica-de-Empresa-Caritas-Arquidiocesana-20256.jpg 1280w\" sizes=\"(max-width: 630px) 100vw, 630px\" alt=\"\">\r\n                            <\/a>\r\n                            \r\n                        <\/figure>\r\n                    <\/div>\r\n                    <div class = \"td-slide-item td-item5\">\r\n                        <figure class=\"td-slide-galery-figure td-slide-popup-gallery\">\r\n                            <a class=\"slide-gallery-image-link\" href=\"\/wp-content\/uploads\/sites\/5\/2025\/12\/IGSS-Clinica-de-Empresa-Caritas-Arquidiocesana-20257.jpg\" title=\"IGSS Cli\u0301nica de Empresa Ca\u0301ritas Arquidiocesana 20257\"  data-caption=\"\"  data-description=\"\">\r\n                                <img decoding=\"async\" src=\"\/wp-content\/uploads\/sites\/5\/2025\/12\/IGSS-Clinica-de-Empresa-Caritas-Arquidiocesana-20257-630x420.jpg\" srcset=\"\/wp-content\/uploads\/sites\/5\/2025\/12\/IGSS-Clinica-de-Empresa-Caritas-Arquidiocesana-20257-630x420.jpg 630w, \/wp-content\/uploads\/sites\/5\/2025\/12\/IGSS-Clinica-de-Empresa-Caritas-Arquidiocesana-20257-300x200.jpg 300w, \/wp-content\/uploads\/sites\/5\/2025\/12\/IGSS-Clinica-de-Empresa-Caritas-Arquidiocesana-20257-1024x682.jpg 1024w, \/wp-content\/uploads\/sites\/5\/2025\/12\/IGSS-Clinica-de-Empresa-Caritas-Arquidiocesana-20257-768x512.jpg 768w, \/wp-content\/uploads\/sites\/5\/2025\/12\/IGSS-Clinica-de-Empresa-Caritas-Arquidiocesana-20257-696x464.jpg 696w, \/wp-content\/uploads\/sites\/5\/2025\/12\/IGSS-Clinica-de-Empresa-Caritas-Arquidiocesana-20257-1068x712.jpg 1068w, \/wp-content\/uploads\/sites\/5\/2025\/12\/IGSS-Clinica-de-Empresa-Caritas-Arquidiocesana-20257-534x356.jpg 534w, \/wp-content\/uploads\/sites\/5\/2025\/12\/IGSS-Clinica-de-Empresa-Caritas-Arquidiocesana-20257.jpg 1280w\" sizes=\"(max-width: 630px) 100vw, 630px\" alt=\"\">\r\n                            <\/a>\r\n                            \r\n                        <\/figure>\r\n                    <\/div>\r\n                    <div class = \"td-slide-item td-item6\">\r\n                        <figure class=\"td-slide-galery-figure td-slide-popup-gallery\">\r\n                            <a class=\"slide-gallery-image-link\" href=\"\/wp-content\/uploads\/sites\/5\/2025\/12\/IGSS-Clinica-de-Empresa-Caritas-Arquidiocesana-202510.jpg\" title=\"IGSS Cli\u0301nica de Empresa Ca\u0301ritas Arquidiocesana 202510\"  data-caption=\"\"  data-description=\"\">\r\n                                <img decoding=\"async\" src=\"\/wp-content\/uploads\/sites\/5\/2025\/12\/IGSS-Clinica-de-Empresa-Caritas-Arquidiocesana-202510-280x420.jpg\" srcset=\"\/wp-content\/uploads\/sites\/5\/2025\/12\/IGSS-Clinica-de-Empresa-Caritas-Arquidiocesana-202510-280x420.jpg 280w, \/wp-content\/uploads\/sites\/5\/2025\/12\/IGSS-Clinica-de-Empresa-Caritas-Arquidiocesana-202510-200x300.jpg 200w, \/wp-content\/uploads\/sites\/5\/2025\/12\/IGSS-Clinica-de-Empresa-Caritas-Arquidiocesana-202510-682x1024.jpg 682w, \/wp-content\/uploads\/sites\/5\/2025\/12\/IGSS-Clinica-de-Empresa-Caritas-Arquidiocesana-202510-768x1152.jpg 768w, \/wp-content\/uploads\/sites\/5\/2025\/12\/IGSS-Clinica-de-Empresa-Caritas-Arquidiocesana-202510-696x1044.jpg 696w, \/wp-content\/uploads\/sites\/5\/2025\/12\/IGSS-Clinica-de-Empresa-Caritas-Arquidiocesana-202510-308x462.jpg 308w, \/wp-content\/uploads\/sites\/5\/2025\/12\/IGSS-Clinica-de-Empresa-Caritas-Arquidiocesana-202510.jpg 853w\" sizes=\"(max-width: 280px) 100vw, 280px\" alt=\"\">\r\n                            <\/a>\r\n                            \r\n                        <\/figure>\r\n                    <\/div>\r\n                    <div class = \"td-slide-item td-item7\">\r\n                        <figure class=\"td-slide-galery-figure td-slide-popup-gallery\">\r\n                            <a class=\"slide-gallery-image-link\" href=\"\/wp-content\/uploads\/sites\/5\/2025\/12\/IGSS-Clinica-de-Empresa-Caritas-Arquidiocesana-20259.jpg\" title=\"IGSS Cli\u0301nica de Empresa Ca\u0301ritas Arquidiocesana 20259\"  data-caption=\"\"  data-description=\"\">\r\n                                <img decoding=\"async\" src=\"\/wp-content\/uploads\/sites\/5\/2025\/12\/IGSS-Clinica-de-Empresa-Caritas-Arquidiocesana-20259-630x420.jpg\" srcset=\"\/wp-content\/uploads\/sites\/5\/2025\/12\/IGSS-Clinica-de-Empresa-Caritas-Arquidiocesana-20259-630x420.jpg 630w, \/wp-content\/uploads\/sites\/5\/2025\/12\/IGSS-Clinica-de-Empresa-Caritas-Arquidiocesana-20259-300x200.jpg 300w, \/wp-content\/uploads\/sites\/5\/2025\/12\/IGSS-Clinica-de-Empresa-Caritas-Arquidiocesana-20259-1024x682.jpg 1024w, \/wp-content\/uploads\/sites\/5\/2025\/12\/IGSS-Clinica-de-Empresa-Caritas-Arquidiocesana-20259-768x512.jpg 768w, \/wp-content\/uploads\/sites\/5\/2025\/12\/IGSS-Clinica-de-Empresa-Caritas-Arquidiocesana-20259-696x464.jpg 696w, \/wp-content\/uploads\/sites\/5\/2025\/12\/IGSS-Clinica-de-Empresa-Caritas-Arquidiocesana-20259-1068x712.jpg 1068w, \/wp-content\/uploads\/sites\/5\/2025\/12\/IGSS-Clinica-de-Empresa-Caritas-Arquidiocesana-20259-534x356.jpg 534w, \/wp-content\/uploads\/sites\/5\/2025\/12\/IGSS-Clinica-de-Empresa-Caritas-Arquidiocesana-20259.jpg 1280w\" sizes=\"(max-width: 630px) 100vw, 630px\" alt=\"\">\r\n                            <\/a>\r\n                            \r\n                        <\/figure>\r\n                    <\/div>\r\n                    <div class = \"td-slide-item td-item8\">\r\n                        <figure class=\"td-slide-galery-figure td-slide-popup-gallery\">\r\n                            <a class=\"slide-gallery-image-link\" href=\"\/wp-content\/uploads\/sites\/5\/2025\/12\/IGSS-Clinica-de-Empresa-Caritas-Arquidiocesana-202512.jpg\" title=\"IGSS Cli\u0301nica de Empresa Ca\u0301ritas Arquidiocesana 202512\"  data-caption=\"\"  data-description=\"\">\r\n                                <img decoding=\"async\" src=\"\/wp-content\/uploads\/sites\/5\/2025\/12\/IGSS-Clinica-de-Empresa-Caritas-Arquidiocesana-202512-280x420.jpg\" srcset=\"\/wp-content\/uploads\/sites\/5\/2025\/12\/IGSS-Clinica-de-Empresa-Caritas-Arquidiocesana-202512-280x420.jpg 280w, \/wp-content\/uploads\/sites\/5\/2025\/12\/IGSS-Clinica-de-Empresa-Caritas-Arquidiocesana-202512-200x300.jpg 200w, \/wp-content\/uploads\/sites\/5\/2025\/12\/IGSS-Clinica-de-Empresa-Caritas-Arquidiocesana-202512-682x1024.jpg 682w, \/wp-content\/uploads\/sites\/5\/2025\/12\/IGSS-Clinica-de-Empresa-Caritas-Arquidiocesana-202512-768x1152.jpg 768w, \/wp-content\/uploads\/sites\/5\/2025\/12\/IGSS-Clinica-de-Empresa-Caritas-Arquidiocesana-202512-696x1044.jpg 696w, \/wp-content\/uploads\/sites\/5\/2025\/12\/IGSS-Clinica-de-Empresa-Caritas-Arquidiocesana-202512-308x462.jpg 308w, \/wp-content\/uploads\/sites\/5\/2025\/12\/IGSS-Clinica-de-Empresa-Caritas-Arquidiocesana-202512.jpg 853w\" sizes=\"(max-width: 280px) 100vw, 280px\" alt=\"\">\r\n                            <\/a>\r\n                            \r\n                        <\/figure>\r\n                    <\/div>\r\n                    <div class = \"td-slide-item td-item9\">\r\n                        <figure class=\"td-slide-galery-figure td-slide-popup-gallery\">\r\n                            <a class=\"slide-gallery-image-link\" href=\"\/wp-content\/uploads\/sites\/5\/2025\/12\/IGSS-Clinica-de-Empresa-Caritas-Arquidiocesana-202513.jpg\" title=\"IGSS Cli\u0301nica de Empresa Ca\u0301ritas Arquidiocesana 202513\"  data-caption=\"\"  data-description=\"\">\r\n                                <img decoding=\"async\" src=\"\/wp-content\/uploads\/sites\/5\/2025\/12\/IGSS-Clinica-de-Empresa-Caritas-Arquidiocesana-202513-630x420.jpg\" srcset=\"\/wp-content\/uploads\/sites\/5\/2025\/12\/IGSS-Clinica-de-Empresa-Caritas-Arquidiocesana-202513-630x420.jpg 630w, \/wp-content\/uploads\/sites\/5\/2025\/12\/IGSS-Clinica-de-Empresa-Caritas-Arquidiocesana-202513-300x200.jpg 300w, \/wp-content\/uploads\/sites\/5\/2025\/12\/IGSS-Clinica-de-Empresa-Caritas-Arquidiocesana-202513-1024x682.jpg 1024w, \/wp-content\/uploads\/sites\/5\/2025\/12\/IGSS-Clinica-de-Empresa-Caritas-Arquidiocesana-202513-768x512.jpg 768w, \/wp-content\/uploads\/sites\/5\/2025\/12\/IGSS-Clinica-de-Empresa-Caritas-Arquidiocesana-202513-696x464.jpg 696w, \/wp-content\/uploads\/sites\/5\/2025\/12\/IGSS-Clinica-de-Empresa-Caritas-Arquidiocesana-202513-1068x712.jpg 1068w, \/wp-content\/uploads\/sites\/5\/2025\/12\/IGSS-Clinica-de-Empresa-Caritas-Arquidiocesana-202513-534x356.jpg 534w, \/wp-content\/uploads\/sites\/5\/2025\/12\/IGSS-Clinica-de-Empresa-Caritas-Arquidiocesana-202513.jpg 1280w\" sizes=\"(max-width: 630px) 100vw, 630px\" alt=\"\">\r\n                            <\/a>\r\n                            \r\n                        <\/figure>\r\n                    <\/div>\r\n                    <div class = \"td-slide-item td-item10\">\r\n                        <figure class=\"td-slide-galery-figure td-slide-popup-gallery\">\r\n                            <a class=\"slide-gallery-image-link\" href=\"\/wp-content\/uploads\/sites\/5\/2025\/12\/IGSS-Clinica-de-Empresa-Caritas-Arquidiocesana-202514.jpg\" title=\"IGSS Cli\u0301nica de Empresa Ca\u0301ritas Arquidiocesana 202514\"  data-caption=\"\"  data-description=\"\">\r\n                                <img decoding=\"async\" src=\"\/wp-content\/uploads\/sites\/5\/2025\/12\/IGSS-Clinica-de-Empresa-Caritas-Arquidiocesana-202514-630x420.jpg\" srcset=\"\/wp-content\/uploads\/sites\/5\/2025\/12\/IGSS-Clinica-de-Empresa-Caritas-Arquidiocesana-202514-630x420.jpg 630w, \/wp-content\/uploads\/sites\/5\/2025\/12\/IGSS-Clinica-de-Empresa-Caritas-Arquidiocesana-202514-300x200.jpg 300w, \/wp-content\/uploads\/sites\/5\/2025\/12\/IGSS-Clinica-de-Empresa-Caritas-Arquidiocesana-202514-1024x682.jpg 1024w, \/wp-content\/uploads\/sites\/5\/2025\/12\/IGSS-Clinica-de-Empresa-Caritas-Arquidiocesana-202514-768x512.jpg 768w, \/wp-content\/uploads\/sites\/5\/2025\/12\/IGSS-Clinica-de-Empresa-Caritas-Arquidiocesana-202514-696x464.jpg 696w, \/wp-content\/uploads\/sites\/5\/2025\/12\/IGSS-Clinica-de-Empresa-Caritas-Arquidiocesana-202514-1068x712.jpg 1068w, \/wp-content\/uploads\/sites\/5\/2025\/12\/IGSS-Clinica-de-Empresa-Caritas-Arquidiocesana-202514-534x356.jpg 534w, \/wp-content\/uploads\/sites\/5\/2025\/12\/IGSS-Clinica-de-Empresa-Caritas-Arquidiocesana-202514.jpg 1280w\" sizes=\"(max-width: 630px) 100vw, 630px\" alt=\"\">\r\n                            <\/a>\r\n                            \r\n                        <\/figure>\r\n                    <\/div>\r\n                    <div class = \"td-slide-item td-item11\">\r\n                        <figure class=\"td-slide-galery-figure td-slide-popup-gallery\">\r\n                            <a class=\"slide-gallery-image-link\" href=\"\/wp-content\/uploads\/sites\/5\/2025\/12\/IGSS-Clinica-de-Empresa-Caritas-Arquidiocesana-20252.jpg\" title=\"IGSS Cli\u0301nica de Empresa Ca\u0301ritas Arquidiocesana 20252\"  data-caption=\"\"  data-description=\"\">\r\n                                <img decoding=\"async\" src=\"\/wp-content\/uploads\/sites\/5\/2025\/12\/IGSS-Clinica-de-Empresa-Caritas-Arquidiocesana-20252-630x420.jpg\" srcset=\"\/wp-content\/uploads\/sites\/5\/2025\/12\/IGSS-Clinica-de-Empresa-Caritas-Arquidiocesana-20252-630x420.jpg 630w, \/wp-content\/uploads\/sites\/5\/2025\/12\/IGSS-Clinica-de-Empresa-Caritas-Arquidiocesana-20252-300x200.jpg 300w, \/wp-content\/uploads\/sites\/5\/2025\/12\/IGSS-Clinica-de-Empresa-Caritas-Arquidiocesana-20252-1024x682.jpg 1024w, \/wp-content\/uploads\/sites\/5\/2025\/12\/IGSS-Clinica-de-Empresa-Caritas-Arquidiocesana-20252-768x512.jpg 768w, \/wp-content\/uploads\/sites\/5\/2025\/12\/IGSS-Clinica-de-Empresa-Caritas-Arquidiocesana-20252-696x464.jpg 696w, \/wp-content\/uploads\/sites\/5\/2025\/12\/IGSS-Clinica-de-Empresa-Caritas-Arquidiocesana-20252-1068x712.jpg 1068w, \/wp-content\/uploads\/sites\/5\/2025\/12\/IGSS-Clinica-de-Empresa-Caritas-Arquidiocesana-20252-534x356.jpg 534w, \/wp-content\/uploads\/sites\/5\/2025\/12\/IGSS-Clinica-de-Empresa-Caritas-Arquidiocesana-20252.jpg 1280w\" sizes=\"(max-width: 630px) 100vw, 630px\" alt=\"\">\r\n                            <\/a>\r\n                            \r\n                        <\/figure>\r\n                    <\/div>\r\n                    <div class = \"td-slide-item td-item12\">\r\n                        <figure class=\"td-slide-galery-figure td-slide-popup-gallery\">\r\n                            <a class=\"slide-gallery-image-link\" href=\"\/wp-content\/uploads\/sites\/5\/2025\/12\/IGSS-Clinica-de-Empresa-Caritas-Arquidiocesana-202515.jpg\" title=\"IGSS Cli\u0301nica de Empresa Ca\u0301ritas Arquidiocesana 202515\"  data-caption=\"\"  data-description=\"\">\r\n                                <img decoding=\"async\" src=\"\/wp-content\/uploads\/sites\/5\/2025\/12\/IGSS-Clinica-de-Empresa-Caritas-Arquidiocesana-202515-630x420.jpg\" srcset=\"\/wp-content\/uploads\/sites\/5\/2025\/12\/IGSS-Clinica-de-Empresa-Caritas-Arquidiocesana-202515-630x420.jpg 630w, \/wp-content\/uploads\/sites\/5\/2025\/12\/IGSS-Clinica-de-Empresa-Caritas-Arquidiocesana-202515-300x200.jpg 300w, \/wp-content\/uploads\/sites\/5\/2025\/12\/IGSS-Clinica-de-Empresa-Caritas-Arquidiocesana-202515-1024x682.jpg 1024w, \/wp-content\/uploads\/sites\/5\/2025\/12\/IGSS-Clinica-de-Empresa-Caritas-Arquidiocesana-202515-768x512.jpg 768w, \/wp-content\/uploads\/sites\/5\/2025\/12\/IGSS-Clinica-de-Empresa-Caritas-Arquidiocesana-202515-696x464.jpg 696w, \/wp-content\/uploads\/sites\/5\/2025\/12\/IGSS-Clinica-de-Empresa-Caritas-Arquidiocesana-202515-1068x712.jpg 1068w, \/wp-content\/uploads\/sites\/5\/2025\/12\/IGSS-Clinica-de-Empresa-Caritas-Arquidiocesana-202515-534x356.jpg 534w, \/wp-content\/uploads\/sites\/5\/2025\/12\/IGSS-Clinica-de-Empresa-Caritas-Arquidiocesana-202515.jpg 1280w\" sizes=\"(max-width: 630px) 100vw, 630px\" alt=\"\">\r\n                            <\/a>\r\n                            \r\n                        <\/figure>\r\n                    <\/div>\r\n                            <\/div>\r\n                        <\/div>\r\n\r\n                        <div class = \"td-doubleSlider-2\">\r\n                            <div class = \"td-slider\">\r\n                                \r\n                    <div class = \"td-button td-item1\">\r\n                        <div class = \"td-border\"><\/div>\r\n                    <\/div>\r\n                    <div class = \"td-button td-item2\">\r\n                        <div class = \"td-border\"><\/div>\r\n                    <\/div>\r\n                    <div class = \"td-button td-item3\">\r\n                        <div class = \"td-border\"><\/div>\r\n                    <\/div>\r\n                    <div class = \"td-button td-item4\">\r\n                        <div class = \"td-border\"><\/div>\r\n                    <\/div>\r\n                    <div class = \"td-button td-item5\">\r\n                        <div class = \"td-border\"><\/div>\r\n                    <\/div>\r\n                    <div class = \"td-button td-item6\">\r\n                        <div class = \"td-border\"><\/div>\r\n                    <\/div>\r\n                    <div class = \"td-button td-item7\">\r\n                        <div class = \"td-border\"><\/div>\r\n                    <\/div>\r\n                    <div class = \"td-button td-item8\">\r\n                        <div class = \"td-border\"><\/div>\r\n                    <\/div>\r\n                    <div class = \"td-button td-item9\">\r\n                        <div class = \"td-border\"><\/div>\r\n                    <\/div>\r\n                    <div class = \"td-button td-item10\">\r\n                        <div class = \"td-border\"><\/div>\r\n                    <\/div>\r\n                    <div class = \"td-button td-item11\">\r\n                        <div class = \"td-border\"><\/div>\r\n                    <\/div>\r\n                    <div class = \"td-button td-item12\">\r\n                        <div class = \"td-border\"><\/div>\r\n                    <\/div>\r\n                            <\/div>\r\n                        <\/div>\r\n\r\n                    <\/div>\r\n\r\n                <\/div>\r\n                \n\r\n                <style type=\"text\/css\">\r\n                    \r\n                    #tdi_2  .td-doubleSlider-2 .td-item1 {\r\n                        background: url(\/wp-content\/uploads\/sites\/5\/2025\/12\/IGSS-Clinica-de-Empresa-Caritas-Arquidiocesana-20250-1-80x60.jpg) 0 0 no-repeat;\r\n                    }\r\n                    #tdi_2  .td-doubleSlider-2 .td-item2 {\r\n                        background: url(\/wp-content\/uploads\/sites\/5\/2025\/12\/IGSS-Clinica-de-Empresa-Caritas-Arquidiocesana-20251-1-80x60.jpg) 0 0 no-repeat;\r\n                    }\r\n                    #tdi_2  .td-doubleSlider-2 .td-item3 {\r\n                        background: url(\/wp-content\/uploads\/sites\/5\/2025\/12\/IGSS-Clinica-de-Empresa-Caritas-Arquidiocesana-20252-1-80x60.jpg) 0 0 no-repeat;\r\n                    }\r\n                    #tdi_2  .td-doubleSlider-2 .td-item4 {\r\n                        background: url(\/wp-content\/uploads\/sites\/5\/2025\/12\/IGSS-Clinica-de-Empresa-Caritas-Arquidiocesana-20253-1-80x60.jpg) 0 0 no-repeat;\r\n                    }\r\n                    #tdi_2  .td-doubleSlider-2 .td-item5 {\r\n                        background: url(\/wp-content\/uploads\/sites\/5\/2025\/12\/IGSS-Clinica-de-Empresa-Caritas-Arquidiocesana-20254-1-80x60.jpg) 0 0 no-repeat;\r\n                    }\r\n                    #tdi_2  .td-doubleSlider-2 .td-item6 {\r\n                        background: url(\/wp-content\/uploads\/sites\/5\/2025\/12\/IGSS-Clinica-de-Empresa-Caritas-Arquidiocesana-20255-1-80x60.jpg) 0 0 no-repeat;\r\n                    }\r\n                    #tdi_2  .td-doubleSlider-2 .td-item7 {\r\n                        background: url(\/wp-content\/uploads\/sites\/5\/2025\/12\/IGSS-Clinica-de-Empresa-Caritas-Arquidiocesana-20256-1-80x60.jpg) 0 0 no-repeat;\r\n                    }\r\n                    #tdi_2  .td-doubleSlider-2 .td-item8 {\r\n                        background: url(\/wp-content\/uploads\/sites\/5\/2025\/12\/IGSS-Clinica-de-Empresa-Caritas-Arquidiocesana-20257-1-80x60.jpg) 0 0 no-repeat;\r\n                    }\r\n                    #tdi_2  .td-doubleSlider-2 .td-item9 {\r\n                        background: url(\/wp-content\/uploads\/sites\/5\/2025\/12\/IGSS-Clinica-de-Empresa-Caritas-Arquidiocesana-20258-1-80x60.jpg) 0 0 no-repeat;\r\n                    }\r\n                    #tdi_2  .td-doubleSlider-2 .td-item10 {\r\n                        background: url(\/wp-content\/uploads\/sites\/5\/2025\/12\/IGSS-Clinica-de-Empresa-Caritas-Arquidiocesana-20259-1-80x60.jpg) 0 0 no-repeat;\r\n                    }\r\n                    #tdi_2  .td-doubleSlider-2 .td-item11 {\r\n                        background: url(\/wp-content\/uploads\/sites\/5\/2025\/12\/IGSS-Clinica-de-Empresa-Caritas-Arquidiocesana-202510-1-80x60.jpg) 0 0 no-repeat;\r\n                    }\r\n                    #tdi_2  .td-doubleSlider-2 .td-item12 {\r\n                        background: url(\/wp-content\/uploads\/sites\/5\/2025\/12\/IGSS-Clinica-de-Empresa-Caritas-Arquidiocesana-202511-1-80x60.jpg) 0 0 no-repeat;\r\n                    }\r\n                <\/style>\r\n\r\n                <div id=\"tdi_2\" class=\"td-gallery td-slide-on-2-columns\">\r\n                    <div class=\"post_td_gallery\">\r\n                        <div class=\"td-gallery-slide-top\">\r\n                           <div class=\"td-gallery-title\"><\/div>\r\n\r\n                            <div class=\"td-gallery-controls-wrapper\">\r\n                                <div class=\"td-gallery-slide-count\"><span class=\"td-gallery-slide-item-focus\">1<\/span> de 12<\/div>\r\n                                <div class=\"td-gallery-slide-prev-next-but\">\r\n                                    <i class = \"td-icon-left doubleSliderPrevButton\"><\/i>\r\n                                    <i class = \"td-icon-right doubleSliderNextButton\"><\/i>\r\n                                <\/div>\r\n                            <\/div>\r\n                        <\/div>\r\n\r\n                        <div class = \"td-doubleSlider-1 \">\r\n                            <div class = \"td-slider\">\r\n                                \r\n                    <div class = \"td-slide-item td-item1\">\r\n                        <figure class=\"td-slide-galery-figure td-slide-popup-gallery\">\r\n                            <a class=\"slide-gallery-image-link\" href=\"\/wp-content\/uploads\/sites\/5\/2025\/12\/IGSS-Clinica-de-Empresa-Caritas-Arquidiocesana-20250-1.jpg\" title=\"IGSS Cli\u0301nica de Empresa Ca\u0301ritas Arquidiocesana 20250\"  data-caption=\"\"  data-description=\"\">\r\n                                <img decoding=\"async\" src=\"\/wp-content\/uploads\/sites\/5\/2025\/12\/IGSS-Clinica-de-Empresa-Caritas-Arquidiocesana-20250-1-630x420.jpg\" srcset=\"\/wp-content\/uploads\/sites\/5\/2025\/12\/IGSS-Clinica-de-Empresa-Caritas-Arquidiocesana-20250-1-630x420.jpg 630w, \/wp-content\/uploads\/sites\/5\/2025\/12\/IGSS-Clinica-de-Empresa-Caritas-Arquidiocesana-20250-1-300x200.jpg 300w, \/wp-content\/uploads\/sites\/5\/2025\/12\/IGSS-Clinica-de-Empresa-Caritas-Arquidiocesana-20250-1-1024x682.jpg 1024w, \/wp-content\/uploads\/sites\/5\/2025\/12\/IGSS-Clinica-de-Empresa-Caritas-Arquidiocesana-20250-1-768x512.jpg 768w, \/wp-content\/uploads\/sites\/5\/2025\/12\/IGSS-Clinica-de-Empresa-Caritas-Arquidiocesana-20250-1-696x464.jpg 696w, \/wp-content\/uploads\/sites\/5\/2025\/12\/IGSS-Clinica-de-Empresa-Caritas-Arquidiocesana-20250-1-1068x712.jpg 1068w, \/wp-content\/uploads\/sites\/5\/2025\/12\/IGSS-Clinica-de-Empresa-Caritas-Arquidiocesana-20250-1-534x356.jpg 534w, \/wp-content\/uploads\/sites\/5\/2025\/12\/IGSS-Clinica-de-Empresa-Caritas-Arquidiocesana-20250-1.jpg 1280w\" sizes=\"(max-width: 630px) 100vw, 630px\" alt=\"\">\r\n                            <\/a>\r\n                            \r\n                        <\/figure>\r\n                    <\/div>\r\n                    <div class = \"td-slide-item td-item2\">\r\n                        <figure class=\"td-slide-galery-figure td-slide-popup-gallery\">\r\n                            <a class=\"slide-gallery-image-link\" href=\"\/wp-content\/uploads\/sites\/5\/2025\/12\/IGSS-Clinica-de-Empresa-Caritas-Arquidiocesana-20251-1.jpg\" title=\"IGSS Cli\u0301nica de Empresa Ca\u0301ritas Arquidiocesana 20251\"  data-caption=\"\"  data-description=\"\">\r\n                                <img decoding=\"async\" src=\"\/wp-content\/uploads\/sites\/5\/2025\/12\/IGSS-Clinica-de-Empresa-Caritas-Arquidiocesana-20251-1-630x420.jpg\" srcset=\"\/wp-content\/uploads\/sites\/5\/2025\/12\/IGSS-Clinica-de-Empresa-Caritas-Arquidiocesana-20251-1-630x420.jpg 630w, \/wp-content\/uploads\/sites\/5\/2025\/12\/IGSS-Clinica-de-Empresa-Caritas-Arquidiocesana-20251-1-300x200.jpg 300w, \/wp-content\/uploads\/sites\/5\/2025\/12\/IGSS-Clinica-de-Empresa-Caritas-Arquidiocesana-20251-1-1024x682.jpg 1024w, \/wp-content\/uploads\/sites\/5\/2025\/12\/IGSS-Clinica-de-Empresa-Caritas-Arquidiocesana-20251-1-768x512.jpg 768w, \/wp-content\/uploads\/sites\/5\/2025\/12\/IGSS-Clinica-de-Empresa-Caritas-Arquidiocesana-20251-1-696x464.jpg 696w, \/wp-content\/uploads\/sites\/5\/2025\/12\/IGSS-Clinica-de-Empresa-Caritas-Arquidiocesana-20251-1-1068x712.jpg 1068w, \/wp-content\/uploads\/sites\/5\/2025\/12\/IGSS-Clinica-de-Empresa-Caritas-Arquidiocesana-20251-1-534x356.jpg 534w, \/wp-content\/uploads\/sites\/5\/2025\/12\/IGSS-Clinica-de-Empresa-Caritas-Arquidiocesana-20251-1.jpg 1280w\" sizes=\"(max-width: 630px) 100vw, 630px\" alt=\"\">\r\n                            <\/a>\r\n                            \r\n                        <\/figure>\r\n                    <\/div>\r\n                    <div class = \"td-slide-item td-item3\">\r\n                        <figure class=\"td-slide-galery-figure td-slide-popup-gallery\">\r\n                            <a class=\"slide-gallery-image-link\" href=\"\/wp-content\/uploads\/sites\/5\/2025\/12\/IGSS-Clinica-de-Empresa-Caritas-Arquidiocesana-20252-1.jpg\" title=\"IGSS Cli\u0301nica de Empresa Ca\u0301ritas Arquidiocesana 20252\"  data-caption=\"\"  data-description=\"\">\r\n                                <img decoding=\"async\" src=\"\/wp-content\/uploads\/sites\/5\/2025\/12\/IGSS-Clinica-de-Empresa-Caritas-Arquidiocesana-20252-1-630x420.jpg\" srcset=\"\/wp-content\/uploads\/sites\/5\/2025\/12\/IGSS-Clinica-de-Empresa-Caritas-Arquidiocesana-20252-1-630x420.jpg 630w, \/wp-content\/uploads\/sites\/5\/2025\/12\/IGSS-Clinica-de-Empresa-Caritas-Arquidiocesana-20252-1-300x200.jpg 300w, \/wp-content\/uploads\/sites\/5\/2025\/12\/IGSS-Clinica-de-Empresa-Caritas-Arquidiocesana-20252-1-1024x682.jpg 1024w, \/wp-content\/uploads\/sites\/5\/2025\/12\/IGSS-Clinica-de-Empresa-Caritas-Arquidiocesana-20252-1-768x512.jpg 768w, \/wp-content\/uploads\/sites\/5\/2025\/12\/IGSS-Clinica-de-Empresa-Caritas-Arquidiocesana-20252-1-696x464.jpg 696w, \/wp-content\/uploads\/sites\/5\/2025\/12\/IGSS-Clinica-de-Empresa-Caritas-Arquidiocesana-20252-1-1068x712.jpg 1068w, \/wp-content\/uploads\/sites\/5\/2025\/12\/IGSS-Clinica-de-Empresa-Caritas-Arquidiocesana-20252-1-534x356.jpg 534w, \/wp-content\/uploads\/sites\/5\/2025\/12\/IGSS-Clinica-de-Empresa-Caritas-Arquidiocesana-20252-1.jpg 1280w\" sizes=\"(max-width: 630px) 100vw, 630px\" alt=\"\">\r\n                            <\/a>\r\n                            \r\n                        <\/figure>\r\n                    <\/div>\r\n                    <div class = \"td-slide-item td-item4\">\r\n                        <figure class=\"td-slide-galery-figure td-slide-popup-gallery\">\r\n                            <a class=\"slide-gallery-image-link\" href=\"\/wp-content\/uploads\/sites\/5\/2025\/12\/IGSS-Clinica-de-Empresa-Caritas-Arquidiocesana-20253-1.jpg\" title=\"IGSS Cli\u0301nica de Empresa Ca\u0301ritas Arquidiocesana 20253\"  data-caption=\"\"  data-description=\"\">\r\n                                <img decoding=\"async\" src=\"\/wp-content\/uploads\/sites\/5\/2025\/12\/IGSS-Clinica-de-Empresa-Caritas-Arquidiocesana-20253-1-630x420.jpg\" srcset=\"\/wp-content\/uploads\/sites\/5\/2025\/12\/IGSS-Clinica-de-Empresa-Caritas-Arquidiocesana-20253-1-630x420.jpg 630w, \/wp-content\/uploads\/sites\/5\/2025\/12\/IGSS-Clinica-de-Empresa-Caritas-Arquidiocesana-20253-1-300x200.jpg 300w, \/wp-content\/uploads\/sites\/5\/2025\/12\/IGSS-Clinica-de-Empresa-Caritas-Arquidiocesana-20253-1-1024x682.jpg 1024w, \/wp-content\/uploads\/sites\/5\/2025\/12\/IGSS-Clinica-de-Empresa-Caritas-Arquidiocesana-20253-1-768x512.jpg 768w, \/wp-content\/uploads\/sites\/5\/2025\/12\/IGSS-Clinica-de-Empresa-Caritas-Arquidiocesana-20253-1-696x464.jpg 696w, \/wp-content\/uploads\/sites\/5\/2025\/12\/IGSS-Clinica-de-Empresa-Caritas-Arquidiocesana-20253-1-1068x712.jpg 1068w, \/wp-content\/uploads\/sites\/5\/2025\/12\/IGSS-Clinica-de-Empresa-Caritas-Arquidiocesana-20253-1-534x356.jpg 534w, \/wp-content\/uploads\/sites\/5\/2025\/12\/IGSS-Clinica-de-Empresa-Caritas-Arquidiocesana-20253-1.jpg 1280w\" sizes=\"(max-width: 630px) 100vw, 630px\" alt=\"\">\r\n                            <\/a>\r\n                            \r\n                        <\/figure>\r\n                    <\/div>\r\n                    <div class = \"td-slide-item td-item5\">\r\n                        <figure class=\"td-slide-galery-figure td-slide-popup-gallery\">\r\n                            <a class=\"slide-gallery-image-link\" href=\"\/wp-content\/uploads\/sites\/5\/2025\/12\/IGSS-Clinica-de-Empresa-Caritas-Arquidiocesana-20254-1.jpg\" title=\"IGSS Cli\u0301nica de Empresa Ca\u0301ritas Arquidiocesana 20254\"  data-caption=\"\"  data-description=\"\">\r\n                                <img decoding=\"async\" src=\"\/wp-content\/uploads\/sites\/5\/2025\/12\/IGSS-Clinica-de-Empresa-Caritas-Arquidiocesana-20254-1-630x420.jpg\" srcset=\"\/wp-content\/uploads\/sites\/5\/2025\/12\/IGSS-Clinica-de-Empresa-Caritas-Arquidiocesana-20254-1-630x420.jpg 630w, \/wp-content\/uploads\/sites\/5\/2025\/12\/IGSS-Clinica-de-Empresa-Caritas-Arquidiocesana-20254-1-300x200.jpg 300w, \/wp-content\/uploads\/sites\/5\/2025\/12\/IGSS-Clinica-de-Empresa-Caritas-Arquidiocesana-20254-1-1024x682.jpg 1024w, \/wp-content\/uploads\/sites\/5\/2025\/12\/IGSS-Clinica-de-Empresa-Caritas-Arquidiocesana-20254-1-768x512.jpg 768w, \/wp-content\/uploads\/sites\/5\/2025\/12\/IGSS-Clinica-de-Empresa-Caritas-Arquidiocesana-20254-1-696x464.jpg 696w, \/wp-content\/uploads\/sites\/5\/2025\/12\/IGSS-Clinica-de-Empresa-Caritas-Arquidiocesana-20254-1-1068x712.jpg 1068w, \/wp-content\/uploads\/sites\/5\/2025\/12\/IGSS-Clinica-de-Empresa-Caritas-Arquidiocesana-20254-1-534x356.jpg 534w, \/wp-content\/uploads\/sites\/5\/2025\/12\/IGSS-Clinica-de-Empresa-Caritas-Arquidiocesana-20254-1.jpg 1280w\" sizes=\"(max-width: 630px) 100vw, 630px\" alt=\"\">\r\n                            <\/a>\r\n                            \r\n                        <\/figure>\r\n                    <\/div>\r\n                    <div class = \"td-slide-item td-item6\">\r\n                        <figure class=\"td-slide-galery-figure td-slide-popup-gallery\">\r\n                            <a class=\"slide-gallery-image-link\" href=\"\/wp-content\/uploads\/sites\/5\/2025\/12\/IGSS-Clinica-de-Empresa-Caritas-Arquidiocesana-20255-1.jpg\" title=\"IGSS Cli\u0301nica de Empresa Ca\u0301ritas Arquidiocesana 20255\"  data-caption=\"\"  data-description=\"\">\r\n                                <img decoding=\"async\" src=\"\/wp-content\/uploads\/sites\/5\/2025\/12\/IGSS-Clinica-de-Empresa-Caritas-Arquidiocesana-20255-1-630x420.jpg\" srcset=\"\/wp-content\/uploads\/sites\/5\/2025\/12\/IGSS-Clinica-de-Empresa-Caritas-Arquidiocesana-20255-1-630x420.jpg 630w, \/wp-content\/uploads\/sites\/5\/2025\/12\/IGSS-Clinica-de-Empresa-Caritas-Arquidiocesana-20255-1-300x200.jpg 300w, \/wp-content\/uploads\/sites\/5\/2025\/12\/IGSS-Clinica-de-Empresa-Caritas-Arquidiocesana-20255-1-1024x682.jpg 1024w, \/wp-content\/uploads\/sites\/5\/2025\/12\/IGSS-Clinica-de-Empresa-Caritas-Arquidiocesana-20255-1-768x512.jpg 768w, \/wp-content\/uploads\/sites\/5\/2025\/12\/IGSS-Clinica-de-Empresa-Caritas-Arquidiocesana-20255-1-696x464.jpg 696w, \/wp-content\/uploads\/sites\/5\/2025\/12\/IGSS-Clinica-de-Empresa-Caritas-Arquidiocesana-20255-1-1068x712.jpg 1068w, \/wp-content\/uploads\/sites\/5\/2025\/12\/IGSS-Clinica-de-Empresa-Caritas-Arquidiocesana-20255-1-534x356.jpg 534w, \/wp-content\/uploads\/sites\/5\/2025\/12\/IGSS-Clinica-de-Empresa-Caritas-Arquidiocesana-20255-1.jpg 1280w\" sizes=\"(max-width: 630px) 100vw, 630px\" alt=\"\">\r\n                            <\/a>\r\n                            \r\n                        <\/figure>\r\n                    <\/div>\r\n                    <div class = \"td-slide-item td-item7\">\r\n                        <figure class=\"td-slide-galery-figure td-slide-popup-gallery\">\r\n                            <a class=\"slide-gallery-image-link\" href=\"\/wp-content\/uploads\/sites\/5\/2025\/12\/IGSS-Clinica-de-Empresa-Caritas-Arquidiocesana-20256-1.jpg\" title=\"IGSS Cli\u0301nica de Empresa Ca\u0301ritas Arquidiocesana 20256\"  data-caption=\"\"  data-description=\"\">\r\n                                <img decoding=\"async\" src=\"\/wp-content\/uploads\/sites\/5\/2025\/12\/IGSS-Clinica-de-Empresa-Caritas-Arquidiocesana-20256-1-630x420.jpg\" srcset=\"\/wp-content\/uploads\/sites\/5\/2025\/12\/IGSS-Clinica-de-Empresa-Caritas-Arquidiocesana-20256-1-630x420.jpg 630w, \/wp-content\/uploads\/sites\/5\/2025\/12\/IGSS-Clinica-de-Empresa-Caritas-Arquidiocesana-20256-1-300x200.jpg 300w, \/wp-content\/uploads\/sites\/5\/2025\/12\/IGSS-Clinica-de-Empresa-Caritas-Arquidiocesana-20256-1-1024x682.jpg 1024w, \/wp-content\/uploads\/sites\/5\/2025\/12\/IGSS-Clinica-de-Empresa-Caritas-Arquidiocesana-20256-1-768x512.jpg 768w, \/wp-content\/uploads\/sites\/5\/2025\/12\/IGSS-Clinica-de-Empresa-Caritas-Arquidiocesana-20256-1-696x464.jpg 696w, \/wp-content\/uploads\/sites\/5\/2025\/12\/IGSS-Clinica-de-Empresa-Caritas-Arquidiocesana-20256-1-1068x712.jpg 1068w, \/wp-content\/uploads\/sites\/5\/2025\/12\/IGSS-Clinica-de-Empresa-Caritas-Arquidiocesana-20256-1-534x356.jpg 534w, \/wp-content\/uploads\/sites\/5\/2025\/12\/IGSS-Clinica-de-Empresa-Caritas-Arquidiocesana-20256-1.jpg 1280w\" sizes=\"(max-width: 630px) 100vw, 630px\" alt=\"\">\r\n                            <\/a>\r\n                            \r\n                        <\/figure>\r\n                    <\/div>\r\n                    <div class = \"td-slide-item td-item8\">\r\n                        <figure class=\"td-slide-galery-figure td-slide-popup-gallery\">\r\n                            <a class=\"slide-gallery-image-link\" href=\"\/wp-content\/uploads\/sites\/5\/2025\/12\/IGSS-Clinica-de-Empresa-Caritas-Arquidiocesana-20257-1.jpg\" title=\"IGSS Cli\u0301nica de Empresa Ca\u0301ritas Arquidiocesana 20257\"  data-caption=\"\"  data-description=\"\">\r\n                                <img decoding=\"async\" src=\"\/wp-content\/uploads\/sites\/5\/2025\/12\/IGSS-Clinica-de-Empresa-Caritas-Arquidiocesana-20257-1-630x420.jpg\" srcset=\"\/wp-content\/uploads\/sites\/5\/2025\/12\/IGSS-Clinica-de-Empresa-Caritas-Arquidiocesana-20257-1-630x420.jpg 630w, \/wp-content\/uploads\/sites\/5\/2025\/12\/IGSS-Clinica-de-Empresa-Caritas-Arquidiocesana-20257-1-300x200.jpg 300w, \/wp-content\/uploads\/sites\/5\/2025\/12\/IGSS-Clinica-de-Empresa-Caritas-Arquidiocesana-20257-1-1024x682.jpg 1024w, \/wp-content\/uploads\/sites\/5\/2025\/12\/IGSS-Clinica-de-Empresa-Caritas-Arquidiocesana-20257-1-768x512.jpg 768w, \/wp-content\/uploads\/sites\/5\/2025\/12\/IGSS-Clinica-de-Empresa-Caritas-Arquidiocesana-20257-1-696x464.jpg 696w, \/wp-content\/uploads\/sites\/5\/2025\/12\/IGSS-Clinica-de-Empresa-Caritas-Arquidiocesana-20257-1-1068x712.jpg 1068w, \/wp-content\/uploads\/sites\/5\/2025\/12\/IGSS-Clinica-de-Empresa-Caritas-Arquidiocesana-20257-1-534x356.jpg 534w, \/wp-content\/uploads\/sites\/5\/2025\/12\/IGSS-Clinica-de-Empresa-Caritas-Arquidiocesana-20257-1.jpg 1280w\" sizes=\"(max-width: 630px) 100vw, 630px\" alt=\"\">\r\n                            <\/a>\r\n                            \r\n                        <\/figure>\r\n                    <\/div>\r\n                    <div class = \"td-slide-item td-item9\">\r\n                        <figure class=\"td-slide-galery-figure td-slide-popup-gallery\">\r\n                            <a class=\"slide-gallery-image-link\" href=\"\/wp-content\/uploads\/sites\/5\/2025\/12\/IGSS-Clinica-de-Empresa-Caritas-Arquidiocesana-20258-1.jpg\" title=\"IGSS Cli\u0301nica de Empresa Ca\u0301ritas Arquidiocesana 20258\"  data-caption=\"\"  data-description=\"\">\r\n                                <img decoding=\"async\" src=\"\/wp-content\/uploads\/sites\/5\/2025\/12\/IGSS-Clinica-de-Empresa-Caritas-Arquidiocesana-20258-1-630x420.jpg\" srcset=\"\/wp-content\/uploads\/sites\/5\/2025\/12\/IGSS-Clinica-de-Empresa-Caritas-Arquidiocesana-20258-1-630x420.jpg 630w, \/wp-content\/uploads\/sites\/5\/2025\/12\/IGSS-Clinica-de-Empresa-Caritas-Arquidiocesana-20258-1-300x200.jpg 300w, \/wp-content\/uploads\/sites\/5\/2025\/12\/IGSS-Clinica-de-Empresa-Caritas-Arquidiocesana-20258-1-1024x682.jpg 1024w, \/wp-content\/uploads\/sites\/5\/2025\/12\/IGSS-Clinica-de-Empresa-Caritas-Arquidiocesana-20258-1-768x512.jpg 768w, \/wp-content\/uploads\/sites\/5\/2025\/12\/IGSS-Clinica-de-Empresa-Caritas-Arquidiocesana-20258-1-696x464.jpg 696w, \/wp-content\/uploads\/sites\/5\/2025\/12\/IGSS-Clinica-de-Empresa-Caritas-Arquidiocesana-20258-1-1068x712.jpg 1068w, \/wp-content\/uploads\/sites\/5\/2025\/12\/IGSS-Clinica-de-Empresa-Caritas-Arquidiocesana-20258-1-534x356.jpg 534w, \/wp-content\/uploads\/sites\/5\/2025\/12\/IGSS-Clinica-de-Empresa-Caritas-Arquidiocesana-20258-1.jpg 1280w\" sizes=\"(max-width: 630px) 100vw, 630px\" alt=\"\">\r\n                            <\/a>\r\n                            \r\n                        <\/figure>\r\n                    <\/div>\r\n                    <div class = \"td-slide-item td-item10\">\r\n                        <figure class=\"td-slide-galery-figure td-slide-popup-gallery\">\r\n                            <a class=\"slide-gallery-image-link\" href=\"\/wp-content\/uploads\/sites\/5\/2025\/12\/IGSS-Clinica-de-Empresa-Caritas-Arquidiocesana-20259-1.jpg\" title=\"IGSS Cli\u0301nica de Empresa Ca\u0301ritas Arquidiocesana 20259\"  data-caption=\"\"  data-description=\"\">\r\n                                <img decoding=\"async\" src=\"\/wp-content\/uploads\/sites\/5\/2025\/12\/IGSS-Clinica-de-Empresa-Caritas-Arquidiocesana-20259-1-630x420.jpg\" srcset=\"\/wp-content\/uploads\/sites\/5\/2025\/12\/IGSS-Clinica-de-Empresa-Caritas-Arquidiocesana-20259-1-630x420.jpg 630w, \/wp-content\/uploads\/sites\/5\/2025\/12\/IGSS-Clinica-de-Empresa-Caritas-Arquidiocesana-20259-1-300x200.jpg 300w, \/wp-content\/uploads\/sites\/5\/2025\/12\/IGSS-Clinica-de-Empresa-Caritas-Arquidiocesana-20259-1-1024x682.jpg 1024w, \/wp-content\/uploads\/sites\/5\/2025\/12\/IGSS-Clinica-de-Empresa-Caritas-Arquidiocesana-20259-1-768x512.jpg 768w, \/wp-content\/uploads\/sites\/5\/2025\/12\/IGSS-Clinica-de-Empresa-Caritas-Arquidiocesana-20259-1-696x464.jpg 696w, \/wp-content\/uploads\/sites\/5\/2025\/12\/IGSS-Clinica-de-Empresa-Caritas-Arquidiocesana-20259-1-1068x712.jpg 1068w, \/wp-content\/uploads\/sites\/5\/2025\/12\/IGSS-Clinica-de-Empresa-Caritas-Arquidiocesana-20259-1-534x356.jpg 534w, \/wp-content\/uploads\/sites\/5\/2025\/12\/IGSS-Clinica-de-Empresa-Caritas-Arquidiocesana-20259-1.jpg 1280w\" sizes=\"(max-width: 630px) 100vw, 630px\" alt=\"\">\r\n                            <\/a>\r\n                            \r\n                        <\/figure>\r\n                    <\/div>\r\n                    <div class = \"td-slide-item td-item11\">\r\n                        <figure class=\"td-slide-galery-figure td-slide-popup-gallery\">\r\n                            <a class=\"slide-gallery-image-link\" href=\"\/wp-content\/uploads\/sites\/5\/2025\/12\/IGSS-Clinica-de-Empresa-Caritas-Arquidiocesana-202510-1.jpg\" title=\"IGSS Cli\u0301nica de Empresa Ca\u0301ritas Arquidiocesana 202510\"  data-caption=\"\"  data-description=\"\">\r\n                                <img decoding=\"async\" src=\"\/wp-content\/uploads\/sites\/5\/2025\/12\/IGSS-Clinica-de-Empresa-Caritas-Arquidiocesana-202510-1-630x420.jpg\" srcset=\"\/wp-content\/uploads\/sites\/5\/2025\/12\/IGSS-Clinica-de-Empresa-Caritas-Arquidiocesana-202510-1-630x420.jpg 630w, \/wp-content\/uploads\/sites\/5\/2025\/12\/IGSS-Clinica-de-Empresa-Caritas-Arquidiocesana-202510-1-300x200.jpg 300w, \/wp-content\/uploads\/sites\/5\/2025\/12\/IGSS-Clinica-de-Empresa-Caritas-Arquidiocesana-202510-1-1024x682.jpg 1024w, \/wp-content\/uploads\/sites\/5\/2025\/12\/IGSS-Clinica-de-Empresa-Caritas-Arquidiocesana-202510-1-768x512.jpg 768w, \/wp-content\/uploads\/sites\/5\/2025\/12\/IGSS-Clinica-de-Empresa-Caritas-Arquidiocesana-202510-1-696x464.jpg 696w, \/wp-content\/uploads\/sites\/5\/2025\/12\/IGSS-Clinica-de-Empresa-Caritas-Arquidiocesana-202510-1-1068x712.jpg 1068w, \/wp-content\/uploads\/sites\/5\/2025\/12\/IGSS-Clinica-de-Empresa-Caritas-Arquidiocesana-202510-1-534x356.jpg 534w, \/wp-content\/uploads\/sites\/5\/2025\/12\/IGSS-Clinica-de-Empresa-Caritas-Arquidiocesana-202510-1.jpg 1280w\" sizes=\"(max-width: 630px) 100vw, 630px\" alt=\"\">\r\n                            <\/a>\r\n                            \r\n                        <\/figure>\r\n                    <\/div>\r\n                    <div class = \"td-slide-item td-item12\">\r\n                        <figure class=\"td-slide-galery-figure td-slide-popup-gallery\">\r\n                            <a class=\"slide-gallery-image-link\" href=\"\/wp-content\/uploads\/sites\/5\/2025\/12\/IGSS-Clinica-de-Empresa-Caritas-Arquidiocesana-202511-1.jpg\" title=\"IGSS Cli\u0301nica de Empresa Ca\u0301ritas Arquidiocesana 202511\"  data-caption=\"\"  data-description=\"\">\r\n                                <img decoding=\"async\" src=\"\/wp-content\/uploads\/sites\/5\/2025\/12\/IGSS-Clinica-de-Empresa-Caritas-Arquidiocesana-202511-1-630x420.jpg\" srcset=\"\/wp-content\/uploads\/sites\/5\/2025\/12\/IGSS-Clinica-de-Empresa-Caritas-Arquidiocesana-202511-1-630x420.jpg 630w, \/wp-content\/uploads\/sites\/5\/2025\/12\/IGSS-Clinica-de-Empresa-Caritas-Arquidiocesana-202511-1-300x200.jpg 300w, \/wp-content\/uploads\/sites\/5\/2025\/12\/IGSS-Clinica-de-Empresa-Caritas-Arquidiocesana-202511-1-1024x682.jpg 1024w, \/wp-content\/uploads\/sites\/5\/2025\/12\/IGSS-Clinica-de-Empresa-Caritas-Arquidiocesana-202511-1-768x512.jpg 768w, \/wp-content\/uploads\/sites\/5\/2025\/12\/IGSS-Clinica-de-Empresa-Caritas-Arquidiocesana-202511-1-696x464.jpg 696w, \/wp-content\/uploads\/sites\/5\/2025\/12\/IGSS-Clinica-de-Empresa-Caritas-Arquidiocesana-202511-1-1068x712.jpg 1068w, \/wp-content\/uploads\/sites\/5\/2025\/12\/IGSS-Clinica-de-Empresa-Caritas-Arquidiocesana-202511-1-534x356.jpg 534w, \/wp-content\/uploads\/sites\/5\/2025\/12\/IGSS-Clinica-de-Empresa-Caritas-Arquidiocesana-202511-1.jpg 1280w\" sizes=\"(max-width: 630px) 100vw, 630px\" alt=\"\">\r\n                            <\/a>\r\n                            \r\n                        <\/figure>\r\n                    <\/div>\r\n                            <\/div>\r\n                        <\/div>\r\n\r\n                        <div class = \"td-doubleSlider-2\">\r\n                            <div class = \"td-slider\">\r\n                                \r\n                    <div class = \"td-button td-item1\">\r\n                        <div class = \"td-border\"><\/div>\r\n                    <\/div>\r\n                    <div class = \"td-button td-item2\">\r\n                        <div class = \"td-border\"><\/div>\r\n                    <\/div>\r\n                    <div class = \"td-button td-item3\">\r\n                        <div class = \"td-border\"><\/div>\r\n                    <\/div>\r\n                    <div class = \"td-button td-item4\">\r\n                        <div class = \"td-border\"><\/div>\r\n                    <\/div>\r\n                    <div class = \"td-button td-item5\">\r\n                        <div class = \"td-border\"><\/div>\r\n                    <\/div>\r\n                    <div class = \"td-button td-item6\">\r\n                        <div class = \"td-border\"><\/div>\r\n                    <\/div>\r\n                    <div class = \"td-button td-item7\">\r\n                        <div class = \"td-border\"><\/div>\r\n                    <\/div>\r\n                    <div class = \"td-button td-item8\">\r\n                        <div class = \"td-border\"><\/div>\r\n                    <\/div>\r\n                    <div class = \"td-button td-item9\">\r\n                        <div class = \"td-border\"><\/div>\r\n                    <\/div>\r\n                    <div class = \"td-button td-item10\">\r\n                        <div class = \"td-border\"><\/div>\r\n                    <\/div>\r\n                    <div class = \"td-button td-item11\">\r\n                        <div class = \"td-border\"><\/div>\r\n                    <\/div>\r\n                    <div class = \"td-button td-item12\">\r\n                        <div class = \"td-border\"><\/div>\r\n                    <\/div>\r\n                            <\/div>\r\n                        <\/div>\r\n\r\n                    <\/div>\r\n\r\n                <\/div>\r\n                \n","protected":false},"excerpt":{"rendered":"<p>El evento inici\u00f3 con una Jornada de Seguridad Social en la que m\u00e1s de 300 trabajadores recibieron vacuna contra influenza, tamizaje de VIH y control de signos vitales. En el acto, el padre Aar\u00f3n Fabrizio Tello, director general de C\u00e1ritas y delegado arzobispal, realiz\u00f3 la bendici\u00f3n de la cl\u00ednica, acompa\u00f1ado por autoridades del Instituto. Este [&hellip;]<\/p>\n","protected":false},"author":3269,"featured_media":52446,"comment_status":"closed","ping_status":"closed","sticky":false,"template":"","format":"standard","meta":{"footnotes":""},"categories":[3,12,1130,15,45,1291,27,31,33],"tags":[2539,1491,490,2524],"coauthors":[],"class_list":{"0":"post-52445","1":"post","2":"type-post","3":"status-publish","4":"format-standard","5":"has-post-thumbnail","7":"category-actualidad","8":"category-clinicas-de-empresa","9":"category-consejos-medicos","10":"category-destacado","11":"category-jornadas-medicas","12":"category-prestaciones-en-salud","13":"category-prevencion-en-salud","14":"category-salud","15":"category-servicios-de-salud","16":"tag-caritas-arquidiocesana","17":"tag-clinicas-de-empresa","18":"tag-igss","19":"tag-sistema-de-atencion-medica-en-clinica-de-empresa"},"_links":{"self":[{"href":"https:\/\/www.igssgt.org\/noticias\/wp-json\/wp\/v2\/posts\/52445","targetHints":{"allow":["GET"]}}],"collection":[{"href":"https:\/\/www.igssgt.org\/noticias\/wp-json\/wp\/v2\/posts"}],"about":[{"href":"https:\/\/www.igssgt.org\/noticias\/wp-json\/wp\/v2\/types\/post"}],"author":[{"embeddable":true,"href":"https:\/\/www.igssgt.org\/noticias\/wp-json\/wp\/v2\/users\/3269"}],"replies":[{"embeddable":true,"href":"https:\/\/www.igssgt.org\/noticias\/wp-json\/wp\/v2\/comments?post=52445"}],"version-history":[{"count":1,"href":"https:\/\/www.igssgt.org\/noticias\/wp-json\/wp\/v2\/posts\/52445\/revisions"}],"predecessor-version":[{"id":52474,"href":"https:\/\/www.igssgt.org\/noticias\/wp-json\/wp\/v2\/posts\/52445\/revisions\/52474"}],"wp:featuredmedia":[{"embeddable":true,"href":"https:\/\/www.igssgt.org\/noticias\/wp-json\/wp\/v2\/media\/52446"}],"wp:attachment":[{"href":"https:\/\/www.igssgt.org\/noticias\/wp-json\/wp\/v2\/media?parent=52445"}],"wp:term":[{"taxonomy":"category","embeddable":true,"href":"https:\/\/www.igssgt.org\/noticias\/wp-json\/wp\/v2\/categories?post=52445"},{"taxonomy":"post_tag","embeddable":true,"href":"https:\/\/www.igssgt.org\/noticias\/wp-json\/wp\/v2\/tags?post=52445"},{"taxonomy":"author","embeddable":true,"href":"https:\/\/www.igssgt.org\/noticias\/wp-json\/wp\/v2\/coauthors?post=52445"}],"curies":[{"name":"wp","href":"https:\/\/api.w.org\/{rel}","templated":true}]}}