{"id":52944,"date":"2026-01-29T05:16:00","date_gmt":"2026-01-29T11:16:00","guid":{"rendered":"https:\/\/www.igssgt.org\/noticias\/?p=52944"},"modified":"2026-01-27T12:37:19","modified_gmt":"2026-01-27T18:37:19","slug":"el-hge-atiende-casos-por-infecciones-respiratorias-agudas","status":"publish","type":"post","link":"https:\/\/www.igssgt.org\/noticias\/2026\/01\/29\/el-hge-atiende-casos-por-infecciones-respiratorias-agudas\/","title":{"rendered":"El HGE atiende casos por infecciones respiratorias agudas"},"content":{"rendered":"\n<p class=\"has-drop-cap\">Las infecciones respiratorias agudas (IRAS), contin\u00faan siendo una de las principales causas de consulta m\u00e9dica, especialmente durante las temporadas de alta transmisi\u00f3n. &nbsp;<\/p>\n\n\n\n<p>Estas enfermedades afectan m\u00e1s a los ni\u00f1os y adultos mayores, as\u00ed como a personas con enfermedades cr\u00f3nicas o sistemas inmunol\u00f3gicos comprometidos. Ante este panorama, las medidas de prevenci\u00f3n siguen siendo la herramienta m\u00e1s efectiva para reducir contagios y complicaciones.<\/p>\n<figure id=\"attachment_52946\" aria-describedby=\"caption-attachment-52946\" style=\"width: 716px\" class=\"wp-caption alignnone\"><img loading=\"lazy\" decoding=\"async\" class=\"wp-image-52946\" src=\"\/wp-content\/uploads\/sites\/5\/2026\/01\/IGSS-Hospital-General-de-Enfermedades-Infecciones-respiratorias-agudas-20262-300x200.jpg\" alt=\"\" width=\"716\" height=\"477\" srcset=\"\/wp-content\/uploads\/sites\/5\/2026\/01\/IGSS-Hospital-General-de-Enfermedades-Infecciones-respiratorias-agudas-20262-300x200.jpg 300w, \/wp-content\/uploads\/sites\/5\/2026\/01\/IGSS-Hospital-General-de-Enfermedades-Infecciones-respiratorias-agudas-20262-1024x683.jpg 1024w, \/wp-content\/uploads\/sites\/5\/2026\/01\/IGSS-Hospital-General-de-Enfermedades-Infecciones-respiratorias-agudas-20262-768x512.jpg 768w, \/wp-content\/uploads\/sites\/5\/2026\/01\/IGSS-Hospital-General-de-Enfermedades-Infecciones-respiratorias-agudas-20262-1536x1024.jpg 1536w, \/wp-content\/uploads\/sites\/5\/2026\/01\/IGSS-Hospital-General-de-Enfermedades-Infecciones-respiratorias-agudas-20262-630x420.jpg 630w, \/wp-content\/uploads\/sites\/5\/2026\/01\/IGSS-Hospital-General-de-Enfermedades-Infecciones-respiratorias-agudas-20262-696x464.jpg 696w, \/wp-content\/uploads\/sites\/5\/2026\/01\/IGSS-Hospital-General-de-Enfermedades-Infecciones-respiratorias-agudas-20262-1068x712.jpg 1068w, \/wp-content\/uploads\/sites\/5\/2026\/01\/IGSS-Hospital-General-de-Enfermedades-Infecciones-respiratorias-agudas-20262-534x356.jpg 534w, \/wp-content\/uploads\/sites\/5\/2026\/01\/IGSS-Hospital-General-de-Enfermedades-Infecciones-respiratorias-agudas-20262.jpg 1599w\" sizes=\"auto, (max-width: 716px) 100vw, 716px\" \/><figcaption id=\"caption-attachment-52946\" class=\"wp-caption-text\">La prevenci\u00f3n de las infecciones respiratorias agudas es una responsabilidad compartida. Peque\u00f1as acciones cotidianas, como lavarse las manos y usar mascarilla ante s\u00edntomas respiratorios, pueden marcar la diferencia y salvar vidas.<\/figcaption><\/figure>\n<p>Entre las principales acciones preventivas se destaca el uso de mascarilla y constante lavado de manos, consideradas barreras fundamentales para evitar la propagaci\u00f3n de microorganismos. El lavado frecuente con agua y jab\u00f3n, o el uso de alcohol en gel, reduce significativamente la transmisi\u00f3n de agentes infecciosos que pueden permanecer en las manos tras el contacto con superficies contaminadas.<\/p>\n<p>Otra medida de prevenci\u00f3n esencial es la vacunaci\u00f3n, especialmente dirigida a la poblaci\u00f3n de mayor riesgo como adultos mayores y ni\u00f1os. La vacunaci\u00f3n aporta inmunidad al brindar protecci\u00f3n, evita contagios, puede reducir el riesgo de hospitalizaci\u00f3n, as\u00ed tambi\u00e9n ayuda a proteger a las mujeres durante y despu\u00e9s del embarazo. Adem\u00e1s favorece la protecci\u00f3n comunitaria, disminuye la mortalidad e interrumpe la cadena de transmisi\u00f3n de enfermedades respiratorias.<\/p>\n<figure id=\"attachment_52947\" aria-describedby=\"caption-attachment-52947\" style=\"width: 704px\" class=\"wp-caption alignnone\"><img loading=\"lazy\" decoding=\"async\" class=\"wp-image-52947\" src=\"\/wp-content\/uploads\/sites\/5\/2026\/01\/IGSS-Hospital-General-de-Enfermedades-Infecciones-respiratorias-agudas-20263-300x200.jpg\" alt=\"\" width=\"704\" height=\"469\" srcset=\"\/wp-content\/uploads\/sites\/5\/2026\/01\/IGSS-Hospital-General-de-Enfermedades-Infecciones-respiratorias-agudas-20263-300x200.jpg 300w, \/wp-content\/uploads\/sites\/5\/2026\/01\/IGSS-Hospital-General-de-Enfermedades-Infecciones-respiratorias-agudas-20263-1024x683.jpg 1024w, \/wp-content\/uploads\/sites\/5\/2026\/01\/IGSS-Hospital-General-de-Enfermedades-Infecciones-respiratorias-agudas-20263-768x512.jpg 768w, \/wp-content\/uploads\/sites\/5\/2026\/01\/IGSS-Hospital-General-de-Enfermedades-Infecciones-respiratorias-agudas-20263-1536x1024.jpg 1536w, \/wp-content\/uploads\/sites\/5\/2026\/01\/IGSS-Hospital-General-de-Enfermedades-Infecciones-respiratorias-agudas-20263-630x420.jpg 630w, \/wp-content\/uploads\/sites\/5\/2026\/01\/IGSS-Hospital-General-de-Enfermedades-Infecciones-respiratorias-agudas-20263-696x464.jpg 696w, \/wp-content\/uploads\/sites\/5\/2026\/01\/IGSS-Hospital-General-de-Enfermedades-Infecciones-respiratorias-agudas-20263-1068x712.jpg 1068w, \/wp-content\/uploads\/sites\/5\/2026\/01\/IGSS-Hospital-General-de-Enfermedades-Infecciones-respiratorias-agudas-20263-534x356.jpg 534w, \/wp-content\/uploads\/sites\/5\/2026\/01\/IGSS-Hospital-General-de-Enfermedades-Infecciones-respiratorias-agudas-20263.jpg 1599w\" sizes=\"auto, (max-width: 704px) 100vw, 704px\" \/><figcaption id=\"caption-attachment-52947\" class=\"wp-caption-text\">El Hospital General de Enfermedades promueve la regulaci\u00f3n del uso obligatorio de mascarilla, como medida exclusiva para proteger tanto a pacientes como al personal.<\/figcaption><\/figure>\n<p>No obstante, los especialistas enfatizan que en la prevenci\u00f3n de las IRAS el uso de mascarilla es crucial. Su utilizaci\u00f3n adecuada permite la reducci\u00f3n de la emisi\u00f3n y transmisi\u00f3n de micropart\u00edculas respiratorias, disminuye la inhalaci\u00f3n de aerosoles infecciosos y previene contagios, sobre todo en espacios cerrados. Esta medida reduce la carga viral ambiental y evitar brotes durante \u00e9pocas de mayor circulaci\u00f3n de virus respiratorios, comenta el doctor Cristian Galindo, m\u00e9dico de clasificaci\u00f3n.<\/p>\n<p>A estas acciones se suman el cubrirse la boca al toser o estornudar con el antebrazo, la limpieza y desinfecci\u00f3n frecuente de superficies, y la ventilaci\u00f3n efectiva de ambientes cerrados, pr\u00e1cticas sencillas que refuerzan la prevenci\u00f3n.<\/p>\n<p>Asimismo, se recomienda el aislamiento de casos sospechosos o confirmados, evitando conglomerados y reduciendo factores de riesgo como el tabaquismo, la quema de basura, la falta de vacunaci\u00f3n y la mala higiene personal, condiciones que aumentan la vulnerabilidad frente a las infecciones respiratorias.<\/p>\n\r\n                <style type=\"text\/css\">\r\n                    \r\n                    #tdi_1  .td-doubleSlider-2 .td-item1 {\r\n                        background: url(\/wp-content\/uploads\/sites\/5\/2026\/01\/IGSS-Hospital-General-de-Enfermedades-Infecciones-respiratorias-agudas-20264-80x60.jpg) 0 0 no-repeat;\r\n                    }\r\n                    #tdi_1  .td-doubleSlider-2 .td-item2 {\r\n                        background: url(\/wp-content\/uploads\/sites\/5\/2026\/01\/IGSS-Hospital-General-de-Enfermedades-Infecciones-respiratorias-agudas-20265-80x60.jpg) 0 0 no-repeat;\r\n                    }\r\n                    #tdi_1  .td-doubleSlider-2 .td-item3 {\r\n                        background: url(\/wp-content\/uploads\/sites\/5\/2026\/01\/IGSS-Hospital-General-de-Enfermedades-Infecciones-respiratorias-agudas-20261-80x60.jpg) 0 0 no-repeat;\r\n                    }\r\n                <\/style>\r\n\r\n                <div id=\"tdi_1\" class=\"td-gallery td-slide-on-2-columns\">\r\n                    <div class=\"post_td_gallery\">\r\n                        <div class=\"td-gallery-slide-top\">\r\n                           <div class=\"td-gallery-title\">M\u00e1s fotos:<\/div>\r\n\r\n                            <div class=\"td-gallery-controls-wrapper\">\r\n                                <div class=\"td-gallery-slide-count\"><span class=\"td-gallery-slide-item-focus\">1<\/span> de 3<\/div>\r\n                                <div class=\"td-gallery-slide-prev-next-but\">\r\n                                    <i class = \"td-icon-left doubleSliderPrevButton\"><\/i>\r\n                                    <i class = \"td-icon-right doubleSliderNextButton\"><\/i>\r\n                                <\/div>\r\n                            <\/div>\r\n                        <\/div>\r\n\r\n                        <div class = \"td-doubleSlider-1 \">\r\n                            <div class = \"td-slider\">\r\n                                \r\n                    <div class = \"td-slide-item td-item1\">\r\n                        <figure class=\"td-slide-galery-figure td-slide-popup-gallery\">\r\n                            <a class=\"slide-gallery-image-link\" href=\"\/wp-content\/uploads\/sites\/5\/2026\/01\/IGSS-Hospital-General-de-Enfermedades-Infecciones-respiratorias-agudas-20264.jpg\" title=\"IGSS Hospital General de Enfermedades Infecciones respiratorias agudas 20264\"  data-caption=\"\"  data-description=\"\">\r\n                                <img decoding=\"async\" src=\"\/wp-content\/uploads\/sites\/5\/2026\/01\/IGSS-Hospital-General-de-Enfermedades-Infecciones-respiratorias-agudas-20264-630x420.jpg\" srcset=\"\/wp-content\/uploads\/sites\/5\/2026\/01\/IGSS-Hospital-General-de-Enfermedades-Infecciones-respiratorias-agudas-20264-630x420.jpg 630w, \/wp-content\/uploads\/sites\/5\/2026\/01\/IGSS-Hospital-General-de-Enfermedades-Infecciones-respiratorias-agudas-20264-300x200.jpg 300w, \/wp-content\/uploads\/sites\/5\/2026\/01\/IGSS-Hospital-General-de-Enfermedades-Infecciones-respiratorias-agudas-20264-1024x683.jpg 1024w, \/wp-content\/uploads\/sites\/5\/2026\/01\/IGSS-Hospital-General-de-Enfermedades-Infecciones-respiratorias-agudas-20264-768x512.jpg 768w, \/wp-content\/uploads\/sites\/5\/2026\/01\/IGSS-Hospital-General-de-Enfermedades-Infecciones-respiratorias-agudas-20264-1536x1024.jpg 1536w, \/wp-content\/uploads\/sites\/5\/2026\/01\/IGSS-Hospital-General-de-Enfermedades-Infecciones-respiratorias-agudas-20264-696x464.jpg 696w, \/wp-content\/uploads\/sites\/5\/2026\/01\/IGSS-Hospital-General-de-Enfermedades-Infecciones-respiratorias-agudas-20264-1068x712.jpg 1068w, \/wp-content\/uploads\/sites\/5\/2026\/01\/IGSS-Hospital-General-de-Enfermedades-Infecciones-respiratorias-agudas-20264-534x356.jpg 534w, \/wp-content\/uploads\/sites\/5\/2026\/01\/IGSS-Hospital-General-de-Enfermedades-Infecciones-respiratorias-agudas-20264.jpg 1599w\" sizes=\"(max-width: 630px) 100vw, 630px\" alt=\"\">\r\n                            <\/a>\r\n                            \r\n                        <\/figure>\r\n                    <\/div>\r\n                    <div class = \"td-slide-item td-item2\">\r\n                        <figure class=\"td-slide-galery-figure td-slide-popup-gallery\">\r\n                            <a class=\"slide-gallery-image-link\" href=\"\/wp-content\/uploads\/sites\/5\/2026\/01\/IGSS-Hospital-General-de-Enfermedades-Infecciones-respiratorias-agudas-20265.jpg\" title=\"IGSS Hospital General de Enfermedades Infecciones respiratorias agudas 20265\"  data-caption=\"\"  data-description=\"\">\r\n                                <img decoding=\"async\" src=\"\/wp-content\/uploads\/sites\/5\/2026\/01\/IGSS-Hospital-General-de-Enfermedades-Infecciones-respiratorias-agudas-20265-630x420.jpg\" srcset=\"\/wp-content\/uploads\/sites\/5\/2026\/01\/IGSS-Hospital-General-de-Enfermedades-Infecciones-respiratorias-agudas-20265-630x420.jpg 630w, \/wp-content\/uploads\/sites\/5\/2026\/01\/IGSS-Hospital-General-de-Enfermedades-Infecciones-respiratorias-agudas-20265-300x200.jpg 300w, \/wp-content\/uploads\/sites\/5\/2026\/01\/IGSS-Hospital-General-de-Enfermedades-Infecciones-respiratorias-agudas-20265-1024x683.jpg 1024w, \/wp-content\/uploads\/sites\/5\/2026\/01\/IGSS-Hospital-General-de-Enfermedades-Infecciones-respiratorias-agudas-20265-768x512.jpg 768w, \/wp-content\/uploads\/sites\/5\/2026\/01\/IGSS-Hospital-General-de-Enfermedades-Infecciones-respiratorias-agudas-20265-1536x1024.jpg 1536w, \/wp-content\/uploads\/sites\/5\/2026\/01\/IGSS-Hospital-General-de-Enfermedades-Infecciones-respiratorias-agudas-20265-696x464.jpg 696w, \/wp-content\/uploads\/sites\/5\/2026\/01\/IGSS-Hospital-General-de-Enfermedades-Infecciones-respiratorias-agudas-20265-1068x712.jpg 1068w, \/wp-content\/uploads\/sites\/5\/2026\/01\/IGSS-Hospital-General-de-Enfermedades-Infecciones-respiratorias-agudas-20265-534x356.jpg 534w, \/wp-content\/uploads\/sites\/5\/2026\/01\/IGSS-Hospital-General-de-Enfermedades-Infecciones-respiratorias-agudas-20265.jpg 1599w\" sizes=\"(max-width: 630px) 100vw, 630px\" alt=\"\">\r\n                            <\/a>\r\n                            \r\n                        <\/figure>\r\n                    <\/div>\r\n                    <div class = \"td-slide-item td-item3\">\r\n                        <figure class=\"td-slide-galery-figure td-slide-popup-gallery\">\r\n                            <a class=\"slide-gallery-image-link\" href=\"\/wp-content\/uploads\/sites\/5\/2026\/01\/IGSS-Hospital-General-de-Enfermedades-Infecciones-respiratorias-agudas-20261.jpg\" title=\"IGSS Hospital General de Enfermedades Infecciones respiratorias agudas 20261\"  data-caption=\"\"  data-description=\"\">\r\n                                <img decoding=\"async\" src=\"\/wp-content\/uploads\/sites\/5\/2026\/01\/IGSS-Hospital-General-de-Enfermedades-Infecciones-respiratorias-agudas-20261-630x420.jpg\" srcset=\"\/wp-content\/uploads\/sites\/5\/2026\/01\/IGSS-Hospital-General-de-Enfermedades-Infecciones-respiratorias-agudas-20261-630x420.jpg 630w, \/wp-content\/uploads\/sites\/5\/2026\/01\/IGSS-Hospital-General-de-Enfermedades-Infecciones-respiratorias-agudas-20261-300x200.jpg 300w, \/wp-content\/uploads\/sites\/5\/2026\/01\/IGSS-Hospital-General-de-Enfermedades-Infecciones-respiratorias-agudas-20261-1024x683.jpg 1024w, \/wp-content\/uploads\/sites\/5\/2026\/01\/IGSS-Hospital-General-de-Enfermedades-Infecciones-respiratorias-agudas-20261-768x512.jpg 768w, \/wp-content\/uploads\/sites\/5\/2026\/01\/IGSS-Hospital-General-de-Enfermedades-Infecciones-respiratorias-agudas-20261-1536x1024.jpg 1536w, \/wp-content\/uploads\/sites\/5\/2026\/01\/IGSS-Hospital-General-de-Enfermedades-Infecciones-respiratorias-agudas-20261-696x464.jpg 696w, \/wp-content\/uploads\/sites\/5\/2026\/01\/IGSS-Hospital-General-de-Enfermedades-Infecciones-respiratorias-agudas-20261-1068x712.jpg 1068w, \/wp-content\/uploads\/sites\/5\/2026\/01\/IGSS-Hospital-General-de-Enfermedades-Infecciones-respiratorias-agudas-20261-534x356.jpg 534w, \/wp-content\/uploads\/sites\/5\/2026\/01\/IGSS-Hospital-General-de-Enfermedades-Infecciones-respiratorias-agudas-20261.jpg 1599w\" sizes=\"(max-width: 630px) 100vw, 630px\" alt=\"\">\r\n                            <\/a>\r\n                            \r\n                        <\/figure>\r\n                    <\/div>\r\n                            <\/div>\r\n                        <\/div>\r\n\r\n                        <div class = \"td-doubleSlider-2\">\r\n                            <div class = \"td-slider\">\r\n                                \r\n                    <div class = \"td-button td-item1\">\r\n                        <div class = \"td-border\"><\/div>\r\n                    <\/div>\r\n                    <div class = \"td-button td-item2\">\r\n                        <div class = \"td-border\"><\/div>\r\n                    <\/div>\r\n                    <div class = \"td-button td-item3\">\r\n                        <div class = \"td-border\"><\/div>\r\n                    <\/div>\r\n                            <\/div>\r\n                        <\/div>\r\n\r\n                    <\/div>\r\n\r\n                <\/div>\r\n                \n<p>&nbsp;<\/p>\n","protected":false},"excerpt":{"rendered":"<p>Las infecciones respiratorias agudas (IRAS), contin\u00faan siendo una de las principales causas de consulta m\u00e9dica, especialmente durante las temporadas de alta transmisi\u00f3n. &nbsp; Estas enfermedades afectan m\u00e1s a los ni\u00f1os y adultos mayores, as\u00ed como a personas con enfermedades cr\u00f3nicas o sistemas inmunol\u00f3gicos comprometidos. Ante este panorama, las medidas de prevenci\u00f3n siguen siendo la herramienta [&hellip;]<\/p>\n","protected":false},"author":3269,"featured_media":52945,"comment_status":"closed","ping_status":"closed","sticky":false,"template":"","format":"standard","meta":{"footnotes":""},"categories":[3,1291,27,31,33],"tags":[2596,481,490,2595,2597,847,1908],"coauthors":[1970],"class_list":{"0":"post-52944","1":"post","2":"type-post","3":"status-publish","4":"format-standard","5":"has-post-thumbnail","7":"category-actualidad","8":"category-prestaciones-en-salud","9":"category-prevencion-en-salud","10":"category-salud","11":"category-servicios-de-salud","12":"tag-acciones-preventivas","13":"tag-hospital-general-de-enfermedades","14":"tag-igss","15":"tag-infecciones-respiratorias-agudas-iras","16":"tag-lavado-de-manos","17":"tag-vacunacion","18":"tag-vacunas-igss"},"_links":{"self":[{"href":"https:\/\/www.igssgt.org\/noticias\/wp-json\/wp\/v2\/posts\/52944","targetHints":{"allow":["GET"]}}],"collection":[{"href":"https:\/\/www.igssgt.org\/noticias\/wp-json\/wp\/v2\/posts"}],"about":[{"href":"https:\/\/www.igssgt.org\/noticias\/wp-json\/wp\/v2\/types\/post"}],"author":[{"embeddable":true,"href":"https:\/\/www.igssgt.org\/noticias\/wp-json\/wp\/v2\/users\/3269"}],"replies":[{"embeddable":true,"href":"https:\/\/www.igssgt.org\/noticias\/wp-json\/wp\/v2\/comments?post=52944"}],"version-history":[{"count":4,"href":"https:\/\/www.igssgt.org\/noticias\/wp-json\/wp\/v2\/posts\/52944\/revisions"}],"predecessor-version":[{"id":53182,"href":"https:\/\/www.igssgt.org\/noticias\/wp-json\/wp\/v2\/posts\/52944\/revisions\/53182"}],"wp:featuredmedia":[{"embeddable":true,"href":"https:\/\/www.igssgt.org\/noticias\/wp-json\/wp\/v2\/media\/52945"}],"wp:attachment":[{"href":"https:\/\/www.igssgt.org\/noticias\/wp-json\/wp\/v2\/media?parent=52944"}],"wp:term":[{"taxonomy":"category","embeddable":true,"href":"https:\/\/www.igssgt.org\/noticias\/wp-json\/wp\/v2\/categories?post=52944"},{"taxonomy":"post_tag","embeddable":true,"href":"https:\/\/www.igssgt.org\/noticias\/wp-json\/wp\/v2\/tags?post=52944"},{"taxonomy":"author","embeddable":true,"href":"https:\/\/www.igssgt.org\/noticias\/wp-json\/wp\/v2\/coauthors?post=52944"}],"curies":[{"name":"wp","href":"https:\/\/api.w.org\/{rel}","templated":true}]}}