{"id":53169,"date":"2026-01-27T10:00:00","date_gmt":"2026-01-27T16:00:00","guid":{"rendered":"https:\/\/www.igssgt.org\/noticias\/?p=53169"},"modified":"2026-01-27T10:41:16","modified_gmt":"2026-01-27T16:41:16","slug":"igss-lleva-servicios-de-salud-preventiva-a-grupo-codaca","status":"publish","type":"post","link":"https:\/\/www.igssgt.org\/noticias\/2026\/01\/27\/igss-lleva-servicios-de-salud-preventiva-a-grupo-codaca\/","title":{"rendered":"IGSS lleva servicios de salud preventiva a Grupo CODACA"},"content":{"rendered":"\n<p class=\"has-drop-cap\">La salud preventiva lleg\u00f3 a Grupo CODACA, por medio de una Jornada de la Seguridad Social, en donde&nbsp; m\u00e1s de 200 colaboradores tuvieron la oportunidad de realizarse pruebas de detecci\u00f3n temprana de enfermedades desde su \u00e1rea de labores.<\/p>\n\n\n<p>Conscientes de la importancia de la salud preventiva, los colaboradores empezaron a llegar desde las siete de la ma\u00f1ana para aprovechar los ex\u00e1menes que se pusieron a disposici\u00f3n: glucosa, perfil hep\u00e1tico, pruebas de funci\u00f3n renal, \u00e1cido \u00farico, as\u00ed como toma de signos vitales. Tambi\u00e9n recibieron material informativo acerca de algunas enfermedades cr\u00f3nicas.<\/p>\n<p><a href=\"\/wp-content\/uploads\/sites\/5\/2026\/01\/Jornada-de-salud-CODACA-IGSS-2026-1.jpg\"><img loading=\"lazy\" decoding=\"async\" class=\"aligncenter size-full wp-image-53172\" src=\"\/wp-content\/uploads\/sites\/5\/2026\/01\/Jornada-de-salud-CODACA-IGSS-2026-1.jpg\" alt=\"\" width=\"1599\" height=\"1066\" srcset=\"\/wp-content\/uploads\/sites\/5\/2026\/01\/Jornada-de-salud-CODACA-IGSS-2026-1.jpg 1599w, \/wp-content\/uploads\/sites\/5\/2026\/01\/Jornada-de-salud-CODACA-IGSS-2026-1-300x200.jpg 300w, \/wp-content\/uploads\/sites\/5\/2026\/01\/Jornada-de-salud-CODACA-IGSS-2026-1-1024x683.jpg 1024w, \/wp-content\/uploads\/sites\/5\/2026\/01\/Jornada-de-salud-CODACA-IGSS-2026-1-768x512.jpg 768w, \/wp-content\/uploads\/sites\/5\/2026\/01\/Jornada-de-salud-CODACA-IGSS-2026-1-1536x1024.jpg 1536w, \/wp-content\/uploads\/sites\/5\/2026\/01\/Jornada-de-salud-CODACA-IGSS-2026-1-630x420.jpg 630w, \/wp-content\/uploads\/sites\/5\/2026\/01\/Jornada-de-salud-CODACA-IGSS-2026-1-696x464.jpg 696w, \/wp-content\/uploads\/sites\/5\/2026\/01\/Jornada-de-salud-CODACA-IGSS-2026-1-1068x712.jpg 1068w, \/wp-content\/uploads\/sites\/5\/2026\/01\/Jornada-de-salud-CODACA-IGSS-2026-1-534x356.jpg 534w\" sizes=\"auto, (max-width: 1599px) 100vw, 1599px\" \/><\/a><\/p>\n<p>Las muestras fueron llevadas a un laboratorio m\u00f3vil que las procesa en el lugar, por lo que en pocas horas se entregaron los resultados.\u00a0<\/p>\n<p>Carlos Ortiz, Coordinador de Atenci\u00f3n al Negocio y Relaciones Laborales de\u00a0 CODACA, indic\u00f3 que la empresa est\u00e1 interesada en este tipo de actividades que mejoran la calidad de vida de sus colaboradores y los mantiene\u00a0 sanos y saludables.<\/p>\n<p><a href=\"\/wp-content\/uploads\/sites\/5\/2026\/01\/Jornada-de-salud-CODACA-IGSS-2026-2.jpg\"><img loading=\"lazy\" decoding=\"async\" class=\"aligncenter size-full wp-image-53173\" src=\"\/wp-content\/uploads\/sites\/5\/2026\/01\/Jornada-de-salud-CODACA-IGSS-2026-2.jpg\" alt=\"\" width=\"1599\" height=\"1066\" srcset=\"\/wp-content\/uploads\/sites\/5\/2026\/01\/Jornada-de-salud-CODACA-IGSS-2026-2.jpg 1599w, \/wp-content\/uploads\/sites\/5\/2026\/01\/Jornada-de-salud-CODACA-IGSS-2026-2-300x200.jpg 300w, \/wp-content\/uploads\/sites\/5\/2026\/01\/Jornada-de-salud-CODACA-IGSS-2026-2-1024x683.jpg 1024w, \/wp-content\/uploads\/sites\/5\/2026\/01\/Jornada-de-salud-CODACA-IGSS-2026-2-768x512.jpg 768w, \/wp-content\/uploads\/sites\/5\/2026\/01\/Jornada-de-salud-CODACA-IGSS-2026-2-1536x1024.jpg 1536w, \/wp-content\/uploads\/sites\/5\/2026\/01\/Jornada-de-salud-CODACA-IGSS-2026-2-630x420.jpg 630w, \/wp-content\/uploads\/sites\/5\/2026\/01\/Jornada-de-salud-CODACA-IGSS-2026-2-696x464.jpg 696w, \/wp-content\/uploads\/sites\/5\/2026\/01\/Jornada-de-salud-CODACA-IGSS-2026-2-1068x712.jpg 1068w, \/wp-content\/uploads\/sites\/5\/2026\/01\/Jornada-de-salud-CODACA-IGSS-2026-2-534x356.jpg 534w\" sizes=\"auto, (max-width: 1599px) 100vw, 1599px\" \/><\/a><\/p>\n<p>Nunca es demasiado temprano para cuidar de su salud, y por eso el colaborador Alex Valdez acudi\u00f3 a realizarse las pruebas de detecci\u00f3n temprana de enfermedades, consciente de que los j\u00f3venes deben de ser responsables de su salud.<\/p>\n<p>El Lic. Sa\u00fal Hern\u00e1ndez, del Departamento de Medicina Preventiva del IGSS, expres\u00f3 que es a trav\u00e9s de actividades como las Jornadas de Seguridad Social como el Seguro Social cumple con su lema: \u201cUn IGSS m\u00e1s cerca de usted\u201d.<\/p>\n\r\n                <style type=\"text\/css\">\r\n                    \r\n                    #tdi_1  .td-doubleSlider-2 .td-item1 {\r\n                        background: url(\/wp-content\/uploads\/sites\/5\/2026\/01\/Jornada-de-salud-CODACA-IGSS-2026-0-80x60.jpg) 0 0 no-repeat;\r\n                    }\r\n                    #tdi_1  .td-doubleSlider-2 .td-item2 {\r\n                        background: url(\/wp-content\/uploads\/sites\/5\/2026\/01\/Jornada-de-salud-CODACA-IGSS-2026-3-80x60.jpg) 0 0 no-repeat;\r\n                    }\r\n                    #tdi_1  .td-doubleSlider-2 .td-item3 {\r\n                        background: url(\/wp-content\/uploads\/sites\/5\/2026\/01\/Jornada-de-salud-CODACA-IGSS-2026-12-80x60.jpg) 0 0 no-repeat;\r\n                    }\r\n                    #tdi_1  .td-doubleSlider-2 .td-item4 {\r\n                        background: url(\/wp-content\/uploads\/sites\/5\/2026\/01\/Jornada-de-salud-CODACA-IGSS-2026-11-80x60.jpg) 0 0 no-repeat;\r\n                    }\r\n                    #tdi_1  .td-doubleSlider-2 .td-item5 {\r\n                        background: url(\/wp-content\/uploads\/sites\/5\/2026\/01\/Jornada-de-salud-CODACA-IGSS-2026-10-80x60.jpg) 0 0 no-repeat;\r\n                    }\r\n                <\/style>\r\n\r\n                <div id=\"tdi_1\" class=\"td-gallery td-slide-on-2-columns\">\r\n                    <div class=\"post_td_gallery\">\r\n                        <div class=\"td-gallery-slide-top\">\r\n                           <div class=\"td-gallery-title\">Galer\u00eda de Im\u00e1genes<\/div>\r\n\r\n                            <div class=\"td-gallery-controls-wrapper\">\r\n                                <div class=\"td-gallery-slide-count\"><span class=\"td-gallery-slide-item-focus\">1<\/span> de 5<\/div>\r\n                                <div class=\"td-gallery-slide-prev-next-but\">\r\n                                    <i class = \"td-icon-left doubleSliderPrevButton\"><\/i>\r\n                                    <i class = \"td-icon-right doubleSliderNextButton\"><\/i>\r\n                                <\/div>\r\n                            <\/div>\r\n                        <\/div>\r\n\r\n                        <div class = \"td-doubleSlider-1 \">\r\n                            <div class = \"td-slider\">\r\n                                \r\n                    <div class = \"td-slide-item td-item1\">\r\n                        <figure class=\"td-slide-galery-figure td-slide-popup-gallery\">\r\n                            <a class=\"slide-gallery-image-link\" href=\"\/wp-content\/uploads\/sites\/5\/2026\/01\/Jornada-de-salud-CODACA-IGSS-2026-0.jpg\" title=\"Jornada de salud CODACA IGSS 2026-0\"  data-caption=\"\"  data-description=\"\">\r\n                                <img decoding=\"async\" src=\"\/wp-content\/uploads\/sites\/5\/2026\/01\/Jornada-de-salud-CODACA-IGSS-2026-0-630x420.jpg\" srcset=\"\/wp-content\/uploads\/sites\/5\/2026\/01\/Jornada-de-salud-CODACA-IGSS-2026-0-630x420.jpg 630w, \/wp-content\/uploads\/sites\/5\/2026\/01\/Jornada-de-salud-CODACA-IGSS-2026-0-300x200.jpg 300w, \/wp-content\/uploads\/sites\/5\/2026\/01\/Jornada-de-salud-CODACA-IGSS-2026-0-1024x683.jpg 1024w, \/wp-content\/uploads\/sites\/5\/2026\/01\/Jornada-de-salud-CODACA-IGSS-2026-0-768x512.jpg 768w, \/wp-content\/uploads\/sites\/5\/2026\/01\/Jornada-de-salud-CODACA-IGSS-2026-0-1536x1024.jpg 1536w, \/wp-content\/uploads\/sites\/5\/2026\/01\/Jornada-de-salud-CODACA-IGSS-2026-0-696x464.jpg 696w, \/wp-content\/uploads\/sites\/5\/2026\/01\/Jornada-de-salud-CODACA-IGSS-2026-0-1068x712.jpg 1068w, \/wp-content\/uploads\/sites\/5\/2026\/01\/Jornada-de-salud-CODACA-IGSS-2026-0-534x356.jpg 534w, \/wp-content\/uploads\/sites\/5\/2026\/01\/Jornada-de-salud-CODACA-IGSS-2026-0.jpg 1599w\" sizes=\"(max-width: 630px) 100vw, 630px\" alt=\"\">\r\n                            <\/a>\r\n                            \r\n                        <\/figure>\r\n                    <\/div>\r\n                    <div class = \"td-slide-item td-item2\">\r\n                        <figure class=\"td-slide-galery-figure td-slide-popup-gallery\">\r\n                            <a class=\"slide-gallery-image-link\" href=\"\/wp-content\/uploads\/sites\/5\/2026\/01\/Jornada-de-salud-CODACA-IGSS-2026-3.jpg\" title=\"Jornada de salud CODACA IGSS 2026-3\"  data-caption=\"\"  data-description=\"\">\r\n                                <img decoding=\"async\" src=\"\/wp-content\/uploads\/sites\/5\/2026\/01\/Jornada-de-salud-CODACA-IGSS-2026-3-630x420.jpg\" srcset=\"\/wp-content\/uploads\/sites\/5\/2026\/01\/Jornada-de-salud-CODACA-IGSS-2026-3-630x420.jpg 630w, \/wp-content\/uploads\/sites\/5\/2026\/01\/Jornada-de-salud-CODACA-IGSS-2026-3-300x200.jpg 300w, \/wp-content\/uploads\/sites\/5\/2026\/01\/Jornada-de-salud-CODACA-IGSS-2026-3-1024x683.jpg 1024w, \/wp-content\/uploads\/sites\/5\/2026\/01\/Jornada-de-salud-CODACA-IGSS-2026-3-768x512.jpg 768w, \/wp-content\/uploads\/sites\/5\/2026\/01\/Jornada-de-salud-CODACA-IGSS-2026-3-1536x1024.jpg 1536w, \/wp-content\/uploads\/sites\/5\/2026\/01\/Jornada-de-salud-CODACA-IGSS-2026-3-696x464.jpg 696w, \/wp-content\/uploads\/sites\/5\/2026\/01\/Jornada-de-salud-CODACA-IGSS-2026-3-1068x712.jpg 1068w, \/wp-content\/uploads\/sites\/5\/2026\/01\/Jornada-de-salud-CODACA-IGSS-2026-3-534x356.jpg 534w, \/wp-content\/uploads\/sites\/5\/2026\/01\/Jornada-de-salud-CODACA-IGSS-2026-3.jpg 1599w\" sizes=\"(max-width: 630px) 100vw, 630px\" alt=\"\">\r\n                            <\/a>\r\n                            \r\n                        <\/figure>\r\n                    <\/div>\r\n                    <div class = \"td-slide-item td-item3\">\r\n                        <figure class=\"td-slide-galery-figure td-slide-popup-gallery\">\r\n                            <a class=\"slide-gallery-image-link\" href=\"\/wp-content\/uploads\/sites\/5\/2026\/01\/Jornada-de-salud-CODACA-IGSS-2026-12.jpg\" title=\"Jornada de salud CODACA IGSS 2026-12\"  data-caption=\"\"  data-description=\"\">\r\n                                <img decoding=\"async\" src=\"\/wp-content\/uploads\/sites\/5\/2026\/01\/Jornada-de-salud-CODACA-IGSS-2026-12-630x420.jpg\" srcset=\"\/wp-content\/uploads\/sites\/5\/2026\/01\/Jornada-de-salud-CODACA-IGSS-2026-12-630x420.jpg 630w, \/wp-content\/uploads\/sites\/5\/2026\/01\/Jornada-de-salud-CODACA-IGSS-2026-12-300x200.jpg 300w, \/wp-content\/uploads\/sites\/5\/2026\/01\/Jornada-de-salud-CODACA-IGSS-2026-12-1024x683.jpg 1024w, \/wp-content\/uploads\/sites\/5\/2026\/01\/Jornada-de-salud-CODACA-IGSS-2026-12-768x512.jpg 768w, \/wp-content\/uploads\/sites\/5\/2026\/01\/Jornada-de-salud-CODACA-IGSS-2026-12-1536x1024.jpg 1536w, \/wp-content\/uploads\/sites\/5\/2026\/01\/Jornada-de-salud-CODACA-IGSS-2026-12-696x464.jpg 696w, \/wp-content\/uploads\/sites\/5\/2026\/01\/Jornada-de-salud-CODACA-IGSS-2026-12-1068x712.jpg 1068w, \/wp-content\/uploads\/sites\/5\/2026\/01\/Jornada-de-salud-CODACA-IGSS-2026-12-534x356.jpg 534w, \/wp-content\/uploads\/sites\/5\/2026\/01\/Jornada-de-salud-CODACA-IGSS-2026-12.jpg 1599w\" sizes=\"(max-width: 630px) 100vw, 630px\" alt=\"\">\r\n                            <\/a>\r\n                            \r\n                        <\/figure>\r\n                    <\/div>\r\n                    <div class = \"td-slide-item td-item4\">\r\n                        <figure class=\"td-slide-galery-figure td-slide-popup-gallery\">\r\n                            <a class=\"slide-gallery-image-link\" href=\"\/wp-content\/uploads\/sites\/5\/2026\/01\/Jornada-de-salud-CODACA-IGSS-2026-11.jpg\" title=\"Jornada de salud CODACA IGSS 2026-11\"  data-caption=\"\"  data-description=\"\">\r\n                                <img decoding=\"async\" src=\"\/wp-content\/uploads\/sites\/5\/2026\/01\/Jornada-de-salud-CODACA-IGSS-2026-11-630x420.jpg\" srcset=\"\/wp-content\/uploads\/sites\/5\/2026\/01\/Jornada-de-salud-CODACA-IGSS-2026-11-630x420.jpg 630w, \/wp-content\/uploads\/sites\/5\/2026\/01\/Jornada-de-salud-CODACA-IGSS-2026-11-300x200.jpg 300w, \/wp-content\/uploads\/sites\/5\/2026\/01\/Jornada-de-salud-CODACA-IGSS-2026-11-1024x683.jpg 1024w, \/wp-content\/uploads\/sites\/5\/2026\/01\/Jornada-de-salud-CODACA-IGSS-2026-11-768x512.jpg 768w, \/wp-content\/uploads\/sites\/5\/2026\/01\/Jornada-de-salud-CODACA-IGSS-2026-11-1536x1024.jpg 1536w, \/wp-content\/uploads\/sites\/5\/2026\/01\/Jornada-de-salud-CODACA-IGSS-2026-11-696x464.jpg 696w, \/wp-content\/uploads\/sites\/5\/2026\/01\/Jornada-de-salud-CODACA-IGSS-2026-11-1068x712.jpg 1068w, \/wp-content\/uploads\/sites\/5\/2026\/01\/Jornada-de-salud-CODACA-IGSS-2026-11-534x356.jpg 534w, \/wp-content\/uploads\/sites\/5\/2026\/01\/Jornada-de-salud-CODACA-IGSS-2026-11.jpg 1599w\" sizes=\"(max-width: 630px) 100vw, 630px\" alt=\"\">\r\n                            <\/a>\r\n                            \r\n                        <\/figure>\r\n                    <\/div>\r\n                    <div class = \"td-slide-item td-item5\">\r\n                        <figure class=\"td-slide-galery-figure td-slide-popup-gallery\">\r\n                            <a class=\"slide-gallery-image-link\" href=\"\/wp-content\/uploads\/sites\/5\/2026\/01\/Jornada-de-salud-CODACA-IGSS-2026-10.jpg\" title=\"Jornada de salud CODACA IGSS 2026-10\"  data-caption=\"\"  data-description=\"\">\r\n                                <img decoding=\"async\" src=\"\/wp-content\/uploads\/sites\/5\/2026\/01\/Jornada-de-salud-CODACA-IGSS-2026-10-630x420.jpg\" srcset=\"\/wp-content\/uploads\/sites\/5\/2026\/01\/Jornada-de-salud-CODACA-IGSS-2026-10-630x420.jpg 630w, \/wp-content\/uploads\/sites\/5\/2026\/01\/Jornada-de-salud-CODACA-IGSS-2026-10-300x200.jpg 300w, \/wp-content\/uploads\/sites\/5\/2026\/01\/Jornada-de-salud-CODACA-IGSS-2026-10-1024x683.jpg 1024w, \/wp-content\/uploads\/sites\/5\/2026\/01\/Jornada-de-salud-CODACA-IGSS-2026-10-768x512.jpg 768w, \/wp-content\/uploads\/sites\/5\/2026\/01\/Jornada-de-salud-CODACA-IGSS-2026-10-1536x1024.jpg 1536w, \/wp-content\/uploads\/sites\/5\/2026\/01\/Jornada-de-salud-CODACA-IGSS-2026-10-696x464.jpg 696w, \/wp-content\/uploads\/sites\/5\/2026\/01\/Jornada-de-salud-CODACA-IGSS-2026-10-1068x712.jpg 1068w, \/wp-content\/uploads\/sites\/5\/2026\/01\/Jornada-de-salud-CODACA-IGSS-2026-10-534x356.jpg 534w, \/wp-content\/uploads\/sites\/5\/2026\/01\/Jornada-de-salud-CODACA-IGSS-2026-10.jpg 1599w\" sizes=\"(max-width: 630px) 100vw, 630px\" alt=\"\">\r\n                            <\/a>\r\n                            \r\n                        <\/figure>\r\n                    <\/div>\r\n                            <\/div>\r\n                        <\/div>\r\n\r\n                        <div class = \"td-doubleSlider-2\">\r\n                            <div class = \"td-slider\">\r\n                                \r\n                    <div class = \"td-button td-item1\">\r\n                        <div class = \"td-border\"><\/div>\r\n                    <\/div>\r\n                    <div class = \"td-button td-item2\">\r\n                        <div class = \"td-border\"><\/div>\r\n                    <\/div>\r\n                    <div class = \"td-button td-item3\">\r\n                        <div class = \"td-border\"><\/div>\r\n                    <\/div>\r\n                    <div class = \"td-button td-item4\">\r\n                        <div class = \"td-border\"><\/div>\r\n                    <\/div>\r\n                    <div class = \"td-button td-item5\">\r\n                        <div class = \"td-border\"><\/div>\r\n                    <\/div>\r\n                            <\/div>\r\n                        <\/div>\r\n\r\n                    <\/div>\r\n\r\n                <\/div>\r\n                ","protected":false},"excerpt":{"rendered":"<p>La salud preventiva lleg\u00f3 a Grupo CODACA, por medio de una Jornada de la Seguridad Social, en donde&nbsp; m\u00e1s de 200 colaboradores tuvieron la oportunidad de realizarse pruebas de detecci\u00f3n temprana de enfermedades desde su \u00e1rea de labores. Conscientes de la importancia de la salud preventiva, los colaboradores empezaron a llegar desde las siete de [&hellip;]<\/p>\n","protected":false},"author":4,"featured_media":53171,"comment_status":"closed","ping_status":"closed","sticky":false,"template":"","format":"standard","meta":{"footnotes":""},"categories":[3,45],"tags":[2618,1670],"coauthors":[],"class_list":{"0":"post-53169","1":"post","2":"type-post","3":"status-publish","4":"format-standard","5":"has-post-thumbnail","7":"category-actualidad","8":"category-jornadas-medicas","9":"tag-codaca","10":"tag-jornada-de-salud"},"_links":{"self":[{"href":"https:\/\/www.igssgt.org\/noticias\/wp-json\/wp\/v2\/posts\/53169","targetHints":{"allow":["GET"]}}],"collection":[{"href":"https:\/\/www.igssgt.org\/noticias\/wp-json\/wp\/v2\/posts"}],"about":[{"href":"https:\/\/www.igssgt.org\/noticias\/wp-json\/wp\/v2\/types\/post"}],"author":[{"embeddable":true,"href":"https:\/\/www.igssgt.org\/noticias\/wp-json\/wp\/v2\/users\/4"}],"replies":[{"embeddable":true,"href":"https:\/\/www.igssgt.org\/noticias\/wp-json\/wp\/v2\/comments?post=53169"}],"version-history":[{"count":2,"href":"https:\/\/www.igssgt.org\/noticias\/wp-json\/wp\/v2\/posts\/53169\/revisions"}],"predecessor-version":[{"id":53181,"href":"https:\/\/www.igssgt.org\/noticias\/wp-json\/wp\/v2\/posts\/53169\/revisions\/53181"}],"wp:featuredmedia":[{"embeddable":true,"href":"https:\/\/www.igssgt.org\/noticias\/wp-json\/wp\/v2\/media\/53171"}],"wp:attachment":[{"href":"https:\/\/www.igssgt.org\/noticias\/wp-json\/wp\/v2\/media?parent=53169"}],"wp:term":[{"taxonomy":"category","embeddable":true,"href":"https:\/\/www.igssgt.org\/noticias\/wp-json\/wp\/v2\/categories?post=53169"},{"taxonomy":"post_tag","embeddable":true,"href":"https:\/\/www.igssgt.org\/noticias\/wp-json\/wp\/v2\/tags?post=53169"},{"taxonomy":"author","embeddable":true,"href":"https:\/\/www.igssgt.org\/noticias\/wp-json\/wp\/v2\/coauthors?post=53169"}],"curies":[{"name":"wp","href":"https:\/\/api.w.org\/{rel}","templated":true}]}}