{"id":53183,"date":"2026-01-27T15:39:14","date_gmt":"2026-01-27T21:39:14","guid":{"rendered":"https:\/\/www.igssgt.org\/noticias\/?p=53183"},"modified":"2026-02-02T09:54:31","modified_gmt":"2026-02-02T15:54:31","slug":"el-hospital-general-de-enfermedades-moderniza-su-emergencia","status":"publish","type":"post","link":"https:\/\/www.igssgt.org\/noticias\/2026\/01\/27\/el-hospital-general-de-enfermedades-moderniza-su-emergencia\/","title":{"rendered":"El Hospital General de Enfermedades moderniza su Emergencia"},"content":{"rendered":"\n<p class=\"has-drop-cap\">La Emergencia del Hospital General de Enfermedades se ha modernizado y ha aumentado su capacidad en las \u00e1reas de Hipodermia, Nebulizaci\u00f3n y Observaci\u00f3n, con el objetivo de brindar una atenci\u00f3n m\u00e1s \u00e1gil y eficiente a los m\u00e1s de 500 pacientes que diariamente se atienden en este servicio.<\/p>\n\n\n\n<p>El proyecto consta de la ampliaci\u00f3n de las \u00e1reas de Hipodermia y de Nebulizaciones para atender m\u00e1s de 30 pacientes de forma simult\u00e1nea. Asimismo, se habilit\u00f3 una nueva \u00e1rea de Observaci\u00f3n, donde se colocaron 11 camas adicionales a las ocho con las que ya se contaba.<\/p>\n<figure id=\"attachment_53185\" aria-describedby=\"caption-attachment-53185\" style=\"width: 725px\" class=\"wp-caption alignnone\"><img loading=\"lazy\" decoding=\"async\" class=\"wp-image-53185\" src=\"\/wp-content\/uploads\/sites\/5\/2026\/01\/IGSS-Hospital-General-de-Accidentes-Modernizacion-de-Emergencia-20261-300x200.jpg\" alt=\"\" width=\"725\" height=\"483\" srcset=\"\/wp-content\/uploads\/sites\/5\/2026\/01\/IGSS-Hospital-General-de-Accidentes-Modernizacion-de-Emergencia-20261-300x200.jpg 300w, \/wp-content\/uploads\/sites\/5\/2026\/01\/IGSS-Hospital-General-de-Accidentes-Modernizacion-de-Emergencia-20261-1024x682.jpg 1024w, \/wp-content\/uploads\/sites\/5\/2026\/01\/IGSS-Hospital-General-de-Accidentes-Modernizacion-de-Emergencia-20261-768x512.jpg 768w, \/wp-content\/uploads\/sites\/5\/2026\/01\/IGSS-Hospital-General-de-Accidentes-Modernizacion-de-Emergencia-20261-1536x1023.jpg 1536w, \/wp-content\/uploads\/sites\/5\/2026\/01\/IGSS-Hospital-General-de-Accidentes-Modernizacion-de-Emergencia-20261-630x420.jpg 630w, \/wp-content\/uploads\/sites\/5\/2026\/01\/IGSS-Hospital-General-de-Accidentes-Modernizacion-de-Emergencia-20261-696x464.jpg 696w, \/wp-content\/uploads\/sites\/5\/2026\/01\/IGSS-Hospital-General-de-Accidentes-Modernizacion-de-Emergencia-20261-1068x712.jpg 1068w, \/wp-content\/uploads\/sites\/5\/2026\/01\/IGSS-Hospital-General-de-Accidentes-Modernizacion-de-Emergencia-20261-534x356.jpg 534w, \/wp-content\/uploads\/sites\/5\/2026\/01\/IGSS-Hospital-General-de-Accidentes-Modernizacion-de-Emergencia-20261.jpg 1600w\" sizes=\"auto, (max-width: 725px) 100vw, 725px\" \/><figcaption id=\"caption-attachment-53185\" class=\"wp-caption-text\">Las mejoras responden al aumento de afiliados que se atienden en esa unidad.<\/figcaption><\/figure>\n<p>El aumento de la capacidad de dichas \u00e1reas permitir\u00e1 brindar un servicio m\u00e1s digno a los asegurados y que, de necesitar el monitoreo del \u00e1rea Observaci\u00f3n, obtengan una atenci\u00f3n inmediata y un tratamiento temprano.<\/p>\n<p>\u201cEsto ha impactado de forma directa en la velocidad de la atenci\u00f3n y tambi\u00e9n en la comodidad de los pacientes que atendemos\u201d, indic\u00f3 el Dr. Pablo Alejandro Tijerino, jefe de Emergencia.<\/p>\n<p>El afiliado Allan Mu\u00f1oz es testigo de estas mejoras: durante los cinco a\u00f1os que ha sido usuario de los servicios del Instituto Guatemalteco de Seguridad Social (IGSS) ha percibido la modernizaci\u00f3n del servicio e infraestructura de esa unidad m\u00e9dica. \u201cSe nos ha facilitado la atenci\u00f3n y ahora todo es m\u00e1s r\u00e1pido\u201d, indic\u00f3.<\/p>\n<figure id=\"attachment_53186\" aria-describedby=\"caption-attachment-53186\" style=\"width: 731px\" class=\"wp-caption alignnone\"><img loading=\"lazy\" decoding=\"async\" class=\"wp-image-53186\" src=\"\/wp-content\/uploads\/sites\/5\/2026\/01\/IGSS-Hospital-General-de-Accidentes-Modernizacion-de-Emergencia-20262-300x200.jpg\" alt=\"\" width=\"731\" height=\"487\" srcset=\"\/wp-content\/uploads\/sites\/5\/2026\/01\/IGSS-Hospital-General-de-Accidentes-Modernizacion-de-Emergencia-20262-300x200.jpg 300w, \/wp-content\/uploads\/sites\/5\/2026\/01\/IGSS-Hospital-General-de-Accidentes-Modernizacion-de-Emergencia-20262-1024x682.jpg 1024w, \/wp-content\/uploads\/sites\/5\/2026\/01\/IGSS-Hospital-General-de-Accidentes-Modernizacion-de-Emergencia-20262-768x512.jpg 768w, \/wp-content\/uploads\/sites\/5\/2026\/01\/IGSS-Hospital-General-de-Accidentes-Modernizacion-de-Emergencia-20262-1536x1023.jpg 1536w, \/wp-content\/uploads\/sites\/5\/2026\/01\/IGSS-Hospital-General-de-Accidentes-Modernizacion-de-Emergencia-20262-630x420.jpg 630w, \/wp-content\/uploads\/sites\/5\/2026\/01\/IGSS-Hospital-General-de-Accidentes-Modernizacion-de-Emergencia-20262-696x464.jpg 696w, \/wp-content\/uploads\/sites\/5\/2026\/01\/IGSS-Hospital-General-de-Accidentes-Modernizacion-de-Emergencia-20262-1068x712.jpg 1068w, \/wp-content\/uploads\/sites\/5\/2026\/01\/IGSS-Hospital-General-de-Accidentes-Modernizacion-de-Emergencia-20262-534x356.jpg 534w, \/wp-content\/uploads\/sites\/5\/2026\/01\/IGSS-Hospital-General-de-Accidentes-Modernizacion-de-Emergencia-20262.jpg 1600w\" sizes=\"auto, (max-width: 731px) 100vw, 731px\" \/><figcaption id=\"caption-attachment-53186\" class=\"wp-caption-text\">Con estas mejoras se brinda un servicio m\u00e1s \u00e1gil, oportuno y eficiente a la poblaci\u00f3n afiliada y derechohabiente.<\/figcaption><\/figure>\n<p>El proyecto inici\u00f3 el a\u00f1o pasado y se concret\u00f3 en aproximadamente cuatro meses, por lo que ya est\u00e1 a disposici\u00f3n de los afiliados y derechohabientes.<\/p>\n<p>\u201cGracias al apoyo del Departamento de Medicina Interna y de Direcci\u00f3n M\u00e9dica estamos reformando y modernizando la Emergencia para beneficio de los pacientes de este hospital\u201d, finaliz\u00f3 el Dr. Tijerino.<\/p>\n\r\n                <style type=\"text\/css\">\r\n                    \r\n                    #tdi_1  .td-doubleSlider-2 .td-item1 {\r\n                        background: url(\/wp-content\/uploads\/sites\/5\/2026\/01\/IGSS-Hospital-General-de-Accidentes-Modernizacion-de-Emergencia-20263-80x60.jpg) 0 0 no-repeat;\r\n                    }\r\n                    #tdi_1  .td-doubleSlider-2 .td-item2 {\r\n                        background: url(\/wp-content\/uploads\/sites\/5\/2026\/01\/IGSS-Hospital-General-de-Accidentes-Modernizacion-de-Emergencia-20264-80x60.jpg) 0 0 no-repeat;\r\n                    }\r\n                    #tdi_1  .td-doubleSlider-2 .td-item3 {\r\n                        background: url(\/wp-content\/uploads\/sites\/5\/2026\/01\/IGSS-Hospital-General-de-Accidentes-Modernizacion-de-Emergencia-20265-80x60.jpg) 0 0 no-repeat;\r\n                    }\r\n                <\/style>\r\n\r\n                <div id=\"tdi_1\" class=\"td-gallery td-slide-on-2-columns\">\r\n                    <div class=\"post_td_gallery\">\r\n                        <div class=\"td-gallery-slide-top\">\r\n                           <div class=\"td-gallery-title\">M\u00e1s fotos:<\/div>\r\n\r\n                            <div class=\"td-gallery-controls-wrapper\">\r\n                                <div class=\"td-gallery-slide-count\"><span class=\"td-gallery-slide-item-focus\">1<\/span> de 3<\/div>\r\n                                <div class=\"td-gallery-slide-prev-next-but\">\r\n                                    <i class = \"td-icon-left doubleSliderPrevButton\"><\/i>\r\n                                    <i class = \"td-icon-right doubleSliderNextButton\"><\/i>\r\n                                <\/div>\r\n                            <\/div>\r\n                        <\/div>\r\n\r\n                        <div class = \"td-doubleSlider-1 \">\r\n                            <div class = \"td-slider\">\r\n                                \r\n                    <div class = \"td-slide-item td-item1\">\r\n                        <figure class=\"td-slide-galery-figure td-slide-popup-gallery\">\r\n                            <a class=\"slide-gallery-image-link\" href=\"\/wp-content\/uploads\/sites\/5\/2026\/01\/IGSS-Hospital-General-de-Accidentes-Modernizacion-de-Emergencia-20263.jpg\" title=\"IGSS Hospital General de Accidentes Modernizacio\u0301n de Emergencia 20263\"  data-caption=\"\"  data-description=\"\">\r\n                                <img decoding=\"async\" src=\"\/wp-content\/uploads\/sites\/5\/2026\/01\/IGSS-Hospital-General-de-Accidentes-Modernizacion-de-Emergencia-20263-630x420.jpg\" srcset=\"\/wp-content\/uploads\/sites\/5\/2026\/01\/IGSS-Hospital-General-de-Accidentes-Modernizacion-de-Emergencia-20263-630x420.jpg 630w, \/wp-content\/uploads\/sites\/5\/2026\/01\/IGSS-Hospital-General-de-Accidentes-Modernizacion-de-Emergencia-20263-300x200.jpg 300w, \/wp-content\/uploads\/sites\/5\/2026\/01\/IGSS-Hospital-General-de-Accidentes-Modernizacion-de-Emergencia-20263-1024x682.jpg 1024w, \/wp-content\/uploads\/sites\/5\/2026\/01\/IGSS-Hospital-General-de-Accidentes-Modernizacion-de-Emergencia-20263-768x512.jpg 768w, \/wp-content\/uploads\/sites\/5\/2026\/01\/IGSS-Hospital-General-de-Accidentes-Modernizacion-de-Emergencia-20263-1536x1023.jpg 1536w, \/wp-content\/uploads\/sites\/5\/2026\/01\/IGSS-Hospital-General-de-Accidentes-Modernizacion-de-Emergencia-20263-696x464.jpg 696w, \/wp-content\/uploads\/sites\/5\/2026\/01\/IGSS-Hospital-General-de-Accidentes-Modernizacion-de-Emergencia-20263-1068x712.jpg 1068w, \/wp-content\/uploads\/sites\/5\/2026\/01\/IGSS-Hospital-General-de-Accidentes-Modernizacion-de-Emergencia-20263-534x356.jpg 534w, \/wp-content\/uploads\/sites\/5\/2026\/01\/IGSS-Hospital-General-de-Accidentes-Modernizacion-de-Emergencia-20263.jpg 1600w\" sizes=\"(max-width: 630px) 100vw, 630px\" alt=\"\">\r\n                            <\/a>\r\n                            \r\n                        <\/figure>\r\n                    <\/div>\r\n                    <div class = \"td-slide-item td-item2\">\r\n                        <figure class=\"td-slide-galery-figure td-slide-popup-gallery\">\r\n                            <a class=\"slide-gallery-image-link\" href=\"\/wp-content\/uploads\/sites\/5\/2026\/01\/IGSS-Hospital-General-de-Accidentes-Modernizacion-de-Emergencia-20264.jpg\" title=\"IGSS Hospital General de Accidentes Modernizacio\u0301n de Emergencia 20264\"  data-caption=\"\"  data-description=\"\">\r\n                                <img decoding=\"async\" src=\"\/wp-content\/uploads\/sites\/5\/2026\/01\/IGSS-Hospital-General-de-Accidentes-Modernizacion-de-Emergencia-20264-630x420.jpg\" srcset=\"\/wp-content\/uploads\/sites\/5\/2026\/01\/IGSS-Hospital-General-de-Accidentes-Modernizacion-de-Emergencia-20264-630x420.jpg 630w, \/wp-content\/uploads\/sites\/5\/2026\/01\/IGSS-Hospital-General-de-Accidentes-Modernizacion-de-Emergencia-20264-300x200.jpg 300w, \/wp-content\/uploads\/sites\/5\/2026\/01\/IGSS-Hospital-General-de-Accidentes-Modernizacion-de-Emergencia-20264-1024x682.jpg 1024w, \/wp-content\/uploads\/sites\/5\/2026\/01\/IGSS-Hospital-General-de-Accidentes-Modernizacion-de-Emergencia-20264-768x512.jpg 768w, \/wp-content\/uploads\/sites\/5\/2026\/01\/IGSS-Hospital-General-de-Accidentes-Modernizacion-de-Emergencia-20264-1536x1023.jpg 1536w, \/wp-content\/uploads\/sites\/5\/2026\/01\/IGSS-Hospital-General-de-Accidentes-Modernizacion-de-Emergencia-20264-696x464.jpg 696w, \/wp-content\/uploads\/sites\/5\/2026\/01\/IGSS-Hospital-General-de-Accidentes-Modernizacion-de-Emergencia-20264-1068x712.jpg 1068w, \/wp-content\/uploads\/sites\/5\/2026\/01\/IGSS-Hospital-General-de-Accidentes-Modernizacion-de-Emergencia-20264-534x356.jpg 534w, \/wp-content\/uploads\/sites\/5\/2026\/01\/IGSS-Hospital-General-de-Accidentes-Modernizacion-de-Emergencia-20264.jpg 1600w\" sizes=\"(max-width: 630px) 100vw, 630px\" alt=\"\">\r\n                            <\/a>\r\n                            \r\n                        <\/figure>\r\n                    <\/div>\r\n                    <div class = \"td-slide-item td-item3\">\r\n                        <figure class=\"td-slide-galery-figure td-slide-popup-gallery\">\r\n                            <a class=\"slide-gallery-image-link\" href=\"\/wp-content\/uploads\/sites\/5\/2026\/01\/IGSS-Hospital-General-de-Accidentes-Modernizacion-de-Emergencia-20265.jpg\" title=\"IGSS Hospital General de Accidentes Modernizacio\u0301n de Emergencia 20265\"  data-caption=\"\"  data-description=\"\">\r\n                                <img decoding=\"async\" src=\"\/wp-content\/uploads\/sites\/5\/2026\/01\/IGSS-Hospital-General-de-Accidentes-Modernizacion-de-Emergencia-20265-280x420.jpg\" srcset=\"\/wp-content\/uploads\/sites\/5\/2026\/01\/IGSS-Hospital-General-de-Accidentes-Modernizacion-de-Emergencia-20265-280x420.jpg 280w, \/wp-content\/uploads\/sites\/5\/2026\/01\/IGSS-Hospital-General-de-Accidentes-Modernizacion-de-Emergencia-20265-200x300.jpg 200w, \/wp-content\/uploads\/sites\/5\/2026\/01\/IGSS-Hospital-General-de-Accidentes-Modernizacion-de-Emergencia-20265-682x1024.jpg 682w, \/wp-content\/uploads\/sites\/5\/2026\/01\/IGSS-Hospital-General-de-Accidentes-Modernizacion-de-Emergencia-20265-768x1153.jpg 768w, \/wp-content\/uploads\/sites\/5\/2026\/01\/IGSS-Hospital-General-de-Accidentes-Modernizacion-de-Emergencia-20265-1023x1536.jpg 1023w, \/wp-content\/uploads\/sites\/5\/2026\/01\/IGSS-Hospital-General-de-Accidentes-Modernizacion-de-Emergencia-20265-696x1045.jpg 696w, \/wp-content\/uploads\/sites\/5\/2026\/01\/IGSS-Hospital-General-de-Accidentes-Modernizacion-de-Emergencia-20265-308x462.jpg 308w, \/wp-content\/uploads\/sites\/5\/2026\/01\/IGSS-Hospital-General-de-Accidentes-Modernizacion-de-Emergencia-20265.jpg 1066w\" sizes=\"(max-width: 280px) 100vw, 280px\" alt=\"\">\r\n                            <\/a>\r\n                            \r\n                        <\/figure>\r\n                    <\/div>\r\n                            <\/div>\r\n                        <\/div>\r\n\r\n                        <div class = \"td-doubleSlider-2\">\r\n                            <div class = \"td-slider\">\r\n                                \r\n                    <div class = \"td-button td-item1\">\r\n                        <div class = \"td-border\"><\/div>\r\n                    <\/div>\r\n                    <div class = \"td-button td-item2\">\r\n                        <div class = \"td-border\"><\/div>\r\n                    <\/div>\r\n                    <div class = \"td-button td-item3\">\r\n                        <div class = \"td-border\"><\/div>\r\n                    <\/div>\r\n                            <\/div>\r\n                        <\/div>\r\n\r\n                    <\/div>\r\n\r\n                <\/div>\r\n                \n","protected":false},"excerpt":{"rendered":"<p>La Emergencia del Hospital General de Enfermedades se ha modernizado y ha aumentado su capacidad en las \u00e1reas de Hipodermia, Nebulizaci\u00f3n y Observaci\u00f3n, con el objetivo de brindar una atenci\u00f3n m\u00e1s \u00e1gil y eficiente a los m\u00e1s de 500 pacientes que diariamente se atienden en este servicio. El proyecto consta de la ampliaci\u00f3n de las [&hellip;]<\/p>\n","protected":false},"author":3269,"featured_media":53184,"comment_status":"closed","ping_status":"closed","sticky":false,"template":"","format":"standard","meta":{"footnotes":""},"categories":[3,18],"tags":[2619,481,490,654],"coauthors":[],"class_list":{"0":"post-53183","1":"post","2":"type-post","3":"status-publish","4":"format-standard","5":"has-post-thumbnail","7":"category-actualidad","8":"category-equipamiento-e-infraestructura","9":"tag-hipodermia","10":"tag-hospital-general-de-enfermedades","11":"tag-igss","12":"tag-nebulizacion"},"_links":{"self":[{"href":"https:\/\/www.igssgt.org\/noticias\/wp-json\/wp\/v2\/posts\/53183","targetHints":{"allow":["GET"]}}],"collection":[{"href":"https:\/\/www.igssgt.org\/noticias\/wp-json\/wp\/v2\/posts"}],"about":[{"href":"https:\/\/www.igssgt.org\/noticias\/wp-json\/wp\/v2\/types\/post"}],"author":[{"embeddable":true,"href":"https:\/\/www.igssgt.org\/noticias\/wp-json\/wp\/v2\/users\/3269"}],"replies":[{"embeddable":true,"href":"https:\/\/www.igssgt.org\/noticias\/wp-json\/wp\/v2\/comments?post=53183"}],"version-history":[{"count":1,"href":"https:\/\/www.igssgt.org\/noticias\/wp-json\/wp\/v2\/posts\/53183\/revisions"}],"predecessor-version":[{"id":53190,"href":"https:\/\/www.igssgt.org\/noticias\/wp-json\/wp\/v2\/posts\/53183\/revisions\/53190"}],"wp:featuredmedia":[{"embeddable":true,"href":"https:\/\/www.igssgt.org\/noticias\/wp-json\/wp\/v2\/media\/53184"}],"wp:attachment":[{"href":"https:\/\/www.igssgt.org\/noticias\/wp-json\/wp\/v2\/media?parent=53183"}],"wp:term":[{"taxonomy":"category","embeddable":true,"href":"https:\/\/www.igssgt.org\/noticias\/wp-json\/wp\/v2\/categories?post=53183"},{"taxonomy":"post_tag","embeddable":true,"href":"https:\/\/www.igssgt.org\/noticias\/wp-json\/wp\/v2\/tags?post=53183"},{"taxonomy":"author","embeddable":true,"href":"https:\/\/www.igssgt.org\/noticias\/wp-json\/wp\/v2\/coauthors?post=53183"}],"curies":[{"name":"wp","href":"https:\/\/api.w.org\/{rel}","templated":true}]}}