{"id":53219,"date":"2026-01-29T10:53:08","date_gmt":"2026-01-29T16:53:08","guid":{"rendered":"https:\/\/www.igssgt.org\/noticias\/?p=53219"},"modified":"2026-01-29T15:25:13","modified_gmt":"2026-01-29T21:25:13","slug":"igss-acerca-los-servicios-de-salud-a-ji-cohen","status":"publish","type":"post","link":"https:\/\/www.igssgt.org\/noticias\/2026\/01\/29\/igss-acerca-los-servicios-de-salud-a-ji-cohen\/","title":{"rendered":"IGSS acerca servicios a J. I. Cohen"},"content":{"rendered":"\n<p class=\"has-drop-cap\">Con la firme convicci\u00f3n de que es \u201cmejor prevenir que lamentar\u201d, 250 colaboradores de Corporaci\u00f3n&nbsp; J. I. Cohen acudieron al llamado de la Jornada de la Seguridad Social que se llev\u00f3 a cabo en las instalaciones de esa empresa.<\/p>\n\n\n<p>Este es un esfuerzo entre el IGSS y las cl\u00ednicas empresariales, con lo cual se busca acercar los servicios m\u00e9dicos a los afiliados, ya que se pone a disposici\u00f3n nueve pruebas de detecci\u00f3n temprana de enfermedades. Entre ellas: hemoglobina completa, \u00e1cido \u00farico, pruebas de funci\u00f3n renal, perfil lip\u00eddico y glucosa en ayunas. Adicionalmente, se cuenta con un laboratorio m\u00f3vil que tiene la capacidad de procesar las muestras y emitir resultados en pocas horas.<\/p>\n<figure id=\"attachment_53221\" aria-describedby=\"caption-attachment-53221\" style=\"width: 1280px\" class=\"wp-caption aligncenter\"><a href=\"\/wp-content\/uploads\/sites\/5\/2026\/01\/Jornada-de-Salud-JI-Cohen-202624.jpg\"><img loading=\"lazy\" decoding=\"async\" class=\"wp-image-53221 size-full\" src=\"\/wp-content\/uploads\/sites\/5\/2026\/01\/Jornada-de-Salud-JI-Cohen-202624.jpg\" alt=\"\" width=\"1280\" height=\"960\" srcset=\"\/wp-content\/uploads\/sites\/5\/2026\/01\/Jornada-de-Salud-JI-Cohen-202624.jpg 1280w, \/wp-content\/uploads\/sites\/5\/2026\/01\/Jornada-de-Salud-JI-Cohen-202624-300x225.jpg 300w, \/wp-content\/uploads\/sites\/5\/2026\/01\/Jornada-de-Salud-JI-Cohen-202624-1024x768.jpg 1024w, \/wp-content\/uploads\/sites\/5\/2026\/01\/Jornada-de-Salud-JI-Cohen-202624-768x576.jpg 768w, \/wp-content\/uploads\/sites\/5\/2026\/01\/Jornada-de-Salud-JI-Cohen-202624-560x420.jpg 560w, \/wp-content\/uploads\/sites\/5\/2026\/01\/Jornada-de-Salud-JI-Cohen-202624-80x60.jpg 80w, \/wp-content\/uploads\/sites\/5\/2026\/01\/Jornada-de-Salud-JI-Cohen-202624-696x522.jpg 696w, \/wp-content\/uploads\/sites\/5\/2026\/01\/Jornada-de-Salud-JI-Cohen-202624-1068x801.jpg 1068w, \/wp-content\/uploads\/sites\/5\/2026\/01\/Jornada-de-Salud-JI-Cohen-202624-265x198.jpg 265w, \/wp-content\/uploads\/sites\/5\/2026\/01\/Jornada-de-Salud-JI-Cohen-202624-534x401.jpg 534w\" sizes=\"auto, (max-width: 1280px) 100vw, 1280px\" \/><\/a><figcaption id=\"caption-attachment-53221\" class=\"wp-caption-text\">Cada colaborador invierte unos 15 minutos en realizarse las pruebas.<\/figcaption><\/figure>\n<p>Las enfermedades que se revelan en dichos ex\u00e1menes pueden tener un impacto negativo en la calidad de vida de los afiliados, y por consiguiente, en su productividad laboral. Es por ello que el Seguro Social fomenta la cultura de la prevenci\u00f3n, lo cual tambi\u00e9n posibilita un tratamiento oportuno.<\/p>\n<p>Los colaboradores asistentes manifestaron su complacencia por este tipo de acciones que facilitan el cuidado de su salud, ya que, en promedio la toma de muestras dura entre 10 y 15 minutos por paciente. \u201cEste es un gran beneficio para nosotros, pues tanto j\u00f3venes como adultos deben cuidar de su salud\u201d, indic\u00f3 Merybeth Monroy, dise\u00f1adora de la empresa.<\/p>\n<figure id=\"attachment_53222\" aria-describedby=\"caption-attachment-53222\" style=\"width: 1599px\" class=\"wp-caption aligncenter\"><a href=\"\/wp-content\/uploads\/sites\/5\/2026\/01\/Jornada-de-Salud-JI-Cohen-202611.jpg\"><img loading=\"lazy\" decoding=\"async\" class=\"wp-image-53222 size-full\" src=\"\/wp-content\/uploads\/sites\/5\/2026\/01\/Jornada-de-Salud-JI-Cohen-202611.jpg\" alt=\"\" width=\"1599\" height=\"1066\" srcset=\"\/wp-content\/uploads\/sites\/5\/2026\/01\/Jornada-de-Salud-JI-Cohen-202611.jpg 1599w, \/wp-content\/uploads\/sites\/5\/2026\/01\/Jornada-de-Salud-JI-Cohen-202611-300x200.jpg 300w, \/wp-content\/uploads\/sites\/5\/2026\/01\/Jornada-de-Salud-JI-Cohen-202611-1024x683.jpg 1024w, \/wp-content\/uploads\/sites\/5\/2026\/01\/Jornada-de-Salud-JI-Cohen-202611-768x512.jpg 768w, \/wp-content\/uploads\/sites\/5\/2026\/01\/Jornada-de-Salud-JI-Cohen-202611-1536x1024.jpg 1536w, \/wp-content\/uploads\/sites\/5\/2026\/01\/Jornada-de-Salud-JI-Cohen-202611-630x420.jpg 630w, \/wp-content\/uploads\/sites\/5\/2026\/01\/Jornada-de-Salud-JI-Cohen-202611-696x464.jpg 696w, \/wp-content\/uploads\/sites\/5\/2026\/01\/Jornada-de-Salud-JI-Cohen-202611-1068x712.jpg 1068w, \/wp-content\/uploads\/sites\/5\/2026\/01\/Jornada-de-Salud-JI-Cohen-202611-534x356.jpg 534w\" sizes=\"auto, (max-width: 1599px) 100vw, 1599px\" \/><\/a><figcaption id=\"caption-attachment-53222\" class=\"wp-caption-text\">En total se practicaron nueve ex\u00e1menes de prevenci\u00f3n, entre ellos hematolog\u00eda y glucosa.<\/figcaption><\/figure>\n<p>Los patronos que cuentan con una cl\u00ednica empresarial pueden aprovechar este beneficio y de esta manera brindar a sus colaboradores la oportunidad de estar al tanto de su salud, sin descuidar sus atribuciones diarias.\u00a0 La doctora Luisa Rodas, M\u00e9dico Ocupacional de la Corporaci\u00f3n manifiesta que estas acciones favorecen tanto a los colaboradores como a las empresas.<\/p>\n<p>Es de esta manera como el Instituto cumple con su lema \u201cUn IGSS m\u00e1s cerca de t\u00ed\u201d, expres\u00f3 el ingeniero Berkin Santos, del Departamento de Medicina Preventiva.<\/p>\n\r\n                <style type=\"text\/css\">\r\n                    \r\n                    #tdi_1  .td-doubleSlider-2 .td-item1 {\r\n                        background: url(\/wp-content\/uploads\/sites\/5\/2026\/01\/Jornada-de-Salud-JI-Cohen-202615-80x60.jpg) 0 0 no-repeat;\r\n                    }\r\n                    #tdi_1  .td-doubleSlider-2 .td-item2 {\r\n                        background: url(\/wp-content\/uploads\/sites\/5\/2026\/01\/Jornada-de-Salud-JI-Cohen-202612-80x60.jpg) 0 0 no-repeat;\r\n                    }\r\n                    #tdi_1  .td-doubleSlider-2 .td-item3 {\r\n                        background: url(\/wp-content\/uploads\/sites\/5\/2026\/01\/Jornada-de-Salud-JI-Cohen-202610-80x60.jpg) 0 0 no-repeat;\r\n                    }\r\n                    #tdi_1  .td-doubleSlider-2 .td-item4 {\r\n                        background: url(\/wp-content\/uploads\/sites\/5\/2026\/01\/Jornada-de-Salud-JI-Cohen-202614-80x60.jpg) 0 0 no-repeat;\r\n                    }\r\n                    #tdi_1  .td-doubleSlider-2 .td-item5 {\r\n                        background: url(\/wp-content\/uploads\/sites\/5\/2026\/01\/Jornada-de-Salud-JI-Cohen-202621-80x60.jpg) 0 0 no-repeat;\r\n                    }\r\n                    #tdi_1  .td-doubleSlider-2 .td-item6 {\r\n                        background: url(\/wp-content\/uploads\/sites\/5\/2026\/01\/Jornada-de-Salud-JI-Cohen-202619-80x60.jpg) 0 0 no-repeat;\r\n                    }\r\n                <\/style>\r\n\r\n                <div id=\"tdi_1\" class=\"td-gallery td-slide-on-2-columns\">\r\n                    <div class=\"post_td_gallery\">\r\n                        <div class=\"td-gallery-slide-top\">\r\n                           <div class=\"td-gallery-title\">Galer\u00eda de Im\u00e1genes<\/div>\r\n\r\n                            <div class=\"td-gallery-controls-wrapper\">\r\n                                <div class=\"td-gallery-slide-count\"><span class=\"td-gallery-slide-item-focus\">1<\/span> de 6<\/div>\r\n                                <div class=\"td-gallery-slide-prev-next-but\">\r\n                                    <i class = \"td-icon-left doubleSliderPrevButton\"><\/i>\r\n                                    <i class = \"td-icon-right doubleSliderNextButton\"><\/i>\r\n                                <\/div>\r\n                            <\/div>\r\n                        <\/div>\r\n\r\n                        <div class = \"td-doubleSlider-1 \">\r\n                            <div class = \"td-slider\">\r\n                                \r\n                    <div class = \"td-slide-item td-item1\">\r\n                        <figure class=\"td-slide-galery-figure td-slide-popup-gallery\">\r\n                            <a class=\"slide-gallery-image-link\" href=\"\/wp-content\/uploads\/sites\/5\/2026\/01\/Jornada-de-Salud-JI-Cohen-202615.jpg\" title=\"Jornada de Salud JI Cohen 202615\"  data-caption=\"\"  data-description=\"\">\r\n                                <img decoding=\"async\" src=\"\/wp-content\/uploads\/sites\/5\/2026\/01\/Jornada-de-Salud-JI-Cohen-202615-630x420.jpg\" srcset=\"\/wp-content\/uploads\/sites\/5\/2026\/01\/Jornada-de-Salud-JI-Cohen-202615-630x420.jpg 630w, \/wp-content\/uploads\/sites\/5\/2026\/01\/Jornada-de-Salud-JI-Cohen-202615-300x200.jpg 300w, \/wp-content\/uploads\/sites\/5\/2026\/01\/Jornada-de-Salud-JI-Cohen-202615-1024x682.jpg 1024w, \/wp-content\/uploads\/sites\/5\/2026\/01\/Jornada-de-Salud-JI-Cohen-202615-768x512.jpg 768w, \/wp-content\/uploads\/sites\/5\/2026\/01\/Jornada-de-Salud-JI-Cohen-202615-1536x1023.jpg 1536w, \/wp-content\/uploads\/sites\/5\/2026\/01\/Jornada-de-Salud-JI-Cohen-202615-696x464.jpg 696w, \/wp-content\/uploads\/sites\/5\/2026\/01\/Jornada-de-Salud-JI-Cohen-202615-1068x712.jpg 1068w, \/wp-content\/uploads\/sites\/5\/2026\/01\/Jornada-de-Salud-JI-Cohen-202615-534x356.jpg 534w, \/wp-content\/uploads\/sites\/5\/2026\/01\/Jornada-de-Salud-JI-Cohen-202615.jpg 1600w\" sizes=\"(max-width: 630px) 100vw, 630px\" alt=\"\">\r\n                            <\/a>\r\n                            \r\n                        <\/figure>\r\n                    <\/div>\r\n                    <div class = \"td-slide-item td-item2\">\r\n                        <figure class=\"td-slide-galery-figure td-slide-popup-gallery\">\r\n                            <a class=\"slide-gallery-image-link\" href=\"\/wp-content\/uploads\/sites\/5\/2026\/01\/Jornada-de-Salud-JI-Cohen-202612.jpg\" title=\"Jornada de Salud JI Cohen 202612\"  data-caption=\"\"  data-description=\"\">\r\n                                <img decoding=\"async\" src=\"\/wp-content\/uploads\/sites\/5\/2026\/01\/Jornada-de-Salud-JI-Cohen-202612-630x420.jpg\" srcset=\"\/wp-content\/uploads\/sites\/5\/2026\/01\/Jornada-de-Salud-JI-Cohen-202612-630x420.jpg 630w, \/wp-content\/uploads\/sites\/5\/2026\/01\/Jornada-de-Salud-JI-Cohen-202612-300x200.jpg 300w, \/wp-content\/uploads\/sites\/5\/2026\/01\/Jornada-de-Salud-JI-Cohen-202612-1024x682.jpg 1024w, \/wp-content\/uploads\/sites\/5\/2026\/01\/Jornada-de-Salud-JI-Cohen-202612-768x512.jpg 768w, \/wp-content\/uploads\/sites\/5\/2026\/01\/Jornada-de-Salud-JI-Cohen-202612-1536x1023.jpg 1536w, \/wp-content\/uploads\/sites\/5\/2026\/01\/Jornada-de-Salud-JI-Cohen-202612-696x464.jpg 696w, \/wp-content\/uploads\/sites\/5\/2026\/01\/Jornada-de-Salud-JI-Cohen-202612-1068x712.jpg 1068w, \/wp-content\/uploads\/sites\/5\/2026\/01\/Jornada-de-Salud-JI-Cohen-202612-534x356.jpg 534w, \/wp-content\/uploads\/sites\/5\/2026\/01\/Jornada-de-Salud-JI-Cohen-202612.jpg 1600w\" sizes=\"(max-width: 630px) 100vw, 630px\" alt=\"\">\r\n                            <\/a>\r\n                            \r\n                        <\/figure>\r\n                    <\/div>\r\n                    <div class = \"td-slide-item td-item3\">\r\n                        <figure class=\"td-slide-galery-figure td-slide-popup-gallery\">\r\n                            <a class=\"slide-gallery-image-link\" href=\"\/wp-content\/uploads\/sites\/5\/2026\/01\/Jornada-de-Salud-JI-Cohen-202610.jpg\" title=\"Jornada de Salud JI Cohen 202610\"  data-caption=\"\"  data-description=\"\">\r\n                                <img decoding=\"async\" src=\"\/wp-content\/uploads\/sites\/5\/2026\/01\/Jornada-de-Salud-JI-Cohen-202610-560x420.jpg\" srcset=\"\/wp-content\/uploads\/sites\/5\/2026\/01\/Jornada-de-Salud-JI-Cohen-202610-560x420.jpg 560w, \/wp-content\/uploads\/sites\/5\/2026\/01\/Jornada-de-Salud-JI-Cohen-202610-300x225.jpg 300w, \/wp-content\/uploads\/sites\/5\/2026\/01\/Jornada-de-Salud-JI-Cohen-202610-1024x768.jpg 1024w, \/wp-content\/uploads\/sites\/5\/2026\/01\/Jornada-de-Salud-JI-Cohen-202610-768x576.jpg 768w, \/wp-content\/uploads\/sites\/5\/2026\/01\/Jornada-de-Salud-JI-Cohen-202610-80x60.jpg 80w, \/wp-content\/uploads\/sites\/5\/2026\/01\/Jornada-de-Salud-JI-Cohen-202610-696x522.jpg 696w, \/wp-content\/uploads\/sites\/5\/2026\/01\/Jornada-de-Salud-JI-Cohen-202610-1068x801.jpg 1068w, \/wp-content\/uploads\/sites\/5\/2026\/01\/Jornada-de-Salud-JI-Cohen-202610-265x198.jpg 265w, \/wp-content\/uploads\/sites\/5\/2026\/01\/Jornada-de-Salud-JI-Cohen-202610-534x401.jpg 534w, \/wp-content\/uploads\/sites\/5\/2026\/01\/Jornada-de-Salud-JI-Cohen-202610.jpg 1280w\" sizes=\"(max-width: 560px) 100vw, 560px\" alt=\"\">\r\n                            <\/a>\r\n                            \r\n                        <\/figure>\r\n                    <\/div>\r\n                    <div class = \"td-slide-item td-item4\">\r\n                        <figure class=\"td-slide-galery-figure td-slide-popup-gallery\">\r\n                            <a class=\"slide-gallery-image-link\" href=\"\/wp-content\/uploads\/sites\/5\/2026\/01\/Jornada-de-Salud-JI-Cohen-202614.jpg\" title=\"Jornada de Salud JI Cohen 202614\"  data-caption=\"\"  data-description=\"\">\r\n                                <img decoding=\"async\" src=\"\/wp-content\/uploads\/sites\/5\/2026\/01\/Jornada-de-Salud-JI-Cohen-202614-630x420.jpg\" srcset=\"\/wp-content\/uploads\/sites\/5\/2026\/01\/Jornada-de-Salud-JI-Cohen-202614-630x420.jpg 630w, \/wp-content\/uploads\/sites\/5\/2026\/01\/Jornada-de-Salud-JI-Cohen-202614-300x200.jpg 300w, \/wp-content\/uploads\/sites\/5\/2026\/01\/Jornada-de-Salud-JI-Cohen-202614-1024x682.jpg 1024w, \/wp-content\/uploads\/sites\/5\/2026\/01\/Jornada-de-Salud-JI-Cohen-202614-768x512.jpg 768w, \/wp-content\/uploads\/sites\/5\/2026\/01\/Jornada-de-Salud-JI-Cohen-202614-1536x1023.jpg 1536w, \/wp-content\/uploads\/sites\/5\/2026\/01\/Jornada-de-Salud-JI-Cohen-202614-696x464.jpg 696w, \/wp-content\/uploads\/sites\/5\/2026\/01\/Jornada-de-Salud-JI-Cohen-202614-1068x712.jpg 1068w, \/wp-content\/uploads\/sites\/5\/2026\/01\/Jornada-de-Salud-JI-Cohen-202614-534x356.jpg 534w, \/wp-content\/uploads\/sites\/5\/2026\/01\/Jornada-de-Salud-JI-Cohen-202614.jpg 1600w\" sizes=\"(max-width: 630px) 100vw, 630px\" alt=\"\">\r\n                            <\/a>\r\n                            \r\n                        <\/figure>\r\n                    <\/div>\r\n                    <div class = \"td-slide-item td-item5\">\r\n                        <figure class=\"td-slide-galery-figure td-slide-popup-gallery\">\r\n                            <a class=\"slide-gallery-image-link\" href=\"\/wp-content\/uploads\/sites\/5\/2026\/01\/Jornada-de-Salud-JI-Cohen-202621.jpg\" title=\"Jornada de Salud JI Cohen 202621\"  data-caption=\"\"  data-description=\"\">\r\n                                <img decoding=\"async\" src=\"\/wp-content\/uploads\/sites\/5\/2026\/01\/Jornada-de-Salud-JI-Cohen-202621-630x420.jpg\" srcset=\"\/wp-content\/uploads\/sites\/5\/2026\/01\/Jornada-de-Salud-JI-Cohen-202621-630x420.jpg 630w, \/wp-content\/uploads\/sites\/5\/2026\/01\/Jornada-de-Salud-JI-Cohen-202621-300x200.jpg 300w, \/wp-content\/uploads\/sites\/5\/2026\/01\/Jornada-de-Salud-JI-Cohen-202621-1024x682.jpg 1024w, \/wp-content\/uploads\/sites\/5\/2026\/01\/Jornada-de-Salud-JI-Cohen-202621-768x512.jpg 768w, \/wp-content\/uploads\/sites\/5\/2026\/01\/Jornada-de-Salud-JI-Cohen-202621-1536x1023.jpg 1536w, \/wp-content\/uploads\/sites\/5\/2026\/01\/Jornada-de-Salud-JI-Cohen-202621-696x464.jpg 696w, \/wp-content\/uploads\/sites\/5\/2026\/01\/Jornada-de-Salud-JI-Cohen-202621-1068x712.jpg 1068w, \/wp-content\/uploads\/sites\/5\/2026\/01\/Jornada-de-Salud-JI-Cohen-202621-534x356.jpg 534w, \/wp-content\/uploads\/sites\/5\/2026\/01\/Jornada-de-Salud-JI-Cohen-202621.jpg 1600w\" sizes=\"(max-width: 630px) 100vw, 630px\" alt=\"\">\r\n                            <\/a>\r\n                            \r\n                        <\/figure>\r\n                    <\/div>\r\n                    <div class = \"td-slide-item td-item6\">\r\n                        <figure class=\"td-slide-galery-figure td-slide-popup-gallery\">\r\n                            <a class=\"slide-gallery-image-link\" href=\"\/wp-content\/uploads\/sites\/5\/2026\/01\/Jornada-de-Salud-JI-Cohen-202619.jpg\" title=\"Jornada de Salud JI Cohen 202619\"  data-caption=\"\"  data-description=\"\">\r\n                                <img decoding=\"async\" src=\"\/wp-content\/uploads\/sites\/5\/2026\/01\/Jornada-de-Salud-JI-Cohen-202619-630x420.jpg\" srcset=\"\/wp-content\/uploads\/sites\/5\/2026\/01\/Jornada-de-Salud-JI-Cohen-202619-630x420.jpg 630w, \/wp-content\/uploads\/sites\/5\/2026\/01\/Jornada-de-Salud-JI-Cohen-202619-300x200.jpg 300w, \/wp-content\/uploads\/sites\/5\/2026\/01\/Jornada-de-Salud-JI-Cohen-202619-1024x682.jpg 1024w, \/wp-content\/uploads\/sites\/5\/2026\/01\/Jornada-de-Salud-JI-Cohen-202619-768x512.jpg 768w, \/wp-content\/uploads\/sites\/5\/2026\/01\/Jornada-de-Salud-JI-Cohen-202619-1536x1023.jpg 1536w, \/wp-content\/uploads\/sites\/5\/2026\/01\/Jornada-de-Salud-JI-Cohen-202619-696x464.jpg 696w, \/wp-content\/uploads\/sites\/5\/2026\/01\/Jornada-de-Salud-JI-Cohen-202619-1068x712.jpg 1068w, \/wp-content\/uploads\/sites\/5\/2026\/01\/Jornada-de-Salud-JI-Cohen-202619-534x356.jpg 534w, \/wp-content\/uploads\/sites\/5\/2026\/01\/Jornada-de-Salud-JI-Cohen-202619.jpg 1600w\" sizes=\"(max-width: 630px) 100vw, 630px\" alt=\"\">\r\n                            <\/a>\r\n                            \r\n                        <\/figure>\r\n                    <\/div>\r\n                            <\/div>\r\n                        <\/div>\r\n\r\n                        <div class = \"td-doubleSlider-2\">\r\n                            <div class = \"td-slider\">\r\n                                \r\n                    <div class = \"td-button td-item1\">\r\n                        <div class = \"td-border\"><\/div>\r\n                    <\/div>\r\n                    <div class = \"td-button td-item2\">\r\n                        <div class = \"td-border\"><\/div>\r\n                    <\/div>\r\n                    <div class = \"td-button td-item3\">\r\n                        <div class = \"td-border\"><\/div>\r\n                    <\/div>\r\n                    <div class = \"td-button td-item4\">\r\n                        <div class = \"td-border\"><\/div>\r\n                    <\/div>\r\n                    <div class = \"td-button td-item5\">\r\n                        <div class = \"td-border\"><\/div>\r\n                    <\/div>\r\n                    <div class = \"td-button td-item6\">\r\n                        <div class = \"td-border\"><\/div>\r\n                    <\/div>\r\n                            <\/div>\r\n                        <\/div>\r\n\r\n                    <\/div>\r\n\r\n                <\/div>\r\n                ","protected":false},"excerpt":{"rendered":"<p>Con la firme convicci\u00f3n de que es \u201cmejor prevenir que lamentar\u201d, 250 colaboradores de Corporaci\u00f3n&nbsp; J. I. Cohen acudieron al llamado de la Jornada de la Seguridad Social que se llev\u00f3 a cabo en las instalaciones de esa empresa. Este es un esfuerzo entre el IGSS y las cl\u00ednicas empresariales, con lo cual se busca [&hellip;]<\/p>\n","protected":false},"author":4,"featured_media":53220,"comment_status":"closed","ping_status":"closed","sticky":false,"template":"","format":"standard","meta":{"footnotes":""},"categories":[3,12,45],"tags":[1491,1670],"coauthors":[],"class_list":{"0":"post-53219","1":"post","2":"type-post","3":"status-publish","4":"format-standard","5":"has-post-thumbnail","7":"category-actualidad","8":"category-clinicas-de-empresa","9":"category-jornadas-medicas","10":"tag-clinicas-de-empresa","11":"tag-jornada-de-salud"},"_links":{"self":[{"href":"https:\/\/www.igssgt.org\/noticias\/wp-json\/wp\/v2\/posts\/53219","targetHints":{"allow":["GET"]}}],"collection":[{"href":"https:\/\/www.igssgt.org\/noticias\/wp-json\/wp\/v2\/posts"}],"about":[{"href":"https:\/\/www.igssgt.org\/noticias\/wp-json\/wp\/v2\/types\/post"}],"author":[{"embeddable":true,"href":"https:\/\/www.igssgt.org\/noticias\/wp-json\/wp\/v2\/users\/4"}],"replies":[{"embeddable":true,"href":"https:\/\/www.igssgt.org\/noticias\/wp-json\/wp\/v2\/comments?post=53219"}],"version-history":[{"count":7,"href":"https:\/\/www.igssgt.org\/noticias\/wp-json\/wp\/v2\/posts\/53219\/revisions"}],"predecessor-version":[{"id":53249,"href":"https:\/\/www.igssgt.org\/noticias\/wp-json\/wp\/v2\/posts\/53219\/revisions\/53249"}],"wp:featuredmedia":[{"embeddable":true,"href":"https:\/\/www.igssgt.org\/noticias\/wp-json\/wp\/v2\/media\/53220"}],"wp:attachment":[{"href":"https:\/\/www.igssgt.org\/noticias\/wp-json\/wp\/v2\/media?parent=53219"}],"wp:term":[{"taxonomy":"category","embeddable":true,"href":"https:\/\/www.igssgt.org\/noticias\/wp-json\/wp\/v2\/categories?post=53219"},{"taxonomy":"post_tag","embeddable":true,"href":"https:\/\/www.igssgt.org\/noticias\/wp-json\/wp\/v2\/tags?post=53219"},{"taxonomy":"author","embeddable":true,"href":"https:\/\/www.igssgt.org\/noticias\/wp-json\/wp\/v2\/coauthors?post=53219"}],"curies":[{"name":"wp","href":"https:\/\/api.w.org\/{rel}","templated":true}]}}