{"id":53268,"date":"2026-01-29T15:20:00","date_gmt":"2026-01-29T21:20:00","guid":{"rendered":"https:\/\/www.igssgt.org\/noticias\/?p=53268"},"modified":"2026-01-29T17:33:15","modified_gmt":"2026-01-29T23:33:15","slug":"convocatoria-de-la-plaza-medicos-especialistas-para-el-hospital-departamental-de-puerto-barrios-izabal","status":"publish","type":"post","link":"https:\/\/www.igssgt.org\/noticias\/2026\/01\/29\/convocatoria-de-la-plaza-medicos-especialistas-para-el-hospital-departamental-de-puerto-barrios-izabal\/","title":{"rendered":"Convocatoria de la plaza: M\u00e9dicos Especialistas para el Hospital Departamental de Puerto Barrios, Izabal"},"content":{"rendered":"<h3>El Instituto Guatemalteco de Seguridad Social a trav\u00e9s de la Subgerencia de Recursos Humanos invita a participar en la convocatoria externa para la plaza vacante 011:<\/h3>\n<h4>Puestos:<\/h4>\n<ul>\n<li>M\u00e9dicos Especialistas A (Pediatr\u00eda, Traumatolog\u00eda y Ortopedia), 12:00 a 16:00 horas<\/li>\n<li>M\u00e9dico Especialista A (Medicina F\u00edsica y Rehabilitaci\u00f3n), 07:00 a 15:00 horas<\/li>\n<\/ul>\n<h4>Ubicaci\u00f3n: Hospital Departamental de Puerto Barrios, Izabal<\/h4>\n<h4>Fecha l\u00edmite de recepci\u00f3n de solicitudes: 06 de febrero de 2026<\/h4>\n<p><a href=\"\/wp-content\/uploads\/sites\/5\/2026\/01\/Convocatoria-plaza-IGSS-medico-especialista-Puerto-Barrios.jpg\"><img loading=\"lazy\" decoding=\"async\" class=\"aligncenter size-full wp-image-53269\" src=\"\/wp-content\/uploads\/sites\/5\/2026\/01\/Convocatoria-plaza-IGSS-medico-especialista-Puerto-Barrios.jpg\" alt=\"\" width=\"760\" height=\"1600\" srcset=\"\/wp-content\/uploads\/sites\/5\/2026\/01\/Convocatoria-plaza-IGSS-medico-especialista-Puerto-Barrios.jpg 760w, \/wp-content\/uploads\/sites\/5\/2026\/01\/Convocatoria-plaza-IGSS-medico-especialista-Puerto-Barrios-143x300.jpg 143w, \/wp-content\/uploads\/sites\/5\/2026\/01\/Convocatoria-plaza-IGSS-medico-especialista-Puerto-Barrios-486x1024.jpg 486w, \/wp-content\/uploads\/sites\/5\/2026\/01\/Convocatoria-plaza-IGSS-medico-especialista-Puerto-Barrios-730x1536.jpg 730w, \/wp-content\/uploads\/sites\/5\/2026\/01\/Convocatoria-plaza-IGSS-medico-especialista-Puerto-Barrios-200x420.jpg 200w, \/wp-content\/uploads\/sites\/5\/2026\/01\/Convocatoria-plaza-IGSS-medico-especialista-Puerto-Barrios-696x1465.jpg 696w, \/wp-content\/uploads\/sites\/5\/2026\/01\/Convocatoria-plaza-IGSS-medico-especialista-Puerto-Barrios-219x462.jpg 219w\" sizes=\"auto, (max-width: 760px) 100vw, 760px\" \/><\/a><\/p>\n","protected":false},"excerpt":{"rendered":"<p>Puestos:<br \/>\n&#8211;  M\u00e9dicos Especialistas A (Pediatr\u00eda, Traumatolog\u00eda y Ortopedia), 12:00 a 16:00 horas.<br \/>\n&#8211;  M\u00e9dico Especialista A (Medicina F\u00edsica y Rehabilitaci\u00f3n), 07:00 a 15:00 horas.<\/p>\n<p>Ubicaci\u00f3n: Hospital Departamental de Puerto Barrios, Izabal.<\/p>\n<p>Fecha l\u00edmite de recepci\u00f3n de solicitudes: 06 de febrero de 2026.<\/p>\n<p>\u2b05\ufe0f Para descargar la convocatoria haga clic en la imagen.<\/p>\n","protected":false},"author":4,"featured_media":53269,"comment_status":"closed","ping_status":"closed","sticky":false,"template":"","format":"standard","meta":{"footnotes":""},"categories":[1299],"tags":[213,1300],"coauthors":[],"class_list":{"0":"post-53268","1":"post","2":"type-post","3":"status-publish","4":"format-standard","5":"has-post-thumbnail","7":"category-plazas-vacantes","8":"tag-convocatoria-plazas-igss","9":"tag-empleos-igss"},"_links":{"self":[{"href":"https:\/\/www.igssgt.org\/noticias\/wp-json\/wp\/v2\/posts\/53268","targetHints":{"allow":["GET"]}}],"collection":[{"href":"https:\/\/www.igssgt.org\/noticias\/wp-json\/wp\/v2\/posts"}],"about":[{"href":"https:\/\/www.igssgt.org\/noticias\/wp-json\/wp\/v2\/types\/post"}],"author":[{"embeddable":true,"href":"https:\/\/www.igssgt.org\/noticias\/wp-json\/wp\/v2\/users\/4"}],"replies":[{"embeddable":true,"href":"https:\/\/www.igssgt.org\/noticias\/wp-json\/wp\/v2\/comments?post=53268"}],"version-history":[{"count":1,"href":"https:\/\/www.igssgt.org\/noticias\/wp-json\/wp\/v2\/posts\/53268\/revisions"}],"predecessor-version":[{"id":53270,"href":"https:\/\/www.igssgt.org\/noticias\/wp-json\/wp\/v2\/posts\/53268\/revisions\/53270"}],"wp:featuredmedia":[{"embeddable":true,"href":"https:\/\/www.igssgt.org\/noticias\/wp-json\/wp\/v2\/media\/53269"}],"wp:attachment":[{"href":"https:\/\/www.igssgt.org\/noticias\/wp-json\/wp\/v2\/media?parent=53268"}],"wp:term":[{"taxonomy":"category","embeddable":true,"href":"https:\/\/www.igssgt.org\/noticias\/wp-json\/wp\/v2\/categories?post=53268"},{"taxonomy":"post_tag","embeddable":true,"href":"https:\/\/www.igssgt.org\/noticias\/wp-json\/wp\/v2\/tags?post=53268"},{"taxonomy":"author","embeddable":true,"href":"https:\/\/www.igssgt.org\/noticias\/wp-json\/wp\/v2\/coauthors?post=53268"}],"curies":[{"name":"wp","href":"https:\/\/api.w.org\/{rel}","templated":true}]}}