{"id":53313,"date":"2026-03-14T05:03:00","date_gmt":"2026-03-14T11:03:00","guid":{"rendered":"https:\/\/www.igssgt.org\/noticias\/?p=53313"},"modified":"2026-03-12T14:53:31","modified_gmt":"2026-03-12T20:53:31","slug":"lactancia-materna-la-mejor-aliada-contra-la-bronquiolitis","status":"publish","type":"post","link":"https:\/\/www.igssgt.org\/noticias\/2026\/03\/14\/lactancia-materna-la-mejor-aliada-contra-la-bronquiolitis\/","title":{"rendered":"Lactancia materna, la mejor aliada contra la bronquiolitis"},"content":{"rendered":"\n<p class=\"has-drop-cap\">Aunque la medicina moderna ha avanzado significativamente en favor de la salud de los infantes, la lactancia materna sigue siendo la mejor aliada para prevenir enfermedades durante los primeros meses de edad.<\/p>\n\n\n\n<p>Este es el caso de la bronquiolitis, una enfermedad inflamatoria transmitida principalmente por el virus respiratorio sincitial que afecta las v\u00edas respiratorias inferiores que afecta a los ni\u00f1os de entre dos meses y dos a\u00f1os y que, al complicarse, puede traer graves consecuencias en los peque\u00f1os. Se calcula que la tasa de incidencia de esta enfermedad es de 161,8 casos por cada 100 mil habitantes menores de cinco a\u00f1os, lo cual se considera una tasa moderada-alta.<\/p>\n<p><img loading=\"lazy\" decoding=\"async\" class=\"alignnone  wp-image-53316\" src=\"\/wp-content\/uploads\/sites\/5\/2026\/02\/IGSS-Hospital-General-de-Enfermedades-Bronquiolitis-20261-300x213.jpg\" alt=\"\" width=\"728\" height=\"517\" srcset=\"\/wp-content\/uploads\/sites\/5\/2026\/02\/IGSS-Hospital-General-de-Enfermedades-Bronquiolitis-20261-300x213.jpg 300w, \/wp-content\/uploads\/sites\/5\/2026\/02\/IGSS-Hospital-General-de-Enfermedades-Bronquiolitis-20261-1024x726.jpg 1024w, \/wp-content\/uploads\/sites\/5\/2026\/02\/IGSS-Hospital-General-de-Enfermedades-Bronquiolitis-20261-768x545.jpg 768w, \/wp-content\/uploads\/sites\/5\/2026\/02\/IGSS-Hospital-General-de-Enfermedades-Bronquiolitis-20261-592x420.jpg 592w, \/wp-content\/uploads\/sites\/5\/2026\/02\/IGSS-Hospital-General-de-Enfermedades-Bronquiolitis-20261-696x494.jpg 696w, \/wp-content\/uploads\/sites\/5\/2026\/02\/IGSS-Hospital-General-de-Enfermedades-Bronquiolitis-20261-1068x758.jpg 1068w, \/wp-content\/uploads\/sites\/5\/2026\/02\/IGSS-Hospital-General-de-Enfermedades-Bronquiolitis-20261-100x70.jpg 100w, \/wp-content\/uploads\/sites\/5\/2026\/02\/IGSS-Hospital-General-de-Enfermedades-Bronquiolitis-20261-534x379.jpg 534w, \/wp-content\/uploads\/sites\/5\/2026\/02\/IGSS-Hospital-General-de-Enfermedades-Bronquiolitis-20261.jpg 1280w\" sizes=\"auto, (max-width: 728px) 100vw, 728px\" \/><\/p>\n<p>La doctora Lesly Jacinto, infect\u00f3loga pediatra, jefe del Servicio de Infectolog\u00eda Pedi\u00e1trica del Hospital General de Enfermedades, indic\u00f3 que actualmente no hay una vacuna espec\u00edfica para prevenir la bronquiolitis. Eso s\u00ed, se ha comprobado de que los beb\u00e9s alimentados con lactancia materna tienen menos probabilidad de adquirir el virus, adem\u00e1s, de ser ingresados a un hospital debido a complicaciones de esta.<\/p>\n<p>La leche materna inhibe el virus y protege las membranas mucosas, por lo que \u201clos beb\u00e9s amamantados tienen menos probabilidades de adquirir bronquiolitis, ya que fortalece su sistema inmunol\u00f3gico\u201d, indic\u00f3 la profesional.<\/p>\n<p><strong>S\u00edntomas<\/strong><\/p>\n<p>Esta enfermedad puede ser moderada o severa, ya que no todos los casos representan una emergencia. Inicialmente el ni\u00f1o muestra un cuadro catarral: secreci\u00f3n nasal, dolor al tragar, puede tener fiebre, tos seca, pero puede llegar a causar obstrucci\u00f3n respiratoria que amerite ser trasladado a un hospital.<\/p>\n<figure id=\"attachment_53318\" aria-describedby=\"caption-attachment-53318\" style=\"width: 744px\" class=\"wp-caption alignnone\"><img loading=\"lazy\" decoding=\"async\" class=\"wp-image-53318\" src=\"\/wp-content\/uploads\/sites\/5\/2026\/02\/IGSS-Hospital-General-de-Enfermedades-Bronquiolitis-20262-200x300.jpg\" alt=\"\" width=\"744\" height=\"1116\" srcset=\"\/wp-content\/uploads\/sites\/5\/2026\/02\/IGSS-Hospital-General-de-Enfermedades-Bronquiolitis-20262-200x300.jpg 200w, \/wp-content\/uploads\/sites\/5\/2026\/02\/IGSS-Hospital-General-de-Enfermedades-Bronquiolitis-20262-682x1024.jpg 682w, \/wp-content\/uploads\/sites\/5\/2026\/02\/IGSS-Hospital-General-de-Enfermedades-Bronquiolitis-20262-768x1153.jpg 768w, \/wp-content\/uploads\/sites\/5\/2026\/02\/IGSS-Hospital-General-de-Enfermedades-Bronquiolitis-20262-1023x1536.jpg 1023w, \/wp-content\/uploads\/sites\/5\/2026\/02\/IGSS-Hospital-General-de-Enfermedades-Bronquiolitis-20262-280x420.jpg 280w, \/wp-content\/uploads\/sites\/5\/2026\/02\/IGSS-Hospital-General-de-Enfermedades-Bronquiolitis-20262-696x1045.jpg 696w, \/wp-content\/uploads\/sites\/5\/2026\/02\/IGSS-Hospital-General-de-Enfermedades-Bronquiolitis-20262-308x462.jpg 308w, \/wp-content\/uploads\/sites\/5\/2026\/02\/IGSS-Hospital-General-de-Enfermedades-Bronquiolitis-20262.jpg 1066w\" sizes=\"auto, (max-width: 744px) 100vw, 744px\" \/><figcaption id=\"caption-attachment-53318\" class=\"wp-caption-text\">El Seguro Social recomienda a los padres que mantengan al d\u00eda el esquema de vacunaci\u00f3n, seg\u00fan la edad del ni\u00f1o.<\/figcaption><\/figure>\n<p>Luego de confirmarse el diagn\u00f3stico, la doctora Jacinto afirm\u00f3 que lo m\u00e1s importante es mantener hidratado al menor y si es lactante, no interrumpir el amamantamiento. As\u00ed como estar atento a los signos de alarma que incluyen: dificultad para respirar, respiraci\u00f3n r\u00e1pida y agitada, alteraci\u00f3n en la conciencia, dificultad para tragar y presentar coloraci\u00f3n azul en la piel.<\/p>\n","protected":false},"excerpt":{"rendered":"<p>Aunque la medicina moderna ha avanzado significativamente en favor de la salud de los infantes, la lactancia materna sigue siendo la mejor aliada para prevenir enfermedades durante los primeros meses de edad. Este es el caso de la bronquiolitis, una enfermedad inflamatoria transmitida principalmente por el virus respiratorio sincitial que afecta las v\u00edas respiratorias inferiores [&hellip;]<\/p>\n","protected":false},"author":3269,"featured_media":53315,"comment_status":"closed","ping_status":"closed","sticky":false,"template":"","format":"standard","meta":{"footnotes":""},"categories":[3,1130,1240,24,1291,27,31,33,36],"tags":[1715,481,490,1329,2612,2625],"coauthors":[1970],"class_list":{"0":"post-53313","1":"post","2":"type-post","3":"status-publish","4":"format-standard","5":"has-post-thumbnail","7":"category-actualidad","8":"category-consejos-medicos","9":"category-lactancia-materna","10":"category-pediatria","11":"category-prestaciones-en-salud","12":"category-prevencion-en-salud","13":"category-salud","14":"category-servicios-de-salud","15":"category-unidades-medicas","16":"tag-bronquiolitis","17":"tag-hospital-general-de-enfermedades","18":"tag-igss","19":"tag-leche-materna","20":"tag-servicio-de-infectologia-pediatrica","21":"tag-virus-respiratorio-sintal"},"_links":{"self":[{"href":"https:\/\/www.igssgt.org\/noticias\/wp-json\/wp\/v2\/posts\/53313","targetHints":{"allow":["GET"]}}],"collection":[{"href":"https:\/\/www.igssgt.org\/noticias\/wp-json\/wp\/v2\/posts"}],"about":[{"href":"https:\/\/www.igssgt.org\/noticias\/wp-json\/wp\/v2\/types\/post"}],"author":[{"embeddable":true,"href":"https:\/\/www.igssgt.org\/noticias\/wp-json\/wp\/v2\/users\/3269"}],"replies":[{"embeddable":true,"href":"https:\/\/www.igssgt.org\/noticias\/wp-json\/wp\/v2\/comments?post=53313"}],"version-history":[{"count":3,"href":"https:\/\/www.igssgt.org\/noticias\/wp-json\/wp\/v2\/posts\/53313\/revisions"}],"predecessor-version":[{"id":54433,"href":"https:\/\/www.igssgt.org\/noticias\/wp-json\/wp\/v2\/posts\/53313\/revisions\/54433"}],"wp:featuredmedia":[{"embeddable":true,"href":"https:\/\/www.igssgt.org\/noticias\/wp-json\/wp\/v2\/media\/53315"}],"wp:attachment":[{"href":"https:\/\/www.igssgt.org\/noticias\/wp-json\/wp\/v2\/media?parent=53313"}],"wp:term":[{"taxonomy":"category","embeddable":true,"href":"https:\/\/www.igssgt.org\/noticias\/wp-json\/wp\/v2\/categories?post=53313"},{"taxonomy":"post_tag","embeddable":true,"href":"https:\/\/www.igssgt.org\/noticias\/wp-json\/wp\/v2\/tags?post=53313"},{"taxonomy":"author","embeddable":true,"href":"https:\/\/www.igssgt.org\/noticias\/wp-json\/wp\/v2\/coauthors?post=53313"}],"curies":[{"name":"wp","href":"https:\/\/api.w.org\/{rel}","templated":true}]}}