{"id":53354,"date":"2026-03-15T05:08:00","date_gmt":"2026-03-15T11:08:00","guid":{"rendered":"https:\/\/www.igssgt.org\/noticias\/?p=53354"},"modified":"2026-03-12T14:50:06","modified_gmt":"2026-03-12T20:50:06","slug":"capacitaciones-2026-un-compromiso-con-la-calidad-en-el-hge","status":"publish","type":"post","link":"https:\/\/www.igssgt.org\/noticias\/2026\/03\/15\/capacitaciones-2026-un-compromiso-con-la-calidad-en-el-hge\/","title":{"rendered":"Capacitaciones 2026, \u00a0un compromiso con la calidad en el HGE"},"content":{"rendered":"\n<p class=\"has-drop-cap\">El Hospital General de Enfermedades, del Instituto Guatemalteco de Seguridad Social, implementa una serie de capacitaciones, charlas y talleres como parte de su Programa de Capacitaci\u00f3n dirigido a colaboradores, afiliados y familiares de pacientes para llevarse a cabo durante el 2026, con el objetivo de fortalecer el clima laboral y dar a conocer temas relacionados al \u00e1mbito hospitalario.<\/p>\n\n\n\n<p><\/p>\n\n\n\n<p>\u00a0<\/p>\n<figure id=\"attachment_53358\" aria-describedby=\"caption-attachment-53358\" style=\"width: 673px\" class=\"wp-caption alignnone\"><img loading=\"lazy\" decoding=\"async\" class=\"wp-image-53358\" src=\"\/wp-content\/uploads\/sites\/5\/2026\/02\/IGSS-Hospital-General-de-Enfermedades-capacitaciones-20261-300x225.jpg\" alt=\"\" width=\"673\" height=\"505\" srcset=\"\/wp-content\/uploads\/sites\/5\/2026\/02\/IGSS-Hospital-General-de-Enfermedades-capacitaciones-20261-300x225.jpg 300w, \/wp-content\/uploads\/sites\/5\/2026\/02\/IGSS-Hospital-General-de-Enfermedades-capacitaciones-20261-1024x768.jpg 1024w, \/wp-content\/uploads\/sites\/5\/2026\/02\/IGSS-Hospital-General-de-Enfermedades-capacitaciones-20261-768x576.jpg 768w, \/wp-content\/uploads\/sites\/5\/2026\/02\/IGSS-Hospital-General-de-Enfermedades-capacitaciones-20261-560x420.jpg 560w, \/wp-content\/uploads\/sites\/5\/2026\/02\/IGSS-Hospital-General-de-Enfermedades-capacitaciones-20261-80x60.jpg 80w, \/wp-content\/uploads\/sites\/5\/2026\/02\/IGSS-Hospital-General-de-Enfermedades-capacitaciones-20261-696x522.jpg 696w, \/wp-content\/uploads\/sites\/5\/2026\/02\/IGSS-Hospital-General-de-Enfermedades-capacitaciones-20261-1068x801.jpg 1068w, \/wp-content\/uploads\/sites\/5\/2026\/02\/IGSS-Hospital-General-de-Enfermedades-capacitaciones-20261-265x198.jpg 265w, \/wp-content\/uploads\/sites\/5\/2026\/02\/IGSS-Hospital-General-de-Enfermedades-capacitaciones-20261-534x401.jpg 534w, \/wp-content\/uploads\/sites\/5\/2026\/02\/IGSS-Hospital-General-de-Enfermedades-capacitaciones-20261.jpg 1280w\" sizes=\"auto, (max-width: 673px) 100vw, 673px\" \/><figcaption id=\"caption-attachment-53358\" class=\"wp-caption-text\">La implementaci\u00f3n del programa de capacitaci\u00f3n anual reafirma el compromiso institucional con el aprendizaje permanente y el fortalecimiento del talento humano.<\/figcaption><\/figure>\n<p>Estas capacitaciones se trabajar\u00e1n en conjunto con el apoyo de la Procuradur\u00eda de los Derechos Humanos, Municipalidad de Guatemala, Ministerio de Ambiente y Recursos Naturales, as\u00ed como entidades de apoyo.<\/p>\n<p>En lo que va del a\u00f1o se han efectuado 17 activaciones con los temas: Comunicaci\u00f3n Asertiva, Manejo del Estr\u00e9s, Portal del Afiliado, Alta Eficiencia en el Trabajo, Fortalecer el Autoestima, Proceso y requisito para la donaci\u00f3n de sangre, Educaci\u00f3n Ambiental, Hablar para Sanar, entre otros.\u00a0 Cada una enfocada tanto para colaboradores como para afiliados y familiares de pacientes.<\/p>\n<figure id=\"attachment_53359\" aria-describedby=\"caption-attachment-53359\" style=\"width: 684px\" class=\"wp-caption alignnone\"><img loading=\"lazy\" decoding=\"async\" class=\"wp-image-53359\" src=\"\/wp-content\/uploads\/sites\/5\/2026\/02\/IGSS-Hospital-General-de-Enfermedades-capacitaciones-20262-300x225.jpg\" alt=\"\" width=\"684\" height=\"513\" srcset=\"\/wp-content\/uploads\/sites\/5\/2026\/02\/IGSS-Hospital-General-de-Enfermedades-capacitaciones-20262-300x225.jpg 300w, \/wp-content\/uploads\/sites\/5\/2026\/02\/IGSS-Hospital-General-de-Enfermedades-capacitaciones-20262-1024x768.jpg 1024w, \/wp-content\/uploads\/sites\/5\/2026\/02\/IGSS-Hospital-General-de-Enfermedades-capacitaciones-20262-768x576.jpg 768w, \/wp-content\/uploads\/sites\/5\/2026\/02\/IGSS-Hospital-General-de-Enfermedades-capacitaciones-20262-1536x1152.jpg 1536w, \/wp-content\/uploads\/sites\/5\/2026\/02\/IGSS-Hospital-General-de-Enfermedades-capacitaciones-20262-560x420.jpg 560w, \/wp-content\/uploads\/sites\/5\/2026\/02\/IGSS-Hospital-General-de-Enfermedades-capacitaciones-20262-80x60.jpg 80w, \/wp-content\/uploads\/sites\/5\/2026\/02\/IGSS-Hospital-General-de-Enfermedades-capacitaciones-20262-696x522.jpg 696w, \/wp-content\/uploads\/sites\/5\/2026\/02\/IGSS-Hospital-General-de-Enfermedades-capacitaciones-20262-1068x801.jpg 1068w, \/wp-content\/uploads\/sites\/5\/2026\/02\/IGSS-Hospital-General-de-Enfermedades-capacitaciones-20262-265x198.jpg 265w, \/wp-content\/uploads\/sites\/5\/2026\/02\/IGSS-Hospital-General-de-Enfermedades-capacitaciones-20262-534x401.jpg 534w, \/wp-content\/uploads\/sites\/5\/2026\/02\/IGSS-Hospital-General-de-Enfermedades-capacitaciones-20262.jpg 1600w\" sizes=\"auto, (max-width: 684px) 100vw, 684px\" \/><figcaption id=\"caption-attachment-53359\" class=\"wp-caption-text\">A trav\u00e9s del programa de capacitaci\u00f3n, el Hospital General de Enfermedades promueve espacios de aprendizaje que valoran a las personas y potencian su crecimiento integral.<\/figcaption><\/figure>\n<p>Se tienen programadas para el presente a\u00f1o, un estimado de 240 capacitaciones, que permitan mantener informados a los familiares y afiliados. As\u00ed tambi\u00e9n subir los est\u00e1ndares de calidad en la atenci\u00f3n brindada en los diferentes servicios que esta Unidad M\u00e9dica ofrece.<\/p>\n<figure id=\"attachment_53360\" aria-describedby=\"caption-attachment-53360\" style=\"width: 693px\" class=\"wp-caption alignnone\"><img loading=\"lazy\" decoding=\"async\" class=\"wp-image-53360\" src=\"\/wp-content\/uploads\/sites\/5\/2026\/02\/IGSS-Hospital-General-de-Enfermedades-capacitaciones-20265-300x225.jpg\" alt=\"\" width=\"693\" height=\"520\" srcset=\"\/wp-content\/uploads\/sites\/5\/2026\/02\/IGSS-Hospital-General-de-Enfermedades-capacitaciones-20265-300x225.jpg 300w, \/wp-content\/uploads\/sites\/5\/2026\/02\/IGSS-Hospital-General-de-Enfermedades-capacitaciones-20265-1024x768.jpg 1024w, \/wp-content\/uploads\/sites\/5\/2026\/02\/IGSS-Hospital-General-de-Enfermedades-capacitaciones-20265-768x576.jpg 768w, \/wp-content\/uploads\/sites\/5\/2026\/02\/IGSS-Hospital-General-de-Enfermedades-capacitaciones-20265-1536x1152.jpg 1536w, \/wp-content\/uploads\/sites\/5\/2026\/02\/IGSS-Hospital-General-de-Enfermedades-capacitaciones-20265-560x420.jpg 560w, \/wp-content\/uploads\/sites\/5\/2026\/02\/IGSS-Hospital-General-de-Enfermedades-capacitaciones-20265-80x60.jpg 80w, \/wp-content\/uploads\/sites\/5\/2026\/02\/IGSS-Hospital-General-de-Enfermedades-capacitaciones-20265-696x522.jpg 696w, \/wp-content\/uploads\/sites\/5\/2026\/02\/IGSS-Hospital-General-de-Enfermedades-capacitaciones-20265-1068x801.jpg 1068w, \/wp-content\/uploads\/sites\/5\/2026\/02\/IGSS-Hospital-General-de-Enfermedades-capacitaciones-20265-265x198.jpg 265w, \/wp-content\/uploads\/sites\/5\/2026\/02\/IGSS-Hospital-General-de-Enfermedades-capacitaciones-20265-534x401.jpg 534w, \/wp-content\/uploads\/sites\/5\/2026\/02\/IGSS-Hospital-General-de-Enfermedades-capacitaciones-20265.jpg 1600w\" sizes=\"auto, (max-width: 693px) 100vw, 693px\" \/><figcaption id=\"caption-attachment-53360\" class=\"wp-caption-text\">Las charlas educativas no solo informan, sino crean una cultura de prevenci\u00f3n.<\/figcaption><\/figure>\n<p>La capacitaci\u00f3n forma parte de las acciones que impulsa el Hospital General de Enfermedades para mejorar las competencias del personal y la calidad de la atenci\u00f3n que se brinda diariamente a los afiliados y sus familias.<\/p>\n","protected":false},"excerpt":{"rendered":"<p>El Hospital General de Enfermedades, del Instituto Guatemalteco de Seguridad Social, implementa una serie de capacitaciones, charlas y talleres como parte de su Programa de Capacitaci\u00f3n dirigido a colaboradores, afiliados y familiares de pacientes para llevarse a cabo durante el 2026, con el objetivo de fortalecer el clima laboral y dar a conocer temas relacionados [&hellip;]<\/p>\n","protected":false},"author":3269,"featured_media":53362,"comment_status":"closed","ping_status":"closed","sticky":false,"template":"","format":"standard","meta":{"footnotes":""},"categories":[3,17],"tags":[2630,2119,481,490],"coauthors":[1970],"class_list":{"0":"post-53354","1":"post","2":"type-post","3":"status-publish","4":"format-standard","5":"has-post-thumbnail","7":"category-actualidad","8":"category-formacion-y-desarrollo","9":"tag-capacitaciones-2026","10":"tag-capacitaciones-igss","11":"tag-hospital-general-de-enfermedades","12":"tag-igss"},"_links":{"self":[{"href":"https:\/\/www.igssgt.org\/noticias\/wp-json\/wp\/v2\/posts\/53354","targetHints":{"allow":["GET"]}}],"collection":[{"href":"https:\/\/www.igssgt.org\/noticias\/wp-json\/wp\/v2\/posts"}],"about":[{"href":"https:\/\/www.igssgt.org\/noticias\/wp-json\/wp\/v2\/types\/post"}],"author":[{"embeddable":true,"href":"https:\/\/www.igssgt.org\/noticias\/wp-json\/wp\/v2\/users\/3269"}],"replies":[{"embeddable":true,"href":"https:\/\/www.igssgt.org\/noticias\/wp-json\/wp\/v2\/comments?post=53354"}],"version-history":[{"count":1,"href":"https:\/\/www.igssgt.org\/noticias\/wp-json\/wp\/v2\/posts\/53354\/revisions"}],"predecessor-version":[{"id":53361,"href":"https:\/\/www.igssgt.org\/noticias\/wp-json\/wp\/v2\/posts\/53354\/revisions\/53361"}],"wp:featuredmedia":[{"embeddable":true,"href":"https:\/\/www.igssgt.org\/noticias\/wp-json\/wp\/v2\/media\/53362"}],"wp:attachment":[{"href":"https:\/\/www.igssgt.org\/noticias\/wp-json\/wp\/v2\/media?parent=53354"}],"wp:term":[{"taxonomy":"category","embeddable":true,"href":"https:\/\/www.igssgt.org\/noticias\/wp-json\/wp\/v2\/categories?post=53354"},{"taxonomy":"post_tag","embeddable":true,"href":"https:\/\/www.igssgt.org\/noticias\/wp-json\/wp\/v2\/tags?post=53354"},{"taxonomy":"author","embeddable":true,"href":"https:\/\/www.igssgt.org\/noticias\/wp-json\/wp\/v2\/coauthors?post=53354"}],"curies":[{"name":"wp","href":"https:\/\/api.w.org\/{rel}","templated":true}]}}