{"id":5426,"date":"2018-06-18T15:00:29","date_gmt":"2018-06-18T21:00:29","guid":{"rendered":"http:\/\/noticias.igssgt.org\/?p=5426"},"modified":"2018-06-18T15:00:29","modified_gmt":"2018-06-18T21:00:29","slug":"inauguran-sala-de-hemodialisis-en-el-hospital-dr-juan-jose-arevalo-bermejo","status":"publish","type":"post","link":"https:\/\/www.igssgt.org\/noticias\/2018\/06\/18\/inauguran-sala-de-hemodialisis-en-el-hospital-dr-juan-jose-arevalo-bermejo\/","title":{"rendered":"Inauguran sala de hemodi\u00e1lisis en el Hospital Dr. Juan Jos\u00e9 Ar\u00e9valo Bermejo"},"content":{"rendered":"<p><a href=\"\/noticias\/wp-content\/uploads\/sites\/5\/2018\/06\/Inauguran-nueva-sala-de-hemodialisis-igss-zona-6-2018-6.jpg\"><img loading=\"lazy\" decoding=\"async\" class=\"alignnone size-full wp-image-5432\" src=\"\/noticias\/wp-content\/uploads\/sites\/5\/2018\/06\/Inauguran-nueva-sala-de-hemodialisis-igss-zona-6-2018-6.jpg\" alt=\"\" width=\"1860\" height=\"1240\" srcset=\"\/wp-content\/uploads\/sites\/5\/2018\/06\/Inauguran-nueva-sala-de-hemodialisis-igss-zona-6-2018-6.jpg 1860w, \/wp-content\/uploads\/sites\/5\/2018\/06\/Inauguran-nueva-sala-de-hemodialisis-igss-zona-6-2018-6-1536x1024.jpg 1536w, \/wp-content\/uploads\/sites\/5\/2018\/06\/Inauguran-nueva-sala-de-hemodialisis-igss-zona-6-2018-6-300x200.jpg 300w, \/wp-content\/uploads\/sites\/5\/2018\/06\/Inauguran-nueva-sala-de-hemodialisis-igss-zona-6-2018-6-768x512.jpg 768w, \/wp-content\/uploads\/sites\/5\/2018\/06\/Inauguran-nueva-sala-de-hemodialisis-igss-zona-6-2018-6-1024x683.jpg 1024w, \/wp-content\/uploads\/sites\/5\/2018\/06\/Inauguran-nueva-sala-de-hemodialisis-igss-zona-6-2018-6-630x420.jpg 630w, \/wp-content\/uploads\/sites\/5\/2018\/06\/Inauguran-nueva-sala-de-hemodialisis-igss-zona-6-2018-6-696x464.jpg 696w, \/wp-content\/uploads\/sites\/5\/2018\/06\/Inauguran-nueva-sala-de-hemodialisis-igss-zona-6-2018-6-1068x712.jpg 1068w, \/wp-content\/uploads\/sites\/5\/2018\/06\/Inauguran-nueva-sala-de-hemodialisis-igss-zona-6-2018-6-534x356.jpg 534w\" sizes=\"auto, (max-width: 1860px) 100vw, 1860px\" \/><\/a><\/p>\n<p>Autoridades del Hospital Doctor Juan Jos\u00e9 Ar\u00e9valo Bermejo, zona 6, inauguraron una sala de hemodi\u00e1lisis, la cual tiene capacidad para atender a 240 pacientes cada mes, inform\u00f3 el doctor Elmer Enrique Hern\u00e1ndez, nefr\u00f3logo de esta unidad.<\/p>\n<p>La sala cuenta con tres m\u00e1quinas y tres sillones especiales para el tratamiento de los pacientes. Esta nueva \u00e1rea es atendida por un equipo multidisciplinario integrado por m\u00e9dicos, t\u00e9cnicos en hemodi\u00e1lisis, enfermeros, educadoras en salud, psic\u00f3logos y nutricionistas, precis\u00f3 el doctor Hern\u00e1ndez.<\/p>\n<p>\u201cEstoy muy emocionado, con la inauguraci\u00f3n de esta sala el IGSS contin\u00faa moderniz\u00e1ndose con buen servicio para nosotros. Hoy me encuentro recibiendo la hemodi\u00e1lisis con todas las comodidades, aire acondicionado y un sill\u00f3n c\u00f3modo, pero sobre todo recibo una excelente atenci\u00f3n de los especialistas, lo que contribuye a mi pronta recuperaci\u00f3n\u201d, expres\u00f3 el afiliado Luis Bosh.<\/p>\n<p>En la mayor\u00eda de los casos los usuarios reciben este servicio tres veces por semana: lunes, mi\u00e9rcoles y viernes o bien martes, jueves y s\u00e1bado. Se tiene previsto que en la unidad atienda a 60 pacientes por semana. Posteriormente podr\u00e1n ser atendidos derechohabienes del \u00e1rea nororiente del pa\u00eds, concluy\u00f3 el nefr\u00f3logo.<\/p>\n\r\n                <style type=\"text\/css\">\r\n                    \r\n                    #tdi_1  .td-doubleSlider-2 .td-item1 {\r\n                        background: url(\/wp-content\/uploads\/sites\/5\/2018\/06\/Inauguran-nueva-sala-de-hemodialisis-igss-zona-6-2018-3-80x60.jpg) 0 0 no-repeat;\r\n                    }\r\n                    #tdi_1  .td-doubleSlider-2 .td-item2 {\r\n                        background: url(\/wp-content\/uploads\/sites\/5\/2018\/06\/Inauguran-nueva-sala-de-hemodialisis-igss-zona-6-2018-2-80x60.jpg) 0 0 no-repeat;\r\n                    }\r\n                    #tdi_1  .td-doubleSlider-2 .td-item3 {\r\n                        background: url(\/wp-content\/uploads\/sites\/5\/2018\/06\/Inauguran-nueva-sala-de-hemodialisis-igss-zona-6-2018-1-80x60.jpg) 0 0 no-repeat;\r\n                    }\r\n                    #tdi_1  .td-doubleSlider-2 .td-item4 {\r\n                        background: url(\/wp-content\/uploads\/sites\/5\/2018\/06\/Inauguran-nueva-sala-de-hemodialisis-igss-zona-6-2018-6-80x60.jpg) 0 0 no-repeat;\r\n                    }\r\n                    #tdi_1  .td-doubleSlider-2 .td-item5 {\r\n                        background: url(\/wp-content\/uploads\/sites\/5\/2018\/06\/Inauguran-nueva-sala-de-hemodialisis-igss-zona-6-2018-4-80x60.jpg) 0 0 no-repeat;\r\n                    }\r\n                    #tdi_1  .td-doubleSlider-2 .td-item6 {\r\n                        background: url(\/wp-content\/uploads\/sites\/5\/2018\/06\/Inauguran-nueva-sala-de-hemodialisis-igss-zona-6-2018-5-80x60.jpg) 0 0 no-repeat;\r\n                    }\r\n                    #tdi_1  .td-doubleSlider-2 .td-item7 {\r\n                        background: url(\/wp-content\/uploads\/sites\/5\/2018\/06\/Inauguran-nueva-sala-de-hemodialisis-igss-zona-6-2018-7-80x60.jpg) 0 0 no-repeat;\r\n                    }\r\n                <\/style>\r\n\r\n                <div id=\"tdi_1\" class=\"td-gallery td-slide-on-2-columns\">\r\n                    <div class=\"post_td_gallery\">\r\n                        <div class=\"td-gallery-slide-top\">\r\n                           <div class=\"td-gallery-title\">Galer\u00eda de Im\u00e1genes<\/div>\r\n\r\n                            <div class=\"td-gallery-controls-wrapper\">\r\n                                <div class=\"td-gallery-slide-count\"><span class=\"td-gallery-slide-item-focus\">1<\/span> de 7<\/div>\r\n                                <div class=\"td-gallery-slide-prev-next-but\">\r\n                                    <i class = \"td-icon-left doubleSliderPrevButton\"><\/i>\r\n                                    <i class = \"td-icon-right doubleSliderNextButton\"><\/i>\r\n                                <\/div>\r\n                            <\/div>\r\n                        <\/div>\r\n\r\n                        <div class = \"td-doubleSlider-1 \">\r\n                            <div class = \"td-slider\">\r\n                                \r\n                    <div class = \"td-slide-item td-item1\">\r\n                        <figure class=\"td-slide-galery-figure td-slide-popup-gallery\">\r\n                            <a class=\"slide-gallery-image-link\" href=\"\/wp-content\/uploads\/sites\/5\/2018\/06\/Inauguran-nueva-sala-de-hemodialisis-igss-zona-6-2018-3.jpg\" title=\"Inauguran nueva sala de hemodialisis igss zona 6 2018-3\"  data-caption=\"\"  data-description=\"\">\r\n                                <img decoding=\"async\" src=\"\/wp-content\/uploads\/sites\/5\/2018\/06\/Inauguran-nueva-sala-de-hemodialisis-igss-zona-6-2018-3-630x420.jpg\" srcset=\"\/wp-content\/uploads\/sites\/5\/2018\/06\/Inauguran-nueva-sala-de-hemodialisis-igss-zona-6-2018-3-630x420.jpg 630w, \/wp-content\/uploads\/sites\/5\/2018\/06\/Inauguran-nueva-sala-de-hemodialisis-igss-zona-6-2018-3-1536x1024.jpg 1536w, \/wp-content\/uploads\/sites\/5\/2018\/06\/Inauguran-nueva-sala-de-hemodialisis-igss-zona-6-2018-3-300x200.jpg 300w, \/wp-content\/uploads\/sites\/5\/2018\/06\/Inauguran-nueva-sala-de-hemodialisis-igss-zona-6-2018-3-768x512.jpg 768w, \/wp-content\/uploads\/sites\/5\/2018\/06\/Inauguran-nueva-sala-de-hemodialisis-igss-zona-6-2018-3-1024x683.jpg 1024w, \/wp-content\/uploads\/sites\/5\/2018\/06\/Inauguran-nueva-sala-de-hemodialisis-igss-zona-6-2018-3-696x464.jpg 696w, \/wp-content\/uploads\/sites\/5\/2018\/06\/Inauguran-nueva-sala-de-hemodialisis-igss-zona-6-2018-3-1068x712.jpg 1068w, \/wp-content\/uploads\/sites\/5\/2018\/06\/Inauguran-nueva-sala-de-hemodialisis-igss-zona-6-2018-3-534x356.jpg 534w, \/wp-content\/uploads\/sites\/5\/2018\/06\/Inauguran-nueva-sala-de-hemodialisis-igss-zona-6-2018-3.jpg 1860w\" sizes=\"(max-width: 630px) 100vw, 630px\" alt=\"\">\r\n                            <\/a>\r\n                            \r\n                        <\/figure>\r\n                    <\/div>\r\n                    <div class = \"td-slide-item td-item2\">\r\n                        <figure class=\"td-slide-galery-figure td-slide-popup-gallery\">\r\n                            <a class=\"slide-gallery-image-link\" href=\"\/wp-content\/uploads\/sites\/5\/2018\/06\/Inauguran-nueva-sala-de-hemodialisis-igss-zona-6-2018-2.jpg\" title=\"Inauguran nueva sala de hemodialisis igss zona 6 2018-2\"  data-caption=\"\"  data-description=\"\">\r\n                                <img decoding=\"async\" src=\"\/wp-content\/uploads\/sites\/5\/2018\/06\/Inauguran-nueva-sala-de-hemodialisis-igss-zona-6-2018-2-630x420.jpg\" srcset=\"\/wp-content\/uploads\/sites\/5\/2018\/06\/Inauguran-nueva-sala-de-hemodialisis-igss-zona-6-2018-2-630x420.jpg 630w, \/wp-content\/uploads\/sites\/5\/2018\/06\/Inauguran-nueva-sala-de-hemodialisis-igss-zona-6-2018-2-1536x1024.jpg 1536w, \/wp-content\/uploads\/sites\/5\/2018\/06\/Inauguran-nueva-sala-de-hemodialisis-igss-zona-6-2018-2-300x200.jpg 300w, \/wp-content\/uploads\/sites\/5\/2018\/06\/Inauguran-nueva-sala-de-hemodialisis-igss-zona-6-2018-2-768x512.jpg 768w, \/wp-content\/uploads\/sites\/5\/2018\/06\/Inauguran-nueva-sala-de-hemodialisis-igss-zona-6-2018-2-1024x683.jpg 1024w, \/wp-content\/uploads\/sites\/5\/2018\/06\/Inauguran-nueva-sala-de-hemodialisis-igss-zona-6-2018-2-696x464.jpg 696w, \/wp-content\/uploads\/sites\/5\/2018\/06\/Inauguran-nueva-sala-de-hemodialisis-igss-zona-6-2018-2-1068x712.jpg 1068w, \/wp-content\/uploads\/sites\/5\/2018\/06\/Inauguran-nueva-sala-de-hemodialisis-igss-zona-6-2018-2-534x356.jpg 534w, \/wp-content\/uploads\/sites\/5\/2018\/06\/Inauguran-nueva-sala-de-hemodialisis-igss-zona-6-2018-2.jpg 1860w\" sizes=\"(max-width: 630px) 100vw, 630px\" alt=\"\">\r\n                            <\/a>\r\n                            \r\n                        <\/figure>\r\n                    <\/div>\r\n                    <div class = \"td-slide-item td-item3\">\r\n                        <figure class=\"td-slide-galery-figure td-slide-popup-gallery\">\r\n                            <a class=\"slide-gallery-image-link\" href=\"\/wp-content\/uploads\/sites\/5\/2018\/06\/Inauguran-nueva-sala-de-hemodialisis-igss-zona-6-2018-1.jpg\" title=\"Inauguran nueva sala de hemodialisis igss zona 6 2018-1\"  data-caption=\"\"  data-description=\"\">\r\n                                <img decoding=\"async\" src=\"\/wp-content\/uploads\/sites\/5\/2018\/06\/Inauguran-nueva-sala-de-hemodialisis-igss-zona-6-2018-1-630x420.jpg\" srcset=\"\/wp-content\/uploads\/sites\/5\/2018\/06\/Inauguran-nueva-sala-de-hemodialisis-igss-zona-6-2018-1-630x420.jpg 630w, \/wp-content\/uploads\/sites\/5\/2018\/06\/Inauguran-nueva-sala-de-hemodialisis-igss-zona-6-2018-1-1536x1024.jpg 1536w, \/wp-content\/uploads\/sites\/5\/2018\/06\/Inauguran-nueva-sala-de-hemodialisis-igss-zona-6-2018-1-300x200.jpg 300w, \/wp-content\/uploads\/sites\/5\/2018\/06\/Inauguran-nueva-sala-de-hemodialisis-igss-zona-6-2018-1-768x512.jpg 768w, \/wp-content\/uploads\/sites\/5\/2018\/06\/Inauguran-nueva-sala-de-hemodialisis-igss-zona-6-2018-1-1024x683.jpg 1024w, \/wp-content\/uploads\/sites\/5\/2018\/06\/Inauguran-nueva-sala-de-hemodialisis-igss-zona-6-2018-1-696x464.jpg 696w, \/wp-content\/uploads\/sites\/5\/2018\/06\/Inauguran-nueva-sala-de-hemodialisis-igss-zona-6-2018-1-1068x712.jpg 1068w, \/wp-content\/uploads\/sites\/5\/2018\/06\/Inauguran-nueva-sala-de-hemodialisis-igss-zona-6-2018-1-534x356.jpg 534w, \/wp-content\/uploads\/sites\/5\/2018\/06\/Inauguran-nueva-sala-de-hemodialisis-igss-zona-6-2018-1.jpg 1860w\" sizes=\"(max-width: 630px) 100vw, 630px\" alt=\"\">\r\n                            <\/a>\r\n                            \r\n                        <\/figure>\r\n                    <\/div>\r\n                    <div class = \"td-slide-item td-item4\">\r\n                        <figure class=\"td-slide-galery-figure td-slide-popup-gallery\">\r\n                            <a class=\"slide-gallery-image-link\" href=\"\/wp-content\/uploads\/sites\/5\/2018\/06\/Inauguran-nueva-sala-de-hemodialisis-igss-zona-6-2018-6.jpg\" title=\"Inauguran nueva sala de hemodialisis igss zona 6 2018-6\"  data-caption=\"\"  data-description=\"\">\r\n                                <img decoding=\"async\" src=\"\/wp-content\/uploads\/sites\/5\/2018\/06\/Inauguran-nueva-sala-de-hemodialisis-igss-zona-6-2018-6-630x420.jpg\" srcset=\"\/wp-content\/uploads\/sites\/5\/2018\/06\/Inauguran-nueva-sala-de-hemodialisis-igss-zona-6-2018-6-630x420.jpg 630w, \/wp-content\/uploads\/sites\/5\/2018\/06\/Inauguran-nueva-sala-de-hemodialisis-igss-zona-6-2018-6-1536x1024.jpg 1536w, \/wp-content\/uploads\/sites\/5\/2018\/06\/Inauguran-nueva-sala-de-hemodialisis-igss-zona-6-2018-6-300x200.jpg 300w, \/wp-content\/uploads\/sites\/5\/2018\/06\/Inauguran-nueva-sala-de-hemodialisis-igss-zona-6-2018-6-768x512.jpg 768w, \/wp-content\/uploads\/sites\/5\/2018\/06\/Inauguran-nueva-sala-de-hemodialisis-igss-zona-6-2018-6-1024x683.jpg 1024w, \/wp-content\/uploads\/sites\/5\/2018\/06\/Inauguran-nueva-sala-de-hemodialisis-igss-zona-6-2018-6-696x464.jpg 696w, \/wp-content\/uploads\/sites\/5\/2018\/06\/Inauguran-nueva-sala-de-hemodialisis-igss-zona-6-2018-6-1068x712.jpg 1068w, \/wp-content\/uploads\/sites\/5\/2018\/06\/Inauguran-nueva-sala-de-hemodialisis-igss-zona-6-2018-6-534x356.jpg 534w, \/wp-content\/uploads\/sites\/5\/2018\/06\/Inauguran-nueva-sala-de-hemodialisis-igss-zona-6-2018-6.jpg 1860w\" sizes=\"(max-width: 630px) 100vw, 630px\" alt=\"\">\r\n                            <\/a>\r\n                            \r\n                        <\/figure>\r\n                    <\/div>\r\n                    <div class = \"td-slide-item td-item5\">\r\n                        <figure class=\"td-slide-galery-figure td-slide-popup-gallery\">\r\n                            <a class=\"slide-gallery-image-link\" href=\"\/wp-content\/uploads\/sites\/5\/2018\/06\/Inauguran-nueva-sala-de-hemodialisis-igss-zona-6-2018-4.jpg\" title=\"Inauguran nueva sala de hemodialisis igss zona 6 2018-4\"  data-caption=\"\"  data-description=\"\">\r\n                                <img decoding=\"async\" src=\"\/wp-content\/uploads\/sites\/5\/2018\/06\/Inauguran-nueva-sala-de-hemodialisis-igss-zona-6-2018-4-630x420.jpg\" srcset=\"\/wp-content\/uploads\/sites\/5\/2018\/06\/Inauguran-nueva-sala-de-hemodialisis-igss-zona-6-2018-4-630x420.jpg 630w, \/wp-content\/uploads\/sites\/5\/2018\/06\/Inauguran-nueva-sala-de-hemodialisis-igss-zona-6-2018-4-1536x1024.jpg 1536w, \/wp-content\/uploads\/sites\/5\/2018\/06\/Inauguran-nueva-sala-de-hemodialisis-igss-zona-6-2018-4-300x200.jpg 300w, \/wp-content\/uploads\/sites\/5\/2018\/06\/Inauguran-nueva-sala-de-hemodialisis-igss-zona-6-2018-4-768x512.jpg 768w, \/wp-content\/uploads\/sites\/5\/2018\/06\/Inauguran-nueva-sala-de-hemodialisis-igss-zona-6-2018-4-1024x683.jpg 1024w, \/wp-content\/uploads\/sites\/5\/2018\/06\/Inauguran-nueva-sala-de-hemodialisis-igss-zona-6-2018-4-696x464.jpg 696w, \/wp-content\/uploads\/sites\/5\/2018\/06\/Inauguran-nueva-sala-de-hemodialisis-igss-zona-6-2018-4-1068x712.jpg 1068w, \/wp-content\/uploads\/sites\/5\/2018\/06\/Inauguran-nueva-sala-de-hemodialisis-igss-zona-6-2018-4-534x356.jpg 534w, \/wp-content\/uploads\/sites\/5\/2018\/06\/Inauguran-nueva-sala-de-hemodialisis-igss-zona-6-2018-4.jpg 1860w\" sizes=\"(max-width: 630px) 100vw, 630px\" alt=\"\">\r\n                            <\/a>\r\n                            \r\n                        <\/figure>\r\n                    <\/div>\r\n                    <div class = \"td-slide-item td-item6\">\r\n                        <figure class=\"td-slide-galery-figure td-slide-popup-gallery\">\r\n                            <a class=\"slide-gallery-image-link\" href=\"\/wp-content\/uploads\/sites\/5\/2018\/06\/Inauguran-nueva-sala-de-hemodialisis-igss-zona-6-2018-5.jpg\" title=\"Inauguran nueva sala de hemodialisis igss zona 6 2018-5\"  data-caption=\"\"  data-description=\"\">\r\n                                <img decoding=\"async\" src=\"\/wp-content\/uploads\/sites\/5\/2018\/06\/Inauguran-nueva-sala-de-hemodialisis-igss-zona-6-2018-5-630x420.jpg\" srcset=\"\/wp-content\/uploads\/sites\/5\/2018\/06\/Inauguran-nueva-sala-de-hemodialisis-igss-zona-6-2018-5-630x420.jpg 630w, \/wp-content\/uploads\/sites\/5\/2018\/06\/Inauguran-nueva-sala-de-hemodialisis-igss-zona-6-2018-5-1536x1024.jpg 1536w, \/wp-content\/uploads\/sites\/5\/2018\/06\/Inauguran-nueva-sala-de-hemodialisis-igss-zona-6-2018-5-300x200.jpg 300w, \/wp-content\/uploads\/sites\/5\/2018\/06\/Inauguran-nueva-sala-de-hemodialisis-igss-zona-6-2018-5-768x512.jpg 768w, \/wp-content\/uploads\/sites\/5\/2018\/06\/Inauguran-nueva-sala-de-hemodialisis-igss-zona-6-2018-5-1024x683.jpg 1024w, \/wp-content\/uploads\/sites\/5\/2018\/06\/Inauguran-nueva-sala-de-hemodialisis-igss-zona-6-2018-5-696x464.jpg 696w, \/wp-content\/uploads\/sites\/5\/2018\/06\/Inauguran-nueva-sala-de-hemodialisis-igss-zona-6-2018-5-1068x712.jpg 1068w, \/wp-content\/uploads\/sites\/5\/2018\/06\/Inauguran-nueva-sala-de-hemodialisis-igss-zona-6-2018-5-534x356.jpg 534w, \/wp-content\/uploads\/sites\/5\/2018\/06\/Inauguran-nueva-sala-de-hemodialisis-igss-zona-6-2018-5.jpg 1860w\" sizes=\"(max-width: 630px) 100vw, 630px\" alt=\"\">\r\n                            <\/a>\r\n                            \r\n                        <\/figure>\r\n                    <\/div>\r\n                    <div class = \"td-slide-item td-item7\">\r\n                        <figure class=\"td-slide-galery-figure td-slide-popup-gallery\">\r\n                            <a class=\"slide-gallery-image-link\" href=\"\/wp-content\/uploads\/sites\/5\/2018\/06\/Inauguran-nueva-sala-de-hemodialisis-igss-zona-6-2018-7.jpg\" title=\"Inauguran nueva sala de hemodialisis igss zona 6 2018-7\"  data-caption=\"\"  data-description=\"\">\r\n                                <img decoding=\"async\" src=\"\/wp-content\/uploads\/sites\/5\/2018\/06\/Inauguran-nueva-sala-de-hemodialisis-igss-zona-6-2018-7-630x420.jpg\" srcset=\"\/wp-content\/uploads\/sites\/5\/2018\/06\/Inauguran-nueva-sala-de-hemodialisis-igss-zona-6-2018-7-630x420.jpg 630w, \/wp-content\/uploads\/sites\/5\/2018\/06\/Inauguran-nueva-sala-de-hemodialisis-igss-zona-6-2018-7-1536x1024.jpg 1536w, \/wp-content\/uploads\/sites\/5\/2018\/06\/Inauguran-nueva-sala-de-hemodialisis-igss-zona-6-2018-7-300x200.jpg 300w, \/wp-content\/uploads\/sites\/5\/2018\/06\/Inauguran-nueva-sala-de-hemodialisis-igss-zona-6-2018-7-768x512.jpg 768w, \/wp-content\/uploads\/sites\/5\/2018\/06\/Inauguran-nueva-sala-de-hemodialisis-igss-zona-6-2018-7-1024x683.jpg 1024w, \/wp-content\/uploads\/sites\/5\/2018\/06\/Inauguran-nueva-sala-de-hemodialisis-igss-zona-6-2018-7-696x464.jpg 696w, \/wp-content\/uploads\/sites\/5\/2018\/06\/Inauguran-nueva-sala-de-hemodialisis-igss-zona-6-2018-7-1068x712.jpg 1068w, \/wp-content\/uploads\/sites\/5\/2018\/06\/Inauguran-nueva-sala-de-hemodialisis-igss-zona-6-2018-7-534x356.jpg 534w, \/wp-content\/uploads\/sites\/5\/2018\/06\/Inauguran-nueva-sala-de-hemodialisis-igss-zona-6-2018-7.jpg 1860w\" sizes=\"(max-width: 630px) 100vw, 630px\" alt=\"\">\r\n                            <\/a>\r\n                            \r\n                        <\/figure>\r\n                    <\/div>\r\n                            <\/div>\r\n                        <\/div>\r\n\r\n                        <div class = \"td-doubleSlider-2\">\r\n                            <div class = \"td-slider\">\r\n                                \r\n                    <div class = \"td-button td-item1\">\r\n                        <div class = \"td-border\"><\/div>\r\n                    <\/div>\r\n                    <div class = \"td-button td-item2\">\r\n                        <div class = \"td-border\"><\/div>\r\n                    <\/div>\r\n                    <div class = \"td-button td-item3\">\r\n                        <div class = \"td-border\"><\/div>\r\n                    <\/div>\r\n                    <div class = \"td-button td-item4\">\r\n                        <div class = \"td-border\"><\/div>\r\n                    <\/div>\r\n                    <div class = \"td-button td-item5\">\r\n                        <div class = \"td-border\"><\/div>\r\n                    <\/div>\r\n                    <div class = \"td-button td-item6\">\r\n                        <div class = \"td-border\"><\/div>\r\n                    <\/div>\r\n                    <div class = \"td-button td-item7\">\r\n                        <div class = \"td-border\"><\/div>\r\n                    <\/div>\r\n                            <\/div>\r\n                        <\/div>\r\n\r\n                    <\/div>\r\n\r\n                <\/div>\r\n                \n<hr \/>\n<p>&nbsp;<\/p>\n","protected":false},"excerpt":{"rendered":"<p>Autoridades del Hospital Doctor Juan Jos\u00e9 Ar\u00e9valo Bermejo, zona 6, inauguraron una sala de hemodi\u00e1lisis, la cual tiene capacidad para atender a 240 pacientes cada mes, inform\u00f3 el doctor Elmer Enrique Hern\u00e1ndez, nefr\u00f3logo de esta unidad. La sala cuenta con tres m\u00e1quinas y tres sillones especiales para el tratamiento de los pacientes. Esta nueva \u00e1rea [&hellip;]<\/p>\n","protected":false},"author":4,"featured_media":5427,"comment_status":"open","ping_status":"open","sticky":false,"template":"","format":"standard","meta":{"footnotes":""},"categories":[3,15,16,29],"tags":[479,490,656],"coauthors":[],"class_list":{"0":"post-5426","1":"post","2":"type-post","3":"status-publish","4":"format-standard","5":"has-post-thumbnail","7":"category-actualidad","8":"category-destacado","9":"category-featured","10":"category-publicaciones","11":"tag-hospital-dr-juan-jose-arevalo-bermejo","12":"tag-igss","13":"tag-nefrologia-del-igss"},"_links":{"self":[{"href":"https:\/\/www.igssgt.org\/noticias\/wp-json\/wp\/v2\/posts\/5426","targetHints":{"allow":["GET"]}}],"collection":[{"href":"https:\/\/www.igssgt.org\/noticias\/wp-json\/wp\/v2\/posts"}],"about":[{"href":"https:\/\/www.igssgt.org\/noticias\/wp-json\/wp\/v2\/types\/post"}],"author":[{"embeddable":true,"href":"https:\/\/www.igssgt.org\/noticias\/wp-json\/wp\/v2\/users\/4"}],"replies":[{"embeddable":true,"href":"https:\/\/www.igssgt.org\/noticias\/wp-json\/wp\/v2\/comments?post=5426"}],"version-history":[{"count":0,"href":"https:\/\/www.igssgt.org\/noticias\/wp-json\/wp\/v2\/posts\/5426\/revisions"}],"wp:featuredmedia":[{"embeddable":true,"href":"https:\/\/www.igssgt.org\/noticias\/wp-json\/wp\/v2\/media\/5427"}],"wp:attachment":[{"href":"https:\/\/www.igssgt.org\/noticias\/wp-json\/wp\/v2\/media?parent=5426"}],"wp:term":[{"taxonomy":"category","embeddable":true,"href":"https:\/\/www.igssgt.org\/noticias\/wp-json\/wp\/v2\/categories?post=5426"},{"taxonomy":"post_tag","embeddable":true,"href":"https:\/\/www.igssgt.org\/noticias\/wp-json\/wp\/v2\/tags?post=5426"},{"taxonomy":"author","embeddable":true,"href":"https:\/\/www.igssgt.org\/noticias\/wp-json\/wp\/v2\/coauthors?post=5426"}],"curies":[{"name":"wp","href":"https:\/\/api.w.org\/{rel}","templated":true}]}}