{"id":54346,"date":"2026-03-10T12:52:00","date_gmt":"2026-03-10T18:52:00","guid":{"rendered":"https:\/\/www.igssgt.org\/noticias\/?p=54346"},"modified":"2026-03-10T12:52:01","modified_gmt":"2026-03-10T18:52:01","slug":"el-igss-se-hace-presente-en-el-club-campestre-la-montana","status":"publish","type":"post","link":"https:\/\/www.igssgt.org\/noticias\/2026\/03\/10\/el-igss-se-hace-presente-en-el-club-campestre-la-montana\/","title":{"rendered":"El IGSS se hace presente en el Club Campestre la Monta\u00f1a"},"content":{"rendered":"\n<p class=\"dropcapp2\">En un esfuerzo por promover la prevenci\u00f3n en los entornos laborales, el Instituto Guatemalteco de Seguridad Social (IGSS) llev\u00f3 a cabo una exitosa\u00a0 jornada de la Seguridad Social dirigida a los colaboradores del Club Campestre La Monta\u00f1a.<\/p>\n\n\n\n<figure id=\"attachment_54348\" aria-describedby=\"caption-attachment-54348\" style=\"width: 1600px\" class=\"wp-caption aligncenter\"><a href=\"\/wp-content\/uploads\/sites\/5\/2026\/03\/IGSS-Jornada-de-la-Seguridad-Social-Club-Camprestre-La-Montana-202616.jpg\"><img loading=\"lazy\" decoding=\"async\" class=\"size-full wp-image-54348\" src=\"\/wp-content\/uploads\/sites\/5\/2026\/03\/IGSS-Jornada-de-la-Seguridad-Social-Club-Camprestre-La-Montana-202616.jpg\" alt=\"\" width=\"1600\" height=\"1066\" srcset=\"\/wp-content\/uploads\/sites\/5\/2026\/03\/IGSS-Jornada-de-la-Seguridad-Social-Club-Camprestre-La-Montana-202616.jpg 1600w, \/wp-content\/uploads\/sites\/5\/2026\/03\/IGSS-Jornada-de-la-Seguridad-Social-Club-Camprestre-La-Montana-202616-300x200.jpg 300w, \/wp-content\/uploads\/sites\/5\/2026\/03\/IGSS-Jornada-de-la-Seguridad-Social-Club-Camprestre-La-Montana-202616-1024x682.jpg 1024w, \/wp-content\/uploads\/sites\/5\/2026\/03\/IGSS-Jornada-de-la-Seguridad-Social-Club-Camprestre-La-Montana-202616-768x512.jpg 768w, \/wp-content\/uploads\/sites\/5\/2026\/03\/IGSS-Jornada-de-la-Seguridad-Social-Club-Camprestre-La-Montana-202616-1536x1023.jpg 1536w, \/wp-content\/uploads\/sites\/5\/2026\/03\/IGSS-Jornada-de-la-Seguridad-Social-Club-Camprestre-La-Montana-202616-630x420.jpg 630w, \/wp-content\/uploads\/sites\/5\/2026\/03\/IGSS-Jornada-de-la-Seguridad-Social-Club-Camprestre-La-Montana-202616-696x464.jpg 696w, \/wp-content\/uploads\/sites\/5\/2026\/03\/IGSS-Jornada-de-la-Seguridad-Social-Club-Camprestre-La-Montana-202616-1068x712.jpg 1068w, \/wp-content\/uploads\/sites\/5\/2026\/03\/IGSS-Jornada-de-la-Seguridad-Social-Club-Camprestre-La-Montana-202616-534x356.jpg 534w\" sizes=\"auto, (max-width: 1600px) 100vw, 1600px\" \/><\/a><figcaption id=\"caption-attachment-54348\" class=\"wp-caption-text\">Los colaboradores del Club Campestre, se hicieron presentes desde las seis de la ma\u00f1ana para ser atendidos por personal de salud del Instituto.<\/figcaption><\/figure>\n<p>Durante la actividad, m\u00e1s de 145 trabajadores fueron atendidos por profesionales de la salud, quienes tuvieron acceso a ex\u00e1menes de laboratorio y toma de signos vitales sin que el personal tuviera que abandonar su lugar de trabajo.<\/p>\n<p>Kimberly Toj, encargada de Recursos Humanos del Club, enfatiz\u00f3: \u00absi el colaborador est\u00e1 bien, desempe\u00f1a mejor su labor; es un beneficio directo para asegurar el bienestar de todos\u00bb, por esta raz\u00f3n las alianzas con el Seguro Social son fundamentales para mantener un equipo sano y motivado.<\/p>\n<figure id=\"attachment_54349\" aria-describedby=\"caption-attachment-54349\" style=\"width: 1200px\" class=\"wp-caption aligncenter\"><a href=\"\/wp-content\/uploads\/sites\/5\/2026\/03\/IGSS-Jornada-de-la-Seguridad-Social-Club-Camprestre-La-Montana-202617.jpg\"><img loading=\"lazy\" decoding=\"async\" class=\"size-full wp-image-54349\" src=\"\/wp-content\/uploads\/sites\/5\/2026\/03\/IGSS-Jornada-de-la-Seguridad-Social-Club-Camprestre-La-Montana-202617.jpg\" alt=\"\" width=\"1200\" height=\"1600\" srcset=\"\/wp-content\/uploads\/sites\/5\/2026\/03\/IGSS-Jornada-de-la-Seguridad-Social-Club-Camprestre-La-Montana-202617.jpg 1200w, \/wp-content\/uploads\/sites\/5\/2026\/03\/IGSS-Jornada-de-la-Seguridad-Social-Club-Camprestre-La-Montana-202617-225x300.jpg 225w, \/wp-content\/uploads\/sites\/5\/2026\/03\/IGSS-Jornada-de-la-Seguridad-Social-Club-Camprestre-La-Montana-202617-768x1024.jpg 768w, \/wp-content\/uploads\/sites\/5\/2026\/03\/IGSS-Jornada-de-la-Seguridad-Social-Club-Camprestre-La-Montana-202617-1152x1536.jpg 1152w, \/wp-content\/uploads\/sites\/5\/2026\/03\/IGSS-Jornada-de-la-Seguridad-Social-Club-Camprestre-La-Montana-202617-315x420.jpg 315w, \/wp-content\/uploads\/sites\/5\/2026\/03\/IGSS-Jornada-de-la-Seguridad-Social-Club-Camprestre-La-Montana-202617-696x928.jpg 696w, \/wp-content\/uploads\/sites\/5\/2026\/03\/IGSS-Jornada-de-la-Seguridad-Social-Club-Camprestre-La-Montana-202617-1068x1424.jpg 1068w, \/wp-content\/uploads\/sites\/5\/2026\/03\/IGSS-Jornada-de-la-Seguridad-Social-Club-Camprestre-La-Montana-202617-347x462.jpg 347w\" sizes=\"auto, (max-width: 1200px) 100vw, 1200px\" \/><\/a><figcaption id=\"caption-attachment-54349\" class=\"wp-caption-text\">\u201cUn IGSS m\u00e1s cerca de ti\u201d, es el eslogan que se cumple con acciones a trav\u00e9s de las Jornadas de la Seguridad Social.<\/figcaption><\/figure>\n<p>Para muchos trabajadores, la falta de tiempo es el principal obst\u00e1culo para realizarse chequeos rutinarios. Esteban Astun, colaborador del club, expres\u00f3 su gratitud hacia el programa por acercar los servicios m\u00e9dicos a su jornada diaria.<\/p>\n<p>\u201cEste tipo de actividades nos ha dado a nosotros como empresa un mejor control para el bienestar en nuestros colaboradores\u201d, manifest\u00f3 Dora Gonz\u00e1lez, enfermera y monitor de Salud y Seguridad Social del establecimiento, tambi\u00e9n expres\u00f3 que fue a trav\u00e9s de las redes sociales del IGSS se enter\u00f3 de este tipo de actividades y quis\u00f3 implementarlo para su empresa y compa\u00f1eros de trabajo.<\/p>\n<figure id=\"attachment_54350\" aria-describedby=\"caption-attachment-54350\" style=\"width: 1280px\" class=\"wp-caption aligncenter\"><a href=\"\/wp-content\/uploads\/sites\/5\/2026\/03\/IGSS-Jornada-de-la-Seguridad-Social-Club-Camprestre-La-Montana-202619.jpg\"><img loading=\"lazy\" decoding=\"async\" class=\"size-full wp-image-54350\" src=\"\/wp-content\/uploads\/sites\/5\/2026\/03\/IGSS-Jornada-de-la-Seguridad-Social-Club-Camprestre-La-Montana-202619.jpg\" alt=\"\" width=\"1280\" height=\"960\" srcset=\"\/wp-content\/uploads\/sites\/5\/2026\/03\/IGSS-Jornada-de-la-Seguridad-Social-Club-Camprestre-La-Montana-202619.jpg 1280w, \/wp-content\/uploads\/sites\/5\/2026\/03\/IGSS-Jornada-de-la-Seguridad-Social-Club-Camprestre-La-Montana-202619-300x225.jpg 300w, \/wp-content\/uploads\/sites\/5\/2026\/03\/IGSS-Jornada-de-la-Seguridad-Social-Club-Camprestre-La-Montana-202619-1024x768.jpg 1024w, \/wp-content\/uploads\/sites\/5\/2026\/03\/IGSS-Jornada-de-la-Seguridad-Social-Club-Camprestre-La-Montana-202619-768x576.jpg 768w, \/wp-content\/uploads\/sites\/5\/2026\/03\/IGSS-Jornada-de-la-Seguridad-Social-Club-Camprestre-La-Montana-202619-560x420.jpg 560w, \/wp-content\/uploads\/sites\/5\/2026\/03\/IGSS-Jornada-de-la-Seguridad-Social-Club-Camprestre-La-Montana-202619-80x60.jpg 80w, \/wp-content\/uploads\/sites\/5\/2026\/03\/IGSS-Jornada-de-la-Seguridad-Social-Club-Camprestre-La-Montana-202619-696x522.jpg 696w, \/wp-content\/uploads\/sites\/5\/2026\/03\/IGSS-Jornada-de-la-Seguridad-Social-Club-Camprestre-La-Montana-202619-1068x801.jpg 1068w, \/wp-content\/uploads\/sites\/5\/2026\/03\/IGSS-Jornada-de-la-Seguridad-Social-Club-Camprestre-La-Montana-202619-265x198.jpg 265w, \/wp-content\/uploads\/sites\/5\/2026\/03\/IGSS-Jornada-de-la-Seguridad-Social-Club-Camprestre-La-Montana-202619-534x401.jpg 534w\" sizes=\"auto, (max-width: 1280px) 100vw, 1280px\" \/><\/a><figcaption id=\"caption-attachment-54350\" class=\"wp-caption-text\">Para la administraci\u00f3n del Club, estas alianzas son fundamentales para mantener un equipo sano y motivado.<\/figcaption><\/figure>\n<p>Con estas jornadas, el IGSS transforma la prevenci\u00f3n en una realidad para los trabajadores afiliados, demostrando que cuidar la salud dentro del entorno laboral es la clave para una vida plena y un equipo de trabajo fortalecido.<\/p>\n\r\n                <style type=\"text\/css\">\r\n                    \r\n                    #tdi_1  .td-doubleSlider-2 .td-item1 {\r\n                        background: url(\/wp-content\/uploads\/sites\/5\/2026\/03\/IGSS-Jornada-de-la-Seguridad-Social-Club-Camprestre-La-Montana-20266-80x60.jpg) 0 0 no-repeat;\r\n                    }\r\n                    #tdi_1  .td-doubleSlider-2 .td-item2 {\r\n                        background: url(\/wp-content\/uploads\/sites\/5\/2026\/03\/IGSS-Jornada-de-la-Seguridad-Social-Club-Camprestre-La-Montana-202610-80x60.jpg) 0 0 no-repeat;\r\n                    }\r\n                    #tdi_1  .td-doubleSlider-2 .td-item3 {\r\n                        background: url(\/wp-content\/uploads\/sites\/5\/2026\/03\/IGSS-Jornada-de-la-Seguridad-Social-Club-Camprestre-La-Montana-20260-80x60.jpg) 0 0 no-repeat;\r\n                    }\r\n                    #tdi_1  .td-doubleSlider-2 .td-item4 {\r\n                        background: url(\/wp-content\/uploads\/sites\/5\/2026\/03\/IGSS-Jornada-de-la-Seguridad-Social-Club-Camprestre-La-Montana-202615-80x60.jpg) 0 0 no-repeat;\r\n                    }\r\n                    #tdi_1  .td-doubleSlider-2 .td-item5 {\r\n                        background: url(\/wp-content\/uploads\/sites\/5\/2026\/03\/IGSS-Jornada-de-la-Seguridad-Social-Club-Camprestre-La-Montana-20263-80x60.jpg) 0 0 no-repeat;\r\n                    }\r\n                    #tdi_1  .td-doubleSlider-2 .td-item6 {\r\n                        background: url(\/wp-content\/uploads\/sites\/5\/2026\/03\/IGSS-Jornada-de-la-Seguridad-Social-Club-Camprestre-La-Montana-20268-80x60.jpg) 0 0 no-repeat;\r\n                    }\r\n                    #tdi_1  .td-doubleSlider-2 .td-item7 {\r\n                        background: url(\/wp-content\/uploads\/sites\/5\/2026\/03\/IGSS-Jornada-de-la-Seguridad-Social-Club-Camprestre-La-Montana-20261-80x60.jpg) 0 0 no-repeat;\r\n                    }\r\n                    #tdi_1  .td-doubleSlider-2 .td-item8 {\r\n                        background: url(\/wp-content\/uploads\/sites\/5\/2026\/03\/IGSS-Jornada-de-la-Seguridad-Social-Club-Camprestre-La-Montana-20265-80x60.jpg) 0 0 no-repeat;\r\n                    }\r\n                    #tdi_1  .td-doubleSlider-2 .td-item9 {\r\n                        background: url(\/wp-content\/uploads\/sites\/5\/2026\/03\/IGSS-Jornada-de-la-Seguridad-Social-Club-Camprestre-La-Montana-20269-80x60.jpg) 0 0 no-repeat;\r\n                    }\r\n                    #tdi_1  .td-doubleSlider-2 .td-item10 {\r\n                        background: url(\/wp-content\/uploads\/sites\/5\/2026\/03\/IGSS-Jornada-de-la-Seguridad-Social-Club-Camprestre-La-Montana-20267-80x60.jpg) 0 0 no-repeat;\r\n                    }\r\n                    #tdi_1  .td-doubleSlider-2 .td-item11 {\r\n                        background: url(\/wp-content\/uploads\/sites\/5\/2026\/03\/IGSS-Jornada-de-la-Seguridad-Social-Club-Camprestre-La-Montana-202613-80x60.jpg) 0 0 no-repeat;\r\n                    }\r\n                    #tdi_1  .td-doubleSlider-2 .td-item12 {\r\n                        background: url(\/wp-content\/uploads\/sites\/5\/2026\/03\/IGSS-Jornada-de-la-Seguridad-Social-Club-Camprestre-La-Montana-202618-80x60.jpg) 0 0 no-repeat;\r\n                    }\r\n                    #tdi_1  .td-doubleSlider-2 .td-item13 {\r\n                        background: url(\/wp-content\/uploads\/sites\/5\/2026\/03\/IGSS-Jornada-de-la-Seguridad-Social-Club-Camprestre-La-Montana-20264-80x60.jpg) 0 0 no-repeat;\r\n                    }\r\n                    #tdi_1  .td-doubleSlider-2 .td-item14 {\r\n                        background: url(\/wp-content\/uploads\/sites\/5\/2026\/03\/IGSS-Jornada-de-la-Seguridad-Social-Club-Camprestre-La-Montana-20262-80x60.jpg) 0 0 no-repeat;\r\n                    }\r\n                    #tdi_1  .td-doubleSlider-2 .td-item15 {\r\n                        background: url(\/wp-content\/uploads\/sites\/5\/2026\/03\/IGSS-Jornada-de-la-Seguridad-Social-Club-Camprestre-La-Montana-202611-80x60.jpg) 0 0 no-repeat;\r\n                    }\r\n                    #tdi_1  .td-doubleSlider-2 .td-item16 {\r\n                        background: url(\/wp-content\/uploads\/sites\/5\/2026\/03\/IGSS-Jornada-de-la-Seguridad-Social-Club-Camprestre-La-Montana-202614-80x60.jpg) 0 0 no-repeat;\r\n                    }\r\n                <\/style>\r\n\r\n                <div id=\"tdi_1\" class=\"td-gallery td-slide-on-2-columns\">\r\n                    <div class=\"post_td_gallery\">\r\n                        <div class=\"td-gallery-slide-top\">\r\n                           <div class=\"td-gallery-title\">M\u00e1s fotos de la Jornada:<\/div>\r\n\r\n                            <div class=\"td-gallery-controls-wrapper\">\r\n                                <div class=\"td-gallery-slide-count\"><span class=\"td-gallery-slide-item-focus\">1<\/span> de 16<\/div>\r\n                                <div class=\"td-gallery-slide-prev-next-but\">\r\n                                    <i class = \"td-icon-left doubleSliderPrevButton\"><\/i>\r\n                                    <i class = \"td-icon-right doubleSliderNextButton\"><\/i>\r\n                                <\/div>\r\n                            <\/div>\r\n                        <\/div>\r\n\r\n                        <div class = \"td-doubleSlider-1 \">\r\n                            <div class = \"td-slider\">\r\n                                \r\n                    <div class = \"td-slide-item td-item1\">\r\n                        <figure class=\"td-slide-galery-figure td-slide-popup-gallery\">\r\n                            <a class=\"slide-gallery-image-link\" href=\"\/wp-content\/uploads\/sites\/5\/2026\/03\/IGSS-Jornada-de-la-Seguridad-Social-Club-Camprestre-La-Montana-20266.jpg\" title=\"IGSS Jornada de la Seguridad Social Club Camprestre La Montan\u0303a 20266\"  data-caption=\"\"  data-description=\"\">\r\n                                <img decoding=\"async\" src=\"\/wp-content\/uploads\/sites\/5\/2026\/03\/IGSS-Jornada-de-la-Seguridad-Social-Club-Camprestre-La-Montana-20266-630x420.jpg\" srcset=\"\/wp-content\/uploads\/sites\/5\/2026\/03\/IGSS-Jornada-de-la-Seguridad-Social-Club-Camprestre-La-Montana-20266-630x420.jpg 630w, \/wp-content\/uploads\/sites\/5\/2026\/03\/IGSS-Jornada-de-la-Seguridad-Social-Club-Camprestre-La-Montana-20266-300x200.jpg 300w, \/wp-content\/uploads\/sites\/5\/2026\/03\/IGSS-Jornada-de-la-Seguridad-Social-Club-Camprestre-La-Montana-20266-1024x682.jpg 1024w, \/wp-content\/uploads\/sites\/5\/2026\/03\/IGSS-Jornada-de-la-Seguridad-Social-Club-Camprestre-La-Montana-20266-768x512.jpg 768w, \/wp-content\/uploads\/sites\/5\/2026\/03\/IGSS-Jornada-de-la-Seguridad-Social-Club-Camprestre-La-Montana-20266-1536x1023.jpg 1536w, \/wp-content\/uploads\/sites\/5\/2026\/03\/IGSS-Jornada-de-la-Seguridad-Social-Club-Camprestre-La-Montana-20266-696x464.jpg 696w, \/wp-content\/uploads\/sites\/5\/2026\/03\/IGSS-Jornada-de-la-Seguridad-Social-Club-Camprestre-La-Montana-20266-1068x712.jpg 1068w, \/wp-content\/uploads\/sites\/5\/2026\/03\/IGSS-Jornada-de-la-Seguridad-Social-Club-Camprestre-La-Montana-20266-534x356.jpg 534w, \/wp-content\/uploads\/sites\/5\/2026\/03\/IGSS-Jornada-de-la-Seguridad-Social-Club-Camprestre-La-Montana-20266.jpg 1600w\" sizes=\"(max-width: 630px) 100vw, 630px\" alt=\"\">\r\n                            <\/a>\r\n                            \r\n                        <\/figure>\r\n                    <\/div>\r\n                    <div class = \"td-slide-item td-item2\">\r\n                        <figure class=\"td-slide-galery-figure td-slide-popup-gallery\">\r\n                            <a class=\"slide-gallery-image-link\" href=\"\/wp-content\/uploads\/sites\/5\/2026\/03\/IGSS-Jornada-de-la-Seguridad-Social-Club-Camprestre-La-Montana-202610.jpg\" title=\"IGSS Jornada de la Seguridad Social Club Camprestre La Montan\u0303a 202610\"  data-caption=\"\"  data-description=\"\">\r\n                                <img decoding=\"async\" src=\"\/wp-content\/uploads\/sites\/5\/2026\/03\/IGSS-Jornada-de-la-Seguridad-Social-Club-Camprestre-La-Montana-202610-630x420.jpg\" srcset=\"\/wp-content\/uploads\/sites\/5\/2026\/03\/IGSS-Jornada-de-la-Seguridad-Social-Club-Camprestre-La-Montana-202610-630x420.jpg 630w, \/wp-content\/uploads\/sites\/5\/2026\/03\/IGSS-Jornada-de-la-Seguridad-Social-Club-Camprestre-La-Montana-202610-300x200.jpg 300w, \/wp-content\/uploads\/sites\/5\/2026\/03\/IGSS-Jornada-de-la-Seguridad-Social-Club-Camprestre-La-Montana-202610-1024x682.jpg 1024w, \/wp-content\/uploads\/sites\/5\/2026\/03\/IGSS-Jornada-de-la-Seguridad-Social-Club-Camprestre-La-Montana-202610-768x512.jpg 768w, \/wp-content\/uploads\/sites\/5\/2026\/03\/IGSS-Jornada-de-la-Seguridad-Social-Club-Camprestre-La-Montana-202610-1536x1023.jpg 1536w, \/wp-content\/uploads\/sites\/5\/2026\/03\/IGSS-Jornada-de-la-Seguridad-Social-Club-Camprestre-La-Montana-202610-696x464.jpg 696w, \/wp-content\/uploads\/sites\/5\/2026\/03\/IGSS-Jornada-de-la-Seguridad-Social-Club-Camprestre-La-Montana-202610-1068x712.jpg 1068w, \/wp-content\/uploads\/sites\/5\/2026\/03\/IGSS-Jornada-de-la-Seguridad-Social-Club-Camprestre-La-Montana-202610-534x356.jpg 534w, \/wp-content\/uploads\/sites\/5\/2026\/03\/IGSS-Jornada-de-la-Seguridad-Social-Club-Camprestre-La-Montana-202610.jpg 1600w\" sizes=\"(max-width: 630px) 100vw, 630px\" alt=\"\">\r\n                            <\/a>\r\n                            \r\n                        <\/figure>\r\n                    <\/div>\r\n                    <div class = \"td-slide-item td-item3\">\r\n                        <figure class=\"td-slide-galery-figure td-slide-popup-gallery\">\r\n                            <a class=\"slide-gallery-image-link\" href=\"\/wp-content\/uploads\/sites\/5\/2026\/03\/IGSS-Jornada-de-la-Seguridad-Social-Club-Camprestre-La-Montana-20260.jpg\" title=\"IGSS Jornada de la Seguridad Social Club Camprestre La Montan\u0303a 20260\"  data-caption=\"\"  data-description=\"\">\r\n                                <img decoding=\"async\" src=\"\/wp-content\/uploads\/sites\/5\/2026\/03\/IGSS-Jornada-de-la-Seguridad-Social-Club-Camprestre-La-Montana-20260-280x420.jpg\" srcset=\"\/wp-content\/uploads\/sites\/5\/2026\/03\/IGSS-Jornada-de-la-Seguridad-Social-Club-Camprestre-La-Montana-20260-280x420.jpg 280w, \/wp-content\/uploads\/sites\/5\/2026\/03\/IGSS-Jornada-de-la-Seguridad-Social-Club-Camprestre-La-Montana-20260-200x300.jpg 200w, \/wp-content\/uploads\/sites\/5\/2026\/03\/IGSS-Jornada-de-la-Seguridad-Social-Club-Camprestre-La-Montana-20260-682x1024.jpg 682w, \/wp-content\/uploads\/sites\/5\/2026\/03\/IGSS-Jornada-de-la-Seguridad-Social-Club-Camprestre-La-Montana-20260-768x1153.jpg 768w, \/wp-content\/uploads\/sites\/5\/2026\/03\/IGSS-Jornada-de-la-Seguridad-Social-Club-Camprestre-La-Montana-20260-1023x1536.jpg 1023w, \/wp-content\/uploads\/sites\/5\/2026\/03\/IGSS-Jornada-de-la-Seguridad-Social-Club-Camprestre-La-Montana-20260-696x1045.jpg 696w, \/wp-content\/uploads\/sites\/5\/2026\/03\/IGSS-Jornada-de-la-Seguridad-Social-Club-Camprestre-La-Montana-20260-308x462.jpg 308w, \/wp-content\/uploads\/sites\/5\/2026\/03\/IGSS-Jornada-de-la-Seguridad-Social-Club-Camprestre-La-Montana-20260.jpg 1066w\" sizes=\"(max-width: 280px) 100vw, 280px\" alt=\"\">\r\n                            <\/a>\r\n                            \r\n                        <\/figure>\r\n                    <\/div>\r\n                    <div class = \"td-slide-item td-item4\">\r\n                        <figure class=\"td-slide-galery-figure td-slide-popup-gallery\">\r\n                            <a class=\"slide-gallery-image-link\" href=\"\/wp-content\/uploads\/sites\/5\/2026\/03\/IGSS-Jornada-de-la-Seguridad-Social-Club-Camprestre-La-Montana-202615.jpg\" title=\"IGSS Jornada de la Seguridad Social Club Camprestre La Montan\u0303a 202615\"  data-caption=\"\"  data-description=\"\">\r\n                                <img decoding=\"async\" src=\"\/wp-content\/uploads\/sites\/5\/2026\/03\/IGSS-Jornada-de-la-Seguridad-Social-Club-Camprestre-La-Montana-202615-280x420.jpg\" srcset=\"\/wp-content\/uploads\/sites\/5\/2026\/03\/IGSS-Jornada-de-la-Seguridad-Social-Club-Camprestre-La-Montana-202615-280x420.jpg 280w, \/wp-content\/uploads\/sites\/5\/2026\/03\/IGSS-Jornada-de-la-Seguridad-Social-Club-Camprestre-La-Montana-202615-200x300.jpg 200w, \/wp-content\/uploads\/sites\/5\/2026\/03\/IGSS-Jornada-de-la-Seguridad-Social-Club-Camprestre-La-Montana-202615-682x1024.jpg 682w, \/wp-content\/uploads\/sites\/5\/2026\/03\/IGSS-Jornada-de-la-Seguridad-Social-Club-Camprestre-La-Montana-202615-768x1153.jpg 768w, \/wp-content\/uploads\/sites\/5\/2026\/03\/IGSS-Jornada-de-la-Seguridad-Social-Club-Camprestre-La-Montana-202615-1023x1536.jpg 1023w, \/wp-content\/uploads\/sites\/5\/2026\/03\/IGSS-Jornada-de-la-Seguridad-Social-Club-Camprestre-La-Montana-202615-696x1045.jpg 696w, \/wp-content\/uploads\/sites\/5\/2026\/03\/IGSS-Jornada-de-la-Seguridad-Social-Club-Camprestre-La-Montana-202615-308x462.jpg 308w, \/wp-content\/uploads\/sites\/5\/2026\/03\/IGSS-Jornada-de-la-Seguridad-Social-Club-Camprestre-La-Montana-202615.jpg 1066w\" sizes=\"(max-width: 280px) 100vw, 280px\" alt=\"\">\r\n                            <\/a>\r\n                            \r\n                        <\/figure>\r\n                    <\/div>\r\n                    <div class = \"td-slide-item td-item5\">\r\n                        <figure class=\"td-slide-galery-figure td-slide-popup-gallery\">\r\n                            <a class=\"slide-gallery-image-link\" href=\"\/wp-content\/uploads\/sites\/5\/2026\/03\/IGSS-Jornada-de-la-Seguridad-Social-Club-Camprestre-La-Montana-20263.jpg\" title=\"IGSS Jornada de la Seguridad Social Club Camprestre La Montan\u0303a 20263\"  data-caption=\"\"  data-description=\"\">\r\n                                <img decoding=\"async\" src=\"\/wp-content\/uploads\/sites\/5\/2026\/03\/IGSS-Jornada-de-la-Seguridad-Social-Club-Camprestre-La-Montana-20263-630x420.jpg\" srcset=\"\/wp-content\/uploads\/sites\/5\/2026\/03\/IGSS-Jornada-de-la-Seguridad-Social-Club-Camprestre-La-Montana-20263-630x420.jpg 630w, \/wp-content\/uploads\/sites\/5\/2026\/03\/IGSS-Jornada-de-la-Seguridad-Social-Club-Camprestre-La-Montana-20263-300x200.jpg 300w, \/wp-content\/uploads\/sites\/5\/2026\/03\/IGSS-Jornada-de-la-Seguridad-Social-Club-Camprestre-La-Montana-20263-1024x682.jpg 1024w, \/wp-content\/uploads\/sites\/5\/2026\/03\/IGSS-Jornada-de-la-Seguridad-Social-Club-Camprestre-La-Montana-20263-768x512.jpg 768w, \/wp-content\/uploads\/sites\/5\/2026\/03\/IGSS-Jornada-de-la-Seguridad-Social-Club-Camprestre-La-Montana-20263-1536x1023.jpg 1536w, \/wp-content\/uploads\/sites\/5\/2026\/03\/IGSS-Jornada-de-la-Seguridad-Social-Club-Camprestre-La-Montana-20263-696x464.jpg 696w, \/wp-content\/uploads\/sites\/5\/2026\/03\/IGSS-Jornada-de-la-Seguridad-Social-Club-Camprestre-La-Montana-20263-1068x712.jpg 1068w, \/wp-content\/uploads\/sites\/5\/2026\/03\/IGSS-Jornada-de-la-Seguridad-Social-Club-Camprestre-La-Montana-20263-534x356.jpg 534w, \/wp-content\/uploads\/sites\/5\/2026\/03\/IGSS-Jornada-de-la-Seguridad-Social-Club-Camprestre-La-Montana-20263.jpg 1600w\" sizes=\"(max-width: 630px) 100vw, 630px\" alt=\"\">\r\n                            <\/a>\r\n                            \r\n                        <\/figure>\r\n                    <\/div>\r\n                    <div class = \"td-slide-item td-item6\">\r\n                        <figure class=\"td-slide-galery-figure td-slide-popup-gallery\">\r\n                            <a class=\"slide-gallery-image-link\" href=\"\/wp-content\/uploads\/sites\/5\/2026\/03\/IGSS-Jornada-de-la-Seguridad-Social-Club-Camprestre-La-Montana-20268.jpg\" title=\"IGSS Jornada de la Seguridad Social Club Camprestre La Montan\u0303a 20268\"  data-caption=\"\"  data-description=\"\">\r\n                                <img decoding=\"async\" src=\"\/wp-content\/uploads\/sites\/5\/2026\/03\/IGSS-Jornada-de-la-Seguridad-Social-Club-Camprestre-La-Montana-20268-560x420.jpg\" srcset=\"\/wp-content\/uploads\/sites\/5\/2026\/03\/IGSS-Jornada-de-la-Seguridad-Social-Club-Camprestre-La-Montana-20268-560x420.jpg 560w, \/wp-content\/uploads\/sites\/5\/2026\/03\/IGSS-Jornada-de-la-Seguridad-Social-Club-Camprestre-La-Montana-20268-300x225.jpg 300w, \/wp-content\/uploads\/sites\/5\/2026\/03\/IGSS-Jornada-de-la-Seguridad-Social-Club-Camprestre-La-Montana-20268-1024x768.jpg 1024w, \/wp-content\/uploads\/sites\/5\/2026\/03\/IGSS-Jornada-de-la-Seguridad-Social-Club-Camprestre-La-Montana-20268-768x576.jpg 768w, \/wp-content\/uploads\/sites\/5\/2026\/03\/IGSS-Jornada-de-la-Seguridad-Social-Club-Camprestre-La-Montana-20268-80x60.jpg 80w, \/wp-content\/uploads\/sites\/5\/2026\/03\/IGSS-Jornada-de-la-Seguridad-Social-Club-Camprestre-La-Montana-20268-696x522.jpg 696w, \/wp-content\/uploads\/sites\/5\/2026\/03\/IGSS-Jornada-de-la-Seguridad-Social-Club-Camprestre-La-Montana-20268-1068x801.jpg 1068w, \/wp-content\/uploads\/sites\/5\/2026\/03\/IGSS-Jornada-de-la-Seguridad-Social-Club-Camprestre-La-Montana-20268-265x198.jpg 265w, \/wp-content\/uploads\/sites\/5\/2026\/03\/IGSS-Jornada-de-la-Seguridad-Social-Club-Camprestre-La-Montana-20268-534x401.jpg 534w, \/wp-content\/uploads\/sites\/5\/2026\/03\/IGSS-Jornada-de-la-Seguridad-Social-Club-Camprestre-La-Montana-20268.jpg 1280w\" sizes=\"(max-width: 560px) 100vw, 560px\" alt=\"\">\r\n                            <\/a>\r\n                            \r\n                        <\/figure>\r\n                    <\/div>\r\n                    <div class = \"td-slide-item td-item7\">\r\n                        <figure class=\"td-slide-galery-figure td-slide-popup-gallery\">\r\n                            <a class=\"slide-gallery-image-link\" href=\"\/wp-content\/uploads\/sites\/5\/2026\/03\/IGSS-Jornada-de-la-Seguridad-Social-Club-Camprestre-La-Montana-20261.jpg\" title=\"IGSS Jornada de la Seguridad Social Club Camprestre La Montan\u0303a 20261\"  data-caption=\"\"  data-description=\"\">\r\n                                <img decoding=\"async\" src=\"\/wp-content\/uploads\/sites\/5\/2026\/03\/IGSS-Jornada-de-la-Seguridad-Social-Club-Camprestre-La-Montana-20261-630x420.jpg\" srcset=\"\/wp-content\/uploads\/sites\/5\/2026\/03\/IGSS-Jornada-de-la-Seguridad-Social-Club-Camprestre-La-Montana-20261-630x420.jpg 630w, \/wp-content\/uploads\/sites\/5\/2026\/03\/IGSS-Jornada-de-la-Seguridad-Social-Club-Camprestre-La-Montana-20261-300x200.jpg 300w, \/wp-content\/uploads\/sites\/5\/2026\/03\/IGSS-Jornada-de-la-Seguridad-Social-Club-Camprestre-La-Montana-20261-1024x682.jpg 1024w, \/wp-content\/uploads\/sites\/5\/2026\/03\/IGSS-Jornada-de-la-Seguridad-Social-Club-Camprestre-La-Montana-20261-768x512.jpg 768w, \/wp-content\/uploads\/sites\/5\/2026\/03\/IGSS-Jornada-de-la-Seguridad-Social-Club-Camprestre-La-Montana-20261-1536x1023.jpg 1536w, \/wp-content\/uploads\/sites\/5\/2026\/03\/IGSS-Jornada-de-la-Seguridad-Social-Club-Camprestre-La-Montana-20261-696x464.jpg 696w, \/wp-content\/uploads\/sites\/5\/2026\/03\/IGSS-Jornada-de-la-Seguridad-Social-Club-Camprestre-La-Montana-20261-1068x712.jpg 1068w, \/wp-content\/uploads\/sites\/5\/2026\/03\/IGSS-Jornada-de-la-Seguridad-Social-Club-Camprestre-La-Montana-20261-534x356.jpg 534w, \/wp-content\/uploads\/sites\/5\/2026\/03\/IGSS-Jornada-de-la-Seguridad-Social-Club-Camprestre-La-Montana-20261.jpg 1600w\" sizes=\"(max-width: 630px) 100vw, 630px\" alt=\"\">\r\n                            <\/a>\r\n                            \r\n                        <\/figure>\r\n                    <\/div>\r\n                    <div class = \"td-slide-item td-item8\">\r\n                        <figure class=\"td-slide-galery-figure td-slide-popup-gallery\">\r\n                            <a class=\"slide-gallery-image-link\" href=\"\/wp-content\/uploads\/sites\/5\/2026\/03\/IGSS-Jornada-de-la-Seguridad-Social-Club-Camprestre-La-Montana-20265.jpg\" title=\"IGSS Jornada de la Seguridad Social Club Camprestre La Montan\u0303a 20265\"  data-caption=\"\"  data-description=\"\">\r\n                                <img decoding=\"async\" src=\"\/wp-content\/uploads\/sites\/5\/2026\/03\/IGSS-Jornada-de-la-Seguridad-Social-Club-Camprestre-La-Montana-20265-630x420.jpg\" srcset=\"\/wp-content\/uploads\/sites\/5\/2026\/03\/IGSS-Jornada-de-la-Seguridad-Social-Club-Camprestre-La-Montana-20265-630x420.jpg 630w, \/wp-content\/uploads\/sites\/5\/2026\/03\/IGSS-Jornada-de-la-Seguridad-Social-Club-Camprestre-La-Montana-20265-300x200.jpg 300w, \/wp-content\/uploads\/sites\/5\/2026\/03\/IGSS-Jornada-de-la-Seguridad-Social-Club-Camprestre-La-Montana-20265-1024x682.jpg 1024w, \/wp-content\/uploads\/sites\/5\/2026\/03\/IGSS-Jornada-de-la-Seguridad-Social-Club-Camprestre-La-Montana-20265-768x512.jpg 768w, \/wp-content\/uploads\/sites\/5\/2026\/03\/IGSS-Jornada-de-la-Seguridad-Social-Club-Camprestre-La-Montana-20265-1536x1023.jpg 1536w, \/wp-content\/uploads\/sites\/5\/2026\/03\/IGSS-Jornada-de-la-Seguridad-Social-Club-Camprestre-La-Montana-20265-696x464.jpg 696w, \/wp-content\/uploads\/sites\/5\/2026\/03\/IGSS-Jornada-de-la-Seguridad-Social-Club-Camprestre-La-Montana-20265-1068x712.jpg 1068w, \/wp-content\/uploads\/sites\/5\/2026\/03\/IGSS-Jornada-de-la-Seguridad-Social-Club-Camprestre-La-Montana-20265-534x356.jpg 534w, \/wp-content\/uploads\/sites\/5\/2026\/03\/IGSS-Jornada-de-la-Seguridad-Social-Club-Camprestre-La-Montana-20265.jpg 1600w\" sizes=\"(max-width: 630px) 100vw, 630px\" alt=\"\">\r\n                            <\/a>\r\n                            \r\n                        <\/figure>\r\n                    <\/div>\r\n                    <div class = \"td-slide-item td-item9\">\r\n                        <figure class=\"td-slide-galery-figure td-slide-popup-gallery\">\r\n                            <a class=\"slide-gallery-image-link\" href=\"\/wp-content\/uploads\/sites\/5\/2026\/03\/IGSS-Jornada-de-la-Seguridad-Social-Club-Camprestre-La-Montana-20269.jpg\" title=\"IGSS Jornada de la Seguridad Social Club Camprestre La Montan\u0303a 20269\"  data-caption=\"\"  data-description=\"\">\r\n                                <img decoding=\"async\" src=\"\/wp-content\/uploads\/sites\/5\/2026\/03\/IGSS-Jornada-de-la-Seguridad-Social-Club-Camprestre-La-Montana-20269-630x420.jpg\" srcset=\"\/wp-content\/uploads\/sites\/5\/2026\/03\/IGSS-Jornada-de-la-Seguridad-Social-Club-Camprestre-La-Montana-20269-630x420.jpg 630w, \/wp-content\/uploads\/sites\/5\/2026\/03\/IGSS-Jornada-de-la-Seguridad-Social-Club-Camprestre-La-Montana-20269-300x200.jpg 300w, \/wp-content\/uploads\/sites\/5\/2026\/03\/IGSS-Jornada-de-la-Seguridad-Social-Club-Camprestre-La-Montana-20269-1024x682.jpg 1024w, \/wp-content\/uploads\/sites\/5\/2026\/03\/IGSS-Jornada-de-la-Seguridad-Social-Club-Camprestre-La-Montana-20269-768x512.jpg 768w, \/wp-content\/uploads\/sites\/5\/2026\/03\/IGSS-Jornada-de-la-Seguridad-Social-Club-Camprestre-La-Montana-20269-1536x1023.jpg 1536w, \/wp-content\/uploads\/sites\/5\/2026\/03\/IGSS-Jornada-de-la-Seguridad-Social-Club-Camprestre-La-Montana-20269-696x464.jpg 696w, \/wp-content\/uploads\/sites\/5\/2026\/03\/IGSS-Jornada-de-la-Seguridad-Social-Club-Camprestre-La-Montana-20269-1068x712.jpg 1068w, \/wp-content\/uploads\/sites\/5\/2026\/03\/IGSS-Jornada-de-la-Seguridad-Social-Club-Camprestre-La-Montana-20269-534x356.jpg 534w, \/wp-content\/uploads\/sites\/5\/2026\/03\/IGSS-Jornada-de-la-Seguridad-Social-Club-Camprestre-La-Montana-20269.jpg 1600w\" sizes=\"(max-width: 630px) 100vw, 630px\" alt=\"\">\r\n                            <\/a>\r\n                            \r\n                        <\/figure>\r\n                    <\/div>\r\n                    <div class = \"td-slide-item td-item10\">\r\n                        <figure class=\"td-slide-galery-figure td-slide-popup-gallery\">\r\n                            <a class=\"slide-gallery-image-link\" href=\"\/wp-content\/uploads\/sites\/5\/2026\/03\/IGSS-Jornada-de-la-Seguridad-Social-Club-Camprestre-La-Montana-20267.jpg\" title=\"IGSS Jornada de la Seguridad Social Club Camprestre La Montan\u0303a 20267\"  data-caption=\"\"  data-description=\"\">\r\n                                <img decoding=\"async\" src=\"\/wp-content\/uploads\/sites\/5\/2026\/03\/IGSS-Jornada-de-la-Seguridad-Social-Club-Camprestre-La-Montana-20267-736x420.jpg\" srcset=\"\/wp-content\/uploads\/sites\/5\/2026\/03\/IGSS-Jornada-de-la-Seguridad-Social-Club-Camprestre-La-Montana-20267-736x420.jpg 736w, \/wp-content\/uploads\/sites\/5\/2026\/03\/IGSS-Jornada-de-la-Seguridad-Social-Club-Camprestre-La-Montana-20267-300x171.jpg 300w, \/wp-content\/uploads\/sites\/5\/2026\/03\/IGSS-Jornada-de-la-Seguridad-Social-Club-Camprestre-La-Montana-20267-1024x585.jpg 1024w, \/wp-content\/uploads\/sites\/5\/2026\/03\/IGSS-Jornada-de-la-Seguridad-Social-Club-Camprestre-La-Montana-20267-768x439.jpg 768w, \/wp-content\/uploads\/sites\/5\/2026\/03\/IGSS-Jornada-de-la-Seguridad-Social-Club-Camprestre-La-Montana-20267-1536x877.jpg 1536w, \/wp-content\/uploads\/sites\/5\/2026\/03\/IGSS-Jornada-de-la-Seguridad-Social-Club-Camprestre-La-Montana-20267-696x397.jpg 696w, \/wp-content\/uploads\/sites\/5\/2026\/03\/IGSS-Jornada-de-la-Seguridad-Social-Club-Camprestre-La-Montana-20267-1068x610.jpg 1068w, \/wp-content\/uploads\/sites\/5\/2026\/03\/IGSS-Jornada-de-la-Seguridad-Social-Club-Camprestre-La-Montana-20267-534x305.jpg 534w, \/wp-content\/uploads\/sites\/5\/2026\/03\/IGSS-Jornada-de-la-Seguridad-Social-Club-Camprestre-La-Montana-20267.jpg 1578w\" sizes=\"(max-width: 736px) 100vw, 736px\" alt=\"\">\r\n                            <\/a>\r\n                            \r\n                        <\/figure>\r\n                    <\/div>\r\n                    <div class = \"td-slide-item td-item11\">\r\n                        <figure class=\"td-slide-galery-figure td-slide-popup-gallery\">\r\n                            <a class=\"slide-gallery-image-link\" href=\"\/wp-content\/uploads\/sites\/5\/2026\/03\/IGSS-Jornada-de-la-Seguridad-Social-Club-Camprestre-La-Montana-202613.jpg\" title=\"IGSS Jornada de la Seguridad Social Club Camprestre La Montan\u0303a 202613\"  data-caption=\"\"  data-description=\"\">\r\n                                <img decoding=\"async\" src=\"\/wp-content\/uploads\/sites\/5\/2026\/03\/IGSS-Jornada-de-la-Seguridad-Social-Club-Camprestre-La-Montana-202613-315x420.jpg\" srcset=\"\/wp-content\/uploads\/sites\/5\/2026\/03\/IGSS-Jornada-de-la-Seguridad-Social-Club-Camprestre-La-Montana-202613-315x420.jpg 315w, \/wp-content\/uploads\/sites\/5\/2026\/03\/IGSS-Jornada-de-la-Seguridad-Social-Club-Camprestre-La-Montana-202613-225x300.jpg 225w, \/wp-content\/uploads\/sites\/5\/2026\/03\/IGSS-Jornada-de-la-Seguridad-Social-Club-Camprestre-La-Montana-202613-768x1024.jpg 768w, \/wp-content\/uploads\/sites\/5\/2026\/03\/IGSS-Jornada-de-la-Seguridad-Social-Club-Camprestre-La-Montana-202613-1152x1536.jpg 1152w, \/wp-content\/uploads\/sites\/5\/2026\/03\/IGSS-Jornada-de-la-Seguridad-Social-Club-Camprestre-La-Montana-202613-696x928.jpg 696w, \/wp-content\/uploads\/sites\/5\/2026\/03\/IGSS-Jornada-de-la-Seguridad-Social-Club-Camprestre-La-Montana-202613-1068x1424.jpg 1068w, \/wp-content\/uploads\/sites\/5\/2026\/03\/IGSS-Jornada-de-la-Seguridad-Social-Club-Camprestre-La-Montana-202613-347x462.jpg 347w, \/wp-content\/uploads\/sites\/5\/2026\/03\/IGSS-Jornada-de-la-Seguridad-Social-Club-Camprestre-La-Montana-202613.jpg 1200w\" sizes=\"(max-width: 315px) 100vw, 315px\" alt=\"\">\r\n                            <\/a>\r\n                            \r\n                        <\/figure>\r\n                    <\/div>\r\n                    <div class = \"td-slide-item td-item12\">\r\n                        <figure class=\"td-slide-galery-figure td-slide-popup-gallery\">\r\n                            <a class=\"slide-gallery-image-link\" href=\"\/wp-content\/uploads\/sites\/5\/2026\/03\/IGSS-Jornada-de-la-Seguridad-Social-Club-Camprestre-La-Montana-202618.jpg\" title=\"IGSS Jornada de la Seguridad Social Club Camprestre La Montan\u0303a 202618\"  data-caption=\"\"  data-description=\"\">\r\n                                <img decoding=\"async\" src=\"\/wp-content\/uploads\/sites\/5\/2026\/03\/IGSS-Jornada-de-la-Seguridad-Social-Club-Camprestre-La-Montana-202618-315x420.jpg\" srcset=\"\/wp-content\/uploads\/sites\/5\/2026\/03\/IGSS-Jornada-de-la-Seguridad-Social-Club-Camprestre-La-Montana-202618-315x420.jpg 315w, \/wp-content\/uploads\/sites\/5\/2026\/03\/IGSS-Jornada-de-la-Seguridad-Social-Club-Camprestre-La-Montana-202618-225x300.jpg 225w, \/wp-content\/uploads\/sites\/5\/2026\/03\/IGSS-Jornada-de-la-Seguridad-Social-Club-Camprestre-La-Montana-202618-768x1024.jpg 768w, \/wp-content\/uploads\/sites\/5\/2026\/03\/IGSS-Jornada-de-la-Seguridad-Social-Club-Camprestre-La-Montana-202618-1152x1536.jpg 1152w, \/wp-content\/uploads\/sites\/5\/2026\/03\/IGSS-Jornada-de-la-Seguridad-Social-Club-Camprestre-La-Montana-202618-696x928.jpg 696w, \/wp-content\/uploads\/sites\/5\/2026\/03\/IGSS-Jornada-de-la-Seguridad-Social-Club-Camprestre-La-Montana-202618-1068x1424.jpg 1068w, \/wp-content\/uploads\/sites\/5\/2026\/03\/IGSS-Jornada-de-la-Seguridad-Social-Club-Camprestre-La-Montana-202618-347x462.jpg 347w, \/wp-content\/uploads\/sites\/5\/2026\/03\/IGSS-Jornada-de-la-Seguridad-Social-Club-Camprestre-La-Montana-202618.jpg 1200w\" sizes=\"(max-width: 315px) 100vw, 315px\" alt=\"\">\r\n                            <\/a>\r\n                            \r\n                        <\/figure>\r\n                    <\/div>\r\n                    <div class = \"td-slide-item td-item13\">\r\n                        <figure class=\"td-slide-galery-figure td-slide-popup-gallery\">\r\n                            <a class=\"slide-gallery-image-link\" href=\"\/wp-content\/uploads\/sites\/5\/2026\/03\/IGSS-Jornada-de-la-Seguridad-Social-Club-Camprestre-La-Montana-20264.jpg\" title=\"IGSS Jornada de la Seguridad Social Club Camprestre La Montan\u0303a 20264\"  data-caption=\"\"  data-description=\"\">\r\n                                <img decoding=\"async\" src=\"\/wp-content\/uploads\/sites\/5\/2026\/03\/IGSS-Jornada-de-la-Seguridad-Social-Club-Camprestre-La-Montana-20264-315x420.jpg\" srcset=\"\/wp-content\/uploads\/sites\/5\/2026\/03\/IGSS-Jornada-de-la-Seguridad-Social-Club-Camprestre-La-Montana-20264-315x420.jpg 315w, \/wp-content\/uploads\/sites\/5\/2026\/03\/IGSS-Jornada-de-la-Seguridad-Social-Club-Camprestre-La-Montana-20264-225x300.jpg 225w, \/wp-content\/uploads\/sites\/5\/2026\/03\/IGSS-Jornada-de-la-Seguridad-Social-Club-Camprestre-La-Montana-20264-768x1024.jpg 768w, \/wp-content\/uploads\/sites\/5\/2026\/03\/IGSS-Jornada-de-la-Seguridad-Social-Club-Camprestre-La-Montana-20264-1152x1536.jpg 1152w, \/wp-content\/uploads\/sites\/5\/2026\/03\/IGSS-Jornada-de-la-Seguridad-Social-Club-Camprestre-La-Montana-20264-696x928.jpg 696w, \/wp-content\/uploads\/sites\/5\/2026\/03\/IGSS-Jornada-de-la-Seguridad-Social-Club-Camprestre-La-Montana-20264-1068x1424.jpg 1068w, \/wp-content\/uploads\/sites\/5\/2026\/03\/IGSS-Jornada-de-la-Seguridad-Social-Club-Camprestre-La-Montana-20264-347x462.jpg 347w, \/wp-content\/uploads\/sites\/5\/2026\/03\/IGSS-Jornada-de-la-Seguridad-Social-Club-Camprestre-La-Montana-20264.jpg 1200w\" sizes=\"(max-width: 315px) 100vw, 315px\" alt=\"\">\r\n                            <\/a>\r\n                            \r\n                        <\/figure>\r\n                    <\/div>\r\n                    <div class = \"td-slide-item td-item14\">\r\n                        <figure class=\"td-slide-galery-figure td-slide-popup-gallery\">\r\n                            <a class=\"slide-gallery-image-link\" href=\"\/wp-content\/uploads\/sites\/5\/2026\/03\/IGSS-Jornada-de-la-Seguridad-Social-Club-Camprestre-La-Montana-20262.jpg\" title=\"IGSS Jornada de la Seguridad Social Club Camprestre La Montan\u0303a 20262\"  data-caption=\"\"  data-description=\"\">\r\n                                <img decoding=\"async\" src=\"\/wp-content\/uploads\/sites\/5\/2026\/03\/IGSS-Jornada-de-la-Seguridad-Social-Club-Camprestre-La-Montana-20262-630x420.jpg\" srcset=\"\/wp-content\/uploads\/sites\/5\/2026\/03\/IGSS-Jornada-de-la-Seguridad-Social-Club-Camprestre-La-Montana-20262-630x420.jpg 630w, \/wp-content\/uploads\/sites\/5\/2026\/03\/IGSS-Jornada-de-la-Seguridad-Social-Club-Camprestre-La-Montana-20262-300x200.jpg 300w, \/wp-content\/uploads\/sites\/5\/2026\/03\/IGSS-Jornada-de-la-Seguridad-Social-Club-Camprestre-La-Montana-20262-1024x682.jpg 1024w, \/wp-content\/uploads\/sites\/5\/2026\/03\/IGSS-Jornada-de-la-Seguridad-Social-Club-Camprestre-La-Montana-20262-768x512.jpg 768w, \/wp-content\/uploads\/sites\/5\/2026\/03\/IGSS-Jornada-de-la-Seguridad-Social-Club-Camprestre-La-Montana-20262-1536x1023.jpg 1536w, \/wp-content\/uploads\/sites\/5\/2026\/03\/IGSS-Jornada-de-la-Seguridad-Social-Club-Camprestre-La-Montana-20262-696x464.jpg 696w, \/wp-content\/uploads\/sites\/5\/2026\/03\/IGSS-Jornada-de-la-Seguridad-Social-Club-Camprestre-La-Montana-20262-1068x712.jpg 1068w, \/wp-content\/uploads\/sites\/5\/2026\/03\/IGSS-Jornada-de-la-Seguridad-Social-Club-Camprestre-La-Montana-20262-534x356.jpg 534w, \/wp-content\/uploads\/sites\/5\/2026\/03\/IGSS-Jornada-de-la-Seguridad-Social-Club-Camprestre-La-Montana-20262.jpg 1600w\" sizes=\"(max-width: 630px) 100vw, 630px\" alt=\"\">\r\n                            <\/a>\r\n                            \r\n                        <\/figure>\r\n                    <\/div>\r\n                    <div class = \"td-slide-item td-item15\">\r\n                        <figure class=\"td-slide-galery-figure td-slide-popup-gallery\">\r\n                            <a class=\"slide-gallery-image-link\" href=\"\/wp-content\/uploads\/sites\/5\/2026\/03\/IGSS-Jornada-de-la-Seguridad-Social-Club-Camprestre-La-Montana-202611.jpg\" title=\"IGSS Jornada de la Seguridad Social Club Camprestre La Montan\u0303a 202611\"  data-caption=\"\"  data-description=\"\">\r\n                                <img decoding=\"async\" src=\"\/wp-content\/uploads\/sites\/5\/2026\/03\/IGSS-Jornada-de-la-Seguridad-Social-Club-Camprestre-La-Montana-202611-630x420.jpg\" srcset=\"\/wp-content\/uploads\/sites\/5\/2026\/03\/IGSS-Jornada-de-la-Seguridad-Social-Club-Camprestre-La-Montana-202611-630x420.jpg 630w, \/wp-content\/uploads\/sites\/5\/2026\/03\/IGSS-Jornada-de-la-Seguridad-Social-Club-Camprestre-La-Montana-202611-300x200.jpg 300w, \/wp-content\/uploads\/sites\/5\/2026\/03\/IGSS-Jornada-de-la-Seguridad-Social-Club-Camprestre-La-Montana-202611-1024x682.jpg 1024w, \/wp-content\/uploads\/sites\/5\/2026\/03\/IGSS-Jornada-de-la-Seguridad-Social-Club-Camprestre-La-Montana-202611-768x512.jpg 768w, \/wp-content\/uploads\/sites\/5\/2026\/03\/IGSS-Jornada-de-la-Seguridad-Social-Club-Camprestre-La-Montana-202611-1536x1023.jpg 1536w, \/wp-content\/uploads\/sites\/5\/2026\/03\/IGSS-Jornada-de-la-Seguridad-Social-Club-Camprestre-La-Montana-202611-696x464.jpg 696w, \/wp-content\/uploads\/sites\/5\/2026\/03\/IGSS-Jornada-de-la-Seguridad-Social-Club-Camprestre-La-Montana-202611-1068x712.jpg 1068w, \/wp-content\/uploads\/sites\/5\/2026\/03\/IGSS-Jornada-de-la-Seguridad-Social-Club-Camprestre-La-Montana-202611-534x356.jpg 534w, \/wp-content\/uploads\/sites\/5\/2026\/03\/IGSS-Jornada-de-la-Seguridad-Social-Club-Camprestre-La-Montana-202611.jpg 1600w\" sizes=\"(max-width: 630px) 100vw, 630px\" alt=\"\">\r\n                            <\/a>\r\n                            \r\n                        <\/figure>\r\n                    <\/div>\r\n                    <div class = \"td-slide-item td-item16\">\r\n                        <figure class=\"td-slide-galery-figure td-slide-popup-gallery\">\r\n                            <a class=\"slide-gallery-image-link\" href=\"\/wp-content\/uploads\/sites\/5\/2026\/03\/IGSS-Jornada-de-la-Seguridad-Social-Club-Camprestre-La-Montana-202614.jpg\" title=\"IGSS Jornada de la Seguridad Social Club Camprestre La Montan\u0303a 202614\"  data-caption=\"\"  data-description=\"\">\r\n                                <img decoding=\"async\" src=\"\/wp-content\/uploads\/sites\/5\/2026\/03\/IGSS-Jornada-de-la-Seguridad-Social-Club-Camprestre-La-Montana-202614-630x420.jpg\" srcset=\"\/wp-content\/uploads\/sites\/5\/2026\/03\/IGSS-Jornada-de-la-Seguridad-Social-Club-Camprestre-La-Montana-202614-630x420.jpg 630w, \/wp-content\/uploads\/sites\/5\/2026\/03\/IGSS-Jornada-de-la-Seguridad-Social-Club-Camprestre-La-Montana-202614-300x200.jpg 300w, \/wp-content\/uploads\/sites\/5\/2026\/03\/IGSS-Jornada-de-la-Seguridad-Social-Club-Camprestre-La-Montana-202614-1024x682.jpg 1024w, \/wp-content\/uploads\/sites\/5\/2026\/03\/IGSS-Jornada-de-la-Seguridad-Social-Club-Camprestre-La-Montana-202614-768x512.jpg 768w, \/wp-content\/uploads\/sites\/5\/2026\/03\/IGSS-Jornada-de-la-Seguridad-Social-Club-Camprestre-La-Montana-202614-1536x1023.jpg 1536w, \/wp-content\/uploads\/sites\/5\/2026\/03\/IGSS-Jornada-de-la-Seguridad-Social-Club-Camprestre-La-Montana-202614-696x464.jpg 696w, \/wp-content\/uploads\/sites\/5\/2026\/03\/IGSS-Jornada-de-la-Seguridad-Social-Club-Camprestre-La-Montana-202614-1068x712.jpg 1068w, \/wp-content\/uploads\/sites\/5\/2026\/03\/IGSS-Jornada-de-la-Seguridad-Social-Club-Camprestre-La-Montana-202614-534x356.jpg 534w, \/wp-content\/uploads\/sites\/5\/2026\/03\/IGSS-Jornada-de-la-Seguridad-Social-Club-Camprestre-La-Montana-202614.jpg 1600w\" sizes=\"(max-width: 630px) 100vw, 630px\" alt=\"\">\r\n                            <\/a>\r\n                            \r\n                        <\/figure>\r\n                    <\/div>\r\n                            <\/div>\r\n                        <\/div>\r\n\r\n                        <div class = \"td-doubleSlider-2\">\r\n                            <div class = \"td-slider\">\r\n                                \r\n                    <div class = \"td-button td-item1\">\r\n                        <div class = \"td-border\"><\/div>\r\n                    <\/div>\r\n                    <div class = \"td-button td-item2\">\r\n                        <div class = \"td-border\"><\/div>\r\n                    <\/div>\r\n                    <div class = \"td-button td-item3\">\r\n                        <div class = \"td-border\"><\/div>\r\n                    <\/div>\r\n                    <div class = \"td-button td-item4\">\r\n                        <div class = \"td-border\"><\/div>\r\n                    <\/div>\r\n                    <div class = \"td-button td-item5\">\r\n                        <div class = \"td-border\"><\/div>\r\n                    <\/div>\r\n                    <div class = \"td-button td-item6\">\r\n                        <div class = \"td-border\"><\/div>\r\n                    <\/div>\r\n                    <div class = \"td-button td-item7\">\r\n                        <div class = \"td-border\"><\/div>\r\n                    <\/div>\r\n                    <div class = \"td-button td-item8\">\r\n                        <div class = \"td-border\"><\/div>\r\n                    <\/div>\r\n                    <div class = \"td-button td-item9\">\r\n                        <div class = \"td-border\"><\/div>\r\n                    <\/div>\r\n                    <div class = \"td-button td-item10\">\r\n                        <div class = \"td-border\"><\/div>\r\n                    <\/div>\r\n                    <div class = \"td-button td-item11\">\r\n                        <div class = \"td-border\"><\/div>\r\n                    <\/div>\r\n                    <div class = \"td-button td-item12\">\r\n                        <div class = \"td-border\"><\/div>\r\n                    <\/div>\r\n                    <div class = \"td-button td-item13\">\r\n                        <div class = \"td-border\"><\/div>\r\n                    <\/div>\r\n                    <div class = \"td-button td-item14\">\r\n                        <div class = \"td-border\"><\/div>\r\n                    <\/div>\r\n                    <div class = \"td-button td-item15\">\r\n                        <div class = \"td-border\"><\/div>\r\n                    <\/div>\r\n                    <div class = \"td-button td-item16\">\r\n                        <div class = \"td-border\"><\/div>\r\n                    <\/div>\r\n                            <\/div>\r\n                        <\/div>\r\n\r\n                    <\/div>\r\n\r\n                <\/div>\r\n                \n","protected":false},"excerpt":{"rendered":"<p>Una Jornada de la Seguridad Social fue llevada a cabo con \u00e9xito, colaboradores del Club Campestre la Monta\u00f1a recibieron hoy servicios de laboratorio y control de signos vitales por personal de salud del IGSS.<\/p>\n","protected":false},"author":3269,"featured_media":54347,"comment_status":"closed","ping_status":"closed","sticky":false,"template":"","format":"standard","meta":{"footnotes":""},"categories":[3,45,1291,27,31,33],"tags":[490,2280,2281,2486],"coauthors":[1970],"class_list":{"0":"post-54346","1":"post","2":"type-post","3":"status-publish","4":"format-standard","5":"has-post-thumbnail","7":"category-actualidad","8":"category-jornadas-medicas","9":"category-prestaciones-en-salud","10":"category-prevencion-en-salud","11":"category-salud","12":"category-servicios-de-salud","13":"tag-igss","14":"tag-jornadas-de-la-seguridad-social","15":"tag-tamizajes-de-laboratorio","16":"tag-tamizajes-igss"},"_links":{"self":[{"href":"https:\/\/www.igssgt.org\/noticias\/wp-json\/wp\/v2\/posts\/54346","targetHints":{"allow":["GET"]}}],"collection":[{"href":"https:\/\/www.igssgt.org\/noticias\/wp-json\/wp\/v2\/posts"}],"about":[{"href":"https:\/\/www.igssgt.org\/noticias\/wp-json\/wp\/v2\/types\/post"}],"author":[{"embeddable":true,"href":"https:\/\/www.igssgt.org\/noticias\/wp-json\/wp\/v2\/users\/3269"}],"replies":[{"embeddable":true,"href":"https:\/\/www.igssgt.org\/noticias\/wp-json\/wp\/v2\/comments?post=54346"}],"version-history":[{"count":1,"href":"https:\/\/www.igssgt.org\/noticias\/wp-json\/wp\/v2\/posts\/54346\/revisions"}],"predecessor-version":[{"id":54367,"href":"https:\/\/www.igssgt.org\/noticias\/wp-json\/wp\/v2\/posts\/54346\/revisions\/54367"}],"wp:featuredmedia":[{"embeddable":true,"href":"https:\/\/www.igssgt.org\/noticias\/wp-json\/wp\/v2\/media\/54347"}],"wp:attachment":[{"href":"https:\/\/www.igssgt.org\/noticias\/wp-json\/wp\/v2\/media?parent=54346"}],"wp:term":[{"taxonomy":"category","embeddable":true,"href":"https:\/\/www.igssgt.org\/noticias\/wp-json\/wp\/v2\/categories?post=54346"},{"taxonomy":"post_tag","embeddable":true,"href":"https:\/\/www.igssgt.org\/noticias\/wp-json\/wp\/v2\/tags?post=54346"},{"taxonomy":"author","embeddable":true,"href":"https:\/\/www.igssgt.org\/noticias\/wp-json\/wp\/v2\/coauthors?post=54346"}],"curies":[{"name":"wp","href":"https:\/\/api.w.org\/{rel}","templated":true}]}}