{"id":5435,"date":"2018-06-18T16:30:54","date_gmt":"2018-06-18T22:30:54","guid":{"rendered":"http:\/\/noticias.igssgt.org\/?p=5435"},"modified":"2018-06-18T16:30:54","modified_gmt":"2018-06-18T22:30:54","slug":"camip-pamplona-inicia-traslados-de-pacientes-a-barranquilla-y-zunil","status":"publish","type":"post","link":"https:\/\/www.igssgt.org\/noticias\/2018\/06\/18\/camip-pamplona-inicia-traslados-de-pacientes-a-barranquilla-y-zunil\/","title":{"rendered":"CAMIP Pamplona inicia traslados de pacientes a Barranquilla y Zunil"},"content":{"rendered":"<p>Como parte de los cambios y mejoras de atenci\u00f3n a los derechohabientes, el Instituto Guatemalteco de Seguridad Social (IGSS) inici\u00f3 este lunes el proyecto de traslado de pacientes del Centro de Atenci\u00f3n M\u00e9dica Integral para pensionados (CAMIP) Pamplona a los CAMIP Barranquilla y Zunil.<\/p>\n<p>La doctora Dora Mar\u00eda Gonz\u00e1lez, directora de ese centro de atenci\u00f3n m\u00e9dica, indic\u00f3 que desde hoy ser\u00e1n trasladados 4 mil pacientes para el CAMIP Barranquilla y 4 mil para el CAMIP Zunil.<\/p>\n<p>\u201cEmpezamos con 500 pacientes que solicitaron su traslado, hoy y ma\u00f1ana, y a partir del mi\u00e9rcoles se iniciar\u00e1 el proceso de traslado para los otro 7 mil\u201d, puntualiz\u00f3 la doctora Gonz\u00e1lez.<\/p>\n<p>Los afiliados expresaron su agradecimiento al Instituto por los cambios que se est\u00e1n realizando \u201cPara nosotros este \u00a0traslado es de mucha ayuda, porque mi mam\u00e1 tiene 98 a\u00f1os y le costaba venir aqu\u00ed (CAMIP Pamplona), ya que vivimos en la zona 5\u201d, dijo la se\u00f1ora Mar\u00eda Estela Valdez.<\/p>\n<p>La se\u00f1ora Vilma Agust\u00edn expres\u00f3: \u201cEstoy contenta, porque vivo en la colonia La Florida y ten\u00eda que pagar taxi cada vez que ven\u00eda. Ahora que me est\u00e1n trasladando a CAMIP Zunil voy a tener un gasto menos ya que est\u00e1 cerca de mi casa\u201d, coment\u00f3.<\/p>\n<p>Se estima que el proceso de traslado dure dos meses, para ello se estar\u00e1 llamando a los pacientes que ser\u00e1n referidos para darles la informaci\u00f3n previa.<\/p>\n\r\n                <style type=\"text\/css\">\r\n                    \r\n                    #tdi_1  .td-doubleSlider-2 .td-item1 {\r\n                        background: url(\/wp-content\/uploads\/sites\/5\/2018\/06\/traslado-de-pacientes-camip-pamplona-2018-igss-1-80x60.jpg) 0 0 no-repeat;\r\n                    }\r\n                    #tdi_1  .td-doubleSlider-2 .td-item2 {\r\n                        background: url(\/wp-content\/uploads\/sites\/5\/2018\/06\/traslado-de-pacientes-camip-pamplona-2018-igss-2-80x60.jpg) 0 0 no-repeat;\r\n                    }\r\n                    #tdi_1  .td-doubleSlider-2 .td-item3 {\r\n                        background: url(\/wp-content\/uploads\/sites\/5\/2018\/06\/traslado-de-pacientes-camip-pamplona-2018-igss-3-80x60.jpg) 0 0 no-repeat;\r\n                    }\r\n                    #tdi_1  .td-doubleSlider-2 .td-item4 {\r\n                        background: url(\/wp-content\/uploads\/sites\/5\/2018\/06\/traslado-de-pacientes-camip-pamplona-2018-igss-4-80x60.jpg) 0 0 no-repeat;\r\n                    }\r\n                    #tdi_1  .td-doubleSlider-2 .td-item5 {\r\n                        background: url(\/wp-content\/uploads\/sites\/5\/2018\/06\/traslado-de-pacientes-camip-pamplona-2018-igss-5-80x60.jpg) 0 0 no-repeat;\r\n                    }\r\n                    #tdi_1  .td-doubleSlider-2 .td-item6 {\r\n                        background: url(\/wp-content\/uploads\/sites\/5\/2018\/06\/traslado-de-pacientes-camip-pamplona-2018-igss-6-80x60.jpg) 0 0 no-repeat;\r\n                    }\r\n                    #tdi_1  .td-doubleSlider-2 .td-item7 {\r\n                        background: url(\/wp-content\/uploads\/sites\/5\/2018\/06\/traslado-de-pacientes-camip-pamplona-2018-igss-7-80x60.jpg) 0 0 no-repeat;\r\n                    }\r\n                    #tdi_1  .td-doubleSlider-2 .td-item8 {\r\n                        background: url(\/wp-content\/uploads\/sites\/5\/2018\/06\/traslado-de-pacientes-camip-pamplona-2018-igss-8-80x60.jpg) 0 0 no-repeat;\r\n                    }\r\n                    #tdi_1  .td-doubleSlider-2 .td-item9 {\r\n                        background: url(\/wp-content\/uploads\/sites\/5\/2018\/06\/traslado-de-pacientes-camip-pamplona-2018-igss-9-80x60.jpg) 0 0 no-repeat;\r\n                    }\r\n                <\/style>\r\n\r\n                <div id=\"tdi_1\" class=\"td-gallery td-slide-on-2-columns\">\r\n                    <div class=\"post_td_gallery\">\r\n                        <div class=\"td-gallery-slide-top\">\r\n                           <div class=\"td-gallery-title\">Galer\u00eda de im\u00e1genes<\/div>\r\n\r\n                            <div class=\"td-gallery-controls-wrapper\">\r\n                                <div class=\"td-gallery-slide-count\"><span class=\"td-gallery-slide-item-focus\">1<\/span> de 9<\/div>\r\n                                <div class=\"td-gallery-slide-prev-next-but\">\r\n                                    <i class = \"td-icon-left doubleSliderPrevButton\"><\/i>\r\n                                    <i class = \"td-icon-right doubleSliderNextButton\"><\/i>\r\n                                <\/div>\r\n                            <\/div>\r\n                        <\/div>\r\n\r\n                        <div class = \"td-doubleSlider-1 \">\r\n                            <div class = \"td-slider\">\r\n                                \r\n                    <div class = \"td-slide-item td-item1\">\r\n                        <figure class=\"td-slide-galery-figure td-slide-popup-gallery\">\r\n                            <a class=\"slide-gallery-image-link\" href=\"\/wp-content\/uploads\/sites\/5\/2018\/06\/traslado-de-pacientes-camip-pamplona-2018-igss-1.jpg\" title=\"traslado de pacientes camip pamplona 2018 igss-1\"  data-caption=\"\"  data-description=\"\">\r\n                                <img decoding=\"async\" src=\"\/wp-content\/uploads\/sites\/5\/2018\/06\/traslado-de-pacientes-camip-pamplona-2018-igss-1-630x420.jpg\" srcset=\"\/wp-content\/uploads\/sites\/5\/2018\/06\/traslado-de-pacientes-camip-pamplona-2018-igss-1-630x420.jpg 630w, \/wp-content\/uploads\/sites\/5\/2018\/06\/traslado-de-pacientes-camip-pamplona-2018-igss-1-1536x1024.jpg 1536w, \/wp-content\/uploads\/sites\/5\/2018\/06\/traslado-de-pacientes-camip-pamplona-2018-igss-1-300x200.jpg 300w, \/wp-content\/uploads\/sites\/5\/2018\/06\/traslado-de-pacientes-camip-pamplona-2018-igss-1-768x512.jpg 768w, \/wp-content\/uploads\/sites\/5\/2018\/06\/traslado-de-pacientes-camip-pamplona-2018-igss-1-1024x683.jpg 1024w, \/wp-content\/uploads\/sites\/5\/2018\/06\/traslado-de-pacientes-camip-pamplona-2018-igss-1-696x464.jpg 696w, \/wp-content\/uploads\/sites\/5\/2018\/06\/traslado-de-pacientes-camip-pamplona-2018-igss-1-1068x712.jpg 1068w, \/wp-content\/uploads\/sites\/5\/2018\/06\/traslado-de-pacientes-camip-pamplona-2018-igss-1-534x356.jpg 534w, \/wp-content\/uploads\/sites\/5\/2018\/06\/traslado-de-pacientes-camip-pamplona-2018-igss-1-1920x1280.jpg 1920w, \/wp-content\/uploads\/sites\/5\/2018\/06\/traslado-de-pacientes-camip-pamplona-2018-igss-1.jpg 2048w\" sizes=\"(max-width: 630px) 100vw, 630px\" alt=\"\">\r\n                            <\/a>\r\n                            \r\n                        <\/figure>\r\n                    <\/div>\r\n                    <div class = \"td-slide-item td-item2\">\r\n                        <figure class=\"td-slide-galery-figure td-slide-popup-gallery\">\r\n                            <a class=\"slide-gallery-image-link\" href=\"\/wp-content\/uploads\/sites\/5\/2018\/06\/traslado-de-pacientes-camip-pamplona-2018-igss-2.jpg\" title=\"traslado de pacientes camip pamplona 2018 igss-2\"  data-caption=\"\"  data-description=\"\">\r\n                                <img decoding=\"async\" src=\"\/wp-content\/uploads\/sites\/5\/2018\/06\/traslado-de-pacientes-camip-pamplona-2018-igss-2-630x420.jpg\" srcset=\"\/wp-content\/uploads\/sites\/5\/2018\/06\/traslado-de-pacientes-camip-pamplona-2018-igss-2-630x420.jpg 630w, \/wp-content\/uploads\/sites\/5\/2018\/06\/traslado-de-pacientes-camip-pamplona-2018-igss-2-300x200.jpg 300w, \/wp-content\/uploads\/sites\/5\/2018\/06\/traslado-de-pacientes-camip-pamplona-2018-igss-2-768x512.jpg 768w, \/wp-content\/uploads\/sites\/5\/2018\/06\/traslado-de-pacientes-camip-pamplona-2018-igss-2.jpg 1024w, \/wp-content\/uploads\/sites\/5\/2018\/06\/traslado-de-pacientes-camip-pamplona-2018-igss-2-696x464.jpg 696w, \/wp-content\/uploads\/sites\/5\/2018\/06\/traslado-de-pacientes-camip-pamplona-2018-igss-2-534x356.jpg 534w\" sizes=\"(max-width: 630px) 100vw, 630px\" alt=\"\">\r\n                            <\/a>\r\n                            \r\n                        <\/figure>\r\n                    <\/div>\r\n                    <div class = \"td-slide-item td-item3\">\r\n                        <figure class=\"td-slide-galery-figure td-slide-popup-gallery\">\r\n                            <a class=\"slide-gallery-image-link\" href=\"\/wp-content\/uploads\/sites\/5\/2018\/06\/traslado-de-pacientes-camip-pamplona-2018-igss-3.jpg\" title=\"traslado de pacientes camip pamplona 2018 igss-3\"  data-caption=\"\"  data-description=\"\">\r\n                                <img decoding=\"async\" src=\"\/wp-content\/uploads\/sites\/5\/2018\/06\/traslado-de-pacientes-camip-pamplona-2018-igss-3-747x420.jpg\" srcset=\"\/wp-content\/uploads\/sites\/5\/2018\/06\/traslado-de-pacientes-camip-pamplona-2018-igss-3-747x420.jpg 747w, \/wp-content\/uploads\/sites\/5\/2018\/06\/traslado-de-pacientes-camip-pamplona-2018-igss-3-300x169.jpg 300w, \/wp-content\/uploads\/sites\/5\/2018\/06\/traslado-de-pacientes-camip-pamplona-2018-igss-3-768x432.jpg 768w, \/wp-content\/uploads\/sites\/5\/2018\/06\/traslado-de-pacientes-camip-pamplona-2018-igss-3-1024x576.jpg 1024w, \/wp-content\/uploads\/sites\/5\/2018\/06\/traslado-de-pacientes-camip-pamplona-2018-igss-3-696x392.jpg 696w, \/wp-content\/uploads\/sites\/5\/2018\/06\/traslado-de-pacientes-camip-pamplona-2018-igss-3-1068x601.jpg 1068w, \/wp-content\/uploads\/sites\/5\/2018\/06\/traslado-de-pacientes-camip-pamplona-2018-igss-3-534x300.jpg 534w, \/wp-content\/uploads\/sites\/5\/2018\/06\/traslado-de-pacientes-camip-pamplona-2018-igss-3.jpg 1200w\" sizes=\"(max-width: 747px) 100vw, 747px\" alt=\"\">\r\n                            <\/a>\r\n                            \r\n                        <\/figure>\r\n                    <\/div>\r\n                    <div class = \"td-slide-item td-item4\">\r\n                        <figure class=\"td-slide-galery-figure td-slide-popup-gallery\">\r\n                            <a class=\"slide-gallery-image-link\" href=\"\/wp-content\/uploads\/sites\/5\/2018\/06\/traslado-de-pacientes-camip-pamplona-2018-igss-4.jpg\" title=\"traslado de pacientes camip pamplona 2018 igss-4\"  data-caption=\"\"  data-description=\"\">\r\n                                <img decoding=\"async\" src=\"\/wp-content\/uploads\/sites\/5\/2018\/06\/traslado-de-pacientes-camip-pamplona-2018-igss-4-280x420.jpg\" srcset=\"\/wp-content\/uploads\/sites\/5\/2018\/06\/traslado-de-pacientes-camip-pamplona-2018-igss-4-280x420.jpg 280w, \/wp-content\/uploads\/sites\/5\/2018\/06\/traslado-de-pacientes-camip-pamplona-2018-igss-4-200x300.jpg 200w, \/wp-content\/uploads\/sites\/5\/2018\/06\/traslado-de-pacientes-camip-pamplona-2018-igss-4.jpg 683w, \/wp-content\/uploads\/sites\/5\/2018\/06\/traslado-de-pacientes-camip-pamplona-2018-igss-4-308x462.jpg 308w\" sizes=\"(max-width: 280px) 100vw, 280px\" alt=\"\">\r\n                            <\/a>\r\n                            \r\n                        <\/figure>\r\n                    <\/div>\r\n                    <div class = \"td-slide-item td-item5\">\r\n                        <figure class=\"td-slide-galery-figure td-slide-popup-gallery\">\r\n                            <a class=\"slide-gallery-image-link\" href=\"\/wp-content\/uploads\/sites\/5\/2018\/06\/traslado-de-pacientes-camip-pamplona-2018-igss-5.jpg\" title=\"traslado de pacientes camip pamplona 2018 igss-5\"  data-caption=\"\"  data-description=\"\">\r\n                                <img decoding=\"async\" src=\"\/wp-content\/uploads\/sites\/5\/2018\/06\/traslado-de-pacientes-camip-pamplona-2018-igss-5-630x420.jpg\" srcset=\"\/wp-content\/uploads\/sites\/5\/2018\/06\/traslado-de-pacientes-camip-pamplona-2018-igss-5-630x420.jpg 630w, \/wp-content\/uploads\/sites\/5\/2018\/06\/traslado-de-pacientes-camip-pamplona-2018-igss-5-1536x1024.jpg 1536w, \/wp-content\/uploads\/sites\/5\/2018\/06\/traslado-de-pacientes-camip-pamplona-2018-igss-5-300x200.jpg 300w, \/wp-content\/uploads\/sites\/5\/2018\/06\/traslado-de-pacientes-camip-pamplona-2018-igss-5-768x512.jpg 768w, \/wp-content\/uploads\/sites\/5\/2018\/06\/traslado-de-pacientes-camip-pamplona-2018-igss-5-1024x683.jpg 1024w, \/wp-content\/uploads\/sites\/5\/2018\/06\/traslado-de-pacientes-camip-pamplona-2018-igss-5-696x464.jpg 696w, \/wp-content\/uploads\/sites\/5\/2018\/06\/traslado-de-pacientes-camip-pamplona-2018-igss-5-1068x712.jpg 1068w, \/wp-content\/uploads\/sites\/5\/2018\/06\/traslado-de-pacientes-camip-pamplona-2018-igss-5-534x356.jpg 534w, \/wp-content\/uploads\/sites\/5\/2018\/06\/traslado-de-pacientes-camip-pamplona-2018-igss-5.jpg 2048w\" sizes=\"(max-width: 630px) 100vw, 630px\" alt=\"\">\r\n                            <\/a>\r\n                            \r\n                        <\/figure>\r\n                    <\/div>\r\n                    <div class = \"td-slide-item td-item6\">\r\n                        <figure class=\"td-slide-galery-figure td-slide-popup-gallery\">\r\n                            <a class=\"slide-gallery-image-link\" href=\"\/wp-content\/uploads\/sites\/5\/2018\/06\/traslado-de-pacientes-camip-pamplona-2018-igss-6.jpg\" title=\"traslado de pacientes camip pamplona 2018 igss-6\"  data-caption=\"\"  data-description=\"\">\r\n                                <img decoding=\"async\" src=\"\/wp-content\/uploads\/sites\/5\/2018\/06\/traslado-de-pacientes-camip-pamplona-2018-igss-6-630x420.jpg\" srcset=\"\/wp-content\/uploads\/sites\/5\/2018\/06\/traslado-de-pacientes-camip-pamplona-2018-igss-6-630x420.jpg 630w, \/wp-content\/uploads\/sites\/5\/2018\/06\/traslado-de-pacientes-camip-pamplona-2018-igss-6-1536x1024.jpg 1536w, \/wp-content\/uploads\/sites\/5\/2018\/06\/traslado-de-pacientes-camip-pamplona-2018-igss-6-300x200.jpg 300w, \/wp-content\/uploads\/sites\/5\/2018\/06\/traslado-de-pacientes-camip-pamplona-2018-igss-6-768x512.jpg 768w, \/wp-content\/uploads\/sites\/5\/2018\/06\/traslado-de-pacientes-camip-pamplona-2018-igss-6-1024x683.jpg 1024w, \/wp-content\/uploads\/sites\/5\/2018\/06\/traslado-de-pacientes-camip-pamplona-2018-igss-6-696x464.jpg 696w, \/wp-content\/uploads\/sites\/5\/2018\/06\/traslado-de-pacientes-camip-pamplona-2018-igss-6-1068x712.jpg 1068w, \/wp-content\/uploads\/sites\/5\/2018\/06\/traslado-de-pacientes-camip-pamplona-2018-igss-6-534x356.jpg 534w, \/wp-content\/uploads\/sites\/5\/2018\/06\/traslado-de-pacientes-camip-pamplona-2018-igss-6-1920x1280.jpg 1920w, \/wp-content\/uploads\/sites\/5\/2018\/06\/traslado-de-pacientes-camip-pamplona-2018-igss-6.jpg 2048w\" sizes=\"(max-width: 630px) 100vw, 630px\" alt=\"\">\r\n                            <\/a>\r\n                            \r\n                        <\/figure>\r\n                    <\/div>\r\n                    <div class = \"td-slide-item td-item7\">\r\n                        <figure class=\"td-slide-galery-figure td-slide-popup-gallery\">\r\n                            <a class=\"slide-gallery-image-link\" href=\"\/wp-content\/uploads\/sites\/5\/2018\/06\/traslado-de-pacientes-camip-pamplona-2018-igss-7.jpg\" title=\"traslado de pacientes camip pamplona 2018 igss-7\"  data-caption=\"\"  data-description=\"\">\r\n                                <img decoding=\"async\" src=\"\/wp-content\/uploads\/sites\/5\/2018\/06\/traslado-de-pacientes-camip-pamplona-2018-igss-7-630x420.jpg\" srcset=\"\/wp-content\/uploads\/sites\/5\/2018\/06\/traslado-de-pacientes-camip-pamplona-2018-igss-7-630x420.jpg 630w, \/wp-content\/uploads\/sites\/5\/2018\/06\/traslado-de-pacientes-camip-pamplona-2018-igss-7-300x200.jpg 300w, \/wp-content\/uploads\/sites\/5\/2018\/06\/traslado-de-pacientes-camip-pamplona-2018-igss-7-768x512.jpg 768w, \/wp-content\/uploads\/sites\/5\/2018\/06\/traslado-de-pacientes-camip-pamplona-2018-igss-7.jpg 1024w, \/wp-content\/uploads\/sites\/5\/2018\/06\/traslado-de-pacientes-camip-pamplona-2018-igss-7-696x464.jpg 696w, \/wp-content\/uploads\/sites\/5\/2018\/06\/traslado-de-pacientes-camip-pamplona-2018-igss-7-534x356.jpg 534w\" sizes=\"(max-width: 630px) 100vw, 630px\" alt=\"\">\r\n                            <\/a>\r\n                            \r\n                        <\/figure>\r\n                    <\/div>\r\n                    <div class = \"td-slide-item td-item8\">\r\n                        <figure class=\"td-slide-galery-figure td-slide-popup-gallery\">\r\n                            <a class=\"slide-gallery-image-link\" href=\"\/wp-content\/uploads\/sites\/5\/2018\/06\/traslado-de-pacientes-camip-pamplona-2018-igss-8.jpg\" title=\"traslado de pacientes camip pamplona 2018 igss-8\"  data-caption=\"\"  data-description=\"\">\r\n                                <img decoding=\"async\" src=\"\/wp-content\/uploads\/sites\/5\/2018\/06\/traslado-de-pacientes-camip-pamplona-2018-igss-8-630x420.jpg\" srcset=\"\/wp-content\/uploads\/sites\/5\/2018\/06\/traslado-de-pacientes-camip-pamplona-2018-igss-8-630x420.jpg 630w, \/wp-content\/uploads\/sites\/5\/2018\/06\/traslado-de-pacientes-camip-pamplona-2018-igss-8-300x200.jpg 300w, \/wp-content\/uploads\/sites\/5\/2018\/06\/traslado-de-pacientes-camip-pamplona-2018-igss-8-768x512.jpg 768w, \/wp-content\/uploads\/sites\/5\/2018\/06\/traslado-de-pacientes-camip-pamplona-2018-igss-8.jpg 1024w, \/wp-content\/uploads\/sites\/5\/2018\/06\/traslado-de-pacientes-camip-pamplona-2018-igss-8-696x464.jpg 696w, \/wp-content\/uploads\/sites\/5\/2018\/06\/traslado-de-pacientes-camip-pamplona-2018-igss-8-534x356.jpg 534w\" sizes=\"(max-width: 630px) 100vw, 630px\" alt=\"\">\r\n                            <\/a>\r\n                            \r\n                        <\/figure>\r\n                    <\/div>\r\n                    <div class = \"td-slide-item td-item9\">\r\n                        <figure class=\"td-slide-galery-figure td-slide-popup-gallery\">\r\n                            <a class=\"slide-gallery-image-link\" href=\"\/wp-content\/uploads\/sites\/5\/2018\/06\/traslado-de-pacientes-camip-pamplona-2018-igss-9.jpg\" title=\"traslado de pacientes camip pamplona 2018 igss-9\"  data-caption=\"\"  data-description=\"\">\r\n                                <img decoding=\"async\" src=\"\/wp-content\/uploads\/sites\/5\/2018\/06\/traslado-de-pacientes-camip-pamplona-2018-igss-9-630x420.jpg\" srcset=\"\/wp-content\/uploads\/sites\/5\/2018\/06\/traslado-de-pacientes-camip-pamplona-2018-igss-9-630x420.jpg 630w, \/wp-content\/uploads\/sites\/5\/2018\/06\/traslado-de-pacientes-camip-pamplona-2018-igss-9-1536x1024.jpg 1536w, \/wp-content\/uploads\/sites\/5\/2018\/06\/traslado-de-pacientes-camip-pamplona-2018-igss-9-300x200.jpg 300w, \/wp-content\/uploads\/sites\/5\/2018\/06\/traslado-de-pacientes-camip-pamplona-2018-igss-9-768x512.jpg 768w, \/wp-content\/uploads\/sites\/5\/2018\/06\/traslado-de-pacientes-camip-pamplona-2018-igss-9-1024x683.jpg 1024w, \/wp-content\/uploads\/sites\/5\/2018\/06\/traslado-de-pacientes-camip-pamplona-2018-igss-9-696x464.jpg 696w, \/wp-content\/uploads\/sites\/5\/2018\/06\/traslado-de-pacientes-camip-pamplona-2018-igss-9-1068x712.jpg 1068w, \/wp-content\/uploads\/sites\/5\/2018\/06\/traslado-de-pacientes-camip-pamplona-2018-igss-9-534x356.jpg 534w, \/wp-content\/uploads\/sites\/5\/2018\/06\/traslado-de-pacientes-camip-pamplona-2018-igss-9-1920x1280.jpg 1920w, \/wp-content\/uploads\/sites\/5\/2018\/06\/traslado-de-pacientes-camip-pamplona-2018-igss-9.jpg 2048w\" sizes=\"(max-width: 630px) 100vw, 630px\" alt=\"\">\r\n                            <\/a>\r\n                            \r\n                        <\/figure>\r\n                    <\/div>\r\n                            <\/div>\r\n                        <\/div>\r\n\r\n                        <div class = \"td-doubleSlider-2\">\r\n                            <div class = \"td-slider\">\r\n                                \r\n                    <div class = \"td-button td-item1\">\r\n                        <div class = \"td-border\"><\/div>\r\n                    <\/div>\r\n                    <div class = \"td-button td-item2\">\r\n                        <div class = \"td-border\"><\/div>\r\n                    <\/div>\r\n                    <div class = \"td-button td-item3\">\r\n                        <div class = \"td-border\"><\/div>\r\n                    <\/div>\r\n                    <div class = \"td-button td-item4\">\r\n                        <div class = \"td-border\"><\/div>\r\n                    <\/div>\r\n                    <div class = \"td-button td-item5\">\r\n                        <div class = \"td-border\"><\/div>\r\n                    <\/div>\r\n                    <div class = \"td-button td-item6\">\r\n                        <div class = \"td-border\"><\/div>\r\n                    <\/div>\r\n                    <div class = \"td-button td-item7\">\r\n                        <div class = \"td-border\"><\/div>\r\n                    <\/div>\r\n                    <div class = \"td-button td-item8\">\r\n                        <div class = \"td-border\"><\/div>\r\n                    <\/div>\r\n                    <div class = \"td-button td-item9\">\r\n                        <div class = \"td-border\"><\/div>\r\n                    <\/div>\r\n                            <\/div>\r\n                        <\/div>\r\n\r\n                    <\/div>\r\n\r\n                <\/div>\r\n                \n<hr \/>\n<p>&nbsp;<\/p>\n","protected":false},"excerpt":{"rendered":"<p>Como parte de los cambios y mejoras de atenci\u00f3n a los derechohabientes, el Instituto Guatemalteco de Seguridad Social (IGSS) inici\u00f3 este lunes el proyecto de traslado de pacientes del Centro de Atenci\u00f3n M\u00e9dica Integral para pensionados (CAMIP) Pamplona a los CAMIP Barranquilla y Zunil. La doctora Dora Mar\u00eda Gonz\u00e1lez, directora de ese centro de atenci\u00f3n [&hellip;]<\/p>\n","protected":false},"author":4,"featured_media":5440,"comment_status":"open","ping_status":"open","sticky":false,"template":"","format":"standard","meta":{"footnotes":""},"categories":[3,8,20,25,29,36],"tags":[146,149],"coauthors":[],"class_list":{"0":"post-5435","1":"post","2":"type-post","3":"status-publish","4":"format-standard","5":"has-post-thumbnail","7":"category-actualidad","8":"category-camip","9":"category-jubilados","10":"category-pensionados","11":"category-publicaciones","12":"category-unidades-medicas","13":"tag-camip","14":"tag-camip-pamplona"},"_links":{"self":[{"href":"https:\/\/www.igssgt.org\/noticias\/wp-json\/wp\/v2\/posts\/5435","targetHints":{"allow":["GET"]}}],"collection":[{"href":"https:\/\/www.igssgt.org\/noticias\/wp-json\/wp\/v2\/posts"}],"about":[{"href":"https:\/\/www.igssgt.org\/noticias\/wp-json\/wp\/v2\/types\/post"}],"author":[{"embeddable":true,"href":"https:\/\/www.igssgt.org\/noticias\/wp-json\/wp\/v2\/users\/4"}],"replies":[{"embeddable":true,"href":"https:\/\/www.igssgt.org\/noticias\/wp-json\/wp\/v2\/comments?post=5435"}],"version-history":[{"count":0,"href":"https:\/\/www.igssgt.org\/noticias\/wp-json\/wp\/v2\/posts\/5435\/revisions"}],"wp:featuredmedia":[{"embeddable":true,"href":"https:\/\/www.igssgt.org\/noticias\/wp-json\/wp\/v2\/media\/5440"}],"wp:attachment":[{"href":"https:\/\/www.igssgt.org\/noticias\/wp-json\/wp\/v2\/media?parent=5435"}],"wp:term":[{"taxonomy":"category","embeddable":true,"href":"https:\/\/www.igssgt.org\/noticias\/wp-json\/wp\/v2\/categories?post=5435"},{"taxonomy":"post_tag","embeddable":true,"href":"https:\/\/www.igssgt.org\/noticias\/wp-json\/wp\/v2\/tags?post=5435"},{"taxonomy":"author","embeddable":true,"href":"https:\/\/www.igssgt.org\/noticias\/wp-json\/wp\/v2\/coauthors?post=5435"}],"curies":[{"name":"wp","href":"https:\/\/api.w.org\/{rel}","templated":true}]}}