{"id":54371,"date":"2026-03-12T05:01:00","date_gmt":"2026-03-12T11:01:00","guid":{"rendered":"https:\/\/www.igssgt.org\/noticias\/?p=54371"},"modified":"2026-03-11T11:24:44","modified_gmt":"2026-03-11T17:24:44","slug":"el-igss-llama-a-cuidar-la-salud-renal","status":"publish","type":"post","link":"https:\/\/www.igssgt.org\/noticias\/2026\/03\/12\/el-igss-llama-a-cuidar-la-salud-renal\/","title":{"rendered":"El IGSS llama a cuidar la salud renal"},"content":{"rendered":"\n<p class=\"dropcapp2\">El D\u00eda Mundial del Ri\u00f1\u00f3n busca crear conciencia sobre la importancia de la salud renal y recordar que muchas enfermedades del ri\u00f1\u00f3n pueden prevenirse o controlarse si se detectan a tiempo.<\/p>\n\n\n\n<p>\u00a0<\/p>\n<figure id=\"attachment_54373\" aria-describedby=\"caption-attachment-54373\" style=\"width: 1024px\" class=\"wp-caption aligncenter\"><a href=\"\/wp-content\/uploads\/sites\/5\/2026\/03\/IGSS-Hospital-General-de-Enfermedades-Dia-Mundial-del-Rinon-20261.jpg\"><img loading=\"lazy\" decoding=\"async\" class=\"size-full wp-image-54373\" src=\"\/wp-content\/uploads\/sites\/5\/2026\/03\/IGSS-Hospital-General-de-Enfermedades-Dia-Mundial-del-Rinon-20261.jpg\" alt=\"\" width=\"1024\" height=\"683\" srcset=\"\/wp-content\/uploads\/sites\/5\/2026\/03\/IGSS-Hospital-General-de-Enfermedades-Dia-Mundial-del-Rinon-20261.jpg 1024w, \/wp-content\/uploads\/sites\/5\/2026\/03\/IGSS-Hospital-General-de-Enfermedades-Dia-Mundial-del-Rinon-20261-300x200.jpg 300w, \/wp-content\/uploads\/sites\/5\/2026\/03\/IGSS-Hospital-General-de-Enfermedades-Dia-Mundial-del-Rinon-20261-768x512.jpg 768w, \/wp-content\/uploads\/sites\/5\/2026\/03\/IGSS-Hospital-General-de-Enfermedades-Dia-Mundial-del-Rinon-20261-630x420.jpg 630w, \/wp-content\/uploads\/sites\/5\/2026\/03\/IGSS-Hospital-General-de-Enfermedades-Dia-Mundial-del-Rinon-20261-696x464.jpg 696w, \/wp-content\/uploads\/sites\/5\/2026\/03\/IGSS-Hospital-General-de-Enfermedades-Dia-Mundial-del-Rinon-20261-534x356.jpg 534w\" sizes=\"auto, (max-width: 1024px) 100vw, 1024px\" \/><\/a><figcaption id=\"caption-attachment-54373\" class=\"wp-caption-text\">El IGSS promueve en el D\u00eda Mundial del Ri\u00f1\u00f3n la prevenci\u00f3n y el diagn\u00f3stico oportuno de las enfermedades renales.<\/figcaption><\/figure>\n<p>En ese contexto, la doctora Yulany Sucely Raquec Aldana, especialista B y nefr\u00f3loga de adultos, del Hospital General de Enfermedades, explic\u00f3 que la enfermedad renal puede avanzar en silencio, ya que en sus primeras etapas no suele causar dolor ni s\u00edntomas evidentes.<\/p>\n<p>Por ello, advirti\u00f3 que una persona puede perder una parte importante de la funci\u00f3n renal sin notar cambios claros en su estado de salud.<\/p>\n<p>La especialista destac\u00f3 que los chequeos son fundamentales, sobre todo en personas con diabetes, hipertensi\u00f3n, obesidad, mayores de 60 a\u00f1os o con antecedentes familiares de enfermedad renal.<\/p>\n<figure id=\"attachment_54374\" aria-describedby=\"caption-attachment-54374\" style=\"width: 1048px\" class=\"wp-caption aligncenter\"><a href=\"\/wp-content\/uploads\/sites\/5\/2026\/03\/IGSS-Hospital-General-de-Enfermedades-Dia-Mundial-del-Rinon-20262.jpg\"><img loading=\"lazy\" decoding=\"async\" class=\"size-full wp-image-54374\" src=\"\/wp-content\/uploads\/sites\/5\/2026\/03\/IGSS-Hospital-General-de-Enfermedades-Dia-Mundial-del-Rinon-20262.jpg\" alt=\"\" width=\"1048\" height=\"1600\" srcset=\"\/wp-content\/uploads\/sites\/5\/2026\/03\/IGSS-Hospital-General-de-Enfermedades-Dia-Mundial-del-Rinon-20262.jpg 1048w, \/wp-content\/uploads\/sites\/5\/2026\/03\/IGSS-Hospital-General-de-Enfermedades-Dia-Mundial-del-Rinon-20262-197x300.jpg 197w, \/wp-content\/uploads\/sites\/5\/2026\/03\/IGSS-Hospital-General-de-Enfermedades-Dia-Mundial-del-Rinon-20262-671x1024.jpg 671w, \/wp-content\/uploads\/sites\/5\/2026\/03\/IGSS-Hospital-General-de-Enfermedades-Dia-Mundial-del-Rinon-20262-768x1173.jpg 768w, \/wp-content\/uploads\/sites\/5\/2026\/03\/IGSS-Hospital-General-de-Enfermedades-Dia-Mundial-del-Rinon-20262-1006x1536.jpg 1006w, \/wp-content\/uploads\/sites\/5\/2026\/03\/IGSS-Hospital-General-de-Enfermedades-Dia-Mundial-del-Rinon-20262-275x420.jpg 275w, \/wp-content\/uploads\/sites\/5\/2026\/03\/IGSS-Hospital-General-de-Enfermedades-Dia-Mundial-del-Rinon-20262-696x1063.jpg 696w, \/wp-content\/uploads\/sites\/5\/2026\/03\/IGSS-Hospital-General-de-Enfermedades-Dia-Mundial-del-Rinon-20262-303x462.jpg 303w\" sizes=\"auto, (max-width: 1048px) 100vw, 1048px\" \/><\/a><figcaption id=\"caption-attachment-54374\" class=\"wp-caption-text\">La doctora Yulany Sucely Raquec Aldana, nefr\u00f3loga de adultos del IGSS Zona 9, destaca la importancia de los chequeos peri\u00f3dicos para proteger la salud renal.<\/figcaption><\/figure>\n<p>A\u00f1adi\u00f3 que sentirse bien no siempre significa estar sano, por lo que la detecci\u00f3n temprana puede marcar una gran diferencia.<\/p>\n<p>Entre las principales recomendaciones para cuidar los ri\u00f1ones mencion\u00f3 mantener controlados la presi\u00f3n arterial y el az\u00facar en sangre, tomar suficiente agua, reducir el consumo de sal y evitar alimentos ultraprocesados.<\/p>\n<p>Tambi\u00e9n alert\u00f3 sobre pr\u00e1cticas que pueden da\u00f1ar la funci\u00f3n renal, como la automedicaci\u00f3n frecuente con analg\u00e9sicos o antiinflamatorios, el uso de remedios herbales sin supervisi\u00f3n m\u00e9dica y la deshidrataci\u00f3n prolongada.<\/p>\n<p>Asimismo, se\u00f1al\u00f3 que hay signos de alerta que no deben ignorarse, como hinchaz\u00f3n en pies, manos o p\u00e1rpados, cambios en la orina, cansancio extremo sin causa aparente y presi\u00f3n arterial elevada dif\u00edcil de controlar. Ante cualquiera de estas se\u00f1ales, recomend\u00f3 consultar a un profesional de salud.<\/p>\n<p>Para detectar a tiempo un problema renal, indic\u00f3 que los ex\u00e1menes b\u00e1sicos incluyen el examen general de orina, la creatinina en sangre y la medici\u00f3n de la presi\u00f3n arterial. En pacientes con diabetes, tambi\u00e9n es importante el control de glucosa y hemoglobina glicosilada.<\/p>\n<figure id=\"attachment_54375\" aria-describedby=\"caption-attachment-54375\" style=\"width: 1600px\" class=\"wp-caption aligncenter\"><a href=\"\/wp-content\/uploads\/sites\/5\/2026\/03\/IGSS-Hospital-General-de-Enfermedades-Dia-Mundial-del-Rinon-20263.jpg\"><img loading=\"lazy\" decoding=\"async\" class=\"size-full wp-image-54375\" src=\"\/wp-content\/uploads\/sites\/5\/2026\/03\/IGSS-Hospital-General-de-Enfermedades-Dia-Mundial-del-Rinon-20263.jpg\" alt=\"\" width=\"1600\" height=\"1066\" srcset=\"\/wp-content\/uploads\/sites\/5\/2026\/03\/IGSS-Hospital-General-de-Enfermedades-Dia-Mundial-del-Rinon-20263.jpg 1600w, \/wp-content\/uploads\/sites\/5\/2026\/03\/IGSS-Hospital-General-de-Enfermedades-Dia-Mundial-del-Rinon-20263-300x200.jpg 300w, \/wp-content\/uploads\/sites\/5\/2026\/03\/IGSS-Hospital-General-de-Enfermedades-Dia-Mundial-del-Rinon-20263-1024x682.jpg 1024w, \/wp-content\/uploads\/sites\/5\/2026\/03\/IGSS-Hospital-General-de-Enfermedades-Dia-Mundial-del-Rinon-20263-768x512.jpg 768w, \/wp-content\/uploads\/sites\/5\/2026\/03\/IGSS-Hospital-General-de-Enfermedades-Dia-Mundial-del-Rinon-20263-1536x1023.jpg 1536w, \/wp-content\/uploads\/sites\/5\/2026\/03\/IGSS-Hospital-General-de-Enfermedades-Dia-Mundial-del-Rinon-20263-630x420.jpg 630w, \/wp-content\/uploads\/sites\/5\/2026\/03\/IGSS-Hospital-General-de-Enfermedades-Dia-Mundial-del-Rinon-20263-696x464.jpg 696w, \/wp-content\/uploads\/sites\/5\/2026\/03\/IGSS-Hospital-General-de-Enfermedades-Dia-Mundial-del-Rinon-20263-1068x712.jpg 1068w, \/wp-content\/uploads\/sites\/5\/2026\/03\/IGSS-Hospital-General-de-Enfermedades-Dia-Mundial-del-Rinon-20263-534x356.jpg 534w\" sizes=\"auto, (max-width: 1600px) 100vw, 1600px\" \/><\/a><figcaption id=\"caption-attachment-54375\" class=\"wp-caption-text\">Jornadas de tamizaje, orientaci\u00f3n y educaci\u00f3n forman parte de las acciones del IGSS para fomentar el cuidado de los ri\u00f1ones.<\/figcaption><\/figure>\n<p>En el marco de esta conmemoraci\u00f3n, la profesional tambi\u00e9n resalt\u00f3 la importancia de la cultura de donaci\u00f3n de \u00f3rganos, ya que para muchos pacientes con enfermedad renal avanzada el trasplante representa una mejor oportunidad de calidad de vida. Adem\u00e1s, impulsa jornadas de tamizaje, charlas educativas y acciones informativas sobre prevenci\u00f3n y estilos de vida saludables.<\/p>\n\r\n                <style type=\"text\/css\">\r\n                    \r\n                    #tdi_1  .td-doubleSlider-2 .td-item1 {\r\n                        background: url(\/wp-content\/uploads\/sites\/5\/2026\/03\/IGSS-Hospital-General-de-Enfermedades-Dia-Mundial-del-Rinon-20268-80x60.jpg) 0 0 no-repeat;\r\n                    }\r\n                    #tdi_1  .td-doubleSlider-2 .td-item2 {\r\n                        background: url(\/wp-content\/uploads\/sites\/5\/2026\/03\/IGSS-Hospital-General-de-Enfermedades-Dia-Mundial-del-Rinon-20266-80x60.jpg) 0 0 no-repeat;\r\n                    }\r\n                    #tdi_1  .td-doubleSlider-2 .td-item3 {\r\n                        background: url(\/wp-content\/uploads\/sites\/5\/2026\/03\/IGSS-Hospital-General-de-Enfermedades-Dia-Mundial-del-Rinon-20264-80x60.jpg) 0 0 no-repeat;\r\n                    }\r\n                    #tdi_1  .td-doubleSlider-2 .td-item4 {\r\n                        background: url(\/wp-content\/uploads\/sites\/5\/2026\/03\/IGSS-Hospital-General-de-Enfermedades-Dia-Mundial-del-Rinon-20265-80x60.jpg) 0 0 no-repeat;\r\n                    }\r\n                    #tdi_1  .td-doubleSlider-2 .td-item5 {\r\n                        background: url(\/wp-content\/uploads\/sites\/5\/2026\/03\/IGSS-Hospital-General-de-Enfermedades-Dia-Mundial-del-Rinon-20267-80x60.jpg) 0 0 no-repeat;\r\n                    }\r\n                    #tdi_1  .td-doubleSlider-2 .td-item6 {\r\n                        background: url(\/wp-content\/uploads\/sites\/5\/2026\/03\/IGSS-Hospital-General-de-Enfermedades-Dia-Mundial-del-Rinon-20269-80x60.jpg) 0 0 no-repeat;\r\n                    }\r\n                    #tdi_1  .td-doubleSlider-2 .td-item7 {\r\n                        background: url(\/wp-content\/uploads\/sites\/5\/2026\/03\/IGSS-Hospital-General-de-Enfermedades-Dia-Mundial-del-Rinon-202610-80x60.jpg) 0 0 no-repeat;\r\n                    }\r\n                    #tdi_1  .td-doubleSlider-2 .td-item8 {\r\n                        background: url(\/wp-content\/uploads\/sites\/5\/2026\/03\/IGSS-Hospital-General-de-Enfermedades-Dia-Mundial-del-Rinon-202611-80x60.jpg) 0 0 no-repeat;\r\n                    }\r\n                    #tdi_1  .td-doubleSlider-2 .td-item9 {\r\n                        background: url(\/wp-content\/uploads\/sites\/5\/2026\/03\/IGSS-Hospital-General-de-Enfermedades-Dia-Mundial-del-Rinon-202612-80x60.jpg) 0 0 no-repeat;\r\n                    }\r\n                    #tdi_1  .td-doubleSlider-2 .td-item10 {\r\n                        background: url(\/wp-content\/uploads\/sites\/5\/2026\/03\/IGSS-Hospital-General-de-Enfermedades-Dia-Mundial-del-Rinon-202613-80x60.jpg) 0 0 no-repeat;\r\n                    }\r\n                <\/style>\r\n\r\n                <div id=\"tdi_1\" class=\"td-gallery td-slide-on-2-columns\">\r\n                    <div class=\"post_td_gallery\">\r\n                        <div class=\"td-gallery-slide-top\">\r\n                           <div class=\"td-gallery-title\">M\u00e1s fotos:<\/div>\r\n\r\n                            <div class=\"td-gallery-controls-wrapper\">\r\n                                <div class=\"td-gallery-slide-count\"><span class=\"td-gallery-slide-item-focus\">1<\/span> de 10<\/div>\r\n                                <div class=\"td-gallery-slide-prev-next-but\">\r\n                                    <i class = \"td-icon-left doubleSliderPrevButton\"><\/i>\r\n                                    <i class = \"td-icon-right doubleSliderNextButton\"><\/i>\r\n                                <\/div>\r\n                            <\/div>\r\n                        <\/div>\r\n\r\n                        <div class = \"td-doubleSlider-1 \">\r\n                            <div class = \"td-slider\">\r\n                                \r\n                    <div class = \"td-slide-item td-item1\">\r\n                        <figure class=\"td-slide-galery-figure td-slide-popup-gallery\">\r\n                            <a class=\"slide-gallery-image-link\" href=\"\/wp-content\/uploads\/sites\/5\/2026\/03\/IGSS-Hospital-General-de-Enfermedades-Dia-Mundial-del-Rinon-20268.jpg\" title=\"IGSS Hospital General de Enfermedades Di\u0301a Mundial del Rin\u0303o\u0301n 20268\"  data-caption=\"\"  data-description=\"\">\r\n                                <img decoding=\"async\" src=\"\/wp-content\/uploads\/sites\/5\/2026\/03\/IGSS-Hospital-General-de-Enfermedades-Dia-Mundial-del-Rinon-20268.jpg\" srcset=\"\/wp-content\/uploads\/sites\/5\/2026\/03\/IGSS-Hospital-General-de-Enfermedades-Dia-Mundial-del-Rinon-20268.jpg 630w, \/wp-content\/uploads\/sites\/5\/2026\/03\/IGSS-Hospital-General-de-Enfermedades-Dia-Mundial-del-Rinon-20268-300x200.jpg 300w, \/wp-content\/uploads\/sites\/5\/2026\/03\/IGSS-Hospital-General-de-Enfermedades-Dia-Mundial-del-Rinon-20268-534x356.jpg 534w\" sizes=\"(max-width: 630px) 100vw, 630px\" alt=\"\">\r\n                            <\/a>\r\n                            \r\n                        <\/figure>\r\n                    <\/div>\r\n                    <div class = \"td-slide-item td-item2\">\r\n                        <figure class=\"td-slide-galery-figure td-slide-popup-gallery\">\r\n                            <a class=\"slide-gallery-image-link\" href=\"\/wp-content\/uploads\/sites\/5\/2026\/03\/IGSS-Hospital-General-de-Enfermedades-Dia-Mundial-del-Rinon-20266.jpg\" title=\"IGSS Hospital General de Enfermedades Di\u0301a Mundial del Rin\u0303o\u0301n 20266\"  data-caption=\"\"  data-description=\"\">\r\n                                <img decoding=\"async\" src=\"\/wp-content\/uploads\/sites\/5\/2026\/03\/IGSS-Hospital-General-de-Enfermedades-Dia-Mundial-del-Rinon-20266-630x420.jpg\" srcset=\"\/wp-content\/uploads\/sites\/5\/2026\/03\/IGSS-Hospital-General-de-Enfermedades-Dia-Mundial-del-Rinon-20266-630x420.jpg 630w, \/wp-content\/uploads\/sites\/5\/2026\/03\/IGSS-Hospital-General-de-Enfermedades-Dia-Mundial-del-Rinon-20266-300x200.jpg 300w, \/wp-content\/uploads\/sites\/5\/2026\/03\/IGSS-Hospital-General-de-Enfermedades-Dia-Mundial-del-Rinon-20266-1024x682.jpg 1024w, \/wp-content\/uploads\/sites\/5\/2026\/03\/IGSS-Hospital-General-de-Enfermedades-Dia-Mundial-del-Rinon-20266-768x512.jpg 768w, \/wp-content\/uploads\/sites\/5\/2026\/03\/IGSS-Hospital-General-de-Enfermedades-Dia-Mundial-del-Rinon-20266-1536x1023.jpg 1536w, \/wp-content\/uploads\/sites\/5\/2026\/03\/IGSS-Hospital-General-de-Enfermedades-Dia-Mundial-del-Rinon-20266-696x464.jpg 696w, \/wp-content\/uploads\/sites\/5\/2026\/03\/IGSS-Hospital-General-de-Enfermedades-Dia-Mundial-del-Rinon-20266-1068x712.jpg 1068w, \/wp-content\/uploads\/sites\/5\/2026\/03\/IGSS-Hospital-General-de-Enfermedades-Dia-Mundial-del-Rinon-20266-534x356.jpg 534w, \/wp-content\/uploads\/sites\/5\/2026\/03\/IGSS-Hospital-General-de-Enfermedades-Dia-Mundial-del-Rinon-20266.jpg 1600w\" sizes=\"(max-width: 630px) 100vw, 630px\" alt=\"\">\r\n                            <\/a>\r\n                            \r\n                        <\/figure>\r\n                    <\/div>\r\n                    <div class = \"td-slide-item td-item3\">\r\n                        <figure class=\"td-slide-galery-figure td-slide-popup-gallery\">\r\n                            <a class=\"slide-gallery-image-link\" href=\"\/wp-content\/uploads\/sites\/5\/2026\/03\/IGSS-Hospital-General-de-Enfermedades-Dia-Mundial-del-Rinon-20264.jpg\" title=\"IGSS Hospital General de Enfermedades Di\u0301a Mundial del Rin\u0303o\u0301n 20264\"  data-caption=\"\"  data-description=\"\">\r\n                                <img decoding=\"async\" src=\"\/wp-content\/uploads\/sites\/5\/2026\/03\/IGSS-Hospital-General-de-Enfermedades-Dia-Mundial-del-Rinon-20264-630x420.jpg\" srcset=\"\/wp-content\/uploads\/sites\/5\/2026\/03\/IGSS-Hospital-General-de-Enfermedades-Dia-Mundial-del-Rinon-20264-630x420.jpg 630w, \/wp-content\/uploads\/sites\/5\/2026\/03\/IGSS-Hospital-General-de-Enfermedades-Dia-Mundial-del-Rinon-20264-300x200.jpg 300w, \/wp-content\/uploads\/sites\/5\/2026\/03\/IGSS-Hospital-General-de-Enfermedades-Dia-Mundial-del-Rinon-20264-1024x682.jpg 1024w, \/wp-content\/uploads\/sites\/5\/2026\/03\/IGSS-Hospital-General-de-Enfermedades-Dia-Mundial-del-Rinon-20264-768x512.jpg 768w, \/wp-content\/uploads\/sites\/5\/2026\/03\/IGSS-Hospital-General-de-Enfermedades-Dia-Mundial-del-Rinon-20264-1536x1023.jpg 1536w, \/wp-content\/uploads\/sites\/5\/2026\/03\/IGSS-Hospital-General-de-Enfermedades-Dia-Mundial-del-Rinon-20264-696x464.jpg 696w, \/wp-content\/uploads\/sites\/5\/2026\/03\/IGSS-Hospital-General-de-Enfermedades-Dia-Mundial-del-Rinon-20264-1068x712.jpg 1068w, \/wp-content\/uploads\/sites\/5\/2026\/03\/IGSS-Hospital-General-de-Enfermedades-Dia-Mundial-del-Rinon-20264-534x356.jpg 534w, \/wp-content\/uploads\/sites\/5\/2026\/03\/IGSS-Hospital-General-de-Enfermedades-Dia-Mundial-del-Rinon-20264.jpg 1600w\" sizes=\"(max-width: 630px) 100vw, 630px\" alt=\"\">\r\n                            <\/a>\r\n                            \r\n                        <\/figure>\r\n                    <\/div>\r\n                    <div class = \"td-slide-item td-item4\">\r\n                        <figure class=\"td-slide-galery-figure td-slide-popup-gallery\">\r\n                            <a class=\"slide-gallery-image-link\" href=\"\/wp-content\/uploads\/sites\/5\/2026\/03\/IGSS-Hospital-General-de-Enfermedades-Dia-Mundial-del-Rinon-20265.jpg\" title=\"IGSS Hospital General de Enfermedades Di\u0301a Mundial del Rin\u0303o\u0301n 20265\"  data-caption=\"\"  data-description=\"\">\r\n                                <img decoding=\"async\" src=\"\/wp-content\/uploads\/sites\/5\/2026\/03\/IGSS-Hospital-General-de-Enfermedades-Dia-Mundial-del-Rinon-20265-604x420.jpg\" srcset=\"\/wp-content\/uploads\/sites\/5\/2026\/03\/IGSS-Hospital-General-de-Enfermedades-Dia-Mundial-del-Rinon-20265-604x420.jpg 604w, \/wp-content\/uploads\/sites\/5\/2026\/03\/IGSS-Hospital-General-de-Enfermedades-Dia-Mundial-del-Rinon-20265-300x209.jpg 300w, \/wp-content\/uploads\/sites\/5\/2026\/03\/IGSS-Hospital-General-de-Enfermedades-Dia-Mundial-del-Rinon-20265-1024x712.jpg 1024w, \/wp-content\/uploads\/sites\/5\/2026\/03\/IGSS-Hospital-General-de-Enfermedades-Dia-Mundial-del-Rinon-20265-768x534.jpg 768w, \/wp-content\/uploads\/sites\/5\/2026\/03\/IGSS-Hospital-General-de-Enfermedades-Dia-Mundial-del-Rinon-20265-696x484.jpg 696w, \/wp-content\/uploads\/sites\/5\/2026\/03\/IGSS-Hospital-General-de-Enfermedades-Dia-Mundial-del-Rinon-20265-1068x743.jpg 1068w, \/wp-content\/uploads\/sites\/5\/2026\/03\/IGSS-Hospital-General-de-Enfermedades-Dia-Mundial-del-Rinon-20265-100x70.jpg 100w, \/wp-content\/uploads\/sites\/5\/2026\/03\/IGSS-Hospital-General-de-Enfermedades-Dia-Mundial-del-Rinon-20265-534x371.jpg 534w, \/wp-content\/uploads\/sites\/5\/2026\/03\/IGSS-Hospital-General-de-Enfermedades-Dia-Mundial-del-Rinon-20265.jpg 1412w\" sizes=\"(max-width: 604px) 100vw, 604px\" alt=\"\">\r\n                            <\/a>\r\n                            \r\n                        <\/figure>\r\n                    <\/div>\r\n                    <div class = \"td-slide-item td-item5\">\r\n                        <figure class=\"td-slide-galery-figure td-slide-popup-gallery\">\r\n                            <a class=\"slide-gallery-image-link\" href=\"\/wp-content\/uploads\/sites\/5\/2026\/03\/IGSS-Hospital-General-de-Enfermedades-Dia-Mundial-del-Rinon-20267.jpg\" title=\"IGSS Hospital General de Enfermedades Di\u0301a Mundial del Rin\u0303o\u0301n 20267\"  data-caption=\"\"  data-description=\"\">\r\n                                <img decoding=\"async\" src=\"\/wp-content\/uploads\/sites\/5\/2026\/03\/IGSS-Hospital-General-de-Enfermedades-Dia-Mundial-del-Rinon-20267-630x420.jpg\" srcset=\"\/wp-content\/uploads\/sites\/5\/2026\/03\/IGSS-Hospital-General-de-Enfermedades-Dia-Mundial-del-Rinon-20267-630x420.jpg 630w, \/wp-content\/uploads\/sites\/5\/2026\/03\/IGSS-Hospital-General-de-Enfermedades-Dia-Mundial-del-Rinon-20267-300x200.jpg 300w, \/wp-content\/uploads\/sites\/5\/2026\/03\/IGSS-Hospital-General-de-Enfermedades-Dia-Mundial-del-Rinon-20267-1024x682.jpg 1024w, \/wp-content\/uploads\/sites\/5\/2026\/03\/IGSS-Hospital-General-de-Enfermedades-Dia-Mundial-del-Rinon-20267-768x512.jpg 768w, \/wp-content\/uploads\/sites\/5\/2026\/03\/IGSS-Hospital-General-de-Enfermedades-Dia-Mundial-del-Rinon-20267-696x464.jpg 696w, \/wp-content\/uploads\/sites\/5\/2026\/03\/IGSS-Hospital-General-de-Enfermedades-Dia-Mundial-del-Rinon-20267-1068x712.jpg 1068w, \/wp-content\/uploads\/sites\/5\/2026\/03\/IGSS-Hospital-General-de-Enfermedades-Dia-Mundial-del-Rinon-20267-534x356.jpg 534w, \/wp-content\/uploads\/sites\/5\/2026\/03\/IGSS-Hospital-General-de-Enfermedades-Dia-Mundial-del-Rinon-20267.jpg 1280w\" sizes=\"(max-width: 630px) 100vw, 630px\" alt=\"\">\r\n                            <\/a>\r\n                            \r\n                        <\/figure>\r\n                    <\/div>\r\n                    <div class = \"td-slide-item td-item6\">\r\n                        <figure class=\"td-slide-galery-figure td-slide-popup-gallery\">\r\n                            <a class=\"slide-gallery-image-link\" href=\"\/wp-content\/uploads\/sites\/5\/2026\/03\/IGSS-Hospital-General-de-Enfermedades-Dia-Mundial-del-Rinon-20269.jpg\" title=\"IGSS Hospital General de Enfermedades Di\u0301a Mundial del Rin\u0303o\u0301n 20269\"  data-caption=\"\"  data-description=\"\">\r\n                                <img decoding=\"async\" src=\"\/wp-content\/uploads\/sites\/5\/2026\/03\/IGSS-Hospital-General-de-Enfermedades-Dia-Mundial-del-Rinon-20269-630x420.jpg\" srcset=\"\/wp-content\/uploads\/sites\/5\/2026\/03\/IGSS-Hospital-General-de-Enfermedades-Dia-Mundial-del-Rinon-20269-630x420.jpg 630w, \/wp-content\/uploads\/sites\/5\/2026\/03\/IGSS-Hospital-General-de-Enfermedades-Dia-Mundial-del-Rinon-20269-300x200.jpg 300w, \/wp-content\/uploads\/sites\/5\/2026\/03\/IGSS-Hospital-General-de-Enfermedades-Dia-Mundial-del-Rinon-20269-1024x683.jpg 1024w, \/wp-content\/uploads\/sites\/5\/2026\/03\/IGSS-Hospital-General-de-Enfermedades-Dia-Mundial-del-Rinon-20269-768x512.jpg 768w, \/wp-content\/uploads\/sites\/5\/2026\/03\/IGSS-Hospital-General-de-Enfermedades-Dia-Mundial-del-Rinon-20269-696x464.jpg 696w, \/wp-content\/uploads\/sites\/5\/2026\/03\/IGSS-Hospital-General-de-Enfermedades-Dia-Mundial-del-Rinon-20269-534x356.jpg 534w, \/wp-content\/uploads\/sites\/5\/2026\/03\/IGSS-Hospital-General-de-Enfermedades-Dia-Mundial-del-Rinon-20269.jpg 1068w\" sizes=\"(max-width: 630px) 100vw, 630px\" alt=\"\">\r\n                            <\/a>\r\n                            \r\n                        <\/figure>\r\n                    <\/div>\r\n                    <div class = \"td-slide-item td-item7\">\r\n                        <figure class=\"td-slide-galery-figure td-slide-popup-gallery\">\r\n                            <a class=\"slide-gallery-image-link\" href=\"\/wp-content\/uploads\/sites\/5\/2026\/03\/IGSS-Hospital-General-de-Enfermedades-Dia-Mundial-del-Rinon-202610.jpg\" title=\"IGSS Hospital General de Enfermedades Di\u0301a Mundial del Rin\u0303o\u0301n 202610\"  data-caption=\"\"  data-description=\"\">\r\n                                <img decoding=\"async\" src=\"\/wp-content\/uploads\/sites\/5\/2026\/03\/IGSS-Hospital-General-de-Enfermedades-Dia-Mundial-del-Rinon-202610-630x420.jpg\" srcset=\"\/wp-content\/uploads\/sites\/5\/2026\/03\/IGSS-Hospital-General-de-Enfermedades-Dia-Mundial-del-Rinon-202610-630x420.jpg 630w, \/wp-content\/uploads\/sites\/5\/2026\/03\/IGSS-Hospital-General-de-Enfermedades-Dia-Mundial-del-Rinon-202610-300x200.jpg 300w, \/wp-content\/uploads\/sites\/5\/2026\/03\/IGSS-Hospital-General-de-Enfermedades-Dia-Mundial-del-Rinon-202610-1024x682.jpg 1024w, \/wp-content\/uploads\/sites\/5\/2026\/03\/IGSS-Hospital-General-de-Enfermedades-Dia-Mundial-del-Rinon-202610-768x512.jpg 768w, \/wp-content\/uploads\/sites\/5\/2026\/03\/IGSS-Hospital-General-de-Enfermedades-Dia-Mundial-del-Rinon-202610-1536x1023.jpg 1536w, \/wp-content\/uploads\/sites\/5\/2026\/03\/IGSS-Hospital-General-de-Enfermedades-Dia-Mundial-del-Rinon-202610-696x464.jpg 696w, \/wp-content\/uploads\/sites\/5\/2026\/03\/IGSS-Hospital-General-de-Enfermedades-Dia-Mundial-del-Rinon-202610-1068x712.jpg 1068w, \/wp-content\/uploads\/sites\/5\/2026\/03\/IGSS-Hospital-General-de-Enfermedades-Dia-Mundial-del-Rinon-202610-534x356.jpg 534w, \/wp-content\/uploads\/sites\/5\/2026\/03\/IGSS-Hospital-General-de-Enfermedades-Dia-Mundial-del-Rinon-202610.jpg 1600w\" sizes=\"(max-width: 630px) 100vw, 630px\" alt=\"\">\r\n                            <\/a>\r\n                            \r\n                        <\/figure>\r\n                    <\/div>\r\n                    <div class = \"td-slide-item td-item8\">\r\n                        <figure class=\"td-slide-galery-figure td-slide-popup-gallery\">\r\n                            <a class=\"slide-gallery-image-link\" href=\"\/wp-content\/uploads\/sites\/5\/2026\/03\/IGSS-Hospital-General-de-Enfermedades-Dia-Mundial-del-Rinon-202611.jpg\" title=\"IGSS Hospital General de Enfermedades Di\u0301a Mundial del Rin\u0303o\u0301n 202611\"  data-caption=\"\"  data-description=\"\">\r\n                                <img decoding=\"async\" src=\"\/wp-content\/uploads\/sites\/5\/2026\/03\/IGSS-Hospital-General-de-Enfermedades-Dia-Mundial-del-Rinon-202611-742x420.jpg\" srcset=\"\/wp-content\/uploads\/sites\/5\/2026\/03\/IGSS-Hospital-General-de-Enfermedades-Dia-Mundial-del-Rinon-202611-742x420.jpg 742w, \/wp-content\/uploads\/sites\/5\/2026\/03\/IGSS-Hospital-General-de-Enfermedades-Dia-Mundial-del-Rinon-202611-300x170.jpg 300w, \/wp-content\/uploads\/sites\/5\/2026\/03\/IGSS-Hospital-General-de-Enfermedades-Dia-Mundial-del-Rinon-202611-696x394.jpg 696w, \/wp-content\/uploads\/sites\/5\/2026\/03\/IGSS-Hospital-General-de-Enfermedades-Dia-Mundial-del-Rinon-202611-534x302.jpg 534w, \/wp-content\/uploads\/sites\/5\/2026\/03\/IGSS-Hospital-General-de-Enfermedades-Dia-Mundial-del-Rinon-202611.jpg 760w\" sizes=\"(max-width: 742px) 100vw, 742px\" alt=\"\">\r\n                            <\/a>\r\n                            \r\n                        <\/figure>\r\n                    <\/div>\r\n                    <div class = \"td-slide-item td-item9\">\r\n                        <figure class=\"td-slide-galery-figure td-slide-popup-gallery\">\r\n                            <a class=\"slide-gallery-image-link\" href=\"\/wp-content\/uploads\/sites\/5\/2026\/03\/IGSS-Hospital-General-de-Enfermedades-Dia-Mundial-del-Rinon-202612.jpg\" title=\"IGSS Hospital General de Enfermedades Di\u0301a Mundial del Rin\u0303o\u0301n 202612\"  data-caption=\"\"  data-description=\"\">\r\n                                <img decoding=\"async\" src=\"\/wp-content\/uploads\/sites\/5\/2026\/03\/IGSS-Hospital-General-de-Enfermedades-Dia-Mundial-del-Rinon-202612-630x420.jpg\" srcset=\"\/wp-content\/uploads\/sites\/5\/2026\/03\/IGSS-Hospital-General-de-Enfermedades-Dia-Mundial-del-Rinon-202612-630x420.jpg 630w, \/wp-content\/uploads\/sites\/5\/2026\/03\/IGSS-Hospital-General-de-Enfermedades-Dia-Mundial-del-Rinon-202612-300x200.jpg 300w, \/wp-content\/uploads\/sites\/5\/2026\/03\/IGSS-Hospital-General-de-Enfermedades-Dia-Mundial-del-Rinon-202612-1024x683.jpg 1024w, \/wp-content\/uploads\/sites\/5\/2026\/03\/IGSS-Hospital-General-de-Enfermedades-Dia-Mundial-del-Rinon-202612-768x512.jpg 768w, \/wp-content\/uploads\/sites\/5\/2026\/03\/IGSS-Hospital-General-de-Enfermedades-Dia-Mundial-del-Rinon-202612-1536x1024.jpg 1536w, \/wp-content\/uploads\/sites\/5\/2026\/03\/IGSS-Hospital-General-de-Enfermedades-Dia-Mundial-del-Rinon-202612-696x464.jpg 696w, \/wp-content\/uploads\/sites\/5\/2026\/03\/IGSS-Hospital-General-de-Enfermedades-Dia-Mundial-del-Rinon-202612-1068x712.jpg 1068w, \/wp-content\/uploads\/sites\/5\/2026\/03\/IGSS-Hospital-General-de-Enfermedades-Dia-Mundial-del-Rinon-202612-534x356.jpg 534w, \/wp-content\/uploads\/sites\/5\/2026\/03\/IGSS-Hospital-General-de-Enfermedades-Dia-Mundial-del-Rinon-202612.jpg 1599w\" sizes=\"(max-width: 630px) 100vw, 630px\" alt=\"\">\r\n                            <\/a>\r\n                            \r\n                        <\/figure>\r\n                    <\/div>\r\n                    <div class = \"td-slide-item td-item10\">\r\n                        <figure class=\"td-slide-galery-figure td-slide-popup-gallery\">\r\n                            <a class=\"slide-gallery-image-link\" href=\"\/wp-content\/uploads\/sites\/5\/2026\/03\/IGSS-Hospital-General-de-Enfermedades-Dia-Mundial-del-Rinon-202613.jpg\" title=\"IGSS Hospital General de Enfermedades Di\u0301a Mundial del Rin\u0303o\u0301n 202613\"  data-caption=\"\"  data-description=\"\">\r\n                                <img decoding=\"async\" src=\"\/wp-content\/uploads\/sites\/5\/2026\/03\/IGSS-Hospital-General-de-Enfermedades-Dia-Mundial-del-Rinon-202613-630x420.jpg\" srcset=\"\/wp-content\/uploads\/sites\/5\/2026\/03\/IGSS-Hospital-General-de-Enfermedades-Dia-Mundial-del-Rinon-202613-630x420.jpg 630w, \/wp-content\/uploads\/sites\/5\/2026\/03\/IGSS-Hospital-General-de-Enfermedades-Dia-Mundial-del-Rinon-202613-300x200.jpg 300w, \/wp-content\/uploads\/sites\/5\/2026\/03\/IGSS-Hospital-General-de-Enfermedades-Dia-Mundial-del-Rinon-202613-1024x683.jpg 1024w, \/wp-content\/uploads\/sites\/5\/2026\/03\/IGSS-Hospital-General-de-Enfermedades-Dia-Mundial-del-Rinon-202613-768x512.jpg 768w, \/wp-content\/uploads\/sites\/5\/2026\/03\/IGSS-Hospital-General-de-Enfermedades-Dia-Mundial-del-Rinon-202613-1536x1024.jpg 1536w, \/wp-content\/uploads\/sites\/5\/2026\/03\/IGSS-Hospital-General-de-Enfermedades-Dia-Mundial-del-Rinon-202613-696x464.jpg 696w, \/wp-content\/uploads\/sites\/5\/2026\/03\/IGSS-Hospital-General-de-Enfermedades-Dia-Mundial-del-Rinon-202613-1068x712.jpg 1068w, \/wp-content\/uploads\/sites\/5\/2026\/03\/IGSS-Hospital-General-de-Enfermedades-Dia-Mundial-del-Rinon-202613-534x356.jpg 534w, \/wp-content\/uploads\/sites\/5\/2026\/03\/IGSS-Hospital-General-de-Enfermedades-Dia-Mundial-del-Rinon-202613.jpg 1599w\" sizes=\"(max-width: 630px) 100vw, 630px\" alt=\"\">\r\n                            <\/a>\r\n                            \r\n                        <\/figure>\r\n                    <\/div>\r\n                            <\/div>\r\n                        <\/div>\r\n\r\n                        <div class = \"td-doubleSlider-2\">\r\n                            <div class = \"td-slider\">\r\n                                \r\n                    <div class = \"td-button td-item1\">\r\n                        <div class = \"td-border\"><\/div>\r\n                    <\/div>\r\n                    <div class = \"td-button td-item2\">\r\n                        <div class = \"td-border\"><\/div>\r\n                    <\/div>\r\n                    <div class = \"td-button td-item3\">\r\n                        <div class = \"td-border\"><\/div>\r\n                    <\/div>\r\n                    <div class = \"td-button td-item4\">\r\n                        <div class = \"td-border\"><\/div>\r\n                    <\/div>\r\n                    <div class = \"td-button td-item5\">\r\n                        <div class = \"td-border\"><\/div>\r\n                    <\/div>\r\n                    <div class = \"td-button td-item6\">\r\n                        <div class = \"td-border\"><\/div>\r\n                    <\/div>\r\n                    <div class = \"td-button td-item7\">\r\n                        <div class = \"td-border\"><\/div>\r\n                    <\/div>\r\n                    <div class = \"td-button td-item8\">\r\n                        <div class = \"td-border\"><\/div>\r\n                    <\/div>\r\n                    <div class = \"td-button td-item9\">\r\n                        <div class = \"td-border\"><\/div>\r\n                    <\/div>\r\n                    <div class = \"td-button td-item10\">\r\n                        <div class = \"td-border\"><\/div>\r\n                    <\/div>\r\n                            <\/div>\r\n                        <\/div>\r\n\r\n                    <\/div>\r\n\r\n                <\/div>\r\n                \n\n\n\n<p><\/p>\n","protected":false},"excerpt":{"rendered":"<p>En el D\u00eda Mundial del Ri\u00f1\u00f3n, el Instituto Guatemalteco de Seguridad Social (IGSS) promueve la prevenci\u00f3n, detecci\u00f3n temprana y tratamiento oportuno de las enfermedades renales, e invita a la poblaci\u00f3n a cuidar sus ri\u00f1ones y realizarse chequeos a tiempo.<\/p>\n","protected":false},"author":3269,"featured_media":54372,"comment_status":"closed","ping_status":"closed","sticky":false,"template":"","format":"standard","meta":{"footnotes":""},"categories":[3,1130,22,1291,27,33],"tags":[2668,2053,481,490],"coauthors":[1970],"class_list":{"0":"post-54371","1":"post","2":"type-post","3":"status-publish","4":"format-standard","5":"has-post-thumbnail","7":"category-actualidad","8":"category-consejos-medicos","9":"category-opsoms","10":"category-prestaciones-en-salud","11":"category-prevencion-en-salud","12":"category-servicios-de-salud","13":"tag-cuidados-renales","14":"tag-dia-mundial-del-rinon-2","15":"tag-hospital-general-de-enfermedades","16":"tag-igss"},"_links":{"self":[{"href":"https:\/\/www.igssgt.org\/noticias\/wp-json\/wp\/v2\/posts\/54371","targetHints":{"allow":["GET"]}}],"collection":[{"href":"https:\/\/www.igssgt.org\/noticias\/wp-json\/wp\/v2\/posts"}],"about":[{"href":"https:\/\/www.igssgt.org\/noticias\/wp-json\/wp\/v2\/types\/post"}],"author":[{"embeddable":true,"href":"https:\/\/www.igssgt.org\/noticias\/wp-json\/wp\/v2\/users\/3269"}],"replies":[{"embeddable":true,"href":"https:\/\/www.igssgt.org\/noticias\/wp-json\/wp\/v2\/comments?post=54371"}],"version-history":[{"count":1,"href":"https:\/\/www.igssgt.org\/noticias\/wp-json\/wp\/v2\/posts\/54371\/revisions"}],"predecessor-version":[{"id":54386,"href":"https:\/\/www.igssgt.org\/noticias\/wp-json\/wp\/v2\/posts\/54371\/revisions\/54386"}],"wp:featuredmedia":[{"embeddable":true,"href":"https:\/\/www.igssgt.org\/noticias\/wp-json\/wp\/v2\/media\/54372"}],"wp:attachment":[{"href":"https:\/\/www.igssgt.org\/noticias\/wp-json\/wp\/v2\/media?parent=54371"}],"wp:term":[{"taxonomy":"category","embeddable":true,"href":"https:\/\/www.igssgt.org\/noticias\/wp-json\/wp\/v2\/categories?post=54371"},{"taxonomy":"post_tag","embeddable":true,"href":"https:\/\/www.igssgt.org\/noticias\/wp-json\/wp\/v2\/tags?post=54371"},{"taxonomy":"author","embeddable":true,"href":"https:\/\/www.igssgt.org\/noticias\/wp-json\/wp\/v2\/coauthors?post=54371"}],"curies":[{"name":"wp","href":"https:\/\/api.w.org\/{rel}","templated":true}]}}