{"id":54402,"date":"2026-03-12T11:00:00","date_gmt":"2026-03-12T17:00:00","guid":{"rendered":"https:\/\/www.igssgt.org\/noticias\/?p=54402"},"modified":"2026-03-12T11:54:32","modified_gmt":"2026-03-12T17:54:32","slug":"jornadas-de-la-seguridad-social-acercan-prevencion-y-bienestar-a-grupo-tical-s-a","status":"publish","type":"post","link":"https:\/\/www.igssgt.org\/noticias\/2026\/03\/12\/jornadas-de-la-seguridad-social-acercan-prevencion-y-bienestar-a-grupo-tical-s-a\/","title":{"rendered":"Jornadas de la Seguridad Social acercan prevenci\u00f3n y bienestar a Grupo Tical S.A."},"content":{"rendered":"\n<p class=\"dropcapp2\">El Instituto Guatemalteco de Seguridad Social (IGSS), sigue fortaleciendo el modelo de atenci\u00f3n medica preventiva con las Jornadas de la Seguridad Social, una estrategia que acerca servicios de salud a los afiliados directamente en sus centros de trabajo.<\/p>\n\n\n<p class=\"p1\">En esta ocasi\u00f3n, la jornada se desarroll\u00f3 en Grupo Tical S.A., sede Villa Nueva, donde m\u00e1s de 160 colaboradores recibieron atenci\u00f3n preventiva sin tener que trasladarse a una unidad m\u00e9dica.<\/p>\n<figure id=\"attachment_54405\" aria-describedby=\"caption-attachment-54405\" style=\"width: 1600px\" class=\"wp-caption alignnone\"><a href=\"\/wp-content\/uploads\/sites\/5\/2026\/03\/Jornada-de-la-salud-IGSS-tical-20268.jpg\"><img loading=\"lazy\" decoding=\"async\" class=\"size-full wp-image-54405\" src=\"\/wp-content\/uploads\/sites\/5\/2026\/03\/Jornada-de-la-salud-IGSS-tical-20268.jpg\" alt=\"\" width=\"1600\" height=\"1200\" srcset=\"\/wp-content\/uploads\/sites\/5\/2026\/03\/Jornada-de-la-salud-IGSS-tical-20268.jpg 1600w, \/wp-content\/uploads\/sites\/5\/2026\/03\/Jornada-de-la-salud-IGSS-tical-20268-300x225.jpg 300w, \/wp-content\/uploads\/sites\/5\/2026\/03\/Jornada-de-la-salud-IGSS-tical-20268-1024x768.jpg 1024w, \/wp-content\/uploads\/sites\/5\/2026\/03\/Jornada-de-la-salud-IGSS-tical-20268-768x576.jpg 768w, \/wp-content\/uploads\/sites\/5\/2026\/03\/Jornada-de-la-salud-IGSS-tical-20268-1536x1152.jpg 1536w, \/wp-content\/uploads\/sites\/5\/2026\/03\/Jornada-de-la-salud-IGSS-tical-20268-560x420.jpg 560w, \/wp-content\/uploads\/sites\/5\/2026\/03\/Jornada-de-la-salud-IGSS-tical-20268-80x60.jpg 80w, \/wp-content\/uploads\/sites\/5\/2026\/03\/Jornada-de-la-salud-IGSS-tical-20268-696x522.jpg 696w, \/wp-content\/uploads\/sites\/5\/2026\/03\/Jornada-de-la-salud-IGSS-tical-20268-1068x801.jpg 1068w, \/wp-content\/uploads\/sites\/5\/2026\/03\/Jornada-de-la-salud-IGSS-tical-20268-265x198.jpg 265w, \/wp-content\/uploads\/sites\/5\/2026\/03\/Jornada-de-la-salud-IGSS-tical-20268-534x401.jpg 534w\" sizes=\"auto, (max-width: 1600px) 100vw, 1600px\" \/><\/a><figcaption id=\"caption-attachment-54405\" class=\"wp-caption-text\">M\u00e1s de 160 colaboradores de Grupo Tical S.A., sede Villa Nueva, reciben servicios de tamizaje durante la Jornada de la Seguridad Social del IGSS.<\/figcaption><\/figure>\n<p class=\"p1\">Uno de los beneficiados, Rony P\u00e9rez, quien se desempe\u00f1a como supervisor de bodega, complet\u00f3 en menos de 15 minutos su proceso.<\/p>\n<p class=\"p1\">\u201cAgradezco al IGSS por traer estos servicios hasta nuestro lugar de trabajo. Esto es algo que nos beneficia grandemente y la atenci\u00f3n es muy r\u00e1pida y de calidad \u201d, expres\u00f3.<\/p>\n<figure id=\"attachment_54406\" aria-describedby=\"caption-attachment-54406\" style=\"width: 1600px\" class=\"wp-caption alignnone\"><a href=\"\/wp-content\/uploads\/sites\/5\/2026\/03\/Jornada-de-la-salud-IGSS-tical-202611.jpg\"><img loading=\"lazy\" decoding=\"async\" class=\"wp-image-54406 size-full\" src=\"\/wp-content\/uploads\/sites\/5\/2026\/03\/Jornada-de-la-salud-IGSS-tical-202611.jpg\" alt=\"\" width=\"1600\" height=\"1200\" srcset=\"\/wp-content\/uploads\/sites\/5\/2026\/03\/Jornada-de-la-salud-IGSS-tical-202611.jpg 1600w, \/wp-content\/uploads\/sites\/5\/2026\/03\/Jornada-de-la-salud-IGSS-tical-202611-300x225.jpg 300w, \/wp-content\/uploads\/sites\/5\/2026\/03\/Jornada-de-la-salud-IGSS-tical-202611-1024x768.jpg 1024w, \/wp-content\/uploads\/sites\/5\/2026\/03\/Jornada-de-la-salud-IGSS-tical-202611-768x576.jpg 768w, \/wp-content\/uploads\/sites\/5\/2026\/03\/Jornada-de-la-salud-IGSS-tical-202611-1536x1152.jpg 1536w, \/wp-content\/uploads\/sites\/5\/2026\/03\/Jornada-de-la-salud-IGSS-tical-202611-560x420.jpg 560w, \/wp-content\/uploads\/sites\/5\/2026\/03\/Jornada-de-la-salud-IGSS-tical-202611-80x60.jpg 80w, \/wp-content\/uploads\/sites\/5\/2026\/03\/Jornada-de-la-salud-IGSS-tical-202611-696x522.jpg 696w, \/wp-content\/uploads\/sites\/5\/2026\/03\/Jornada-de-la-salud-IGSS-tical-202611-1068x801.jpg 1068w, \/wp-content\/uploads\/sites\/5\/2026\/03\/Jornada-de-la-salud-IGSS-tical-202611-265x198.jpg 265w, \/wp-content\/uploads\/sites\/5\/2026\/03\/Jornada-de-la-salud-IGSS-tical-202611-534x401.jpg 534w\" sizes=\"auto, (max-width: 1600px) 100vw, 1600px\" \/><\/a><figcaption id=\"caption-attachment-54406\" class=\"wp-caption-text\">En menos de 15 minutos, los trabajadores completan evaluaciones y ex\u00e1menes preventivos que promueven el cuidado de su salud.<\/figcaption><\/figure>\n<p class=\"p1\">Durante estas jornadas, los afiliados acceden a nueve ex\u00e1menes de laboratorio, as\u00ed como evaluaciones b\u00e1sicas de salud que permiten detectar oportunamente posibles factores de riesgo y promover h\u00e1bitos saludables.<\/p>\n<p class=\"p1\">El doctor Salvador Solares, del Sistema Integral de Prevenci\u00f3n en Salud (SIPRESALUD), explic\u00f3 que el objetivo principal es facilitar el acceso a los servicios de prevenci\u00f3n para los trabajadores afiliados.<\/p>\n<figure id=\"attachment_54407\" aria-describedby=\"caption-attachment-54407\" style=\"width: 1200px\" class=\"wp-caption alignnone\"><a href=\"\/wp-content\/uploads\/sites\/5\/2026\/03\/Jornada-de-la-salud-IGSS-tical-202614.jpg\"><img loading=\"lazy\" decoding=\"async\" class=\"size-full wp-image-54407\" src=\"\/wp-content\/uploads\/sites\/5\/2026\/03\/Jornada-de-la-salud-IGSS-tical-202614.jpg\" alt=\"\" width=\"1200\" height=\"1074\" srcset=\"\/wp-content\/uploads\/sites\/5\/2026\/03\/Jornada-de-la-salud-IGSS-tical-202614.jpg 1200w, \/wp-content\/uploads\/sites\/5\/2026\/03\/Jornada-de-la-salud-IGSS-tical-202614-300x269.jpg 300w, \/wp-content\/uploads\/sites\/5\/2026\/03\/Jornada-de-la-salud-IGSS-tical-202614-1024x916.jpg 1024w, \/wp-content\/uploads\/sites\/5\/2026\/03\/Jornada-de-la-salud-IGSS-tical-202614-768x687.jpg 768w, \/wp-content\/uploads\/sites\/5\/2026\/03\/Jornada-de-la-salud-IGSS-tical-202614-469x420.jpg 469w, \/wp-content\/uploads\/sites\/5\/2026\/03\/Jornada-de-la-salud-IGSS-tical-202614-696x623.jpg 696w, \/wp-content\/uploads\/sites\/5\/2026\/03\/Jornada-de-la-salud-IGSS-tical-202614-1068x956.jpg 1068w, \/wp-content\/uploads\/sites\/5\/2026\/03\/Jornada-de-la-salud-IGSS-tical-202614-516x462.jpg 516w\" sizes=\"auto, (max-width: 1200px) 100vw, 1200px\" \/><\/a><figcaption id=\"caption-attachment-54407\" class=\"wp-caption-text\">Personal m\u00e9dico realiza nueve ex\u00e1menes de laboratorio durante la jornada, acercando servicios de prevenci\u00f3n directamente a los centros de trabajo.<\/figcaption><\/figure>\n<p class=\"p1\">\u201cCada Jornada de la Seguridad Social busca acercar la atenci\u00f3n m\u00e9dica a los afiliados para que puedan realizarse sus chequeos de manera r\u00e1pida y oportuna\u201d, se\u00f1al\u00f3.<\/p>\n<p class=\"p1\">Estas acciones forman parte de la misi\u00f3n y compromiso del Seguro Social en<span class=\"Apple-converted-space\">\u00a0 <\/span>fortalecer la medicina preventiva, acercando servicios de calidad a la poblaci\u00f3n afiliada y promoviendo una cultura de cuidado de la salud en los espacios laborales.<\/p>\n\r\n                <style type=\"text\/css\">\r\n                    \r\n                    #tdi_1  .td-doubleSlider-2 .td-item1 {\r\n                        background: url(\/wp-content\/uploads\/sites\/5\/2026\/03\/Jornada-de-la-salud-IGSS-tical-202615-80x60.jpg) 0 0 no-repeat;\r\n                    }\r\n                    #tdi_1  .td-doubleSlider-2 .td-item2 {\r\n                        background: url(\/wp-content\/uploads\/sites\/5\/2026\/03\/Jornada-de-la-salud-IGSS-tical-20269-80x60.jpg) 0 0 no-repeat;\r\n                    }\r\n                    #tdi_1  .td-doubleSlider-2 .td-item3 {\r\n                        background: url(\/wp-content\/uploads\/sites\/5\/2026\/03\/Jornada-de-la-salud-IGSS-tical-202621-80x60.jpg) 0 0 no-repeat;\r\n                    }\r\n                    #tdi_1  .td-doubleSlider-2 .td-item4 {\r\n                        background: url(\/wp-content\/uploads\/sites\/5\/2026\/03\/Jornada-de-la-salud-IGSS-tical-202622-80x60.jpg) 0 0 no-repeat;\r\n                    }\r\n                    #tdi_1  .td-doubleSlider-2 .td-item5 {\r\n                        background: url(\/wp-content\/uploads\/sites\/5\/2026\/03\/Jornada-de-la-salud-IGSS-tical-202623-80x60.jpg) 0 0 no-repeat;\r\n                    }\r\n                    #tdi_1  .td-doubleSlider-2 .td-item6 {\r\n                        background: url(\/wp-content\/uploads\/sites\/5\/2026\/03\/Jornada-de-la-salud-IGSS-tical-202617-80x60.jpg) 0 0 no-repeat;\r\n                    }\r\n                    #tdi_1  .td-doubleSlider-2 .td-item7 {\r\n                        background: url(\/wp-content\/uploads\/sites\/5\/2026\/03\/Jornada-de-la-salud-IGSS-tical-202616-80x60.jpg) 0 0 no-repeat;\r\n                    }\r\n                    #tdi_1  .td-doubleSlider-2 .td-item8 {\r\n                        background: url(\/wp-content\/uploads\/sites\/5\/2026\/03\/Jornada-de-la-salud-IGSS-tical-202618-80x60.jpg) 0 0 no-repeat;\r\n                    }\r\n                    #tdi_1  .td-doubleSlider-2 .td-item9 {\r\n                        background: url(\/wp-content\/uploads\/sites\/5\/2026\/03\/Jornada-de-la-salud-IGSS-tical-202613-80x60.jpg) 0 0 no-repeat;\r\n                    }\r\n                    #tdi_1  .td-doubleSlider-2 .td-item10 {\r\n                        background: url(\/wp-content\/uploads\/sites\/5\/2026\/03\/Jornada-de-la-salud-IGSS-tical-202619-80x60.jpg) 0 0 no-repeat;\r\n                    }\r\n                    #tdi_1  .td-doubleSlider-2 .td-item11 {\r\n                        background: url(\/wp-content\/uploads\/sites\/5\/2026\/03\/Jornada-de-la-salud-IGSS-tical-202612-80x60.jpg) 0 0 no-repeat;\r\n                    }\r\n                    #tdi_1  .td-doubleSlider-2 .td-item12 {\r\n                        background: url(\/wp-content\/uploads\/sites\/5\/2026\/03\/Jornada-de-la-salud-IGSS-tical-202624-80x60.jpg) 0 0 no-repeat;\r\n                    }\r\n                    #tdi_1  .td-doubleSlider-2 .td-item13 {\r\n                        background: url(\/wp-content\/uploads\/sites\/5\/2026\/03\/Jornada-de-la-salud-IGSS-tical-20265-80x60.jpg) 0 0 no-repeat;\r\n                    }\r\n                    #tdi_1  .td-doubleSlider-2 .td-item14 {\r\n                        background: url(\/wp-content\/uploads\/sites\/5\/2026\/03\/Jornada-de-la-salud-IGSS-tical-20267-80x60.jpg) 0 0 no-repeat;\r\n                    }\r\n                    #tdi_1  .td-doubleSlider-2 .td-item15 {\r\n                        background: url(\/wp-content\/uploads\/sites\/5\/2026\/03\/Jornada-de-la-salud-IGSS-tical-20266-80x60.jpg) 0 0 no-repeat;\r\n                    }\r\n                    #tdi_1  .td-doubleSlider-2 .td-item16 {\r\n                        background: url(\/wp-content\/uploads\/sites\/5\/2026\/03\/Jornada-de-la-salud-IGSS-tical-202620-80x60.jpg) 0 0 no-repeat;\r\n                    }\r\n                    #tdi_1  .td-doubleSlider-2 .td-item17 {\r\n                        background: url(\/wp-content\/uploads\/sites\/5\/2026\/03\/Jornada-de-la-salud-IGSS-tical-20264-80x60.jpg) 0 0 no-repeat;\r\n                    }\r\n                    #tdi_1  .td-doubleSlider-2 .td-item18 {\r\n                        background: url(\/wp-content\/uploads\/sites\/5\/2026\/03\/Jornada-de-la-salud-IGSS-tical-202610-80x60.jpg) 0 0 no-repeat;\r\n                    }\r\n                    #tdi_1  .td-doubleSlider-2 .td-item19 {\r\n                        background: url(\/wp-content\/uploads\/sites\/5\/2026\/03\/Jornada-de-la-salud-IGSS-tical-20262-80x60.jpg) 0 0 no-repeat;\r\n                    }\r\n                    #tdi_1  .td-doubleSlider-2 .td-item20 {\r\n                        background: url(\/wp-content\/uploads\/sites\/5\/2026\/03\/Jornada-de-la-salud-IGSS-tical-20263-80x60.jpg) 0 0 no-repeat;\r\n                    }\r\n                <\/style>\r\n\r\n                <div id=\"tdi_1\" class=\"td-gallery td-slide-on-2-columns\">\r\n                    <div class=\"post_td_gallery\">\r\n                        <div class=\"td-gallery-slide-top\">\r\n                           <div class=\"td-gallery-title\">Galer\u00eda de Im\u00e1genes<\/div>\r\n\r\n                            <div class=\"td-gallery-controls-wrapper\">\r\n                                <div class=\"td-gallery-slide-count\"><span class=\"td-gallery-slide-item-focus\">1<\/span> de 20<\/div>\r\n                                <div class=\"td-gallery-slide-prev-next-but\">\r\n                                    <i class = \"td-icon-left doubleSliderPrevButton\"><\/i>\r\n                                    <i class = \"td-icon-right doubleSliderNextButton\"><\/i>\r\n                                <\/div>\r\n                            <\/div>\r\n                        <\/div>\r\n\r\n                        <div class = \"td-doubleSlider-1 \">\r\n                            <div class = \"td-slider\">\r\n                                \r\n                    <div class = \"td-slide-item td-item1\">\r\n                        <figure class=\"td-slide-galery-figure td-slide-popup-gallery\">\r\n                            <a class=\"slide-gallery-image-link\" href=\"\/wp-content\/uploads\/sites\/5\/2026\/03\/Jornada-de-la-salud-IGSS-tical-202615.jpg\" title=\"Jornada de la salud IGSS tical 202615\"  data-caption=\"\"  data-description=\"\">\r\n                                <img decoding=\"async\" src=\"\/wp-content\/uploads\/sites\/5\/2026\/03\/Jornada-de-la-salud-IGSS-tical-202615-560x420.jpg\" srcset=\"\/wp-content\/uploads\/sites\/5\/2026\/03\/Jornada-de-la-salud-IGSS-tical-202615-560x420.jpg 560w, \/wp-content\/uploads\/sites\/5\/2026\/03\/Jornada-de-la-salud-IGSS-tical-202615-300x225.jpg 300w, \/wp-content\/uploads\/sites\/5\/2026\/03\/Jornada-de-la-salud-IGSS-tical-202615-1024x768.jpg 1024w, \/wp-content\/uploads\/sites\/5\/2026\/03\/Jornada-de-la-salud-IGSS-tical-202615-768x576.jpg 768w, \/wp-content\/uploads\/sites\/5\/2026\/03\/Jornada-de-la-salud-IGSS-tical-202615-1536x1152.jpg 1536w, \/wp-content\/uploads\/sites\/5\/2026\/03\/Jornada-de-la-salud-IGSS-tical-202615-80x60.jpg 80w, \/wp-content\/uploads\/sites\/5\/2026\/03\/Jornada-de-la-salud-IGSS-tical-202615-696x522.jpg 696w, \/wp-content\/uploads\/sites\/5\/2026\/03\/Jornada-de-la-salud-IGSS-tical-202615-1068x801.jpg 1068w, \/wp-content\/uploads\/sites\/5\/2026\/03\/Jornada-de-la-salud-IGSS-tical-202615-265x198.jpg 265w, \/wp-content\/uploads\/sites\/5\/2026\/03\/Jornada-de-la-salud-IGSS-tical-202615-534x401.jpg 534w, \/wp-content\/uploads\/sites\/5\/2026\/03\/Jornada-de-la-salud-IGSS-tical-202615.jpg 1600w\" sizes=\"(max-width: 560px) 100vw, 560px\" alt=\"\">\r\n                            <\/a>\r\n                            \r\n                        <\/figure>\r\n                    <\/div>\r\n                    <div class = \"td-slide-item td-item2\">\r\n                        <figure class=\"td-slide-galery-figure td-slide-popup-gallery\">\r\n                            <a class=\"slide-gallery-image-link\" href=\"\/wp-content\/uploads\/sites\/5\/2026\/03\/Jornada-de-la-salud-IGSS-tical-20269.jpg\" title=\"Jornada de la salud IGSS tical 20269\"  data-caption=\"\"  data-description=\"\">\r\n                                <img decoding=\"async\" src=\"\/wp-content\/uploads\/sites\/5\/2026\/03\/Jornada-de-la-salud-IGSS-tical-20269-315x420.jpg\" srcset=\"\/wp-content\/uploads\/sites\/5\/2026\/03\/Jornada-de-la-salud-IGSS-tical-20269-315x420.jpg 315w, \/wp-content\/uploads\/sites\/5\/2026\/03\/Jornada-de-la-salud-IGSS-tical-20269-225x300.jpg 225w, \/wp-content\/uploads\/sites\/5\/2026\/03\/Jornada-de-la-salud-IGSS-tical-20269-768x1024.jpg 768w, \/wp-content\/uploads\/sites\/5\/2026\/03\/Jornada-de-la-salud-IGSS-tical-20269-1152x1536.jpg 1152w, \/wp-content\/uploads\/sites\/5\/2026\/03\/Jornada-de-la-salud-IGSS-tical-20269-696x928.jpg 696w, \/wp-content\/uploads\/sites\/5\/2026\/03\/Jornada-de-la-salud-IGSS-tical-20269-1068x1424.jpg 1068w, \/wp-content\/uploads\/sites\/5\/2026\/03\/Jornada-de-la-salud-IGSS-tical-20269-347x462.jpg 347w, \/wp-content\/uploads\/sites\/5\/2026\/03\/Jornada-de-la-salud-IGSS-tical-20269.jpg 1200w\" sizes=\"(max-width: 315px) 100vw, 315px\" alt=\"\">\r\n                            <\/a>\r\n                            \r\n                        <\/figure>\r\n                    <\/div>\r\n                    <div class = \"td-slide-item td-item3\">\r\n                        <figure class=\"td-slide-galery-figure td-slide-popup-gallery\">\r\n                            <a class=\"slide-gallery-image-link\" href=\"\/wp-content\/uploads\/sites\/5\/2026\/03\/Jornada-de-la-salud-IGSS-tical-202621.jpg\" title=\"Jornada de la salud IGSS tical 202621\"  data-caption=\"\"  data-description=\"\">\r\n                                <img decoding=\"async\" src=\"\/wp-content\/uploads\/sites\/5\/2026\/03\/Jornada-de-la-salud-IGSS-tical-202621-560x420.jpg\" srcset=\"\/wp-content\/uploads\/sites\/5\/2026\/03\/Jornada-de-la-salud-IGSS-tical-202621-560x420.jpg 560w, \/wp-content\/uploads\/sites\/5\/2026\/03\/Jornada-de-la-salud-IGSS-tical-202621-300x225.jpg 300w, \/wp-content\/uploads\/sites\/5\/2026\/03\/Jornada-de-la-salud-IGSS-tical-202621-1024x768.jpg 1024w, \/wp-content\/uploads\/sites\/5\/2026\/03\/Jornada-de-la-salud-IGSS-tical-202621-768x576.jpg 768w, \/wp-content\/uploads\/sites\/5\/2026\/03\/Jornada-de-la-salud-IGSS-tical-202621-1536x1152.jpg 1536w, \/wp-content\/uploads\/sites\/5\/2026\/03\/Jornada-de-la-salud-IGSS-tical-202621-80x60.jpg 80w, \/wp-content\/uploads\/sites\/5\/2026\/03\/Jornada-de-la-salud-IGSS-tical-202621-696x522.jpg 696w, \/wp-content\/uploads\/sites\/5\/2026\/03\/Jornada-de-la-salud-IGSS-tical-202621-1068x801.jpg 1068w, \/wp-content\/uploads\/sites\/5\/2026\/03\/Jornada-de-la-salud-IGSS-tical-202621-265x198.jpg 265w, \/wp-content\/uploads\/sites\/5\/2026\/03\/Jornada-de-la-salud-IGSS-tical-202621-534x401.jpg 534w, \/wp-content\/uploads\/sites\/5\/2026\/03\/Jornada-de-la-salud-IGSS-tical-202621.jpg 1600w\" sizes=\"(max-width: 560px) 100vw, 560px\" alt=\"\">\r\n                            <\/a>\r\n                            \r\n                        <\/figure>\r\n                    <\/div>\r\n                    <div class = \"td-slide-item td-item4\">\r\n                        <figure class=\"td-slide-galery-figure td-slide-popup-gallery\">\r\n                            <a class=\"slide-gallery-image-link\" href=\"\/wp-content\/uploads\/sites\/5\/2026\/03\/Jornada-de-la-salud-IGSS-tical-202622.jpg\" title=\"Jornada de la salud IGSS tical 202622\"  data-caption=\"\"  data-description=\"\">\r\n                                <img decoding=\"async\" src=\"\/wp-content\/uploads\/sites\/5\/2026\/03\/Jornada-de-la-salud-IGSS-tical-202622-560x420.jpg\" srcset=\"\/wp-content\/uploads\/sites\/5\/2026\/03\/Jornada-de-la-salud-IGSS-tical-202622-560x420.jpg 560w, \/wp-content\/uploads\/sites\/5\/2026\/03\/Jornada-de-la-salud-IGSS-tical-202622-300x225.jpg 300w, \/wp-content\/uploads\/sites\/5\/2026\/03\/Jornada-de-la-salud-IGSS-tical-202622-1024x768.jpg 1024w, \/wp-content\/uploads\/sites\/5\/2026\/03\/Jornada-de-la-salud-IGSS-tical-202622-768x576.jpg 768w, \/wp-content\/uploads\/sites\/5\/2026\/03\/Jornada-de-la-salud-IGSS-tical-202622-1536x1152.jpg 1536w, \/wp-content\/uploads\/sites\/5\/2026\/03\/Jornada-de-la-salud-IGSS-tical-202622-80x60.jpg 80w, \/wp-content\/uploads\/sites\/5\/2026\/03\/Jornada-de-la-salud-IGSS-tical-202622-696x522.jpg 696w, \/wp-content\/uploads\/sites\/5\/2026\/03\/Jornada-de-la-salud-IGSS-tical-202622-1068x801.jpg 1068w, \/wp-content\/uploads\/sites\/5\/2026\/03\/Jornada-de-la-salud-IGSS-tical-202622-265x198.jpg 265w, \/wp-content\/uploads\/sites\/5\/2026\/03\/Jornada-de-la-salud-IGSS-tical-202622-534x401.jpg 534w, \/wp-content\/uploads\/sites\/5\/2026\/03\/Jornada-de-la-salud-IGSS-tical-202622.jpg 1600w\" sizes=\"(max-width: 560px) 100vw, 560px\" alt=\"\">\r\n                            <\/a>\r\n                            \r\n                        <\/figure>\r\n                    <\/div>\r\n                    <div class = \"td-slide-item td-item5\">\r\n                        <figure class=\"td-slide-galery-figure td-slide-popup-gallery\">\r\n                            <a class=\"slide-gallery-image-link\" href=\"\/wp-content\/uploads\/sites\/5\/2026\/03\/Jornada-de-la-salud-IGSS-tical-202623.jpg\" title=\"Jornada de la salud IGSS tical 202623\"  data-caption=\"\"  data-description=\"\">\r\n                                <img decoding=\"async\" src=\"\/wp-content\/uploads\/sites\/5\/2026\/03\/Jornada-de-la-salud-IGSS-tical-202623-560x420.jpg\" srcset=\"\/wp-content\/uploads\/sites\/5\/2026\/03\/Jornada-de-la-salud-IGSS-tical-202623-560x420.jpg 560w, \/wp-content\/uploads\/sites\/5\/2026\/03\/Jornada-de-la-salud-IGSS-tical-202623-300x225.jpg 300w, \/wp-content\/uploads\/sites\/5\/2026\/03\/Jornada-de-la-salud-IGSS-tical-202623-1024x768.jpg 1024w, \/wp-content\/uploads\/sites\/5\/2026\/03\/Jornada-de-la-salud-IGSS-tical-202623-768x576.jpg 768w, \/wp-content\/uploads\/sites\/5\/2026\/03\/Jornada-de-la-salud-IGSS-tical-202623-1536x1152.jpg 1536w, \/wp-content\/uploads\/sites\/5\/2026\/03\/Jornada-de-la-salud-IGSS-tical-202623-80x60.jpg 80w, \/wp-content\/uploads\/sites\/5\/2026\/03\/Jornada-de-la-salud-IGSS-tical-202623-696x522.jpg 696w, \/wp-content\/uploads\/sites\/5\/2026\/03\/Jornada-de-la-salud-IGSS-tical-202623-1068x801.jpg 1068w, \/wp-content\/uploads\/sites\/5\/2026\/03\/Jornada-de-la-salud-IGSS-tical-202623-265x198.jpg 265w, \/wp-content\/uploads\/sites\/5\/2026\/03\/Jornada-de-la-salud-IGSS-tical-202623-534x401.jpg 534w, \/wp-content\/uploads\/sites\/5\/2026\/03\/Jornada-de-la-salud-IGSS-tical-202623.jpg 1600w\" sizes=\"(max-width: 560px) 100vw, 560px\" alt=\"\">\r\n                            <\/a>\r\n                            \r\n                        <\/figure>\r\n                    <\/div>\r\n                    <div class = \"td-slide-item td-item6\">\r\n                        <figure class=\"td-slide-galery-figure td-slide-popup-gallery\">\r\n                            <a class=\"slide-gallery-image-link\" href=\"\/wp-content\/uploads\/sites\/5\/2026\/03\/Jornada-de-la-salud-IGSS-tical-202617.jpg\" title=\"Jornada de la salud IGSS tical 202617\"  data-caption=\"\"  data-description=\"\">\r\n                                <img decoding=\"async\" src=\"\/wp-content\/uploads\/sites\/5\/2026\/03\/Jornada-de-la-salud-IGSS-tical-202617-560x420.jpg\" srcset=\"\/wp-content\/uploads\/sites\/5\/2026\/03\/Jornada-de-la-salud-IGSS-tical-202617-560x420.jpg 560w, \/wp-content\/uploads\/sites\/5\/2026\/03\/Jornada-de-la-salud-IGSS-tical-202617-300x225.jpg 300w, \/wp-content\/uploads\/sites\/5\/2026\/03\/Jornada-de-la-salud-IGSS-tical-202617-1024x768.jpg 1024w, \/wp-content\/uploads\/sites\/5\/2026\/03\/Jornada-de-la-salud-IGSS-tical-202617-768x576.jpg 768w, \/wp-content\/uploads\/sites\/5\/2026\/03\/Jornada-de-la-salud-IGSS-tical-202617-1536x1152.jpg 1536w, \/wp-content\/uploads\/sites\/5\/2026\/03\/Jornada-de-la-salud-IGSS-tical-202617-80x60.jpg 80w, \/wp-content\/uploads\/sites\/5\/2026\/03\/Jornada-de-la-salud-IGSS-tical-202617-696x522.jpg 696w, \/wp-content\/uploads\/sites\/5\/2026\/03\/Jornada-de-la-salud-IGSS-tical-202617-1068x801.jpg 1068w, \/wp-content\/uploads\/sites\/5\/2026\/03\/Jornada-de-la-salud-IGSS-tical-202617-265x198.jpg 265w, \/wp-content\/uploads\/sites\/5\/2026\/03\/Jornada-de-la-salud-IGSS-tical-202617-534x401.jpg 534w, \/wp-content\/uploads\/sites\/5\/2026\/03\/Jornada-de-la-salud-IGSS-tical-202617.jpg 1600w\" sizes=\"(max-width: 560px) 100vw, 560px\" alt=\"\">\r\n                            <\/a>\r\n                            \r\n                        <\/figure>\r\n                    <\/div>\r\n                    <div class = \"td-slide-item td-item7\">\r\n                        <figure class=\"td-slide-galery-figure td-slide-popup-gallery\">\r\n                            <a class=\"slide-gallery-image-link\" href=\"\/wp-content\/uploads\/sites\/5\/2026\/03\/Jornada-de-la-salud-IGSS-tical-202616.jpg\" title=\"Jornada de la salud IGSS tical 202616\"  data-caption=\"\"  data-description=\"\">\r\n                                <img decoding=\"async\" src=\"\/wp-content\/uploads\/sites\/5\/2026\/03\/Jornada-de-la-salud-IGSS-tical-202616-560x420.jpg\" srcset=\"\/wp-content\/uploads\/sites\/5\/2026\/03\/Jornada-de-la-salud-IGSS-tical-202616-560x420.jpg 560w, \/wp-content\/uploads\/sites\/5\/2026\/03\/Jornada-de-la-salud-IGSS-tical-202616-300x225.jpg 300w, \/wp-content\/uploads\/sites\/5\/2026\/03\/Jornada-de-la-salud-IGSS-tical-202616-1024x768.jpg 1024w, \/wp-content\/uploads\/sites\/5\/2026\/03\/Jornada-de-la-salud-IGSS-tical-202616-768x576.jpg 768w, \/wp-content\/uploads\/sites\/5\/2026\/03\/Jornada-de-la-salud-IGSS-tical-202616-1536x1152.jpg 1536w, \/wp-content\/uploads\/sites\/5\/2026\/03\/Jornada-de-la-salud-IGSS-tical-202616-80x60.jpg 80w, \/wp-content\/uploads\/sites\/5\/2026\/03\/Jornada-de-la-salud-IGSS-tical-202616-696x522.jpg 696w, \/wp-content\/uploads\/sites\/5\/2026\/03\/Jornada-de-la-salud-IGSS-tical-202616-1068x801.jpg 1068w, \/wp-content\/uploads\/sites\/5\/2026\/03\/Jornada-de-la-salud-IGSS-tical-202616-265x198.jpg 265w, \/wp-content\/uploads\/sites\/5\/2026\/03\/Jornada-de-la-salud-IGSS-tical-202616-534x401.jpg 534w, \/wp-content\/uploads\/sites\/5\/2026\/03\/Jornada-de-la-salud-IGSS-tical-202616.jpg 1600w\" sizes=\"(max-width: 560px) 100vw, 560px\" alt=\"\">\r\n                            <\/a>\r\n                            \r\n                        <\/figure>\r\n                    <\/div>\r\n                    <div class = \"td-slide-item td-item8\">\r\n                        <figure class=\"td-slide-galery-figure td-slide-popup-gallery\">\r\n                            <a class=\"slide-gallery-image-link\" href=\"\/wp-content\/uploads\/sites\/5\/2026\/03\/Jornada-de-la-salud-IGSS-tical-202618.jpg\" title=\"Jornada de la salud IGSS tical 202618\"  data-caption=\"\"  data-description=\"\">\r\n                                <img decoding=\"async\" src=\"\/wp-content\/uploads\/sites\/5\/2026\/03\/Jornada-de-la-salud-IGSS-tical-202618-560x420.jpg\" srcset=\"\/wp-content\/uploads\/sites\/5\/2026\/03\/Jornada-de-la-salud-IGSS-tical-202618-560x420.jpg 560w, \/wp-content\/uploads\/sites\/5\/2026\/03\/Jornada-de-la-salud-IGSS-tical-202618-300x225.jpg 300w, \/wp-content\/uploads\/sites\/5\/2026\/03\/Jornada-de-la-salud-IGSS-tical-202618-1024x768.jpg 1024w, \/wp-content\/uploads\/sites\/5\/2026\/03\/Jornada-de-la-salud-IGSS-tical-202618-768x576.jpg 768w, \/wp-content\/uploads\/sites\/5\/2026\/03\/Jornada-de-la-salud-IGSS-tical-202618-1536x1152.jpg 1536w, \/wp-content\/uploads\/sites\/5\/2026\/03\/Jornada-de-la-salud-IGSS-tical-202618-80x60.jpg 80w, \/wp-content\/uploads\/sites\/5\/2026\/03\/Jornada-de-la-salud-IGSS-tical-202618-696x522.jpg 696w, \/wp-content\/uploads\/sites\/5\/2026\/03\/Jornada-de-la-salud-IGSS-tical-202618-1068x801.jpg 1068w, \/wp-content\/uploads\/sites\/5\/2026\/03\/Jornada-de-la-salud-IGSS-tical-202618-265x198.jpg 265w, \/wp-content\/uploads\/sites\/5\/2026\/03\/Jornada-de-la-salud-IGSS-tical-202618-534x401.jpg 534w, \/wp-content\/uploads\/sites\/5\/2026\/03\/Jornada-de-la-salud-IGSS-tical-202618.jpg 1600w\" sizes=\"(max-width: 560px) 100vw, 560px\" alt=\"\">\r\n                            <\/a>\r\n                            \r\n                        <\/figure>\r\n                    <\/div>\r\n                    <div class = \"td-slide-item td-item9\">\r\n                        <figure class=\"td-slide-galery-figure td-slide-popup-gallery\">\r\n                            <a class=\"slide-gallery-image-link\" href=\"\/wp-content\/uploads\/sites\/5\/2026\/03\/Jornada-de-la-salud-IGSS-tical-202613.jpg\" title=\"Jornada de la salud IGSS tical 202613\"  data-caption=\"\"  data-description=\"\">\r\n                                <img decoding=\"async\" src=\"\/wp-content\/uploads\/sites\/5\/2026\/03\/Jornada-de-la-salud-IGSS-tical-202613-560x420.jpg\" srcset=\"\/wp-content\/uploads\/sites\/5\/2026\/03\/Jornada-de-la-salud-IGSS-tical-202613-560x420.jpg 560w, \/wp-content\/uploads\/sites\/5\/2026\/03\/Jornada-de-la-salud-IGSS-tical-202613-300x225.jpg 300w, \/wp-content\/uploads\/sites\/5\/2026\/03\/Jornada-de-la-salud-IGSS-tical-202613-1024x768.jpg 1024w, \/wp-content\/uploads\/sites\/5\/2026\/03\/Jornada-de-la-salud-IGSS-tical-202613-768x576.jpg 768w, \/wp-content\/uploads\/sites\/5\/2026\/03\/Jornada-de-la-salud-IGSS-tical-202613-1536x1152.jpg 1536w, \/wp-content\/uploads\/sites\/5\/2026\/03\/Jornada-de-la-salud-IGSS-tical-202613-80x60.jpg 80w, \/wp-content\/uploads\/sites\/5\/2026\/03\/Jornada-de-la-salud-IGSS-tical-202613-696x522.jpg 696w, \/wp-content\/uploads\/sites\/5\/2026\/03\/Jornada-de-la-salud-IGSS-tical-202613-1068x801.jpg 1068w, \/wp-content\/uploads\/sites\/5\/2026\/03\/Jornada-de-la-salud-IGSS-tical-202613-265x198.jpg 265w, \/wp-content\/uploads\/sites\/5\/2026\/03\/Jornada-de-la-salud-IGSS-tical-202613-534x401.jpg 534w, \/wp-content\/uploads\/sites\/5\/2026\/03\/Jornada-de-la-salud-IGSS-tical-202613.jpg 1600w\" sizes=\"(max-width: 560px) 100vw, 560px\" alt=\"\">\r\n                            <\/a>\r\n                            \r\n                        <\/figure>\r\n                    <\/div>\r\n                    <div class = \"td-slide-item td-item10\">\r\n                        <figure class=\"td-slide-galery-figure td-slide-popup-gallery\">\r\n                            <a class=\"slide-gallery-image-link\" href=\"\/wp-content\/uploads\/sites\/5\/2026\/03\/Jornada-de-la-salud-IGSS-tical-202619.jpg\" title=\"Jornada de la salud IGSS tical 202619\"  data-caption=\"\"  data-description=\"\">\r\n                                <img decoding=\"async\" src=\"\/wp-content\/uploads\/sites\/5\/2026\/03\/Jornada-de-la-salud-IGSS-tical-202619-560x420.jpg\" srcset=\"\/wp-content\/uploads\/sites\/5\/2026\/03\/Jornada-de-la-salud-IGSS-tical-202619-560x420.jpg 560w, \/wp-content\/uploads\/sites\/5\/2026\/03\/Jornada-de-la-salud-IGSS-tical-202619-300x225.jpg 300w, \/wp-content\/uploads\/sites\/5\/2026\/03\/Jornada-de-la-salud-IGSS-tical-202619-1024x768.jpg 1024w, \/wp-content\/uploads\/sites\/5\/2026\/03\/Jornada-de-la-salud-IGSS-tical-202619-768x576.jpg 768w, \/wp-content\/uploads\/sites\/5\/2026\/03\/Jornada-de-la-salud-IGSS-tical-202619-1536x1152.jpg 1536w, \/wp-content\/uploads\/sites\/5\/2026\/03\/Jornada-de-la-salud-IGSS-tical-202619-80x60.jpg 80w, \/wp-content\/uploads\/sites\/5\/2026\/03\/Jornada-de-la-salud-IGSS-tical-202619-696x522.jpg 696w, \/wp-content\/uploads\/sites\/5\/2026\/03\/Jornada-de-la-salud-IGSS-tical-202619-1068x801.jpg 1068w, \/wp-content\/uploads\/sites\/5\/2026\/03\/Jornada-de-la-salud-IGSS-tical-202619-265x198.jpg 265w, \/wp-content\/uploads\/sites\/5\/2026\/03\/Jornada-de-la-salud-IGSS-tical-202619-534x401.jpg 534w, \/wp-content\/uploads\/sites\/5\/2026\/03\/Jornada-de-la-salud-IGSS-tical-202619.jpg 1600w\" sizes=\"(max-width: 560px) 100vw, 560px\" alt=\"\">\r\n                            <\/a>\r\n                            \r\n                        <\/figure>\r\n                    <\/div>\r\n                    <div class = \"td-slide-item td-item11\">\r\n                        <figure class=\"td-slide-galery-figure td-slide-popup-gallery\">\r\n                            <a class=\"slide-gallery-image-link\" href=\"\/wp-content\/uploads\/sites\/5\/2026\/03\/Jornada-de-la-salud-IGSS-tical-202612.jpg\" title=\"Jornada de la salud IGSS tical 202612\"  data-caption=\"\"  data-description=\"\">\r\n                                <img decoding=\"async\" src=\"\/wp-content\/uploads\/sites\/5\/2026\/03\/Jornada-de-la-salud-IGSS-tical-202612-560x420.jpg\" srcset=\"\/wp-content\/uploads\/sites\/5\/2026\/03\/Jornada-de-la-salud-IGSS-tical-202612-560x420.jpg 560w, \/wp-content\/uploads\/sites\/5\/2026\/03\/Jornada-de-la-salud-IGSS-tical-202612-300x225.jpg 300w, \/wp-content\/uploads\/sites\/5\/2026\/03\/Jornada-de-la-salud-IGSS-tical-202612-1024x768.jpg 1024w, \/wp-content\/uploads\/sites\/5\/2026\/03\/Jornada-de-la-salud-IGSS-tical-202612-768x576.jpg 768w, \/wp-content\/uploads\/sites\/5\/2026\/03\/Jornada-de-la-salud-IGSS-tical-202612-1536x1152.jpg 1536w, \/wp-content\/uploads\/sites\/5\/2026\/03\/Jornada-de-la-salud-IGSS-tical-202612-80x60.jpg 80w, \/wp-content\/uploads\/sites\/5\/2026\/03\/Jornada-de-la-salud-IGSS-tical-202612-696x522.jpg 696w, \/wp-content\/uploads\/sites\/5\/2026\/03\/Jornada-de-la-salud-IGSS-tical-202612-1068x801.jpg 1068w, \/wp-content\/uploads\/sites\/5\/2026\/03\/Jornada-de-la-salud-IGSS-tical-202612-265x198.jpg 265w, \/wp-content\/uploads\/sites\/5\/2026\/03\/Jornada-de-la-salud-IGSS-tical-202612-534x401.jpg 534w, \/wp-content\/uploads\/sites\/5\/2026\/03\/Jornada-de-la-salud-IGSS-tical-202612.jpg 1600w\" sizes=\"(max-width: 560px) 100vw, 560px\" alt=\"\">\r\n                            <\/a>\r\n                            \r\n                        <\/figure>\r\n                    <\/div>\r\n                    <div class = \"td-slide-item td-item12\">\r\n                        <figure class=\"td-slide-galery-figure td-slide-popup-gallery\">\r\n                            <a class=\"slide-gallery-image-link\" href=\"\/wp-content\/uploads\/sites\/5\/2026\/03\/Jornada-de-la-salud-IGSS-tical-202624.jpg\" title=\"Jornada de la salud IGSS tical 202624\"  data-caption=\"\"  data-description=\"\">\r\n                                <img decoding=\"async\" src=\"\/wp-content\/uploads\/sites\/5\/2026\/03\/Jornada-de-la-salud-IGSS-tical-202624-560x420.jpg\" srcset=\"\/wp-content\/uploads\/sites\/5\/2026\/03\/Jornada-de-la-salud-IGSS-tical-202624-560x420.jpg 560w, \/wp-content\/uploads\/sites\/5\/2026\/03\/Jornada-de-la-salud-IGSS-tical-202624-300x225.jpg 300w, \/wp-content\/uploads\/sites\/5\/2026\/03\/Jornada-de-la-salud-IGSS-tical-202624-1024x768.jpg 1024w, \/wp-content\/uploads\/sites\/5\/2026\/03\/Jornada-de-la-salud-IGSS-tical-202624-768x576.jpg 768w, \/wp-content\/uploads\/sites\/5\/2026\/03\/Jornada-de-la-salud-IGSS-tical-202624-1536x1152.jpg 1536w, \/wp-content\/uploads\/sites\/5\/2026\/03\/Jornada-de-la-salud-IGSS-tical-202624-80x60.jpg 80w, \/wp-content\/uploads\/sites\/5\/2026\/03\/Jornada-de-la-salud-IGSS-tical-202624-696x522.jpg 696w, \/wp-content\/uploads\/sites\/5\/2026\/03\/Jornada-de-la-salud-IGSS-tical-202624-1068x801.jpg 1068w, \/wp-content\/uploads\/sites\/5\/2026\/03\/Jornada-de-la-salud-IGSS-tical-202624-265x198.jpg 265w, \/wp-content\/uploads\/sites\/5\/2026\/03\/Jornada-de-la-salud-IGSS-tical-202624-534x401.jpg 534w, \/wp-content\/uploads\/sites\/5\/2026\/03\/Jornada-de-la-salud-IGSS-tical-202624.jpg 1600w\" sizes=\"(max-width: 560px) 100vw, 560px\" alt=\"\">\r\n                            <\/a>\r\n                            \r\n                        <\/figure>\r\n                    <\/div>\r\n                    <div class = \"td-slide-item td-item13\">\r\n                        <figure class=\"td-slide-galery-figure td-slide-popup-gallery\">\r\n                            <a class=\"slide-gallery-image-link\" href=\"\/wp-content\/uploads\/sites\/5\/2026\/03\/Jornada-de-la-salud-IGSS-tical-20265.jpg\" title=\"Jornada de la salud IGSS tical 20265\"  data-caption=\"\"  data-description=\"\">\r\n                                <img decoding=\"async\" src=\"\/wp-content\/uploads\/sites\/5\/2026\/03\/Jornada-de-la-salud-IGSS-tical-20265-420x420.jpg\" srcset=\"\/wp-content\/uploads\/sites\/5\/2026\/03\/Jornada-de-la-salud-IGSS-tical-20265-420x420.jpg 420w, \/wp-content\/uploads\/sites\/5\/2026\/03\/Jornada-de-la-salud-IGSS-tical-20265-300x300.jpg 300w, \/wp-content\/uploads\/sites\/5\/2026\/03\/Jornada-de-la-salud-IGSS-tical-20265-1024x1024.jpg 1024w, \/wp-content\/uploads\/sites\/5\/2026\/03\/Jornada-de-la-salud-IGSS-tical-20265-150x150.jpg 150w, \/wp-content\/uploads\/sites\/5\/2026\/03\/Jornada-de-la-salud-IGSS-tical-20265-768x768.jpg 768w, \/wp-content\/uploads\/sites\/5\/2026\/03\/Jornada-de-la-salud-IGSS-tical-20265-696x696.jpg 696w, \/wp-content\/uploads\/sites\/5\/2026\/03\/Jornada-de-la-salud-IGSS-tical-20265-1068x1068.jpg 1068w, \/wp-content\/uploads\/sites\/5\/2026\/03\/Jornada-de-la-salud-IGSS-tical-20265-462x462.jpg 462w, \/wp-content\/uploads\/sites\/5\/2026\/03\/Jornada-de-la-salud-IGSS-tical-20265.jpg 1200w\" sizes=\"(max-width: 420px) 100vw, 420px\" alt=\"\">\r\n                            <\/a>\r\n                            \r\n                        <\/figure>\r\n                    <\/div>\r\n                    <div class = \"td-slide-item td-item14\">\r\n                        <figure class=\"td-slide-galery-figure td-slide-popup-gallery\">\r\n                            <a class=\"slide-gallery-image-link\" href=\"\/wp-content\/uploads\/sites\/5\/2026\/03\/Jornada-de-la-salud-IGSS-tical-20267.jpg\" title=\"Jornada de la salud IGSS tical 20267\"  data-caption=\"\"  data-description=\"\">\r\n                                <img decoding=\"async\" src=\"\/wp-content\/uploads\/sites\/5\/2026\/03\/Jornada-de-la-salud-IGSS-tical-20267-560x420.jpg\" srcset=\"\/wp-content\/uploads\/sites\/5\/2026\/03\/Jornada-de-la-salud-IGSS-tical-20267-560x420.jpg 560w, \/wp-content\/uploads\/sites\/5\/2026\/03\/Jornada-de-la-salud-IGSS-tical-20267-300x225.jpg 300w, \/wp-content\/uploads\/sites\/5\/2026\/03\/Jornada-de-la-salud-IGSS-tical-20267-1024x768.jpg 1024w, \/wp-content\/uploads\/sites\/5\/2026\/03\/Jornada-de-la-salud-IGSS-tical-20267-768x576.jpg 768w, \/wp-content\/uploads\/sites\/5\/2026\/03\/Jornada-de-la-salud-IGSS-tical-20267-1536x1152.jpg 1536w, \/wp-content\/uploads\/sites\/5\/2026\/03\/Jornada-de-la-salud-IGSS-tical-20267-80x60.jpg 80w, \/wp-content\/uploads\/sites\/5\/2026\/03\/Jornada-de-la-salud-IGSS-tical-20267-696x522.jpg 696w, \/wp-content\/uploads\/sites\/5\/2026\/03\/Jornada-de-la-salud-IGSS-tical-20267-1068x801.jpg 1068w, \/wp-content\/uploads\/sites\/5\/2026\/03\/Jornada-de-la-salud-IGSS-tical-20267-265x198.jpg 265w, \/wp-content\/uploads\/sites\/5\/2026\/03\/Jornada-de-la-salud-IGSS-tical-20267-534x401.jpg 534w, \/wp-content\/uploads\/sites\/5\/2026\/03\/Jornada-de-la-salud-IGSS-tical-20267.jpg 1600w\" sizes=\"(max-width: 560px) 100vw, 560px\" alt=\"\">\r\n                            <\/a>\r\n                            \r\n                        <\/figure>\r\n                    <\/div>\r\n                    <div class = \"td-slide-item td-item15\">\r\n                        <figure class=\"td-slide-galery-figure td-slide-popup-gallery\">\r\n                            <a class=\"slide-gallery-image-link\" href=\"\/wp-content\/uploads\/sites\/5\/2026\/03\/Jornada-de-la-salud-IGSS-tical-20266.jpg\" title=\"Jornada de la salud IGSS tical 20266\"  data-caption=\"\"  data-description=\"\">\r\n                                <img decoding=\"async\" src=\"\/wp-content\/uploads\/sites\/5\/2026\/03\/Jornada-de-la-salud-IGSS-tical-20266-560x420.jpg\" srcset=\"\/wp-content\/uploads\/sites\/5\/2026\/03\/Jornada-de-la-salud-IGSS-tical-20266-560x420.jpg 560w, \/wp-content\/uploads\/sites\/5\/2026\/03\/Jornada-de-la-salud-IGSS-tical-20266-300x225.jpg 300w, \/wp-content\/uploads\/sites\/5\/2026\/03\/Jornada-de-la-salud-IGSS-tical-20266-1024x768.jpg 1024w, \/wp-content\/uploads\/sites\/5\/2026\/03\/Jornada-de-la-salud-IGSS-tical-20266-768x576.jpg 768w, \/wp-content\/uploads\/sites\/5\/2026\/03\/Jornada-de-la-salud-IGSS-tical-20266-1536x1152.jpg 1536w, \/wp-content\/uploads\/sites\/5\/2026\/03\/Jornada-de-la-salud-IGSS-tical-20266-80x60.jpg 80w, \/wp-content\/uploads\/sites\/5\/2026\/03\/Jornada-de-la-salud-IGSS-tical-20266-696x522.jpg 696w, \/wp-content\/uploads\/sites\/5\/2026\/03\/Jornada-de-la-salud-IGSS-tical-20266-1068x801.jpg 1068w, \/wp-content\/uploads\/sites\/5\/2026\/03\/Jornada-de-la-salud-IGSS-tical-20266-265x198.jpg 265w, \/wp-content\/uploads\/sites\/5\/2026\/03\/Jornada-de-la-salud-IGSS-tical-20266-534x401.jpg 534w, \/wp-content\/uploads\/sites\/5\/2026\/03\/Jornada-de-la-salud-IGSS-tical-20266.jpg 1600w\" sizes=\"(max-width: 560px) 100vw, 560px\" alt=\"\">\r\n                            <\/a>\r\n                            \r\n                        <\/figure>\r\n                    <\/div>\r\n                    <div class = \"td-slide-item td-item16\">\r\n                        <figure class=\"td-slide-galery-figure td-slide-popup-gallery\">\r\n                            <a class=\"slide-gallery-image-link\" href=\"\/wp-content\/uploads\/sites\/5\/2026\/03\/Jornada-de-la-salud-IGSS-tical-202620.jpg\" title=\"Jornada de la salud IGSS tical 202620\"  data-caption=\"\"  data-description=\"\">\r\n                                <img decoding=\"async\" src=\"\/wp-content\/uploads\/sites\/5\/2026\/03\/Jornada-de-la-salud-IGSS-tical-202620-560x420.jpg\" srcset=\"\/wp-content\/uploads\/sites\/5\/2026\/03\/Jornada-de-la-salud-IGSS-tical-202620-560x420.jpg 560w, \/wp-content\/uploads\/sites\/5\/2026\/03\/Jornada-de-la-salud-IGSS-tical-202620-300x225.jpg 300w, \/wp-content\/uploads\/sites\/5\/2026\/03\/Jornada-de-la-salud-IGSS-tical-202620-1024x768.jpg 1024w, \/wp-content\/uploads\/sites\/5\/2026\/03\/Jornada-de-la-salud-IGSS-tical-202620-768x576.jpg 768w, \/wp-content\/uploads\/sites\/5\/2026\/03\/Jornada-de-la-salud-IGSS-tical-202620-1536x1152.jpg 1536w, \/wp-content\/uploads\/sites\/5\/2026\/03\/Jornada-de-la-salud-IGSS-tical-202620-80x60.jpg 80w, \/wp-content\/uploads\/sites\/5\/2026\/03\/Jornada-de-la-salud-IGSS-tical-202620-696x522.jpg 696w, \/wp-content\/uploads\/sites\/5\/2026\/03\/Jornada-de-la-salud-IGSS-tical-202620-1068x801.jpg 1068w, \/wp-content\/uploads\/sites\/5\/2026\/03\/Jornada-de-la-salud-IGSS-tical-202620-265x198.jpg 265w, \/wp-content\/uploads\/sites\/5\/2026\/03\/Jornada-de-la-salud-IGSS-tical-202620-534x401.jpg 534w, \/wp-content\/uploads\/sites\/5\/2026\/03\/Jornada-de-la-salud-IGSS-tical-202620.jpg 1600w\" sizes=\"(max-width: 560px) 100vw, 560px\" alt=\"\">\r\n                            <\/a>\r\n                            \r\n                        <\/figure>\r\n                    <\/div>\r\n                    <div class = \"td-slide-item td-item17\">\r\n                        <figure class=\"td-slide-galery-figure td-slide-popup-gallery\">\r\n                            <a class=\"slide-gallery-image-link\" href=\"\/wp-content\/uploads\/sites\/5\/2026\/03\/Jornada-de-la-salud-IGSS-tical-20264.jpg\" title=\"Jornada de la salud IGSS tical 20264\"  data-caption=\"\"  data-description=\"\">\r\n                                <img decoding=\"async\" src=\"\/wp-content\/uploads\/sites\/5\/2026\/03\/Jornada-de-la-salud-IGSS-tical-20264-560x420.jpg\" srcset=\"\/wp-content\/uploads\/sites\/5\/2026\/03\/Jornada-de-la-salud-IGSS-tical-20264-560x420.jpg 560w, \/wp-content\/uploads\/sites\/5\/2026\/03\/Jornada-de-la-salud-IGSS-tical-20264-300x225.jpg 300w, \/wp-content\/uploads\/sites\/5\/2026\/03\/Jornada-de-la-salud-IGSS-tical-20264-1024x768.jpg 1024w, \/wp-content\/uploads\/sites\/5\/2026\/03\/Jornada-de-la-salud-IGSS-tical-20264-768x576.jpg 768w, \/wp-content\/uploads\/sites\/5\/2026\/03\/Jornada-de-la-salud-IGSS-tical-20264-1536x1152.jpg 1536w, \/wp-content\/uploads\/sites\/5\/2026\/03\/Jornada-de-la-salud-IGSS-tical-20264-80x60.jpg 80w, \/wp-content\/uploads\/sites\/5\/2026\/03\/Jornada-de-la-salud-IGSS-tical-20264-696x522.jpg 696w, \/wp-content\/uploads\/sites\/5\/2026\/03\/Jornada-de-la-salud-IGSS-tical-20264-1068x801.jpg 1068w, \/wp-content\/uploads\/sites\/5\/2026\/03\/Jornada-de-la-salud-IGSS-tical-20264-265x198.jpg 265w, \/wp-content\/uploads\/sites\/5\/2026\/03\/Jornada-de-la-salud-IGSS-tical-20264-534x401.jpg 534w, \/wp-content\/uploads\/sites\/5\/2026\/03\/Jornada-de-la-salud-IGSS-tical-20264.jpg 1600w\" sizes=\"(max-width: 560px) 100vw, 560px\" alt=\"\">\r\n                            <\/a>\r\n                            \r\n                        <\/figure>\r\n                    <\/div>\r\n                    <div class = \"td-slide-item td-item18\">\r\n                        <figure class=\"td-slide-galery-figure td-slide-popup-gallery\">\r\n                            <a class=\"slide-gallery-image-link\" href=\"\/wp-content\/uploads\/sites\/5\/2026\/03\/Jornada-de-la-salud-IGSS-tical-202610.jpg\" title=\"Jornada de la salud IGSS tical 202610\"  data-caption=\"\"  data-description=\"\">\r\n                                <img decoding=\"async\" src=\"\/wp-content\/uploads\/sites\/5\/2026\/03\/Jornada-de-la-salud-IGSS-tical-202610-315x420.jpg\" srcset=\"\/wp-content\/uploads\/sites\/5\/2026\/03\/Jornada-de-la-salud-IGSS-tical-202610-315x420.jpg 315w, \/wp-content\/uploads\/sites\/5\/2026\/03\/Jornada-de-la-salud-IGSS-tical-202610-225x300.jpg 225w, \/wp-content\/uploads\/sites\/5\/2026\/03\/Jornada-de-la-salud-IGSS-tical-202610-768x1024.jpg 768w, \/wp-content\/uploads\/sites\/5\/2026\/03\/Jornada-de-la-salud-IGSS-tical-202610-1152x1536.jpg 1152w, \/wp-content\/uploads\/sites\/5\/2026\/03\/Jornada-de-la-salud-IGSS-tical-202610-696x928.jpg 696w, \/wp-content\/uploads\/sites\/5\/2026\/03\/Jornada-de-la-salud-IGSS-tical-202610-1068x1424.jpg 1068w, \/wp-content\/uploads\/sites\/5\/2026\/03\/Jornada-de-la-salud-IGSS-tical-202610-347x462.jpg 347w, \/wp-content\/uploads\/sites\/5\/2026\/03\/Jornada-de-la-salud-IGSS-tical-202610.jpg 1200w\" sizes=\"(max-width: 315px) 100vw, 315px\" alt=\"\">\r\n                            <\/a>\r\n                            \r\n                        <\/figure>\r\n                    <\/div>\r\n                    <div class = \"td-slide-item td-item19\">\r\n                        <figure class=\"td-slide-galery-figure td-slide-popup-gallery\">\r\n                            <a class=\"slide-gallery-image-link\" href=\"\/wp-content\/uploads\/sites\/5\/2026\/03\/Jornada-de-la-salud-IGSS-tical-20262.jpg\" title=\"Jornada de la salud IGSS tical 20262\"  data-caption=\"\"  data-description=\"\">\r\n                                <img decoding=\"async\" src=\"\/wp-content\/uploads\/sites\/5\/2026\/03\/Jornada-de-la-salud-IGSS-tical-20262-560x420.jpg\" srcset=\"\/wp-content\/uploads\/sites\/5\/2026\/03\/Jornada-de-la-salud-IGSS-tical-20262-560x420.jpg 560w, \/wp-content\/uploads\/sites\/5\/2026\/03\/Jornada-de-la-salud-IGSS-tical-20262-300x225.jpg 300w, \/wp-content\/uploads\/sites\/5\/2026\/03\/Jornada-de-la-salud-IGSS-tical-20262-1024x768.jpg 1024w, \/wp-content\/uploads\/sites\/5\/2026\/03\/Jornada-de-la-salud-IGSS-tical-20262-768x576.jpg 768w, \/wp-content\/uploads\/sites\/5\/2026\/03\/Jornada-de-la-salud-IGSS-tical-20262-1536x1152.jpg 1536w, \/wp-content\/uploads\/sites\/5\/2026\/03\/Jornada-de-la-salud-IGSS-tical-20262-80x60.jpg 80w, \/wp-content\/uploads\/sites\/5\/2026\/03\/Jornada-de-la-salud-IGSS-tical-20262-696x522.jpg 696w, \/wp-content\/uploads\/sites\/5\/2026\/03\/Jornada-de-la-salud-IGSS-tical-20262-1068x801.jpg 1068w, \/wp-content\/uploads\/sites\/5\/2026\/03\/Jornada-de-la-salud-IGSS-tical-20262-265x198.jpg 265w, \/wp-content\/uploads\/sites\/5\/2026\/03\/Jornada-de-la-salud-IGSS-tical-20262-534x401.jpg 534w, \/wp-content\/uploads\/sites\/5\/2026\/03\/Jornada-de-la-salud-IGSS-tical-20262.jpg 1600w\" sizes=\"(max-width: 560px) 100vw, 560px\" alt=\"\">\r\n                            <\/a>\r\n                            \r\n                        <\/figure>\r\n                    <\/div>\r\n                    <div class = \"td-slide-item td-item20\">\r\n                        <figure class=\"td-slide-galery-figure td-slide-popup-gallery\">\r\n                            <a class=\"slide-gallery-image-link\" href=\"\/wp-content\/uploads\/sites\/5\/2026\/03\/Jornada-de-la-salud-IGSS-tical-20263.jpg\" title=\"Jornada de la salud IGSS tical 20263\"  data-caption=\"\"  data-description=\"\">\r\n                                <img decoding=\"async\" src=\"\/wp-content\/uploads\/sites\/5\/2026\/03\/Jornada-de-la-salud-IGSS-tical-20263-560x420.jpg\" srcset=\"\/wp-content\/uploads\/sites\/5\/2026\/03\/Jornada-de-la-salud-IGSS-tical-20263-560x420.jpg 560w, \/wp-content\/uploads\/sites\/5\/2026\/03\/Jornada-de-la-salud-IGSS-tical-20263-300x225.jpg 300w, \/wp-content\/uploads\/sites\/5\/2026\/03\/Jornada-de-la-salud-IGSS-tical-20263-1024x768.jpg 1024w, \/wp-content\/uploads\/sites\/5\/2026\/03\/Jornada-de-la-salud-IGSS-tical-20263-768x576.jpg 768w, \/wp-content\/uploads\/sites\/5\/2026\/03\/Jornada-de-la-salud-IGSS-tical-20263-1536x1152.jpg 1536w, \/wp-content\/uploads\/sites\/5\/2026\/03\/Jornada-de-la-salud-IGSS-tical-20263-80x60.jpg 80w, \/wp-content\/uploads\/sites\/5\/2026\/03\/Jornada-de-la-salud-IGSS-tical-20263-696x522.jpg 696w, \/wp-content\/uploads\/sites\/5\/2026\/03\/Jornada-de-la-salud-IGSS-tical-20263-1068x801.jpg 1068w, \/wp-content\/uploads\/sites\/5\/2026\/03\/Jornada-de-la-salud-IGSS-tical-20263-265x198.jpg 265w, \/wp-content\/uploads\/sites\/5\/2026\/03\/Jornada-de-la-salud-IGSS-tical-20263-534x401.jpg 534w, \/wp-content\/uploads\/sites\/5\/2026\/03\/Jornada-de-la-salud-IGSS-tical-20263.jpg 1600w\" sizes=\"(max-width: 560px) 100vw, 560px\" alt=\"\">\r\n                            <\/a>\r\n                            \r\n                        <\/figure>\r\n                    <\/div>\r\n                            <\/div>\r\n                        <\/div>\r\n\r\n                        <div class = \"td-doubleSlider-2\">\r\n                            <div class = \"td-slider\">\r\n                                \r\n                    <div class = \"td-button td-item1\">\r\n                        <div class = \"td-border\"><\/div>\r\n                    <\/div>\r\n                    <div class = \"td-button td-item2\">\r\n                        <div class = \"td-border\"><\/div>\r\n                    <\/div>\r\n                    <div class = \"td-button td-item3\">\r\n                        <div class = \"td-border\"><\/div>\r\n                    <\/div>\r\n                    <div class = \"td-button td-item4\">\r\n                        <div class = \"td-border\"><\/div>\r\n                    <\/div>\r\n                    <div class = \"td-button td-item5\">\r\n                        <div class = \"td-border\"><\/div>\r\n                    <\/div>\r\n                    <div class = \"td-button td-item6\">\r\n                        <div class = \"td-border\"><\/div>\r\n                    <\/div>\r\n                    <div class = \"td-button td-item7\">\r\n                        <div class = \"td-border\"><\/div>\r\n                    <\/div>\r\n                    <div class = \"td-button td-item8\">\r\n                        <div class = \"td-border\"><\/div>\r\n                    <\/div>\r\n                    <div class = \"td-button td-item9\">\r\n                        <div class = \"td-border\"><\/div>\r\n                    <\/div>\r\n                    <div class = \"td-button td-item10\">\r\n                        <div class = \"td-border\"><\/div>\r\n                    <\/div>\r\n                    <div class = \"td-button td-item11\">\r\n                        <div class = \"td-border\"><\/div>\r\n                    <\/div>\r\n                    <div class = \"td-button td-item12\">\r\n                        <div class = \"td-border\"><\/div>\r\n                    <\/div>\r\n                    <div class = \"td-button td-item13\">\r\n                        <div class = \"td-border\"><\/div>\r\n                    <\/div>\r\n                    <div class = \"td-button td-item14\">\r\n                        <div class = \"td-border\"><\/div>\r\n                    <\/div>\r\n                    <div class = \"td-button td-item15\">\r\n                        <div class = \"td-border\"><\/div>\r\n                    <\/div>\r\n                    <div class = \"td-button td-item16\">\r\n                        <div class = \"td-border\"><\/div>\r\n                    <\/div>\r\n                    <div class = \"td-button td-item17\">\r\n                        <div class = \"td-border\"><\/div>\r\n                    <\/div>\r\n                    <div class = \"td-button td-item18\">\r\n                        <div class = \"td-border\"><\/div>\r\n                    <\/div>\r\n                    <div class = \"td-button td-item19\">\r\n                        <div class = \"td-border\"><\/div>\r\n                    <\/div>\r\n                    <div class = \"td-button td-item20\">\r\n                        <div class = \"td-border\"><\/div>\r\n                    <\/div>\r\n                            <\/div>\r\n                        <\/div>\r\n\r\n                    <\/div>\r\n\r\n                <\/div>\r\n                ","protected":false},"excerpt":{"rendered":"<p>El Instituto Guatemalteco de Seguridad Social (IGSS), sigue fortaleciendo el modelo de atenci\u00f3n medica preventiva con las Jornadas de la Seguridad Social, una estrategia que acerca servicios de salud a los afiliados directamente en sus centros de trabajo. En esta ocasi\u00f3n, la jornada se desarroll\u00f3 en Grupo Tical S.A., sede Villa Nueva, donde m\u00e1s de [&hellip;]<\/p>\n","protected":false},"author":4,"featured_media":54404,"comment_status":"closed","ping_status":"closed","sticky":false,"template":"","format":"standard","meta":{"footnotes":""},"categories":[3,15],"tags":[490,1755],"coauthors":[881],"class_list":{"0":"post-54402","1":"post","2":"type-post","3":"status-publish","4":"format-standard","5":"has-post-thumbnail","7":"category-actualidad","8":"category-destacado","9":"tag-igss","10":"tag-jornada-de-la-seguridad-social"},"_links":{"self":[{"href":"https:\/\/www.igssgt.org\/noticias\/wp-json\/wp\/v2\/posts\/54402","targetHints":{"allow":["GET"]}}],"collection":[{"href":"https:\/\/www.igssgt.org\/noticias\/wp-json\/wp\/v2\/posts"}],"about":[{"href":"https:\/\/www.igssgt.org\/noticias\/wp-json\/wp\/v2\/types\/post"}],"author":[{"embeddable":true,"href":"https:\/\/www.igssgt.org\/noticias\/wp-json\/wp\/v2\/users\/4"}],"replies":[{"embeddable":true,"href":"https:\/\/www.igssgt.org\/noticias\/wp-json\/wp\/v2\/comments?post=54402"}],"version-history":[{"count":1,"href":"https:\/\/www.igssgt.org\/noticias\/wp-json\/wp\/v2\/posts\/54402\/revisions"}],"predecessor-version":[{"id":54428,"href":"https:\/\/www.igssgt.org\/noticias\/wp-json\/wp\/v2\/posts\/54402\/revisions\/54428"}],"wp:featuredmedia":[{"embeddable":true,"href":"https:\/\/www.igssgt.org\/noticias\/wp-json\/wp\/v2\/media\/54404"}],"wp:attachment":[{"href":"https:\/\/www.igssgt.org\/noticias\/wp-json\/wp\/v2\/media?parent=54402"}],"wp:term":[{"taxonomy":"category","embeddable":true,"href":"https:\/\/www.igssgt.org\/noticias\/wp-json\/wp\/v2\/categories?post=54402"},{"taxonomy":"post_tag","embeddable":true,"href":"https:\/\/www.igssgt.org\/noticias\/wp-json\/wp\/v2\/tags?post=54402"},{"taxonomy":"author","embeddable":true,"href":"https:\/\/www.igssgt.org\/noticias\/wp-json\/wp\/v2\/coauthors?post=54402"}],"curies":[{"name":"wp","href":"https:\/\/api.w.org\/{rel}","templated":true}]}}