{"id":54474,"date":"2026-03-12T11:30:00","date_gmt":"2026-03-12T17:30:00","guid":{"rendered":"https:\/\/www.igssgt.org\/noticias\/?p=54474"},"modified":"2026-03-12T18:36:27","modified_gmt":"2026-03-13T00:36:27","slug":"igss-participa-en-jornada-nacional-de-prevencion-y-diagnostico-renal","status":"publish","type":"post","link":"https:\/\/www.igssgt.org\/noticias\/2026\/03\/12\/igss-participa-en-jornada-nacional-de-prevencion-y-diagnostico-renal\/","title":{"rendered":"IGSS participa en Jornada Nacional de Prevenci\u00f3n y Diagn\u00f3stico Renal"},"content":{"rendered":"\n<p class=\"dropcapp2\">Como parte de las acciones de prevenci\u00f3n y promoci\u00f3n de la salud, esta jornada acerca a la poblaci\u00f3n servicios m\u00e9dicos y orientaci\u00f3n especializada sobre el cuidado renal, permitiendo a los ciudadanos recibir atenci\u00f3n sin costo y conocer la importancia de identificar a tiempo posibles afecciones en los ri\u00f1ones.<\/p>\n\n\n<p>Durante la actividad, el coordinador de Trasplante del Instituto Guatemalteco de Seguridad Social (IGSS), doctor Miguel \u00c1ngel Castillo, destac\u00f3 la necesidad de fomentar la prevenci\u00f3n, realizar chequeos m\u00e9dicos peri\u00f3dicos y fortalecer la cultura de donaci\u00f3n de \u00f3rganos como una oportunidad para mejorar la calidad de vida de los pacientes con enfermedad renal.<\/p>\n<figure id=\"attachment_54476\" aria-describedby=\"caption-attachment-54476\" style=\"width: 1599px\" class=\"wp-caption aligncenter\"><a href=\"\/wp-content\/uploads\/sites\/5\/2026\/03\/Dia-Mundial-del-Rinon-IGSS-Plaza-de-la-Constitucion-5.jpg\"><img loading=\"lazy\" decoding=\"async\" class=\"size-full wp-image-54476\" src=\"\/wp-content\/uploads\/sites\/5\/2026\/03\/Dia-Mundial-del-Rinon-IGSS-Plaza-de-la-Constitucion-5.jpg\" alt=\"\" width=\"1599\" height=\"1066\" srcset=\"\/wp-content\/uploads\/sites\/5\/2026\/03\/Dia-Mundial-del-Rinon-IGSS-Plaza-de-la-Constitucion-5.jpg 1599w, \/wp-content\/uploads\/sites\/5\/2026\/03\/Dia-Mundial-del-Rinon-IGSS-Plaza-de-la-Constitucion-5-300x200.jpg 300w, \/wp-content\/uploads\/sites\/5\/2026\/03\/Dia-Mundial-del-Rinon-IGSS-Plaza-de-la-Constitucion-5-1024x683.jpg 1024w, \/wp-content\/uploads\/sites\/5\/2026\/03\/Dia-Mundial-del-Rinon-IGSS-Plaza-de-la-Constitucion-5-768x512.jpg 768w, \/wp-content\/uploads\/sites\/5\/2026\/03\/Dia-Mundial-del-Rinon-IGSS-Plaza-de-la-Constitucion-5-1536x1024.jpg 1536w, \/wp-content\/uploads\/sites\/5\/2026\/03\/Dia-Mundial-del-Rinon-IGSS-Plaza-de-la-Constitucion-5-630x420.jpg 630w, \/wp-content\/uploads\/sites\/5\/2026\/03\/Dia-Mundial-del-Rinon-IGSS-Plaza-de-la-Constitucion-5-696x464.jpg 696w, \/wp-content\/uploads\/sites\/5\/2026\/03\/Dia-Mundial-del-Rinon-IGSS-Plaza-de-la-Constitucion-5-1068x712.jpg 1068w, \/wp-content\/uploads\/sites\/5\/2026\/03\/Dia-Mundial-del-Rinon-IGSS-Plaza-de-la-Constitucion-5-534x356.jpg 534w\" sizes=\"auto, (max-width: 1599px) 100vw, 1599px\" \/><\/a><figcaption id=\"caption-attachment-54476\" class=\"wp-caption-text\">1. El IGSS y otras instituciones desarrollan en la Plaza de la Constituci\u00f3n una jornada m\u00e9dica enfocada en la prevenci\u00f3n de enfermedades renales.<\/figcaption><\/figure>\n<p>\u201cLa prevenci\u00f3n y los chequeos m\u00e9dicos oportunos pueden marcar la diferencia en la salud de los pacientes, pero tambi\u00e9n es importante fortalecer la cultura de donaci\u00f3n para dar esperanza de vida a quienes lo necesitan\u201d, expres\u00f3 el profesional.<\/p>\n<p>Adem\u00e1s de acercar atenci\u00f3n y educaci\u00f3n en salud, este tipo de jornadas representa un beneficio econ\u00f3mico para la poblaci\u00f3n, ya que permite acceder de manera gratuita a evaluaciones y servicios m\u00e9dicos que pueden significar un ahorro aproximado de entre 300 y 500 quetzales.<\/p>\n<p>Con estas acciones, el Seguro Social muestra su compromiso con la prevenci\u00f3n, la detecci\u00f3n temprana y la promoci\u00f3n de una cultura de cuidado de la salud renal, acercando servicios a la poblaci\u00f3n y fortaleciendo el bienestar de los guatemaltecos.<\/p>\n\r\n                <style type=\"text\/css\">\r\n                    \r\n                    #tdi_1  .td-doubleSlider-2 .td-item1 {\r\n                        background: url(\/wp-content\/uploads\/sites\/5\/2026\/03\/Dia-Mundial-del-Rinon-IGSS-Plaza-de-la-Constitucion-4-80x60.jpg) 0 0 no-repeat;\r\n                    }\r\n                    #tdi_1  .td-doubleSlider-2 .td-item2 {\r\n                        background: url(\/wp-content\/uploads\/sites\/5\/2026\/03\/Dia-Mundial-del-Rinon-IGSS-Plaza-de-la-Constitucion-14-80x60.jpg) 0 0 no-repeat;\r\n                    }\r\n                    #tdi_1  .td-doubleSlider-2 .td-item3 {\r\n                        background: url(\/wp-content\/uploads\/sites\/5\/2026\/03\/Dia-Mundial-del-Rinon-IGSS-Plaza-de-la-Constitucion-7-80x60.jpg) 0 0 no-repeat;\r\n                    }\r\n                    #tdi_1  .td-doubleSlider-2 .td-item4 {\r\n                        background: url(\/wp-content\/uploads\/sites\/5\/2026\/03\/Dia-Mundial-del-Rinon-IGSS-Plaza-de-la-Constitucion-1-80x60.jpg) 0 0 no-repeat;\r\n                    }\r\n                    #tdi_1  .td-doubleSlider-2 .td-item5 {\r\n                        background: url(\/wp-content\/uploads\/sites\/5\/2026\/03\/Dia-Mundial-del-Rinon-IGSS-Plaza-de-la-Constitucion-3-80x60.jpg) 0 0 no-repeat;\r\n                    }\r\n                    #tdi_1  .td-doubleSlider-2 .td-item6 {\r\n                        background: url(\/wp-content\/uploads\/sites\/5\/2026\/03\/Dia-Mundial-del-Rinon-IGSS-Plaza-de-la-Constitucion-2-80x60.jpg) 0 0 no-repeat;\r\n                    }\r\n                    #tdi_1  .td-doubleSlider-2 .td-item7 {\r\n                        background: url(\/wp-content\/uploads\/sites\/5\/2026\/03\/Dia-Mundial-del-Rinon-IGSS-Plaza-de-la-Constitucion-6-80x60.jpg) 0 0 no-repeat;\r\n                    }\r\n                    #tdi_1  .td-doubleSlider-2 .td-item8 {\r\n                        background: url(\/wp-content\/uploads\/sites\/5\/2026\/03\/Dia-Mundial-del-Rinon-IGSS-Plaza-de-la-Constitucion-8-80x60.jpg) 0 0 no-repeat;\r\n                    }\r\n                    #tdi_1  .td-doubleSlider-2 .td-item9 {\r\n                        background: url(\/wp-content\/uploads\/sites\/5\/2026\/03\/Dia-Mundial-del-Rinon-IGSS-Plaza-de-la-Constitucion-9-80x60.jpg) 0 0 no-repeat;\r\n                    }\r\n                    #tdi_1  .td-doubleSlider-2 .td-item10 {\r\n                        background: url(\/wp-content\/uploads\/sites\/5\/2026\/03\/Dia-Mundial-del-Rinon-IGSS-Plaza-de-la-Constitucion-11-80x60.jpg) 0 0 no-repeat;\r\n                    }\r\n                    #tdi_1  .td-doubleSlider-2 .td-item11 {\r\n                        background: url(\/wp-content\/uploads\/sites\/5\/2026\/03\/Dia-Mundial-del-Rinon-IGSS-Plaza-de-la-Constitucion-12-80x60.jpg) 0 0 no-repeat;\r\n                    }\r\n                    #tdi_1  .td-doubleSlider-2 .td-item12 {\r\n                        background: url(\/wp-content\/uploads\/sites\/5\/2026\/03\/Dia-Mundial-del-Rinon-IGSS-Plaza-de-la-Constitucion-13-80x60.jpg) 0 0 no-repeat;\r\n                    }\r\n                    #tdi_1  .td-doubleSlider-2 .td-item13 {\r\n                        background: url(\/wp-content\/uploads\/sites\/5\/2026\/03\/Dia-Mundial-del-Rinon-IGSS-Plaza-de-la-Constitucion-15-80x60.jpg) 0 0 no-repeat;\r\n                    }\r\n                <\/style>\r\n\r\n                <div id=\"tdi_1\" class=\"td-gallery td-slide-on-2-columns\">\r\n                    <div class=\"post_td_gallery\">\r\n                        <div class=\"td-gallery-slide-top\">\r\n                           <div class=\"td-gallery-title\">Galer\u00eda de Im\u00e1genes<\/div>\r\n\r\n                            <div class=\"td-gallery-controls-wrapper\">\r\n                                <div class=\"td-gallery-slide-count\"><span class=\"td-gallery-slide-item-focus\">1<\/span> de 13<\/div>\r\n                                <div class=\"td-gallery-slide-prev-next-but\">\r\n                                    <i class = \"td-icon-left doubleSliderPrevButton\"><\/i>\r\n                                    <i class = \"td-icon-right doubleSliderNextButton\"><\/i>\r\n                                <\/div>\r\n                            <\/div>\r\n                        <\/div>\r\n\r\n                        <div class = \"td-doubleSlider-1 \">\r\n                            <div class = \"td-slider\">\r\n                                \r\n                    <div class = \"td-slide-item td-item1\">\r\n                        <figure class=\"td-slide-galery-figure td-slide-popup-gallery\">\r\n                            <a class=\"slide-gallery-image-link\" href=\"\/wp-content\/uploads\/sites\/5\/2026\/03\/Dia-Mundial-del-Rinon-IGSS-Plaza-de-la-Constitucion-4.jpg\" title=\"Dia Mundial del Rinon IGSS Plaza de la Constitucion-4\"  data-caption=\"\"  data-description=\"\">\r\n                                <img decoding=\"async\" src=\"\/wp-content\/uploads\/sites\/5\/2026\/03\/Dia-Mundial-del-Rinon-IGSS-Plaza-de-la-Constitucion-4-377x420.jpg\" srcset=\"\/wp-content\/uploads\/sites\/5\/2026\/03\/Dia-Mundial-del-Rinon-IGSS-Plaza-de-la-Constitucion-4-377x420.jpg 377w, \/wp-content\/uploads\/sites\/5\/2026\/03\/Dia-Mundial-del-Rinon-IGSS-Plaza-de-la-Constitucion-4-269x300.jpg 269w, \/wp-content\/uploads\/sites\/5\/2026\/03\/Dia-Mundial-del-Rinon-IGSS-Plaza-de-la-Constitucion-4-919x1024.jpg 919w, \/wp-content\/uploads\/sites\/5\/2026\/03\/Dia-Mundial-del-Rinon-IGSS-Plaza-de-la-Constitucion-4-768x856.jpg 768w, \/wp-content\/uploads\/sites\/5\/2026\/03\/Dia-Mundial-del-Rinon-IGSS-Plaza-de-la-Constitucion-4-696x775.jpg 696w, \/wp-content\/uploads\/sites\/5\/2026\/03\/Dia-Mundial-del-Rinon-IGSS-Plaza-de-la-Constitucion-4-1068x1190.jpg 1068w, \/wp-content\/uploads\/sites\/5\/2026\/03\/Dia-Mundial-del-Rinon-IGSS-Plaza-de-la-Constitucion-4-415x462.jpg 415w, \/wp-content\/uploads\/sites\/5\/2026\/03\/Dia-Mundial-del-Rinon-IGSS-Plaza-de-la-Constitucion-4.jpg 1200w\" sizes=\"(max-width: 377px) 100vw, 377px\" alt=\"\">\r\n                            <\/a>\r\n                            \r\n                        <\/figure>\r\n                    <\/div>\r\n                    <div class = \"td-slide-item td-item2\">\r\n                        <figure class=\"td-slide-galery-figure td-slide-popup-gallery\">\r\n                            <a class=\"slide-gallery-image-link\" href=\"\/wp-content\/uploads\/sites\/5\/2026\/03\/Dia-Mundial-del-Rinon-IGSS-Plaza-de-la-Constitucion-14.jpg\" title=\"Dia Mundial del Rinon IGSS Plaza de la Constitucion-14\"  data-caption=\"\"  data-description=\"\">\r\n                                <img decoding=\"async\" src=\"\/wp-content\/uploads\/sites\/5\/2026\/03\/Dia-Mundial-del-Rinon-IGSS-Plaza-de-la-Constitucion-14-630x420.jpg\" srcset=\"\/wp-content\/uploads\/sites\/5\/2026\/03\/Dia-Mundial-del-Rinon-IGSS-Plaza-de-la-Constitucion-14-630x420.jpg 630w, \/wp-content\/uploads\/sites\/5\/2026\/03\/Dia-Mundial-del-Rinon-IGSS-Plaza-de-la-Constitucion-14-300x200.jpg 300w, \/wp-content\/uploads\/sites\/5\/2026\/03\/Dia-Mundial-del-Rinon-IGSS-Plaza-de-la-Constitucion-14-1024x683.jpg 1024w, \/wp-content\/uploads\/sites\/5\/2026\/03\/Dia-Mundial-del-Rinon-IGSS-Plaza-de-la-Constitucion-14-768x512.jpg 768w, \/wp-content\/uploads\/sites\/5\/2026\/03\/Dia-Mundial-del-Rinon-IGSS-Plaza-de-la-Constitucion-14-1536x1024.jpg 1536w, \/wp-content\/uploads\/sites\/5\/2026\/03\/Dia-Mundial-del-Rinon-IGSS-Plaza-de-la-Constitucion-14-696x464.jpg 696w, \/wp-content\/uploads\/sites\/5\/2026\/03\/Dia-Mundial-del-Rinon-IGSS-Plaza-de-la-Constitucion-14-1068x712.jpg 1068w, \/wp-content\/uploads\/sites\/5\/2026\/03\/Dia-Mundial-del-Rinon-IGSS-Plaza-de-la-Constitucion-14-534x356.jpg 534w, \/wp-content\/uploads\/sites\/5\/2026\/03\/Dia-Mundial-del-Rinon-IGSS-Plaza-de-la-Constitucion-14.jpg 1599w\" sizes=\"(max-width: 630px) 100vw, 630px\" alt=\"\">\r\n                            <\/a>\r\n                            \r\n                        <\/figure>\r\n                    <\/div>\r\n                    <div class = \"td-slide-item td-item3\">\r\n                        <figure class=\"td-slide-galery-figure td-slide-popup-gallery\">\r\n                            <a class=\"slide-gallery-image-link\" href=\"\/wp-content\/uploads\/sites\/5\/2026\/03\/Dia-Mundial-del-Rinon-IGSS-Plaza-de-la-Constitucion-7.jpg\" title=\"Dia Mundial del Rinon IGSS Plaza de la Constitucion-7\"  data-caption=\"\"  data-description=\"\">\r\n                                <img decoding=\"async\" src=\"\/wp-content\/uploads\/sites\/5\/2026\/03\/Dia-Mundial-del-Rinon-IGSS-Plaza-de-la-Constitucion-7-630x420.jpg\" srcset=\"\/wp-content\/uploads\/sites\/5\/2026\/03\/Dia-Mundial-del-Rinon-IGSS-Plaza-de-la-Constitucion-7-630x420.jpg 630w, \/wp-content\/uploads\/sites\/5\/2026\/03\/Dia-Mundial-del-Rinon-IGSS-Plaza-de-la-Constitucion-7-300x200.jpg 300w, \/wp-content\/uploads\/sites\/5\/2026\/03\/Dia-Mundial-del-Rinon-IGSS-Plaza-de-la-Constitucion-7-1024x683.jpg 1024w, \/wp-content\/uploads\/sites\/5\/2026\/03\/Dia-Mundial-del-Rinon-IGSS-Plaza-de-la-Constitucion-7-768x512.jpg 768w, \/wp-content\/uploads\/sites\/5\/2026\/03\/Dia-Mundial-del-Rinon-IGSS-Plaza-de-la-Constitucion-7-1536x1024.jpg 1536w, \/wp-content\/uploads\/sites\/5\/2026\/03\/Dia-Mundial-del-Rinon-IGSS-Plaza-de-la-Constitucion-7-696x464.jpg 696w, \/wp-content\/uploads\/sites\/5\/2026\/03\/Dia-Mundial-del-Rinon-IGSS-Plaza-de-la-Constitucion-7-1068x712.jpg 1068w, \/wp-content\/uploads\/sites\/5\/2026\/03\/Dia-Mundial-del-Rinon-IGSS-Plaza-de-la-Constitucion-7-534x356.jpg 534w, \/wp-content\/uploads\/sites\/5\/2026\/03\/Dia-Mundial-del-Rinon-IGSS-Plaza-de-la-Constitucion-7.jpg 1599w\" sizes=\"(max-width: 630px) 100vw, 630px\" alt=\"\">\r\n                            <\/a>\r\n                            \r\n                        <\/figure>\r\n                    <\/div>\r\n                    <div class = \"td-slide-item td-item4\">\r\n                        <figure class=\"td-slide-galery-figure td-slide-popup-gallery\">\r\n                            <a class=\"slide-gallery-image-link\" href=\"\/wp-content\/uploads\/sites\/5\/2026\/03\/Dia-Mundial-del-Rinon-IGSS-Plaza-de-la-Constitucion-1.jpg\" title=\"Dia Mundial del Rinon IGSS Plaza de la Constitucion-1\"  data-caption=\"\"  data-description=\"\">\r\n                                <img decoding=\"async\" src=\"\/wp-content\/uploads\/sites\/5\/2026\/03\/Dia-Mundial-del-Rinon-IGSS-Plaza-de-la-Constitucion-1-630x420.jpg\" srcset=\"\/wp-content\/uploads\/sites\/5\/2026\/03\/Dia-Mundial-del-Rinon-IGSS-Plaza-de-la-Constitucion-1-630x420.jpg 630w, \/wp-content\/uploads\/sites\/5\/2026\/03\/Dia-Mundial-del-Rinon-IGSS-Plaza-de-la-Constitucion-1-300x200.jpg 300w, \/wp-content\/uploads\/sites\/5\/2026\/03\/Dia-Mundial-del-Rinon-IGSS-Plaza-de-la-Constitucion-1-1024x683.jpg 1024w, \/wp-content\/uploads\/sites\/5\/2026\/03\/Dia-Mundial-del-Rinon-IGSS-Plaza-de-la-Constitucion-1-768x512.jpg 768w, \/wp-content\/uploads\/sites\/5\/2026\/03\/Dia-Mundial-del-Rinon-IGSS-Plaza-de-la-Constitucion-1-1536x1024.jpg 1536w, \/wp-content\/uploads\/sites\/5\/2026\/03\/Dia-Mundial-del-Rinon-IGSS-Plaza-de-la-Constitucion-1-696x464.jpg 696w, \/wp-content\/uploads\/sites\/5\/2026\/03\/Dia-Mundial-del-Rinon-IGSS-Plaza-de-la-Constitucion-1-1068x712.jpg 1068w, \/wp-content\/uploads\/sites\/5\/2026\/03\/Dia-Mundial-del-Rinon-IGSS-Plaza-de-la-Constitucion-1-534x356.jpg 534w, \/wp-content\/uploads\/sites\/5\/2026\/03\/Dia-Mundial-del-Rinon-IGSS-Plaza-de-la-Constitucion-1.jpg 1599w\" sizes=\"(max-width: 630px) 100vw, 630px\" alt=\"\">\r\n                            <\/a>\r\n                            \r\n                        <\/figure>\r\n                    <\/div>\r\n                    <div class = \"td-slide-item td-item5\">\r\n                        <figure class=\"td-slide-galery-figure td-slide-popup-gallery\">\r\n                            <a class=\"slide-gallery-image-link\" href=\"\/wp-content\/uploads\/sites\/5\/2026\/03\/Dia-Mundial-del-Rinon-IGSS-Plaza-de-la-Constitucion-3.jpg\" title=\"Dia Mundial del Rinon IGSS Plaza de la Constitucion-3\"  data-caption=\"\"  data-description=\"\">\r\n                                <img decoding=\"async\" src=\"\/wp-content\/uploads\/sites\/5\/2026\/03\/Dia-Mundial-del-Rinon-IGSS-Plaza-de-la-Constitucion-3-630x420.jpg\" srcset=\"\/wp-content\/uploads\/sites\/5\/2026\/03\/Dia-Mundial-del-Rinon-IGSS-Plaza-de-la-Constitucion-3-630x420.jpg 630w, \/wp-content\/uploads\/sites\/5\/2026\/03\/Dia-Mundial-del-Rinon-IGSS-Plaza-de-la-Constitucion-3-300x200.jpg 300w, \/wp-content\/uploads\/sites\/5\/2026\/03\/Dia-Mundial-del-Rinon-IGSS-Plaza-de-la-Constitucion-3-1024x683.jpg 1024w, \/wp-content\/uploads\/sites\/5\/2026\/03\/Dia-Mundial-del-Rinon-IGSS-Plaza-de-la-Constitucion-3-768x512.jpg 768w, \/wp-content\/uploads\/sites\/5\/2026\/03\/Dia-Mundial-del-Rinon-IGSS-Plaza-de-la-Constitucion-3-1536x1024.jpg 1536w, \/wp-content\/uploads\/sites\/5\/2026\/03\/Dia-Mundial-del-Rinon-IGSS-Plaza-de-la-Constitucion-3-696x464.jpg 696w, \/wp-content\/uploads\/sites\/5\/2026\/03\/Dia-Mundial-del-Rinon-IGSS-Plaza-de-la-Constitucion-3-1068x712.jpg 1068w, \/wp-content\/uploads\/sites\/5\/2026\/03\/Dia-Mundial-del-Rinon-IGSS-Plaza-de-la-Constitucion-3-534x356.jpg 534w, \/wp-content\/uploads\/sites\/5\/2026\/03\/Dia-Mundial-del-Rinon-IGSS-Plaza-de-la-Constitucion-3.jpg 1599w\" sizes=\"(max-width: 630px) 100vw, 630px\" alt=\"\">\r\n                            <\/a>\r\n                            \r\n                        <\/figure>\r\n                    <\/div>\r\n                    <div class = \"td-slide-item td-item6\">\r\n                        <figure class=\"td-slide-galery-figure td-slide-popup-gallery\">\r\n                            <a class=\"slide-gallery-image-link\" href=\"\/wp-content\/uploads\/sites\/5\/2026\/03\/Dia-Mundial-del-Rinon-IGSS-Plaza-de-la-Constitucion-2.jpg\" title=\"Dia Mundial del Rinon IGSS Plaza de la Constitucion-2\"  data-caption=\"\"  data-description=\"\">\r\n                                <img decoding=\"async\" src=\"\/wp-content\/uploads\/sites\/5\/2026\/03\/Dia-Mundial-del-Rinon-IGSS-Plaza-de-la-Constitucion-2-630x420.jpg\" srcset=\"\/wp-content\/uploads\/sites\/5\/2026\/03\/Dia-Mundial-del-Rinon-IGSS-Plaza-de-la-Constitucion-2-630x420.jpg 630w, \/wp-content\/uploads\/sites\/5\/2026\/03\/Dia-Mundial-del-Rinon-IGSS-Plaza-de-la-Constitucion-2-300x200.jpg 300w, \/wp-content\/uploads\/sites\/5\/2026\/03\/Dia-Mundial-del-Rinon-IGSS-Plaza-de-la-Constitucion-2-1024x683.jpg 1024w, \/wp-content\/uploads\/sites\/5\/2026\/03\/Dia-Mundial-del-Rinon-IGSS-Plaza-de-la-Constitucion-2-768x512.jpg 768w, \/wp-content\/uploads\/sites\/5\/2026\/03\/Dia-Mundial-del-Rinon-IGSS-Plaza-de-la-Constitucion-2-1536x1024.jpg 1536w, \/wp-content\/uploads\/sites\/5\/2026\/03\/Dia-Mundial-del-Rinon-IGSS-Plaza-de-la-Constitucion-2-696x464.jpg 696w, \/wp-content\/uploads\/sites\/5\/2026\/03\/Dia-Mundial-del-Rinon-IGSS-Plaza-de-la-Constitucion-2-1068x712.jpg 1068w, \/wp-content\/uploads\/sites\/5\/2026\/03\/Dia-Mundial-del-Rinon-IGSS-Plaza-de-la-Constitucion-2-534x356.jpg 534w, \/wp-content\/uploads\/sites\/5\/2026\/03\/Dia-Mundial-del-Rinon-IGSS-Plaza-de-la-Constitucion-2.jpg 1599w\" sizes=\"(max-width: 630px) 100vw, 630px\" alt=\"\">\r\n                            <\/a>\r\n                            \r\n                        <\/figure>\r\n                    <\/div>\r\n                    <div class = \"td-slide-item td-item7\">\r\n                        <figure class=\"td-slide-galery-figure td-slide-popup-gallery\">\r\n                            <a class=\"slide-gallery-image-link\" href=\"\/wp-content\/uploads\/sites\/5\/2026\/03\/Dia-Mundial-del-Rinon-IGSS-Plaza-de-la-Constitucion-6.jpg\" title=\"Dia Mundial del Rinon IGSS Plaza de la Constitucion-6\"  data-caption=\"\"  data-description=\"\">\r\n                                <img decoding=\"async\" src=\"\/wp-content\/uploads\/sites\/5\/2026\/03\/Dia-Mundial-del-Rinon-IGSS-Plaza-de-la-Constitucion-6-630x420.jpg\" srcset=\"\/wp-content\/uploads\/sites\/5\/2026\/03\/Dia-Mundial-del-Rinon-IGSS-Plaza-de-la-Constitucion-6-630x420.jpg 630w, \/wp-content\/uploads\/sites\/5\/2026\/03\/Dia-Mundial-del-Rinon-IGSS-Plaza-de-la-Constitucion-6-300x200.jpg 300w, \/wp-content\/uploads\/sites\/5\/2026\/03\/Dia-Mundial-del-Rinon-IGSS-Plaza-de-la-Constitucion-6-1024x683.jpg 1024w, \/wp-content\/uploads\/sites\/5\/2026\/03\/Dia-Mundial-del-Rinon-IGSS-Plaza-de-la-Constitucion-6-768x512.jpg 768w, \/wp-content\/uploads\/sites\/5\/2026\/03\/Dia-Mundial-del-Rinon-IGSS-Plaza-de-la-Constitucion-6-1536x1024.jpg 1536w, \/wp-content\/uploads\/sites\/5\/2026\/03\/Dia-Mundial-del-Rinon-IGSS-Plaza-de-la-Constitucion-6-696x464.jpg 696w, \/wp-content\/uploads\/sites\/5\/2026\/03\/Dia-Mundial-del-Rinon-IGSS-Plaza-de-la-Constitucion-6-1068x712.jpg 1068w, \/wp-content\/uploads\/sites\/5\/2026\/03\/Dia-Mundial-del-Rinon-IGSS-Plaza-de-la-Constitucion-6-534x356.jpg 534w, \/wp-content\/uploads\/sites\/5\/2026\/03\/Dia-Mundial-del-Rinon-IGSS-Plaza-de-la-Constitucion-6.jpg 1599w\" sizes=\"(max-width: 630px) 100vw, 630px\" alt=\"\">\r\n                            <\/a>\r\n                            \r\n                        <\/figure>\r\n                    <\/div>\r\n                    <div class = \"td-slide-item td-item8\">\r\n                        <figure class=\"td-slide-galery-figure td-slide-popup-gallery\">\r\n                            <a class=\"slide-gallery-image-link\" href=\"\/wp-content\/uploads\/sites\/5\/2026\/03\/Dia-Mundial-del-Rinon-IGSS-Plaza-de-la-Constitucion-8.jpg\" title=\"Dia Mundial del Rinon IGSS Plaza de la Constitucion-8\"  data-caption=\"\"  data-description=\"\">\r\n                                <img decoding=\"async\" src=\"\/wp-content\/uploads\/sites\/5\/2026\/03\/Dia-Mundial-del-Rinon-IGSS-Plaza-de-la-Constitucion-8-630x420.jpg\" srcset=\"\/wp-content\/uploads\/sites\/5\/2026\/03\/Dia-Mundial-del-Rinon-IGSS-Plaza-de-la-Constitucion-8-630x420.jpg 630w, \/wp-content\/uploads\/sites\/5\/2026\/03\/Dia-Mundial-del-Rinon-IGSS-Plaza-de-la-Constitucion-8-300x200.jpg 300w, \/wp-content\/uploads\/sites\/5\/2026\/03\/Dia-Mundial-del-Rinon-IGSS-Plaza-de-la-Constitucion-8-1024x683.jpg 1024w, \/wp-content\/uploads\/sites\/5\/2026\/03\/Dia-Mundial-del-Rinon-IGSS-Plaza-de-la-Constitucion-8-768x512.jpg 768w, \/wp-content\/uploads\/sites\/5\/2026\/03\/Dia-Mundial-del-Rinon-IGSS-Plaza-de-la-Constitucion-8-1536x1024.jpg 1536w, \/wp-content\/uploads\/sites\/5\/2026\/03\/Dia-Mundial-del-Rinon-IGSS-Plaza-de-la-Constitucion-8-696x464.jpg 696w, \/wp-content\/uploads\/sites\/5\/2026\/03\/Dia-Mundial-del-Rinon-IGSS-Plaza-de-la-Constitucion-8-1068x712.jpg 1068w, \/wp-content\/uploads\/sites\/5\/2026\/03\/Dia-Mundial-del-Rinon-IGSS-Plaza-de-la-Constitucion-8-534x356.jpg 534w, \/wp-content\/uploads\/sites\/5\/2026\/03\/Dia-Mundial-del-Rinon-IGSS-Plaza-de-la-Constitucion-8.jpg 1599w\" sizes=\"(max-width: 630px) 100vw, 630px\" alt=\"\">\r\n                            <\/a>\r\n                            \r\n                        <\/figure>\r\n                    <\/div>\r\n                    <div class = \"td-slide-item td-item9\">\r\n                        <figure class=\"td-slide-galery-figure td-slide-popup-gallery\">\r\n                            <a class=\"slide-gallery-image-link\" href=\"\/wp-content\/uploads\/sites\/5\/2026\/03\/Dia-Mundial-del-Rinon-IGSS-Plaza-de-la-Constitucion-9.jpg\" title=\"Dia Mundial del Rinon IGSS Plaza de la Constitucion-9\"  data-caption=\"\"  data-description=\"\">\r\n                                <img decoding=\"async\" src=\"\/wp-content\/uploads\/sites\/5\/2026\/03\/Dia-Mundial-del-Rinon-IGSS-Plaza-de-la-Constitucion-9-630x420.jpg\" srcset=\"\/wp-content\/uploads\/sites\/5\/2026\/03\/Dia-Mundial-del-Rinon-IGSS-Plaza-de-la-Constitucion-9-630x420.jpg 630w, \/wp-content\/uploads\/sites\/5\/2026\/03\/Dia-Mundial-del-Rinon-IGSS-Plaza-de-la-Constitucion-9-300x200.jpg 300w, \/wp-content\/uploads\/sites\/5\/2026\/03\/Dia-Mundial-del-Rinon-IGSS-Plaza-de-la-Constitucion-9-1024x683.jpg 1024w, \/wp-content\/uploads\/sites\/5\/2026\/03\/Dia-Mundial-del-Rinon-IGSS-Plaza-de-la-Constitucion-9-768x512.jpg 768w, \/wp-content\/uploads\/sites\/5\/2026\/03\/Dia-Mundial-del-Rinon-IGSS-Plaza-de-la-Constitucion-9-1536x1024.jpg 1536w, \/wp-content\/uploads\/sites\/5\/2026\/03\/Dia-Mundial-del-Rinon-IGSS-Plaza-de-la-Constitucion-9-696x464.jpg 696w, \/wp-content\/uploads\/sites\/5\/2026\/03\/Dia-Mundial-del-Rinon-IGSS-Plaza-de-la-Constitucion-9-1068x712.jpg 1068w, \/wp-content\/uploads\/sites\/5\/2026\/03\/Dia-Mundial-del-Rinon-IGSS-Plaza-de-la-Constitucion-9-534x356.jpg 534w, \/wp-content\/uploads\/sites\/5\/2026\/03\/Dia-Mundial-del-Rinon-IGSS-Plaza-de-la-Constitucion-9.jpg 1599w\" sizes=\"(max-width: 630px) 100vw, 630px\" alt=\"\">\r\n                            <\/a>\r\n                            \r\n                        <\/figure>\r\n                    <\/div>\r\n                    <div class = \"td-slide-item td-item10\">\r\n                        <figure class=\"td-slide-galery-figure td-slide-popup-gallery\">\r\n                            <a class=\"slide-gallery-image-link\" href=\"\/wp-content\/uploads\/sites\/5\/2026\/03\/Dia-Mundial-del-Rinon-IGSS-Plaza-de-la-Constitucion-11.jpg\" title=\"Dia Mundial del Rinon IGSS Plaza de la Constitucion-11\"  data-caption=\"\"  data-description=\"\">\r\n                                <img decoding=\"async\" src=\"\/wp-content\/uploads\/sites\/5\/2026\/03\/Dia-Mundial-del-Rinon-IGSS-Plaza-de-la-Constitucion-11-630x420.jpg\" srcset=\"\/wp-content\/uploads\/sites\/5\/2026\/03\/Dia-Mundial-del-Rinon-IGSS-Plaza-de-la-Constitucion-11-630x420.jpg 630w, \/wp-content\/uploads\/sites\/5\/2026\/03\/Dia-Mundial-del-Rinon-IGSS-Plaza-de-la-Constitucion-11-300x200.jpg 300w, \/wp-content\/uploads\/sites\/5\/2026\/03\/Dia-Mundial-del-Rinon-IGSS-Plaza-de-la-Constitucion-11-1024x683.jpg 1024w, \/wp-content\/uploads\/sites\/5\/2026\/03\/Dia-Mundial-del-Rinon-IGSS-Plaza-de-la-Constitucion-11-768x512.jpg 768w, \/wp-content\/uploads\/sites\/5\/2026\/03\/Dia-Mundial-del-Rinon-IGSS-Plaza-de-la-Constitucion-11-1536x1024.jpg 1536w, \/wp-content\/uploads\/sites\/5\/2026\/03\/Dia-Mundial-del-Rinon-IGSS-Plaza-de-la-Constitucion-11-696x464.jpg 696w, \/wp-content\/uploads\/sites\/5\/2026\/03\/Dia-Mundial-del-Rinon-IGSS-Plaza-de-la-Constitucion-11-1068x712.jpg 1068w, \/wp-content\/uploads\/sites\/5\/2026\/03\/Dia-Mundial-del-Rinon-IGSS-Plaza-de-la-Constitucion-11-534x356.jpg 534w, \/wp-content\/uploads\/sites\/5\/2026\/03\/Dia-Mundial-del-Rinon-IGSS-Plaza-de-la-Constitucion-11.jpg 1599w\" sizes=\"(max-width: 630px) 100vw, 630px\" alt=\"\">\r\n                            <\/a>\r\n                            \r\n                        <\/figure>\r\n                    <\/div>\r\n                    <div class = \"td-slide-item td-item11\">\r\n                        <figure class=\"td-slide-galery-figure td-slide-popup-gallery\">\r\n                            <a class=\"slide-gallery-image-link\" href=\"\/wp-content\/uploads\/sites\/5\/2026\/03\/Dia-Mundial-del-Rinon-IGSS-Plaza-de-la-Constitucion-12.jpg\" title=\"Dia Mundial del Rinon IGSS Plaza de la Constitucion-12\"  data-caption=\"\"  data-description=\"\">\r\n                                <img decoding=\"async\" src=\"\/wp-content\/uploads\/sites\/5\/2026\/03\/Dia-Mundial-del-Rinon-IGSS-Plaza-de-la-Constitucion-12-630x420.jpg\" srcset=\"\/wp-content\/uploads\/sites\/5\/2026\/03\/Dia-Mundial-del-Rinon-IGSS-Plaza-de-la-Constitucion-12-630x420.jpg 630w, \/wp-content\/uploads\/sites\/5\/2026\/03\/Dia-Mundial-del-Rinon-IGSS-Plaza-de-la-Constitucion-12-300x200.jpg 300w, \/wp-content\/uploads\/sites\/5\/2026\/03\/Dia-Mundial-del-Rinon-IGSS-Plaza-de-la-Constitucion-12-1024x683.jpg 1024w, \/wp-content\/uploads\/sites\/5\/2026\/03\/Dia-Mundial-del-Rinon-IGSS-Plaza-de-la-Constitucion-12-768x512.jpg 768w, \/wp-content\/uploads\/sites\/5\/2026\/03\/Dia-Mundial-del-Rinon-IGSS-Plaza-de-la-Constitucion-12-1536x1024.jpg 1536w, \/wp-content\/uploads\/sites\/5\/2026\/03\/Dia-Mundial-del-Rinon-IGSS-Plaza-de-la-Constitucion-12-696x464.jpg 696w, \/wp-content\/uploads\/sites\/5\/2026\/03\/Dia-Mundial-del-Rinon-IGSS-Plaza-de-la-Constitucion-12-1068x712.jpg 1068w, \/wp-content\/uploads\/sites\/5\/2026\/03\/Dia-Mundial-del-Rinon-IGSS-Plaza-de-la-Constitucion-12-534x356.jpg 534w, \/wp-content\/uploads\/sites\/5\/2026\/03\/Dia-Mundial-del-Rinon-IGSS-Plaza-de-la-Constitucion-12.jpg 1599w\" sizes=\"(max-width: 630px) 100vw, 630px\" alt=\"\">\r\n                            <\/a>\r\n                            \r\n                        <\/figure>\r\n                    <\/div>\r\n                    <div class = \"td-slide-item td-item12\">\r\n                        <figure class=\"td-slide-galery-figure td-slide-popup-gallery\">\r\n                            <a class=\"slide-gallery-image-link\" href=\"\/wp-content\/uploads\/sites\/5\/2026\/03\/Dia-Mundial-del-Rinon-IGSS-Plaza-de-la-Constitucion-13.jpg\" title=\"Dia Mundial del Rinon IGSS Plaza de la Constitucion-13\"  data-caption=\"\"  data-description=\"\">\r\n                                <img decoding=\"async\" src=\"\/wp-content\/uploads\/sites\/5\/2026\/03\/Dia-Mundial-del-Rinon-IGSS-Plaza-de-la-Constitucion-13-630x420.jpg\" srcset=\"\/wp-content\/uploads\/sites\/5\/2026\/03\/Dia-Mundial-del-Rinon-IGSS-Plaza-de-la-Constitucion-13-630x420.jpg 630w, \/wp-content\/uploads\/sites\/5\/2026\/03\/Dia-Mundial-del-Rinon-IGSS-Plaza-de-la-Constitucion-13-300x200.jpg 300w, \/wp-content\/uploads\/sites\/5\/2026\/03\/Dia-Mundial-del-Rinon-IGSS-Plaza-de-la-Constitucion-13-1024x683.jpg 1024w, \/wp-content\/uploads\/sites\/5\/2026\/03\/Dia-Mundial-del-Rinon-IGSS-Plaza-de-la-Constitucion-13-768x512.jpg 768w, \/wp-content\/uploads\/sites\/5\/2026\/03\/Dia-Mundial-del-Rinon-IGSS-Plaza-de-la-Constitucion-13-1536x1024.jpg 1536w, \/wp-content\/uploads\/sites\/5\/2026\/03\/Dia-Mundial-del-Rinon-IGSS-Plaza-de-la-Constitucion-13-696x464.jpg 696w, \/wp-content\/uploads\/sites\/5\/2026\/03\/Dia-Mundial-del-Rinon-IGSS-Plaza-de-la-Constitucion-13-1068x712.jpg 1068w, \/wp-content\/uploads\/sites\/5\/2026\/03\/Dia-Mundial-del-Rinon-IGSS-Plaza-de-la-Constitucion-13-534x356.jpg 534w, \/wp-content\/uploads\/sites\/5\/2026\/03\/Dia-Mundial-del-Rinon-IGSS-Plaza-de-la-Constitucion-13.jpg 1599w\" sizes=\"(max-width: 630px) 100vw, 630px\" alt=\"\">\r\n                            <\/a>\r\n                            \r\n                        <\/figure>\r\n                    <\/div>\r\n                    <div class = \"td-slide-item td-item13\">\r\n                        <figure class=\"td-slide-galery-figure td-slide-popup-gallery\">\r\n                            <a class=\"slide-gallery-image-link\" href=\"\/wp-content\/uploads\/sites\/5\/2026\/03\/Dia-Mundial-del-Rinon-IGSS-Plaza-de-la-Constitucion-15.jpg\" title=\"Dia Mundial del Rinon IGSS Plaza de la Constitucion-15\"  data-caption=\"\"  data-description=\"\">\r\n                                <img decoding=\"async\" src=\"\/wp-content\/uploads\/sites\/5\/2026\/03\/Dia-Mundial-del-Rinon-IGSS-Plaza-de-la-Constitucion-15-630x420.jpg\" srcset=\"\/wp-content\/uploads\/sites\/5\/2026\/03\/Dia-Mundial-del-Rinon-IGSS-Plaza-de-la-Constitucion-15-630x420.jpg 630w, \/wp-content\/uploads\/sites\/5\/2026\/03\/Dia-Mundial-del-Rinon-IGSS-Plaza-de-la-Constitucion-15-300x200.jpg 300w, \/wp-content\/uploads\/sites\/5\/2026\/03\/Dia-Mundial-del-Rinon-IGSS-Plaza-de-la-Constitucion-15-1024x683.jpg 1024w, \/wp-content\/uploads\/sites\/5\/2026\/03\/Dia-Mundial-del-Rinon-IGSS-Plaza-de-la-Constitucion-15-768x512.jpg 768w, \/wp-content\/uploads\/sites\/5\/2026\/03\/Dia-Mundial-del-Rinon-IGSS-Plaza-de-la-Constitucion-15-1536x1024.jpg 1536w, \/wp-content\/uploads\/sites\/5\/2026\/03\/Dia-Mundial-del-Rinon-IGSS-Plaza-de-la-Constitucion-15-696x464.jpg 696w, \/wp-content\/uploads\/sites\/5\/2026\/03\/Dia-Mundial-del-Rinon-IGSS-Plaza-de-la-Constitucion-15-1068x712.jpg 1068w, \/wp-content\/uploads\/sites\/5\/2026\/03\/Dia-Mundial-del-Rinon-IGSS-Plaza-de-la-Constitucion-15-534x356.jpg 534w, \/wp-content\/uploads\/sites\/5\/2026\/03\/Dia-Mundial-del-Rinon-IGSS-Plaza-de-la-Constitucion-15.jpg 1599w\" sizes=\"(max-width: 630px) 100vw, 630px\" alt=\"\">\r\n                            <\/a>\r\n                            \r\n                        <\/figure>\r\n                    <\/div>\r\n                            <\/div>\r\n                        <\/div>\r\n\r\n                        <div class = \"td-doubleSlider-2\">\r\n                            <div class = \"td-slider\">\r\n                                \r\n                    <div class = \"td-button td-item1\">\r\n                        <div class = \"td-border\"><\/div>\r\n                    <\/div>\r\n                    <div class = \"td-button td-item2\">\r\n                        <div class = \"td-border\"><\/div>\r\n                    <\/div>\r\n                    <div class = \"td-button td-item3\">\r\n                        <div class = \"td-border\"><\/div>\r\n                    <\/div>\r\n                    <div class = \"td-button td-item4\">\r\n                        <div class = \"td-border\"><\/div>\r\n                    <\/div>\r\n                    <div class = \"td-button td-item5\">\r\n                        <div class = \"td-border\"><\/div>\r\n                    <\/div>\r\n                    <div class = \"td-button td-item6\">\r\n                        <div class = \"td-border\"><\/div>\r\n                    <\/div>\r\n                    <div class = \"td-button td-item7\">\r\n                        <div class = \"td-border\"><\/div>\r\n                    <\/div>\r\n                    <div class = \"td-button td-item8\">\r\n                        <div class = \"td-border\"><\/div>\r\n                    <\/div>\r\n                    <div class = \"td-button td-item9\">\r\n                        <div class = \"td-border\"><\/div>\r\n                    <\/div>\r\n                    <div class = \"td-button td-item10\">\r\n                        <div class = \"td-border\"><\/div>\r\n                    <\/div>\r\n                    <div class = \"td-button td-item11\">\r\n                        <div class = \"td-border\"><\/div>\r\n                    <\/div>\r\n                    <div class = \"td-button td-item12\">\r\n                        <div class = \"td-border\"><\/div>\r\n                    <\/div>\r\n                    <div class = \"td-button td-item13\">\r\n                        <div class = \"td-border\"><\/div>\r\n                    <\/div>\r\n                            <\/div>\r\n                        <\/div>\r\n\r\n                    <\/div>\r\n\r\n                <\/div>\r\n                ","protected":false},"excerpt":{"rendered":"<p>Como parte de las acciones de prevenci\u00f3n y promoci\u00f3n de la salud, esta jornada acerca a la poblaci\u00f3n servicios m\u00e9dicos y orientaci\u00f3n especializada sobre el cuidado renal, permitiendo a los ciudadanos recibir atenci\u00f3n sin costo y conocer la importancia de identificar a tiempo posibles afecciones en los ri\u00f1ones.<\/p>\n","protected":false},"author":4,"featured_media":54475,"comment_status":"closed","ping_status":"closed","sticky":false,"template":"","format":"standard","meta":{"footnotes":""},"categories":[3],"tags":[2053,2672],"coauthors":[881],"class_list":{"0":"post-54474","1":"post","2":"type-post","3":"status-publish","4":"format-standard","5":"has-post-thumbnail","7":"category-actualidad","8":"tag-dia-mundial-del-rinon-2","9":"tag-dr-miguel-angel-castillo"},"_links":{"self":[{"href":"https:\/\/www.igssgt.org\/noticias\/wp-json\/wp\/v2\/posts\/54474","targetHints":{"allow":["GET"]}}],"collection":[{"href":"https:\/\/www.igssgt.org\/noticias\/wp-json\/wp\/v2\/posts"}],"about":[{"href":"https:\/\/www.igssgt.org\/noticias\/wp-json\/wp\/v2\/types\/post"}],"author":[{"embeddable":true,"href":"https:\/\/www.igssgt.org\/noticias\/wp-json\/wp\/v2\/users\/4"}],"replies":[{"embeddable":true,"href":"https:\/\/www.igssgt.org\/noticias\/wp-json\/wp\/v2\/comments?post=54474"}],"version-history":[{"count":1,"href":"https:\/\/www.igssgt.org\/noticias\/wp-json\/wp\/v2\/posts\/54474\/revisions"}],"predecessor-version":[{"id":54490,"href":"https:\/\/www.igssgt.org\/noticias\/wp-json\/wp\/v2\/posts\/54474\/revisions\/54490"}],"wp:featuredmedia":[{"embeddable":true,"href":"https:\/\/www.igssgt.org\/noticias\/wp-json\/wp\/v2\/media\/54475"}],"wp:attachment":[{"href":"https:\/\/www.igssgt.org\/noticias\/wp-json\/wp\/v2\/media?parent=54474"}],"wp:term":[{"taxonomy":"category","embeddable":true,"href":"https:\/\/www.igssgt.org\/noticias\/wp-json\/wp\/v2\/categories?post=54474"},{"taxonomy":"post_tag","embeddable":true,"href":"https:\/\/www.igssgt.org\/noticias\/wp-json\/wp\/v2\/tags?post=54474"},{"taxonomy":"author","embeddable":true,"href":"https:\/\/www.igssgt.org\/noticias\/wp-json\/wp\/v2\/coauthors?post=54474"}],"curies":[{"name":"wp","href":"https:\/\/api.w.org\/{rel}","templated":true}]}}