{"id":5454,"date":"2018-06-19T14:38:04","date_gmt":"2018-06-19T20:38:04","guid":{"rendered":"http:\/\/noticias.igssgt.org\/?p=5454"},"modified":"2018-06-19T14:38:04","modified_gmt":"2018-06-19T20:38:04","slug":"aumenta-el-numero-de-victimas-de-percances-en-moto","status":"publish","type":"post","link":"https:\/\/www.igssgt.org\/noticias\/2018\/06\/19\/aumenta-el-numero-de-victimas-de-percances-en-moto\/","title":{"rendered":"Aumenta el n\u00famero de v\u00edctimas por percances en moto"},"content":{"rendered":"<p><a href=\"\/noticias\/wp-content\/uploads\/sites\/5\/2018\/06\/Aumentan-victimas-de-accidentes-en-motocicleta-3.jpg\"><img loading=\"lazy\" decoding=\"async\" class=\"alignnone size-full wp-image-5457\" src=\"\/noticias\/wp-content\/uploads\/sites\/5\/2018\/06\/Aumentan-victimas-de-accidentes-en-motocicleta-3.jpg\" alt=\"\" width=\"1860\" height=\"1240\" srcset=\"\/wp-content\/uploads\/sites\/5\/2018\/06\/Aumentan-victimas-de-accidentes-en-motocicleta-3.jpg 1860w, \/wp-content\/uploads\/sites\/5\/2018\/06\/Aumentan-victimas-de-accidentes-en-motocicleta-3-1536x1024.jpg 1536w, \/wp-content\/uploads\/sites\/5\/2018\/06\/Aumentan-victimas-de-accidentes-en-motocicleta-3-300x200.jpg 300w, \/wp-content\/uploads\/sites\/5\/2018\/06\/Aumentan-victimas-de-accidentes-en-motocicleta-3-768x512.jpg 768w, \/wp-content\/uploads\/sites\/5\/2018\/06\/Aumentan-victimas-de-accidentes-en-motocicleta-3-1024x683.jpg 1024w, \/wp-content\/uploads\/sites\/5\/2018\/06\/Aumentan-victimas-de-accidentes-en-motocicleta-3-630x420.jpg 630w, \/wp-content\/uploads\/sites\/5\/2018\/06\/Aumentan-victimas-de-accidentes-en-motocicleta-3-696x464.jpg 696w, \/wp-content\/uploads\/sites\/5\/2018\/06\/Aumentan-victimas-de-accidentes-en-motocicleta-3-1068x712.jpg 1068w, \/wp-content\/uploads\/sites\/5\/2018\/06\/Aumentan-victimas-de-accidentes-en-motocicleta-3-534x356.jpg 534w\" sizes=\"auto, (max-width: 1860px) 100vw, 1860px\" \/><\/a><\/p>\n<p>Un considerable incremento en el n\u00famero de pacientes v\u00edctimas de percances en motocicleta se registr\u00f3 en el Hospital General de Accidentes Ceibal durante los primeros cinco meses del 2018 en comparaci\u00f3n con el mismo periodo del a\u00f1o anterior, inform\u00f3 el doctor Oscar Palma jefe de la emergencia<\/p>\n<p>Seg\u00fan los registros oficiales del hospital, de enero a mayo de 2018 se atendi\u00f3 a un total de 6,208 personas, de estos 4,715 eran conductores, mientras que el resto eran acompa\u00f1antes o peatones, explic\u00f3 el doctor Palma.<\/p>\n<p>En ese mismo periodo, el a\u00f1o pasado la emergencia de este centro asistencial atendi\u00f3 a 5,420 personas lesionadas en accidentes de moto, o sea que en comparaci\u00f3n con la cifra registrada este a\u00f1o se da un aumento de 788 v\u00edctimas, inform\u00f3 el profesional.<\/p>\n<p>La estad\u00edstica oficial del hospital indica que los tres principales diagn\u00f3sticos en estos casos son los traumatismos, fracturas en miembros inferiores y superiores, as\u00ed como las contusiones.<\/p>\n<p>Las cifras van en aumento, y la principal causa es la irresponsabilidad de los conductores pues un alto porcentaje de los percances est\u00e1 vinculados al exceso de velocidad, por no usar el equipo protector necesario, as\u00ed como por el consumo de licor o alguna de droga, puntualiz\u00f3 doctor Palma.<\/p>\n\r\n                <style type=\"text\/css\">\r\n                    \r\n                    #tdi_1  .td-doubleSlider-2 .td-item1 {\r\n                        background: url(\/wp-content\/uploads\/sites\/5\/2018\/06\/Aumentan-victimas-de-accidentes-en-motocicleta-1-80x60.jpg) 0 0 no-repeat;\r\n                    }\r\n                    #tdi_1  .td-doubleSlider-2 .td-item2 {\r\n                        background: url(\/wp-content\/uploads\/sites\/5\/2018\/06\/Aumentan-victimas-de-accidentes-en-motocicleta-3-80x60.jpg) 0 0 no-repeat;\r\n                    }\r\n                    #tdi_1  .td-doubleSlider-2 .td-item3 {\r\n                        background: url(\/wp-content\/uploads\/sites\/5\/2018\/06\/Aumentan-victimas-de-accidentes-en-motocicleta-4-80x60.jpg) 0 0 no-repeat;\r\n                    }\r\n                <\/style>\r\n\r\n                <div id=\"tdi_1\" class=\"td-gallery td-slide-on-2-columns\">\r\n                    <div class=\"post_td_gallery\">\r\n                        <div class=\"td-gallery-slide-top\">\r\n                           <div class=\"td-gallery-title\">Galer\u00eda de Im\u00e1genes<\/div>\r\n\r\n                            <div class=\"td-gallery-controls-wrapper\">\r\n                                <div class=\"td-gallery-slide-count\"><span class=\"td-gallery-slide-item-focus\">1<\/span> de 3<\/div>\r\n                                <div class=\"td-gallery-slide-prev-next-but\">\r\n                                    <i class = \"td-icon-left doubleSliderPrevButton\"><\/i>\r\n                                    <i class = \"td-icon-right doubleSliderNextButton\"><\/i>\r\n                                <\/div>\r\n                            <\/div>\r\n                        <\/div>\r\n\r\n                        <div class = \"td-doubleSlider-1 \">\r\n                            <div class = \"td-slider\">\r\n                                \r\n                    <div class = \"td-slide-item td-item1\">\r\n                        <figure class=\"td-slide-galery-figure td-slide-popup-gallery\">\r\n                            <a class=\"slide-gallery-image-link\" href=\"\/wp-content\/uploads\/sites\/5\/2018\/06\/Aumentan-victimas-de-accidentes-en-motocicleta-1.jpg\" title=\"Aumentan victimas de accidentes en motocicleta-1\"  data-caption=\"\"  data-description=\"\">\r\n                                <img decoding=\"async\" src=\"\/wp-content\/uploads\/sites\/5\/2018\/06\/Aumentan-victimas-de-accidentes-en-motocicleta-1-566x420.jpg\" srcset=\"\/wp-content\/uploads\/sites\/5\/2018\/06\/Aumentan-victimas-de-accidentes-en-motocicleta-1-566x420.jpg 566w, \/wp-content\/uploads\/sites\/5\/2018\/06\/Aumentan-victimas-de-accidentes-en-motocicleta-1-1536x1140.jpg 1536w, \/wp-content\/uploads\/sites\/5\/2018\/06\/Aumentan-victimas-de-accidentes-en-motocicleta-1-300x223.jpg 300w, \/wp-content\/uploads\/sites\/5\/2018\/06\/Aumentan-victimas-de-accidentes-en-motocicleta-1-768x570.jpg 768w, \/wp-content\/uploads\/sites\/5\/2018\/06\/Aumentan-victimas-de-accidentes-en-motocicleta-1-1024x760.jpg 1024w, \/wp-content\/uploads\/sites\/5\/2018\/06\/Aumentan-victimas-de-accidentes-en-motocicleta-1-80x60.jpg 80w, \/wp-content\/uploads\/sites\/5\/2018\/06\/Aumentan-victimas-de-accidentes-en-motocicleta-1-696x517.jpg 696w, \/wp-content\/uploads\/sites\/5\/2018\/06\/Aumentan-victimas-de-accidentes-en-motocicleta-1-1068x793.jpg 1068w, \/wp-content\/uploads\/sites\/5\/2018\/06\/Aumentan-victimas-de-accidentes-en-motocicleta-1-265x198.jpg 265w, \/wp-content\/uploads\/sites\/5\/2018\/06\/Aumentan-victimas-de-accidentes-en-motocicleta-1-534x396.jpg 534w, \/wp-content\/uploads\/sites\/5\/2018\/06\/Aumentan-victimas-de-accidentes-en-motocicleta-1.jpg 1902w\" sizes=\"(max-width: 566px) 100vw, 566px\" alt=\"\">\r\n                            <\/a>\r\n                            \r\n                        <\/figure>\r\n                    <\/div>\r\n                    <div class = \"td-slide-item td-item2\">\r\n                        <figure class=\"td-slide-galery-figure td-slide-popup-gallery\">\r\n                            <a class=\"slide-gallery-image-link\" href=\"\/wp-content\/uploads\/sites\/5\/2018\/06\/Aumentan-victimas-de-accidentes-en-motocicleta-3.jpg\" title=\"Aumentan victimas de accidentes en motocicleta-3\"  data-caption=\"\"  data-description=\"\">\r\n                                <img decoding=\"async\" src=\"\/wp-content\/uploads\/sites\/5\/2018\/06\/Aumentan-victimas-de-accidentes-en-motocicleta-3-630x420.jpg\" srcset=\"\/wp-content\/uploads\/sites\/5\/2018\/06\/Aumentan-victimas-de-accidentes-en-motocicleta-3-630x420.jpg 630w, \/wp-content\/uploads\/sites\/5\/2018\/06\/Aumentan-victimas-de-accidentes-en-motocicleta-3-1536x1024.jpg 1536w, \/wp-content\/uploads\/sites\/5\/2018\/06\/Aumentan-victimas-de-accidentes-en-motocicleta-3-300x200.jpg 300w, \/wp-content\/uploads\/sites\/5\/2018\/06\/Aumentan-victimas-de-accidentes-en-motocicleta-3-768x512.jpg 768w, \/wp-content\/uploads\/sites\/5\/2018\/06\/Aumentan-victimas-de-accidentes-en-motocicleta-3-1024x683.jpg 1024w, \/wp-content\/uploads\/sites\/5\/2018\/06\/Aumentan-victimas-de-accidentes-en-motocicleta-3-696x464.jpg 696w, \/wp-content\/uploads\/sites\/5\/2018\/06\/Aumentan-victimas-de-accidentes-en-motocicleta-3-1068x712.jpg 1068w, \/wp-content\/uploads\/sites\/5\/2018\/06\/Aumentan-victimas-de-accidentes-en-motocicleta-3-534x356.jpg 534w, \/wp-content\/uploads\/sites\/5\/2018\/06\/Aumentan-victimas-de-accidentes-en-motocicleta-3.jpg 1860w\" sizes=\"(max-width: 630px) 100vw, 630px\" alt=\"\">\r\n                            <\/a>\r\n                            \r\n                        <\/figure>\r\n                    <\/div>\r\n                    <div class = \"td-slide-item td-item3\">\r\n                        <figure class=\"td-slide-galery-figure td-slide-popup-gallery\">\r\n                            <a class=\"slide-gallery-image-link\" href=\"\/wp-content\/uploads\/sites\/5\/2018\/06\/Aumentan-victimas-de-accidentes-en-motocicleta-4.jpg\" title=\"Aumentan victimas de accidentes en motocicleta-4\"  data-caption=\"\"  data-description=\"\">\r\n                                <img decoding=\"async\" src=\"\/wp-content\/uploads\/sites\/5\/2018\/06\/Aumentan-victimas-de-accidentes-en-motocicleta-4-630x420.jpg\" srcset=\"\/wp-content\/uploads\/sites\/5\/2018\/06\/Aumentan-victimas-de-accidentes-en-motocicleta-4-630x420.jpg 630w, \/wp-content\/uploads\/sites\/5\/2018\/06\/Aumentan-victimas-de-accidentes-en-motocicleta-4-1536x1024.jpg 1536w, \/wp-content\/uploads\/sites\/5\/2018\/06\/Aumentan-victimas-de-accidentes-en-motocicleta-4-300x200.jpg 300w, \/wp-content\/uploads\/sites\/5\/2018\/06\/Aumentan-victimas-de-accidentes-en-motocicleta-4-768x512.jpg 768w, \/wp-content\/uploads\/sites\/5\/2018\/06\/Aumentan-victimas-de-accidentes-en-motocicleta-4-1024x683.jpg 1024w, \/wp-content\/uploads\/sites\/5\/2018\/06\/Aumentan-victimas-de-accidentes-en-motocicleta-4-696x464.jpg 696w, \/wp-content\/uploads\/sites\/5\/2018\/06\/Aumentan-victimas-de-accidentes-en-motocicleta-4-1068x712.jpg 1068w, \/wp-content\/uploads\/sites\/5\/2018\/06\/Aumentan-victimas-de-accidentes-en-motocicleta-4-534x356.jpg 534w, \/wp-content\/uploads\/sites\/5\/2018\/06\/Aumentan-victimas-de-accidentes-en-motocicleta-4-1920x1280.jpg 1920w, \/wp-content\/uploads\/sites\/5\/2018\/06\/Aumentan-victimas-de-accidentes-en-motocicleta-4.jpg 2048w\" sizes=\"(max-width: 630px) 100vw, 630px\" alt=\"\">\r\n                            <\/a>\r\n                            \r\n                        <\/figure>\r\n                    <\/div>\r\n                            <\/div>\r\n                        <\/div>\r\n\r\n                        <div class = \"td-doubleSlider-2\">\r\n                            <div class = \"td-slider\">\r\n                                \r\n                    <div class = \"td-button td-item1\">\r\n                        <div class = \"td-border\"><\/div>\r\n                    <\/div>\r\n                    <div class = \"td-button td-item2\">\r\n                        <div class = \"td-border\"><\/div>\r\n                    <\/div>\r\n                    <div class = \"td-button td-item3\">\r\n                        <div class = \"td-border\"><\/div>\r\n                    <\/div>\r\n                            <\/div>\r\n                        <\/div>\r\n\r\n                    <\/div>\r\n\r\n                <\/div>\r\n                \n<hr \/>\n<p>&nbsp;<\/p>\n","protected":false},"excerpt":{"rendered":"<p>Un considerable incremento en el n\u00famero de pacientes v\u00edctimas de percances en motocicleta se registr\u00f3 en el Hospital General de Accidentes Ceibal durante los primeros cinco meses del 2018 en comparaci\u00f3n con el mismo periodo del a\u00f1o anterior, inform\u00f3 el doctor Oscar Palma jefe de la emergencia Seg\u00fan los registros oficiales del hospital, de enero [&hellip;]<\/p>\n","protected":false},"author":4,"featured_media":5455,"comment_status":"open","ping_status":"open","sticky":false,"template":"","format":"standard","meta":{"footnotes":""},"categories":[3,29,36],"tags":[326,480,490],"coauthors":[],"class_list":{"0":"post-5454","1":"post","2":"type-post","3":"status-publish","4":"format-standard","5":"has-post-thumbnail","7":"category-actualidad","8":"category-publicaciones","9":"category-unidades-medicas","10":"tag-dr-oscar-palma","11":"tag-hospital-general-de-accidentes-ceibal","12":"tag-igss"},"_links":{"self":[{"href":"https:\/\/www.igssgt.org\/noticias\/wp-json\/wp\/v2\/posts\/5454","targetHints":{"allow":["GET"]}}],"collection":[{"href":"https:\/\/www.igssgt.org\/noticias\/wp-json\/wp\/v2\/posts"}],"about":[{"href":"https:\/\/www.igssgt.org\/noticias\/wp-json\/wp\/v2\/types\/post"}],"author":[{"embeddable":true,"href":"https:\/\/www.igssgt.org\/noticias\/wp-json\/wp\/v2\/users\/4"}],"replies":[{"embeddable":true,"href":"https:\/\/www.igssgt.org\/noticias\/wp-json\/wp\/v2\/comments?post=5454"}],"version-history":[{"count":0,"href":"https:\/\/www.igssgt.org\/noticias\/wp-json\/wp\/v2\/posts\/5454\/revisions"}],"wp:featuredmedia":[{"embeddable":true,"href":"https:\/\/www.igssgt.org\/noticias\/wp-json\/wp\/v2\/media\/5455"}],"wp:attachment":[{"href":"https:\/\/www.igssgt.org\/noticias\/wp-json\/wp\/v2\/media?parent=5454"}],"wp:term":[{"taxonomy":"category","embeddable":true,"href":"https:\/\/www.igssgt.org\/noticias\/wp-json\/wp\/v2\/categories?post=5454"},{"taxonomy":"post_tag","embeddable":true,"href":"https:\/\/www.igssgt.org\/noticias\/wp-json\/wp\/v2\/tags?post=5454"},{"taxonomy":"author","embeddable":true,"href":"https:\/\/www.igssgt.org\/noticias\/wp-json\/wp\/v2\/coauthors?post=5454"}],"curies":[{"name":"wp","href":"https:\/\/api.w.org\/{rel}","templated":true}]}}