{"id":5497,"date":"2018-06-25T16:47:15","date_gmt":"2018-06-25T22:47:15","guid":{"rendered":"http:\/\/noticias.igssgt.org\/?p=5497"},"modified":"2018-06-25T16:47:15","modified_gmt":"2018-06-25T22:47:15","slug":"hospital-general-de-accidentes-del-igss-reporta-que-mas-hombres-sufren-trauma-de-craneo","status":"publish","type":"post","link":"https:\/\/www.igssgt.org\/noticias\/2018\/06\/25\/hospital-general-de-accidentes-del-igss-reporta-que-mas-hombres-sufren-trauma-de-craneo\/","title":{"rendered":"Hospital General de Accidentes del IGSS reporta que m\u00e1s hombres sufren trauma de cr\u00e1neo"},"content":{"rendered":"<p><a href=\"\/noticias\/wp-content\/uploads\/sites\/5\/2018\/06\/Trauma-de-craneo-emergencia-hospital-general-de-accidentes-igss-2.jpg\"><img loading=\"lazy\" decoding=\"async\" class=\"alignnone size-full wp-image-5498\" src=\"\/noticias\/wp-content\/uploads\/sites\/5\/2018\/06\/Trauma-de-craneo-emergencia-hospital-general-de-accidentes-igss-2.jpg\" alt=\"\" width=\"842\" height=\"613\" srcset=\"\/wp-content\/uploads\/sites\/5\/2018\/06\/Trauma-de-craneo-emergencia-hospital-general-de-accidentes-igss-2.jpg 842w, \/wp-content\/uploads\/sites\/5\/2018\/06\/Trauma-de-craneo-emergencia-hospital-general-de-accidentes-igss-2-300x218.jpg 300w, \/wp-content\/uploads\/sites\/5\/2018\/06\/Trauma-de-craneo-emergencia-hospital-general-de-accidentes-igss-2-768x559.jpg 768w, \/wp-content\/uploads\/sites\/5\/2018\/06\/Trauma-de-craneo-emergencia-hospital-general-de-accidentes-igss-2-577x420.jpg 577w, \/wp-content\/uploads\/sites\/5\/2018\/06\/Trauma-de-craneo-emergencia-hospital-general-de-accidentes-igss-2-696x507.jpg 696w, \/wp-content\/uploads\/sites\/5\/2018\/06\/Trauma-de-craneo-emergencia-hospital-general-de-accidentes-igss-2-324x235.jpg 324w, \/wp-content\/uploads\/sites\/5\/2018\/06\/Trauma-de-craneo-emergencia-hospital-general-de-accidentes-igss-2-534x389.jpg 534w\" sizes=\"auto, (max-width: 842px) 100vw, 842px\" \/><\/a><\/p>\n<p>Un 66 por ciento de los traumas de cr\u00e1neo atendidos en el Hospital General de Accidentes Ceibal corresponden a hombres. Las lesiones van de leves a severas y su diagn\u00f3stico tiene como causa un fuerte golpe en la cabeza tras pegar contra un objeto, indic\u00f3 el doctor Oscar Palma, jefe de la emergencia de este centro asistencial.<\/p>\n<p>A decir del especialista, de los 429 traumas de cr\u00e1neo que llegaron a la emergencia en mayo, 285 correspondieron a\u00a0<span class=\"text_exposed_show\">hombres, las lesiones se derivaron de accidentes entre los que destacan los percances en motocicleta sin portar casco de protecci\u00f3n.<\/span><\/p>\n<div class=\"text_exposed_show\">\n<p>Los menores no escapan de este diagn\u00f3stico pues seg\u00fan los registros oficiales del hospital en el citado mes se registraron 45 casos, de estos 28 fueron varones.<\/p>\n<p>Esta emergencia cuenta con especialistas en traumatolog\u00eda, ortopedia y cirug\u00eda para la atenci\u00f3n de estos casos, pero derivado de este tipo de lesiones tambi\u00e9n intervienen profesionales en oftalmolog\u00eda, maxilofacial, cirug\u00eda pl\u00e1stica, siquiatr\u00eda, neurocirug\u00eda y ortopedia pedi\u00e1trica, pues en la mayor\u00eda de los casos los pacientes requieren de la participaci\u00f3n de un equipo multidisciplinario.<\/p>\n\r\n                <style type=\"text\/css\">\r\n                    \r\n                    #tdi_1  .td-doubleSlider-2 .td-item1 {\r\n                        background: url(\/wp-content\/uploads\/sites\/5\/2018\/06\/Trauma-de-craneo-emergencia-hospital-general-de-accidentes-igss-1-80x60.jpg) 0 0 no-repeat;\r\n                    }\r\n                    #tdi_1  .td-doubleSlider-2 .td-item2 {\r\n                        background: url(\/wp-content\/uploads\/sites\/5\/2018\/06\/Trauma-de-craneo-emergencia-hospital-general-de-accidentes-igss-3-80x60.jpg) 0 0 no-repeat;\r\n                    }\r\n                    #tdi_1  .td-doubleSlider-2 .td-item3 {\r\n                        background: url(\/wp-content\/uploads\/sites\/5\/2018\/06\/Trauma-de-craneo-emergencia-hospital-general-de-accidentes-igss-2-80x60.jpg) 0 0 no-repeat;\r\n                    }\r\n                    #tdi_1  .td-doubleSlider-2 .td-item4 {\r\n                        background: url(\/wp-content\/uploads\/sites\/5\/2018\/06\/Trauma-de-craneo-emergencia-hospital-general-de-accidentes-igss-4-80x60.jpg) 0 0 no-repeat;\r\n                    }\r\n                <\/style>\r\n\r\n                <div id=\"tdi_1\" class=\"td-gallery td-slide-on-2-columns\">\r\n                    <div class=\"post_td_gallery\">\r\n                        <div class=\"td-gallery-slide-top\">\r\n                           <div class=\"td-gallery-title\"><\/div>\r\n\r\n                            <div class=\"td-gallery-controls-wrapper\">\r\n                                <div class=\"td-gallery-slide-count\"><span class=\"td-gallery-slide-item-focus\">1<\/span> de 4<\/div>\r\n                                <div class=\"td-gallery-slide-prev-next-but\">\r\n                                    <i class = \"td-icon-left doubleSliderPrevButton\"><\/i>\r\n                                    <i class = \"td-icon-right doubleSliderNextButton\"><\/i>\r\n                                <\/div>\r\n                            <\/div>\r\n                        <\/div>\r\n\r\n                        <div class = \"td-doubleSlider-1 \">\r\n                            <div class = \"td-slider\">\r\n                                \r\n                    <div class = \"td-slide-item td-item1\">\r\n                        <figure class=\"td-slide-galery-figure td-slide-popup-gallery\">\r\n                            <a class=\"slide-gallery-image-link\" href=\"\/wp-content\/uploads\/sites\/5\/2018\/06\/Trauma-de-craneo-emergencia-hospital-general-de-accidentes-igss-1.jpg\" title=\"Trauma de craneo emergencia hospital general de accidentes igss-1\"  data-caption=\"\"  data-description=\"\">\r\n                                <img decoding=\"async\" src=\"\/wp-content\/uploads\/sites\/5\/2018\/06\/Trauma-de-craneo-emergencia-hospital-general-de-accidentes-igss-1-630x420.jpg\" srcset=\"\/wp-content\/uploads\/sites\/5\/2018\/06\/Trauma-de-craneo-emergencia-hospital-general-de-accidentes-igss-1-630x420.jpg 630w, \/wp-content\/uploads\/sites\/5\/2018\/06\/Trauma-de-craneo-emergencia-hospital-general-de-accidentes-igss-1-300x200.jpg 300w, \/wp-content\/uploads\/sites\/5\/2018\/06\/Trauma-de-craneo-emergencia-hospital-general-de-accidentes-igss-1-768x512.jpg 768w, \/wp-content\/uploads\/sites\/5\/2018\/06\/Trauma-de-craneo-emergencia-hospital-general-de-accidentes-igss-1-696x464.jpg 696w, \/wp-content\/uploads\/sites\/5\/2018\/06\/Trauma-de-craneo-emergencia-hospital-general-de-accidentes-igss-1-534x356.jpg 534w, \/wp-content\/uploads\/sites\/5\/2018\/06\/Trauma-de-craneo-emergencia-hospital-general-de-accidentes-igss-1.jpg 960w\" sizes=\"(max-width: 630px) 100vw, 630px\" alt=\"\">\r\n                            <\/a>\r\n                            \r\n                        <\/figure>\r\n                    <\/div>\r\n                    <div class = \"td-slide-item td-item2\">\r\n                        <figure class=\"td-slide-galery-figure td-slide-popup-gallery\">\r\n                            <a class=\"slide-gallery-image-link\" href=\"\/wp-content\/uploads\/sites\/5\/2018\/06\/Trauma-de-craneo-emergencia-hospital-general-de-accidentes-igss-3.jpg\" title=\"Trauma de craneo emergencia hospital general de accidentes igss-3\"  data-caption=\"\"  data-description=\"\">\r\n                                <img decoding=\"async\" src=\"\/wp-content\/uploads\/sites\/5\/2018\/06\/Trauma-de-craneo-emergencia-hospital-general-de-accidentes-igss-3-630x420.jpg\" srcset=\"\/wp-content\/uploads\/sites\/5\/2018\/06\/Trauma-de-craneo-emergencia-hospital-general-de-accidentes-igss-3-630x420.jpg 630w, \/wp-content\/uploads\/sites\/5\/2018\/06\/Trauma-de-craneo-emergencia-hospital-general-de-accidentes-igss-3-300x200.jpg 300w, \/wp-content\/uploads\/sites\/5\/2018\/06\/Trauma-de-craneo-emergencia-hospital-general-de-accidentes-igss-3-768x512.jpg 768w, \/wp-content\/uploads\/sites\/5\/2018\/06\/Trauma-de-craneo-emergencia-hospital-general-de-accidentes-igss-3-696x464.jpg 696w, \/wp-content\/uploads\/sites\/5\/2018\/06\/Trauma-de-craneo-emergencia-hospital-general-de-accidentes-igss-3-534x356.jpg 534w, \/wp-content\/uploads\/sites\/5\/2018\/06\/Trauma-de-craneo-emergencia-hospital-general-de-accidentes-igss-3.jpg 960w\" sizes=\"(max-width: 630px) 100vw, 630px\" alt=\"\">\r\n                            <\/a>\r\n                            \r\n                        <\/figure>\r\n                    <\/div>\r\n                    <div class = \"td-slide-item td-item3\">\r\n                        <figure class=\"td-slide-galery-figure td-slide-popup-gallery\">\r\n                            <a class=\"slide-gallery-image-link\" href=\"\/wp-content\/uploads\/sites\/5\/2018\/06\/Trauma-de-craneo-emergencia-hospital-general-de-accidentes-igss-2.jpg\" title=\"Trauma de craneo emergencia hospital general de accidentes igss-2\"  data-caption=\"\"  data-description=\"\">\r\n                                <img decoding=\"async\" src=\"\/wp-content\/uploads\/sites\/5\/2018\/06\/Trauma-de-craneo-emergencia-hospital-general-de-accidentes-igss-2-577x420.jpg\" srcset=\"\/wp-content\/uploads\/sites\/5\/2018\/06\/Trauma-de-craneo-emergencia-hospital-general-de-accidentes-igss-2-577x420.jpg 577w, \/wp-content\/uploads\/sites\/5\/2018\/06\/Trauma-de-craneo-emergencia-hospital-general-de-accidentes-igss-2-300x218.jpg 300w, \/wp-content\/uploads\/sites\/5\/2018\/06\/Trauma-de-craneo-emergencia-hospital-general-de-accidentes-igss-2-768x559.jpg 768w, \/wp-content\/uploads\/sites\/5\/2018\/06\/Trauma-de-craneo-emergencia-hospital-general-de-accidentes-igss-2-696x507.jpg 696w, \/wp-content\/uploads\/sites\/5\/2018\/06\/Trauma-de-craneo-emergencia-hospital-general-de-accidentes-igss-2-324x235.jpg 324w, \/wp-content\/uploads\/sites\/5\/2018\/06\/Trauma-de-craneo-emergencia-hospital-general-de-accidentes-igss-2-534x389.jpg 534w, \/wp-content\/uploads\/sites\/5\/2018\/06\/Trauma-de-craneo-emergencia-hospital-general-de-accidentes-igss-2.jpg 842w\" sizes=\"(max-width: 577px) 100vw, 577px\" alt=\"\">\r\n                            <\/a>\r\n                            \r\n                        <\/figure>\r\n                    <\/div>\r\n                    <div class = \"td-slide-item td-item4\">\r\n                        <figure class=\"td-slide-galery-figure td-slide-popup-gallery\">\r\n                            <a class=\"slide-gallery-image-link\" href=\"\/wp-content\/uploads\/sites\/5\/2018\/06\/Trauma-de-craneo-emergencia-hospital-general-de-accidentes-igss-4.jpg\" title=\"Trauma de craneo emergencia hospital general de accidentes igss-4\"  data-caption=\"\"  data-description=\"\">\r\n                                <img decoding=\"async\" src=\"\/wp-content\/uploads\/sites\/5\/2018\/06\/Trauma-de-craneo-emergencia-hospital-general-de-accidentes-igss-4-630x420.jpg\" srcset=\"\/wp-content\/uploads\/sites\/5\/2018\/06\/Trauma-de-craneo-emergencia-hospital-general-de-accidentes-igss-4-630x420.jpg 630w, \/wp-content\/uploads\/sites\/5\/2018\/06\/Trauma-de-craneo-emergencia-hospital-general-de-accidentes-igss-4-300x200.jpg 300w, \/wp-content\/uploads\/sites\/5\/2018\/06\/Trauma-de-craneo-emergencia-hospital-general-de-accidentes-igss-4-768x512.jpg 768w, \/wp-content\/uploads\/sites\/5\/2018\/06\/Trauma-de-craneo-emergencia-hospital-general-de-accidentes-igss-4-696x464.jpg 696w, \/wp-content\/uploads\/sites\/5\/2018\/06\/Trauma-de-craneo-emergencia-hospital-general-de-accidentes-igss-4-534x356.jpg 534w, \/wp-content\/uploads\/sites\/5\/2018\/06\/Trauma-de-craneo-emergencia-hospital-general-de-accidentes-igss-4.jpg 960w\" sizes=\"(max-width: 630px) 100vw, 630px\" alt=\"\">\r\n                            <\/a>\r\n                            \r\n                        <\/figure>\r\n                    <\/div>\r\n                            <\/div>\r\n                        <\/div>\r\n\r\n                        <div class = \"td-doubleSlider-2\">\r\n                            <div class = \"td-slider\">\r\n                                \r\n                    <div class = \"td-button td-item1\">\r\n                        <div class = \"td-border\"><\/div>\r\n                    <\/div>\r\n                    <div class = \"td-button td-item2\">\r\n                        <div class = \"td-border\"><\/div>\r\n                    <\/div>\r\n                    <div class = \"td-button td-item3\">\r\n                        <div class = \"td-border\"><\/div>\r\n                    <\/div>\r\n                    <div class = \"td-button td-item4\">\r\n                        <div class = \"td-border\"><\/div>\r\n                    <\/div>\r\n                            <\/div>\r\n                        <\/div>\r\n\r\n                    <\/div>\r\n\r\n                <\/div>\r\n                \n<hr \/>\n<p>&nbsp;<\/p>\n<\/div>\n","protected":false},"excerpt":{"rendered":"<p>Un 66 por ciento de los traumas de cr\u00e1neo atendidos en el Hospital General de Accidentes Ceibal corresponden a hombres. Las lesiones van de leves a severas y su diagn\u00f3stico tiene como causa un fuerte golpe en la cabeza tras pegar contra un objeto, indic\u00f3 el doctor Oscar Palma, jefe de la emergencia de este [&hellip;]<\/p>\n","protected":false},"author":4,"featured_media":5499,"comment_status":"open","ping_status":"open","sticky":false,"template":"","format":"standard","meta":{"footnotes":""},"categories":[3,29,36],"tags":[326,402,480],"coauthors":[],"class_list":{"0":"post-5497","1":"post","2":"type-post","3":"status-publish","4":"format-standard","5":"has-post-thumbnail","7":"category-actualidad","8":"category-publicaciones","9":"category-unidades-medicas","10":"tag-dr-oscar-palma","11":"tag-emergencias","12":"tag-hospital-general-de-accidentes-ceibal"},"_links":{"self":[{"href":"https:\/\/www.igssgt.org\/noticias\/wp-json\/wp\/v2\/posts\/5497","targetHints":{"allow":["GET"]}}],"collection":[{"href":"https:\/\/www.igssgt.org\/noticias\/wp-json\/wp\/v2\/posts"}],"about":[{"href":"https:\/\/www.igssgt.org\/noticias\/wp-json\/wp\/v2\/types\/post"}],"author":[{"embeddable":true,"href":"https:\/\/www.igssgt.org\/noticias\/wp-json\/wp\/v2\/users\/4"}],"replies":[{"embeddable":true,"href":"https:\/\/www.igssgt.org\/noticias\/wp-json\/wp\/v2\/comments?post=5497"}],"version-history":[{"count":0,"href":"https:\/\/www.igssgt.org\/noticias\/wp-json\/wp\/v2\/posts\/5497\/revisions"}],"wp:featuredmedia":[{"embeddable":true,"href":"https:\/\/www.igssgt.org\/noticias\/wp-json\/wp\/v2\/media\/5499"}],"wp:attachment":[{"href":"https:\/\/www.igssgt.org\/noticias\/wp-json\/wp\/v2\/media?parent=5497"}],"wp:term":[{"taxonomy":"category","embeddable":true,"href":"https:\/\/www.igssgt.org\/noticias\/wp-json\/wp\/v2\/categories?post=5497"},{"taxonomy":"post_tag","embeddable":true,"href":"https:\/\/www.igssgt.org\/noticias\/wp-json\/wp\/v2\/tags?post=5497"},{"taxonomy":"author","embeddable":true,"href":"https:\/\/www.igssgt.org\/noticias\/wp-json\/wp\/v2\/coauthors?post=5497"}],"curies":[{"name":"wp","href":"https:\/\/api.w.org\/{rel}","templated":true}]}}