{"id":55766,"date":"2026-04-27T10:12:29","date_gmt":"2026-04-27T16:12:29","guid":{"rendered":"https:\/\/www.igssgt.org\/noticias\/?p=55766"},"modified":"2026-04-27T10:12:30","modified_gmt":"2026-04-27T16:12:30","slug":"el-igss-lleva-salud-preventiva-a-molino-santa-ana-en-amatitlan","status":"publish","type":"post","link":"https:\/\/www.igssgt.org\/noticias\/2026\/04\/27\/el-igss-lleva-salud-preventiva-a-molino-santa-ana-en-amatitlan\/","title":{"rendered":"El IGSS lleva salud preventiva a Molino Santa Ana, en Amatitl\u00e1n"},"content":{"rendered":"\n<p class=\"dropcapp2\">El objetivo central de esta iniciativa es la detecci\u00f3n temprana de padecimientos y el fomento de h\u00e1bitos saludables.<\/p>\n\n\n\n<p>El doctor \u00c1ngel Garc\u00eda, m\u00e9dico general del IGSS, subray\u00f3 la relevancia de este modelo de atenci\u00f3n: \u201cEl acercar estos servicios a las empresas nos permite identificar factores de riesgo de diversas enfermedades de manera oportuna, garantizando que el trabajador mantenga un estado de salud \u00f3ptimo y preventivo\u201d.<\/p>\n<figure id=\"attachment_55769\" aria-describedby=\"caption-attachment-55769\" style=\"width: 1599px\" class=\"wp-caption aligncenter\"><a href=\"\/wp-content\/uploads\/sites\/5\/2026\/04\/IGSS-Jornada-de-la-Seguridad-Social-Molino-Santa-Ana-202600007.jpg\"><img loading=\"lazy\" decoding=\"async\" class=\"size-full wp-image-55769\" src=\"\/wp-content\/uploads\/sites\/5\/2026\/04\/IGSS-Jornada-de-la-Seguridad-Social-Molino-Santa-Ana-202600007.jpg\" alt=\"\" width=\"1599\" height=\"1066\" srcset=\"\/wp-content\/uploads\/sites\/5\/2026\/04\/IGSS-Jornada-de-la-Seguridad-Social-Molino-Santa-Ana-202600007.jpg 1599w, \/wp-content\/uploads\/sites\/5\/2026\/04\/IGSS-Jornada-de-la-Seguridad-Social-Molino-Santa-Ana-202600007-300x200.jpg 300w, \/wp-content\/uploads\/sites\/5\/2026\/04\/IGSS-Jornada-de-la-Seguridad-Social-Molino-Santa-Ana-202600007-1024x683.jpg 1024w, \/wp-content\/uploads\/sites\/5\/2026\/04\/IGSS-Jornada-de-la-Seguridad-Social-Molino-Santa-Ana-202600007-768x512.jpg 768w, \/wp-content\/uploads\/sites\/5\/2026\/04\/IGSS-Jornada-de-la-Seguridad-Social-Molino-Santa-Ana-202600007-1536x1024.jpg 1536w, \/wp-content\/uploads\/sites\/5\/2026\/04\/IGSS-Jornada-de-la-Seguridad-Social-Molino-Santa-Ana-202600007-630x420.jpg 630w, \/wp-content\/uploads\/sites\/5\/2026\/04\/IGSS-Jornada-de-la-Seguridad-Social-Molino-Santa-Ana-202600007-696x464.jpg 696w, \/wp-content\/uploads\/sites\/5\/2026\/04\/IGSS-Jornada-de-la-Seguridad-Social-Molino-Santa-Ana-202600007-1068x712.jpg 1068w, \/wp-content\/uploads\/sites\/5\/2026\/04\/IGSS-Jornada-de-la-Seguridad-Social-Molino-Santa-Ana-202600007-534x356.jpg 534w\" sizes=\"auto, (max-width: 1599px) 100vw, 1599px\" \/><\/a><figcaption id=\"caption-attachment-55769\" class=\"wp-caption-text\">El IGSS llega hasta tu lugar de trabajo a trav\u00e9s de las Jornadas de la Seguridad Social para llevar salud preventiva.<\/figcaption><\/figure>\n<p>La descentralizaci\u00f3n de los servicios m\u00e9dicos representa una ventaja estrat\u00e9gica para el sector productivo.<\/p>\n<p>Heidi Salvatierra, Jefe de RR. HH., de Molino Santa Ana, destac\u00f3 que la salud del personal es una prioridad institucional: \u201cEstas jornadas son fundamentales porque eliminan las barreras de tiempo y distancia, permitiendo que nuestros colaboradores accedan a chequeos esenciales de forma eficiente y segura dentro de la planta\u201d.<\/p>\n<p>Durante la jornada se realiz\u00f3 la toma de signos vitales y pruebas de laboratorio para monitorear el estado general de los empleados.<\/p>\n<p>Jonnathan L\u00f3pez, auxiliar de bodega, calific\u00f3 la jornada como un beneficio directo para su econom\u00eda y bienestar: \u201cEs una gran oportunidad para chequearnos de forma r\u00e1pida y gratuita aqu\u00ed mismo en el trabajo\u201d.<\/p>\n<p>Asimismo, Miriam Santiago, del \u00c1rea de Mantenimiento, valor\u00f3 el enfoque educativo de la actividad: \u201cAdem\u00e1s de los ex\u00e1menes, recibimos orientaci\u00f3n para prevenir enfermedades en el futuro, lo cual nos ayuda a cuidar mejor de nuestra salud y de nuestras familias\u201d.<\/p>\n<figure id=\"attachment_55768\" aria-describedby=\"caption-attachment-55768\" style=\"width: 1599px\" class=\"wp-caption aligncenter\"><a href=\"\/wp-content\/uploads\/sites\/5\/2026\/04\/IGSS-Jornada-de-la-Seguridad-Social-Molino-Santa-Ana-202600004.jpg\"><img loading=\"lazy\" decoding=\"async\" class=\"size-full wp-image-55768\" src=\"\/wp-content\/uploads\/sites\/5\/2026\/04\/IGSS-Jornada-de-la-Seguridad-Social-Molino-Santa-Ana-202600004.jpg\" alt=\"\" width=\"1599\" height=\"1066\" srcset=\"\/wp-content\/uploads\/sites\/5\/2026\/04\/IGSS-Jornada-de-la-Seguridad-Social-Molino-Santa-Ana-202600004.jpg 1599w, \/wp-content\/uploads\/sites\/5\/2026\/04\/IGSS-Jornada-de-la-Seguridad-Social-Molino-Santa-Ana-202600004-300x200.jpg 300w, \/wp-content\/uploads\/sites\/5\/2026\/04\/IGSS-Jornada-de-la-Seguridad-Social-Molino-Santa-Ana-202600004-1024x683.jpg 1024w, \/wp-content\/uploads\/sites\/5\/2026\/04\/IGSS-Jornada-de-la-Seguridad-Social-Molino-Santa-Ana-202600004-768x512.jpg 768w, \/wp-content\/uploads\/sites\/5\/2026\/04\/IGSS-Jornada-de-la-Seguridad-Social-Molino-Santa-Ana-202600004-1536x1024.jpg 1536w, \/wp-content\/uploads\/sites\/5\/2026\/04\/IGSS-Jornada-de-la-Seguridad-Social-Molino-Santa-Ana-202600004-630x420.jpg 630w, \/wp-content\/uploads\/sites\/5\/2026\/04\/IGSS-Jornada-de-la-Seguridad-Social-Molino-Santa-Ana-202600004-696x464.jpg 696w, \/wp-content\/uploads\/sites\/5\/2026\/04\/IGSS-Jornada-de-la-Seguridad-Social-Molino-Santa-Ana-202600004-1068x712.jpg 1068w, \/wp-content\/uploads\/sites\/5\/2026\/04\/IGSS-Jornada-de-la-Seguridad-Social-Molino-Santa-Ana-202600004-534x356.jpg 534w\" sizes=\"auto, (max-width: 1599px) 100vw, 1599px\" \/><\/a><figcaption id=\"caption-attachment-55768\" class=\"wp-caption-text\">El Dr. \u00c1ngel Garc\u00eda explica la importancia de los chequeos regulares para prevenir enfermedades cr\u00f3nicas durante la jornada m\u00e9dica en Amatitl\u00e1n.<\/figcaption><\/figure>\n<p>Con estas acciones, el IGSS refuerza su compromiso de expandir la cobertura de la seguridad social, transformando el entorno laboral en un espacio de prevenci\u00f3n y bienestar integral.<\/p>\n\r\n                <style type=\"text\/css\">\r\n                    \r\n                    #tdi_1  .td-doubleSlider-2 .td-item1 {\r\n                        background: url(\/wp-content\/uploads\/sites\/5\/2026\/04\/IGSS-Jornada-de-la-Seguridad-Social-Molino-Santa-Ana-202600016-80x60.jpg) 0 0 no-repeat;\r\n                    }\r\n                    #tdi_1  .td-doubleSlider-2 .td-item2 {\r\n                        background: url(\/wp-content\/uploads\/sites\/5\/2026\/04\/IGSS-Jornada-de-la-Seguridad-Social-Molino-Santa-Ana-202600018-80x60.jpg) 0 0 no-repeat;\r\n                    }\r\n                    #tdi_1  .td-doubleSlider-2 .td-item3 {\r\n                        background: url(\/wp-content\/uploads\/sites\/5\/2026\/04\/IGSS-Jornada-de-la-Seguridad-Social-Molino-Santa-Ana-202600005-80x60.jpg) 0 0 no-repeat;\r\n                    }\r\n                    #tdi_1  .td-doubleSlider-2 .td-item4 {\r\n                        background: url(\/wp-content\/uploads\/sites\/5\/2026\/04\/IGSS-Jornada-de-la-Seguridad-Social-Molino-Santa-Ana-202600008-80x60.jpg) 0 0 no-repeat;\r\n                    }\r\n                    #tdi_1  .td-doubleSlider-2 .td-item5 {\r\n                        background: url(\/wp-content\/uploads\/sites\/5\/2026\/04\/IGSS-Jornada-de-la-Seguridad-Social-Molino-Santa-Ana-202600009-80x60.jpg) 0 0 no-repeat;\r\n                    }\r\n                    #tdi_1  .td-doubleSlider-2 .td-item6 {\r\n                        background: url(\/wp-content\/uploads\/sites\/5\/2026\/04\/IGSS-Jornada-de-la-Seguridad-Social-Molino-Santa-Ana-202600014-80x60.jpg) 0 0 no-repeat;\r\n                    }\r\n                    #tdi_1  .td-doubleSlider-2 .td-item7 {\r\n                        background: url(\/wp-content\/uploads\/sites\/5\/2026\/04\/IGSS-Jornada-de-la-Seguridad-Social-Molino-Santa-Ana-202600017-80x60.jpg) 0 0 no-repeat;\r\n                    }\r\n                    #tdi_1  .td-doubleSlider-2 .td-item8 {\r\n                        background: url(\/wp-content\/uploads\/sites\/5\/2026\/04\/IGSS-Jornada-de-la-Seguridad-Social-Molino-Santa-Ana-202600013-80x60.jpg) 0 0 no-repeat;\r\n                    }\r\n                    #tdi_1  .td-doubleSlider-2 .td-item9 {\r\n                        background: url(\/wp-content\/uploads\/sites\/5\/2026\/04\/IGSS-Jornada-de-la-Seguridad-Social-Molino-Santa-Ana-202600002-80x60.jpg) 0 0 no-repeat;\r\n                    }\r\n                    #tdi_1  .td-doubleSlider-2 .td-item10 {\r\n                        background: url(\/wp-content\/uploads\/sites\/5\/2026\/04\/IGSS-Jornada-de-la-Seguridad-Social-Molino-Santa-Ana-202600006-80x60.jpg) 0 0 no-repeat;\r\n                    }\r\n                    #tdi_1  .td-doubleSlider-2 .td-item11 {\r\n                        background: url(\/wp-content\/uploads\/sites\/5\/2026\/04\/IGSS-Jornada-de-la-Seguridad-Social-Molino-Santa-Ana-202600012-80x60.jpg) 0 0 no-repeat;\r\n                    }\r\n                    #tdi_1  .td-doubleSlider-2 .td-item12 {\r\n                        background: url(\/wp-content\/uploads\/sites\/5\/2026\/04\/IGSS-Jornada-de-la-Seguridad-Social-Molino-Santa-Ana-202600015-80x60.jpg) 0 0 no-repeat;\r\n                    }\r\n                    #tdi_1  .td-doubleSlider-2 .td-item13 {\r\n                        background: url(\/wp-content\/uploads\/sites\/5\/2026\/04\/IGSS-Jornada-de-la-Seguridad-Social-Molino-Santa-Ana-202600003-80x60.jpg) 0 0 no-repeat;\r\n                    }\r\n                    #tdi_1  .td-doubleSlider-2 .td-item14 {\r\n                        background: url(\/wp-content\/uploads\/sites\/5\/2026\/04\/IGSS-Jornada-de-la-Seguridad-Social-Molino-Santa-Ana-202600010-80x60.jpg) 0 0 no-repeat;\r\n                    }\r\n                    #tdi_1  .td-doubleSlider-2 .td-item15 {\r\n                        background: url(\/wp-content\/uploads\/sites\/5\/2026\/04\/IGSS-Jornada-de-la-Seguridad-Social-Molino-Santa-Ana-202600011-80x60.jpg) 0 0 no-repeat;\r\n                    }\r\n                <\/style>\r\n\r\n                <div id=\"tdi_1\" class=\"td-gallery td-slide-on-2-columns\">\r\n                    <div class=\"post_td_gallery\">\r\n                        <div class=\"td-gallery-slide-top\">\r\n                           <div class=\"td-gallery-title\"> M\u00e1s fotos de la Jornada:<\/div>\r\n\r\n                            <div class=\"td-gallery-controls-wrapper\">\r\n                                <div class=\"td-gallery-slide-count\"><span class=\"td-gallery-slide-item-focus\">1<\/span> de 15<\/div>\r\n                                <div class=\"td-gallery-slide-prev-next-but\">\r\n                                    <i class = \"td-icon-left doubleSliderPrevButton\"><\/i>\r\n                                    <i class = \"td-icon-right doubleSliderNextButton\"><\/i>\r\n                                <\/div>\r\n                            <\/div>\r\n                        <\/div>\r\n\r\n                        <div class = \"td-doubleSlider-1 \">\r\n                            <div class = \"td-slider\">\r\n                                \r\n                    <div class = \"td-slide-item td-item1\">\r\n                        <figure class=\"td-slide-galery-figure td-slide-popup-gallery\">\r\n                            <a class=\"slide-gallery-image-link\" href=\"\/wp-content\/uploads\/sites\/5\/2026\/04\/IGSS-Jornada-de-la-Seguridad-Social-Molino-Santa-Ana-202600016.jpg\" title=\"IGSS Jornada de la Seguridad Social Molino Santa Ana 202600016\"  data-caption=\"\"  data-description=\"\">\r\n                                <img decoding=\"async\" src=\"\/wp-content\/uploads\/sites\/5\/2026\/04\/IGSS-Jornada-de-la-Seguridad-Social-Molino-Santa-Ana-202600016-630x420.jpg\" srcset=\"\/wp-content\/uploads\/sites\/5\/2026\/04\/IGSS-Jornada-de-la-Seguridad-Social-Molino-Santa-Ana-202600016-630x420.jpg 630w, \/wp-content\/uploads\/sites\/5\/2026\/04\/IGSS-Jornada-de-la-Seguridad-Social-Molino-Santa-Ana-202600016-300x200.jpg 300w, \/wp-content\/uploads\/sites\/5\/2026\/04\/IGSS-Jornada-de-la-Seguridad-Social-Molino-Santa-Ana-202600016-1024x683.jpg 1024w, \/wp-content\/uploads\/sites\/5\/2026\/04\/IGSS-Jornada-de-la-Seguridad-Social-Molino-Santa-Ana-202600016-768x512.jpg 768w, \/wp-content\/uploads\/sites\/5\/2026\/04\/IGSS-Jornada-de-la-Seguridad-Social-Molino-Santa-Ana-202600016-1536x1024.jpg 1536w, \/wp-content\/uploads\/sites\/5\/2026\/04\/IGSS-Jornada-de-la-Seguridad-Social-Molino-Santa-Ana-202600016-696x464.jpg 696w, \/wp-content\/uploads\/sites\/5\/2026\/04\/IGSS-Jornada-de-la-Seguridad-Social-Molino-Santa-Ana-202600016-1068x712.jpg 1068w, \/wp-content\/uploads\/sites\/5\/2026\/04\/IGSS-Jornada-de-la-Seguridad-Social-Molino-Santa-Ana-202600016-534x356.jpg 534w, \/wp-content\/uploads\/sites\/5\/2026\/04\/IGSS-Jornada-de-la-Seguridad-Social-Molino-Santa-Ana-202600016.jpg 1599w\" sizes=\"(max-width: 630px) 100vw, 630px\" alt=\"\">\r\n                            <\/a>\r\n                            \r\n                        <\/figure>\r\n                    <\/div>\r\n                    <div class = \"td-slide-item td-item2\">\r\n                        <figure class=\"td-slide-galery-figure td-slide-popup-gallery\">\r\n                            <a class=\"slide-gallery-image-link\" href=\"\/wp-content\/uploads\/sites\/5\/2026\/04\/IGSS-Jornada-de-la-Seguridad-Social-Molino-Santa-Ana-202600018.jpg\" title=\"IGSS Jornada de la Seguridad Social Molino Santa Ana 202600018\"  data-caption=\"\"  data-description=\"\">\r\n                                <img decoding=\"async\" src=\"\/wp-content\/uploads\/sites\/5\/2026\/04\/IGSS-Jornada-de-la-Seguridad-Social-Molino-Santa-Ana-202600018-630x420.jpg\" srcset=\"\/wp-content\/uploads\/sites\/5\/2026\/04\/IGSS-Jornada-de-la-Seguridad-Social-Molino-Santa-Ana-202600018-630x420.jpg 630w, \/wp-content\/uploads\/sites\/5\/2026\/04\/IGSS-Jornada-de-la-Seguridad-Social-Molino-Santa-Ana-202600018-300x200.jpg 300w, \/wp-content\/uploads\/sites\/5\/2026\/04\/IGSS-Jornada-de-la-Seguridad-Social-Molino-Santa-Ana-202600018-1024x683.jpg 1024w, \/wp-content\/uploads\/sites\/5\/2026\/04\/IGSS-Jornada-de-la-Seguridad-Social-Molino-Santa-Ana-202600018-768x512.jpg 768w, \/wp-content\/uploads\/sites\/5\/2026\/04\/IGSS-Jornada-de-la-Seguridad-Social-Molino-Santa-Ana-202600018-1536x1024.jpg 1536w, \/wp-content\/uploads\/sites\/5\/2026\/04\/IGSS-Jornada-de-la-Seguridad-Social-Molino-Santa-Ana-202600018-696x464.jpg 696w, \/wp-content\/uploads\/sites\/5\/2026\/04\/IGSS-Jornada-de-la-Seguridad-Social-Molino-Santa-Ana-202600018-1068x712.jpg 1068w, \/wp-content\/uploads\/sites\/5\/2026\/04\/IGSS-Jornada-de-la-Seguridad-Social-Molino-Santa-Ana-202600018-534x356.jpg 534w, \/wp-content\/uploads\/sites\/5\/2026\/04\/IGSS-Jornada-de-la-Seguridad-Social-Molino-Santa-Ana-202600018.jpg 1599w\" sizes=\"(max-width: 630px) 100vw, 630px\" alt=\"\">\r\n                            <\/a>\r\n                            \r\n                        <\/figure>\r\n                    <\/div>\r\n                    <div class = \"td-slide-item td-item3\">\r\n                        <figure class=\"td-slide-galery-figure td-slide-popup-gallery\">\r\n                            <a class=\"slide-gallery-image-link\" href=\"\/wp-content\/uploads\/sites\/5\/2026\/04\/IGSS-Jornada-de-la-Seguridad-Social-Molino-Santa-Ana-202600005.jpg\" title=\"IGSS Jornada de la Seguridad Social Molino Santa Ana 202600005\"  data-caption=\"\"  data-description=\"\">\r\n                                <img decoding=\"async\" src=\"\/wp-content\/uploads\/sites\/5\/2026\/04\/IGSS-Jornada-de-la-Seguridad-Social-Molino-Santa-Ana-202600005-630x420.jpg\" srcset=\"\/wp-content\/uploads\/sites\/5\/2026\/04\/IGSS-Jornada-de-la-Seguridad-Social-Molino-Santa-Ana-202600005-630x420.jpg 630w, \/wp-content\/uploads\/sites\/5\/2026\/04\/IGSS-Jornada-de-la-Seguridad-Social-Molino-Santa-Ana-202600005-300x200.jpg 300w, \/wp-content\/uploads\/sites\/5\/2026\/04\/IGSS-Jornada-de-la-Seguridad-Social-Molino-Santa-Ana-202600005-1024x683.jpg 1024w, \/wp-content\/uploads\/sites\/5\/2026\/04\/IGSS-Jornada-de-la-Seguridad-Social-Molino-Santa-Ana-202600005-768x512.jpg 768w, \/wp-content\/uploads\/sites\/5\/2026\/04\/IGSS-Jornada-de-la-Seguridad-Social-Molino-Santa-Ana-202600005-1536x1024.jpg 1536w, \/wp-content\/uploads\/sites\/5\/2026\/04\/IGSS-Jornada-de-la-Seguridad-Social-Molino-Santa-Ana-202600005-696x464.jpg 696w, \/wp-content\/uploads\/sites\/5\/2026\/04\/IGSS-Jornada-de-la-Seguridad-Social-Molino-Santa-Ana-202600005-1068x712.jpg 1068w, \/wp-content\/uploads\/sites\/5\/2026\/04\/IGSS-Jornada-de-la-Seguridad-Social-Molino-Santa-Ana-202600005-534x356.jpg 534w, \/wp-content\/uploads\/sites\/5\/2026\/04\/IGSS-Jornada-de-la-Seguridad-Social-Molino-Santa-Ana-202600005.jpg 1599w\" sizes=\"(max-width: 630px) 100vw, 630px\" alt=\"\">\r\n                            <\/a>\r\n                            \r\n                        <\/figure>\r\n                    <\/div>\r\n                    <div class = \"td-slide-item td-item4\">\r\n                        <figure class=\"td-slide-galery-figure td-slide-popup-gallery\">\r\n                            <a class=\"slide-gallery-image-link\" href=\"\/wp-content\/uploads\/sites\/5\/2026\/04\/IGSS-Jornada-de-la-Seguridad-Social-Molino-Santa-Ana-202600008.jpg\" title=\"IGSS Jornada de la Seguridad Social Molino Santa Ana 202600008\"  data-caption=\"\"  data-description=\"\">\r\n                                <img decoding=\"async\" src=\"\/wp-content\/uploads\/sites\/5\/2026\/04\/IGSS-Jornada-de-la-Seguridad-Social-Molino-Santa-Ana-202600008-630x420.jpg\" srcset=\"\/wp-content\/uploads\/sites\/5\/2026\/04\/IGSS-Jornada-de-la-Seguridad-Social-Molino-Santa-Ana-202600008-630x420.jpg 630w, \/wp-content\/uploads\/sites\/5\/2026\/04\/IGSS-Jornada-de-la-Seguridad-Social-Molino-Santa-Ana-202600008-300x200.jpg 300w, \/wp-content\/uploads\/sites\/5\/2026\/04\/IGSS-Jornada-de-la-Seguridad-Social-Molino-Santa-Ana-202600008-1024x683.jpg 1024w, \/wp-content\/uploads\/sites\/5\/2026\/04\/IGSS-Jornada-de-la-Seguridad-Social-Molino-Santa-Ana-202600008-768x512.jpg 768w, \/wp-content\/uploads\/sites\/5\/2026\/04\/IGSS-Jornada-de-la-Seguridad-Social-Molino-Santa-Ana-202600008-1536x1024.jpg 1536w, \/wp-content\/uploads\/sites\/5\/2026\/04\/IGSS-Jornada-de-la-Seguridad-Social-Molino-Santa-Ana-202600008-696x464.jpg 696w, \/wp-content\/uploads\/sites\/5\/2026\/04\/IGSS-Jornada-de-la-Seguridad-Social-Molino-Santa-Ana-202600008-1068x712.jpg 1068w, \/wp-content\/uploads\/sites\/5\/2026\/04\/IGSS-Jornada-de-la-Seguridad-Social-Molino-Santa-Ana-202600008-534x356.jpg 534w, \/wp-content\/uploads\/sites\/5\/2026\/04\/IGSS-Jornada-de-la-Seguridad-Social-Molino-Santa-Ana-202600008.jpg 1599w\" sizes=\"(max-width: 630px) 100vw, 630px\" alt=\"\">\r\n                            <\/a>\r\n                            \r\n                        <\/figure>\r\n                    <\/div>\r\n                    <div class = \"td-slide-item td-item5\">\r\n                        <figure class=\"td-slide-galery-figure td-slide-popup-gallery\">\r\n                            <a class=\"slide-gallery-image-link\" href=\"\/wp-content\/uploads\/sites\/5\/2026\/04\/IGSS-Jornada-de-la-Seguridad-Social-Molino-Santa-Ana-202600009.jpg\" title=\"IGSS Jornada de la Seguridad Social Molino Santa Ana 202600009\"  data-caption=\"\"  data-description=\"\">\r\n                                <img decoding=\"async\" src=\"\/wp-content\/uploads\/sites\/5\/2026\/04\/IGSS-Jornada-de-la-Seguridad-Social-Molino-Santa-Ana-202600009-630x420.jpg\" srcset=\"\/wp-content\/uploads\/sites\/5\/2026\/04\/IGSS-Jornada-de-la-Seguridad-Social-Molino-Santa-Ana-202600009-630x420.jpg 630w, \/wp-content\/uploads\/sites\/5\/2026\/04\/IGSS-Jornada-de-la-Seguridad-Social-Molino-Santa-Ana-202600009-300x200.jpg 300w, \/wp-content\/uploads\/sites\/5\/2026\/04\/IGSS-Jornada-de-la-Seguridad-Social-Molino-Santa-Ana-202600009-1024x683.jpg 1024w, \/wp-content\/uploads\/sites\/5\/2026\/04\/IGSS-Jornada-de-la-Seguridad-Social-Molino-Santa-Ana-202600009-768x512.jpg 768w, \/wp-content\/uploads\/sites\/5\/2026\/04\/IGSS-Jornada-de-la-Seguridad-Social-Molino-Santa-Ana-202600009-1536x1024.jpg 1536w, \/wp-content\/uploads\/sites\/5\/2026\/04\/IGSS-Jornada-de-la-Seguridad-Social-Molino-Santa-Ana-202600009-696x464.jpg 696w, \/wp-content\/uploads\/sites\/5\/2026\/04\/IGSS-Jornada-de-la-Seguridad-Social-Molino-Santa-Ana-202600009-1068x712.jpg 1068w, \/wp-content\/uploads\/sites\/5\/2026\/04\/IGSS-Jornada-de-la-Seguridad-Social-Molino-Santa-Ana-202600009-534x356.jpg 534w, \/wp-content\/uploads\/sites\/5\/2026\/04\/IGSS-Jornada-de-la-Seguridad-Social-Molino-Santa-Ana-202600009.jpg 1599w\" sizes=\"(max-width: 630px) 100vw, 630px\" alt=\"\">\r\n                            <\/a>\r\n                            \r\n                        <\/figure>\r\n                    <\/div>\r\n                    <div class = \"td-slide-item td-item6\">\r\n                        <figure class=\"td-slide-galery-figure td-slide-popup-gallery\">\r\n                            <a class=\"slide-gallery-image-link\" href=\"\/wp-content\/uploads\/sites\/5\/2026\/04\/IGSS-Jornada-de-la-Seguridad-Social-Molino-Santa-Ana-202600014.jpg\" title=\"IGSS Jornada de la Seguridad Social Molino Santa Ana 202600014\"  data-caption=\"\"  data-description=\"\">\r\n                                <img decoding=\"async\" src=\"\/wp-content\/uploads\/sites\/5\/2026\/04\/IGSS-Jornada-de-la-Seguridad-Social-Molino-Santa-Ana-202600014-630x420.jpg\" srcset=\"\/wp-content\/uploads\/sites\/5\/2026\/04\/IGSS-Jornada-de-la-Seguridad-Social-Molino-Santa-Ana-202600014-630x420.jpg 630w, \/wp-content\/uploads\/sites\/5\/2026\/04\/IGSS-Jornada-de-la-Seguridad-Social-Molino-Santa-Ana-202600014-300x200.jpg 300w, \/wp-content\/uploads\/sites\/5\/2026\/04\/IGSS-Jornada-de-la-Seguridad-Social-Molino-Santa-Ana-202600014-1024x683.jpg 1024w, \/wp-content\/uploads\/sites\/5\/2026\/04\/IGSS-Jornada-de-la-Seguridad-Social-Molino-Santa-Ana-202600014-768x512.jpg 768w, \/wp-content\/uploads\/sites\/5\/2026\/04\/IGSS-Jornada-de-la-Seguridad-Social-Molino-Santa-Ana-202600014-1536x1024.jpg 1536w, \/wp-content\/uploads\/sites\/5\/2026\/04\/IGSS-Jornada-de-la-Seguridad-Social-Molino-Santa-Ana-202600014-696x464.jpg 696w, \/wp-content\/uploads\/sites\/5\/2026\/04\/IGSS-Jornada-de-la-Seguridad-Social-Molino-Santa-Ana-202600014-1068x712.jpg 1068w, \/wp-content\/uploads\/sites\/5\/2026\/04\/IGSS-Jornada-de-la-Seguridad-Social-Molino-Santa-Ana-202600014-534x356.jpg 534w, \/wp-content\/uploads\/sites\/5\/2026\/04\/IGSS-Jornada-de-la-Seguridad-Social-Molino-Santa-Ana-202600014.jpg 1599w\" sizes=\"(max-width: 630px) 100vw, 630px\" alt=\"\">\r\n                            <\/a>\r\n                            \r\n                        <\/figure>\r\n                    <\/div>\r\n                    <div class = \"td-slide-item td-item7\">\r\n                        <figure class=\"td-slide-galery-figure td-slide-popup-gallery\">\r\n                            <a class=\"slide-gallery-image-link\" href=\"\/wp-content\/uploads\/sites\/5\/2026\/04\/IGSS-Jornada-de-la-Seguridad-Social-Molino-Santa-Ana-202600017.jpg\" title=\"IGSS Jornada de la Seguridad Social Molino Santa Ana 202600017\"  data-caption=\"\"  data-description=\"\">\r\n                                <img decoding=\"async\" src=\"\/wp-content\/uploads\/sites\/5\/2026\/04\/IGSS-Jornada-de-la-Seguridad-Social-Molino-Santa-Ana-202600017-630x420.jpg\" srcset=\"\/wp-content\/uploads\/sites\/5\/2026\/04\/IGSS-Jornada-de-la-Seguridad-Social-Molino-Santa-Ana-202600017-630x420.jpg 630w, \/wp-content\/uploads\/sites\/5\/2026\/04\/IGSS-Jornada-de-la-Seguridad-Social-Molino-Santa-Ana-202600017-300x200.jpg 300w, \/wp-content\/uploads\/sites\/5\/2026\/04\/IGSS-Jornada-de-la-Seguridad-Social-Molino-Santa-Ana-202600017-1024x683.jpg 1024w, \/wp-content\/uploads\/sites\/5\/2026\/04\/IGSS-Jornada-de-la-Seguridad-Social-Molino-Santa-Ana-202600017-768x512.jpg 768w, \/wp-content\/uploads\/sites\/5\/2026\/04\/IGSS-Jornada-de-la-Seguridad-Social-Molino-Santa-Ana-202600017-1536x1024.jpg 1536w, \/wp-content\/uploads\/sites\/5\/2026\/04\/IGSS-Jornada-de-la-Seguridad-Social-Molino-Santa-Ana-202600017-696x464.jpg 696w, \/wp-content\/uploads\/sites\/5\/2026\/04\/IGSS-Jornada-de-la-Seguridad-Social-Molino-Santa-Ana-202600017-1068x712.jpg 1068w, \/wp-content\/uploads\/sites\/5\/2026\/04\/IGSS-Jornada-de-la-Seguridad-Social-Molino-Santa-Ana-202600017-534x356.jpg 534w, \/wp-content\/uploads\/sites\/5\/2026\/04\/IGSS-Jornada-de-la-Seguridad-Social-Molino-Santa-Ana-202600017.jpg 1599w\" sizes=\"(max-width: 630px) 100vw, 630px\" alt=\"\">\r\n                            <\/a>\r\n                            \r\n                        <\/figure>\r\n                    <\/div>\r\n                    <div class = \"td-slide-item td-item8\">\r\n                        <figure class=\"td-slide-galery-figure td-slide-popup-gallery\">\r\n                            <a class=\"slide-gallery-image-link\" href=\"\/wp-content\/uploads\/sites\/5\/2026\/04\/IGSS-Jornada-de-la-Seguridad-Social-Molino-Santa-Ana-202600013.jpg\" title=\"IGSS Jornada de la Seguridad Social Molino Santa Ana 202600013\"  data-caption=\"\"  data-description=\"\">\r\n                                <img decoding=\"async\" src=\"\/wp-content\/uploads\/sites\/5\/2026\/04\/IGSS-Jornada-de-la-Seguridad-Social-Molino-Santa-Ana-202600013-630x420.jpg\" srcset=\"\/wp-content\/uploads\/sites\/5\/2026\/04\/IGSS-Jornada-de-la-Seguridad-Social-Molino-Santa-Ana-202600013-630x420.jpg 630w, \/wp-content\/uploads\/sites\/5\/2026\/04\/IGSS-Jornada-de-la-Seguridad-Social-Molino-Santa-Ana-202600013-300x200.jpg 300w, \/wp-content\/uploads\/sites\/5\/2026\/04\/IGSS-Jornada-de-la-Seguridad-Social-Molino-Santa-Ana-202600013-1024x683.jpg 1024w, \/wp-content\/uploads\/sites\/5\/2026\/04\/IGSS-Jornada-de-la-Seguridad-Social-Molino-Santa-Ana-202600013-768x512.jpg 768w, \/wp-content\/uploads\/sites\/5\/2026\/04\/IGSS-Jornada-de-la-Seguridad-Social-Molino-Santa-Ana-202600013-1536x1024.jpg 1536w, \/wp-content\/uploads\/sites\/5\/2026\/04\/IGSS-Jornada-de-la-Seguridad-Social-Molino-Santa-Ana-202600013-696x464.jpg 696w, \/wp-content\/uploads\/sites\/5\/2026\/04\/IGSS-Jornada-de-la-Seguridad-Social-Molino-Santa-Ana-202600013-1068x712.jpg 1068w, \/wp-content\/uploads\/sites\/5\/2026\/04\/IGSS-Jornada-de-la-Seguridad-Social-Molino-Santa-Ana-202600013-534x356.jpg 534w, \/wp-content\/uploads\/sites\/5\/2026\/04\/IGSS-Jornada-de-la-Seguridad-Social-Molino-Santa-Ana-202600013.jpg 1599w\" sizes=\"(max-width: 630px) 100vw, 630px\" alt=\"\">\r\n                            <\/a>\r\n                            \r\n                        <\/figure>\r\n                    <\/div>\r\n                    <div class = \"td-slide-item td-item9\">\r\n                        <figure class=\"td-slide-galery-figure td-slide-popup-gallery\">\r\n                            <a class=\"slide-gallery-image-link\" href=\"\/wp-content\/uploads\/sites\/5\/2026\/04\/IGSS-Jornada-de-la-Seguridad-Social-Molino-Santa-Ana-202600002.jpg\" title=\"IGSS Jornada de la Seguridad Social Molino Santa Ana 202600002\"  data-caption=\"\"  data-description=\"\">\r\n                                <img decoding=\"async\" src=\"\/wp-content\/uploads\/sites\/5\/2026\/04\/IGSS-Jornada-de-la-Seguridad-Social-Molino-Santa-Ana-202600002-630x420.jpg\" srcset=\"\/wp-content\/uploads\/sites\/5\/2026\/04\/IGSS-Jornada-de-la-Seguridad-Social-Molino-Santa-Ana-202600002-630x420.jpg 630w, \/wp-content\/uploads\/sites\/5\/2026\/04\/IGSS-Jornada-de-la-Seguridad-Social-Molino-Santa-Ana-202600002-300x200.jpg 300w, \/wp-content\/uploads\/sites\/5\/2026\/04\/IGSS-Jornada-de-la-Seguridad-Social-Molino-Santa-Ana-202600002-1024x683.jpg 1024w, \/wp-content\/uploads\/sites\/5\/2026\/04\/IGSS-Jornada-de-la-Seguridad-Social-Molino-Santa-Ana-202600002-768x512.jpg 768w, \/wp-content\/uploads\/sites\/5\/2026\/04\/IGSS-Jornada-de-la-Seguridad-Social-Molino-Santa-Ana-202600002-1536x1024.jpg 1536w, \/wp-content\/uploads\/sites\/5\/2026\/04\/IGSS-Jornada-de-la-Seguridad-Social-Molino-Santa-Ana-202600002-696x464.jpg 696w, \/wp-content\/uploads\/sites\/5\/2026\/04\/IGSS-Jornada-de-la-Seguridad-Social-Molino-Santa-Ana-202600002-1068x712.jpg 1068w, \/wp-content\/uploads\/sites\/5\/2026\/04\/IGSS-Jornada-de-la-Seguridad-Social-Molino-Santa-Ana-202600002-534x356.jpg 534w, \/wp-content\/uploads\/sites\/5\/2026\/04\/IGSS-Jornada-de-la-Seguridad-Social-Molino-Santa-Ana-202600002.jpg 1599w\" sizes=\"(max-width: 630px) 100vw, 630px\" alt=\"\">\r\n                            <\/a>\r\n                            \r\n                        <\/figure>\r\n                    <\/div>\r\n                    <div class = \"td-slide-item td-item10\">\r\n                        <figure class=\"td-slide-galery-figure td-slide-popup-gallery\">\r\n                            <a class=\"slide-gallery-image-link\" href=\"\/wp-content\/uploads\/sites\/5\/2026\/04\/IGSS-Jornada-de-la-Seguridad-Social-Molino-Santa-Ana-202600006.jpg\" title=\"IGSS Jornada de la Seguridad Social Molino Santa Ana 202600006\"  data-caption=\"\"  data-description=\"\">\r\n                                <img decoding=\"async\" src=\"\/wp-content\/uploads\/sites\/5\/2026\/04\/IGSS-Jornada-de-la-Seguridad-Social-Molino-Santa-Ana-202600006-280x420.jpg\" srcset=\"\/wp-content\/uploads\/sites\/5\/2026\/04\/IGSS-Jornada-de-la-Seguridad-Social-Molino-Santa-Ana-202600006-280x420.jpg 280w, \/wp-content\/uploads\/sites\/5\/2026\/04\/IGSS-Jornada-de-la-Seguridad-Social-Molino-Santa-Ana-202600006-200x300.jpg 200w, \/wp-content\/uploads\/sites\/5\/2026\/04\/IGSS-Jornada-de-la-Seguridad-Social-Molino-Santa-Ana-202600006-683x1024.jpg 683w, \/wp-content\/uploads\/sites\/5\/2026\/04\/IGSS-Jornada-de-la-Seguridad-Social-Molino-Santa-Ana-202600006-768x1152.jpg 768w, \/wp-content\/uploads\/sites\/5\/2026\/04\/IGSS-Jornada-de-la-Seguridad-Social-Molino-Santa-Ana-202600006-1024x1536.jpg 1024w, \/wp-content\/uploads\/sites\/5\/2026\/04\/IGSS-Jornada-de-la-Seguridad-Social-Molino-Santa-Ana-202600006-696x1044.jpg 696w, \/wp-content\/uploads\/sites\/5\/2026\/04\/IGSS-Jornada-de-la-Seguridad-Social-Molino-Santa-Ana-202600006-308x462.jpg 308w, \/wp-content\/uploads\/sites\/5\/2026\/04\/IGSS-Jornada-de-la-Seguridad-Social-Molino-Santa-Ana-202600006.jpg 1066w\" sizes=\"(max-width: 280px) 100vw, 280px\" alt=\"\">\r\n                            <\/a>\r\n                            \r\n                        <\/figure>\r\n                    <\/div>\r\n                    <div class = \"td-slide-item td-item11\">\r\n                        <figure class=\"td-slide-galery-figure td-slide-popup-gallery\">\r\n                            <a class=\"slide-gallery-image-link\" href=\"\/wp-content\/uploads\/sites\/5\/2026\/04\/IGSS-Jornada-de-la-Seguridad-Social-Molino-Santa-Ana-202600012.jpg\" title=\"IGSS Jornada de la Seguridad Social Molino Santa Ana 202600012\"  data-caption=\"\"  data-description=\"\">\r\n                                <img decoding=\"async\" src=\"\/wp-content\/uploads\/sites\/5\/2026\/04\/IGSS-Jornada-de-la-Seguridad-Social-Molino-Santa-Ana-202600012-630x420.jpg\" srcset=\"\/wp-content\/uploads\/sites\/5\/2026\/04\/IGSS-Jornada-de-la-Seguridad-Social-Molino-Santa-Ana-202600012-630x420.jpg 630w, \/wp-content\/uploads\/sites\/5\/2026\/04\/IGSS-Jornada-de-la-Seguridad-Social-Molino-Santa-Ana-202600012-300x200.jpg 300w, \/wp-content\/uploads\/sites\/5\/2026\/04\/IGSS-Jornada-de-la-Seguridad-Social-Molino-Santa-Ana-202600012-1024x683.jpg 1024w, \/wp-content\/uploads\/sites\/5\/2026\/04\/IGSS-Jornada-de-la-Seguridad-Social-Molino-Santa-Ana-202600012-768x512.jpg 768w, \/wp-content\/uploads\/sites\/5\/2026\/04\/IGSS-Jornada-de-la-Seguridad-Social-Molino-Santa-Ana-202600012-1536x1024.jpg 1536w, \/wp-content\/uploads\/sites\/5\/2026\/04\/IGSS-Jornada-de-la-Seguridad-Social-Molino-Santa-Ana-202600012-696x464.jpg 696w, \/wp-content\/uploads\/sites\/5\/2026\/04\/IGSS-Jornada-de-la-Seguridad-Social-Molino-Santa-Ana-202600012-1068x712.jpg 1068w, \/wp-content\/uploads\/sites\/5\/2026\/04\/IGSS-Jornada-de-la-Seguridad-Social-Molino-Santa-Ana-202600012-534x356.jpg 534w, \/wp-content\/uploads\/sites\/5\/2026\/04\/IGSS-Jornada-de-la-Seguridad-Social-Molino-Santa-Ana-202600012.jpg 1599w\" sizes=\"(max-width: 630px) 100vw, 630px\" alt=\"\">\r\n                            <\/a>\r\n                            \r\n                        <\/figure>\r\n                    <\/div>\r\n                    <div class = \"td-slide-item td-item12\">\r\n                        <figure class=\"td-slide-galery-figure td-slide-popup-gallery\">\r\n                            <a class=\"slide-gallery-image-link\" href=\"\/wp-content\/uploads\/sites\/5\/2026\/04\/IGSS-Jornada-de-la-Seguridad-Social-Molino-Santa-Ana-202600015.jpg\" title=\"IGSS Jornada de la Seguridad Social Molino Santa Ana 202600015\"  data-caption=\"\"  data-description=\"\">\r\n                                <img decoding=\"async\" src=\"\/wp-content\/uploads\/sites\/5\/2026\/04\/IGSS-Jornada-de-la-Seguridad-Social-Molino-Santa-Ana-202600015-630x420.jpg\" srcset=\"\/wp-content\/uploads\/sites\/5\/2026\/04\/IGSS-Jornada-de-la-Seguridad-Social-Molino-Santa-Ana-202600015-630x420.jpg 630w, \/wp-content\/uploads\/sites\/5\/2026\/04\/IGSS-Jornada-de-la-Seguridad-Social-Molino-Santa-Ana-202600015-300x200.jpg 300w, \/wp-content\/uploads\/sites\/5\/2026\/04\/IGSS-Jornada-de-la-Seguridad-Social-Molino-Santa-Ana-202600015-1024x683.jpg 1024w, \/wp-content\/uploads\/sites\/5\/2026\/04\/IGSS-Jornada-de-la-Seguridad-Social-Molino-Santa-Ana-202600015-768x512.jpg 768w, \/wp-content\/uploads\/sites\/5\/2026\/04\/IGSS-Jornada-de-la-Seguridad-Social-Molino-Santa-Ana-202600015-1536x1024.jpg 1536w, \/wp-content\/uploads\/sites\/5\/2026\/04\/IGSS-Jornada-de-la-Seguridad-Social-Molino-Santa-Ana-202600015-696x464.jpg 696w, \/wp-content\/uploads\/sites\/5\/2026\/04\/IGSS-Jornada-de-la-Seguridad-Social-Molino-Santa-Ana-202600015-1068x712.jpg 1068w, \/wp-content\/uploads\/sites\/5\/2026\/04\/IGSS-Jornada-de-la-Seguridad-Social-Molino-Santa-Ana-202600015-534x356.jpg 534w, \/wp-content\/uploads\/sites\/5\/2026\/04\/IGSS-Jornada-de-la-Seguridad-Social-Molino-Santa-Ana-202600015.jpg 1599w\" sizes=\"(max-width: 630px) 100vw, 630px\" alt=\"\">\r\n                            <\/a>\r\n                            \r\n                        <\/figure>\r\n                    <\/div>\r\n                    <div class = \"td-slide-item td-item13\">\r\n                        <figure class=\"td-slide-galery-figure td-slide-popup-gallery\">\r\n                            <a class=\"slide-gallery-image-link\" href=\"\/wp-content\/uploads\/sites\/5\/2026\/04\/IGSS-Jornada-de-la-Seguridad-Social-Molino-Santa-Ana-202600003.jpg\" title=\"IGSS Jornada de la Seguridad Social Molino Santa Ana 202600003\"  data-caption=\"\"  data-description=\"\">\r\n                                <img decoding=\"async\" src=\"\/wp-content\/uploads\/sites\/5\/2026\/04\/IGSS-Jornada-de-la-Seguridad-Social-Molino-Santa-Ana-202600003-630x420.jpg\" srcset=\"\/wp-content\/uploads\/sites\/5\/2026\/04\/IGSS-Jornada-de-la-Seguridad-Social-Molino-Santa-Ana-202600003-630x420.jpg 630w, \/wp-content\/uploads\/sites\/5\/2026\/04\/IGSS-Jornada-de-la-Seguridad-Social-Molino-Santa-Ana-202600003-300x200.jpg 300w, \/wp-content\/uploads\/sites\/5\/2026\/04\/IGSS-Jornada-de-la-Seguridad-Social-Molino-Santa-Ana-202600003-1024x683.jpg 1024w, \/wp-content\/uploads\/sites\/5\/2026\/04\/IGSS-Jornada-de-la-Seguridad-Social-Molino-Santa-Ana-202600003-768x512.jpg 768w, \/wp-content\/uploads\/sites\/5\/2026\/04\/IGSS-Jornada-de-la-Seguridad-Social-Molino-Santa-Ana-202600003-1536x1024.jpg 1536w, \/wp-content\/uploads\/sites\/5\/2026\/04\/IGSS-Jornada-de-la-Seguridad-Social-Molino-Santa-Ana-202600003-696x464.jpg 696w, \/wp-content\/uploads\/sites\/5\/2026\/04\/IGSS-Jornada-de-la-Seguridad-Social-Molino-Santa-Ana-202600003-1068x712.jpg 1068w, \/wp-content\/uploads\/sites\/5\/2026\/04\/IGSS-Jornada-de-la-Seguridad-Social-Molino-Santa-Ana-202600003-534x356.jpg 534w, \/wp-content\/uploads\/sites\/5\/2026\/04\/IGSS-Jornada-de-la-Seguridad-Social-Molino-Santa-Ana-202600003.jpg 1599w\" sizes=\"(max-width: 630px) 100vw, 630px\" alt=\"\">\r\n                            <\/a>\r\n                            \r\n                        <\/figure>\r\n                    <\/div>\r\n                    <div class = \"td-slide-item td-item14\">\r\n                        <figure class=\"td-slide-galery-figure td-slide-popup-gallery\">\r\n                            <a class=\"slide-gallery-image-link\" href=\"\/wp-content\/uploads\/sites\/5\/2026\/04\/IGSS-Jornada-de-la-Seguridad-Social-Molino-Santa-Ana-202600010.jpg\" title=\"IGSS Jornada de la Seguridad Social Molino Santa Ana 202600010\"  data-caption=\"\"  data-description=\"\">\r\n                                <img decoding=\"async\" src=\"\/wp-content\/uploads\/sites\/5\/2026\/04\/IGSS-Jornada-de-la-Seguridad-Social-Molino-Santa-Ana-202600010-630x420.jpg\" srcset=\"\/wp-content\/uploads\/sites\/5\/2026\/04\/IGSS-Jornada-de-la-Seguridad-Social-Molino-Santa-Ana-202600010-630x420.jpg 630w, \/wp-content\/uploads\/sites\/5\/2026\/04\/IGSS-Jornada-de-la-Seguridad-Social-Molino-Santa-Ana-202600010-300x200.jpg 300w, \/wp-content\/uploads\/sites\/5\/2026\/04\/IGSS-Jornada-de-la-Seguridad-Social-Molino-Santa-Ana-202600010-1024x683.jpg 1024w, \/wp-content\/uploads\/sites\/5\/2026\/04\/IGSS-Jornada-de-la-Seguridad-Social-Molino-Santa-Ana-202600010-768x512.jpg 768w, \/wp-content\/uploads\/sites\/5\/2026\/04\/IGSS-Jornada-de-la-Seguridad-Social-Molino-Santa-Ana-202600010-1536x1024.jpg 1536w, \/wp-content\/uploads\/sites\/5\/2026\/04\/IGSS-Jornada-de-la-Seguridad-Social-Molino-Santa-Ana-202600010-696x464.jpg 696w, \/wp-content\/uploads\/sites\/5\/2026\/04\/IGSS-Jornada-de-la-Seguridad-Social-Molino-Santa-Ana-202600010-1068x712.jpg 1068w, \/wp-content\/uploads\/sites\/5\/2026\/04\/IGSS-Jornada-de-la-Seguridad-Social-Molino-Santa-Ana-202600010-534x356.jpg 534w, \/wp-content\/uploads\/sites\/5\/2026\/04\/IGSS-Jornada-de-la-Seguridad-Social-Molino-Santa-Ana-202600010.jpg 1599w\" sizes=\"(max-width: 630px) 100vw, 630px\" alt=\"\">\r\n                            <\/a>\r\n                            \r\n                        <\/figure>\r\n                    <\/div>\r\n                    <div class = \"td-slide-item td-item15\">\r\n                        <figure class=\"td-slide-galery-figure td-slide-popup-gallery\">\r\n                            <a class=\"slide-gallery-image-link\" href=\"\/wp-content\/uploads\/sites\/5\/2026\/04\/IGSS-Jornada-de-la-Seguridad-Social-Molino-Santa-Ana-202600011.jpg\" title=\"IGSS Jornada de la Seguridad Social Molino Santa Ana 202600011\"  data-caption=\"\"  data-description=\"\">\r\n                                <img decoding=\"async\" src=\"\/wp-content\/uploads\/sites\/5\/2026\/04\/IGSS-Jornada-de-la-Seguridad-Social-Molino-Santa-Ana-202600011-630x420.jpg\" srcset=\"\/wp-content\/uploads\/sites\/5\/2026\/04\/IGSS-Jornada-de-la-Seguridad-Social-Molino-Santa-Ana-202600011-630x420.jpg 630w, \/wp-content\/uploads\/sites\/5\/2026\/04\/IGSS-Jornada-de-la-Seguridad-Social-Molino-Santa-Ana-202600011-300x200.jpg 300w, \/wp-content\/uploads\/sites\/5\/2026\/04\/IGSS-Jornada-de-la-Seguridad-Social-Molino-Santa-Ana-202600011-1024x683.jpg 1024w, \/wp-content\/uploads\/sites\/5\/2026\/04\/IGSS-Jornada-de-la-Seguridad-Social-Molino-Santa-Ana-202600011-768x512.jpg 768w, \/wp-content\/uploads\/sites\/5\/2026\/04\/IGSS-Jornada-de-la-Seguridad-Social-Molino-Santa-Ana-202600011-1536x1024.jpg 1536w, \/wp-content\/uploads\/sites\/5\/2026\/04\/IGSS-Jornada-de-la-Seguridad-Social-Molino-Santa-Ana-202600011-696x464.jpg 696w, \/wp-content\/uploads\/sites\/5\/2026\/04\/IGSS-Jornada-de-la-Seguridad-Social-Molino-Santa-Ana-202600011-1068x712.jpg 1068w, \/wp-content\/uploads\/sites\/5\/2026\/04\/IGSS-Jornada-de-la-Seguridad-Social-Molino-Santa-Ana-202600011-534x356.jpg 534w, \/wp-content\/uploads\/sites\/5\/2026\/04\/IGSS-Jornada-de-la-Seguridad-Social-Molino-Santa-Ana-202600011.jpg 1599w\" sizes=\"(max-width: 630px) 100vw, 630px\" alt=\"\">\r\n                            <\/a>\r\n                            \r\n                        <\/figure>\r\n                    <\/div>\r\n                            <\/div>\r\n                        <\/div>\r\n\r\n                        <div class = \"td-doubleSlider-2\">\r\n                            <div class = \"td-slider\">\r\n                                \r\n                    <div class = \"td-button td-item1\">\r\n                        <div class = \"td-border\"><\/div>\r\n                    <\/div>\r\n                    <div class = \"td-button td-item2\">\r\n                        <div class = \"td-border\"><\/div>\r\n                    <\/div>\r\n                    <div class = \"td-button td-item3\">\r\n                        <div class = \"td-border\"><\/div>\r\n                    <\/div>\r\n                    <div class = \"td-button td-item4\">\r\n                        <div class = \"td-border\"><\/div>\r\n                    <\/div>\r\n                    <div class = \"td-button td-item5\">\r\n                        <div class = \"td-border\"><\/div>\r\n                    <\/div>\r\n                    <div class = \"td-button td-item6\">\r\n                        <div class = \"td-border\"><\/div>\r\n                    <\/div>\r\n                    <div class = \"td-button td-item7\">\r\n                        <div class = \"td-border\"><\/div>\r\n                    <\/div>\r\n                    <div class = \"td-button td-item8\">\r\n                        <div class = \"td-border\"><\/div>\r\n                    <\/div>\r\n                    <div class = \"td-button td-item9\">\r\n                        <div class = \"td-border\"><\/div>\r\n                    <\/div>\r\n                    <div class = \"td-button td-item10\">\r\n                        <div class = \"td-border\"><\/div>\r\n                    <\/div>\r\n                    <div class = \"td-button td-item11\">\r\n                        <div class = \"td-border\"><\/div>\r\n                    <\/div>\r\n                    <div class = \"td-button td-item12\">\r\n                        <div class = \"td-border\"><\/div>\r\n                    <\/div>\r\n                    <div class = \"td-button td-item13\">\r\n                        <div class = \"td-border\"><\/div>\r\n                    <\/div>\r\n                    <div class = \"td-button td-item14\">\r\n                        <div class = \"td-border\"><\/div>\r\n                    <\/div>\r\n                    <div class = \"td-button td-item15\">\r\n                        <div class = \"td-border\"><\/div>\r\n                    <\/div>\r\n                            <\/div>\r\n                        <\/div>\r\n\r\n                    <\/div>\r\n\r\n                <\/div>\r\n                \n\n\n\n<p><\/p>\n","protected":false},"excerpt":{"rendered":"<p>Con el objetivo de fomentar una cultura de salud preventiva, el Instituto Guatemalteco de Seguridad Social (IGSS), llev\u00f3 la Jornada de la Seguridad Social a las instalaciones de Molino Santa Ana, en Amatitl\u00e1n, beneficiando a m\u00e1s de 175 colaboradores.<\/p>\n","protected":false},"author":3269,"featured_media":55767,"comment_status":"closed","ping_status":"closed","sticky":false,"template":"","format":"standard","meta":{"footnotes":""},"categories":[3,1130,45,1291,27,31,33],"tags":[490,2280,2706,2281,2486],"coauthors":[1970],"class_list":{"0":"post-55766","1":"post","2":"type-post","3":"status-publish","4":"format-standard","5":"has-post-thumbnail","7":"category-actualidad","8":"category-consejos-medicos","9":"category-jornadas-medicas","10":"category-prestaciones-en-salud","11":"category-prevencion-en-salud","12":"category-salud","13":"category-servicios-de-salud","14":"tag-igss","15":"tag-jornadas-de-la-seguridad-social","16":"tag-tamizajes","17":"tag-tamizajes-de-laboratorio","18":"tag-tamizajes-igss"},"_links":{"self":[{"href":"https:\/\/www.igssgt.org\/noticias\/wp-json\/wp\/v2\/posts\/55766","targetHints":{"allow":["GET"]}}],"collection":[{"href":"https:\/\/www.igssgt.org\/noticias\/wp-json\/wp\/v2\/posts"}],"about":[{"href":"https:\/\/www.igssgt.org\/noticias\/wp-json\/wp\/v2\/types\/post"}],"author":[{"embeddable":true,"href":"https:\/\/www.igssgt.org\/noticias\/wp-json\/wp\/v2\/users\/3269"}],"replies":[{"embeddable":true,"href":"https:\/\/www.igssgt.org\/noticias\/wp-json\/wp\/v2\/comments?post=55766"}],"version-history":[{"count":2,"href":"https:\/\/www.igssgt.org\/noticias\/wp-json\/wp\/v2\/posts\/55766\/revisions"}],"predecessor-version":[{"id":55786,"href":"https:\/\/www.igssgt.org\/noticias\/wp-json\/wp\/v2\/posts\/55766\/revisions\/55786"}],"wp:featuredmedia":[{"embeddable":true,"href":"https:\/\/www.igssgt.org\/noticias\/wp-json\/wp\/v2\/media\/55767"}],"wp:attachment":[{"href":"https:\/\/www.igssgt.org\/noticias\/wp-json\/wp\/v2\/media?parent=55766"}],"wp:term":[{"taxonomy":"category","embeddable":true,"href":"https:\/\/www.igssgt.org\/noticias\/wp-json\/wp\/v2\/categories?post=55766"},{"taxonomy":"post_tag","embeddable":true,"href":"https:\/\/www.igssgt.org\/noticias\/wp-json\/wp\/v2\/tags?post=55766"},{"taxonomy":"author","embeddable":true,"href":"https:\/\/www.igssgt.org\/noticias\/wp-json\/wp\/v2\/coauthors?post=55766"}],"curies":[{"name":"wp","href":"https:\/\/api.w.org\/{rel}","templated":true}]}}