{"id":55787,"date":"2026-04-27T10:34:54","date_gmt":"2026-04-27T16:34:54","guid":{"rendered":"https:\/\/www.igssgt.org\/noticias\/?p=55787"},"modified":"2026-04-27T10:34:54","modified_gmt":"2026-04-27T16:34:54","slug":"el-igss-lleva-la-salud-y-prevencion-a-los-trabajadores-de-molinos-central-helvetia","status":"publish","type":"post","link":"https:\/\/www.igssgt.org\/noticias\/2026\/04\/27\/el-igss-lleva-la-salud-y-prevencion-a-los-trabajadores-de-molinos-central-helvetia\/","title":{"rendered":"El IGSS lleva la salud y prevenci\u00f3n a los trabajadores de Molinos Central Helvetia"},"content":{"rendered":"\n<p class=\"dropcapp2\">Las oficinas de Molinos Central Helvetia se convirtieron en el escenario de la 48.\u00aa Jornada de la Seguridad Social que realiza el IGSS como parte de sus acciones encaminadas a acercar sus servicios a sus afiliados.<\/p>\n\n\n\n<figure id=\"attachment_55789\" aria-describedby=\"caption-attachment-55789\" style=\"width: 1600px\" class=\"wp-caption aligncenter\"><a href=\"\/wp-content\/uploads\/sites\/5\/2026\/04\/IGSS-Jornada-de-la-Seguridad-Social-Molinos-Central-Helvetia-202600001.jpg\"><img loading=\"lazy\" decoding=\"async\" class=\"size-full wp-image-55789\" src=\"\/wp-content\/uploads\/sites\/5\/2026\/04\/IGSS-Jornada-de-la-Seguridad-Social-Molinos-Central-Helvetia-202600001.jpg\" alt=\"\" width=\"1600\" height=\"1066\" srcset=\"\/wp-content\/uploads\/sites\/5\/2026\/04\/IGSS-Jornada-de-la-Seguridad-Social-Molinos-Central-Helvetia-202600001.jpg 1600w, \/wp-content\/uploads\/sites\/5\/2026\/04\/IGSS-Jornada-de-la-Seguridad-Social-Molinos-Central-Helvetia-202600001-300x200.jpg 300w, \/wp-content\/uploads\/sites\/5\/2026\/04\/IGSS-Jornada-de-la-Seguridad-Social-Molinos-Central-Helvetia-202600001-1024x682.jpg 1024w, \/wp-content\/uploads\/sites\/5\/2026\/04\/IGSS-Jornada-de-la-Seguridad-Social-Molinos-Central-Helvetia-202600001-768x512.jpg 768w, \/wp-content\/uploads\/sites\/5\/2026\/04\/IGSS-Jornada-de-la-Seguridad-Social-Molinos-Central-Helvetia-202600001-1536x1023.jpg 1536w, \/wp-content\/uploads\/sites\/5\/2026\/04\/IGSS-Jornada-de-la-Seguridad-Social-Molinos-Central-Helvetia-202600001-630x420.jpg 630w, \/wp-content\/uploads\/sites\/5\/2026\/04\/IGSS-Jornada-de-la-Seguridad-Social-Molinos-Central-Helvetia-202600001-696x464.jpg 696w, \/wp-content\/uploads\/sites\/5\/2026\/04\/IGSS-Jornada-de-la-Seguridad-Social-Molinos-Central-Helvetia-202600001-1068x712.jpg 1068w, \/wp-content\/uploads\/sites\/5\/2026\/04\/IGSS-Jornada-de-la-Seguridad-Social-Molinos-Central-Helvetia-202600001-534x356.jpg 534w\" sizes=\"auto, (max-width: 1600px) 100vw, 1600px\" \/><\/a><figcaption id=\"caption-attachment-55789\" class=\"wp-caption-text\">Los colaboradores manifestaron su agradecimiento al IGSS por facilitar estos servicios.<\/figcaption><\/figure>\n<p>Estas acciones tienen como finalidad detectar enfermedades cr\u00f3nicas como diabetes, hipertensi\u00f3n, enfermedades renales y hep\u00e1ticas, entre otras, a fin de proporcionar un tratamiento temprano y oportuno.\u00a0\u00a0 Previniendo que las mismas se agraven y compliquen la salud de sus afiliados.<\/p>\n<p>Los beneficiados en esta ocasi\u00f3n fueron 200 colaboradores, quienes demostraron que cuando se trata del cuidado de la salud, nunca es demasiado temprano.\u00a0 De tal manera, que el personal se dio cita en el \u00e1rea de toma de muestras desde las cinco de la ma\u00f1ana.\u00a0<\/p>\n<p>Entre los ex\u00e1menes realizados est\u00e1n: hematolog\u00eda completa, colesterol, pruebas renales y glucosa en ayunas.\u00a0\u00a0 Tambi\u00e9n hubo toma de signos vitales y para complementar el cuidado de los colaboradores, personal del IGSS imparti\u00f3 una charla de salud y seguridad ocupacional.\u00a0<\/p>\n<figure id=\"attachment_55790\" aria-describedby=\"caption-attachment-55790\" style=\"width: 1600px\" class=\"wp-caption aligncenter\"><a href=\"\/wp-content\/uploads\/sites\/5\/2026\/04\/IGSS-Jornada-de-la-Seguridad-Social-Molinos-Central-Helvetia-202600008.jpg\"><img loading=\"lazy\" decoding=\"async\" class=\"size-full wp-image-55790\" src=\"\/wp-content\/uploads\/sites\/5\/2026\/04\/IGSS-Jornada-de-la-Seguridad-Social-Molinos-Central-Helvetia-202600008.jpg\" alt=\"\" width=\"1600\" height=\"1066\" srcset=\"\/wp-content\/uploads\/sites\/5\/2026\/04\/IGSS-Jornada-de-la-Seguridad-Social-Molinos-Central-Helvetia-202600008.jpg 1600w, \/wp-content\/uploads\/sites\/5\/2026\/04\/IGSS-Jornada-de-la-Seguridad-Social-Molinos-Central-Helvetia-202600008-300x200.jpg 300w, \/wp-content\/uploads\/sites\/5\/2026\/04\/IGSS-Jornada-de-la-Seguridad-Social-Molinos-Central-Helvetia-202600008-1024x682.jpg 1024w, \/wp-content\/uploads\/sites\/5\/2026\/04\/IGSS-Jornada-de-la-Seguridad-Social-Molinos-Central-Helvetia-202600008-768x512.jpg 768w, \/wp-content\/uploads\/sites\/5\/2026\/04\/IGSS-Jornada-de-la-Seguridad-Social-Molinos-Central-Helvetia-202600008-1536x1023.jpg 1536w, \/wp-content\/uploads\/sites\/5\/2026\/04\/IGSS-Jornada-de-la-Seguridad-Social-Molinos-Central-Helvetia-202600008-630x420.jpg 630w, \/wp-content\/uploads\/sites\/5\/2026\/04\/IGSS-Jornada-de-la-Seguridad-Social-Molinos-Central-Helvetia-202600008-696x464.jpg 696w, \/wp-content\/uploads\/sites\/5\/2026\/04\/IGSS-Jornada-de-la-Seguridad-Social-Molinos-Central-Helvetia-202600008-1068x712.jpg 1068w, \/wp-content\/uploads\/sites\/5\/2026\/04\/IGSS-Jornada-de-la-Seguridad-Social-Molinos-Central-Helvetia-202600008-534x356.jpg 534w\" sizes=\"auto, (max-width: 1600px) 100vw, 1600px\" \/><\/a><figcaption id=\"caption-attachment-55790\" class=\"wp-caption-text\">La toma de muestras es r\u00e1pida y los resultados son confiables.<\/figcaption><\/figure>\n<p>Para Dorys Cotto, gerente de Recursos Humanos de la empresa, este es un !d\u00eda de fiesta! Ya que los colaboradores reciben la importancia que merecen al darles la oportunidad de realizar un tamizaje de enfermedades en su lugar de trabajo.<\/p>\n<p>La profesional agradeci\u00f3 al IGSS por esta iniciativa, ya que los colaboradores se ahorran tiempo, dinero y otros inconvenientes al hacer cita en una Unidad Perif\u00e9rica.<\/p>\n<p>\u201cEs importante que todos presten atenci\u00f3n a su estado de salud y se realicen estas pruebas de detecci\u00f3n temprana de enfermedades, antes de que sea tarde\u201d, indica la doctora Deymi Marroqu\u00edn, m\u00e9dico de jornada del Seguro Social.<\/p>\n<figure id=\"attachment_55791\" aria-describedby=\"caption-attachment-55791\" style=\"width: 1600px\" class=\"wp-caption aligncenter\"><a href=\"\/wp-content\/uploads\/sites\/5\/2026\/04\/IGSS-Jornada-de-la-Seguridad-Social-Molinos-Central-Helvetia-202600010.jpg\"><img loading=\"lazy\" decoding=\"async\" class=\"size-full wp-image-55791\" src=\"\/wp-content\/uploads\/sites\/5\/2026\/04\/IGSS-Jornada-de-la-Seguridad-Social-Molinos-Central-Helvetia-202600010.jpg\" alt=\"\" width=\"1600\" height=\"1066\" srcset=\"\/wp-content\/uploads\/sites\/5\/2026\/04\/IGSS-Jornada-de-la-Seguridad-Social-Molinos-Central-Helvetia-202600010.jpg 1600w, \/wp-content\/uploads\/sites\/5\/2026\/04\/IGSS-Jornada-de-la-Seguridad-Social-Molinos-Central-Helvetia-202600010-300x200.jpg 300w, \/wp-content\/uploads\/sites\/5\/2026\/04\/IGSS-Jornada-de-la-Seguridad-Social-Molinos-Central-Helvetia-202600010-1024x682.jpg 1024w, \/wp-content\/uploads\/sites\/5\/2026\/04\/IGSS-Jornada-de-la-Seguridad-Social-Molinos-Central-Helvetia-202600010-768x512.jpg 768w, \/wp-content\/uploads\/sites\/5\/2026\/04\/IGSS-Jornada-de-la-Seguridad-Social-Molinos-Central-Helvetia-202600010-1536x1023.jpg 1536w, \/wp-content\/uploads\/sites\/5\/2026\/04\/IGSS-Jornada-de-la-Seguridad-Social-Molinos-Central-Helvetia-202600010-630x420.jpg 630w, \/wp-content\/uploads\/sites\/5\/2026\/04\/IGSS-Jornada-de-la-Seguridad-Social-Molinos-Central-Helvetia-202600010-696x464.jpg 696w, \/wp-content\/uploads\/sites\/5\/2026\/04\/IGSS-Jornada-de-la-Seguridad-Social-Molinos-Central-Helvetia-202600010-1068x712.jpg 1068w, \/wp-content\/uploads\/sites\/5\/2026\/04\/IGSS-Jornada-de-la-Seguridad-Social-Molinos-Central-Helvetia-202600010-534x356.jpg 534w\" sizes=\"auto, (max-width: 1600px) 100vw, 1600px\" \/><\/a><figcaption id=\"caption-attachment-55791\" class=\"wp-caption-text\">Las empresas interesadas en agendar una Jornada en su empresa pueden comunicarse con el Departamento de Medicina Preventiva del IGSS.<\/figcaption><\/figure>\n<p>Las muestras son llevadas a uno de los dos laboratorios m\u00f3viles que viajan en cada jornada, las cuales se procesan en ese mismo momento, garantizando la seguridad y confiabilidad de los resultados.\u00a0<\/p>\n\r\n                <style type=\"text\/css\">\r\n                    \r\n                    #tdi_1  .td-doubleSlider-2 .td-item1 {\r\n                        background: url(\/wp-content\/uploads\/sites\/5\/2026\/04\/IGSS-Jornada-de-la-Seguridad-Social-Molinos-Central-Helvetia-202600004-80x60.jpg) 0 0 no-repeat;\r\n                    }\r\n                    #tdi_1  .td-doubleSlider-2 .td-item2 {\r\n                        background: url(\/wp-content\/uploads\/sites\/5\/2026\/04\/IGSS-Jornada-de-la-Seguridad-Social-Molinos-Central-Helvetia-202600005-80x60.jpg) 0 0 no-repeat;\r\n                    }\r\n                    #tdi_1  .td-doubleSlider-2 .td-item3 {\r\n                        background: url(\/wp-content\/uploads\/sites\/5\/2026\/04\/IGSS-Jornada-de-la-Seguridad-Social-Molinos-Central-Helvetia-202600006-80x60.jpg) 0 0 no-repeat;\r\n                    }\r\n                    #tdi_1  .td-doubleSlider-2 .td-item4 {\r\n                        background: url(\/wp-content\/uploads\/sites\/5\/2026\/04\/IGSS-Jornada-de-la-Seguridad-Social-Molinos-Central-Helvetia-202600012-80x60.jpg) 0 0 no-repeat;\r\n                    }\r\n                    #tdi_1  .td-doubleSlider-2 .td-item5 {\r\n                        background: url(\/wp-content\/uploads\/sites\/5\/2026\/04\/IGSS-Jornada-de-la-Seguridad-Social-Molinos-Central-Helvetia-202600013-80x60.jpg) 0 0 no-repeat;\r\n                    }\r\n                    #tdi_1  .td-doubleSlider-2 .td-item6 {\r\n                        background: url(\/wp-content\/uploads\/sites\/5\/2026\/04\/IGSS-Jornada-de-la-Seguridad-Social-Molinos-Central-Helvetia-202600003-80x60.jpg) 0 0 no-repeat;\r\n                    }\r\n                    #tdi_1  .td-doubleSlider-2 .td-item7 {\r\n                        background: url(\/wp-content\/uploads\/sites\/5\/2026\/04\/IGSS-Jornada-de-la-Seguridad-Social-Molinos-Central-Helvetia-202600007-80x60.jpg) 0 0 no-repeat;\r\n                    }\r\n                    #tdi_1  .td-doubleSlider-2 .td-item8 {\r\n                        background: url(\/wp-content\/uploads\/sites\/5\/2026\/04\/IGSS-Jornada-de-la-Seguridad-Social-Molinos-Central-Helvetia-202600009-80x60.jpg) 0 0 no-repeat;\r\n                    }\r\n                    #tdi_1  .td-doubleSlider-2 .td-item9 {\r\n                        background: url(\/wp-content\/uploads\/sites\/5\/2026\/04\/IGSS-Jornada-de-la-Seguridad-Social-Molinos-Central-Helvetia-202600011-80x60.jpg) 0 0 no-repeat;\r\n                    }\r\n                    #tdi_1  .td-doubleSlider-2 .td-item10 {\r\n                        background: url(\/wp-content\/uploads\/sites\/5\/2026\/04\/IGSS-Jornada-de-la-Seguridad-Social-Molinos-Central-Helvetia-202600014-80x60.jpg) 0 0 no-repeat;\r\n                    }\r\n                    #tdi_1  .td-doubleSlider-2 .td-item11 {\r\n                        background: url(\/wp-content\/uploads\/sites\/5\/2026\/04\/IGSS-Jornada-de-la-Seguridad-Social-Molinos-Central-Helvetia-202600015-80x60.jpg) 0 0 no-repeat;\r\n                    }\r\n                    #tdi_1  .td-doubleSlider-2 .td-item12 {\r\n                        background: url(\/wp-content\/uploads\/sites\/5\/2026\/04\/IGSS-Jornada-de-la-Seguridad-Social-Molinos-Central-Helvetia-202600002-80x60.jpg) 0 0 no-repeat;\r\n                    }\r\n                <\/style>\r\n\r\n                <div id=\"tdi_1\" class=\"td-gallery td-slide-on-2-columns\">\r\n                    <div class=\"post_td_gallery\">\r\n                        <div class=\"td-gallery-slide-top\">\r\n                           <div class=\"td-gallery-title\"><\/div>\r\n\r\n                            <div class=\"td-gallery-controls-wrapper\">\r\n                                <div class=\"td-gallery-slide-count\"><span class=\"td-gallery-slide-item-focus\">1<\/span> de 12<\/div>\r\n                                <div class=\"td-gallery-slide-prev-next-but\">\r\n                                    <i class = \"td-icon-left doubleSliderPrevButton\"><\/i>\r\n                                    <i class = \"td-icon-right doubleSliderNextButton\"><\/i>\r\n                                <\/div>\r\n                            <\/div>\r\n                        <\/div>\r\n\r\n                        <div class = \"td-doubleSlider-1 \">\r\n                            <div class = \"td-slider\">\r\n                                \r\n                    <div class = \"td-slide-item td-item1\">\r\n                        <figure class=\"td-slide-galery-figure td-slide-popup-gallery\">\r\n                            <a class=\"slide-gallery-image-link\" href=\"\/wp-content\/uploads\/sites\/5\/2026\/04\/IGSS-Jornada-de-la-Seguridad-Social-Molinos-Central-Helvetia-202600004.jpg\" title=\"IGSS Jornada de la Seguridad Social Molinos Central Helvetia 202600004\"  data-caption=\"\"  data-description=\"\">\r\n                                <img decoding=\"async\" src=\"\/wp-content\/uploads\/sites\/5\/2026\/04\/IGSS-Jornada-de-la-Seguridad-Social-Molinos-Central-Helvetia-202600004-315x420.jpg\" srcset=\"\/wp-content\/uploads\/sites\/5\/2026\/04\/IGSS-Jornada-de-la-Seguridad-Social-Molinos-Central-Helvetia-202600004-315x420.jpg 315w, \/wp-content\/uploads\/sites\/5\/2026\/04\/IGSS-Jornada-de-la-Seguridad-Social-Molinos-Central-Helvetia-202600004-225x300.jpg 225w, \/wp-content\/uploads\/sites\/5\/2026\/04\/IGSS-Jornada-de-la-Seguridad-Social-Molinos-Central-Helvetia-202600004-768x1024.jpg 768w, \/wp-content\/uploads\/sites\/5\/2026\/04\/IGSS-Jornada-de-la-Seguridad-Social-Molinos-Central-Helvetia-202600004-696x928.jpg 696w, \/wp-content\/uploads\/sites\/5\/2026\/04\/IGSS-Jornada-de-la-Seguridad-Social-Molinos-Central-Helvetia-202600004-347x462.jpg 347w, \/wp-content\/uploads\/sites\/5\/2026\/04\/IGSS-Jornada-de-la-Seguridad-Social-Molinos-Central-Helvetia-202600004.jpg 960w\" sizes=\"(max-width: 315px) 100vw, 315px\" alt=\"\">\r\n                            <\/a>\r\n                            \r\n                        <\/figure>\r\n                    <\/div>\r\n                    <div class = \"td-slide-item td-item2\">\r\n                        <figure class=\"td-slide-galery-figure td-slide-popup-gallery\">\r\n                            <a class=\"slide-gallery-image-link\" href=\"\/wp-content\/uploads\/sites\/5\/2026\/04\/IGSS-Jornada-de-la-Seguridad-Social-Molinos-Central-Helvetia-202600005.jpg\" title=\"IGSS Jornada de la Seguridad Social Molinos Central Helvetia 202600005\"  data-caption=\"\"  data-description=\"\">\r\n                                <img decoding=\"async\" src=\"\/wp-content\/uploads\/sites\/5\/2026\/04\/IGSS-Jornada-de-la-Seguridad-Social-Molinos-Central-Helvetia-202600005-280x420.jpg\" srcset=\"\/wp-content\/uploads\/sites\/5\/2026\/04\/IGSS-Jornada-de-la-Seguridad-Social-Molinos-Central-Helvetia-202600005-280x420.jpg 280w, \/wp-content\/uploads\/sites\/5\/2026\/04\/IGSS-Jornada-de-la-Seguridad-Social-Molinos-Central-Helvetia-202600005-200x300.jpg 200w, \/wp-content\/uploads\/sites\/5\/2026\/04\/IGSS-Jornada-de-la-Seguridad-Social-Molinos-Central-Helvetia-202600005-682x1024.jpg 682w, \/wp-content\/uploads\/sites\/5\/2026\/04\/IGSS-Jornada-de-la-Seguridad-Social-Molinos-Central-Helvetia-202600005-768x1153.jpg 768w, \/wp-content\/uploads\/sites\/5\/2026\/04\/IGSS-Jornada-de-la-Seguridad-Social-Molinos-Central-Helvetia-202600005-1023x1536.jpg 1023w, \/wp-content\/uploads\/sites\/5\/2026\/04\/IGSS-Jornada-de-la-Seguridad-Social-Molinos-Central-Helvetia-202600005-696x1045.jpg 696w, \/wp-content\/uploads\/sites\/5\/2026\/04\/IGSS-Jornada-de-la-Seguridad-Social-Molinos-Central-Helvetia-202600005-308x462.jpg 308w, \/wp-content\/uploads\/sites\/5\/2026\/04\/IGSS-Jornada-de-la-Seguridad-Social-Molinos-Central-Helvetia-202600005.jpg 1066w\" sizes=\"(max-width: 280px) 100vw, 280px\" alt=\"\">\r\n                            <\/a>\r\n                            \r\n                        <\/figure>\r\n                    <\/div>\r\n                    <div class = \"td-slide-item td-item3\">\r\n                        <figure class=\"td-slide-galery-figure td-slide-popup-gallery\">\r\n                            <a class=\"slide-gallery-image-link\" href=\"\/wp-content\/uploads\/sites\/5\/2026\/04\/IGSS-Jornada-de-la-Seguridad-Social-Molinos-Central-Helvetia-202600006.jpg\" title=\"IGSS Jornada de la Seguridad Social Molinos Central Helvetia 202600006\"  data-caption=\"\"  data-description=\"\">\r\n                                <img decoding=\"async\" src=\"\/wp-content\/uploads\/sites\/5\/2026\/04\/IGSS-Jornada-de-la-Seguridad-Social-Molinos-Central-Helvetia-202600006-280x420.jpg\" srcset=\"\/wp-content\/uploads\/sites\/5\/2026\/04\/IGSS-Jornada-de-la-Seguridad-Social-Molinos-Central-Helvetia-202600006-280x420.jpg 280w, \/wp-content\/uploads\/sites\/5\/2026\/04\/IGSS-Jornada-de-la-Seguridad-Social-Molinos-Central-Helvetia-202600006-200x300.jpg 200w, \/wp-content\/uploads\/sites\/5\/2026\/04\/IGSS-Jornada-de-la-Seguridad-Social-Molinos-Central-Helvetia-202600006-682x1024.jpg 682w, \/wp-content\/uploads\/sites\/5\/2026\/04\/IGSS-Jornada-de-la-Seguridad-Social-Molinos-Central-Helvetia-202600006-768x1153.jpg 768w, \/wp-content\/uploads\/sites\/5\/2026\/04\/IGSS-Jornada-de-la-Seguridad-Social-Molinos-Central-Helvetia-202600006-1023x1536.jpg 1023w, \/wp-content\/uploads\/sites\/5\/2026\/04\/IGSS-Jornada-de-la-Seguridad-Social-Molinos-Central-Helvetia-202600006-696x1045.jpg 696w, \/wp-content\/uploads\/sites\/5\/2026\/04\/IGSS-Jornada-de-la-Seguridad-Social-Molinos-Central-Helvetia-202600006-308x462.jpg 308w, \/wp-content\/uploads\/sites\/5\/2026\/04\/IGSS-Jornada-de-la-Seguridad-Social-Molinos-Central-Helvetia-202600006.jpg 1066w\" sizes=\"(max-width: 280px) 100vw, 280px\" alt=\"\">\r\n                            <\/a>\r\n                            \r\n                        <\/figure>\r\n                    <\/div>\r\n                    <div class = \"td-slide-item td-item4\">\r\n                        <figure class=\"td-slide-galery-figure td-slide-popup-gallery\">\r\n                            <a class=\"slide-gallery-image-link\" href=\"\/wp-content\/uploads\/sites\/5\/2026\/04\/IGSS-Jornada-de-la-Seguridad-Social-Molinos-Central-Helvetia-202600012.jpg\" title=\"IGSS Jornada de la Seguridad Social Molinos Central Helvetia 202600012\"  data-caption=\"\"  data-description=\"\">\r\n                                <img decoding=\"async\" src=\"\/wp-content\/uploads\/sites\/5\/2026\/04\/IGSS-Jornada-de-la-Seguridad-Social-Molinos-Central-Helvetia-202600012-280x420.jpg\" srcset=\"\/wp-content\/uploads\/sites\/5\/2026\/04\/IGSS-Jornada-de-la-Seguridad-Social-Molinos-Central-Helvetia-202600012-280x420.jpg 280w, \/wp-content\/uploads\/sites\/5\/2026\/04\/IGSS-Jornada-de-la-Seguridad-Social-Molinos-Central-Helvetia-202600012-200x300.jpg 200w, \/wp-content\/uploads\/sites\/5\/2026\/04\/IGSS-Jornada-de-la-Seguridad-Social-Molinos-Central-Helvetia-202600012-682x1024.jpg 682w, \/wp-content\/uploads\/sites\/5\/2026\/04\/IGSS-Jornada-de-la-Seguridad-Social-Molinos-Central-Helvetia-202600012-768x1153.jpg 768w, \/wp-content\/uploads\/sites\/5\/2026\/04\/IGSS-Jornada-de-la-Seguridad-Social-Molinos-Central-Helvetia-202600012-1023x1536.jpg 1023w, \/wp-content\/uploads\/sites\/5\/2026\/04\/IGSS-Jornada-de-la-Seguridad-Social-Molinos-Central-Helvetia-202600012-696x1045.jpg 696w, \/wp-content\/uploads\/sites\/5\/2026\/04\/IGSS-Jornada-de-la-Seguridad-Social-Molinos-Central-Helvetia-202600012-308x462.jpg 308w, \/wp-content\/uploads\/sites\/5\/2026\/04\/IGSS-Jornada-de-la-Seguridad-Social-Molinos-Central-Helvetia-202600012.jpg 1066w\" sizes=\"(max-width: 280px) 100vw, 280px\" alt=\"\">\r\n                            <\/a>\r\n                            \r\n                        <\/figure>\r\n                    <\/div>\r\n                    <div class = \"td-slide-item td-item5\">\r\n                        <figure class=\"td-slide-galery-figure td-slide-popup-gallery\">\r\n                            <a class=\"slide-gallery-image-link\" href=\"\/wp-content\/uploads\/sites\/5\/2026\/04\/IGSS-Jornada-de-la-Seguridad-Social-Molinos-Central-Helvetia-202600013.jpg\" title=\"IGSS Jornada de la Seguridad Social Molinos Central Helvetia 202600013\"  data-caption=\"\"  data-description=\"\">\r\n                                <img decoding=\"async\" src=\"\/wp-content\/uploads\/sites\/5\/2026\/04\/IGSS-Jornada-de-la-Seguridad-Social-Molinos-Central-Helvetia-202600013-315x420.jpg\" srcset=\"\/wp-content\/uploads\/sites\/5\/2026\/04\/IGSS-Jornada-de-la-Seguridad-Social-Molinos-Central-Helvetia-202600013-315x420.jpg 315w, \/wp-content\/uploads\/sites\/5\/2026\/04\/IGSS-Jornada-de-la-Seguridad-Social-Molinos-Central-Helvetia-202600013-225x300.jpg 225w, \/wp-content\/uploads\/sites\/5\/2026\/04\/IGSS-Jornada-de-la-Seguridad-Social-Molinos-Central-Helvetia-202600013-768x1024.jpg 768w, \/wp-content\/uploads\/sites\/5\/2026\/04\/IGSS-Jornada-de-la-Seguridad-Social-Molinos-Central-Helvetia-202600013-696x928.jpg 696w, \/wp-content\/uploads\/sites\/5\/2026\/04\/IGSS-Jornada-de-la-Seguridad-Social-Molinos-Central-Helvetia-202600013-347x462.jpg 347w, \/wp-content\/uploads\/sites\/5\/2026\/04\/IGSS-Jornada-de-la-Seguridad-Social-Molinos-Central-Helvetia-202600013.jpg 960w\" sizes=\"(max-width: 315px) 100vw, 315px\" alt=\"\">\r\n                            <\/a>\r\n                            \r\n                        <\/figure>\r\n                    <\/div>\r\n                    <div class = \"td-slide-item td-item6\">\r\n                        <figure class=\"td-slide-galery-figure td-slide-popup-gallery\">\r\n                            <a class=\"slide-gallery-image-link\" href=\"\/wp-content\/uploads\/sites\/5\/2026\/04\/IGSS-Jornada-de-la-Seguridad-Social-Molinos-Central-Helvetia-202600003.jpg\" title=\"IGSS Jornada de la Seguridad Social Molinos Central Helvetia 202600003\"  data-caption=\"\"  data-description=\"\">\r\n                                <img decoding=\"async\" src=\"\/wp-content\/uploads\/sites\/5\/2026\/04\/IGSS-Jornada-de-la-Seguridad-Social-Molinos-Central-Helvetia-202600003-315x420.jpg\" srcset=\"\/wp-content\/uploads\/sites\/5\/2026\/04\/IGSS-Jornada-de-la-Seguridad-Social-Molinos-Central-Helvetia-202600003-315x420.jpg 315w, \/wp-content\/uploads\/sites\/5\/2026\/04\/IGSS-Jornada-de-la-Seguridad-Social-Molinos-Central-Helvetia-202600003-225x300.jpg 225w, \/wp-content\/uploads\/sites\/5\/2026\/04\/IGSS-Jornada-de-la-Seguridad-Social-Molinos-Central-Helvetia-202600003-768x1024.jpg 768w, \/wp-content\/uploads\/sites\/5\/2026\/04\/IGSS-Jornada-de-la-Seguridad-Social-Molinos-Central-Helvetia-202600003-696x928.jpg 696w, \/wp-content\/uploads\/sites\/5\/2026\/04\/IGSS-Jornada-de-la-Seguridad-Social-Molinos-Central-Helvetia-202600003-347x462.jpg 347w, \/wp-content\/uploads\/sites\/5\/2026\/04\/IGSS-Jornada-de-la-Seguridad-Social-Molinos-Central-Helvetia-202600003.jpg 960w\" sizes=\"(max-width: 315px) 100vw, 315px\" alt=\"\">\r\n                            <\/a>\r\n                            \r\n                        <\/figure>\r\n                    <\/div>\r\n                    <div class = \"td-slide-item td-item7\">\r\n                        <figure class=\"td-slide-galery-figure td-slide-popup-gallery\">\r\n                            <a class=\"slide-gallery-image-link\" href=\"\/wp-content\/uploads\/sites\/5\/2026\/04\/IGSS-Jornada-de-la-Seguridad-Social-Molinos-Central-Helvetia-202600007.jpg\" title=\"IGSS Jornada de la Seguridad Social Molinos Central Helvetia 202600007\"  data-caption=\"\"  data-description=\"\">\r\n                                <img decoding=\"async\" src=\"\/wp-content\/uploads\/sites\/5\/2026\/04\/IGSS-Jornada-de-la-Seguridad-Social-Molinos-Central-Helvetia-202600007-630x420.jpg\" srcset=\"\/wp-content\/uploads\/sites\/5\/2026\/04\/IGSS-Jornada-de-la-Seguridad-Social-Molinos-Central-Helvetia-202600007-630x420.jpg 630w, \/wp-content\/uploads\/sites\/5\/2026\/04\/IGSS-Jornada-de-la-Seguridad-Social-Molinos-Central-Helvetia-202600007-300x200.jpg 300w, \/wp-content\/uploads\/sites\/5\/2026\/04\/IGSS-Jornada-de-la-Seguridad-Social-Molinos-Central-Helvetia-202600007-1024x682.jpg 1024w, \/wp-content\/uploads\/sites\/5\/2026\/04\/IGSS-Jornada-de-la-Seguridad-Social-Molinos-Central-Helvetia-202600007-768x512.jpg 768w, \/wp-content\/uploads\/sites\/5\/2026\/04\/IGSS-Jornada-de-la-Seguridad-Social-Molinos-Central-Helvetia-202600007-1536x1023.jpg 1536w, \/wp-content\/uploads\/sites\/5\/2026\/04\/IGSS-Jornada-de-la-Seguridad-Social-Molinos-Central-Helvetia-202600007-696x464.jpg 696w, \/wp-content\/uploads\/sites\/5\/2026\/04\/IGSS-Jornada-de-la-Seguridad-Social-Molinos-Central-Helvetia-202600007-1068x712.jpg 1068w, \/wp-content\/uploads\/sites\/5\/2026\/04\/IGSS-Jornada-de-la-Seguridad-Social-Molinos-Central-Helvetia-202600007-534x356.jpg 534w, \/wp-content\/uploads\/sites\/5\/2026\/04\/IGSS-Jornada-de-la-Seguridad-Social-Molinos-Central-Helvetia-202600007.jpg 1600w\" sizes=\"(max-width: 630px) 100vw, 630px\" alt=\"\">\r\n                            <\/a>\r\n                            \r\n                        <\/figure>\r\n                    <\/div>\r\n                    <div class = \"td-slide-item td-item8\">\r\n                        <figure class=\"td-slide-galery-figure td-slide-popup-gallery\">\r\n                            <a class=\"slide-gallery-image-link\" href=\"\/wp-content\/uploads\/sites\/5\/2026\/04\/IGSS-Jornada-de-la-Seguridad-Social-Molinos-Central-Helvetia-202600009.jpg\" title=\"IGSS Jornada de la Seguridad Social Molinos Central Helvetia 202600009\"  data-caption=\"\"  data-description=\"\">\r\n                                <img decoding=\"async\" src=\"\/wp-content\/uploads\/sites\/5\/2026\/04\/IGSS-Jornada-de-la-Seguridad-Social-Molinos-Central-Helvetia-202600009-630x420.jpg\" srcset=\"\/wp-content\/uploads\/sites\/5\/2026\/04\/IGSS-Jornada-de-la-Seguridad-Social-Molinos-Central-Helvetia-202600009-630x420.jpg 630w, \/wp-content\/uploads\/sites\/5\/2026\/04\/IGSS-Jornada-de-la-Seguridad-Social-Molinos-Central-Helvetia-202600009-300x200.jpg 300w, \/wp-content\/uploads\/sites\/5\/2026\/04\/IGSS-Jornada-de-la-Seguridad-Social-Molinos-Central-Helvetia-202600009-1024x682.jpg 1024w, \/wp-content\/uploads\/sites\/5\/2026\/04\/IGSS-Jornada-de-la-Seguridad-Social-Molinos-Central-Helvetia-202600009-768x512.jpg 768w, \/wp-content\/uploads\/sites\/5\/2026\/04\/IGSS-Jornada-de-la-Seguridad-Social-Molinos-Central-Helvetia-202600009-1536x1023.jpg 1536w, \/wp-content\/uploads\/sites\/5\/2026\/04\/IGSS-Jornada-de-la-Seguridad-Social-Molinos-Central-Helvetia-202600009-696x464.jpg 696w, \/wp-content\/uploads\/sites\/5\/2026\/04\/IGSS-Jornada-de-la-Seguridad-Social-Molinos-Central-Helvetia-202600009-1068x712.jpg 1068w, \/wp-content\/uploads\/sites\/5\/2026\/04\/IGSS-Jornada-de-la-Seguridad-Social-Molinos-Central-Helvetia-202600009-534x356.jpg 534w, \/wp-content\/uploads\/sites\/5\/2026\/04\/IGSS-Jornada-de-la-Seguridad-Social-Molinos-Central-Helvetia-202600009.jpg 1600w\" sizes=\"(max-width: 630px) 100vw, 630px\" alt=\"\">\r\n                            <\/a>\r\n                            \r\n                        <\/figure>\r\n                    <\/div>\r\n                    <div class = \"td-slide-item td-item9\">\r\n                        <figure class=\"td-slide-galery-figure td-slide-popup-gallery\">\r\n                            <a class=\"slide-gallery-image-link\" href=\"\/wp-content\/uploads\/sites\/5\/2026\/04\/IGSS-Jornada-de-la-Seguridad-Social-Molinos-Central-Helvetia-202600011.jpg\" title=\"IGSS Jornada de la Seguridad Social Molinos Central Helvetia 202600011\"  data-caption=\"\"  data-description=\"\">\r\n                                <img decoding=\"async\" src=\"\/wp-content\/uploads\/sites\/5\/2026\/04\/IGSS-Jornada-de-la-Seguridad-Social-Molinos-Central-Helvetia-202600011-630x420.jpg\" srcset=\"\/wp-content\/uploads\/sites\/5\/2026\/04\/IGSS-Jornada-de-la-Seguridad-Social-Molinos-Central-Helvetia-202600011-630x420.jpg 630w, \/wp-content\/uploads\/sites\/5\/2026\/04\/IGSS-Jornada-de-la-Seguridad-Social-Molinos-Central-Helvetia-202600011-300x200.jpg 300w, \/wp-content\/uploads\/sites\/5\/2026\/04\/IGSS-Jornada-de-la-Seguridad-Social-Molinos-Central-Helvetia-202600011-1024x682.jpg 1024w, \/wp-content\/uploads\/sites\/5\/2026\/04\/IGSS-Jornada-de-la-Seguridad-Social-Molinos-Central-Helvetia-202600011-768x512.jpg 768w, \/wp-content\/uploads\/sites\/5\/2026\/04\/IGSS-Jornada-de-la-Seguridad-Social-Molinos-Central-Helvetia-202600011-1536x1023.jpg 1536w, \/wp-content\/uploads\/sites\/5\/2026\/04\/IGSS-Jornada-de-la-Seguridad-Social-Molinos-Central-Helvetia-202600011-696x464.jpg 696w, \/wp-content\/uploads\/sites\/5\/2026\/04\/IGSS-Jornada-de-la-Seguridad-Social-Molinos-Central-Helvetia-202600011-1068x712.jpg 1068w, \/wp-content\/uploads\/sites\/5\/2026\/04\/IGSS-Jornada-de-la-Seguridad-Social-Molinos-Central-Helvetia-202600011-534x356.jpg 534w, \/wp-content\/uploads\/sites\/5\/2026\/04\/IGSS-Jornada-de-la-Seguridad-Social-Molinos-Central-Helvetia-202600011.jpg 1600w\" sizes=\"(max-width: 630px) 100vw, 630px\" alt=\"\">\r\n                            <\/a>\r\n                            \r\n                        <\/figure>\r\n                    <\/div>\r\n                    <div class = \"td-slide-item td-item10\">\r\n                        <figure class=\"td-slide-galery-figure td-slide-popup-gallery\">\r\n                            <a class=\"slide-gallery-image-link\" href=\"\/wp-content\/uploads\/sites\/5\/2026\/04\/IGSS-Jornada-de-la-Seguridad-Social-Molinos-Central-Helvetia-202600014.jpg\" title=\"IGSS Jornada de la Seguridad Social Molinos Central Helvetia 202600014\"  data-caption=\"\"  data-description=\"\">\r\n                                <img decoding=\"async\" src=\"\/wp-content\/uploads\/sites\/5\/2026\/04\/IGSS-Jornada-de-la-Seguridad-Social-Molinos-Central-Helvetia-202600014-315x420.jpg\" srcset=\"\/wp-content\/uploads\/sites\/5\/2026\/04\/IGSS-Jornada-de-la-Seguridad-Social-Molinos-Central-Helvetia-202600014-315x420.jpg 315w, \/wp-content\/uploads\/sites\/5\/2026\/04\/IGSS-Jornada-de-la-Seguridad-Social-Molinos-Central-Helvetia-202600014-225x300.jpg 225w, \/wp-content\/uploads\/sites\/5\/2026\/04\/IGSS-Jornada-de-la-Seguridad-Social-Molinos-Central-Helvetia-202600014-768x1024.jpg 768w, \/wp-content\/uploads\/sites\/5\/2026\/04\/IGSS-Jornada-de-la-Seguridad-Social-Molinos-Central-Helvetia-202600014-696x928.jpg 696w, \/wp-content\/uploads\/sites\/5\/2026\/04\/IGSS-Jornada-de-la-Seguridad-Social-Molinos-Central-Helvetia-202600014-347x462.jpg 347w, \/wp-content\/uploads\/sites\/5\/2026\/04\/IGSS-Jornada-de-la-Seguridad-Social-Molinos-Central-Helvetia-202600014.jpg 960w\" sizes=\"(max-width: 315px) 100vw, 315px\" alt=\"\">\r\n                            <\/a>\r\n                            \r\n                        <\/figure>\r\n                    <\/div>\r\n                    <div class = \"td-slide-item td-item11\">\r\n                        <figure class=\"td-slide-galery-figure td-slide-popup-gallery\">\r\n                            <a class=\"slide-gallery-image-link\" href=\"\/wp-content\/uploads\/sites\/5\/2026\/04\/IGSS-Jornada-de-la-Seguridad-Social-Molinos-Central-Helvetia-202600015.jpg\" title=\"IGSS Jornada de la Seguridad Social Molinos Central Helvetia 202600015\"  data-caption=\"\"  data-description=\"\">\r\n                                <img decoding=\"async\" src=\"\/wp-content\/uploads\/sites\/5\/2026\/04\/IGSS-Jornada-de-la-Seguridad-Social-Molinos-Central-Helvetia-202600015-630x420.jpg\" srcset=\"\/wp-content\/uploads\/sites\/5\/2026\/04\/IGSS-Jornada-de-la-Seguridad-Social-Molinos-Central-Helvetia-202600015-630x420.jpg 630w, \/wp-content\/uploads\/sites\/5\/2026\/04\/IGSS-Jornada-de-la-Seguridad-Social-Molinos-Central-Helvetia-202600015-300x200.jpg 300w, \/wp-content\/uploads\/sites\/5\/2026\/04\/IGSS-Jornada-de-la-Seguridad-Social-Molinos-Central-Helvetia-202600015-1024x682.jpg 1024w, \/wp-content\/uploads\/sites\/5\/2026\/04\/IGSS-Jornada-de-la-Seguridad-Social-Molinos-Central-Helvetia-202600015-768x512.jpg 768w, \/wp-content\/uploads\/sites\/5\/2026\/04\/IGSS-Jornada-de-la-Seguridad-Social-Molinos-Central-Helvetia-202600015-1536x1023.jpg 1536w, \/wp-content\/uploads\/sites\/5\/2026\/04\/IGSS-Jornada-de-la-Seguridad-Social-Molinos-Central-Helvetia-202600015-696x464.jpg 696w, \/wp-content\/uploads\/sites\/5\/2026\/04\/IGSS-Jornada-de-la-Seguridad-Social-Molinos-Central-Helvetia-202600015-1068x712.jpg 1068w, \/wp-content\/uploads\/sites\/5\/2026\/04\/IGSS-Jornada-de-la-Seguridad-Social-Molinos-Central-Helvetia-202600015-534x356.jpg 534w, \/wp-content\/uploads\/sites\/5\/2026\/04\/IGSS-Jornada-de-la-Seguridad-Social-Molinos-Central-Helvetia-202600015.jpg 1600w\" sizes=\"(max-width: 630px) 100vw, 630px\" alt=\"\">\r\n                            <\/a>\r\n                            \r\n                        <\/figure>\r\n                    <\/div>\r\n                    <div class = \"td-slide-item td-item12\">\r\n                        <figure class=\"td-slide-galery-figure td-slide-popup-gallery\">\r\n                            <a class=\"slide-gallery-image-link\" href=\"\/wp-content\/uploads\/sites\/5\/2026\/04\/IGSS-Jornada-de-la-Seguridad-Social-Molinos-Central-Helvetia-202600002.jpg\" title=\"IGSS Jornada de la Seguridad Social Molinos Central Helvetia 202600002\"  data-caption=\"\"  data-description=\"\">\r\n                                <img decoding=\"async\" src=\"\/wp-content\/uploads\/sites\/5\/2026\/04\/IGSS-Jornada-de-la-Seguridad-Social-Molinos-Central-Helvetia-202600002-280x420.jpg\" srcset=\"\/wp-content\/uploads\/sites\/5\/2026\/04\/IGSS-Jornada-de-la-Seguridad-Social-Molinos-Central-Helvetia-202600002-280x420.jpg 280w, \/wp-content\/uploads\/sites\/5\/2026\/04\/IGSS-Jornada-de-la-Seguridad-Social-Molinos-Central-Helvetia-202600002-200x300.jpg 200w, \/wp-content\/uploads\/sites\/5\/2026\/04\/IGSS-Jornada-de-la-Seguridad-Social-Molinos-Central-Helvetia-202600002-682x1024.jpg 682w, \/wp-content\/uploads\/sites\/5\/2026\/04\/IGSS-Jornada-de-la-Seguridad-Social-Molinos-Central-Helvetia-202600002-768x1153.jpg 768w, \/wp-content\/uploads\/sites\/5\/2026\/04\/IGSS-Jornada-de-la-Seguridad-Social-Molinos-Central-Helvetia-202600002-1023x1536.jpg 1023w, \/wp-content\/uploads\/sites\/5\/2026\/04\/IGSS-Jornada-de-la-Seguridad-Social-Molinos-Central-Helvetia-202600002-696x1045.jpg 696w, \/wp-content\/uploads\/sites\/5\/2026\/04\/IGSS-Jornada-de-la-Seguridad-Social-Molinos-Central-Helvetia-202600002-308x462.jpg 308w, \/wp-content\/uploads\/sites\/5\/2026\/04\/IGSS-Jornada-de-la-Seguridad-Social-Molinos-Central-Helvetia-202600002.jpg 1066w\" sizes=\"(max-width: 280px) 100vw, 280px\" alt=\"\">\r\n                            <\/a>\r\n                            \r\n                        <\/figure>\r\n                    <\/div>\r\n                            <\/div>\r\n                        <\/div>\r\n\r\n                        <div class = \"td-doubleSlider-2\">\r\n                            <div class = \"td-slider\">\r\n                                \r\n                    <div class = \"td-button td-item1\">\r\n                        <div class = \"td-border\"><\/div>\r\n                    <\/div>\r\n                    <div class = \"td-button td-item2\">\r\n                        <div class = \"td-border\"><\/div>\r\n                    <\/div>\r\n                    <div class = \"td-button td-item3\">\r\n                        <div class = \"td-border\"><\/div>\r\n                    <\/div>\r\n                    <div class = \"td-button td-item4\">\r\n                        <div class = \"td-border\"><\/div>\r\n                    <\/div>\r\n                    <div class = \"td-button td-item5\">\r\n                        <div class = \"td-border\"><\/div>\r\n                    <\/div>\r\n                    <div class = \"td-button td-item6\">\r\n                        <div class = \"td-border\"><\/div>\r\n                    <\/div>\r\n                    <div class = \"td-button td-item7\">\r\n                        <div class = \"td-border\"><\/div>\r\n                    <\/div>\r\n                    <div class = \"td-button td-item8\">\r\n                        <div class = \"td-border\"><\/div>\r\n                    <\/div>\r\n                    <div class = \"td-button td-item9\">\r\n                        <div class = \"td-border\"><\/div>\r\n                    <\/div>\r\n                    <div class = \"td-button td-item10\">\r\n                        <div class = \"td-border\"><\/div>\r\n                    <\/div>\r\n                    <div class = \"td-button td-item11\">\r\n                        <div class = \"td-border\"><\/div>\r\n                    <\/div>\r\n                    <div class = \"td-button td-item12\">\r\n                        <div class = \"td-border\"><\/div>\r\n                    <\/div>\r\n                            <\/div>\r\n                        <\/div>\r\n\r\n                    <\/div>\r\n\r\n                <\/div>\r\n                \n","protected":false},"excerpt":{"rendered":"<p>Desde la madrugada, m\u00e1s de 200 colaboradores de Molinos Central Helvetia se dieron cita en el \u00e1rea destinada para la 48\u00aa. Jornada de la Seguridad Social y atender as\u00ed el llamado de la salud preventiva.  <\/p>\n","protected":false},"author":3269,"featured_media":55788,"comment_status":"closed","ping_status":"closed","sticky":false,"template":"","format":"standard","meta":{"footnotes":""},"categories":[3,1130,45,1291,27,31,33],"tags":[490,1755,2707,2746,2706,2281,2486],"coauthors":[1970],"class_list":{"0":"post-55787","1":"post","2":"type-post","3":"status-publish","4":"format-standard","5":"has-post-thumbnail","7":"category-actualidad","8":"category-consejos-medicos","9":"category-jornadas-medicas","10":"category-prestaciones-en-salud","11":"category-prevencion-en-salud","12":"category-salud","13":"category-servicios-de-salud","14":"tag-igss","15":"tag-jornada-de-la-seguridad-social","16":"tag-jornada-de-la-seguridad-social-igss","17":"tag-salud-preventiva","18":"tag-tamizajes","19":"tag-tamizajes-de-laboratorio","20":"tag-tamizajes-igss"},"_links":{"self":[{"href":"https:\/\/www.igssgt.org\/noticias\/wp-json\/wp\/v2\/posts\/55787","targetHints":{"allow":["GET"]}}],"collection":[{"href":"https:\/\/www.igssgt.org\/noticias\/wp-json\/wp\/v2\/posts"}],"about":[{"href":"https:\/\/www.igssgt.org\/noticias\/wp-json\/wp\/v2\/types\/post"}],"author":[{"embeddable":true,"href":"https:\/\/www.igssgt.org\/noticias\/wp-json\/wp\/v2\/users\/3269"}],"replies":[{"embeddable":true,"href":"https:\/\/www.igssgt.org\/noticias\/wp-json\/wp\/v2\/comments?post=55787"}],"version-history":[{"count":1,"href":"https:\/\/www.igssgt.org\/noticias\/wp-json\/wp\/v2\/posts\/55787\/revisions"}],"predecessor-version":[{"id":55804,"href":"https:\/\/www.igssgt.org\/noticias\/wp-json\/wp\/v2\/posts\/55787\/revisions\/55804"}],"wp:featuredmedia":[{"embeddable":true,"href":"https:\/\/www.igssgt.org\/noticias\/wp-json\/wp\/v2\/media\/55788"}],"wp:attachment":[{"href":"https:\/\/www.igssgt.org\/noticias\/wp-json\/wp\/v2\/media?parent=55787"}],"wp:term":[{"taxonomy":"category","embeddable":true,"href":"https:\/\/www.igssgt.org\/noticias\/wp-json\/wp\/v2\/categories?post=55787"},{"taxonomy":"post_tag","embeddable":true,"href":"https:\/\/www.igssgt.org\/noticias\/wp-json\/wp\/v2\/tags?post=55787"},{"taxonomy":"author","embeddable":true,"href":"https:\/\/www.igssgt.org\/noticias\/wp-json\/wp\/v2\/coauthors?post=55787"}],"curies":[{"name":"wp","href":"https:\/\/api.w.org\/{rel}","templated":true}]}}