{"id":55805,"date":"2026-04-28T05:01:00","date_gmt":"2026-04-28T11:01:00","guid":{"rendered":"https:\/\/www.igssgt.org\/noticias\/?p=55805"},"modified":"2026-04-27T12:01:09","modified_gmt":"2026-04-27T18:01:09","slug":"el-factor-silencioso-que-repercute-en-la-salud-y-desempeno-de-los-trabajadores","status":"publish","type":"post","link":"https:\/\/www.igssgt.org\/noticias\/2026\/04\/28\/el-factor-silencioso-que-repercute-en-la-salud-y-desempeno-de-los-trabajadores\/","title":{"rendered":"El factor silencioso que repercute en la salud y desempe\u00f1o de los trabajadores"},"content":{"rendered":"\n<p class=\"dropcapp2\">Las condiciones laborales, as\u00ed como la forma en que se organiza y gestiona el trabajo son factores que constituyen el entorno psicosocial laboral y que, al tener un impacto negativo, se convierten en riesgos que afectan la salud y seguridad de los trabajadores, as\u00ed como la productividad de la empresa.<\/p>\n\n\n\n<figure id=\"attachment_55807\" aria-describedby=\"caption-attachment-55807\" style=\"width: 1600px\" class=\"wp-caption aligncenter\"><a href=\"\/wp-content\/uploads\/sites\/5\/2026\/04\/IGSS-Seccion-de-Higiene-y-Prevencion-de-Accidentes-Dia-Mundial-de-la-Salud-y-Seguridad-en-el-Trabajo-202600001.jpg\"><img loading=\"lazy\" decoding=\"async\" class=\"size-full wp-image-55807\" src=\"\/wp-content\/uploads\/sites\/5\/2026\/04\/IGSS-Seccion-de-Higiene-y-Prevencion-de-Accidentes-Dia-Mundial-de-la-Salud-y-Seguridad-en-el-Trabajo-202600001.jpg\" alt=\"\" width=\"1600\" height=\"1066\" srcset=\"\/wp-content\/uploads\/sites\/5\/2026\/04\/IGSS-Seccion-de-Higiene-y-Prevencion-de-Accidentes-Dia-Mundial-de-la-Salud-y-Seguridad-en-el-Trabajo-202600001.jpg 1600w, \/wp-content\/uploads\/sites\/5\/2026\/04\/IGSS-Seccion-de-Higiene-y-Prevencion-de-Accidentes-Dia-Mundial-de-la-Salud-y-Seguridad-en-el-Trabajo-202600001-300x200.jpg 300w, \/wp-content\/uploads\/sites\/5\/2026\/04\/IGSS-Seccion-de-Higiene-y-Prevencion-de-Accidentes-Dia-Mundial-de-la-Salud-y-Seguridad-en-el-Trabajo-202600001-1024x682.jpg 1024w, \/wp-content\/uploads\/sites\/5\/2026\/04\/IGSS-Seccion-de-Higiene-y-Prevencion-de-Accidentes-Dia-Mundial-de-la-Salud-y-Seguridad-en-el-Trabajo-202600001-768x512.jpg 768w, \/wp-content\/uploads\/sites\/5\/2026\/04\/IGSS-Seccion-de-Higiene-y-Prevencion-de-Accidentes-Dia-Mundial-de-la-Salud-y-Seguridad-en-el-Trabajo-202600001-1536x1023.jpg 1536w, \/wp-content\/uploads\/sites\/5\/2026\/04\/IGSS-Seccion-de-Higiene-y-Prevencion-de-Accidentes-Dia-Mundial-de-la-Salud-y-Seguridad-en-el-Trabajo-202600001-630x420.jpg 630w, \/wp-content\/uploads\/sites\/5\/2026\/04\/IGSS-Seccion-de-Higiene-y-Prevencion-de-Accidentes-Dia-Mundial-de-la-Salud-y-Seguridad-en-el-Trabajo-202600001-696x464.jpg 696w, \/wp-content\/uploads\/sites\/5\/2026\/04\/IGSS-Seccion-de-Higiene-y-Prevencion-de-Accidentes-Dia-Mundial-de-la-Salud-y-Seguridad-en-el-Trabajo-202600001-1068x712.jpg 1068w, \/wp-content\/uploads\/sites\/5\/2026\/04\/IGSS-Seccion-de-Higiene-y-Prevencion-de-Accidentes-Dia-Mundial-de-la-Salud-y-Seguridad-en-el-Trabajo-202600001-534x356.jpg 534w\" sizes=\"auto, (max-width: 1600px) 100vw, 1600px\" \/><\/a><figcaption id=\"caption-attachment-55807\" class=\"wp-caption-text\">Cada 28 de abril se conmemora el D\u00eda Mundial de la Salud y Seguridad en el Trabajo para promover la prevenci\u00f3n de los accidentes y enfermedades laborales.<\/figcaption><\/figure>\n<p>El doctor Mynor Mej\u00eda, jefe de la Secci\u00f3n de Higiene y Prevenci\u00f3n de Accidentes del IGSS, indic\u00f3 que los riesgos psicosociales son una amenaza creciente y silenciosa, ya que no son visibles y palpables como los accidentes, pero pueden causar ausentismo laboral y el aumento de otros riesgos del trabajo.\u00a0<\/p>\n<p>Algunos de estos factores son:<\/p>\n<ul>\n<li>La carga laboral<\/li>\n<li>Las jornadas de trabajo<\/li>\n<li>El apoyo<\/li>\n<li>La comunicaci\u00f3n<\/li>\n<li>La claridad de roles<\/li>\n<li>Los procesos justos y transparentes<\/li>\n<\/ul>\n<p>\u201cLas consecuencias pueden ser el estr\u00e9s, la ansiedad y depresi\u00f3n, lo que puede causar ausentismo laboral y el aumento de otras enfermedades y riesgos laborales\u201d, agreg\u00f3 el profesional en el marco del D\u00eda Mundial de la Salud y Seguridad en el Trabajo.<\/p>\n<p>De acuerdo con el informe \u201cEl entorno psicosocial en el trabajo: avances mundiales y v\u00edas de acci\u00f3n\u201d de la Organizaci\u00f3n Internacional del Trabajo (OIT), los factores de riesgo psicosocial son responsables de m\u00e1s de 840,000 muertes anuales como consecuencia de enfermedades cardiovasculares y trastornos mentales asociados.<\/p>\n<figure id=\"attachment_55808\" aria-describedby=\"caption-attachment-55808\" style=\"width: 1200px\" class=\"wp-caption aligncenter\"><a href=\"\/wp-content\/uploads\/sites\/5\/2026\/04\/IGSS-Seccion-de-Higiene-y-Prevencion-de-Accidentes-Dia-Mundial-de-la-Salud-y-Seguridad-en-el-Trabajo-202600002.jpg\"><img loading=\"lazy\" decoding=\"async\" class=\"size-full wp-image-55808\" src=\"\/wp-content\/uploads\/sites\/5\/2026\/04\/IGSS-Seccion-de-Higiene-y-Prevencion-de-Accidentes-Dia-Mundial-de-la-Salud-y-Seguridad-en-el-Trabajo-202600002.jpg\" alt=\"\" width=\"1200\" height=\"1600\" srcset=\"\/wp-content\/uploads\/sites\/5\/2026\/04\/IGSS-Seccion-de-Higiene-y-Prevencion-de-Accidentes-Dia-Mundial-de-la-Salud-y-Seguridad-en-el-Trabajo-202600002.jpg 1200w, \/wp-content\/uploads\/sites\/5\/2026\/04\/IGSS-Seccion-de-Higiene-y-Prevencion-de-Accidentes-Dia-Mundial-de-la-Salud-y-Seguridad-en-el-Trabajo-202600002-225x300.jpg 225w, \/wp-content\/uploads\/sites\/5\/2026\/04\/IGSS-Seccion-de-Higiene-y-Prevencion-de-Accidentes-Dia-Mundial-de-la-Salud-y-Seguridad-en-el-Trabajo-202600002-768x1024.jpg 768w, \/wp-content\/uploads\/sites\/5\/2026\/04\/IGSS-Seccion-de-Higiene-y-Prevencion-de-Accidentes-Dia-Mundial-de-la-Salud-y-Seguridad-en-el-Trabajo-202600002-1152x1536.jpg 1152w, \/wp-content\/uploads\/sites\/5\/2026\/04\/IGSS-Seccion-de-Higiene-y-Prevencion-de-Accidentes-Dia-Mundial-de-la-Salud-y-Seguridad-en-el-Trabajo-202600002-315x420.jpg 315w, \/wp-content\/uploads\/sites\/5\/2026\/04\/IGSS-Seccion-de-Higiene-y-Prevencion-de-Accidentes-Dia-Mundial-de-la-Salud-y-Seguridad-en-el-Trabajo-202600002-696x928.jpg 696w, \/wp-content\/uploads\/sites\/5\/2026\/04\/IGSS-Seccion-de-Higiene-y-Prevencion-de-Accidentes-Dia-Mundial-de-la-Salud-y-Seguridad-en-el-Trabajo-202600002-1068x1424.jpg 1068w, \/wp-content\/uploads\/sites\/5\/2026\/04\/IGSS-Seccion-de-Higiene-y-Prevencion-de-Accidentes-Dia-Mundial-de-la-Salud-y-Seguridad-en-el-Trabajo-202600002-347x462.jpg 347w\" sizes=\"auto, (max-width: 1200px) 100vw, 1200px\" \/><\/a><figcaption id=\"caption-attachment-55808\" class=\"wp-caption-text\">Se estima que cada a\u00f1o mueren 2.6 millones de personas por enfermedades y accidentes del trabajo.<\/figcaption><\/figure>\n<p>El informe tambi\u00e9n calcula que el impacto combinado entre las enfermedades cardiovasculares y los trastornos mentales asociados a factores de riesgo psicosocial supone la p\u00e9rdida anual del 1.37 % del PIB mundial.\u00a0<\/p>\n<p>A decir del doctor Mynor Mej\u00eda, un entorno psicosocial saludable se garantiza apelando a la parte legal, a la \u00e9tica de la empresa y a las continuas verificaciones de la normativa que realiza el Seguro Social y el Ministerio de Trabajo. \u201cUna alianza estrat\u00e9gica fundamental es el sector gobierno, sector empresarial y sector trabajador, un ente tripartito que puede trabajar en conjunto para el bienestar de todos\u201d, dijo.<\/p>\n<figure id=\"attachment_55809\" aria-describedby=\"caption-attachment-55809\" style=\"width: 1443px\" class=\"wp-caption aligncenter\"><a href=\"\/wp-content\/uploads\/sites\/5\/2026\/04\/IGSS-Seccion-de-Higiene-y-Prevencion-de-Accidentes-Dia-Mundial-de-la-Salud-y-Seguridad-en-el-Trabajo-202600003.jpg\"><img loading=\"lazy\" decoding=\"async\" class=\"size-full wp-image-55809\" src=\"\/wp-content\/uploads\/sites\/5\/2026\/04\/IGSS-Seccion-de-Higiene-y-Prevencion-de-Accidentes-Dia-Mundial-de-la-Salud-y-Seguridad-en-el-Trabajo-202600003.jpg\" alt=\"\" width=\"1443\" height=\"931\" srcset=\"\/wp-content\/uploads\/sites\/5\/2026\/04\/IGSS-Seccion-de-Higiene-y-Prevencion-de-Accidentes-Dia-Mundial-de-la-Salud-y-Seguridad-en-el-Trabajo-202600003.jpg 1443w, \/wp-content\/uploads\/sites\/5\/2026\/04\/IGSS-Seccion-de-Higiene-y-Prevencion-de-Accidentes-Dia-Mundial-de-la-Salud-y-Seguridad-en-el-Trabajo-202600003-300x194.jpg 300w, \/wp-content\/uploads\/sites\/5\/2026\/04\/IGSS-Seccion-de-Higiene-y-Prevencion-de-Accidentes-Dia-Mundial-de-la-Salud-y-Seguridad-en-el-Trabajo-202600003-1024x661.jpg 1024w, \/wp-content\/uploads\/sites\/5\/2026\/04\/IGSS-Seccion-de-Higiene-y-Prevencion-de-Accidentes-Dia-Mundial-de-la-Salud-y-Seguridad-en-el-Trabajo-202600003-768x496.jpg 768w, \/wp-content\/uploads\/sites\/5\/2026\/04\/IGSS-Seccion-de-Higiene-y-Prevencion-de-Accidentes-Dia-Mundial-de-la-Salud-y-Seguridad-en-el-Trabajo-202600003-651x420.jpg 651w, \/wp-content\/uploads\/sites\/5\/2026\/04\/IGSS-Seccion-de-Higiene-y-Prevencion-de-Accidentes-Dia-Mundial-de-la-Salud-y-Seguridad-en-el-Trabajo-202600003-696x449.jpg 696w, \/wp-content\/uploads\/sites\/5\/2026\/04\/IGSS-Seccion-de-Higiene-y-Prevencion-de-Accidentes-Dia-Mundial-de-la-Salud-y-Seguridad-en-el-Trabajo-202600003-1068x689.jpg 1068w, \/wp-content\/uploads\/sites\/5\/2026\/04\/IGSS-Seccion-de-Higiene-y-Prevencion-de-Accidentes-Dia-Mundial-de-la-Salud-y-Seguridad-en-el-Trabajo-202600003-534x345.jpg 534w\" sizes=\"auto, (max-width: 1443px) 100vw, 1443px\" \/><\/a><figcaption id=\"caption-attachment-55809\" class=\"wp-caption-text\">Este a\u00f1o el D\u00eda Mundial de la Salud y Seguridad en el Trabajo se enfoca en garantizar entornos psicosociales saludables.<\/figcaption><\/figure>\n<p>El Instituto Guatemalteco de Seguridad Social promueve entornos saludables en el trabajo a trav\u00e9s de tres estrategias: la promoci\u00f3n de la salud y la seguridad en el trabajo, la capacitaci\u00f3n y formaci\u00f3n de monitores en salud y seguridad ocupacional y la inspecci\u00f3n en las empresas para verificar el cumplimiento de la normativa.\u00a0<\/p>\n<p>\u201cTodos los esfuerzos para que los trabajadores puedan estar en ambientes seguros y saludables se tienen que hacer, no solo por ley, sino por \u00e9tica, humanidad y respeto a la vida humana\u201d, finaliz\u00f3 el profesional.<\/p>\n\r\n                <style type=\"text\/css\">\r\n                    \r\n                    #tdi_1  .td-doubleSlider-2 .td-item1 {\r\n                        background: url(\/wp-content\/uploads\/sites\/5\/2026\/04\/IGSS-Seccion-de-Higiene-y-Prevencion-de-Accidentes-Dia-Mundial-de-la-Salud-y-Seguridad-en-el-Trabajo-202600008-80x60.jpg) 0 0 no-repeat;\r\n                    }\r\n                    #tdi_1  .td-doubleSlider-2 .td-item2 {\r\n                        background: url(\/wp-content\/uploads\/sites\/5\/2026\/04\/IGSS-Seccion-de-Higiene-y-Prevencion-de-Accidentes-Dia-Mundial-de-la-Salud-y-Seguridad-en-el-Trabajo-202600005-80x60.jpg) 0 0 no-repeat;\r\n                    }\r\n                    #tdi_1  .td-doubleSlider-2 .td-item3 {\r\n                        background: url(\/wp-content\/uploads\/sites\/5\/2026\/04\/IGSS-Seccion-de-Higiene-y-Prevencion-de-Accidentes-Dia-Mundial-de-la-Salud-y-Seguridad-en-el-Trabajo-202600006-80x60.jpg) 0 0 no-repeat;\r\n                    }\r\n                    #tdi_1  .td-doubleSlider-2 .td-item4 {\r\n                        background: url(\/wp-content\/uploads\/sites\/5\/2026\/04\/IGSS-Seccion-de-Higiene-y-Prevencion-de-Accidentes-Dia-Mundial-de-la-Salud-y-Seguridad-en-el-Trabajo-202600007-80x60.jpg) 0 0 no-repeat;\r\n                    }\r\n                    #tdi_1  .td-doubleSlider-2 .td-item5 {\r\n                        background: url(\/wp-content\/uploads\/sites\/5\/2026\/04\/IGSS-Seccion-de-Higiene-y-Prevencion-de-Accidentes-Dia-Mundial-de-la-Salud-y-Seguridad-en-el-Trabajo-202600004-80x60.jpg) 0 0 no-repeat;\r\n                    }\r\n                <\/style>\r\n\r\n                <div id=\"tdi_1\" class=\"td-gallery td-slide-on-2-columns\">\r\n                    <div class=\"post_td_gallery\">\r\n                        <div class=\"td-gallery-slide-top\">\r\n                           <div class=\"td-gallery-title\">M\u00e1s fotos:<\/div>\r\n\r\n                            <div class=\"td-gallery-controls-wrapper\">\r\n                                <div class=\"td-gallery-slide-count\"><span class=\"td-gallery-slide-item-focus\">1<\/span> de 5<\/div>\r\n                                <div class=\"td-gallery-slide-prev-next-but\">\r\n                                    <i class = \"td-icon-left doubleSliderPrevButton\"><\/i>\r\n                                    <i class = \"td-icon-right doubleSliderNextButton\"><\/i>\r\n                                <\/div>\r\n                            <\/div>\r\n                        <\/div>\r\n\r\n                        <div class = \"td-doubleSlider-1 \">\r\n                            <div class = \"td-slider\">\r\n                                \r\n                    <div class = \"td-slide-item td-item1\">\r\n                        <figure class=\"td-slide-galery-figure td-slide-popup-gallery\">\r\n                            <a class=\"slide-gallery-image-link\" href=\"\/wp-content\/uploads\/sites\/5\/2026\/04\/IGSS-Seccion-de-Higiene-y-Prevencion-de-Accidentes-Dia-Mundial-de-la-Salud-y-Seguridad-en-el-Trabajo-202600008.jpg\" title=\"IGSS Seccio\u0301n de Higiene y Prevencio\u0301n de Accidentes Di\u0301a Mundial de la Salud y Seguridad en el Trabajo 202600008\"  data-caption=\"\"  data-description=\"\">\r\n                                <img decoding=\"async\" src=\"\/wp-content\/uploads\/sites\/5\/2026\/04\/IGSS-Seccion-de-Higiene-y-Prevencion-de-Accidentes-Dia-Mundial-de-la-Salud-y-Seguridad-en-el-Trabajo-202600008-630x420.jpg\" srcset=\"\/wp-content\/uploads\/sites\/5\/2026\/04\/IGSS-Seccion-de-Higiene-y-Prevencion-de-Accidentes-Dia-Mundial-de-la-Salud-y-Seguridad-en-el-Trabajo-202600008-630x420.jpg 630w, \/wp-content\/uploads\/sites\/5\/2026\/04\/IGSS-Seccion-de-Higiene-y-Prevencion-de-Accidentes-Dia-Mundial-de-la-Salud-y-Seguridad-en-el-Trabajo-202600008-300x200.jpg 300w, \/wp-content\/uploads\/sites\/5\/2026\/04\/IGSS-Seccion-de-Higiene-y-Prevencion-de-Accidentes-Dia-Mundial-de-la-Salud-y-Seguridad-en-el-Trabajo-202600008-1024x682.jpg 1024w, \/wp-content\/uploads\/sites\/5\/2026\/04\/IGSS-Seccion-de-Higiene-y-Prevencion-de-Accidentes-Dia-Mundial-de-la-Salud-y-Seguridad-en-el-Trabajo-202600008-768x512.jpg 768w, \/wp-content\/uploads\/sites\/5\/2026\/04\/IGSS-Seccion-de-Higiene-y-Prevencion-de-Accidentes-Dia-Mundial-de-la-Salud-y-Seguridad-en-el-Trabajo-202600008-1536x1023.jpg 1536w, \/wp-content\/uploads\/sites\/5\/2026\/04\/IGSS-Seccion-de-Higiene-y-Prevencion-de-Accidentes-Dia-Mundial-de-la-Salud-y-Seguridad-en-el-Trabajo-202600008-696x464.jpg 696w, \/wp-content\/uploads\/sites\/5\/2026\/04\/IGSS-Seccion-de-Higiene-y-Prevencion-de-Accidentes-Dia-Mundial-de-la-Salud-y-Seguridad-en-el-Trabajo-202600008-1068x712.jpg 1068w, \/wp-content\/uploads\/sites\/5\/2026\/04\/IGSS-Seccion-de-Higiene-y-Prevencion-de-Accidentes-Dia-Mundial-de-la-Salud-y-Seguridad-en-el-Trabajo-202600008-534x356.jpg 534w, \/wp-content\/uploads\/sites\/5\/2026\/04\/IGSS-Seccion-de-Higiene-y-Prevencion-de-Accidentes-Dia-Mundial-de-la-Salud-y-Seguridad-en-el-Trabajo-202600008.jpg 1600w\" sizes=\"(max-width: 630px) 100vw, 630px\" alt=\"\">\r\n                            <\/a>\r\n                            \r\n                        <\/figure>\r\n                    <\/div>\r\n                    <div class = \"td-slide-item td-item2\">\r\n                        <figure class=\"td-slide-galery-figure td-slide-popup-gallery\">\r\n                            <a class=\"slide-gallery-image-link\" href=\"\/wp-content\/uploads\/sites\/5\/2026\/04\/IGSS-Seccion-de-Higiene-y-Prevencion-de-Accidentes-Dia-Mundial-de-la-Salud-y-Seguridad-en-el-Trabajo-202600005.jpg\" title=\"IGSS Seccio\u0301n de Higiene y Prevencio\u0301n de Accidentes Di\u0301a Mundial de la Salud y Seguridad en el Trabajo 202600005\"  data-caption=\"\"  data-description=\"\">\r\n                                <img decoding=\"async\" src=\"\/wp-content\/uploads\/sites\/5\/2026\/04\/IGSS-Seccion-de-Higiene-y-Prevencion-de-Accidentes-Dia-Mundial-de-la-Salud-y-Seguridad-en-el-Trabajo-202600005-421x420.jpg\" srcset=\"\/wp-content\/uploads\/sites\/5\/2026\/04\/IGSS-Seccion-de-Higiene-y-Prevencion-de-Accidentes-Dia-Mundial-de-la-Salud-y-Seguridad-en-el-Trabajo-202600005-421x420.jpg 421w, \/wp-content\/uploads\/sites\/5\/2026\/04\/IGSS-Seccion-de-Higiene-y-Prevencion-de-Accidentes-Dia-Mundial-de-la-Salud-y-Seguridad-en-el-Trabajo-202600005-300x300.jpg 300w, \/wp-content\/uploads\/sites\/5\/2026\/04\/IGSS-Seccion-de-Higiene-y-Prevencion-de-Accidentes-Dia-Mundial-de-la-Salud-y-Seguridad-en-el-Trabajo-202600005-150x150.jpg 150w, \/wp-content\/uploads\/sites\/5\/2026\/04\/IGSS-Seccion-de-Higiene-y-Prevencion-de-Accidentes-Dia-Mundial-de-la-Salud-y-Seguridad-en-el-Trabajo-202600005-768x766.jpg 768w, \/wp-content\/uploads\/sites\/5\/2026\/04\/IGSS-Seccion-de-Higiene-y-Prevencion-de-Accidentes-Dia-Mundial-de-la-Salud-y-Seguridad-en-el-Trabajo-202600005-696x694.jpg 696w, \/wp-content\/uploads\/sites\/5\/2026\/04\/IGSS-Seccion-de-Higiene-y-Prevencion-de-Accidentes-Dia-Mundial-de-la-Salud-y-Seguridad-en-el-Trabajo-202600005-463x462.jpg 463w, \/wp-content\/uploads\/sites\/5\/2026\/04\/IGSS-Seccion-de-Higiene-y-Prevencion-de-Accidentes-Dia-Mundial-de-la-Salud-y-Seguridad-en-el-Trabajo-202600005.jpg 960w\" sizes=\"(max-width: 421px) 100vw, 421px\" alt=\"\">\r\n                            <\/a>\r\n                            \r\n                        <\/figure>\r\n                    <\/div>\r\n                    <div class = \"td-slide-item td-item3\">\r\n                        <figure class=\"td-slide-galery-figure td-slide-popup-gallery\">\r\n                            <a class=\"slide-gallery-image-link\" href=\"\/wp-content\/uploads\/sites\/5\/2026\/04\/IGSS-Seccion-de-Higiene-y-Prevencion-de-Accidentes-Dia-Mundial-de-la-Salud-y-Seguridad-en-el-Trabajo-202600006.jpg\" title=\"IGSS Seccio\u0301n de Higiene y Prevencio\u0301n de Accidentes Di\u0301a Mundial de la Salud y Seguridad en el Trabajo 202600006\"  data-caption=\"\"  data-description=\"\">\r\n                                <img decoding=\"async\" src=\"\/wp-content\/uploads\/sites\/5\/2026\/04\/IGSS-Seccion-de-Higiene-y-Prevencion-de-Accidentes-Dia-Mundial-de-la-Salud-y-Seguridad-en-el-Trabajo-202600006-630x420.jpg\" srcset=\"\/wp-content\/uploads\/sites\/5\/2026\/04\/IGSS-Seccion-de-Higiene-y-Prevencion-de-Accidentes-Dia-Mundial-de-la-Salud-y-Seguridad-en-el-Trabajo-202600006-630x420.jpg 630w, \/wp-content\/uploads\/sites\/5\/2026\/04\/IGSS-Seccion-de-Higiene-y-Prevencion-de-Accidentes-Dia-Mundial-de-la-Salud-y-Seguridad-en-el-Trabajo-202600006-300x200.jpg 300w, \/wp-content\/uploads\/sites\/5\/2026\/04\/IGSS-Seccion-de-Higiene-y-Prevencion-de-Accidentes-Dia-Mundial-de-la-Salud-y-Seguridad-en-el-Trabajo-202600006-1024x682.jpg 1024w, \/wp-content\/uploads\/sites\/5\/2026\/04\/IGSS-Seccion-de-Higiene-y-Prevencion-de-Accidentes-Dia-Mundial-de-la-Salud-y-Seguridad-en-el-Trabajo-202600006-768x512.jpg 768w, \/wp-content\/uploads\/sites\/5\/2026\/04\/IGSS-Seccion-de-Higiene-y-Prevencion-de-Accidentes-Dia-Mundial-de-la-Salud-y-Seguridad-en-el-Trabajo-202600006-1536x1023.jpg 1536w, \/wp-content\/uploads\/sites\/5\/2026\/04\/IGSS-Seccion-de-Higiene-y-Prevencion-de-Accidentes-Dia-Mundial-de-la-Salud-y-Seguridad-en-el-Trabajo-202600006-696x464.jpg 696w, \/wp-content\/uploads\/sites\/5\/2026\/04\/IGSS-Seccion-de-Higiene-y-Prevencion-de-Accidentes-Dia-Mundial-de-la-Salud-y-Seguridad-en-el-Trabajo-202600006-1068x712.jpg 1068w, \/wp-content\/uploads\/sites\/5\/2026\/04\/IGSS-Seccion-de-Higiene-y-Prevencion-de-Accidentes-Dia-Mundial-de-la-Salud-y-Seguridad-en-el-Trabajo-202600006-534x356.jpg 534w, \/wp-content\/uploads\/sites\/5\/2026\/04\/IGSS-Seccion-de-Higiene-y-Prevencion-de-Accidentes-Dia-Mundial-de-la-Salud-y-Seguridad-en-el-Trabajo-202600006.jpg 1600w\" sizes=\"(max-width: 630px) 100vw, 630px\" alt=\"\">\r\n                            <\/a>\r\n                            \r\n                        <\/figure>\r\n                    <\/div>\r\n                    <div class = \"td-slide-item td-item4\">\r\n                        <figure class=\"td-slide-galery-figure td-slide-popup-gallery\">\r\n                            <a class=\"slide-gallery-image-link\" href=\"\/wp-content\/uploads\/sites\/5\/2026\/04\/IGSS-Seccion-de-Higiene-y-Prevencion-de-Accidentes-Dia-Mundial-de-la-Salud-y-Seguridad-en-el-Trabajo-202600007.jpg\" title=\"IGSS Seccio\u0301n de Higiene y Prevencio\u0301n de Accidentes Di\u0301a Mundial de la Salud y Seguridad en el Trabajo 202600007\"  data-caption=\"\"  data-description=\"\">\r\n                                <img decoding=\"async\" src=\"\/wp-content\/uploads\/sites\/5\/2026\/04\/IGSS-Seccion-de-Higiene-y-Prevencion-de-Accidentes-Dia-Mundial-de-la-Salud-y-Seguridad-en-el-Trabajo-202600007-630x420.jpg\" srcset=\"\/wp-content\/uploads\/sites\/5\/2026\/04\/IGSS-Seccion-de-Higiene-y-Prevencion-de-Accidentes-Dia-Mundial-de-la-Salud-y-Seguridad-en-el-Trabajo-202600007-630x420.jpg 630w, \/wp-content\/uploads\/sites\/5\/2026\/04\/IGSS-Seccion-de-Higiene-y-Prevencion-de-Accidentes-Dia-Mundial-de-la-Salud-y-Seguridad-en-el-Trabajo-202600007-300x200.jpg 300w, \/wp-content\/uploads\/sites\/5\/2026\/04\/IGSS-Seccion-de-Higiene-y-Prevencion-de-Accidentes-Dia-Mundial-de-la-Salud-y-Seguridad-en-el-Trabajo-202600007-1024x682.jpg 1024w, \/wp-content\/uploads\/sites\/5\/2026\/04\/IGSS-Seccion-de-Higiene-y-Prevencion-de-Accidentes-Dia-Mundial-de-la-Salud-y-Seguridad-en-el-Trabajo-202600007-768x512.jpg 768w, \/wp-content\/uploads\/sites\/5\/2026\/04\/IGSS-Seccion-de-Higiene-y-Prevencion-de-Accidentes-Dia-Mundial-de-la-Salud-y-Seguridad-en-el-Trabajo-202600007-1536x1023.jpg 1536w, \/wp-content\/uploads\/sites\/5\/2026\/04\/IGSS-Seccion-de-Higiene-y-Prevencion-de-Accidentes-Dia-Mundial-de-la-Salud-y-Seguridad-en-el-Trabajo-202600007-696x464.jpg 696w, \/wp-content\/uploads\/sites\/5\/2026\/04\/IGSS-Seccion-de-Higiene-y-Prevencion-de-Accidentes-Dia-Mundial-de-la-Salud-y-Seguridad-en-el-Trabajo-202600007-1068x712.jpg 1068w, \/wp-content\/uploads\/sites\/5\/2026\/04\/IGSS-Seccion-de-Higiene-y-Prevencion-de-Accidentes-Dia-Mundial-de-la-Salud-y-Seguridad-en-el-Trabajo-202600007-534x356.jpg 534w, \/wp-content\/uploads\/sites\/5\/2026\/04\/IGSS-Seccion-de-Higiene-y-Prevencion-de-Accidentes-Dia-Mundial-de-la-Salud-y-Seguridad-en-el-Trabajo-202600007.jpg 1600w\" sizes=\"(max-width: 630px) 100vw, 630px\" alt=\"\">\r\n                            <\/a>\r\n                            \r\n                        <\/figure>\r\n                    <\/div>\r\n                    <div class = \"td-slide-item td-item5\">\r\n                        <figure class=\"td-slide-galery-figure td-slide-popup-gallery\">\r\n                            <a class=\"slide-gallery-image-link\" href=\"\/wp-content\/uploads\/sites\/5\/2026\/04\/IGSS-Seccion-de-Higiene-y-Prevencion-de-Accidentes-Dia-Mundial-de-la-Salud-y-Seguridad-en-el-Trabajo-202600004.jpg\" title=\"IGSS Seccio\u0301n de Higiene y Prevencio\u0301n de Accidentes Di\u0301a Mundial de la Salud y Seguridad en el Trabajo 202600004\"  data-caption=\"\"  data-description=\"\">\r\n                                <img decoding=\"async\" src=\"\/wp-content\/uploads\/sites\/5\/2026\/04\/IGSS-Seccion-de-Higiene-y-Prevencion-de-Accidentes-Dia-Mundial-de-la-Salud-y-Seguridad-en-el-Trabajo-202600004-630x420.jpg\" srcset=\"\/wp-content\/uploads\/sites\/5\/2026\/04\/IGSS-Seccion-de-Higiene-y-Prevencion-de-Accidentes-Dia-Mundial-de-la-Salud-y-Seguridad-en-el-Trabajo-202600004-630x420.jpg 630w, \/wp-content\/uploads\/sites\/5\/2026\/04\/IGSS-Seccion-de-Higiene-y-Prevencion-de-Accidentes-Dia-Mundial-de-la-Salud-y-Seguridad-en-el-Trabajo-202600004-300x200.jpg 300w, \/wp-content\/uploads\/sites\/5\/2026\/04\/IGSS-Seccion-de-Higiene-y-Prevencion-de-Accidentes-Dia-Mundial-de-la-Salud-y-Seguridad-en-el-Trabajo-202600004-1024x682.jpg 1024w, \/wp-content\/uploads\/sites\/5\/2026\/04\/IGSS-Seccion-de-Higiene-y-Prevencion-de-Accidentes-Dia-Mundial-de-la-Salud-y-Seguridad-en-el-Trabajo-202600004-768x512.jpg 768w, \/wp-content\/uploads\/sites\/5\/2026\/04\/IGSS-Seccion-de-Higiene-y-Prevencion-de-Accidentes-Dia-Mundial-de-la-Salud-y-Seguridad-en-el-Trabajo-202600004-1536x1023.jpg 1536w, \/wp-content\/uploads\/sites\/5\/2026\/04\/IGSS-Seccion-de-Higiene-y-Prevencion-de-Accidentes-Dia-Mundial-de-la-Salud-y-Seguridad-en-el-Trabajo-202600004-696x464.jpg 696w, \/wp-content\/uploads\/sites\/5\/2026\/04\/IGSS-Seccion-de-Higiene-y-Prevencion-de-Accidentes-Dia-Mundial-de-la-Salud-y-Seguridad-en-el-Trabajo-202600004-1068x712.jpg 1068w, \/wp-content\/uploads\/sites\/5\/2026\/04\/IGSS-Seccion-de-Higiene-y-Prevencion-de-Accidentes-Dia-Mundial-de-la-Salud-y-Seguridad-en-el-Trabajo-202600004-534x356.jpg 534w, \/wp-content\/uploads\/sites\/5\/2026\/04\/IGSS-Seccion-de-Higiene-y-Prevencion-de-Accidentes-Dia-Mundial-de-la-Salud-y-Seguridad-en-el-Trabajo-202600004.jpg 1600w\" sizes=\"(max-width: 630px) 100vw, 630px\" alt=\"\">\r\n                            <\/a>\r\n                            \r\n                        <\/figure>\r\n                    <\/div>\r\n                            <\/div>\r\n                        <\/div>\r\n\r\n                        <div class = \"td-doubleSlider-2\">\r\n                            <div class = \"td-slider\">\r\n                                \r\n                    <div class = \"td-button td-item1\">\r\n                        <div class = \"td-border\"><\/div>\r\n                    <\/div>\r\n                    <div class = \"td-button td-item2\">\r\n                        <div class = \"td-border\"><\/div>\r\n                    <\/div>\r\n                    <div class = \"td-button td-item3\">\r\n                        <div class = \"td-border\"><\/div>\r\n                    <\/div>\r\n                    <div class = \"td-button td-item4\">\r\n                        <div class = \"td-border\"><\/div>\r\n                    <\/div>\r\n                    <div class = \"td-button td-item5\">\r\n                        <div class = \"td-border\"><\/div>\r\n                    <\/div>\r\n                            <\/div>\r\n                        <\/div>\r\n\r\n                    <\/div>\r\n\r\n                <\/div>\r\n                \n","protected":false},"excerpt":{"rendered":"<p>Los riesgos psicosociales son una amenaza creciente a la salud y seguridad del trabajador. En el D\u00eda Mundial de la Salud y Seguridad en el Trabajo, el Seguro Social llama a garantizar entornos psicosociales saludables. <\/p>\n","protected":false},"author":3269,"featured_media":55806,"comment_status":"closed","ping_status":"closed","sticky":false,"template":"","format":"standard","meta":{"footnotes":""},"categories":[3,1130,1291,27,1915,33,36],"tags":[246,2749,490,2752,2750,2751,2748,2747],"coauthors":[1970],"class_list":{"0":"post-55805","1":"post","2":"type-post","3":"status-publish","4":"format-standard","5":"has-post-thumbnail","7":"category-actualidad","8":"category-consejos-medicos","9":"category-prestaciones-en-salud","10":"category-prevencion-en-salud","11":"category-salud-y-seguridad-ocupacional","12":"category-servicios-de-salud","13":"category-unidades-medicas","14":"tag-dia-mundial-de-la-salud-y-seguridad-en-el-trabajo","15":"tag-el-entorno-psicosocial-en-el-trabajo-avances-mundiales-y-vias-de-accion","16":"tag-igss","17":"tag-inspeccion-en-las-empresa","18":"tag-organizacion-internacional-del-trabajo-oit","19":"tag-promocion-de-la-salud-y-la-seguridad-en-el-trabajo","20":"tag-riesgos-psicosociales","21":"tag-seccion-de-higiene-y-prevencion-de-accidentes"},"_links":{"self":[{"href":"https:\/\/www.igssgt.org\/noticias\/wp-json\/wp\/v2\/posts\/55805","targetHints":{"allow":["GET"]}}],"collection":[{"href":"https:\/\/www.igssgt.org\/noticias\/wp-json\/wp\/v2\/posts"}],"about":[{"href":"https:\/\/www.igssgt.org\/noticias\/wp-json\/wp\/v2\/types\/post"}],"author":[{"embeddable":true,"href":"https:\/\/www.igssgt.org\/noticias\/wp-json\/wp\/v2\/users\/3269"}],"replies":[{"embeddable":true,"href":"https:\/\/www.igssgt.org\/noticias\/wp-json\/wp\/v2\/comments?post=55805"}],"version-history":[{"count":1,"href":"https:\/\/www.igssgt.org\/noticias\/wp-json\/wp\/v2\/posts\/55805\/revisions"}],"predecessor-version":[{"id":55815,"href":"https:\/\/www.igssgt.org\/noticias\/wp-json\/wp\/v2\/posts\/55805\/revisions\/55815"}],"wp:featuredmedia":[{"embeddable":true,"href":"https:\/\/www.igssgt.org\/noticias\/wp-json\/wp\/v2\/media\/55806"}],"wp:attachment":[{"href":"https:\/\/www.igssgt.org\/noticias\/wp-json\/wp\/v2\/media?parent=55805"}],"wp:term":[{"taxonomy":"category","embeddable":true,"href":"https:\/\/www.igssgt.org\/noticias\/wp-json\/wp\/v2\/categories?post=55805"},{"taxonomy":"post_tag","embeddable":true,"href":"https:\/\/www.igssgt.org\/noticias\/wp-json\/wp\/v2\/tags?post=55805"},{"taxonomy":"author","embeddable":true,"href":"https:\/\/www.igssgt.org\/noticias\/wp-json\/wp\/v2\/coauthors?post=55805"}],"curies":[{"name":"wp","href":"https:\/\/api.w.org\/{rel}","templated":true}]}}