{"id":55862,"date":"2026-04-29T14:24:14","date_gmt":"2026-04-29T20:24:14","guid":{"rendered":"https:\/\/www.igssgt.org\/noticias\/?p=55862"},"modified":"2026-04-29T14:24:15","modified_gmt":"2026-04-29T20:24:15","slug":"jornada-de-la-seguridad-social-en-plasticos-del-pacifico-s-a-beneficio-a-mas-de-300-trabajadores","status":"publish","type":"post","link":"https:\/\/www.igssgt.org\/noticias\/2026\/04\/29\/jornada-de-la-seguridad-social-en-plasticos-del-pacifico-s-a-beneficio-a-mas-de-300-trabajadores\/","title":{"rendered":"Jornada de la Seguridad Social en Pl\u00e1sticos del Pac\u00edfico S.A., benefici\u00f3 a m\u00e1s de 300 trabajadores"},"content":{"rendered":"\n<p class=\"dropcapp2\">Pl\u00e1sticos del Pac\u00edfico S.A. fue el escenario de una nueva Jornada de la Seguridad Social que el Instituto Guatemalteco de Seguridad Social (IGSS), organiz\u00f3 para llevar la salud preventiva a m\u00e1s trabajadores afiliados.<\/p>\n\n\n\n<p>Estas jornadas son una iniciativa del IGSS para realizar pruebas de laboratorio a la poblaci\u00f3n afiliada en su lugar de trabajo, con el objetivo de prevenir y detectar enfermedades de forma temprana, sin necesidad de desplazamientos a las unidades m\u00e9dicas del Instituto.<\/p>\n<figure id=\"attachment_55865\" aria-describedby=\"caption-attachment-55865\" style=\"width: 1599px\" class=\"wp-caption aligncenter\"><a href=\"\/wp-content\/uploads\/sites\/5\/2026\/04\/Jornada-de-la-Seguridad-Social-Pasticos-del-Pacifico-202600017.jpg\"><img loading=\"lazy\" decoding=\"async\" class=\"size-full wp-image-55865\" src=\"\/wp-content\/uploads\/sites\/5\/2026\/04\/Jornada-de-la-Seguridad-Social-Pasticos-del-Pacifico-202600017.jpg\" alt=\"\" width=\"1599\" height=\"1066\" srcset=\"\/wp-content\/uploads\/sites\/5\/2026\/04\/Jornada-de-la-Seguridad-Social-Pasticos-del-Pacifico-202600017.jpg 1599w, \/wp-content\/uploads\/sites\/5\/2026\/04\/Jornada-de-la-Seguridad-Social-Pasticos-del-Pacifico-202600017-300x200.jpg 300w, \/wp-content\/uploads\/sites\/5\/2026\/04\/Jornada-de-la-Seguridad-Social-Pasticos-del-Pacifico-202600017-1024x683.jpg 1024w, \/wp-content\/uploads\/sites\/5\/2026\/04\/Jornada-de-la-Seguridad-Social-Pasticos-del-Pacifico-202600017-768x512.jpg 768w, \/wp-content\/uploads\/sites\/5\/2026\/04\/Jornada-de-la-Seguridad-Social-Pasticos-del-Pacifico-202600017-1536x1024.jpg 1536w, \/wp-content\/uploads\/sites\/5\/2026\/04\/Jornada-de-la-Seguridad-Social-Pasticos-del-Pacifico-202600017-630x420.jpg 630w, \/wp-content\/uploads\/sites\/5\/2026\/04\/Jornada-de-la-Seguridad-Social-Pasticos-del-Pacifico-202600017-696x464.jpg 696w, \/wp-content\/uploads\/sites\/5\/2026\/04\/Jornada-de-la-Seguridad-Social-Pasticos-del-Pacifico-202600017-1068x712.jpg 1068w, \/wp-content\/uploads\/sites\/5\/2026\/04\/Jornada-de-la-Seguridad-Social-Pasticos-del-Pacifico-202600017-534x356.jpg 534w\" sizes=\"auto, (max-width: 1599px) 100vw, 1599px\" \/><\/a><figcaption id=\"caption-attachment-55865\" class=\"wp-caption-text\">Estos chequeos son fundamentales para la prevenci\u00f3n y detecci\u00f3n temprana de enfermedades.<\/figcaption><\/figure>\n<p>Angely Arana fue una de los m\u00e1s de 300 trabajadores atendidos hoy. \u201cYo acud\u00ed a esta jornada porque quer\u00eda saber c\u00f3mo estaba mi salud. La atenci\u00f3n fue muy cordial y \u00e1gil\u201d, dijo Arana, quien agreg\u00f3 que el recibir estos servicios en la empresa es de mucho beneficio, ya que no le da tiempo de ir a las unidades del IGSS.<\/p>\n<p>La jornada tambi\u00e9n incluy\u00f3 charlas informativas sobre salud renal impartidas por el doctor Ronald Orellana, del Departamento de Medicina Preventiva del IGSS. En estas abord\u00f3 la importancia de tener un estilo de vida saludable y de realizarse chequeos anuales para conocer la salud de los ri\u00f1ones.<\/p>\n<p>\u201cLos temas que se imparten en estas charlas son solicitados por las empresas\u201d, inform\u00f3 el doctor Orellana. Las Jornadas de la Seguridad Social son uno de los grandes beneficios del Sistema de Atenci\u00f3n M\u00e9dica en Cl\u00ednica de Empresa, estrategia que busca acercar los servicios del Instituto a los trabajadores afiliados de todo el pa\u00eds.<\/p>\n<figure id=\"attachment_55864\" aria-describedby=\"caption-attachment-55864\" style=\"width: 1599px\" class=\"wp-caption aligncenter\"><a href=\"\/wp-content\/uploads\/sites\/5\/2026\/04\/Jornada-de-la-Seguridad-Social-Pasticos-del-Pacifico-202600000.jpg\"><img loading=\"lazy\" decoding=\"async\" class=\"size-full wp-image-55864\" src=\"\/wp-content\/uploads\/sites\/5\/2026\/04\/Jornada-de-la-Seguridad-Social-Pasticos-del-Pacifico-202600000.jpg\" alt=\"\" width=\"1599\" height=\"1066\" srcset=\"\/wp-content\/uploads\/sites\/5\/2026\/04\/Jornada-de-la-Seguridad-Social-Pasticos-del-Pacifico-202600000.jpg 1599w, \/wp-content\/uploads\/sites\/5\/2026\/04\/Jornada-de-la-Seguridad-Social-Pasticos-del-Pacifico-202600000-300x200.jpg 300w, \/wp-content\/uploads\/sites\/5\/2026\/04\/Jornada-de-la-Seguridad-Social-Pasticos-del-Pacifico-202600000-1024x683.jpg 1024w, \/wp-content\/uploads\/sites\/5\/2026\/04\/Jornada-de-la-Seguridad-Social-Pasticos-del-Pacifico-202600000-768x512.jpg 768w, \/wp-content\/uploads\/sites\/5\/2026\/04\/Jornada-de-la-Seguridad-Social-Pasticos-del-Pacifico-202600000-1536x1024.jpg 1536w, \/wp-content\/uploads\/sites\/5\/2026\/04\/Jornada-de-la-Seguridad-Social-Pasticos-del-Pacifico-202600000-630x420.jpg 630w, \/wp-content\/uploads\/sites\/5\/2026\/04\/Jornada-de-la-Seguridad-Social-Pasticos-del-Pacifico-202600000-696x464.jpg 696w, \/wp-content\/uploads\/sites\/5\/2026\/04\/Jornada-de-la-Seguridad-Social-Pasticos-del-Pacifico-202600000-1068x712.jpg 1068w, \/wp-content\/uploads\/sites\/5\/2026\/04\/Jornada-de-la-Seguridad-Social-Pasticos-del-Pacifico-202600000-534x356.jpg 534w\" sizes=\"auto, (max-width: 1599px) 100vw, 1599px\" \/><\/a><figcaption id=\"caption-attachment-55864\" class=\"wp-caption-text\">Las Jornadas de la Seguridad Social son uno de los grandes beneficios del Sistema de Atenci\u00f3n M\u00e9dica en Cl\u00ednica de Empresa.<\/figcaption><\/figure>\n<p>\u00abFelicito al Instituto Guatemalteco de Seguridad Social por esta iniciativa y exhorto a m\u00e1s empresas a que se acerquen al IGSS para obtener estos beneficios\u00bb, indic\u00f3 la licenciada Lesli Santos, gerente financiera de Pl\u00e1sticos del Pac\u00edfico S.A.<\/p>\n<p>De enero a la fecha, el Seguro Social ha realizado 49 jornadas en diferentes empresas e instituciones, las cuales han beneficiado a m\u00e1s de 8 mil trabajadores.<\/p>\n\r\n                <style type=\"text\/css\">\r\n                    \r\n                    #tdi_1  .td-doubleSlider-2 .td-item1 {\r\n                        background: url(\/wp-content\/uploads\/sites\/5\/2026\/04\/Jornada-de-la-Seguridad-Social-Pasticos-del-Pacifico-202600002-80x60.jpg) 0 0 no-repeat;\r\n                    }\r\n                    #tdi_1  .td-doubleSlider-2 .td-item2 {\r\n                        background: url(\/wp-content\/uploads\/sites\/5\/2026\/04\/Jornada-de-la-Seguridad-Social-Pasticos-del-Pacifico-202600003-80x60.jpg) 0 0 no-repeat;\r\n                    }\r\n                    #tdi_1  .td-doubleSlider-2 .td-item3 {\r\n                        background: url(\/wp-content\/uploads\/sites\/5\/2026\/04\/Jornada-de-la-Seguridad-Social-Pasticos-del-Pacifico-202600004-80x60.jpg) 0 0 no-repeat;\r\n                    }\r\n                    #tdi_1  .td-doubleSlider-2 .td-item4 {\r\n                        background: url(\/wp-content\/uploads\/sites\/5\/2026\/04\/Jornada-de-la-Seguridad-Social-Pasticos-del-Pacifico-202600007-80x60.jpg) 0 0 no-repeat;\r\n                    }\r\n                    #tdi_1  .td-doubleSlider-2 .td-item5 {\r\n                        background: url(\/wp-content\/uploads\/sites\/5\/2026\/04\/Jornada-de-la-Seguridad-Social-Pasticos-del-Pacifico-202600008-80x60.jpg) 0 0 no-repeat;\r\n                    }\r\n                    #tdi_1  .td-doubleSlider-2 .td-item6 {\r\n                        background: url(\/wp-content\/uploads\/sites\/5\/2026\/04\/Jornada-de-la-Seguridad-Social-Pasticos-del-Pacifico-202600010-80x60.jpg) 0 0 no-repeat;\r\n                    }\r\n                    #tdi_1  .td-doubleSlider-2 .td-item7 {\r\n                        background: url(\/wp-content\/uploads\/sites\/5\/2026\/04\/Jornada-de-la-Seguridad-Social-Pasticos-del-Pacifico-202600005-80x60.jpg) 0 0 no-repeat;\r\n                    }\r\n                    #tdi_1  .td-doubleSlider-2 .td-item8 {\r\n                        background: url(\/wp-content\/uploads\/sites\/5\/2026\/04\/Jornada-de-la-Seguridad-Social-Pasticos-del-Pacifico-202600011-80x60.jpg) 0 0 no-repeat;\r\n                    }\r\n                    #tdi_1  .td-doubleSlider-2 .td-item9 {\r\n                        background: url(\/wp-content\/uploads\/sites\/5\/2026\/04\/Jornada-de-la-Seguridad-Social-Pasticos-del-Pacifico-202600006-80x60.jpg) 0 0 no-repeat;\r\n                    }\r\n                    #tdi_1  .td-doubleSlider-2 .td-item10 {\r\n                        background: url(\/wp-content\/uploads\/sites\/5\/2026\/04\/Jornada-de-la-Seguridad-Social-Pasticos-del-Pacifico-202600012-80x60.jpg) 0 0 no-repeat;\r\n                    }\r\n                    #tdi_1  .td-doubleSlider-2 .td-item11 {\r\n                        background: url(\/wp-content\/uploads\/sites\/5\/2026\/04\/Jornada-de-la-Seguridad-Social-Pasticos-del-Pacifico-202600013-80x60.jpg) 0 0 no-repeat;\r\n                    }\r\n                    #tdi_1  .td-doubleSlider-2 .td-item12 {\r\n                        background: url(\/wp-content\/uploads\/sites\/5\/2026\/04\/Jornada-de-la-Seguridad-Social-Pasticos-del-Pacifico-202600014-80x60.jpg) 0 0 no-repeat;\r\n                    }\r\n                    #tdi_1  .td-doubleSlider-2 .td-item13 {\r\n                        background: url(\/wp-content\/uploads\/sites\/5\/2026\/04\/Jornada-de-la-Seguridad-Social-Pasticos-del-Pacifico-202600015-80x60.jpg) 0 0 no-repeat;\r\n                    }\r\n                    #tdi_1  .td-doubleSlider-2 .td-item14 {\r\n                        background: url(\/wp-content\/uploads\/sites\/5\/2026\/04\/Jornada-de-la-Seguridad-Social-Pasticos-del-Pacifico-202600016-80x60.jpg) 0 0 no-repeat;\r\n                    }\r\n                    #tdi_1  .td-doubleSlider-2 .td-item15 {\r\n                        background: url(\/wp-content\/uploads\/sites\/5\/2026\/04\/Jornada-de-la-Seguridad-Social-Pasticos-del-Pacifico-202600009-80x60.jpg) 0 0 no-repeat;\r\n                    }\r\n                    #tdi_1  .td-doubleSlider-2 .td-item16 {\r\n                        background: url(\/wp-content\/uploads\/sites\/5\/2026\/04\/Jornada-de-la-Seguridad-Social-Pasticos-del-Pacifico-202600018-80x60.jpg) 0 0 no-repeat;\r\n                    }\r\n                    #tdi_1  .td-doubleSlider-2 .td-item17 {\r\n                        background: url(\/wp-content\/uploads\/sites\/5\/2026\/04\/Jornada-de-la-Seguridad-Social-Pasticos-del-Pacifico-202600019-80x60.jpg) 0 0 no-repeat;\r\n                    }\r\n                    #tdi_1  .td-doubleSlider-2 .td-item18 {\r\n                        background: url(\/wp-content\/uploads\/sites\/5\/2026\/04\/Jornada-de-la-Seguridad-Social-Pasticos-del-Pacifico-202600020-80x60.jpg) 0 0 no-repeat;\r\n                    }\r\n                <\/style>\r\n\r\n                <div id=\"tdi_1\" class=\"td-gallery td-slide-on-2-columns\">\r\n                    <div class=\"post_td_gallery\">\r\n                        <div class=\"td-gallery-slide-top\">\r\n                           <div class=\"td-gallery-title\">Galer\u00eda de im\u00e1genes:<\/div>\r\n\r\n                            <div class=\"td-gallery-controls-wrapper\">\r\n                                <div class=\"td-gallery-slide-count\"><span class=\"td-gallery-slide-item-focus\">1<\/span> de 18<\/div>\r\n                                <div class=\"td-gallery-slide-prev-next-but\">\r\n                                    <i class = \"td-icon-left doubleSliderPrevButton\"><\/i>\r\n                                    <i class = \"td-icon-right doubleSliderNextButton\"><\/i>\r\n                                <\/div>\r\n                            <\/div>\r\n                        <\/div>\r\n\r\n                        <div class = \"td-doubleSlider-1 \">\r\n                            <div class = \"td-slider\">\r\n                                \r\n                    <div class = \"td-slide-item td-item1\">\r\n                        <figure class=\"td-slide-galery-figure td-slide-popup-gallery\">\r\n                            <a class=\"slide-gallery-image-link\" href=\"\/wp-content\/uploads\/sites\/5\/2026\/04\/Jornada-de-la-Seguridad-Social-Pasticos-del-Pacifico-202600002.jpg\" title=\"Jornada de la Seguridad Social Pa\u0301sticos del Paci\u0301fico 202600002\"  data-caption=\"\"  data-description=\"\">\r\n                                <img decoding=\"async\" src=\"\/wp-content\/uploads\/sites\/5\/2026\/04\/Jornada-de-la-Seguridad-Social-Pasticos-del-Pacifico-202600002-630x420.jpg\" srcset=\"\/wp-content\/uploads\/sites\/5\/2026\/04\/Jornada-de-la-Seguridad-Social-Pasticos-del-Pacifico-202600002-630x420.jpg 630w, \/wp-content\/uploads\/sites\/5\/2026\/04\/Jornada-de-la-Seguridad-Social-Pasticos-del-Pacifico-202600002-300x200.jpg 300w, \/wp-content\/uploads\/sites\/5\/2026\/04\/Jornada-de-la-Seguridad-Social-Pasticos-del-Pacifico-202600002-1024x683.jpg 1024w, \/wp-content\/uploads\/sites\/5\/2026\/04\/Jornada-de-la-Seguridad-Social-Pasticos-del-Pacifico-202600002-768x512.jpg 768w, \/wp-content\/uploads\/sites\/5\/2026\/04\/Jornada-de-la-Seguridad-Social-Pasticos-del-Pacifico-202600002-1536x1024.jpg 1536w, \/wp-content\/uploads\/sites\/5\/2026\/04\/Jornada-de-la-Seguridad-Social-Pasticos-del-Pacifico-202600002-696x464.jpg 696w, \/wp-content\/uploads\/sites\/5\/2026\/04\/Jornada-de-la-Seguridad-Social-Pasticos-del-Pacifico-202600002-1068x712.jpg 1068w, \/wp-content\/uploads\/sites\/5\/2026\/04\/Jornada-de-la-Seguridad-Social-Pasticos-del-Pacifico-202600002-534x356.jpg 534w, \/wp-content\/uploads\/sites\/5\/2026\/04\/Jornada-de-la-Seguridad-Social-Pasticos-del-Pacifico-202600002.jpg 1599w\" sizes=\"(max-width: 630px) 100vw, 630px\" alt=\"\">\r\n                            <\/a>\r\n                            \r\n                        <\/figure>\r\n                    <\/div>\r\n                    <div class = \"td-slide-item td-item2\">\r\n                        <figure class=\"td-slide-galery-figure td-slide-popup-gallery\">\r\n                            <a class=\"slide-gallery-image-link\" href=\"\/wp-content\/uploads\/sites\/5\/2026\/04\/Jornada-de-la-Seguridad-Social-Pasticos-del-Pacifico-202600003.jpg\" title=\"Jornada de la Seguridad Social Pa\u0301sticos del Paci\u0301fico 202600003\"  data-caption=\"\"  data-description=\"\">\r\n                                <img decoding=\"async\" src=\"\/wp-content\/uploads\/sites\/5\/2026\/04\/Jornada-de-la-Seguridad-Social-Pasticos-del-Pacifico-202600003-630x420.jpg\" srcset=\"\/wp-content\/uploads\/sites\/5\/2026\/04\/Jornada-de-la-Seguridad-Social-Pasticos-del-Pacifico-202600003-630x420.jpg 630w, \/wp-content\/uploads\/sites\/5\/2026\/04\/Jornada-de-la-Seguridad-Social-Pasticos-del-Pacifico-202600003-300x200.jpg 300w, \/wp-content\/uploads\/sites\/5\/2026\/04\/Jornada-de-la-Seguridad-Social-Pasticos-del-Pacifico-202600003-1024x683.jpg 1024w, \/wp-content\/uploads\/sites\/5\/2026\/04\/Jornada-de-la-Seguridad-Social-Pasticos-del-Pacifico-202600003-768x512.jpg 768w, \/wp-content\/uploads\/sites\/5\/2026\/04\/Jornada-de-la-Seguridad-Social-Pasticos-del-Pacifico-202600003-1536x1024.jpg 1536w, \/wp-content\/uploads\/sites\/5\/2026\/04\/Jornada-de-la-Seguridad-Social-Pasticos-del-Pacifico-202600003-696x464.jpg 696w, \/wp-content\/uploads\/sites\/5\/2026\/04\/Jornada-de-la-Seguridad-Social-Pasticos-del-Pacifico-202600003-1068x712.jpg 1068w, \/wp-content\/uploads\/sites\/5\/2026\/04\/Jornada-de-la-Seguridad-Social-Pasticos-del-Pacifico-202600003-534x356.jpg 534w, \/wp-content\/uploads\/sites\/5\/2026\/04\/Jornada-de-la-Seguridad-Social-Pasticos-del-Pacifico-202600003.jpg 1599w\" sizes=\"(max-width: 630px) 100vw, 630px\" alt=\"\">\r\n                            <\/a>\r\n                            \r\n                        <\/figure>\r\n                    <\/div>\r\n                    <div class = \"td-slide-item td-item3\">\r\n                        <figure class=\"td-slide-galery-figure td-slide-popup-gallery\">\r\n                            <a class=\"slide-gallery-image-link\" href=\"\/wp-content\/uploads\/sites\/5\/2026\/04\/Jornada-de-la-Seguridad-Social-Pasticos-del-Pacifico-202600004.jpg\" title=\"Jornada de la Seguridad Social Pa\u0301sticos del Paci\u0301fico 202600004\"  data-caption=\"\"  data-description=\"\">\r\n                                <img decoding=\"async\" src=\"\/wp-content\/uploads\/sites\/5\/2026\/04\/Jornada-de-la-Seguridad-Social-Pasticos-del-Pacifico-202600004-630x420.jpg\" srcset=\"\/wp-content\/uploads\/sites\/5\/2026\/04\/Jornada-de-la-Seguridad-Social-Pasticos-del-Pacifico-202600004-630x420.jpg 630w, \/wp-content\/uploads\/sites\/5\/2026\/04\/Jornada-de-la-Seguridad-Social-Pasticos-del-Pacifico-202600004-300x200.jpg 300w, \/wp-content\/uploads\/sites\/5\/2026\/04\/Jornada-de-la-Seguridad-Social-Pasticos-del-Pacifico-202600004-1024x683.jpg 1024w, \/wp-content\/uploads\/sites\/5\/2026\/04\/Jornada-de-la-Seguridad-Social-Pasticos-del-Pacifico-202600004-768x512.jpg 768w, \/wp-content\/uploads\/sites\/5\/2026\/04\/Jornada-de-la-Seguridad-Social-Pasticos-del-Pacifico-202600004-1536x1024.jpg 1536w, \/wp-content\/uploads\/sites\/5\/2026\/04\/Jornada-de-la-Seguridad-Social-Pasticos-del-Pacifico-202600004-696x464.jpg 696w, \/wp-content\/uploads\/sites\/5\/2026\/04\/Jornada-de-la-Seguridad-Social-Pasticos-del-Pacifico-202600004-1068x712.jpg 1068w, \/wp-content\/uploads\/sites\/5\/2026\/04\/Jornada-de-la-Seguridad-Social-Pasticos-del-Pacifico-202600004-534x356.jpg 534w, \/wp-content\/uploads\/sites\/5\/2026\/04\/Jornada-de-la-Seguridad-Social-Pasticos-del-Pacifico-202600004.jpg 1599w\" sizes=\"(max-width: 630px) 100vw, 630px\" alt=\"\">\r\n                            <\/a>\r\n                            \r\n                        <\/figure>\r\n                    <\/div>\r\n                    <div class = \"td-slide-item td-item4\">\r\n                        <figure class=\"td-slide-galery-figure td-slide-popup-gallery\">\r\n                            <a class=\"slide-gallery-image-link\" href=\"\/wp-content\/uploads\/sites\/5\/2026\/04\/Jornada-de-la-Seguridad-Social-Pasticos-del-Pacifico-202600007.jpg\" title=\"Jornada de la Seguridad Social Pa\u0301sticos del Paci\u0301fico 202600007\"  data-caption=\"\"  data-description=\"\">\r\n                                <img decoding=\"async\" src=\"\/wp-content\/uploads\/sites\/5\/2026\/04\/Jornada-de-la-Seguridad-Social-Pasticos-del-Pacifico-202600007-630x420.jpg\" srcset=\"\/wp-content\/uploads\/sites\/5\/2026\/04\/Jornada-de-la-Seguridad-Social-Pasticos-del-Pacifico-202600007-630x420.jpg 630w, \/wp-content\/uploads\/sites\/5\/2026\/04\/Jornada-de-la-Seguridad-Social-Pasticos-del-Pacifico-202600007-300x200.jpg 300w, \/wp-content\/uploads\/sites\/5\/2026\/04\/Jornada-de-la-Seguridad-Social-Pasticos-del-Pacifico-202600007-1024x683.jpg 1024w, \/wp-content\/uploads\/sites\/5\/2026\/04\/Jornada-de-la-Seguridad-Social-Pasticos-del-Pacifico-202600007-768x512.jpg 768w, \/wp-content\/uploads\/sites\/5\/2026\/04\/Jornada-de-la-Seguridad-Social-Pasticos-del-Pacifico-202600007-1536x1024.jpg 1536w, \/wp-content\/uploads\/sites\/5\/2026\/04\/Jornada-de-la-Seguridad-Social-Pasticos-del-Pacifico-202600007-696x464.jpg 696w, \/wp-content\/uploads\/sites\/5\/2026\/04\/Jornada-de-la-Seguridad-Social-Pasticos-del-Pacifico-202600007-1068x712.jpg 1068w, \/wp-content\/uploads\/sites\/5\/2026\/04\/Jornada-de-la-Seguridad-Social-Pasticos-del-Pacifico-202600007-534x356.jpg 534w, \/wp-content\/uploads\/sites\/5\/2026\/04\/Jornada-de-la-Seguridad-Social-Pasticos-del-Pacifico-202600007.jpg 1599w\" sizes=\"(max-width: 630px) 100vw, 630px\" alt=\"\">\r\n                            <\/a>\r\n                            \r\n                        <\/figure>\r\n                    <\/div>\r\n                    <div class = \"td-slide-item td-item5\">\r\n                        <figure class=\"td-slide-galery-figure td-slide-popup-gallery\">\r\n                            <a class=\"slide-gallery-image-link\" href=\"\/wp-content\/uploads\/sites\/5\/2026\/04\/Jornada-de-la-Seguridad-Social-Pasticos-del-Pacifico-202600008.jpg\" title=\"Jornada de la Seguridad Social Pa\u0301sticos del Paci\u0301fico 202600008\"  data-caption=\"\"  data-description=\"\">\r\n                                <img decoding=\"async\" src=\"\/wp-content\/uploads\/sites\/5\/2026\/04\/Jornada-de-la-Seguridad-Social-Pasticos-del-Pacifico-202600008-630x420.jpg\" srcset=\"\/wp-content\/uploads\/sites\/5\/2026\/04\/Jornada-de-la-Seguridad-Social-Pasticos-del-Pacifico-202600008-630x420.jpg 630w, \/wp-content\/uploads\/sites\/5\/2026\/04\/Jornada-de-la-Seguridad-Social-Pasticos-del-Pacifico-202600008-300x200.jpg 300w, \/wp-content\/uploads\/sites\/5\/2026\/04\/Jornada-de-la-Seguridad-Social-Pasticos-del-Pacifico-202600008-1024x683.jpg 1024w, \/wp-content\/uploads\/sites\/5\/2026\/04\/Jornada-de-la-Seguridad-Social-Pasticos-del-Pacifico-202600008-768x512.jpg 768w, \/wp-content\/uploads\/sites\/5\/2026\/04\/Jornada-de-la-Seguridad-Social-Pasticos-del-Pacifico-202600008-1536x1024.jpg 1536w, \/wp-content\/uploads\/sites\/5\/2026\/04\/Jornada-de-la-Seguridad-Social-Pasticos-del-Pacifico-202600008-696x464.jpg 696w, \/wp-content\/uploads\/sites\/5\/2026\/04\/Jornada-de-la-Seguridad-Social-Pasticos-del-Pacifico-202600008-1068x712.jpg 1068w, \/wp-content\/uploads\/sites\/5\/2026\/04\/Jornada-de-la-Seguridad-Social-Pasticos-del-Pacifico-202600008-534x356.jpg 534w, \/wp-content\/uploads\/sites\/5\/2026\/04\/Jornada-de-la-Seguridad-Social-Pasticos-del-Pacifico-202600008.jpg 1599w\" sizes=\"(max-width: 630px) 100vw, 630px\" alt=\"\">\r\n                            <\/a>\r\n                            \r\n                        <\/figure>\r\n                    <\/div>\r\n                    <div class = \"td-slide-item td-item6\">\r\n                        <figure class=\"td-slide-galery-figure td-slide-popup-gallery\">\r\n                            <a class=\"slide-gallery-image-link\" href=\"\/wp-content\/uploads\/sites\/5\/2026\/04\/Jornada-de-la-Seguridad-Social-Pasticos-del-Pacifico-202600010.jpg\" title=\"Jornada de la Seguridad Social Pa\u0301sticos del Paci\u0301fico 202600010\"  data-caption=\"\"  data-description=\"\">\r\n                                <img decoding=\"async\" src=\"\/wp-content\/uploads\/sites\/5\/2026\/04\/Jornada-de-la-Seguridad-Social-Pasticos-del-Pacifico-202600010-630x420.jpg\" srcset=\"\/wp-content\/uploads\/sites\/5\/2026\/04\/Jornada-de-la-Seguridad-Social-Pasticos-del-Pacifico-202600010-630x420.jpg 630w, \/wp-content\/uploads\/sites\/5\/2026\/04\/Jornada-de-la-Seguridad-Social-Pasticos-del-Pacifico-202600010-300x200.jpg 300w, \/wp-content\/uploads\/sites\/5\/2026\/04\/Jornada-de-la-Seguridad-Social-Pasticos-del-Pacifico-202600010-1024x683.jpg 1024w, \/wp-content\/uploads\/sites\/5\/2026\/04\/Jornada-de-la-Seguridad-Social-Pasticos-del-Pacifico-202600010-768x512.jpg 768w, \/wp-content\/uploads\/sites\/5\/2026\/04\/Jornada-de-la-Seguridad-Social-Pasticos-del-Pacifico-202600010-1536x1024.jpg 1536w, \/wp-content\/uploads\/sites\/5\/2026\/04\/Jornada-de-la-Seguridad-Social-Pasticos-del-Pacifico-202600010-696x464.jpg 696w, \/wp-content\/uploads\/sites\/5\/2026\/04\/Jornada-de-la-Seguridad-Social-Pasticos-del-Pacifico-202600010-1068x712.jpg 1068w, \/wp-content\/uploads\/sites\/5\/2026\/04\/Jornada-de-la-Seguridad-Social-Pasticos-del-Pacifico-202600010-534x356.jpg 534w, \/wp-content\/uploads\/sites\/5\/2026\/04\/Jornada-de-la-Seguridad-Social-Pasticos-del-Pacifico-202600010.jpg 1599w\" sizes=\"(max-width: 630px) 100vw, 630px\" alt=\"\">\r\n                            <\/a>\r\n                            \r\n                        <\/figure>\r\n                    <\/div>\r\n                    <div class = \"td-slide-item td-item7\">\r\n                        <figure class=\"td-slide-galery-figure td-slide-popup-gallery\">\r\n                            <a class=\"slide-gallery-image-link\" href=\"\/wp-content\/uploads\/sites\/5\/2026\/04\/Jornada-de-la-Seguridad-Social-Pasticos-del-Pacifico-202600005.jpg\" title=\"Jornada de la Seguridad Social Pa\u0301sticos del Paci\u0301fico 202600005\"  data-caption=\"\"  data-description=\"\">\r\n                                <img decoding=\"async\" src=\"\/wp-content\/uploads\/sites\/5\/2026\/04\/Jornada-de-la-Seguridad-Social-Pasticos-del-Pacifico-202600005-630x420.jpg\" srcset=\"\/wp-content\/uploads\/sites\/5\/2026\/04\/Jornada-de-la-Seguridad-Social-Pasticos-del-Pacifico-202600005-630x420.jpg 630w, \/wp-content\/uploads\/sites\/5\/2026\/04\/Jornada-de-la-Seguridad-Social-Pasticos-del-Pacifico-202600005-300x200.jpg 300w, \/wp-content\/uploads\/sites\/5\/2026\/04\/Jornada-de-la-Seguridad-Social-Pasticos-del-Pacifico-202600005-1024x683.jpg 1024w, \/wp-content\/uploads\/sites\/5\/2026\/04\/Jornada-de-la-Seguridad-Social-Pasticos-del-Pacifico-202600005-768x512.jpg 768w, \/wp-content\/uploads\/sites\/5\/2026\/04\/Jornada-de-la-Seguridad-Social-Pasticos-del-Pacifico-202600005-1536x1024.jpg 1536w, \/wp-content\/uploads\/sites\/5\/2026\/04\/Jornada-de-la-Seguridad-Social-Pasticos-del-Pacifico-202600005-696x464.jpg 696w, \/wp-content\/uploads\/sites\/5\/2026\/04\/Jornada-de-la-Seguridad-Social-Pasticos-del-Pacifico-202600005-1068x712.jpg 1068w, \/wp-content\/uploads\/sites\/5\/2026\/04\/Jornada-de-la-Seguridad-Social-Pasticos-del-Pacifico-202600005-534x356.jpg 534w, \/wp-content\/uploads\/sites\/5\/2026\/04\/Jornada-de-la-Seguridad-Social-Pasticos-del-Pacifico-202600005.jpg 1599w\" sizes=\"(max-width: 630px) 100vw, 630px\" alt=\"\">\r\n                            <\/a>\r\n                            \r\n                        <\/figure>\r\n                    <\/div>\r\n                    <div class = \"td-slide-item td-item8\">\r\n                        <figure class=\"td-slide-galery-figure td-slide-popup-gallery\">\r\n                            <a class=\"slide-gallery-image-link\" href=\"\/wp-content\/uploads\/sites\/5\/2026\/04\/Jornada-de-la-Seguridad-Social-Pasticos-del-Pacifico-202600011.jpg\" title=\"Jornada de la Seguridad Social Pa\u0301sticos del Paci\u0301fico 202600011\"  data-caption=\"\"  data-description=\"\">\r\n                                <img decoding=\"async\" src=\"\/wp-content\/uploads\/sites\/5\/2026\/04\/Jornada-de-la-Seguridad-Social-Pasticos-del-Pacifico-202600011-630x420.jpg\" srcset=\"\/wp-content\/uploads\/sites\/5\/2026\/04\/Jornada-de-la-Seguridad-Social-Pasticos-del-Pacifico-202600011-630x420.jpg 630w, \/wp-content\/uploads\/sites\/5\/2026\/04\/Jornada-de-la-Seguridad-Social-Pasticos-del-Pacifico-202600011-300x200.jpg 300w, \/wp-content\/uploads\/sites\/5\/2026\/04\/Jornada-de-la-Seguridad-Social-Pasticos-del-Pacifico-202600011-1024x683.jpg 1024w, \/wp-content\/uploads\/sites\/5\/2026\/04\/Jornada-de-la-Seguridad-Social-Pasticos-del-Pacifico-202600011-768x512.jpg 768w, \/wp-content\/uploads\/sites\/5\/2026\/04\/Jornada-de-la-Seguridad-Social-Pasticos-del-Pacifico-202600011-1536x1024.jpg 1536w, \/wp-content\/uploads\/sites\/5\/2026\/04\/Jornada-de-la-Seguridad-Social-Pasticos-del-Pacifico-202600011-696x464.jpg 696w, \/wp-content\/uploads\/sites\/5\/2026\/04\/Jornada-de-la-Seguridad-Social-Pasticos-del-Pacifico-202600011-1068x712.jpg 1068w, \/wp-content\/uploads\/sites\/5\/2026\/04\/Jornada-de-la-Seguridad-Social-Pasticos-del-Pacifico-202600011-534x356.jpg 534w, \/wp-content\/uploads\/sites\/5\/2026\/04\/Jornada-de-la-Seguridad-Social-Pasticos-del-Pacifico-202600011.jpg 1599w\" sizes=\"(max-width: 630px) 100vw, 630px\" alt=\"\">\r\n                            <\/a>\r\n                            \r\n                        <\/figure>\r\n                    <\/div>\r\n                    <div class = \"td-slide-item td-item9\">\r\n                        <figure class=\"td-slide-galery-figure td-slide-popup-gallery\">\r\n                            <a class=\"slide-gallery-image-link\" href=\"\/wp-content\/uploads\/sites\/5\/2026\/04\/Jornada-de-la-Seguridad-Social-Pasticos-del-Pacifico-202600006.jpg\" title=\"Jornada de la Seguridad Social Pa\u0301sticos del Paci\u0301fico 202600006\"  data-caption=\"\"  data-description=\"\">\r\n                                <img decoding=\"async\" src=\"\/wp-content\/uploads\/sites\/5\/2026\/04\/Jornada-de-la-Seguridad-Social-Pasticos-del-Pacifico-202600006-630x420.jpg\" srcset=\"\/wp-content\/uploads\/sites\/5\/2026\/04\/Jornada-de-la-Seguridad-Social-Pasticos-del-Pacifico-202600006-630x420.jpg 630w, \/wp-content\/uploads\/sites\/5\/2026\/04\/Jornada-de-la-Seguridad-Social-Pasticos-del-Pacifico-202600006-300x200.jpg 300w, \/wp-content\/uploads\/sites\/5\/2026\/04\/Jornada-de-la-Seguridad-Social-Pasticos-del-Pacifico-202600006-1024x683.jpg 1024w, \/wp-content\/uploads\/sites\/5\/2026\/04\/Jornada-de-la-Seguridad-Social-Pasticos-del-Pacifico-202600006-768x512.jpg 768w, \/wp-content\/uploads\/sites\/5\/2026\/04\/Jornada-de-la-Seguridad-Social-Pasticos-del-Pacifico-202600006-1536x1024.jpg 1536w, \/wp-content\/uploads\/sites\/5\/2026\/04\/Jornada-de-la-Seguridad-Social-Pasticos-del-Pacifico-202600006-696x464.jpg 696w, \/wp-content\/uploads\/sites\/5\/2026\/04\/Jornada-de-la-Seguridad-Social-Pasticos-del-Pacifico-202600006-1068x712.jpg 1068w, \/wp-content\/uploads\/sites\/5\/2026\/04\/Jornada-de-la-Seguridad-Social-Pasticos-del-Pacifico-202600006-534x356.jpg 534w, \/wp-content\/uploads\/sites\/5\/2026\/04\/Jornada-de-la-Seguridad-Social-Pasticos-del-Pacifico-202600006.jpg 1599w\" sizes=\"(max-width: 630px) 100vw, 630px\" alt=\"\">\r\n                            <\/a>\r\n                            \r\n                        <\/figure>\r\n                    <\/div>\r\n                    <div class = \"td-slide-item td-item10\">\r\n                        <figure class=\"td-slide-galery-figure td-slide-popup-gallery\">\r\n                            <a class=\"slide-gallery-image-link\" href=\"\/wp-content\/uploads\/sites\/5\/2026\/04\/Jornada-de-la-Seguridad-Social-Pasticos-del-Pacifico-202600012.jpg\" title=\"Jornada de la Seguridad Social Pa\u0301sticos del Paci\u0301fico 202600012\"  data-caption=\"\"  data-description=\"\">\r\n                                <img decoding=\"async\" src=\"\/wp-content\/uploads\/sites\/5\/2026\/04\/Jornada-de-la-Seguridad-Social-Pasticos-del-Pacifico-202600012-630x420.jpg\" srcset=\"\/wp-content\/uploads\/sites\/5\/2026\/04\/Jornada-de-la-Seguridad-Social-Pasticos-del-Pacifico-202600012-630x420.jpg 630w, \/wp-content\/uploads\/sites\/5\/2026\/04\/Jornada-de-la-Seguridad-Social-Pasticos-del-Pacifico-202600012-300x200.jpg 300w, \/wp-content\/uploads\/sites\/5\/2026\/04\/Jornada-de-la-Seguridad-Social-Pasticos-del-Pacifico-202600012-1024x683.jpg 1024w, \/wp-content\/uploads\/sites\/5\/2026\/04\/Jornada-de-la-Seguridad-Social-Pasticos-del-Pacifico-202600012-768x512.jpg 768w, \/wp-content\/uploads\/sites\/5\/2026\/04\/Jornada-de-la-Seguridad-Social-Pasticos-del-Pacifico-202600012-1536x1024.jpg 1536w, \/wp-content\/uploads\/sites\/5\/2026\/04\/Jornada-de-la-Seguridad-Social-Pasticos-del-Pacifico-202600012-696x464.jpg 696w, \/wp-content\/uploads\/sites\/5\/2026\/04\/Jornada-de-la-Seguridad-Social-Pasticos-del-Pacifico-202600012-1068x712.jpg 1068w, \/wp-content\/uploads\/sites\/5\/2026\/04\/Jornada-de-la-Seguridad-Social-Pasticos-del-Pacifico-202600012-534x356.jpg 534w, \/wp-content\/uploads\/sites\/5\/2026\/04\/Jornada-de-la-Seguridad-Social-Pasticos-del-Pacifico-202600012.jpg 1599w\" sizes=\"(max-width: 630px) 100vw, 630px\" alt=\"\">\r\n                            <\/a>\r\n                            \r\n                        <\/figure>\r\n                    <\/div>\r\n                    <div class = \"td-slide-item td-item11\">\r\n                        <figure class=\"td-slide-galery-figure td-slide-popup-gallery\">\r\n                            <a class=\"slide-gallery-image-link\" href=\"\/wp-content\/uploads\/sites\/5\/2026\/04\/Jornada-de-la-Seguridad-Social-Pasticos-del-Pacifico-202600013.jpg\" title=\"Jornada de la Seguridad Social Pa\u0301sticos del Paci\u0301fico 202600013\"  data-caption=\"\"  data-description=\"\">\r\n                                <img decoding=\"async\" src=\"\/wp-content\/uploads\/sites\/5\/2026\/04\/Jornada-de-la-Seguridad-Social-Pasticos-del-Pacifico-202600013-630x420.jpg\" srcset=\"\/wp-content\/uploads\/sites\/5\/2026\/04\/Jornada-de-la-Seguridad-Social-Pasticos-del-Pacifico-202600013-630x420.jpg 630w, \/wp-content\/uploads\/sites\/5\/2026\/04\/Jornada-de-la-Seguridad-Social-Pasticos-del-Pacifico-202600013-300x200.jpg 300w, \/wp-content\/uploads\/sites\/5\/2026\/04\/Jornada-de-la-Seguridad-Social-Pasticos-del-Pacifico-202600013-1024x683.jpg 1024w, \/wp-content\/uploads\/sites\/5\/2026\/04\/Jornada-de-la-Seguridad-Social-Pasticos-del-Pacifico-202600013-768x512.jpg 768w, \/wp-content\/uploads\/sites\/5\/2026\/04\/Jornada-de-la-Seguridad-Social-Pasticos-del-Pacifico-202600013-1536x1024.jpg 1536w, \/wp-content\/uploads\/sites\/5\/2026\/04\/Jornada-de-la-Seguridad-Social-Pasticos-del-Pacifico-202600013-696x464.jpg 696w, \/wp-content\/uploads\/sites\/5\/2026\/04\/Jornada-de-la-Seguridad-Social-Pasticos-del-Pacifico-202600013-1068x712.jpg 1068w, \/wp-content\/uploads\/sites\/5\/2026\/04\/Jornada-de-la-Seguridad-Social-Pasticos-del-Pacifico-202600013-534x356.jpg 534w, \/wp-content\/uploads\/sites\/5\/2026\/04\/Jornada-de-la-Seguridad-Social-Pasticos-del-Pacifico-202600013.jpg 1599w\" sizes=\"(max-width: 630px) 100vw, 630px\" alt=\"\">\r\n                            <\/a>\r\n                            \r\n                        <\/figure>\r\n                    <\/div>\r\n                    <div class = \"td-slide-item td-item12\">\r\n                        <figure class=\"td-slide-galery-figure td-slide-popup-gallery\">\r\n                            <a class=\"slide-gallery-image-link\" href=\"\/wp-content\/uploads\/sites\/5\/2026\/04\/Jornada-de-la-Seguridad-Social-Pasticos-del-Pacifico-202600014.jpg\" title=\"Jornada de la Seguridad Social Pa\u0301sticos del Paci\u0301fico 202600014\"  data-caption=\"\"  data-description=\"\">\r\n                                <img decoding=\"async\" src=\"\/wp-content\/uploads\/sites\/5\/2026\/04\/Jornada-de-la-Seguridad-Social-Pasticos-del-Pacifico-202600014-630x420.jpg\" srcset=\"\/wp-content\/uploads\/sites\/5\/2026\/04\/Jornada-de-la-Seguridad-Social-Pasticos-del-Pacifico-202600014-630x420.jpg 630w, \/wp-content\/uploads\/sites\/5\/2026\/04\/Jornada-de-la-Seguridad-Social-Pasticos-del-Pacifico-202600014-300x200.jpg 300w, \/wp-content\/uploads\/sites\/5\/2026\/04\/Jornada-de-la-Seguridad-Social-Pasticos-del-Pacifico-202600014-1024x683.jpg 1024w, \/wp-content\/uploads\/sites\/5\/2026\/04\/Jornada-de-la-Seguridad-Social-Pasticos-del-Pacifico-202600014-768x512.jpg 768w, \/wp-content\/uploads\/sites\/5\/2026\/04\/Jornada-de-la-Seguridad-Social-Pasticos-del-Pacifico-202600014-1536x1024.jpg 1536w, \/wp-content\/uploads\/sites\/5\/2026\/04\/Jornada-de-la-Seguridad-Social-Pasticos-del-Pacifico-202600014-696x464.jpg 696w, \/wp-content\/uploads\/sites\/5\/2026\/04\/Jornada-de-la-Seguridad-Social-Pasticos-del-Pacifico-202600014-1068x712.jpg 1068w, \/wp-content\/uploads\/sites\/5\/2026\/04\/Jornada-de-la-Seguridad-Social-Pasticos-del-Pacifico-202600014-534x356.jpg 534w, \/wp-content\/uploads\/sites\/5\/2026\/04\/Jornada-de-la-Seguridad-Social-Pasticos-del-Pacifico-202600014.jpg 1599w\" sizes=\"(max-width: 630px) 100vw, 630px\" alt=\"\">\r\n                            <\/a>\r\n                            \r\n                        <\/figure>\r\n                    <\/div>\r\n                    <div class = \"td-slide-item td-item13\">\r\n                        <figure class=\"td-slide-galery-figure td-slide-popup-gallery\">\r\n                            <a class=\"slide-gallery-image-link\" href=\"\/wp-content\/uploads\/sites\/5\/2026\/04\/Jornada-de-la-Seguridad-Social-Pasticos-del-Pacifico-202600015.jpg\" title=\"Jornada de la Seguridad Social Pa\u0301sticos del Paci\u0301fico 202600015\"  data-caption=\"\"  data-description=\"\">\r\n                                <img decoding=\"async\" src=\"\/wp-content\/uploads\/sites\/5\/2026\/04\/Jornada-de-la-Seguridad-Social-Pasticos-del-Pacifico-202600015-630x420.jpg\" srcset=\"\/wp-content\/uploads\/sites\/5\/2026\/04\/Jornada-de-la-Seguridad-Social-Pasticos-del-Pacifico-202600015-630x420.jpg 630w, \/wp-content\/uploads\/sites\/5\/2026\/04\/Jornada-de-la-Seguridad-Social-Pasticos-del-Pacifico-202600015-300x200.jpg 300w, \/wp-content\/uploads\/sites\/5\/2026\/04\/Jornada-de-la-Seguridad-Social-Pasticos-del-Pacifico-202600015-1024x683.jpg 1024w, \/wp-content\/uploads\/sites\/5\/2026\/04\/Jornada-de-la-Seguridad-Social-Pasticos-del-Pacifico-202600015-768x512.jpg 768w, \/wp-content\/uploads\/sites\/5\/2026\/04\/Jornada-de-la-Seguridad-Social-Pasticos-del-Pacifico-202600015-1536x1024.jpg 1536w, \/wp-content\/uploads\/sites\/5\/2026\/04\/Jornada-de-la-Seguridad-Social-Pasticos-del-Pacifico-202600015-696x464.jpg 696w, \/wp-content\/uploads\/sites\/5\/2026\/04\/Jornada-de-la-Seguridad-Social-Pasticos-del-Pacifico-202600015-1068x712.jpg 1068w, \/wp-content\/uploads\/sites\/5\/2026\/04\/Jornada-de-la-Seguridad-Social-Pasticos-del-Pacifico-202600015-534x356.jpg 534w, \/wp-content\/uploads\/sites\/5\/2026\/04\/Jornada-de-la-Seguridad-Social-Pasticos-del-Pacifico-202600015.jpg 1599w\" sizes=\"(max-width: 630px) 100vw, 630px\" alt=\"\">\r\n                            <\/a>\r\n                            \r\n                        <\/figure>\r\n                    <\/div>\r\n                    <div class = \"td-slide-item td-item14\">\r\n                        <figure class=\"td-slide-galery-figure td-slide-popup-gallery\">\r\n                            <a class=\"slide-gallery-image-link\" href=\"\/wp-content\/uploads\/sites\/5\/2026\/04\/Jornada-de-la-Seguridad-Social-Pasticos-del-Pacifico-202600016.jpg\" title=\"Jornada de la Seguridad Social Pa\u0301sticos del Paci\u0301fico 202600016\"  data-caption=\"\"  data-description=\"\">\r\n                                <img decoding=\"async\" src=\"\/wp-content\/uploads\/sites\/5\/2026\/04\/Jornada-de-la-Seguridad-Social-Pasticos-del-Pacifico-202600016-630x420.jpg\" srcset=\"\/wp-content\/uploads\/sites\/5\/2026\/04\/Jornada-de-la-Seguridad-Social-Pasticos-del-Pacifico-202600016-630x420.jpg 630w, \/wp-content\/uploads\/sites\/5\/2026\/04\/Jornada-de-la-Seguridad-Social-Pasticos-del-Pacifico-202600016-300x200.jpg 300w, \/wp-content\/uploads\/sites\/5\/2026\/04\/Jornada-de-la-Seguridad-Social-Pasticos-del-Pacifico-202600016-1024x683.jpg 1024w, \/wp-content\/uploads\/sites\/5\/2026\/04\/Jornada-de-la-Seguridad-Social-Pasticos-del-Pacifico-202600016-768x512.jpg 768w, \/wp-content\/uploads\/sites\/5\/2026\/04\/Jornada-de-la-Seguridad-Social-Pasticos-del-Pacifico-202600016-1536x1024.jpg 1536w, \/wp-content\/uploads\/sites\/5\/2026\/04\/Jornada-de-la-Seguridad-Social-Pasticos-del-Pacifico-202600016-696x464.jpg 696w, \/wp-content\/uploads\/sites\/5\/2026\/04\/Jornada-de-la-Seguridad-Social-Pasticos-del-Pacifico-202600016-1068x712.jpg 1068w, \/wp-content\/uploads\/sites\/5\/2026\/04\/Jornada-de-la-Seguridad-Social-Pasticos-del-Pacifico-202600016-534x356.jpg 534w, \/wp-content\/uploads\/sites\/5\/2026\/04\/Jornada-de-la-Seguridad-Social-Pasticos-del-Pacifico-202600016.jpg 1599w\" sizes=\"(max-width: 630px) 100vw, 630px\" alt=\"\">\r\n                            <\/a>\r\n                            \r\n                        <\/figure>\r\n                    <\/div>\r\n                    <div class = \"td-slide-item td-item15\">\r\n                        <figure class=\"td-slide-galery-figure td-slide-popup-gallery\">\r\n                            <a class=\"slide-gallery-image-link\" href=\"\/wp-content\/uploads\/sites\/5\/2026\/04\/Jornada-de-la-Seguridad-Social-Pasticos-del-Pacifico-202600009.jpg\" title=\"Jornada de la Seguridad Social Pa\u0301sticos del Paci\u0301fico 202600009\"  data-caption=\"\"  data-description=\"\">\r\n                                <img decoding=\"async\" src=\"\/wp-content\/uploads\/sites\/5\/2026\/04\/Jornada-de-la-Seguridad-Social-Pasticos-del-Pacifico-202600009-630x420.jpg\" srcset=\"\/wp-content\/uploads\/sites\/5\/2026\/04\/Jornada-de-la-Seguridad-Social-Pasticos-del-Pacifico-202600009-630x420.jpg 630w, \/wp-content\/uploads\/sites\/5\/2026\/04\/Jornada-de-la-Seguridad-Social-Pasticos-del-Pacifico-202600009-300x200.jpg 300w, \/wp-content\/uploads\/sites\/5\/2026\/04\/Jornada-de-la-Seguridad-Social-Pasticos-del-Pacifico-202600009-1024x683.jpg 1024w, \/wp-content\/uploads\/sites\/5\/2026\/04\/Jornada-de-la-Seguridad-Social-Pasticos-del-Pacifico-202600009-768x512.jpg 768w, \/wp-content\/uploads\/sites\/5\/2026\/04\/Jornada-de-la-Seguridad-Social-Pasticos-del-Pacifico-202600009-1536x1024.jpg 1536w, \/wp-content\/uploads\/sites\/5\/2026\/04\/Jornada-de-la-Seguridad-Social-Pasticos-del-Pacifico-202600009-696x464.jpg 696w, \/wp-content\/uploads\/sites\/5\/2026\/04\/Jornada-de-la-Seguridad-Social-Pasticos-del-Pacifico-202600009-1068x712.jpg 1068w, \/wp-content\/uploads\/sites\/5\/2026\/04\/Jornada-de-la-Seguridad-Social-Pasticos-del-Pacifico-202600009-534x356.jpg 534w, \/wp-content\/uploads\/sites\/5\/2026\/04\/Jornada-de-la-Seguridad-Social-Pasticos-del-Pacifico-202600009.jpg 1599w\" sizes=\"(max-width: 630px) 100vw, 630px\" alt=\"\">\r\n                            <\/a>\r\n                            \r\n                        <\/figure>\r\n                    <\/div>\r\n                    <div class = \"td-slide-item td-item16\">\r\n                        <figure class=\"td-slide-galery-figure td-slide-popup-gallery\">\r\n                            <a class=\"slide-gallery-image-link\" href=\"\/wp-content\/uploads\/sites\/5\/2026\/04\/Jornada-de-la-Seguridad-Social-Pasticos-del-Pacifico-202600018.jpg\" title=\"Jornada de la Seguridad Social Pa\u0301sticos del Paci\u0301fico 202600018\"  data-caption=\"\"  data-description=\"\">\r\n                                <img decoding=\"async\" src=\"\/wp-content\/uploads\/sites\/5\/2026\/04\/Jornada-de-la-Seguridad-Social-Pasticos-del-Pacifico-202600018-630x420.jpg\" srcset=\"\/wp-content\/uploads\/sites\/5\/2026\/04\/Jornada-de-la-Seguridad-Social-Pasticos-del-Pacifico-202600018-630x420.jpg 630w, \/wp-content\/uploads\/sites\/5\/2026\/04\/Jornada-de-la-Seguridad-Social-Pasticos-del-Pacifico-202600018-300x200.jpg 300w, \/wp-content\/uploads\/sites\/5\/2026\/04\/Jornada-de-la-Seguridad-Social-Pasticos-del-Pacifico-202600018-1024x683.jpg 1024w, \/wp-content\/uploads\/sites\/5\/2026\/04\/Jornada-de-la-Seguridad-Social-Pasticos-del-Pacifico-202600018-768x512.jpg 768w, \/wp-content\/uploads\/sites\/5\/2026\/04\/Jornada-de-la-Seguridad-Social-Pasticos-del-Pacifico-202600018-1536x1024.jpg 1536w, \/wp-content\/uploads\/sites\/5\/2026\/04\/Jornada-de-la-Seguridad-Social-Pasticos-del-Pacifico-202600018-696x464.jpg 696w, \/wp-content\/uploads\/sites\/5\/2026\/04\/Jornada-de-la-Seguridad-Social-Pasticos-del-Pacifico-202600018-1068x712.jpg 1068w, \/wp-content\/uploads\/sites\/5\/2026\/04\/Jornada-de-la-Seguridad-Social-Pasticos-del-Pacifico-202600018-534x356.jpg 534w, \/wp-content\/uploads\/sites\/5\/2026\/04\/Jornada-de-la-Seguridad-Social-Pasticos-del-Pacifico-202600018.jpg 1599w\" sizes=\"(max-width: 630px) 100vw, 630px\" alt=\"\">\r\n                            <\/a>\r\n                            \r\n                        <\/figure>\r\n                    <\/div>\r\n                    <div class = \"td-slide-item td-item17\">\r\n                        <figure class=\"td-slide-galery-figure td-slide-popup-gallery\">\r\n                            <a class=\"slide-gallery-image-link\" href=\"\/wp-content\/uploads\/sites\/5\/2026\/04\/Jornada-de-la-Seguridad-Social-Pasticos-del-Pacifico-202600019.jpg\" title=\"Jornada de la Seguridad Social Pa\u0301sticos del Paci\u0301fico 202600019\"  data-caption=\"\"  data-description=\"\">\r\n                                <img decoding=\"async\" src=\"\/wp-content\/uploads\/sites\/5\/2026\/04\/Jornada-de-la-Seguridad-Social-Pasticos-del-Pacifico-202600019-630x420.jpg\" srcset=\"\/wp-content\/uploads\/sites\/5\/2026\/04\/Jornada-de-la-Seguridad-Social-Pasticos-del-Pacifico-202600019-630x420.jpg 630w, \/wp-content\/uploads\/sites\/5\/2026\/04\/Jornada-de-la-Seguridad-Social-Pasticos-del-Pacifico-202600019-300x200.jpg 300w, \/wp-content\/uploads\/sites\/5\/2026\/04\/Jornada-de-la-Seguridad-Social-Pasticos-del-Pacifico-202600019-1024x683.jpg 1024w, \/wp-content\/uploads\/sites\/5\/2026\/04\/Jornada-de-la-Seguridad-Social-Pasticos-del-Pacifico-202600019-768x512.jpg 768w, \/wp-content\/uploads\/sites\/5\/2026\/04\/Jornada-de-la-Seguridad-Social-Pasticos-del-Pacifico-202600019-1536x1024.jpg 1536w, \/wp-content\/uploads\/sites\/5\/2026\/04\/Jornada-de-la-Seguridad-Social-Pasticos-del-Pacifico-202600019-696x464.jpg 696w, \/wp-content\/uploads\/sites\/5\/2026\/04\/Jornada-de-la-Seguridad-Social-Pasticos-del-Pacifico-202600019-1068x712.jpg 1068w, \/wp-content\/uploads\/sites\/5\/2026\/04\/Jornada-de-la-Seguridad-Social-Pasticos-del-Pacifico-202600019-534x356.jpg 534w, \/wp-content\/uploads\/sites\/5\/2026\/04\/Jornada-de-la-Seguridad-Social-Pasticos-del-Pacifico-202600019.jpg 1599w\" sizes=\"(max-width: 630px) 100vw, 630px\" alt=\"\">\r\n                            <\/a>\r\n                            \r\n                        <\/figure>\r\n                    <\/div>\r\n                    <div class = \"td-slide-item td-item18\">\r\n                        <figure class=\"td-slide-galery-figure td-slide-popup-gallery\">\r\n                            <a class=\"slide-gallery-image-link\" href=\"\/wp-content\/uploads\/sites\/5\/2026\/04\/Jornada-de-la-Seguridad-Social-Pasticos-del-Pacifico-202600020.jpg\" title=\"Jornada de la Seguridad Social Pa\u0301sticos del Paci\u0301fico 202600020\"  data-caption=\"\"  data-description=\"\">\r\n                                <img decoding=\"async\" src=\"\/wp-content\/uploads\/sites\/5\/2026\/04\/Jornada-de-la-Seguridad-Social-Pasticos-del-Pacifico-202600020-630x420.jpg\" srcset=\"\/wp-content\/uploads\/sites\/5\/2026\/04\/Jornada-de-la-Seguridad-Social-Pasticos-del-Pacifico-202600020-630x420.jpg 630w, \/wp-content\/uploads\/sites\/5\/2026\/04\/Jornada-de-la-Seguridad-Social-Pasticos-del-Pacifico-202600020-300x200.jpg 300w, \/wp-content\/uploads\/sites\/5\/2026\/04\/Jornada-de-la-Seguridad-Social-Pasticos-del-Pacifico-202600020-1024x683.jpg 1024w, \/wp-content\/uploads\/sites\/5\/2026\/04\/Jornada-de-la-Seguridad-Social-Pasticos-del-Pacifico-202600020-768x512.jpg 768w, \/wp-content\/uploads\/sites\/5\/2026\/04\/Jornada-de-la-Seguridad-Social-Pasticos-del-Pacifico-202600020-1536x1024.jpg 1536w, \/wp-content\/uploads\/sites\/5\/2026\/04\/Jornada-de-la-Seguridad-Social-Pasticos-del-Pacifico-202600020-696x464.jpg 696w, \/wp-content\/uploads\/sites\/5\/2026\/04\/Jornada-de-la-Seguridad-Social-Pasticos-del-Pacifico-202600020-1068x712.jpg 1068w, \/wp-content\/uploads\/sites\/5\/2026\/04\/Jornada-de-la-Seguridad-Social-Pasticos-del-Pacifico-202600020-534x356.jpg 534w, \/wp-content\/uploads\/sites\/5\/2026\/04\/Jornada-de-la-Seguridad-Social-Pasticos-del-Pacifico-202600020.jpg 1599w\" sizes=\"(max-width: 630px) 100vw, 630px\" alt=\"\">\r\n                            <\/a>\r\n                            \r\n                        <\/figure>\r\n                    <\/div>\r\n                            <\/div>\r\n                        <\/div>\r\n\r\n                        <div class = \"td-doubleSlider-2\">\r\n                            <div class = \"td-slider\">\r\n                                \r\n                    <div class = \"td-button td-item1\">\r\n                        <div class = \"td-border\"><\/div>\r\n                    <\/div>\r\n                    <div class = \"td-button td-item2\">\r\n                        <div class = \"td-border\"><\/div>\r\n                    <\/div>\r\n                    <div class = \"td-button td-item3\">\r\n                        <div class = \"td-border\"><\/div>\r\n                    <\/div>\r\n                    <div class = \"td-button td-item4\">\r\n                        <div class = \"td-border\"><\/div>\r\n                    <\/div>\r\n                    <div class = \"td-button td-item5\">\r\n                        <div class = \"td-border\"><\/div>\r\n                    <\/div>\r\n                    <div class = \"td-button td-item6\">\r\n                        <div class = \"td-border\"><\/div>\r\n                    <\/div>\r\n                    <div class = \"td-button td-item7\">\r\n                        <div class = \"td-border\"><\/div>\r\n                    <\/div>\r\n                    <div class = \"td-button td-item8\">\r\n                        <div class = \"td-border\"><\/div>\r\n                    <\/div>\r\n                    <div class = \"td-button td-item9\">\r\n                        <div class = \"td-border\"><\/div>\r\n                    <\/div>\r\n                    <div class = \"td-button td-item10\">\r\n                        <div class = \"td-border\"><\/div>\r\n                    <\/div>\r\n                    <div class = \"td-button td-item11\">\r\n                        <div class = \"td-border\"><\/div>\r\n                    <\/div>\r\n                    <div class = \"td-button td-item12\">\r\n                        <div class = \"td-border\"><\/div>\r\n                    <\/div>\r\n                    <div class = \"td-button td-item13\">\r\n                        <div class = \"td-border\"><\/div>\r\n                    <\/div>\r\n                    <div class = \"td-button td-item14\">\r\n                        <div class = \"td-border\"><\/div>\r\n                    <\/div>\r\n                    <div class = \"td-button td-item15\">\r\n                        <div class = \"td-border\"><\/div>\r\n                    <\/div>\r\n                    <div class = \"td-button td-item16\">\r\n                        <div class = \"td-border\"><\/div>\r\n                    <\/div>\r\n                    <div class = \"td-button td-item17\">\r\n                        <div class = \"td-border\"><\/div>\r\n                    <\/div>\r\n                    <div class = \"td-button td-item18\">\r\n                        <div class = \"td-border\"><\/div>\r\n                    <\/div>\r\n                            <\/div>\r\n                        <\/div>\r\n\r\n                    <\/div>\r\n\r\n                <\/div>\r\n                \n\n\n\n<p><\/p>\n","protected":false},"excerpt":{"rendered":"<p>M\u00e1s de 300 trabajadores de Pl\u00e1sticos del Pac\u00edfico S.A. recibieron la atenci\u00f3n del IGSS en su lugar de trabajo, gracias a las Jornadas de la Seguridad Social.  <\/p>\n","protected":false},"author":3269,"featured_media":55863,"comment_status":"closed","ping_status":"closed","sticky":false,"template":"","format":"standard","meta":{"footnotes":""},"categories":[3,1130,45,1291,27,31,33],"tags":[490,2280,2646,2667,2706,2281],"coauthors":[1970],"class_list":{"0":"post-55862","1":"post","2":"type-post","3":"status-publish","4":"format-standard","5":"has-post-thumbnail","7":"category-actualidad","8":"category-consejos-medicos","9":"category-jornadas-medicas","10":"category-prestaciones-en-salud","11":"category-prevencion-en-salud","12":"category-salud","13":"category-servicios-de-salud","14":"tag-igss","15":"tag-jornadas-de-la-seguridad-social","16":"tag-sipresalud","17":"tag-sistema-integral-de-prevencion-en-salud-sipresalud","18":"tag-tamizajes","19":"tag-tamizajes-de-laboratorio"},"_links":{"self":[{"href":"https:\/\/www.igssgt.org\/noticias\/wp-json\/wp\/v2\/posts\/55862","targetHints":{"allow":["GET"]}}],"collection":[{"href":"https:\/\/www.igssgt.org\/noticias\/wp-json\/wp\/v2\/posts"}],"about":[{"href":"https:\/\/www.igssgt.org\/noticias\/wp-json\/wp\/v2\/types\/post"}],"author":[{"embeddable":true,"href":"https:\/\/www.igssgt.org\/noticias\/wp-json\/wp\/v2\/users\/3269"}],"replies":[{"embeddable":true,"href":"https:\/\/www.igssgt.org\/noticias\/wp-json\/wp\/v2\/comments?post=55862"}],"version-history":[{"count":1,"href":"https:\/\/www.igssgt.org\/noticias\/wp-json\/wp\/v2\/posts\/55862\/revisions"}],"predecessor-version":[{"id":55884,"href":"https:\/\/www.igssgt.org\/noticias\/wp-json\/wp\/v2\/posts\/55862\/revisions\/55884"}],"wp:featuredmedia":[{"embeddable":true,"href":"https:\/\/www.igssgt.org\/noticias\/wp-json\/wp\/v2\/media\/55863"}],"wp:attachment":[{"href":"https:\/\/www.igssgt.org\/noticias\/wp-json\/wp\/v2\/media?parent=55862"}],"wp:term":[{"taxonomy":"category","embeddable":true,"href":"https:\/\/www.igssgt.org\/noticias\/wp-json\/wp\/v2\/categories?post=55862"},{"taxonomy":"post_tag","embeddable":true,"href":"https:\/\/www.igssgt.org\/noticias\/wp-json\/wp\/v2\/tags?post=55862"},{"taxonomy":"author","embeddable":true,"href":"https:\/\/www.igssgt.org\/noticias\/wp-json\/wp\/v2\/coauthors?post=55862"}],"curies":[{"name":"wp","href":"https:\/\/api.w.org\/{rel}","templated":true}]}}