{"id":55897,"date":"2026-04-30T15:08:09","date_gmt":"2026-04-30T21:08:09","guid":{"rendered":"https:\/\/www.igssgt.org\/noticias\/?p=55897"},"modified":"2026-04-30T15:43:37","modified_gmt":"2026-04-30T21:43:37","slug":"celebramos-la-50a-jornada-de-la-seguridad-social","status":"publish","type":"post","link":"https:\/\/www.igssgt.org\/noticias\/2026\/04\/30\/celebramos-la-50a-jornada-de-la-seguridad-social\/","title":{"rendered":"Celebramos la 50\u00aa. Jornada de la Seguridad Social"},"content":{"rendered":"\n<p class=\"dropcapp2\">El Instituto Guatemalteco de Seguridad Social (IGSS) alcanz\u00f3 hoy las 50 Jornadas de la Seguridad Social del presente a\u00f1o, acercando la prevenci\u00f3n y la detecci\u00f3n temprana de enfermedades a m\u00e1s de 12,000 trabajadores afiliados.<\/p>\n\n\n\n<p>La quincuag\u00e9sima se llev\u00f3 a cabo en la empresa textilera Innov Tex S.A., ubicada en la colonia Santa Fe, zona 13 capitalina, donde se realizaron tamizajes para evaluar la funci\u00f3n hep\u00e1tica, renal y cardiovascular, as\u00ed como detectar enfermedades metab\u00f3licas. Tambi\u00e9n, se imparti\u00f3 educaci\u00f3n en salud sobre la prevenci\u00f3n del c\u00e1ncer de mama.<\/p>\n<figure id=\"attachment_55899\" aria-describedby=\"caption-attachment-55899\" style=\"width: 1600px\" class=\"wp-caption aligncenter\"><a href=\"\/wp-content\/uploads\/sites\/5\/2026\/04\/Jornada-de-la-Seguridad-Social-50-Innov-Tex-S.A.-202600005.jpg\"><img loading=\"lazy\" decoding=\"async\" class=\"size-full wp-image-55899\" src=\"\/wp-content\/uploads\/sites\/5\/2026\/04\/Jornada-de-la-Seguridad-Social-50-Innov-Tex-S.A.-202600005.jpg\" alt=\"\" width=\"1600\" height=\"1066\" srcset=\"\/wp-content\/uploads\/sites\/5\/2026\/04\/Jornada-de-la-Seguridad-Social-50-Innov-Tex-S.A.-202600005.jpg 1600w, \/wp-content\/uploads\/sites\/5\/2026\/04\/Jornada-de-la-Seguridad-Social-50-Innov-Tex-S.A.-202600005-300x200.jpg 300w, \/wp-content\/uploads\/sites\/5\/2026\/04\/Jornada-de-la-Seguridad-Social-50-Innov-Tex-S.A.-202600005-1024x682.jpg 1024w, \/wp-content\/uploads\/sites\/5\/2026\/04\/Jornada-de-la-Seguridad-Social-50-Innov-Tex-S.A.-202600005-768x512.jpg 768w, \/wp-content\/uploads\/sites\/5\/2026\/04\/Jornada-de-la-Seguridad-Social-50-Innov-Tex-S.A.-202600005-1536x1023.jpg 1536w, \/wp-content\/uploads\/sites\/5\/2026\/04\/Jornada-de-la-Seguridad-Social-50-Innov-Tex-S.A.-202600005-630x420.jpg 630w, \/wp-content\/uploads\/sites\/5\/2026\/04\/Jornada-de-la-Seguridad-Social-50-Innov-Tex-S.A.-202600005-696x464.jpg 696w, \/wp-content\/uploads\/sites\/5\/2026\/04\/Jornada-de-la-Seguridad-Social-50-Innov-Tex-S.A.-202600005-1068x712.jpg 1068w, \/wp-content\/uploads\/sites\/5\/2026\/04\/Jornada-de-la-Seguridad-Social-50-Innov-Tex-S.A.-202600005-534x356.jpg 534w\" sizes=\"auto, (max-width: 1600px) 100vw, 1600px\" \/><\/a><figcaption id=\"caption-attachment-55899\" class=\"wp-caption-text\">La hipertensi\u00f3n es una de las principales enfermedades que se ha detectado durante estas jornadas.<\/figcaption><\/figure>\n<p>El licenciado Sa\u00fal Hern\u00e1ndez, del Departamento de Medicina Preventiva del IGSS, inform\u00f3 que estas jornadas se enfocan en las pruebas de laboratorio, las cuales son fundamentales para la prevenci\u00f3n. \u201cHoy celebramos la Jornada n\u00famero 50 del a\u00f1o, con el objetivo de acercar los servicios a los afiliados\u201d, indic\u00f3. \u00a0<\/p>\n<p>A trav\u00e9s de estas jornadas, el IGSS llega a las empresas afiliadas para brindar la atenci\u00f3n a sus trabajadores. El ingeniero Sergio Toj, jefe de Despacho de Innov Tex, S.A., afirm\u00f3 que es positiva esta iniciativa porque evita los traslados a las unidades m\u00e9dicas. \u201cNo hubo ning\u00fan tiempo de espera y fui bien atendido, se nota que se est\u00e1n preocupando por quienes est\u00e1n cumpliendo con sus cuotas\u201d, agreg\u00f3.<\/p>\n<p>Las Jornadas de la Seguridad Social forman parte del Sistema de Atenci\u00f3n M\u00e9dica en Cl\u00ednica de Empresa, un servicio del IGSS que facilita el acceso a sus servicios.<\/p>\n<figure id=\"attachment_55900\" aria-describedby=\"caption-attachment-55900\" style=\"width: 1600px\" class=\"wp-caption aligncenter\"><a href=\"\/wp-content\/uploads\/sites\/5\/2026\/04\/Jornada-de-la-Seguridad-Social-50-Innov-Tex-S.A.-202600008.jpg\"><img loading=\"lazy\" decoding=\"async\" class=\"size-full wp-image-55900\" src=\"\/wp-content\/uploads\/sites\/5\/2026\/04\/Jornada-de-la-Seguridad-Social-50-Innov-Tex-S.A.-202600008.jpg\" alt=\"\" width=\"1600\" height=\"1066\" srcset=\"\/wp-content\/uploads\/sites\/5\/2026\/04\/Jornada-de-la-Seguridad-Social-50-Innov-Tex-S.A.-202600008.jpg 1600w, \/wp-content\/uploads\/sites\/5\/2026\/04\/Jornada-de-la-Seguridad-Social-50-Innov-Tex-S.A.-202600008-300x200.jpg 300w, \/wp-content\/uploads\/sites\/5\/2026\/04\/Jornada-de-la-Seguridad-Social-50-Innov-Tex-S.A.-202600008-1024x682.jpg 1024w, \/wp-content\/uploads\/sites\/5\/2026\/04\/Jornada-de-la-Seguridad-Social-50-Innov-Tex-S.A.-202600008-768x512.jpg 768w, \/wp-content\/uploads\/sites\/5\/2026\/04\/Jornada-de-la-Seguridad-Social-50-Innov-Tex-S.A.-202600008-1536x1023.jpg 1536w, \/wp-content\/uploads\/sites\/5\/2026\/04\/Jornada-de-la-Seguridad-Social-50-Innov-Tex-S.A.-202600008-630x420.jpg 630w, \/wp-content\/uploads\/sites\/5\/2026\/04\/Jornada-de-la-Seguridad-Social-50-Innov-Tex-S.A.-202600008-696x464.jpg 696w, \/wp-content\/uploads\/sites\/5\/2026\/04\/Jornada-de-la-Seguridad-Social-50-Innov-Tex-S.A.-202600008-1068x712.jpg 1068w, \/wp-content\/uploads\/sites\/5\/2026\/04\/Jornada-de-la-Seguridad-Social-50-Innov-Tex-S.A.-202600008-534x356.jpg 534w\" sizes=\"auto, (max-width: 1600px) 100vw, 1600px\" \/><\/a><figcaption id=\"caption-attachment-55900\" class=\"wp-caption-text\">Las Jornadas de la Seguridad Social son uno de los grandes beneficios del Sistema de Atenci\u00f3n M\u00e9dica en Cl\u00ednica de Empresa<\/figcaption><\/figure>\n<p>\u201cLa invitaci\u00f3n es a los patronos para que se acerquen al Departamento de Medicina Preventiva y obtengan este beneficio. Con esto seguimos cumpliendo con los objetivos institucionales y haciendo valer nuestro lema de tener \u00a1un IGSS m\u00e1s cerca de ti!\u201d, resalt\u00f3 el Lic. Hern\u00e1ndez.<\/p>\n<p>Por su parte, Sonia Hern\u00e1ndez, enfermera auxiliar de la Cl\u00ednica de Empresa de Innov Tex S.A., dijo que muchos colaboradores no van al IGSS por sus jornadas de trabajo, por lo que es de mucho beneficio que el Instituto lleve los servicios a los lugares de trabajo.<\/p>\n<figure id=\"attachment_55927\" aria-describedby=\"caption-attachment-55927\" style=\"width: 1080px\" class=\"wp-caption aligncenter\"><a href=\"\/wp-content\/uploads\/sites\/5\/2026\/04\/62898d1b-3a4d-425c-91a0-5e22283a4393.jpg\"><img loading=\"lazy\" decoding=\"async\" class=\"size-full wp-image-55927\" src=\"\/wp-content\/uploads\/sites\/5\/2026\/04\/62898d1b-3a4d-425c-91a0-5e22283a4393.jpg\" alt=\"\" width=\"1080\" height=\"1350\" srcset=\"\/wp-content\/uploads\/sites\/5\/2026\/04\/62898d1b-3a4d-425c-91a0-5e22283a4393.jpg 1080w, \/wp-content\/uploads\/sites\/5\/2026\/04\/62898d1b-3a4d-425c-91a0-5e22283a4393-240x300.jpg 240w, \/wp-content\/uploads\/sites\/5\/2026\/04\/62898d1b-3a4d-425c-91a0-5e22283a4393-819x1024.jpg 819w, \/wp-content\/uploads\/sites\/5\/2026\/04\/62898d1b-3a4d-425c-91a0-5e22283a4393-768x960.jpg 768w, \/wp-content\/uploads\/sites\/5\/2026\/04\/62898d1b-3a4d-425c-91a0-5e22283a4393-336x420.jpg 336w, \/wp-content\/uploads\/sites\/5\/2026\/04\/62898d1b-3a4d-425c-91a0-5e22283a4393-696x870.jpg 696w, \/wp-content\/uploads\/sites\/5\/2026\/04\/62898d1b-3a4d-425c-91a0-5e22283a4393-1068x1335.jpg 1068w, \/wp-content\/uploads\/sites\/5\/2026\/04\/62898d1b-3a4d-425c-91a0-5e22283a4393-370x462.jpg 370w\" sizes=\"auto, (max-width: 1080px) 100vw, 1080px\" \/><\/a><figcaption id=\"caption-attachment-55927\" class=\"wp-caption-text\">Este a\u00f1o se han realizado 50 Jornadas de la Seguridad Social.<\/figcaption><\/figure>\n<p>\u201cLes agradezco por esta jornada y los animo a que sigan implementando esta iniciativa en beneficio de m\u00e1s trabajadores\u201d, agreg\u00f3 la entrevistada.<\/p>\n<p>\u00a0<\/p>\n\r\n                <style type=\"text\/css\">\r\n                    \r\n                    #tdi_1  .td-doubleSlider-2 .td-item1 {\r\n                        background: url(\/wp-content\/uploads\/sites\/5\/2026\/04\/Jornada-de-la-Seguridad-Social-50-Innov-Tex-S.A.-202600009-80x60.jpg) 0 0 no-repeat;\r\n                    }\r\n                    #tdi_1  .td-doubleSlider-2 .td-item2 {\r\n                        background: url(\/wp-content\/uploads\/sites\/5\/2026\/04\/Jornada-de-la-Seguridad-Social-50-Innov-Tex-S.A.-202600000-80x60.jpg) 0 0 no-repeat;\r\n                    }\r\n                    #tdi_1  .td-doubleSlider-2 .td-item3 {\r\n                        background: url(\/wp-content\/uploads\/sites\/5\/2026\/04\/Jornada-de-la-Seguridad-Social-50-Innov-Tex-S.A.-202600007-80x60.jpg) 0 0 no-repeat;\r\n                    }\r\n                    #tdi_1  .td-doubleSlider-2 .td-item4 {\r\n                        background: url(\/wp-content\/uploads\/sites\/5\/2026\/04\/Jornada-de-la-Seguridad-Social-50-Innov-Tex-S.A.-202600004-80x60.jpg) 0 0 no-repeat;\r\n                    }\r\n                    #tdi_1  .td-doubleSlider-2 .td-item5 {\r\n                        background: url(\/wp-content\/uploads\/sites\/5\/2026\/04\/Jornada-de-la-Seguridad-Social-50-Innov-Tex-S.A.-202600006-80x60.jpg) 0 0 no-repeat;\r\n                    }\r\n                    #tdi_1  .td-doubleSlider-2 .td-item6 {\r\n                        background: url(\/wp-content\/uploads\/sites\/5\/2026\/04\/Jornada-de-la-Seguridad-Social-50-Innov-Tex-S.A.-202600010-80x60.jpg) 0 0 no-repeat;\r\n                    }\r\n                    #tdi_1  .td-doubleSlider-2 .td-item7 {\r\n                        background: url(\/wp-content\/uploads\/sites\/5\/2026\/04\/Jornada-de-la-Seguridad-Social-50-Innov-Tex-S.A.-202600011-80x60.jpg) 0 0 no-repeat;\r\n                    }\r\n                    #tdi_1  .td-doubleSlider-2 .td-item8 {\r\n                        background: url(\/wp-content\/uploads\/sites\/5\/2026\/04\/Jornada-de-la-Seguridad-Social-50-Innov-Tex-S.A.-202600014-80x60.jpg) 0 0 no-repeat;\r\n                    }\r\n                    #tdi_1  .td-doubleSlider-2 .td-item9 {\r\n                        background: url(\/wp-content\/uploads\/sites\/5\/2026\/04\/Jornada-de-la-Seguridad-Social-50-Innov-Tex-S.A.-202600002-80x60.jpg) 0 0 no-repeat;\r\n                    }\r\n                    #tdi_1  .td-doubleSlider-2 .td-item10 {\r\n                        background: url(\/wp-content\/uploads\/sites\/5\/2026\/04\/Jornada-de-la-Seguridad-Social-50-Innov-Tex-S.A.-202600003-80x60.jpg) 0 0 no-repeat;\r\n                    }\r\n                    #tdi_1  .td-doubleSlider-2 .td-item11 {\r\n                        background: url(\/wp-content\/uploads\/sites\/5\/2026\/04\/ae6c578d-f083-4e79-93d3-6abd51fe0f5c-80x60.jpg) 0 0 no-repeat;\r\n                    }\r\n                    #tdi_1  .td-doubleSlider-2 .td-item12 {\r\n                        background: url(\/wp-content\/uploads\/sites\/5\/2026\/04\/Jornada-de-la-Seguridad-Social-50-Innov-Tex-S.A.-202600013-80x60.jpg) 0 0 no-repeat;\r\n                    }\r\n                <\/style>\r\n\r\n                <div id=\"tdi_1\" class=\"td-gallery td-slide-on-2-columns\">\r\n                    <div class=\"post_td_gallery\">\r\n                        <div class=\"td-gallery-slide-top\">\r\n                           <div class=\"td-gallery-title\">M\u00e1s fotos:<\/div>\r\n\r\n                            <div class=\"td-gallery-controls-wrapper\">\r\n                                <div class=\"td-gallery-slide-count\"><span class=\"td-gallery-slide-item-focus\">1<\/span> de 12<\/div>\r\n                                <div class=\"td-gallery-slide-prev-next-but\">\r\n                                    <i class = \"td-icon-left doubleSliderPrevButton\"><\/i>\r\n                                    <i class = \"td-icon-right doubleSliderNextButton\"><\/i>\r\n                                <\/div>\r\n                            <\/div>\r\n                        <\/div>\r\n\r\n                        <div class = \"td-doubleSlider-1 \">\r\n                            <div class = \"td-slider\">\r\n                                \r\n                    <div class = \"td-slide-item td-item1\">\r\n                        <figure class=\"td-slide-galery-figure td-slide-popup-gallery\">\r\n                            <a class=\"slide-gallery-image-link\" href=\"\/wp-content\/uploads\/sites\/5\/2026\/04\/Jornada-de-la-Seguridad-Social-50-Innov-Tex-S.A.-202600009.jpg\" title=\"Jornada de la Seguridad Social #50 Innov Tex S.A. 202600009\"  data-caption=\"\"  data-description=\"\">\r\n                                <img decoding=\"async\" src=\"\/wp-content\/uploads\/sites\/5\/2026\/04\/Jornada-de-la-Seguridad-Social-50-Innov-Tex-S.A.-202600009-630x420.jpg\" srcset=\"\/wp-content\/uploads\/sites\/5\/2026\/04\/Jornada-de-la-Seguridad-Social-50-Innov-Tex-S.A.-202600009-630x420.jpg 630w, \/wp-content\/uploads\/sites\/5\/2026\/04\/Jornada-de-la-Seguridad-Social-50-Innov-Tex-S.A.-202600009-300x200.jpg 300w, \/wp-content\/uploads\/sites\/5\/2026\/04\/Jornada-de-la-Seguridad-Social-50-Innov-Tex-S.A.-202600009-1024x682.jpg 1024w, \/wp-content\/uploads\/sites\/5\/2026\/04\/Jornada-de-la-Seguridad-Social-50-Innov-Tex-S.A.-202600009-768x512.jpg 768w, \/wp-content\/uploads\/sites\/5\/2026\/04\/Jornada-de-la-Seguridad-Social-50-Innov-Tex-S.A.-202600009-1536x1023.jpg 1536w, \/wp-content\/uploads\/sites\/5\/2026\/04\/Jornada-de-la-Seguridad-Social-50-Innov-Tex-S.A.-202600009-696x464.jpg 696w, \/wp-content\/uploads\/sites\/5\/2026\/04\/Jornada-de-la-Seguridad-Social-50-Innov-Tex-S.A.-202600009-1068x712.jpg 1068w, \/wp-content\/uploads\/sites\/5\/2026\/04\/Jornada-de-la-Seguridad-Social-50-Innov-Tex-S.A.-202600009-534x356.jpg 534w, \/wp-content\/uploads\/sites\/5\/2026\/04\/Jornada-de-la-Seguridad-Social-50-Innov-Tex-S.A.-202600009.jpg 1600w\" sizes=\"(max-width: 630px) 100vw, 630px\" alt=\"\">\r\n                            <\/a>\r\n                            \r\n                        <\/figure>\r\n                    <\/div>\r\n                    <div class = \"td-slide-item td-item2\">\r\n                        <figure class=\"td-slide-galery-figure td-slide-popup-gallery\">\r\n                            <a class=\"slide-gallery-image-link\" href=\"\/wp-content\/uploads\/sites\/5\/2026\/04\/Jornada-de-la-Seguridad-Social-50-Innov-Tex-S.A.-202600000.jpg\" title=\"Jornada de la Seguridad Social #50 Innov Tex S.A. 202600000\"  data-caption=\"\"  data-description=\"\">\r\n                                <img decoding=\"async\" src=\"\/wp-content\/uploads\/sites\/5\/2026\/04\/Jornada-de-la-Seguridad-Social-50-Innov-Tex-S.A.-202600000-630x420.jpg\" srcset=\"\/wp-content\/uploads\/sites\/5\/2026\/04\/Jornada-de-la-Seguridad-Social-50-Innov-Tex-S.A.-202600000-630x420.jpg 630w, \/wp-content\/uploads\/sites\/5\/2026\/04\/Jornada-de-la-Seguridad-Social-50-Innov-Tex-S.A.-202600000-300x200.jpg 300w, \/wp-content\/uploads\/sites\/5\/2026\/04\/Jornada-de-la-Seguridad-Social-50-Innov-Tex-S.A.-202600000-1024x682.jpg 1024w, \/wp-content\/uploads\/sites\/5\/2026\/04\/Jornada-de-la-Seguridad-Social-50-Innov-Tex-S.A.-202600000-768x512.jpg 768w, \/wp-content\/uploads\/sites\/5\/2026\/04\/Jornada-de-la-Seguridad-Social-50-Innov-Tex-S.A.-202600000-1536x1023.jpg 1536w, \/wp-content\/uploads\/sites\/5\/2026\/04\/Jornada-de-la-Seguridad-Social-50-Innov-Tex-S.A.-202600000-696x464.jpg 696w, \/wp-content\/uploads\/sites\/5\/2026\/04\/Jornada-de-la-Seguridad-Social-50-Innov-Tex-S.A.-202600000-1068x712.jpg 1068w, \/wp-content\/uploads\/sites\/5\/2026\/04\/Jornada-de-la-Seguridad-Social-50-Innov-Tex-S.A.-202600000-534x356.jpg 534w, \/wp-content\/uploads\/sites\/5\/2026\/04\/Jornada-de-la-Seguridad-Social-50-Innov-Tex-S.A.-202600000.jpg 1600w\" sizes=\"(max-width: 630px) 100vw, 630px\" alt=\"\">\r\n                            <\/a>\r\n                            \r\n                        <\/figure>\r\n                    <\/div>\r\n                    <div class = \"td-slide-item td-item3\">\r\n                        <figure class=\"td-slide-galery-figure td-slide-popup-gallery\">\r\n                            <a class=\"slide-gallery-image-link\" href=\"\/wp-content\/uploads\/sites\/5\/2026\/04\/Jornada-de-la-Seguridad-Social-50-Innov-Tex-S.A.-202600007.jpg\" title=\"Jornada de la Seguridad Social #50 Innov Tex S.A. 202600007\"  data-caption=\"\"  data-description=\"\">\r\n                                <img decoding=\"async\" src=\"\/wp-content\/uploads\/sites\/5\/2026\/04\/Jornada-de-la-Seguridad-Social-50-Innov-Tex-S.A.-202600007-630x420.jpg\" srcset=\"\/wp-content\/uploads\/sites\/5\/2026\/04\/Jornada-de-la-Seguridad-Social-50-Innov-Tex-S.A.-202600007-630x420.jpg 630w, \/wp-content\/uploads\/sites\/5\/2026\/04\/Jornada-de-la-Seguridad-Social-50-Innov-Tex-S.A.-202600007-300x200.jpg 300w, \/wp-content\/uploads\/sites\/5\/2026\/04\/Jornada-de-la-Seguridad-Social-50-Innov-Tex-S.A.-202600007-1024x682.jpg 1024w, \/wp-content\/uploads\/sites\/5\/2026\/04\/Jornada-de-la-Seguridad-Social-50-Innov-Tex-S.A.-202600007-768x512.jpg 768w, \/wp-content\/uploads\/sites\/5\/2026\/04\/Jornada-de-la-Seguridad-Social-50-Innov-Tex-S.A.-202600007-1536x1023.jpg 1536w, \/wp-content\/uploads\/sites\/5\/2026\/04\/Jornada-de-la-Seguridad-Social-50-Innov-Tex-S.A.-202600007-696x464.jpg 696w, \/wp-content\/uploads\/sites\/5\/2026\/04\/Jornada-de-la-Seguridad-Social-50-Innov-Tex-S.A.-202600007-1068x712.jpg 1068w, \/wp-content\/uploads\/sites\/5\/2026\/04\/Jornada-de-la-Seguridad-Social-50-Innov-Tex-S.A.-202600007-534x356.jpg 534w, \/wp-content\/uploads\/sites\/5\/2026\/04\/Jornada-de-la-Seguridad-Social-50-Innov-Tex-S.A.-202600007.jpg 1600w\" sizes=\"(max-width: 630px) 100vw, 630px\" alt=\"\">\r\n                            <\/a>\r\n                            \r\n                        <\/figure>\r\n                    <\/div>\r\n                    <div class = \"td-slide-item td-item4\">\r\n                        <figure class=\"td-slide-galery-figure td-slide-popup-gallery\">\r\n                            <a class=\"slide-gallery-image-link\" href=\"\/wp-content\/uploads\/sites\/5\/2026\/04\/Jornada-de-la-Seguridad-Social-50-Innov-Tex-S.A.-202600004.jpg\" title=\"Jornada de la Seguridad Social #50 Innov Tex S.A. 202600004\"  data-caption=\"\"  data-description=\"\">\r\n                                <img decoding=\"async\" src=\"\/wp-content\/uploads\/sites\/5\/2026\/04\/Jornada-de-la-Seguridad-Social-50-Innov-Tex-S.A.-202600004-630x420.jpg\" srcset=\"\/wp-content\/uploads\/sites\/5\/2026\/04\/Jornada-de-la-Seguridad-Social-50-Innov-Tex-S.A.-202600004-630x420.jpg 630w, \/wp-content\/uploads\/sites\/5\/2026\/04\/Jornada-de-la-Seguridad-Social-50-Innov-Tex-S.A.-202600004-300x200.jpg 300w, \/wp-content\/uploads\/sites\/5\/2026\/04\/Jornada-de-la-Seguridad-Social-50-Innov-Tex-S.A.-202600004-1024x682.jpg 1024w, \/wp-content\/uploads\/sites\/5\/2026\/04\/Jornada-de-la-Seguridad-Social-50-Innov-Tex-S.A.-202600004-768x512.jpg 768w, \/wp-content\/uploads\/sites\/5\/2026\/04\/Jornada-de-la-Seguridad-Social-50-Innov-Tex-S.A.-202600004-1536x1023.jpg 1536w, \/wp-content\/uploads\/sites\/5\/2026\/04\/Jornada-de-la-Seguridad-Social-50-Innov-Tex-S.A.-202600004-696x464.jpg 696w, \/wp-content\/uploads\/sites\/5\/2026\/04\/Jornada-de-la-Seguridad-Social-50-Innov-Tex-S.A.-202600004-1068x712.jpg 1068w, \/wp-content\/uploads\/sites\/5\/2026\/04\/Jornada-de-la-Seguridad-Social-50-Innov-Tex-S.A.-202600004-534x356.jpg 534w, \/wp-content\/uploads\/sites\/5\/2026\/04\/Jornada-de-la-Seguridad-Social-50-Innov-Tex-S.A.-202600004.jpg 1600w\" sizes=\"(max-width: 630px) 100vw, 630px\" alt=\"\">\r\n                            <\/a>\r\n                            \r\n                        <\/figure>\r\n                    <\/div>\r\n                    <div class = \"td-slide-item td-item5\">\r\n                        <figure class=\"td-slide-galery-figure td-slide-popup-gallery\">\r\n                            <a class=\"slide-gallery-image-link\" href=\"\/wp-content\/uploads\/sites\/5\/2026\/04\/Jornada-de-la-Seguridad-Social-50-Innov-Tex-S.A.-202600006.jpg\" title=\"Jornada de la Seguridad Social #50 Innov Tex S.A. 202600006\"  data-caption=\"\"  data-description=\"\">\r\n                                <img decoding=\"async\" src=\"\/wp-content\/uploads\/sites\/5\/2026\/04\/Jornada-de-la-Seguridad-Social-50-Innov-Tex-S.A.-202600006-630x420.jpg\" srcset=\"\/wp-content\/uploads\/sites\/5\/2026\/04\/Jornada-de-la-Seguridad-Social-50-Innov-Tex-S.A.-202600006-630x420.jpg 630w, \/wp-content\/uploads\/sites\/5\/2026\/04\/Jornada-de-la-Seguridad-Social-50-Innov-Tex-S.A.-202600006-300x200.jpg 300w, \/wp-content\/uploads\/sites\/5\/2026\/04\/Jornada-de-la-Seguridad-Social-50-Innov-Tex-S.A.-202600006-1024x682.jpg 1024w, \/wp-content\/uploads\/sites\/5\/2026\/04\/Jornada-de-la-Seguridad-Social-50-Innov-Tex-S.A.-202600006-768x512.jpg 768w, \/wp-content\/uploads\/sites\/5\/2026\/04\/Jornada-de-la-Seguridad-Social-50-Innov-Tex-S.A.-202600006-1536x1023.jpg 1536w, \/wp-content\/uploads\/sites\/5\/2026\/04\/Jornada-de-la-Seguridad-Social-50-Innov-Tex-S.A.-202600006-696x464.jpg 696w, \/wp-content\/uploads\/sites\/5\/2026\/04\/Jornada-de-la-Seguridad-Social-50-Innov-Tex-S.A.-202600006-1068x712.jpg 1068w, \/wp-content\/uploads\/sites\/5\/2026\/04\/Jornada-de-la-Seguridad-Social-50-Innov-Tex-S.A.-202600006-534x356.jpg 534w, \/wp-content\/uploads\/sites\/5\/2026\/04\/Jornada-de-la-Seguridad-Social-50-Innov-Tex-S.A.-202600006.jpg 1600w\" sizes=\"(max-width: 630px) 100vw, 630px\" alt=\"\">\r\n                            <\/a>\r\n                            \r\n                        <\/figure>\r\n                    <\/div>\r\n                    <div class = \"td-slide-item td-item6\">\r\n                        <figure class=\"td-slide-galery-figure td-slide-popup-gallery\">\r\n                            <a class=\"slide-gallery-image-link\" href=\"\/wp-content\/uploads\/sites\/5\/2026\/04\/Jornada-de-la-Seguridad-Social-50-Innov-Tex-S.A.-202600010.jpg\" title=\"Jornada de la Seguridad Social #50 Innov Tex S.A. 202600010\"  data-caption=\"\"  data-description=\"\">\r\n                                <img decoding=\"async\" src=\"\/wp-content\/uploads\/sites\/5\/2026\/04\/Jornada-de-la-Seguridad-Social-50-Innov-Tex-S.A.-202600010-630x420.jpg\" srcset=\"\/wp-content\/uploads\/sites\/5\/2026\/04\/Jornada-de-la-Seguridad-Social-50-Innov-Tex-S.A.-202600010-630x420.jpg 630w, \/wp-content\/uploads\/sites\/5\/2026\/04\/Jornada-de-la-Seguridad-Social-50-Innov-Tex-S.A.-202600010-300x200.jpg 300w, \/wp-content\/uploads\/sites\/5\/2026\/04\/Jornada-de-la-Seguridad-Social-50-Innov-Tex-S.A.-202600010-1024x682.jpg 1024w, \/wp-content\/uploads\/sites\/5\/2026\/04\/Jornada-de-la-Seguridad-Social-50-Innov-Tex-S.A.-202600010-768x512.jpg 768w, \/wp-content\/uploads\/sites\/5\/2026\/04\/Jornada-de-la-Seguridad-Social-50-Innov-Tex-S.A.-202600010-1536x1023.jpg 1536w, \/wp-content\/uploads\/sites\/5\/2026\/04\/Jornada-de-la-Seguridad-Social-50-Innov-Tex-S.A.-202600010-696x464.jpg 696w, \/wp-content\/uploads\/sites\/5\/2026\/04\/Jornada-de-la-Seguridad-Social-50-Innov-Tex-S.A.-202600010-1068x712.jpg 1068w, \/wp-content\/uploads\/sites\/5\/2026\/04\/Jornada-de-la-Seguridad-Social-50-Innov-Tex-S.A.-202600010-534x356.jpg 534w, \/wp-content\/uploads\/sites\/5\/2026\/04\/Jornada-de-la-Seguridad-Social-50-Innov-Tex-S.A.-202600010.jpg 1600w\" sizes=\"(max-width: 630px) 100vw, 630px\" alt=\"\">\r\n                            <\/a>\r\n                            \r\n                        <\/figure>\r\n                    <\/div>\r\n                    <div class = \"td-slide-item td-item7\">\r\n                        <figure class=\"td-slide-galery-figure td-slide-popup-gallery\">\r\n                            <a class=\"slide-gallery-image-link\" href=\"\/wp-content\/uploads\/sites\/5\/2026\/04\/Jornada-de-la-Seguridad-Social-50-Innov-Tex-S.A.-202600011.jpg\" title=\"Jornada de la Seguridad Social #50 Innov Tex S.A. 202600011\"  data-caption=\"\"  data-description=\"\">\r\n                                <img decoding=\"async\" src=\"\/wp-content\/uploads\/sites\/5\/2026\/04\/Jornada-de-la-Seguridad-Social-50-Innov-Tex-S.A.-202600011-630x420.jpg\" srcset=\"\/wp-content\/uploads\/sites\/5\/2026\/04\/Jornada-de-la-Seguridad-Social-50-Innov-Tex-S.A.-202600011-630x420.jpg 630w, \/wp-content\/uploads\/sites\/5\/2026\/04\/Jornada-de-la-Seguridad-Social-50-Innov-Tex-S.A.-202600011-300x200.jpg 300w, \/wp-content\/uploads\/sites\/5\/2026\/04\/Jornada-de-la-Seguridad-Social-50-Innov-Tex-S.A.-202600011-1024x682.jpg 1024w, \/wp-content\/uploads\/sites\/5\/2026\/04\/Jornada-de-la-Seguridad-Social-50-Innov-Tex-S.A.-202600011-768x512.jpg 768w, \/wp-content\/uploads\/sites\/5\/2026\/04\/Jornada-de-la-Seguridad-Social-50-Innov-Tex-S.A.-202600011-1536x1023.jpg 1536w, \/wp-content\/uploads\/sites\/5\/2026\/04\/Jornada-de-la-Seguridad-Social-50-Innov-Tex-S.A.-202600011-696x464.jpg 696w, \/wp-content\/uploads\/sites\/5\/2026\/04\/Jornada-de-la-Seguridad-Social-50-Innov-Tex-S.A.-202600011-1068x712.jpg 1068w, \/wp-content\/uploads\/sites\/5\/2026\/04\/Jornada-de-la-Seguridad-Social-50-Innov-Tex-S.A.-202600011-534x356.jpg 534w, \/wp-content\/uploads\/sites\/5\/2026\/04\/Jornada-de-la-Seguridad-Social-50-Innov-Tex-S.A.-202600011.jpg 1600w\" sizes=\"(max-width: 630px) 100vw, 630px\" alt=\"\">\r\n                            <\/a>\r\n                            \r\n                        <\/figure>\r\n                    <\/div>\r\n                    <div class = \"td-slide-item td-item8\">\r\n                        <figure class=\"td-slide-galery-figure td-slide-popup-gallery\">\r\n                            <a class=\"slide-gallery-image-link\" href=\"\/wp-content\/uploads\/sites\/5\/2026\/04\/Jornada-de-la-Seguridad-Social-50-Innov-Tex-S.A.-202600014.jpg\" title=\"Jornada de la Seguridad Social #50 Innov Tex S.A. 202600014\"  data-caption=\"\"  data-description=\"\">\r\n                                <img decoding=\"async\" src=\"\/wp-content\/uploads\/sites\/5\/2026\/04\/Jornada-de-la-Seguridad-Social-50-Innov-Tex-S.A.-202600014-630x420.jpg\" srcset=\"\/wp-content\/uploads\/sites\/5\/2026\/04\/Jornada-de-la-Seguridad-Social-50-Innov-Tex-S.A.-202600014-630x420.jpg 630w, \/wp-content\/uploads\/sites\/5\/2026\/04\/Jornada-de-la-Seguridad-Social-50-Innov-Tex-S.A.-202600014-300x200.jpg 300w, \/wp-content\/uploads\/sites\/5\/2026\/04\/Jornada-de-la-Seguridad-Social-50-Innov-Tex-S.A.-202600014-1024x682.jpg 1024w, \/wp-content\/uploads\/sites\/5\/2026\/04\/Jornada-de-la-Seguridad-Social-50-Innov-Tex-S.A.-202600014-768x512.jpg 768w, \/wp-content\/uploads\/sites\/5\/2026\/04\/Jornada-de-la-Seguridad-Social-50-Innov-Tex-S.A.-202600014-1536x1023.jpg 1536w, \/wp-content\/uploads\/sites\/5\/2026\/04\/Jornada-de-la-Seguridad-Social-50-Innov-Tex-S.A.-202600014-696x464.jpg 696w, \/wp-content\/uploads\/sites\/5\/2026\/04\/Jornada-de-la-Seguridad-Social-50-Innov-Tex-S.A.-202600014-1068x712.jpg 1068w, \/wp-content\/uploads\/sites\/5\/2026\/04\/Jornada-de-la-Seguridad-Social-50-Innov-Tex-S.A.-202600014-534x356.jpg 534w, \/wp-content\/uploads\/sites\/5\/2026\/04\/Jornada-de-la-Seguridad-Social-50-Innov-Tex-S.A.-202600014.jpg 1600w\" sizes=\"(max-width: 630px) 100vw, 630px\" alt=\"\">\r\n                            <\/a>\r\n                            \r\n                        <\/figure>\r\n                    <\/div>\r\n                    <div class = \"td-slide-item td-item9\">\r\n                        <figure class=\"td-slide-galery-figure td-slide-popup-gallery\">\r\n                            <a class=\"slide-gallery-image-link\" href=\"\/wp-content\/uploads\/sites\/5\/2026\/04\/Jornada-de-la-Seguridad-Social-50-Innov-Tex-S.A.-202600002.jpg\" title=\"Jornada de la Seguridad Social #50 Innov Tex S.A. 202600002\"  data-caption=\"\"  data-description=\"\">\r\n                                <img decoding=\"async\" src=\"\/wp-content\/uploads\/sites\/5\/2026\/04\/Jornada-de-la-Seguridad-Social-50-Innov-Tex-S.A.-202600002-630x420.jpg\" srcset=\"\/wp-content\/uploads\/sites\/5\/2026\/04\/Jornada-de-la-Seguridad-Social-50-Innov-Tex-S.A.-202600002-630x420.jpg 630w, \/wp-content\/uploads\/sites\/5\/2026\/04\/Jornada-de-la-Seguridad-Social-50-Innov-Tex-S.A.-202600002-300x200.jpg 300w, \/wp-content\/uploads\/sites\/5\/2026\/04\/Jornada-de-la-Seguridad-Social-50-Innov-Tex-S.A.-202600002-1024x682.jpg 1024w, \/wp-content\/uploads\/sites\/5\/2026\/04\/Jornada-de-la-Seguridad-Social-50-Innov-Tex-S.A.-202600002-768x512.jpg 768w, \/wp-content\/uploads\/sites\/5\/2026\/04\/Jornada-de-la-Seguridad-Social-50-Innov-Tex-S.A.-202600002-1536x1023.jpg 1536w, \/wp-content\/uploads\/sites\/5\/2026\/04\/Jornada-de-la-Seguridad-Social-50-Innov-Tex-S.A.-202600002-696x464.jpg 696w, \/wp-content\/uploads\/sites\/5\/2026\/04\/Jornada-de-la-Seguridad-Social-50-Innov-Tex-S.A.-202600002-1068x712.jpg 1068w, \/wp-content\/uploads\/sites\/5\/2026\/04\/Jornada-de-la-Seguridad-Social-50-Innov-Tex-S.A.-202600002-534x356.jpg 534w, \/wp-content\/uploads\/sites\/5\/2026\/04\/Jornada-de-la-Seguridad-Social-50-Innov-Tex-S.A.-202600002.jpg 1600w\" sizes=\"(max-width: 630px) 100vw, 630px\" alt=\"\">\r\n                            <\/a>\r\n                            \r\n                        <\/figure>\r\n                    <\/div>\r\n                    <div class = \"td-slide-item td-item10\">\r\n                        <figure class=\"td-slide-galery-figure td-slide-popup-gallery\">\r\n                            <a class=\"slide-gallery-image-link\" href=\"\/wp-content\/uploads\/sites\/5\/2026\/04\/Jornada-de-la-Seguridad-Social-50-Innov-Tex-S.A.-202600003.jpg\" title=\"Jornada de la Seguridad Social #50 Innov Tex S.A. 202600003\"  data-caption=\"\"  data-description=\"\">\r\n                                <img decoding=\"async\" src=\"\/wp-content\/uploads\/sites\/5\/2026\/04\/Jornada-de-la-Seguridad-Social-50-Innov-Tex-S.A.-202600003-630x420.jpg\" srcset=\"\/wp-content\/uploads\/sites\/5\/2026\/04\/Jornada-de-la-Seguridad-Social-50-Innov-Tex-S.A.-202600003-630x420.jpg 630w, \/wp-content\/uploads\/sites\/5\/2026\/04\/Jornada-de-la-Seguridad-Social-50-Innov-Tex-S.A.-202600003-300x200.jpg 300w, \/wp-content\/uploads\/sites\/5\/2026\/04\/Jornada-de-la-Seguridad-Social-50-Innov-Tex-S.A.-202600003-1024x682.jpg 1024w, \/wp-content\/uploads\/sites\/5\/2026\/04\/Jornada-de-la-Seguridad-Social-50-Innov-Tex-S.A.-202600003-768x512.jpg 768w, \/wp-content\/uploads\/sites\/5\/2026\/04\/Jornada-de-la-Seguridad-Social-50-Innov-Tex-S.A.-202600003-1536x1023.jpg 1536w, \/wp-content\/uploads\/sites\/5\/2026\/04\/Jornada-de-la-Seguridad-Social-50-Innov-Tex-S.A.-202600003-696x464.jpg 696w, \/wp-content\/uploads\/sites\/5\/2026\/04\/Jornada-de-la-Seguridad-Social-50-Innov-Tex-S.A.-202600003-1068x712.jpg 1068w, \/wp-content\/uploads\/sites\/5\/2026\/04\/Jornada-de-la-Seguridad-Social-50-Innov-Tex-S.A.-202600003-534x356.jpg 534w, \/wp-content\/uploads\/sites\/5\/2026\/04\/Jornada-de-la-Seguridad-Social-50-Innov-Tex-S.A.-202600003.jpg 1600w\" sizes=\"(max-width: 630px) 100vw, 630px\" alt=\"\">\r\n                            <\/a>\r\n                            \r\n                        <\/figure>\r\n                    <\/div>\r\n                    <div class = \"td-slide-item td-item11\">\r\n                        <figure class=\"td-slide-galery-figure td-slide-popup-gallery\">\r\n                            <a class=\"slide-gallery-image-link\" href=\"\/wp-content\/uploads\/sites\/5\/2026\/04\/ae6c578d-f083-4e79-93d3-6abd51fe0f5c.jpg\" title=\"ae6c578d-f083-4e79-93d3-6abd51fe0f5c\"  data-caption=\"\"  data-description=\"\">\r\n                                <img decoding=\"async\" src=\"\/wp-content\/uploads\/sites\/5\/2026\/04\/ae6c578d-f083-4e79-93d3-6abd51fe0f5c-280x420.jpg\" srcset=\"\/wp-content\/uploads\/sites\/5\/2026\/04\/ae6c578d-f083-4e79-93d3-6abd51fe0f5c-280x420.jpg 280w, \/wp-content\/uploads\/sites\/5\/2026\/04\/ae6c578d-f083-4e79-93d3-6abd51fe0f5c-200x300.jpg 200w, \/wp-content\/uploads\/sites\/5\/2026\/04\/ae6c578d-f083-4e79-93d3-6abd51fe0f5c-682x1024.jpg 682w, \/wp-content\/uploads\/sites\/5\/2026\/04\/ae6c578d-f083-4e79-93d3-6abd51fe0f5c-768x1153.jpg 768w, \/wp-content\/uploads\/sites\/5\/2026\/04\/ae6c578d-f083-4e79-93d3-6abd51fe0f5c-696x1045.jpg 696w, \/wp-content\/uploads\/sites\/5\/2026\/04\/ae6c578d-f083-4e79-93d3-6abd51fe0f5c-308x462.jpg 308w, \/wp-content\/uploads\/sites\/5\/2026\/04\/ae6c578d-f083-4e79-93d3-6abd51fe0f5c.jpg 842w\" sizes=\"(max-width: 280px) 100vw, 280px\" alt=\"\">\r\n                            <\/a>\r\n                            \r\n                        <\/figure>\r\n                    <\/div>\r\n                    <div class = \"td-slide-item td-item12\">\r\n                        <figure class=\"td-slide-galery-figure td-slide-popup-gallery\">\r\n                            <a class=\"slide-gallery-image-link\" href=\"\/wp-content\/uploads\/sites\/5\/2026\/04\/Jornada-de-la-Seguridad-Social-50-Innov-Tex-S.A.-202600013.jpg\" title=\"Jornada de la Seguridad Social #50 Innov Tex S.A. 202600013\"  data-caption=\"\"  data-description=\"\">\r\n                                <img decoding=\"async\" src=\"\/wp-content\/uploads\/sites\/5\/2026\/04\/Jornada-de-la-Seguridad-Social-50-Innov-Tex-S.A.-202600013-630x420.jpg\" srcset=\"\/wp-content\/uploads\/sites\/5\/2026\/04\/Jornada-de-la-Seguridad-Social-50-Innov-Tex-S.A.-202600013-630x420.jpg 630w, \/wp-content\/uploads\/sites\/5\/2026\/04\/Jornada-de-la-Seguridad-Social-50-Innov-Tex-S.A.-202600013-300x200.jpg 300w, \/wp-content\/uploads\/sites\/5\/2026\/04\/Jornada-de-la-Seguridad-Social-50-Innov-Tex-S.A.-202600013-1024x682.jpg 1024w, \/wp-content\/uploads\/sites\/5\/2026\/04\/Jornada-de-la-Seguridad-Social-50-Innov-Tex-S.A.-202600013-768x512.jpg 768w, \/wp-content\/uploads\/sites\/5\/2026\/04\/Jornada-de-la-Seguridad-Social-50-Innov-Tex-S.A.-202600013-1536x1023.jpg 1536w, \/wp-content\/uploads\/sites\/5\/2026\/04\/Jornada-de-la-Seguridad-Social-50-Innov-Tex-S.A.-202600013-696x464.jpg 696w, \/wp-content\/uploads\/sites\/5\/2026\/04\/Jornada-de-la-Seguridad-Social-50-Innov-Tex-S.A.-202600013-1068x712.jpg 1068w, \/wp-content\/uploads\/sites\/5\/2026\/04\/Jornada-de-la-Seguridad-Social-50-Innov-Tex-S.A.-202600013-534x356.jpg 534w, \/wp-content\/uploads\/sites\/5\/2026\/04\/Jornada-de-la-Seguridad-Social-50-Innov-Tex-S.A.-202600013.jpg 1600w\" sizes=\"(max-width: 630px) 100vw, 630px\" alt=\"\">\r\n                            <\/a>\r\n                            \r\n                        <\/figure>\r\n                    <\/div>\r\n                            <\/div>\r\n                        <\/div>\r\n\r\n                        <div class = \"td-doubleSlider-2\">\r\n                            <div class = \"td-slider\">\r\n                                \r\n                    <div class = \"td-button td-item1\">\r\n                        <div class = \"td-border\"><\/div>\r\n                    <\/div>\r\n                    <div class = \"td-button td-item2\">\r\n                        <div class = \"td-border\"><\/div>\r\n                    <\/div>\r\n                    <div class = \"td-button td-item3\">\r\n                        <div class = \"td-border\"><\/div>\r\n                    <\/div>\r\n                    <div class = \"td-button td-item4\">\r\n                        <div class = \"td-border\"><\/div>\r\n                    <\/div>\r\n                    <div class = \"td-button td-item5\">\r\n                        <div class = \"td-border\"><\/div>\r\n                    <\/div>\r\n                    <div class = \"td-button td-item6\">\r\n                        <div class = \"td-border\"><\/div>\r\n                    <\/div>\r\n                    <div class = \"td-button td-item7\">\r\n                        <div class = \"td-border\"><\/div>\r\n                    <\/div>\r\n                    <div class = \"td-button td-item8\">\r\n                        <div class = \"td-border\"><\/div>\r\n                    <\/div>\r\n                    <div class = \"td-button td-item9\">\r\n                        <div class = \"td-border\"><\/div>\r\n                    <\/div>\r\n                    <div class = \"td-button td-item10\">\r\n                        <div class = \"td-border\"><\/div>\r\n                    <\/div>\r\n                    <div class = \"td-button td-item11\">\r\n                        <div class = \"td-border\"><\/div>\r\n                    <\/div>\r\n                    <div class = \"td-button td-item12\">\r\n                        <div class = \"td-border\"><\/div>\r\n                    <\/div>\r\n                            <\/div>\r\n                        <\/div>\r\n\r\n                    <\/div>\r\n\r\n                <\/div>\r\n                \n","protected":false},"excerpt":{"rendered":"<p>Con la Jornada de la Seguridad Social realizada en Innov Tex S.A., el Seguro Social alcanz\u00f3 las 50 jornadas de acercar la prevenci\u00f3n y la detecci\u00f3n temprana de enfermedades a m\u00e1s de 12,000 trabajadores afiliados.<\/p>\n","protected":false},"author":3269,"featured_media":55898,"comment_status":"closed","ping_status":"closed","sticky":false,"template":"","format":"standard","meta":{"footnotes":""},"categories":[3,1130,45,1291,27,31,33],"tags":[490,2280,2706,2486],"coauthors":[1970],"class_list":{"0":"post-55897","1":"post","2":"type-post","3":"status-publish","4":"format-standard","5":"has-post-thumbnail","7":"category-actualidad","8":"category-consejos-medicos","9":"category-jornadas-medicas","10":"category-prestaciones-en-salud","11":"category-prevencion-en-salud","12":"category-salud","13":"category-servicios-de-salud","14":"tag-igss","15":"tag-jornadas-de-la-seguridad-social","16":"tag-tamizajes","17":"tag-tamizajes-igss"},"_links":{"self":[{"href":"https:\/\/www.igssgt.org\/noticias\/wp-json\/wp\/v2\/posts\/55897","targetHints":{"allow":["GET"]}}],"collection":[{"href":"https:\/\/www.igssgt.org\/noticias\/wp-json\/wp\/v2\/posts"}],"about":[{"href":"https:\/\/www.igssgt.org\/noticias\/wp-json\/wp\/v2\/types\/post"}],"author":[{"embeddable":true,"href":"https:\/\/www.igssgt.org\/noticias\/wp-json\/wp\/v2\/users\/3269"}],"replies":[{"embeddable":true,"href":"https:\/\/www.igssgt.org\/noticias\/wp-json\/wp\/v2\/comments?post=55897"}],"version-history":[{"count":2,"href":"https:\/\/www.igssgt.org\/noticias\/wp-json\/wp\/v2\/posts\/55897\/revisions"}],"predecessor-version":[{"id":55928,"href":"https:\/\/www.igssgt.org\/noticias\/wp-json\/wp\/v2\/posts\/55897\/revisions\/55928"}],"wp:featuredmedia":[{"embeddable":true,"href":"https:\/\/www.igssgt.org\/noticias\/wp-json\/wp\/v2\/media\/55898"}],"wp:attachment":[{"href":"https:\/\/www.igssgt.org\/noticias\/wp-json\/wp\/v2\/media?parent=55897"}],"wp:term":[{"taxonomy":"category","embeddable":true,"href":"https:\/\/www.igssgt.org\/noticias\/wp-json\/wp\/v2\/categories?post=55897"},{"taxonomy":"post_tag","embeddable":true,"href":"https:\/\/www.igssgt.org\/noticias\/wp-json\/wp\/v2\/tags?post=55897"},{"taxonomy":"author","embeddable":true,"href":"https:\/\/www.igssgt.org\/noticias\/wp-json\/wp\/v2\/coauthors?post=55897"}],"curies":[{"name":"wp","href":"https:\/\/api.w.org\/{rel}","templated":true}]}}