{"id":55914,"date":"2026-05-01T05:02:00","date_gmt":"2026-05-01T11:02:00","guid":{"rendered":"https:\/\/www.igssgt.org\/noticias\/?p=55914"},"modified":"2026-04-30T15:22:42","modified_gmt":"2026-04-30T21:22:42","slug":"el-igss-reconoce-la-labor-de-todos-los-trabajadores-en-su-dia","status":"publish","type":"post","link":"https:\/\/www.igssgt.org\/noticias\/2026\/05\/01\/el-igss-reconoce-la-labor-de-todos-los-trabajadores-en-su-dia\/","title":{"rendered":"El IGSS reconoce la labor de todos los trabajadores en su d\u00eda"},"content":{"rendered":"\n\n\n<p class=\"dropcapp2\">El r\u00e9gimen de Seguridad Social fue dise\u00f1ado para proteger la estabilidad del trabajador y su familia ante diversos riesgos y, en el marco de celebraci\u00f3n del D\u00eda Internacional de los Trabajadores, el Instituto Guatemalteco de Seguridad Social (IGSS), celebra la cobertura de 1 mill\u00f3n 786 mil 591 trabajadores afiliados.\u00a0<\/p>\n\n\n\n<figure id=\"attachment_55916\" aria-describedby=\"caption-attachment-55916\" style=\"width: 1600px\" class=\"wp-caption aligncenter\"><a href=\"\/wp-content\/uploads\/sites\/5\/2026\/04\/IGSS-Dia-Internacional-del-Trabajo-202600001.jpg\"><img loading=\"lazy\" decoding=\"async\" class=\"size-full wp-image-55916\" src=\"\/wp-content\/uploads\/sites\/5\/2026\/04\/IGSS-Dia-Internacional-del-Trabajo-202600001.jpg\" alt=\"\" width=\"1600\" height=\"1200\" srcset=\"\/wp-content\/uploads\/sites\/5\/2026\/04\/IGSS-Dia-Internacional-del-Trabajo-202600001.jpg 1600w, \/wp-content\/uploads\/sites\/5\/2026\/04\/IGSS-Dia-Internacional-del-Trabajo-202600001-300x225.jpg 300w, \/wp-content\/uploads\/sites\/5\/2026\/04\/IGSS-Dia-Internacional-del-Trabajo-202600001-1024x768.jpg 1024w, \/wp-content\/uploads\/sites\/5\/2026\/04\/IGSS-Dia-Internacional-del-Trabajo-202600001-768x576.jpg 768w, \/wp-content\/uploads\/sites\/5\/2026\/04\/IGSS-Dia-Internacional-del-Trabajo-202600001-1536x1152.jpg 1536w, \/wp-content\/uploads\/sites\/5\/2026\/04\/IGSS-Dia-Internacional-del-Trabajo-202600001-560x420.jpg 560w, \/wp-content\/uploads\/sites\/5\/2026\/04\/IGSS-Dia-Internacional-del-Trabajo-202600001-80x60.jpg 80w, \/wp-content\/uploads\/sites\/5\/2026\/04\/IGSS-Dia-Internacional-del-Trabajo-202600001-696x522.jpg 696w, \/wp-content\/uploads\/sites\/5\/2026\/04\/IGSS-Dia-Internacional-del-Trabajo-202600001-1068x801.jpg 1068w, \/wp-content\/uploads\/sites\/5\/2026\/04\/IGSS-Dia-Internacional-del-Trabajo-202600001-265x198.jpg 265w, \/wp-content\/uploads\/sites\/5\/2026\/04\/IGSS-Dia-Internacional-del-Trabajo-202600001-534x401.jpg 534w\" sizes=\"auto, (max-width: 1600px) 100vw, 1600px\" \/><\/a><figcaption id=\"caption-attachment-55916\" class=\"wp-caption-text\">Para este a\u00f1o la cobertura del R\u00e9gimen de Seguridad Social alcanz\u00f3 a 1 mill\u00f3n 786 mil 591 trabajadores afiliados.<\/figcaption><\/figure>\n<p>El Instituto cuenta con una s\u00f3lida fuerza laboral de 24 mil 950 colaboradores integrado por 15 mil 670 hombres y 9 mil 280 mujeres. Este equipo multidisciplinario atiende diversas \u00e1reas y especialidades, desempe\u00f1ando una labor invaluable en la atenci\u00f3n integral de los afiliados, pensionados y derechohabientes.<\/p>\n<figure id=\"attachment_55917\" aria-describedby=\"caption-attachment-55917\" style=\"width: 1600px\" class=\"wp-caption aligncenter\"><a href=\"\/wp-content\/uploads\/sites\/5\/2026\/04\/IGSS-Dia-Internacional-del-Trabajo-202600002.jpg\"><img loading=\"lazy\" decoding=\"async\" class=\"size-full wp-image-55917\" src=\"\/wp-content\/uploads\/sites\/5\/2026\/04\/IGSS-Dia-Internacional-del-Trabajo-202600002.jpg\" alt=\"\" width=\"1600\" height=\"1066\" srcset=\"\/wp-content\/uploads\/sites\/5\/2026\/04\/IGSS-Dia-Internacional-del-Trabajo-202600002.jpg 1600w, \/wp-content\/uploads\/sites\/5\/2026\/04\/IGSS-Dia-Internacional-del-Trabajo-202600002-300x200.jpg 300w, \/wp-content\/uploads\/sites\/5\/2026\/04\/IGSS-Dia-Internacional-del-Trabajo-202600002-1024x682.jpg 1024w, \/wp-content\/uploads\/sites\/5\/2026\/04\/IGSS-Dia-Internacional-del-Trabajo-202600002-768x512.jpg 768w, \/wp-content\/uploads\/sites\/5\/2026\/04\/IGSS-Dia-Internacional-del-Trabajo-202600002-1536x1023.jpg 1536w, \/wp-content\/uploads\/sites\/5\/2026\/04\/IGSS-Dia-Internacional-del-Trabajo-202600002-630x420.jpg 630w, \/wp-content\/uploads\/sites\/5\/2026\/04\/IGSS-Dia-Internacional-del-Trabajo-202600002-696x464.jpg 696w, \/wp-content\/uploads\/sites\/5\/2026\/04\/IGSS-Dia-Internacional-del-Trabajo-202600002-1068x712.jpg 1068w, \/wp-content\/uploads\/sites\/5\/2026\/04\/IGSS-Dia-Internacional-del-Trabajo-202600002-534x356.jpg 534w\" sizes=\"auto, (max-width: 1600px) 100vw, 1600px\" \/><\/a><figcaption id=\"caption-attachment-55917\" class=\"wp-caption-text\">En 1948 el instituto inici\u00f3 con una cobertura de 136 mil 952 trabajadores, en el a\u00f1o 2005 se alcanz\u00f3 el primer mill\u00f3n de trabajadores protegidos.<\/figcaption><\/figure>\n<p>El Dr. Edwin Garc\u00eda Caal, jefe del Departamento Actuarial y Estad\u00edstico del IGSS, puntualiz\u00f3 que el r\u00e9gimen de Seguridad Social fue implementado como una estrategia mundial que protege la vulnerabilidad del salario por un accidente, una enfermedad, por invalidez o vejez, por lo que la afiliaci\u00f3n a la seguridad social es una condici\u00f3n indispensable y un derecho humano fundamental.<\/p>\n<p>La fragilidad del salario puede dejar desprove\u00edda a toda una familia, en ese sentido la Seguridad Social ha sido creada para proteger estos mecanismos, los empleados cotizan mensualmente el 4.83 % de su salario, y cuando el trabajador deja de recibir su salario por un riesgo cubierto, el Instituto le devuelve el 60 % de su sueldo, mencion\u00f3 Garc\u00eda.<\/p>\n<figure id=\"attachment_55918\" aria-describedby=\"caption-attachment-55918\" style=\"width: 1600px\" class=\"wp-caption aligncenter\"><a href=\"\/wp-content\/uploads\/sites\/5\/2026\/04\/IGSS-Dia-Internacional-del-Trabajo-202600008.jpg\"><img loading=\"lazy\" decoding=\"async\" class=\"size-full wp-image-55918\" src=\"\/wp-content\/uploads\/sites\/5\/2026\/04\/IGSS-Dia-Internacional-del-Trabajo-202600008.jpg\" alt=\"\" width=\"1600\" height=\"1066\" srcset=\"\/wp-content\/uploads\/sites\/5\/2026\/04\/IGSS-Dia-Internacional-del-Trabajo-202600008.jpg 1600w, \/wp-content\/uploads\/sites\/5\/2026\/04\/IGSS-Dia-Internacional-del-Trabajo-202600008-300x200.jpg 300w, \/wp-content\/uploads\/sites\/5\/2026\/04\/IGSS-Dia-Internacional-del-Trabajo-202600008-1024x682.jpg 1024w, \/wp-content\/uploads\/sites\/5\/2026\/04\/IGSS-Dia-Internacional-del-Trabajo-202600008-768x512.jpg 768w, \/wp-content\/uploads\/sites\/5\/2026\/04\/IGSS-Dia-Internacional-del-Trabajo-202600008-1536x1023.jpg 1536w, \/wp-content\/uploads\/sites\/5\/2026\/04\/IGSS-Dia-Internacional-del-Trabajo-202600008-630x420.jpg 630w, \/wp-content\/uploads\/sites\/5\/2026\/04\/IGSS-Dia-Internacional-del-Trabajo-202600008-696x464.jpg 696w, \/wp-content\/uploads\/sites\/5\/2026\/04\/IGSS-Dia-Internacional-del-Trabajo-202600008-1068x712.jpg 1068w, \/wp-content\/uploads\/sites\/5\/2026\/04\/IGSS-Dia-Internacional-del-Trabajo-202600008-534x356.jpg 534w\" sizes=\"auto, (max-width: 1600px) 100vw, 1600px\" \/><\/a><figcaption id=\"caption-attachment-55918\" class=\"wp-caption-text\">El Instituto cuenta con 24 mil 950 trabajadores, en diferentes \u00e1reas y especialidades.<\/figcaption><\/figure>\n<p>A ra\u00edz de la pandemia en el 2020, el mercado laboral se transform\u00f3 lo que impuls\u00f3 al Instituto a implementar acuerdos clave para la ampliaci\u00f3n de cobertura como:<\/p>\n<p><strong>Acuerdo 1543:<\/strong> Permite la afiliaci\u00f3n de guatemaltecos en el extranjero para proteger a sus familias en Guatemala.<\/p>\n<p><strong>Acuerdo 1522:<\/strong> Ampl\u00eda la cobertura a trabajadores de tiempo parcial (mayoritariamente del sector hotelero, tur\u00edstico y de restaurantes).<\/p>\n<p><strong>Acuerdo 1529: <\/strong>Permite la protecci\u00f3n a empresas que tengan un solo trabajador.<\/p>\n<p>La Seguridad Social no es solamente un \u201cgran hospital\u201d, sino que es un mecanismo de ahorro para proteger la econom\u00eda familiar, el doctor tambi\u00e9n indic\u00f3 que la meta para el 2027 es alcanzar al 90 % de la Poblaci\u00f3n Econ\u00f3micamente Activa (PEA) e iniciar la afiliaci\u00f3n de autoempleados (trabajadores sin patronos), concluy\u00f3 el Dr. Garc\u00eda.<\/p>\n\r\n                <style type=\"text\/css\">\r\n                    \r\n                    #tdi_1  .td-doubleSlider-2 .td-item1 {\r\n                        background: url(\/wp-content\/uploads\/sites\/5\/2026\/04\/IGSS-Dia-Internacional-del-Trabajo-202600003-80x60.jpg) 0 0 no-repeat;\r\n                    }\r\n                    #tdi_1  .td-doubleSlider-2 .td-item2 {\r\n                        background: url(\/wp-content\/uploads\/sites\/5\/2026\/04\/IGSS-Dia-Internacional-del-Trabajo-202600004-80x60.jpg) 0 0 no-repeat;\r\n                    }\r\n                    #tdi_1  .td-doubleSlider-2 .td-item3 {\r\n                        background: url(\/wp-content\/uploads\/sites\/5\/2026\/04\/IGSS-Dia-Internacional-del-Trabajo-202600005-80x60.jpg) 0 0 no-repeat;\r\n                    }\r\n                    #tdi_1  .td-doubleSlider-2 .td-item4 {\r\n                        background: url(\/wp-content\/uploads\/sites\/5\/2026\/04\/1ab65581-a825-47ed-b4dd-2ecdd9bdbe8a-80x60.jpg) 0 0 no-repeat;\r\n                    }\r\n                    #tdi_1  .td-doubleSlider-2 .td-item5 {\r\n                        background: url(\/wp-content\/uploads\/sites\/5\/2026\/04\/IGSS-Dia-Internacional-del-Trabajo-202600007-80x60.jpg) 0 0 no-repeat;\r\n                    }\r\n                    #tdi_1  .td-doubleSlider-2 .td-item6 {\r\n                        background: url(\/wp-content\/uploads\/sites\/5\/2026\/04\/IGSS-Dia-Internacional-del-Trabajo-202600006-80x60.jpg) 0 0 no-repeat;\r\n                    }\r\n                    #tdi_1  .td-doubleSlider-2 .td-item7 {\r\n                        background: url(\/wp-content\/uploads\/sites\/5\/2026\/04\/IGSS-Dia-Internacional-del-Trabajo-202600009-80x60.jpg) 0 0 no-repeat;\r\n                    }\r\n                <\/style>\r\n\r\n                <div id=\"tdi_1\" class=\"td-gallery td-slide-on-2-columns\">\r\n                    <div class=\"post_td_gallery\">\r\n                        <div class=\"td-gallery-slide-top\">\r\n                           <div class=\"td-gallery-title\">Galer\u00eda:<\/div>\r\n\r\n                            <div class=\"td-gallery-controls-wrapper\">\r\n                                <div class=\"td-gallery-slide-count\"><span class=\"td-gallery-slide-item-focus\">1<\/span> de 7<\/div>\r\n                                <div class=\"td-gallery-slide-prev-next-but\">\r\n                                    <i class = \"td-icon-left doubleSliderPrevButton\"><\/i>\r\n                                    <i class = \"td-icon-right doubleSliderNextButton\"><\/i>\r\n                                <\/div>\r\n                            <\/div>\r\n                        <\/div>\r\n\r\n                        <div class = \"td-doubleSlider-1 \">\r\n                            <div class = \"td-slider\">\r\n                                \r\n                    <div class = \"td-slide-item td-item1\">\r\n                        <figure class=\"td-slide-galery-figure td-slide-popup-gallery\">\r\n                            <a class=\"slide-gallery-image-link\" href=\"\/wp-content\/uploads\/sites\/5\/2026\/04\/IGSS-Dia-Internacional-del-Trabajo-202600003.jpg\" title=\"IGSS Di\u0301a Internacional del Trabajo 202600003\"  data-caption=\"\"  data-description=\"\">\r\n                                <img decoding=\"async\" src=\"\/wp-content\/uploads\/sites\/5\/2026\/04\/IGSS-Dia-Internacional-del-Trabajo-202600003-630x420.jpg\" srcset=\"\/wp-content\/uploads\/sites\/5\/2026\/04\/IGSS-Dia-Internacional-del-Trabajo-202600003-630x420.jpg 630w, \/wp-content\/uploads\/sites\/5\/2026\/04\/IGSS-Dia-Internacional-del-Trabajo-202600003-300x200.jpg 300w, \/wp-content\/uploads\/sites\/5\/2026\/04\/IGSS-Dia-Internacional-del-Trabajo-202600003-1024x682.jpg 1024w, \/wp-content\/uploads\/sites\/5\/2026\/04\/IGSS-Dia-Internacional-del-Trabajo-202600003-768x512.jpg 768w, \/wp-content\/uploads\/sites\/5\/2026\/04\/IGSS-Dia-Internacional-del-Trabajo-202600003-1536x1023.jpg 1536w, \/wp-content\/uploads\/sites\/5\/2026\/04\/IGSS-Dia-Internacional-del-Trabajo-202600003-696x464.jpg 696w, \/wp-content\/uploads\/sites\/5\/2026\/04\/IGSS-Dia-Internacional-del-Trabajo-202600003-1068x712.jpg 1068w, \/wp-content\/uploads\/sites\/5\/2026\/04\/IGSS-Dia-Internacional-del-Trabajo-202600003-534x356.jpg 534w, \/wp-content\/uploads\/sites\/5\/2026\/04\/IGSS-Dia-Internacional-del-Trabajo-202600003.jpg 1600w\" sizes=\"(max-width: 630px) 100vw, 630px\" alt=\"\">\r\n                            <\/a>\r\n                            \r\n                        <\/figure>\r\n                    <\/div>\r\n                    <div class = \"td-slide-item td-item2\">\r\n                        <figure class=\"td-slide-galery-figure td-slide-popup-gallery\">\r\n                            <a class=\"slide-gallery-image-link\" href=\"\/wp-content\/uploads\/sites\/5\/2026\/04\/IGSS-Dia-Internacional-del-Trabajo-202600004.jpg\" title=\"IGSS Di\u0301a Internacional del Trabajo 202600004\"  data-caption=\"\"  data-description=\"\">\r\n                                <img decoding=\"async\" src=\"\/wp-content\/uploads\/sites\/5\/2026\/04\/IGSS-Dia-Internacional-del-Trabajo-202600004-630x420.jpg\" srcset=\"\/wp-content\/uploads\/sites\/5\/2026\/04\/IGSS-Dia-Internacional-del-Trabajo-202600004-630x420.jpg 630w, \/wp-content\/uploads\/sites\/5\/2026\/04\/IGSS-Dia-Internacional-del-Trabajo-202600004-300x200.jpg 300w, \/wp-content\/uploads\/sites\/5\/2026\/04\/IGSS-Dia-Internacional-del-Trabajo-202600004-1024x682.jpg 1024w, \/wp-content\/uploads\/sites\/5\/2026\/04\/IGSS-Dia-Internacional-del-Trabajo-202600004-768x512.jpg 768w, \/wp-content\/uploads\/sites\/5\/2026\/04\/IGSS-Dia-Internacional-del-Trabajo-202600004-1536x1023.jpg 1536w, \/wp-content\/uploads\/sites\/5\/2026\/04\/IGSS-Dia-Internacional-del-Trabajo-202600004-696x464.jpg 696w, \/wp-content\/uploads\/sites\/5\/2026\/04\/IGSS-Dia-Internacional-del-Trabajo-202600004-1068x712.jpg 1068w, \/wp-content\/uploads\/sites\/5\/2026\/04\/IGSS-Dia-Internacional-del-Trabajo-202600004-534x356.jpg 534w, \/wp-content\/uploads\/sites\/5\/2026\/04\/IGSS-Dia-Internacional-del-Trabajo-202600004.jpg 1600w\" sizes=\"(max-width: 630px) 100vw, 630px\" alt=\"\">\r\n                            <\/a>\r\n                            \r\n                        <\/figure>\r\n                    <\/div>\r\n                    <div class = \"td-slide-item td-item3\">\r\n                        <figure class=\"td-slide-galery-figure td-slide-popup-gallery\">\r\n                            <a class=\"slide-gallery-image-link\" href=\"\/wp-content\/uploads\/sites\/5\/2026\/04\/IGSS-Dia-Internacional-del-Trabajo-202600005.jpg\" title=\"IGSS Di\u0301a Internacional del Trabajo 202600005\"  data-caption=\"\"  data-description=\"\">\r\n                                <img decoding=\"async\" src=\"\/wp-content\/uploads\/sites\/5\/2026\/04\/IGSS-Dia-Internacional-del-Trabajo-202600005-630x420.jpg\" srcset=\"\/wp-content\/uploads\/sites\/5\/2026\/04\/IGSS-Dia-Internacional-del-Trabajo-202600005-630x420.jpg 630w, \/wp-content\/uploads\/sites\/5\/2026\/04\/IGSS-Dia-Internacional-del-Trabajo-202600005-300x200.jpg 300w, \/wp-content\/uploads\/sites\/5\/2026\/04\/IGSS-Dia-Internacional-del-Trabajo-202600005-1024x682.jpg 1024w, \/wp-content\/uploads\/sites\/5\/2026\/04\/IGSS-Dia-Internacional-del-Trabajo-202600005-768x512.jpg 768w, \/wp-content\/uploads\/sites\/5\/2026\/04\/IGSS-Dia-Internacional-del-Trabajo-202600005-1536x1023.jpg 1536w, \/wp-content\/uploads\/sites\/5\/2026\/04\/IGSS-Dia-Internacional-del-Trabajo-202600005-696x464.jpg 696w, \/wp-content\/uploads\/sites\/5\/2026\/04\/IGSS-Dia-Internacional-del-Trabajo-202600005-1068x712.jpg 1068w, \/wp-content\/uploads\/sites\/5\/2026\/04\/IGSS-Dia-Internacional-del-Trabajo-202600005-534x356.jpg 534w, \/wp-content\/uploads\/sites\/5\/2026\/04\/IGSS-Dia-Internacional-del-Trabajo-202600005.jpg 1600w\" sizes=\"(max-width: 630px) 100vw, 630px\" alt=\"\">\r\n                            <\/a>\r\n                            \r\n                        <\/figure>\r\n                    <\/div>\r\n                    <div class = \"td-slide-item td-item4\">\r\n                        <figure class=\"td-slide-galery-figure td-slide-popup-gallery\">\r\n                            <a class=\"slide-gallery-image-link\" href=\"\/wp-content\/uploads\/sites\/5\/2026\/04\/1ab65581-a825-47ed-b4dd-2ecdd9bdbe8a.jpg\" title=\"1ab65581-a825-47ed-b4dd-2ecdd9bdbe8a\"  data-caption=\"\"  data-description=\"\">\r\n                                <img decoding=\"async\" src=\"\/wp-content\/uploads\/sites\/5\/2026\/04\/1ab65581-a825-47ed-b4dd-2ecdd9bdbe8a-630x420.jpg\" srcset=\"\/wp-content\/uploads\/sites\/5\/2026\/04\/1ab65581-a825-47ed-b4dd-2ecdd9bdbe8a-630x420.jpg 630w, \/wp-content\/uploads\/sites\/5\/2026\/04\/1ab65581-a825-47ed-b4dd-2ecdd9bdbe8a-300x200.jpg 300w, \/wp-content\/uploads\/sites\/5\/2026\/04\/1ab65581-a825-47ed-b4dd-2ecdd9bdbe8a-1024x682.jpg 1024w, \/wp-content\/uploads\/sites\/5\/2026\/04\/1ab65581-a825-47ed-b4dd-2ecdd9bdbe8a-768x512.jpg 768w, \/wp-content\/uploads\/sites\/5\/2026\/04\/1ab65581-a825-47ed-b4dd-2ecdd9bdbe8a-1536x1023.jpg 1536w, \/wp-content\/uploads\/sites\/5\/2026\/04\/1ab65581-a825-47ed-b4dd-2ecdd9bdbe8a-696x464.jpg 696w, \/wp-content\/uploads\/sites\/5\/2026\/04\/1ab65581-a825-47ed-b4dd-2ecdd9bdbe8a-1068x712.jpg 1068w, \/wp-content\/uploads\/sites\/5\/2026\/04\/1ab65581-a825-47ed-b4dd-2ecdd9bdbe8a-534x356.jpg 534w, \/wp-content\/uploads\/sites\/5\/2026\/04\/1ab65581-a825-47ed-b4dd-2ecdd9bdbe8a.jpg 1600w\" sizes=\"(max-width: 630px) 100vw, 630px\" alt=\"\">\r\n                            <\/a>\r\n                            \r\n                        <\/figure>\r\n                    <\/div>\r\n                    <div class = \"td-slide-item td-item5\">\r\n                        <figure class=\"td-slide-galery-figure td-slide-popup-gallery\">\r\n                            <a class=\"slide-gallery-image-link\" href=\"\/wp-content\/uploads\/sites\/5\/2026\/04\/IGSS-Dia-Internacional-del-Trabajo-202600007.jpg\" title=\"IGSS Di\u0301a Internacional del Trabajo 202600007\"  data-caption=\"\"  data-description=\"\">\r\n                                <img decoding=\"async\" src=\"\/wp-content\/uploads\/sites\/5\/2026\/04\/IGSS-Dia-Internacional-del-Trabajo-202600007-630x420.jpg\" srcset=\"\/wp-content\/uploads\/sites\/5\/2026\/04\/IGSS-Dia-Internacional-del-Trabajo-202600007-630x420.jpg 630w, \/wp-content\/uploads\/sites\/5\/2026\/04\/IGSS-Dia-Internacional-del-Trabajo-202600007-300x200.jpg 300w, \/wp-content\/uploads\/sites\/5\/2026\/04\/IGSS-Dia-Internacional-del-Trabajo-202600007-1024x682.jpg 1024w, \/wp-content\/uploads\/sites\/5\/2026\/04\/IGSS-Dia-Internacional-del-Trabajo-202600007-768x512.jpg 768w, \/wp-content\/uploads\/sites\/5\/2026\/04\/IGSS-Dia-Internacional-del-Trabajo-202600007-1536x1023.jpg 1536w, \/wp-content\/uploads\/sites\/5\/2026\/04\/IGSS-Dia-Internacional-del-Trabajo-202600007-696x464.jpg 696w, \/wp-content\/uploads\/sites\/5\/2026\/04\/IGSS-Dia-Internacional-del-Trabajo-202600007-1068x712.jpg 1068w, \/wp-content\/uploads\/sites\/5\/2026\/04\/IGSS-Dia-Internacional-del-Trabajo-202600007-534x356.jpg 534w, \/wp-content\/uploads\/sites\/5\/2026\/04\/IGSS-Dia-Internacional-del-Trabajo-202600007.jpg 1600w\" sizes=\"(max-width: 630px) 100vw, 630px\" alt=\"\">\r\n                            <\/a>\r\n                            \r\n                        <\/figure>\r\n                    <\/div>\r\n                    <div class = \"td-slide-item td-item6\">\r\n                        <figure class=\"td-slide-galery-figure td-slide-popup-gallery\">\r\n                            <a class=\"slide-gallery-image-link\" href=\"\/wp-content\/uploads\/sites\/5\/2026\/04\/IGSS-Dia-Internacional-del-Trabajo-202600006.jpg\" title=\"IGSS Di\u0301a Internacional del Trabajo 202600006\"  data-caption=\"\"  data-description=\"\">\r\n                                <img decoding=\"async\" src=\"\/wp-content\/uploads\/sites\/5\/2026\/04\/IGSS-Dia-Internacional-del-Trabajo-202600006-630x420.jpg\" srcset=\"\/wp-content\/uploads\/sites\/5\/2026\/04\/IGSS-Dia-Internacional-del-Trabajo-202600006-630x420.jpg 630w, \/wp-content\/uploads\/sites\/5\/2026\/04\/IGSS-Dia-Internacional-del-Trabajo-202600006-300x200.jpg 300w, \/wp-content\/uploads\/sites\/5\/2026\/04\/IGSS-Dia-Internacional-del-Trabajo-202600006-1024x682.jpg 1024w, \/wp-content\/uploads\/sites\/5\/2026\/04\/IGSS-Dia-Internacional-del-Trabajo-202600006-768x512.jpg 768w, \/wp-content\/uploads\/sites\/5\/2026\/04\/IGSS-Dia-Internacional-del-Trabajo-202600006-1536x1023.jpg 1536w, \/wp-content\/uploads\/sites\/5\/2026\/04\/IGSS-Dia-Internacional-del-Trabajo-202600006-696x464.jpg 696w, \/wp-content\/uploads\/sites\/5\/2026\/04\/IGSS-Dia-Internacional-del-Trabajo-202600006-1068x712.jpg 1068w, \/wp-content\/uploads\/sites\/5\/2026\/04\/IGSS-Dia-Internacional-del-Trabajo-202600006-534x356.jpg 534w, \/wp-content\/uploads\/sites\/5\/2026\/04\/IGSS-Dia-Internacional-del-Trabajo-202600006.jpg 1600w\" sizes=\"(max-width: 630px) 100vw, 630px\" alt=\"\">\r\n                            <\/a>\r\n                            \r\n                        <\/figure>\r\n                    <\/div>\r\n                    <div class = \"td-slide-item td-item7\">\r\n                        <figure class=\"td-slide-galery-figure td-slide-popup-gallery\">\r\n                            <a class=\"slide-gallery-image-link\" href=\"\/wp-content\/uploads\/sites\/5\/2026\/04\/IGSS-Dia-Internacional-del-Trabajo-202600009.jpg\" title=\"IGSS Di\u0301a Internacional del Trabajo 202600009\"  data-caption=\"\"  data-description=\"\">\r\n                                <img decoding=\"async\" src=\"\/wp-content\/uploads\/sites\/5\/2026\/04\/IGSS-Dia-Internacional-del-Trabajo-202600009-560x420.jpg\" srcset=\"\/wp-content\/uploads\/sites\/5\/2026\/04\/IGSS-Dia-Internacional-del-Trabajo-202600009-560x420.jpg 560w, \/wp-content\/uploads\/sites\/5\/2026\/04\/IGSS-Dia-Internacional-del-Trabajo-202600009-300x225.jpg 300w, \/wp-content\/uploads\/sites\/5\/2026\/04\/IGSS-Dia-Internacional-del-Trabajo-202600009-1024x768.jpg 1024w, \/wp-content\/uploads\/sites\/5\/2026\/04\/IGSS-Dia-Internacional-del-Trabajo-202600009-768x576.jpg 768w, \/wp-content\/uploads\/sites\/5\/2026\/04\/IGSS-Dia-Internacional-del-Trabajo-202600009-1536x1152.jpg 1536w, \/wp-content\/uploads\/sites\/5\/2026\/04\/IGSS-Dia-Internacional-del-Trabajo-202600009-80x60.jpg 80w, \/wp-content\/uploads\/sites\/5\/2026\/04\/IGSS-Dia-Internacional-del-Trabajo-202600009-696x522.jpg 696w, \/wp-content\/uploads\/sites\/5\/2026\/04\/IGSS-Dia-Internacional-del-Trabajo-202600009-1068x801.jpg 1068w, \/wp-content\/uploads\/sites\/5\/2026\/04\/IGSS-Dia-Internacional-del-Trabajo-202600009-265x198.jpg 265w, \/wp-content\/uploads\/sites\/5\/2026\/04\/IGSS-Dia-Internacional-del-Trabajo-202600009-534x401.jpg 534w, \/wp-content\/uploads\/sites\/5\/2026\/04\/IGSS-Dia-Internacional-del-Trabajo-202600009.jpg 1600w\" sizes=\"(max-width: 560px) 100vw, 560px\" alt=\"\">\r\n                            <\/a>\r\n                            \r\n                        <\/figure>\r\n                    <\/div>\r\n                            <\/div>\r\n                        <\/div>\r\n\r\n                        <div class = \"td-doubleSlider-2\">\r\n                            <div class = \"td-slider\">\r\n                                \r\n                    <div class = \"td-button td-item1\">\r\n                        <div class = \"td-border\"><\/div>\r\n                    <\/div>\r\n                    <div class = \"td-button td-item2\">\r\n                        <div class = \"td-border\"><\/div>\r\n                    <\/div>\r\n                    <div class = \"td-button td-item3\">\r\n                        <div class = \"td-border\"><\/div>\r\n                    <\/div>\r\n                    <div class = \"td-button td-item4\">\r\n                        <div class = \"td-border\"><\/div>\r\n                    <\/div>\r\n                    <div class = \"td-button td-item5\">\r\n                        <div class = \"td-border\"><\/div>\r\n                    <\/div>\r\n                    <div class = \"td-button td-item6\">\r\n                        <div class = \"td-border\"><\/div>\r\n                    <\/div>\r\n                    <div class = \"td-button td-item7\">\r\n                        <div class = \"td-border\"><\/div>\r\n                    <\/div>\r\n                            <\/div>\r\n                        <\/div>\r\n\r\n                    <\/div>\r\n\r\n                <\/div>\r\n                \n","protected":false},"excerpt":{"rendered":"<p>La fuerza y motor del pa\u00eds son los millones de guatemaltecos que, todos los d\u00edas, salen desde temprano para fortalecer el desarrollo del pa\u00eds. Por este motivo, el IGSS reconoce la labor de todos los trabajadores afiliados al Seguro Social como la de sus trabajadores institucionales.<\/p>\n","protected":false},"author":3269,"featured_media":55915,"comment_status":"closed","ping_status":"closed","sticky":false,"template":"","format":"standard","meta":{"footnotes":""},"categories":[3,4,31,1915,33,1854],"tags":[2757,1599,1696,91,1386,241,490,1636],"coauthors":[1970],"class_list":{"0":"post-55914","1":"post","2":"type-post","3":"status-publish","4":"format-standard","5":"has-post-thumbnail","7":"category-actualidad","8":"category-afiliados","9":"category-salud","10":"category-salud-y-seguridad-ocupacional","11":"category-servicios-de-salud","12":"category-trabajador-migrante","13":"tag-acuerdo-1522","14":"tag-acuerdo-1529","15":"tag-acuerdo-1543","16":"tag-afiliados","17":"tag-afiliados-igss","18":"tag-dia-internacional-del-trabajo","19":"tag-igss","20":"tag-trabajadores"},"_links":{"self":[{"href":"https:\/\/www.igssgt.org\/noticias\/wp-json\/wp\/v2\/posts\/55914","targetHints":{"allow":["GET"]}}],"collection":[{"href":"https:\/\/www.igssgt.org\/noticias\/wp-json\/wp\/v2\/posts"}],"about":[{"href":"https:\/\/www.igssgt.org\/noticias\/wp-json\/wp\/v2\/types\/post"}],"author":[{"embeddable":true,"href":"https:\/\/www.igssgt.org\/noticias\/wp-json\/wp\/v2\/users\/3269"}],"replies":[{"embeddable":true,"href":"https:\/\/www.igssgt.org\/noticias\/wp-json\/wp\/v2\/comments?post=55914"}],"version-history":[{"count":1,"href":"https:\/\/www.igssgt.org\/noticias\/wp-json\/wp\/v2\/posts\/55914\/revisions"}],"predecessor-version":[{"id":55926,"href":"https:\/\/www.igssgt.org\/noticias\/wp-json\/wp\/v2\/posts\/55914\/revisions\/55926"}],"wp:featuredmedia":[{"embeddable":true,"href":"https:\/\/www.igssgt.org\/noticias\/wp-json\/wp\/v2\/media\/55915"}],"wp:attachment":[{"href":"https:\/\/www.igssgt.org\/noticias\/wp-json\/wp\/v2\/media?parent=55914"}],"wp:term":[{"taxonomy":"category","embeddable":true,"href":"https:\/\/www.igssgt.org\/noticias\/wp-json\/wp\/v2\/categories?post=55914"},{"taxonomy":"post_tag","embeddable":true,"href":"https:\/\/www.igssgt.org\/noticias\/wp-json\/wp\/v2\/tags?post=55914"},{"taxonomy":"author","embeddable":true,"href":"https:\/\/www.igssgt.org\/noticias\/wp-json\/wp\/v2\/coauthors?post=55914"}],"curies":[{"name":"wp","href":"https:\/\/api.w.org\/{rel}","templated":true}]}}