{"id":55930,"date":"2026-04-30T16:35:12","date_gmt":"2026-04-30T22:35:12","guid":{"rendered":"https:\/\/www.igssgt.org\/noticias\/?p=55930"},"modified":"2026-04-30T16:35:35","modified_gmt":"2026-04-30T22:35:35","slug":"igss-podcast-importancia-de-la-vacunacion-para-prevenir-enfermedades","status":"publish","type":"post","link":"https:\/\/www.igssgt.org\/noticias\/2026\/04\/30\/igss-podcast-importancia-de-la-vacunacion-para-prevenir-enfermedades\/","title":{"rendered":"IGSS Podcast: Importancia de la vacunaci\u00f3n para prevenir enfermedades"},"content":{"rendered":"\n<p class=\"dropcapp2\">La vacunaci\u00f3n es clave para prevenir enfermedades y proteger la salud. Hoy cobra mayor relevancia ante brotes como el sarampi\u00f3n, lo que hace urgente fortalecer la inmunizaci\u00f3n. <\/p>\n\n\n\n<p>Nos acompa\u00f1a la Dra. M\u00f3nica Rodr\u00edguez, encargada de la Secci\u00f3n de Higiene Materno Infantil, con quien abordaremos la importancia de la Semana de Vacunaci\u00f3n en las Am\u00e9ricas y el trabajo que realiza el IGSS para promover la vacunaci\u00f3n. <\/p>\n\n\n\n<p>Derechos Reservados 2026<\/p>\n","protected":false},"excerpt":{"rendered":"<p>La vacunaci\u00f3n es clave para prevenir enfermedades y proteger la salud. Hoy cobra mayor relevancia ante brotes como el sarampi\u00f3n, lo que hace urgente fortalecer la inmunizaci\u00f3n. Nos acompa\u00f1a la Dra. M\u00f3nica Rodr\u00edguez, encargada de la Secci\u00f3n de Higiene Materno Infantil, con quien abordaremos la importancia de la Semana de Vacunaci\u00f3n en las Am\u00e9ricas y [&hellip;]<\/p>\n","protected":false},"author":4,"featured_media":55931,"comment_status":"closed","ping_status":"closed","sticky":false,"template":"","format":"video","meta":{"footnotes":""},"categories":[3,1584],"tags":[1585,1907,1908],"coauthors":[881],"class_list":{"0":"post-55930","1":"post","2":"type-post","3":"status-publish","4":"format-video","5":"has-post-thumbnail","7":"category-actualidad","8":"category-igss-podcast","9":"tag-igss-podcast","10":"tag-semana-de-la-vacunacion-en-las-americas","11":"tag-vacunas-igss","12":"post_format-post-format-video"},"_links":{"self":[{"href":"https:\/\/www.igssgt.org\/noticias\/wp-json\/wp\/v2\/posts\/55930","targetHints":{"allow":["GET"]}}],"collection":[{"href":"https:\/\/www.igssgt.org\/noticias\/wp-json\/wp\/v2\/posts"}],"about":[{"href":"https:\/\/www.igssgt.org\/noticias\/wp-json\/wp\/v2\/types\/post"}],"author":[{"embeddable":true,"href":"https:\/\/www.igssgt.org\/noticias\/wp-json\/wp\/v2\/users\/4"}],"replies":[{"embeddable":true,"href":"https:\/\/www.igssgt.org\/noticias\/wp-json\/wp\/v2\/comments?post=55930"}],"version-history":[{"count":1,"href":"https:\/\/www.igssgt.org\/noticias\/wp-json\/wp\/v2\/posts\/55930\/revisions"}],"predecessor-version":[{"id":55932,"href":"https:\/\/www.igssgt.org\/noticias\/wp-json\/wp\/v2\/posts\/55930\/revisions\/55932"}],"wp:featuredmedia":[{"embeddable":true,"href":"https:\/\/www.igssgt.org\/noticias\/wp-json\/wp\/v2\/media\/55931"}],"wp:attachment":[{"href":"https:\/\/www.igssgt.org\/noticias\/wp-json\/wp\/v2\/media?parent=55930"}],"wp:term":[{"taxonomy":"category","embeddable":true,"href":"https:\/\/www.igssgt.org\/noticias\/wp-json\/wp\/v2\/categories?post=55930"},{"taxonomy":"post_tag","embeddable":true,"href":"https:\/\/www.igssgt.org\/noticias\/wp-json\/wp\/v2\/tags?post=55930"},{"taxonomy":"author","embeddable":true,"href":"https:\/\/www.igssgt.org\/noticias\/wp-json\/wp\/v2\/coauthors?post=55930"}],"curies":[{"name":"wp","href":"https:\/\/api.w.org\/{rel}","templated":true}]}}